{"id":1469374,"date":"2025-12-18T03:03:50","date_gmt":"2025-12-18T11:03:50","guid":{"rendered":"https:\/\/noticiasya.com\/2025\/12\/18\/placas-paseo-fama-presidencial-descripciones-mordaces-trax\/"},"modified":"2025-12-18T03:03:50","modified_gmt":"2025-12-18T11:03:50","slug":"placas-paseo-fama-presidencial-descripciones-mordaces-trax","status":"publish","type":"post","link":"https:\/\/noticiasya.com\/midland-odessa\/2025\/12\/18\/placas-paseo-fama-presidencial-descripciones-mordaces-trax\/","title":{"rendered":"Nuevas placas en el &#171;Paseo de la Fama Presidencial&#187; de Trump ofrecen descripciones mordaces de sus predecesores"},"content":{"rendered":"<p>La Casa Blanca ha instalado placas a lo largo del llamado <a href=\"https:\/\/cnnespanol.cnn.com\/2025\/09\/25\/eeuu\/video\/renovaciones-trump-casa-blanca-trax\">\u201cPaseo de la Fama Presidencial\u201d<\/a> del presidente Donald Trump, en las que se ofrecen descripciones de sus predecesores, a menudo escritas al estilo de sus publicaciones en las redes sociales, incluyendo insultos, afirmaciones sin fundamento y el uso aleatorio de may\u00fasculas.<\/p>\n<p>Una placa situada al principio de la exposici\u00f3n, que recorre la pasarela exterior del ala oeste de la Casa Blanca, dice que fue \u201cconcebida, construida y dedicada\u201d por Trump \u201ccomo un homenaje a los presidentes del pasado, buenos, malos y en alg\u00fan punto intermedio, que sirvieron a nuestro pa\u00eds y sacrificaron tanto al hacerlo\u201d.<\/p>\n<p>La propia placa de Trump presume su victoria en 2024, afirmando que super\u00f3 \u201csin precedentes la instrumentalizaci\u00f3n de las fuerzas del orden en su contra, as\u00ed como dos intentos de asesinato\u201d. Y declara que Trump, quien lleva 11 meses en el cargo, ha \u201ccumplido\u201d su promesa del d\u00eda de la Investidura de inaugurar la <a href=\"https:\/\/cnnespanol.cnn.com\/2025\/02\/11\/economia\/video\/analisis-economia-eeuu-pronostico-epoca-dorada-globoeconomia-tv\">\u201c\u00e9poca dorada de Estados Unidos\u201d<\/a>, se\u00f1alando sus afirmaciones de que se han acabado las guerras, se han asegurado las fronteras y se ha deportado a los presuntos miembros de pandillas.<\/p>\n<p>La placa del expresidente Joe Biden, que est\u00e1 representado por una foto de un autopen, se basa en las quejas habituales de Trump. \u201cSleepy Joe Biden fue, por mucho, el peor presidente en la historia de EE.UU. Lleg\u00f3 al poder como resultado de la elecci\u00f3n m\u00e1s corrupta jam\u00e1s vista en Estados Unidos, y Biden supervis\u00f3 una serie de desastres sin precedentes que llevaron a nuestra naci\u00f3n al borde de la destrucci\u00f3n\u201d, se puede leer en la placa. \u201cPero a pesar de todo, el presidente Trump ser\u00eda reelegido por una mayor\u00eda aplastante y \u00a1SALVAR\u00cdA A ESTADOS UNIDOS!\u201d.<\/p>\n<p>Otros presidentes reciben descripciones igualmente politizadas, como el expresidente Barack Obama.<\/p>\n<p>\u201cBarack Hussein Obama fue el primer presidente afroamericano, un organizador comunitario, senador de un solo periodo por Illinois y una de las figuras pol\u00edticas m\u00e1s divisivas en la historia de Estados Unidos\u201d, se lee en la placa. Lo critica por aprobar lo que Trump llama \u201cla altamente ineficaz Ley de Atenci\u00f3n M\u00e9dica \u2018Inasequible\u2019\u201d y por firmar el acuerdo clim\u00e1tico de Par\u00eds\u201d.<\/p>\n<p>La placa del expresidente Bill Clinton destaca sus logros pol\u00edticos, pero tambi\u00e9n se\u00f1ala la derrota de la secretaria de Estado Hillary Clinton frente a Trump en 2016. \u201cEn 2016, la esposa del presidente Clinton, Hillary, perdi\u00f3 la presidencia frente al presidente Donald J. Trump\u201d<\/p>\n<p>\u201cLas placas son descripciones elocuentes de cada presidente y del legado que dejaron. Como estudiante de historia, muchas fueron escritas directamente por el propio presidente\u201d, declar\u00f3 la secretaria de Prensa de la Casa Blanca, Karoline Leavitt, a CNN cuando se le pidi\u00f3 m\u00e1s informaci\u00f3n sobre qui\u00e9n paga las placas.<\/p>\n<p>La voz del presidente es especialmente prominente en las descripciones de Biden, con un estilo que se hace eco de algunas de las publicaciones de Trump en Truth Social.<\/p>\n<p>\u201cApodado tanto \u2018Sleepy\u2019 como \u2018Crooked\u2019, Joe Biden estuvo dominado por sus asesores de la izquierda radical\u201d, se lee en una de las placas, que contin\u00faa impulsando el prolongado ataque de Trump contra el uso del autopen por parte de Biden.<\/p>\n<p>Las cr\u00edticas no se reservan solo para los dem\u00f3cratas. La placa dedicada al expresidente George W. Bush lo cuestiona por las guerras en Afganist\u00e1n e Iraq. \u201cEl presidente Bush cre\u00f3 el Departamento de Seguridad Nacional, pero inici\u00f3 guerras en Afganist\u00e1n e Iraq, las cuales no debieron haber ocurrido\u201d. Sin embargo, tambi\u00e9n se\u00f1ala que puso en marcha el <a href=\"https:\/\/cnnespanol.cnn.com\/2025\/02\/16\/latinoamerica\/financiacion-trump-eeuu-vih-latinoamerica-usaid-trax\">Plan de Emergencia del presidente para el Alivio del SIDA (PEPFAR, por sus siglas en ingl\u00e9s)<\/a>, sin mencionar que la administraci\u00f3n Trump suspendi\u00f3 parte de su financiaci\u00f3n a principios de este a\u00f1o.<\/p>\n<p>Algunas de las descripciones de presidentes anteriores parecen menos politizadas.<\/p>\n<p>La placa del expresidente John F. Kennedy se\u00f1ala que fue el primer presidente cat\u00f3lico elegido, as\u00ed como algunas de sus maniobras diplom\u00e1ticas.<\/p>\n<p>\u201cKennedy sufri\u00f3 un doloroso rev\u00e9s durante la fallida invasi\u00f3n de Bah\u00eda de Cochinos y fue presidente cuando la Uni\u00f3n Sovi\u00e9tica construy\u00f3 el Muro de Berl\u00edn, pero supo manejar h\u00e1bilmente la amenaza de una guerra nuclear durante la Crisis de los Misiles en Cuba\u201d, dice el texto. \u201cLa presidencia de Kennedy termin\u00f3 tr\u00e1gicamente con su asesinato en Dallas, Texas, el 22 de noviembre de 1963\u201d.<\/p>\n<p>Y aunque la placa del expresidente Jimmy Carter afirma que \u201csu \u00fanico mandato estuvo marcado por una alta inflaci\u00f3n, alto desempleo y un creciente \u2018\u00edndice de miseria\u2019\u201d, tambi\u00e9n elogia su labor humanitaria tras dejar la Casa Blanca.<\/p>\n<p>\u201cMuchos consideran que el presidente Carter tuvo m\u00e1s \u00e9xito despu\u00e9s de su presidencia que durante ella. \u00a1Hizo cosas maravillosas por la humanidad!\u201d.<\/p>\n<p>Esta historia fue actualizada con informaci\u00f3n adicional.<\/p>\n<p>The-CNN-Wire<br \/>&trade; &amp; &copy; 2025 Cable News Network, Inc., a Warner Bros. Discovery Company. All rights reserved.<\/p>\n","protected":false},"excerpt":{"rendered":"<p>La Casa Blanca ha instalado placas a lo largo del llamado \u201cPaseo de la Fama Presidencial\u201d del presidente Donald Trump, en las que se ofrecen descripciones de sus predecesores, a menudo escritas al estilo de sus publicaciones en las redes sociales, incluyendo insultos, afirmaciones sin fundamento y el uso aleatorio de may\u00fasculas. Una placa situada [&hellip;]<\/p>\n","protected":false},"author":0,"featured_media":0,"comment_status":"open","ping_status":"open","sticky":false,"template":"","format":"standard","meta":{"_jetpack_memberships_contains_paid_content":false,"footnotes":""},"categories":[10],"tags":[],"class_list":["post-1469374","post","type-post","status-publish","format-standard","hentry","category-noticias-nacionales","market-global"],"yoast_head":"<!-- This site is optimized with the Yoast SEO plugin v24.4 - https:\/\/yoast.com\/wordpress\/plugins\/seo\/ -->\n<title>Nuevas placas en el &quot;Paseo de la Fama Presidencial&quot; de Trump ofrecen descripciones mordaces de sus predecesores - Noticias<\/title>\n<meta name=\"robots\" content=\"index, follow, max-snippet:-1, max-image-preview:large, max-video-preview:-1\" \/>\n<link rel=\"canonical\" href=\"https:\/\/noticiasya.com\/2025\/12\/18\/placas-paseo-fama-presidencial-descripciones-mordaces-trax\/\" \/>\n<meta property=\"og:locale\" content=\"es_ES\" \/>\n<meta property=\"og:type\" content=\"article\" \/>\n<meta property=\"og:title\" content=\"Nuevas placas en el &quot;Paseo de la Fama Presidencial&quot; de Trump ofrecen descripciones mordaces de sus predecesores - Noticias\" \/>\n<meta property=\"og:description\" content=\"La Casa Blanca ha instalado placas a lo largo del llamado \u201cPaseo de la Fama Presidencial\u201d del presidente Donald Trump, en las que se ofrecen descripciones de sus predecesores, a menudo escritas al estilo de sus publicaciones en las redes sociales, incluyendo insultos, afirmaciones sin fundamento y el uso aleatorio de may\u00fasculas. Una placa situada [&hellip;]\" \/>\n<meta property=\"og:url\" content=\"https:\/\/noticiasya.com\/2025\/12\/18\/placas-paseo-fama-presidencial-descripciones-mordaces-trax\/\" \/>\n<meta property=\"og:site_name\" content=\"Noticias\" \/>\n<meta property=\"article:published_time\" content=\"2025-12-18T11:03:50+00:00\" \/>\n<meta name=\"twitter:card\" content=\"summary_large_image\" \/>\n<meta name=\"twitter:label1\" content=\"Est. reading time\" \/>\n\t<meta name=\"twitter:data1\" content=\"4 minutos\" \/>\n<script type=\"application\/ld+json\" class=\"yoast-schema-graph\">{\"@context\":\"https:\/\/schema.org\",\"@graph\":[{\"@type\":\"Article\",\"@id\":\"https:\/\/noticiasya.com\/2025\/12\/18\/placas-paseo-fama-presidencial-descripciones-mordaces-trax\/#article\",\"isPartOf\":{\"@id\":\"https:\/\/noticiasya.com\/2025\/12\/18\/placas-paseo-fama-presidencial-descripciones-mordaces-trax\/\"},\"author\":{\"name\":\"\",\"@id\":\"\"},\"headline\":\"Nuevas placas en el &#171;Paseo de la Fama Presidencial&#187; de Trump ofrecen descripciones mordaces de sus predecesores\",\"datePublished\":\"2025-12-18T11:03:50+00:00\",\"mainEntityOfPage\":{\"@id\":\"https:\/\/noticiasya.com\/2025\/12\/18\/placas-paseo-fama-presidencial-descripciones-mordaces-trax\/\"},\"wordCount\":853,\"commentCount\":0,\"publisher\":{\"@id\":\"https:\/\/noticiasya.com\/#organization\"},\"articleSection\":[\"Noticias Nacionales\"],\"inLanguage\":\"es\",\"potentialAction\":[{\"@type\":\"CommentAction\",\"name\":\"Comment\",\"target\":[\"https:\/\/noticiasya.com\/2025\/12\/18\/placas-paseo-fama-presidencial-descripciones-mordaces-trax\/#respond\"]}]},{\"@type\":\"WebPage\",\"@id\":\"https:\/\/noticiasya.com\/2025\/12\/18\/placas-paseo-fama-presidencial-descripciones-mordaces-trax\/\",\"url\":\"https:\/\/noticiasya.com\/2025\/12\/18\/placas-paseo-fama-presidencial-descripciones-mordaces-trax\/\",\"name\":\"Nuevas placas en el \\\"Paseo de la Fama Presidencial\\\" de Trump ofrecen descripciones mordaces de sus predecesores - Noticias\",\"isPartOf\":{\"@id\":\"https:\/\/noticiasya.com\/#website\"},\"datePublished\":\"2025-12-18T11:03:50+00:00\",\"breadcrumb\":{\"@id\":\"https:\/\/noticiasya.com\/2025\/12\/18\/placas-paseo-fama-presidencial-descripciones-mordaces-trax\/#breadcrumb\"},\"inLanguage\":\"es\",\"potentialAction\":[{\"@type\":\"ReadAction\",\"target\":[\"https:\/\/noticiasya.com\/2025\/12\/18\/placas-paseo-fama-presidencial-descripciones-mordaces-trax\/\"]}]},{\"@type\":\"BreadcrumbList\",\"@id\":\"https:\/\/noticiasya.com\/2025\/12\/18\/placas-paseo-fama-presidencial-descripciones-mordaces-trax\/#breadcrumb\",\"itemListElement\":[{\"@type\":\"ListItem\",\"position\":1,\"name\":\"Home\",\"item\":\"https:\/\/noticiasya.com\/\"},{\"@type\":\"ListItem\",\"position\":2,\"name\":\"Nuevas placas en el &#171;Paseo de la Fama Presidencial&#187; de Trump ofrecen descripciones mordaces de sus predecesores\"}]},{\"@type\":\"WebSite\",\"@id\":\"https:\/\/noticiasya.com\/#website\",\"url\":\"https:\/\/noticiasya.com\/\",\"name\":\"Noticias\",\"description\":\"Lo que importa\",\"publisher\":{\"@id\":\"https:\/\/noticiasya.com\/#organization\"},\"potentialAction\":[{\"@type\":\"SearchAction\",\"target\":{\"@type\":\"EntryPoint\",\"urlTemplate\":\"https:\/\/noticiasya.com\/?s={search_term_string}\"},\"query-input\":{\"@type\":\"PropertyValueSpecification\",\"valueRequired\":true,\"valueName\":\"search_term_string\"}}],\"inLanguage\":\"es\"},{\"@type\":\"Organization\",\"@id\":\"https:\/\/noticiasya.com\/#organization\",\"name\":\"Noticias\",\"url\":\"https:\/\/noticiasya.com\/\",\"logo\":{\"@type\":\"ImageObject\",\"inLanguage\":\"es\",\"@id\":\"https:\/\/noticiasya.com\/#\/schema\/logo\/image\/\",\"url\":\"https:\/\/noticiasya.com\/wp-content\/uploads\/sites\/22\/2023\/12\/logo-nacional.png\",\"contentUrl\":\"https:\/\/noticiasya.com\/wp-content\/uploads\/sites\/22\/2023\/12\/logo-nacional.png\",\"width\":1801,\"height\":691,\"caption\":\"Noticias\"},\"image\":{\"@id\":\"https:\/\/noticiasya.com\/#\/schema\/logo\/image\/\"}}]}<\/script>\n<!-- \/ Yoast SEO plugin. -->","yoast_head_json":{"title":"Nuevas placas en el \"Paseo de la Fama Presidencial\" de Trump ofrecen descripciones mordaces de sus predecesores - Noticias","robots":{"index":"index","follow":"follow","max-snippet":"max-snippet:-1","max-image-preview":"max-image-preview:large","max-video-preview":"max-video-preview:-1"},"canonical":"https:\/\/noticiasya.com\/2025\/12\/18\/placas-paseo-fama-presidencial-descripciones-mordaces-trax\/","og_locale":"es_ES","og_type":"article","og_title":"Nuevas placas en el \"Paseo de la Fama Presidencial\" de Trump ofrecen descripciones mordaces de sus predecesores - Noticias","og_description":"La Casa Blanca ha instalado placas a lo largo del llamado \u201cPaseo de la Fama Presidencial\u201d del presidente Donald Trump, en las que se ofrecen descripciones de sus predecesores, a menudo escritas al estilo de sus publicaciones en las redes sociales, incluyendo insultos, afirmaciones sin fundamento y el uso aleatorio de may\u00fasculas. Una placa situada [&hellip;]","og_url":"https:\/\/noticiasya.com\/2025\/12\/18\/placas-paseo-fama-presidencial-descripciones-mordaces-trax\/","og_site_name":"Noticias","article_published_time":"2025-12-18T11:03:50+00:00","twitter_card":"summary_large_image","twitter_misc":{"Est. reading time":"4 minutos"},"schema":{"@context":"https:\/\/schema.org","@graph":[{"@type":"Article","@id":"https:\/\/noticiasya.com\/2025\/12\/18\/placas-paseo-fama-presidencial-descripciones-mordaces-trax\/#article","isPartOf":{"@id":"https:\/\/noticiasya.com\/2025\/12\/18\/placas-paseo-fama-presidencial-descripciones-mordaces-trax\/"},"author":{"name":"","@id":""},"headline":"Nuevas placas en el &#171;Paseo de la Fama Presidencial&#187; de Trump ofrecen descripciones mordaces de sus predecesores","datePublished":"2025-12-18T11:03:50+00:00","mainEntityOfPage":{"@id":"https:\/\/noticiasya.com\/2025\/12\/18\/placas-paseo-fama-presidencial-descripciones-mordaces-trax\/"},"wordCount":853,"commentCount":0,"publisher":{"@id":"https:\/\/noticiasya.com\/#organization"},"articleSection":["Noticias Nacionales"],"inLanguage":"es","potentialAction":[{"@type":"CommentAction","name":"Comment","target":["https:\/\/noticiasya.com\/2025\/12\/18\/placas-paseo-fama-presidencial-descripciones-mordaces-trax\/#respond"]}]},{"@type":"WebPage","@id":"https:\/\/noticiasya.com\/2025\/12\/18\/placas-paseo-fama-presidencial-descripciones-mordaces-trax\/","url":"https:\/\/noticiasya.com\/2025\/12\/18\/placas-paseo-fama-presidencial-descripciones-mordaces-trax\/","name":"Nuevas placas en el \"Paseo de la Fama Presidencial\" de Trump ofrecen descripciones mordaces de sus predecesores - Noticias","isPartOf":{"@id":"https:\/\/noticiasya.com\/#website"},"datePublished":"2025-12-18T11:03:50+00:00","breadcrumb":{"@id":"https:\/\/noticiasya.com\/2025\/12\/18\/placas-paseo-fama-presidencial-descripciones-mordaces-trax\/#breadcrumb"},"inLanguage":"es","potentialAction":[{"@type":"ReadAction","target":["https:\/\/noticiasya.com\/2025\/12\/18\/placas-paseo-fama-presidencial-descripciones-mordaces-trax\/"]}]},{"@type":"BreadcrumbList","@id":"https:\/\/noticiasya.com\/2025\/12\/18\/placas-paseo-fama-presidencial-descripciones-mordaces-trax\/#breadcrumb","itemListElement":[{"@type":"ListItem","position":1,"name":"Home","item":"https:\/\/noticiasya.com\/"},{"@type":"ListItem","position":2,"name":"Nuevas placas en el &#171;Paseo de la Fama Presidencial&#187; de Trump ofrecen descripciones mordaces de sus predecesores"}]},{"@type":"WebSite","@id":"https:\/\/noticiasya.com\/#website","url":"https:\/\/noticiasya.com\/","name":"Noticias","description":"Lo que importa","publisher":{"@id":"https:\/\/noticiasya.com\/#organization"},"potentialAction":[{"@type":"SearchAction","target":{"@type":"EntryPoint","urlTemplate":"https:\/\/noticiasya.com\/?s={search_term_string}"},"query-input":{"@type":"PropertyValueSpecification","valueRequired":true,"valueName":"search_term_string"}}],"inLanguage":"es"},{"@type":"Organization","@id":"https:\/\/noticiasya.com\/#organization","name":"Noticias","url":"https:\/\/noticiasya.com\/","logo":{"@type":"ImageObject","inLanguage":"es","@id":"https:\/\/noticiasya.com\/#\/schema\/logo\/image\/","url":"https:\/\/noticiasya.com\/wp-content\/uploads\/sites\/22\/2023\/12\/logo-nacional.png","contentUrl":"https:\/\/noticiasya.com\/wp-content\/uploads\/sites\/22\/2023\/12\/logo-nacional.png","width":1801,"height":691,"caption":"Noticias"},"image":{"@id":"https:\/\/noticiasya.com\/#\/schema\/logo\/image\/"}}]}},"parsely":{"version":"1.1.0","canonical_url":"https:\/\/noticiasya.com\/midland-odessa\/2025\/12\/18\/placas-paseo-fama-presidencial-descripciones-mordaces-trax\/","smart_links":{"inbound":0,"outbound":0},"traffic_boost_suggestions_count":0,"meta":{"@context":"https:\/\/schema.org","@type":"NewsArticle","headline":"Nuevas placas en el &#171;Paseo de la Fama Presidencial&#187; de Trump ofrecen descripciones mordaces de sus predecesores","url":"http:\/\/noticiasya.com\/midland-odessa\/2025\/12\/18\/placas-paseo-fama-presidencial-descripciones-mordaces-trax\/","mainEntityOfPage":{"@type":"WebPage","@id":"http:\/\/noticiasya.com\/midland-odessa\/2025\/12\/18\/placas-paseo-fama-presidencial-descripciones-mordaces-trax\/"},"thumbnailUrl":"","image":{"@type":"ImageObject","url":""},"articleSection":"Noticias Nacionales","author":[],"creator":[],"publisher":{"@type":"Organization","name":"Noticias","logo":""},"keywords":[],"dateCreated":"2025-12-18T11:03:50Z","datePublished":"2025-12-18T11:03:50Z","dateModified":"2025-12-18T11:03:50Z"},"rendered":"<script type=\"application\/ld+json\" class=\"wp-parsely-metadata\">{\"@context\":\"https:\\\/\\\/schema.org\",\"@type\":\"NewsArticle\",\"headline\":\"Nuevas placas en el &#171;Paseo de la Fama Presidencial&#187; de Trump ofrecen descripciones mordaces de sus predecesores\",\"url\":\"http:\\\/\\\/noticiasya.com\\\/midland-odessa\\\/2025\\\/12\\\/18\\\/placas-paseo-fama-presidencial-descripciones-mordaces-trax\\\/\",\"mainEntityOfPage\":{\"@type\":\"WebPage\",\"@id\":\"http:\\\/\\\/noticiasya.com\\\/midland-odessa\\\/2025\\\/12\\\/18\\\/placas-paseo-fama-presidencial-descripciones-mordaces-trax\\\/\"},\"thumbnailUrl\":\"\",\"image\":{\"@type\":\"ImageObject\",\"url\":\"\"},\"articleSection\":\"Noticias Nacionales\",\"author\":[],\"creator\":[],\"publisher\":{\"@type\":\"Organization\",\"name\":\"Noticias\",\"logo\":\"\"},\"keywords\":[],\"dateCreated\":\"2025-12-18T11:03:50Z\",\"datePublished\":\"2025-12-18T11:03:50Z\",\"dateModified\":\"2025-12-18T11:03:50Z\"}<\/script>","tracker_url":"https:\/\/cdn.parsely.com\/keys\/noticiasya.com\/p.js"},"jetpack_featured_media_url":"","jetpack-related-posts":[{"id":1465356,"url":"https:\/\/noticiasya.com\/midland-odessa\/2025\/08\/10\/trump-traslada-retratos-obama-bush-trax\/","url_meta":{"origin":1469374,"position":0},"title":"Trump traslada los retratos de Obama y de los Bush a una escalera oculta","author":"","date":"agosto 10, 2025","format":false,"excerpt":"El retrato oficial del expresidente de EE.UU. Barack Obama, que sol\u00eda ser una pieza central en la entrada de la Casa Blanca, fue trasladado a una ubicaci\u00f3n mucho menos destacada, lo que subraya las tensiones de a\u00f1os entre los presidentes 44 y 47 de Estados Unidos.Los retratos de otros predecesores\u2026","rel":"","context":"In &quot;Noticias Nacionales&quot;","block_context":{"text":"Noticias Nacionales","link":"https:\/\/noticiasya.com\/midland-odessa\/categoria\/noticias-nacionales"},"img":{"alt_text":"","src":"","width":0,"height":0},"classes":[]},{"id":1472722,"url":"https:\/\/noticiasya.com\/midland-odessa\/2026\/03\/31\/trump-biblioteca-presidencial-miami-trax\/","url_meta":{"origin":1469374,"position":1},"title":"Trump comparte im\u00e1genes del imponente proyecto de su biblioteca presidencial en Miami","author":"","date":"marzo 31, 2026","format":false,"excerpt":"Este lunes, el presidente Donald Trump comparti\u00f3 im\u00e1genes de c\u00f3mo podr\u00eda ser su biblioteca presidencial, dando un vistazo de c\u00f3mo la instalaci\u00f3n, ubicada en Florida, podr\u00eda conmemorarlo en el futuro.En el video de casi dos minutos compartido por el presidente en Truth Social, un rascacielos domina el horizonte de Miami\u2026","rel":"","context":"In &quot;Noticias Nacionales&quot;","block_context":{"text":"Noticias Nacionales","link":"https:\/\/noticiasya.com\/midland-odessa\/categoria\/noticias-nacionales"},"img":{"alt_text":"","src":"","width":0,"height":0},"classes":[]},{"id":1469509,"url":"https:\/\/noticiasya.com\/midland-odessa\/2025\/12\/23\/analisis-presidente-ee-uu-bautiza-buques-guerra-clase-trump-trax\/","url_meta":{"origin":1469374,"position":2},"title":"El presidente de EE.UU. bautiza un nuevo tipo de buques de guerra: los &#171;clase Trump&#187;","author":"","date":"diciembre 23, 2025","format":false,"excerpt":"Simplemente ll\u00e1malo \u201cTrump EE.UU.\u201dCuando llegue la pr\u00f3xima toma de posesi\u00f3n presidencial, el 20 de enero de 2029, es posible que no quede mucho que no lleve el nombre del \u201cbautizador en jefe\u201d.El presidente anunci\u00f3 el lunes una nueva generaci\u00f3n de acorazados repletos de nuevos misiles, armas nucleares y l\u00e1seres. Inevitablemente,\u2026","rel":"","context":"In &quot;Noticias Nacionales&quot;","block_context":{"text":"Noticias Nacionales","link":"https:\/\/noticiasya.com\/midland-odessa\/categoria\/noticias-nacionales"},"img":{"alt_text":"","src":"","width":0,"height":0},"classes":[]},{"id":1457379,"url":"https:\/\/noticiasya.com\/midland-odessa\/2025\/01\/09\/trump-conflictos-de-interes-segundo-mandato-trax\/","url_meta":{"origin":1469374,"position":3},"title":"Relojes dorados y zapatillas con mapa electoral: productos de Trump generan dudas sobre conflictos de inter\u00e9s","author":"","date":"enero 9, 2025","format":false,"excerpt":"En los dos meses transcurridos desde las elecciones, el presidente electo Donald Trump inst\u00f3 a sus casi 8,5 millones de seguidores en Truth Social a comprar guitarras de edici\u00f3n limitada que llevan su firma y fragancias con tem\u00e1tica Trump que \u201crepresentan la victoria\u201d.A la l\u00ednea de relojes Trump que lanz\u00f3\u2026","rel":"","context":"In &quot;Noticias Nacionales&quot;","block_context":{"text":"Noticias Nacionales","link":"https:\/\/noticiasya.com\/midland-odessa\/categoria\/noticias-nacionales"},"img":{"alt_text":"","src":"","width":0,"height":0},"classes":[]},{"id":1461094,"url":"https:\/\/noticiasya.com\/midland-odessa\/2025\/04\/11\/cuelgan-casa-blanca-pintura-trump-intento-asesinato-trax\/","url_meta":{"origin":1469374,"position":4},"title":"Cuelgan en la Casa Blanca pintura de Trump con el pu\u00f1o en alto luego de intento de asesinato en Pensilvania","author":"","date":"abril 11, 2025","format":false,"excerpt":"Una pintura de la ic\u00f3nica escena del presidente de EE.UU., Donald Trump, tras sobrevivir a un intento de asesinato en Pensilvania el verano pasado, ahora cuelga en el Gran Vest\u00edbulo de la Casa Blanca, despu\u00e9s de que un retrato oficial del expresidente Barack Obama fuera trasladado de la ubicaci\u00f3n.La cuenta\u2026","rel":"","context":"In &quot;Noticias Nacionales&quot;","block_context":{"text":"Noticias Nacionales","link":"https:\/\/noticiasya.com\/midland-odessa\/categoria\/noticias-nacionales"},"img":{"alt_text":"","src":"","width":0,"height":0},"classes":[]},{"id":1459993,"url":"https:\/\/noticiasya.com\/midland-odessa\/2025\/03\/16\/trump-transforma-oficina-oval-oro-trax\/","url_meta":{"origin":1469374,"position":5},"title":"Banderas, figuras y oro por todas partes: Trump transforma la Oficina Oval en una galer\u00eda dorada","author":"","date":"marzo 16, 2025","format":false,"excerpt":"Mientras el presidente Donald Trump trabaja para remodelar dr\u00e1sticamente el gobierno federal, tambi\u00e9n se encuentra en medio de la transformaci\u00f3n de otro aspecto hist\u00f3rico de la presidencia: la Oficina Oval.Casi ocho semanas despu\u00e9s de su regreso al cargo, Trump ha triplicado el n\u00famero de cuadros colgados en las paredes de\u2026","rel":"","context":"In &quot;Noticias Nacionales&quot;","block_context":{"text":"Noticias Nacionales","link":"https:\/\/noticiasya.com\/midland-odessa\/categoria\/noticias-nacionales"},"img":{"alt_text":"","src":"","width":0,"height":0},"classes":[]}],"jetpack_sharing_enabled":true,"_links":{"self":[{"href":"https:\/\/noticiasya.com\/midland-odessa\/wp-json\/wp\/v2\/posts\/1469374","targetHints":{"allow":["GET"]}}],"collection":[{"href":"https:\/\/noticiasya.com\/midland-odessa\/wp-json\/wp\/v2\/posts"}],"about":[{"href":"https:\/\/noticiasya.com\/midland-odessa\/wp-json\/wp\/v2\/types\/post"}],"replies":[{"embeddable":true,"href":"https:\/\/noticiasya.com\/midland-odessa\/wp-json\/wp\/v2\/comments?post=1469374"}],"version-history":[{"count":0,"href":"https:\/\/noticiasya.com\/midland-odessa\/wp-json\/wp\/v2\/posts\/1469374\/revisions"}],"wp:attachment":[{"href":"https:\/\/noticiasya.com\/midland-odessa\/wp-json\/wp\/v2\/media?parent=1469374"}],"wp:term":[{"taxonomy":"category","embeddable":true,"href":"https:\/\/noticiasya.com\/midland-odessa\/wp-json\/wp\/v2\/categories?post=1469374"},{"taxonomy":"post_tag","embeddable":true,"href":"https:\/\/noticiasya.com\/midland-odessa\/wp-json\/wp\/v2\/tags?post=1469374"}],"curies":[{"name":"wp","href":"https:\/\/api.w.org\/{rel}","templated":true}]}}