{"id":1469377,"date":"2025-12-18T05:03:38","date_gmt":"2025-12-18T13:03:38","guid":{"rendered":"https:\/\/noticiasya.com\/2025\/12\/18\/trump-milei-fantasma-inflacion-orix\/"},"modified":"2025-12-18T05:03:38","modified_gmt":"2025-12-18T13:03:38","slug":"trump-milei-fantasma-inflacion-orix","status":"publish","type":"post","link":"https:\/\/noticiasya.com\/midland-odessa\/2025\/12\/18\/trump-milei-fantasma-inflacion-orix\/","title":{"rendered":"\u00bfGran trabajo? Trump elogia a Milei, pero Argentina se enfrenta de nuevo al fantasma de la inflaci\u00f3n"},"content":{"rendered":"<p>Faltaba una hora para que comenzara el sorteo del Mundial de f\u00fatbol en el Kennedy Center de la ciudad de Washington. Afuera, el fr\u00edo que anticipa al invierno se vuelve una daga en un d\u00eda gris. Adentro, el presidente de Estados Unidos, Donald Trump, viv\u00eda la fiesta como si fuera propia. Antes de que diera su discurso en el escenario principal, la prensa lo abord\u00f3 en el ingreso para consultar por su mirada sobre los equipos que jugar\u00e1n el torneo y los favoritos. En ese contexto, volvi\u00f3 a acordarse de Argentina. Pero lejos de hablar de f\u00fatbol, <a href=\"https:\/\/www.youtube.com\/shorts\/wYKrD-Rn-bI\">otra vez elogi\u00f3 a su amigo, Javier Milei, aun cuando no hab\u00eda sido consultado por \u00e9l:<\/a> \u201camo a Argentina, el presidente est\u00e1 haciendo un gran trabajo, est\u00e1 haciendo a Argentina grande nuevamente\u201d.<\/p>\n<p>No es la primera vez que Trump corteja a Milei y acaso no ser\u00e1 la \u00faltima. El mandatario argentino decidi\u00f3 no ir al sorteo, pese a ser invitado, y se perdi\u00f3 la oportunidad de una nueva foto con su par estadounidense.<\/p>\n<p>No obstante, Trump <a href=\"https:\/\/www.facebook.com\/watch\/?v=1391767282413637\">dijo d\u00edas atr\u00e1s<\/a> durante una entrevista con el sitio Politico, que \u201cMilei estaba perdiendo las elecciones, yo lo respald\u00e9 y gan\u00f3 contundentemente\u201d, al referirse al triunfo del libertario en los comicios de medio t\u00e9rmino celebrados en Argentina en octubre.<\/p>\n<p>Estas dos declaraciones con diferencia de d\u00edas dejan interrogantes abiertos sobre el trabajo de Milei en Argentina. Esa ayuda <em>in extremis<\/em> lleg\u00f3 en el contexto de un momento cr\u00edtico para la econom\u00eda del pa\u00eds y semanas antes de elecciones a las que el presidente se enfrentaba para decidir el futuro de su gobierno. \u00bfHubiera Estados Unidos ejecutado un salvataje financiero a un pa\u00eds cuyo presidente hizo un gran trabajo? \u00bfEse pa\u00eds lo hubiese necesitado?<\/p>\n<p>Los datos de inflaci\u00f3n de noviembre, publicados la semana pasada por el Instituto Nacional de Estad\u00edsticas y Censos (INDEC), enfrentan al pa\u00eds con un problema que nunca se ha resuelto (Argentina tiene una larga tradici\u00f3n de altos niveles de costo de vida), pero que parec\u00eda acercarse a referencias internacionales o al menos regionales. Lo cierto es que ese presunto gran trabajo de Milei que pondera Trump, enciende alarmas en materia de inflaci\u00f3n. El 2,5 % r<a href=\"https:\/\/www.indec.gob.ar\/uploads\/informesdeprensa\/ipc_12_252671F8F024.pdf\">egistrado en el pen\u00faltimo mes de 2025 r<\/a>esult\u00f3 el \u00edndice m\u00e1s alto del \u00faltimo semestre, per\u00edodo en el que la inflaci\u00f3n no ha bajado. Es decir, no solo no ha perforado los l\u00edmites necesarios para encauzar el costo de vida con el del resto de los pa\u00edses de la regi\u00f3n, a excepci\u00f3n de Venezuela, sino que ha empezado a empinarse por encima del 2 %. Noviembre ha sido el tercer mes de 2025 con m\u00e1s inflaci\u00f3n, detr\u00e1s de marzo (3,7 %) y abril (2,8 %).<\/p>\n<p>Si bien es cierto que Argentina sufri\u00f3 durante buena parte de 2023 y <a href=\"https:\/\/www.indec.gob.ar\/uploads\/informesdeprensa\/ipc_01_2517A7124C09.pdf\">2024 <\/a>una inflaci\u00f3n de dos d\u00edgitos, Milei ha hecho del combate contra la suba de precios su principal activo de campa\u00f1a y de gesti\u00f3n. Comenz\u00f3 su gobierno con una suba del 25,5 %, tras haber devaluado el peso un 54 % a pocas horas de haber pisado la Casa Rosada. Pero despu\u00e9s el \u00edndice dibuj\u00f3 una escala descendente, volviendo a un d\u00edgito en abril de 2024, hasta inicios de 2025 cuando volvi\u00f3 a calentarse hasta alcanzar 180 d\u00edas consecutivos sin ninguna detracci\u00f3n.<\/p>\n<p>El presidente Milei repite una teor\u00eda que asegura que la inflaci\u00f3n es un fen\u00f3meno monetario generado por un exceso de oferta de dinero. Pero tambi\u00e9n sostiene que su gobierno ha apagado la m\u00e1quina de emitir billetes, por lo que la base monetaria supuestamente se mantiene estable, raz\u00f3n suficiente para que la inflaci\u00f3n se desplome, siempre <a href=\"https:\/\/x.com\/JMilei\/status\/1933247385800479155?lang=es\">seg\u00fan la interpretaci\u00f3n de Milei<\/a>.<\/p>\n<p>No obstante, el costo de vida ha subido en los \u00faltimos meses, contrariando paradigmas. Y lo ha hecho por algunas razones m\u00e1s pr\u00e1cticas que las presunciones monetarias o monocausales.<\/p>\n<p>El gobierno hace del ajuste fiscal otra de sus banderas. En ese sentido, la pol\u00edtica de reducci\u00f3n de subsidios a los servicios p\u00fablicos y el transporte est\u00e1n teniendo su correlato en el incremento de la inflaci\u00f3n. Durante noviembre, la cuenta de servicios fue la que m\u00e1s subi\u00f3 entre los \u00edtems que mide el \u00edndice. En segundo lugar qued\u00f3 Transporte, que sigue aumentando a medida que los usuarios deben pagar porcentajes m\u00e1s altos de los pasajes, fruto de la retracci\u00f3n de subsidios.<\/p>\n<p>El tercer rubro que m\u00e1s creci\u00f3 en noviembre golpea de lleno al bolsillo de los argentinos. Se trata de Alimentos y Bebidas no alcoh\u00f3licas, cuyo incremento se nutre justamente de los aumentos de servicios y transportes, a pesar de que el consumo no tracciona y le quita presi\u00f3n a la suba de precios. Dicho de otra manera: la inflaci\u00f3n aumenta mientras la econom\u00eda no genera consumo.<\/p>\n<p>Una de las objeciones que le hacen la mayor\u00eda de los analistas al programa econ\u00f3mico del Gobierno de Milei es el atraso cambiario que genera distorsiones en materia de inflaci\u00f3n y encarece a su vez los productos que Argentina le vende al mundo, volviendo menos competitivos a muchos sectores exportadores.<\/p>\n<p>Fruto de algunas sacudidas en la cotizaci\u00f3n del d\u00f3lar despu\u00e9s de las elecciones en la provincia de Buenos Aires el 7 de septiembre, y antes de los comicios generales de mitad de mandato del 26 de octubre, esa diferencia entre la evoluci\u00f3n de los precios y el valor del d\u00f3lar se ha ido corrigiendo lentamente. Pero el gobierno quiere ahora agilizar ese proceso y adem\u00e1s sentar las bases para acumular reservas, una necesidad que el mercado reclama y el Fondo Monetario Internacional exige, para hacer frente a los pr\u00f3ximos vencimientos de deuda.<\/p>\n<p>El ministro de Econom\u00eda, Luis Caputo, anunci\u00f3 en rueda de prensa que, a partir del 1 de enero de 2026, el sistema de bandas cambiarias que le pone piso y techo al precio de la moneda estadounidense pasar\u00e1 a ajustarse por la inflaci\u00f3n de los dos meses previos y ya no por el 1% que rige hasta ac\u00e1. De esta manera, se procura erosionar cualquier desenganche del valor del d\u00f3lar de la inflaci\u00f3n.<\/p>\n<p>Obviando a Venezuela, Argentina es el pa\u00eds con el r\u00e9gimen de inflaci\u00f3n m\u00e1s alto de la regi\u00f3n, pese a la baja observada desde que Milei es presidente. En noviembre, el \u00edndice interanual trep\u00f3 al 31,4 %, despu\u00e9s de alcanzar un 292,2 % en abril de 2024.<\/p>\n<p>Lo sigue <a href=\"https:\/\/www.bcb.gob.bo\/?q=indicadores_inflacion\">Bolivia<\/a>, que registr\u00f3 una inflaci\u00f3n anual del 20,96 % en noviembre. El tercer lugar fue para <a href=\"https:\/\/www.dane.gov.co\/index.php\/estadisticas-por-tema\/precios-y-costos\/indice-de-precios-al-consumidor-ipc\/ipc-informacion-tecnica\">Colombia<\/a>, con un 5,3 % en el mismo mes, pero mucho m\u00e1s cerca de los est\u00e1ndares internacionales.<\/p>\n<p><a href=\"https:\/\/www.bch.hn\/estadisticos\/GIE\/LIBBoletines\/Bolet%c3%adn%20de%20Prensa%20No.69-2025%20%c3%8dndice%20de%20Precios%20al%20Consumidor%20Noviembre%202025.pdf\">Honduras <\/a>es la cuarta econom\u00eda de Am\u00e9rica Latina con m\u00e1s inflaci\u00f3n. Seg\u00fan datos oficiales, ese pa\u00eds alcanz\u00f3 un 5,09% interanual en noviembre.<\/p>\n<p><a href=\"https:\/\/www.bancentral.gov.do\/a\/d\/6442\">Rep\u00fablica Dominicana (4<\/a>,81%), Brasil (4,46%) y <a href=\"https:\/\/www.gub.uy\/instituto-nacional-estadistica\/comunicacion\/publicaciones\/indice-precios-del-consumo-ipc-noviembre-2025\">Uruguay <\/a>(4,09%) completan el ranking de los pa\u00edses con el costo de vida m\u00e1s alto.<\/p>\n<p>Siguiendo estos datos, Argentina est\u00e1 lejos de los niveles de la mayor\u00eda de sus vecinos. Ha logrado enderezar una curva de inflaci\u00f3n que tend\u00eda a espiralizarse entre finales de 2023 y comienzos de 2024. Pero la inflaci\u00f3n sigue siendo muy alta comparada no solamente con la regi\u00f3n, sino con la mayor\u00eda del planeta. Y aunque Trump pondere a Milei, la econom\u00eda presenta retos que ser\u00e1 necesario resolver, para concluir que se ha hecho un gran trabajo.<\/p>\n<p>The-CNN-Wire<br \/>&trade; &amp; &copy; 2025 Cable News Network, Inc., a Warner Bros. Discovery Company. All rights reserved.<\/p>\n","protected":false},"excerpt":{"rendered":"<p>Faltaba una hora para que comenzara el sorteo del Mundial de f\u00fatbol en el Kennedy Center de la ciudad de Washington. Afuera, el fr\u00edo que anticipa al invierno se vuelve una daga en un d\u00eda gris. Adentro, el presidente de Estados Unidos, Donald Trump, viv\u00eda la fiesta como si fuera propia. Antes de que diera [&hellip;]<\/p>\n","protected":false},"author":0,"featured_media":0,"comment_status":"open","ping_status":"open","sticky":false,"template":"","format":"standard","meta":{"_jetpack_memberships_contains_paid_content":false,"footnotes":""},"categories":[10],"tags":[],"class_list":["post-1469377","post","type-post","status-publish","format-standard","hentry","category-noticias-nacionales","market-global"],"yoast_head":"<!-- This site is optimized with the Yoast SEO plugin v24.4 - https:\/\/yoast.com\/wordpress\/plugins\/seo\/ -->\n<title>\u00bfGran trabajo? Trump elogia a Milei, pero Argentina se enfrenta de nuevo al fantasma de la inflaci\u00f3n - Noticias<\/title>\n<meta name=\"robots\" content=\"index, follow, max-snippet:-1, max-image-preview:large, max-video-preview:-1\" \/>\n<link rel=\"canonical\" href=\"https:\/\/noticiasya.com\/2025\/12\/18\/trump-milei-fantasma-inflacion-orix\/\" \/>\n<meta property=\"og:locale\" content=\"es_ES\" \/>\n<meta property=\"og:type\" content=\"article\" \/>\n<meta property=\"og:title\" content=\"\u00bfGran trabajo? Trump elogia a Milei, pero Argentina se enfrenta de nuevo al fantasma de la inflaci\u00f3n - Noticias\" \/>\n<meta property=\"og:description\" content=\"Faltaba una hora para que comenzara el sorteo del Mundial de f\u00fatbol en el Kennedy Center de la ciudad de Washington. Afuera, el fr\u00edo que anticipa al invierno se vuelve una daga en un d\u00eda gris. Adentro, el presidente de Estados Unidos, Donald Trump, viv\u00eda la fiesta como si fuera propia. Antes de que diera [&hellip;]\" \/>\n<meta property=\"og:url\" content=\"https:\/\/noticiasya.com\/2025\/12\/18\/trump-milei-fantasma-inflacion-orix\/\" \/>\n<meta property=\"og:site_name\" content=\"Noticias\" \/>\n<meta property=\"article:published_time\" content=\"2025-12-18T13:03:38+00:00\" \/>\n<meta name=\"twitter:card\" content=\"summary_large_image\" \/>\n<meta name=\"twitter:label1\" content=\"Est. reading time\" \/>\n\t<meta name=\"twitter:data1\" content=\"6 minutos\" \/>\n<script type=\"application\/ld+json\" class=\"yoast-schema-graph\">{\"@context\":\"https:\/\/schema.org\",\"@graph\":[{\"@type\":\"Article\",\"@id\":\"https:\/\/noticiasya.com\/2025\/12\/18\/trump-milei-fantasma-inflacion-orix\/#article\",\"isPartOf\":{\"@id\":\"https:\/\/noticiasya.com\/2025\/12\/18\/trump-milei-fantasma-inflacion-orix\/\"},\"author\":{\"name\":\"\",\"@id\":\"\"},\"headline\":\"\u00bfGran trabajo? Trump elogia a Milei, pero Argentina se enfrenta de nuevo al fantasma de la inflaci\u00f3n\",\"datePublished\":\"2025-12-18T13:03:38+00:00\",\"mainEntityOfPage\":{\"@id\":\"https:\/\/noticiasya.com\/2025\/12\/18\/trump-milei-fantasma-inflacion-orix\/\"},\"wordCount\":1291,\"commentCount\":0,\"publisher\":{\"@id\":\"https:\/\/noticiasya.com\/#organization\"},\"articleSection\":[\"Noticias Nacionales\"],\"inLanguage\":\"es\",\"potentialAction\":[{\"@type\":\"CommentAction\",\"name\":\"Comment\",\"target\":[\"https:\/\/noticiasya.com\/2025\/12\/18\/trump-milei-fantasma-inflacion-orix\/#respond\"]}]},{\"@type\":\"WebPage\",\"@id\":\"https:\/\/noticiasya.com\/2025\/12\/18\/trump-milei-fantasma-inflacion-orix\/\",\"url\":\"https:\/\/noticiasya.com\/2025\/12\/18\/trump-milei-fantasma-inflacion-orix\/\",\"name\":\"\u00bfGran trabajo? Trump elogia a Milei, pero Argentina se enfrenta de nuevo al fantasma de la inflaci\u00f3n - Noticias\",\"isPartOf\":{\"@id\":\"https:\/\/noticiasya.com\/#website\"},\"datePublished\":\"2025-12-18T13:03:38+00:00\",\"breadcrumb\":{\"@id\":\"https:\/\/noticiasya.com\/2025\/12\/18\/trump-milei-fantasma-inflacion-orix\/#breadcrumb\"},\"inLanguage\":\"es\",\"potentialAction\":[{\"@type\":\"ReadAction\",\"target\":[\"https:\/\/noticiasya.com\/2025\/12\/18\/trump-milei-fantasma-inflacion-orix\/\"]}]},{\"@type\":\"BreadcrumbList\",\"@id\":\"https:\/\/noticiasya.com\/2025\/12\/18\/trump-milei-fantasma-inflacion-orix\/#breadcrumb\",\"itemListElement\":[{\"@type\":\"ListItem\",\"position\":1,\"name\":\"Home\",\"item\":\"https:\/\/noticiasya.com\/\"},{\"@type\":\"ListItem\",\"position\":2,\"name\":\"\u00bfGran trabajo? Trump elogia a Milei, pero Argentina se enfrenta de nuevo al fantasma de la inflaci\u00f3n\"}]},{\"@type\":\"WebSite\",\"@id\":\"https:\/\/noticiasya.com\/#website\",\"url\":\"https:\/\/noticiasya.com\/\",\"name\":\"Noticias\",\"description\":\"Lo que importa\",\"publisher\":{\"@id\":\"https:\/\/noticiasya.com\/#organization\"},\"potentialAction\":[{\"@type\":\"SearchAction\",\"target\":{\"@type\":\"EntryPoint\",\"urlTemplate\":\"https:\/\/noticiasya.com\/?s={search_term_string}\"},\"query-input\":{\"@type\":\"PropertyValueSpecification\",\"valueRequired\":true,\"valueName\":\"search_term_string\"}}],\"inLanguage\":\"es\"},{\"@type\":\"Organization\",\"@id\":\"https:\/\/noticiasya.com\/#organization\",\"name\":\"Noticias\",\"url\":\"https:\/\/noticiasya.com\/\",\"logo\":{\"@type\":\"ImageObject\",\"inLanguage\":\"es\",\"@id\":\"https:\/\/noticiasya.com\/#\/schema\/logo\/image\/\",\"url\":\"https:\/\/noticiasya.com\/wp-content\/uploads\/sites\/22\/2023\/12\/logo-nacional.png\",\"contentUrl\":\"https:\/\/noticiasya.com\/wp-content\/uploads\/sites\/22\/2023\/12\/logo-nacional.png\",\"width\":1801,\"height\":691,\"caption\":\"Noticias\"},\"image\":{\"@id\":\"https:\/\/noticiasya.com\/#\/schema\/logo\/image\/\"}}]}<\/script>\n<!-- \/ Yoast SEO plugin. -->","yoast_head_json":{"title":"\u00bfGran trabajo? Trump elogia a Milei, pero Argentina se enfrenta de nuevo al fantasma de la inflaci\u00f3n - Noticias","robots":{"index":"index","follow":"follow","max-snippet":"max-snippet:-1","max-image-preview":"max-image-preview:large","max-video-preview":"max-video-preview:-1"},"canonical":"https:\/\/noticiasya.com\/2025\/12\/18\/trump-milei-fantasma-inflacion-orix\/","og_locale":"es_ES","og_type":"article","og_title":"\u00bfGran trabajo? Trump elogia a Milei, pero Argentina se enfrenta de nuevo al fantasma de la inflaci\u00f3n - Noticias","og_description":"Faltaba una hora para que comenzara el sorteo del Mundial de f\u00fatbol en el Kennedy Center de la ciudad de Washington. Afuera, el fr\u00edo que anticipa al invierno se vuelve una daga en un d\u00eda gris. Adentro, el presidente de Estados Unidos, Donald Trump, viv\u00eda la fiesta como si fuera propia. Antes de que diera [&hellip;]","og_url":"https:\/\/noticiasya.com\/2025\/12\/18\/trump-milei-fantasma-inflacion-orix\/","og_site_name":"Noticias","article_published_time":"2025-12-18T13:03:38+00:00","twitter_card":"summary_large_image","twitter_misc":{"Est. reading time":"6 minutos"},"schema":{"@context":"https:\/\/schema.org","@graph":[{"@type":"Article","@id":"https:\/\/noticiasya.com\/2025\/12\/18\/trump-milei-fantasma-inflacion-orix\/#article","isPartOf":{"@id":"https:\/\/noticiasya.com\/2025\/12\/18\/trump-milei-fantasma-inflacion-orix\/"},"author":{"name":"","@id":""},"headline":"\u00bfGran trabajo? Trump elogia a Milei, pero Argentina se enfrenta de nuevo al fantasma de la inflaci\u00f3n","datePublished":"2025-12-18T13:03:38+00:00","mainEntityOfPage":{"@id":"https:\/\/noticiasya.com\/2025\/12\/18\/trump-milei-fantasma-inflacion-orix\/"},"wordCount":1291,"commentCount":0,"publisher":{"@id":"https:\/\/noticiasya.com\/#organization"},"articleSection":["Noticias Nacionales"],"inLanguage":"es","potentialAction":[{"@type":"CommentAction","name":"Comment","target":["https:\/\/noticiasya.com\/2025\/12\/18\/trump-milei-fantasma-inflacion-orix\/#respond"]}]},{"@type":"WebPage","@id":"https:\/\/noticiasya.com\/2025\/12\/18\/trump-milei-fantasma-inflacion-orix\/","url":"https:\/\/noticiasya.com\/2025\/12\/18\/trump-milei-fantasma-inflacion-orix\/","name":"\u00bfGran trabajo? Trump elogia a Milei, pero Argentina se enfrenta de nuevo al fantasma de la inflaci\u00f3n - Noticias","isPartOf":{"@id":"https:\/\/noticiasya.com\/#website"},"datePublished":"2025-12-18T13:03:38+00:00","breadcrumb":{"@id":"https:\/\/noticiasya.com\/2025\/12\/18\/trump-milei-fantasma-inflacion-orix\/#breadcrumb"},"inLanguage":"es","potentialAction":[{"@type":"ReadAction","target":["https:\/\/noticiasya.com\/2025\/12\/18\/trump-milei-fantasma-inflacion-orix\/"]}]},{"@type":"BreadcrumbList","@id":"https:\/\/noticiasya.com\/2025\/12\/18\/trump-milei-fantasma-inflacion-orix\/#breadcrumb","itemListElement":[{"@type":"ListItem","position":1,"name":"Home","item":"https:\/\/noticiasya.com\/"},{"@type":"ListItem","position":2,"name":"\u00bfGran trabajo? Trump elogia a Milei, pero Argentina se enfrenta de nuevo al fantasma de la inflaci\u00f3n"}]},{"@type":"WebSite","@id":"https:\/\/noticiasya.com\/#website","url":"https:\/\/noticiasya.com\/","name":"Noticias","description":"Lo que importa","publisher":{"@id":"https:\/\/noticiasya.com\/#organization"},"potentialAction":[{"@type":"SearchAction","target":{"@type":"EntryPoint","urlTemplate":"https:\/\/noticiasya.com\/?s={search_term_string}"},"query-input":{"@type":"PropertyValueSpecification","valueRequired":true,"valueName":"search_term_string"}}],"inLanguage":"es"},{"@type":"Organization","@id":"https:\/\/noticiasya.com\/#organization","name":"Noticias","url":"https:\/\/noticiasya.com\/","logo":{"@type":"ImageObject","inLanguage":"es","@id":"https:\/\/noticiasya.com\/#\/schema\/logo\/image\/","url":"https:\/\/noticiasya.com\/wp-content\/uploads\/sites\/22\/2023\/12\/logo-nacional.png","contentUrl":"https:\/\/noticiasya.com\/wp-content\/uploads\/sites\/22\/2023\/12\/logo-nacional.png","width":1801,"height":691,"caption":"Noticias"},"image":{"@id":"https:\/\/noticiasya.com\/#\/schema\/logo\/image\/"}}]}},"parsely":{"version":"1.1.0","canonical_url":"https:\/\/noticiasya.com\/midland-odessa\/2025\/12\/18\/trump-milei-fantasma-inflacion-orix\/","smart_links":{"inbound":0,"outbound":0},"traffic_boost_suggestions_count":0,"meta":{"@context":"https:\/\/schema.org","@type":"NewsArticle","headline":"\u00bfGran trabajo? Trump elogia a Milei, pero Argentina se enfrenta de nuevo al fantasma de la inflaci\u00f3n","url":"http:\/\/noticiasya.com\/midland-odessa\/2025\/12\/18\/trump-milei-fantasma-inflacion-orix\/","mainEntityOfPage":{"@type":"WebPage","@id":"http:\/\/noticiasya.com\/midland-odessa\/2025\/12\/18\/trump-milei-fantasma-inflacion-orix\/"},"thumbnailUrl":"","image":{"@type":"ImageObject","url":""},"articleSection":"Noticias Nacionales","author":[],"creator":[],"publisher":{"@type":"Organization","name":"Noticias","logo":""},"keywords":[],"dateCreated":"2025-12-18T13:03:38Z","datePublished":"2025-12-18T13:03:38Z","dateModified":"2025-12-18T13:03:38Z"},"rendered":"<script type=\"application\/ld+json\" class=\"wp-parsely-metadata\">{\"@context\":\"https:\\\/\\\/schema.org\",\"@type\":\"NewsArticle\",\"headline\":\"\\u00bfGran trabajo? Trump elogia a Milei, pero Argentina se enfrenta de nuevo al fantasma de la inflaci\\u00f3n\",\"url\":\"http:\\\/\\\/noticiasya.com\\\/midland-odessa\\\/2025\\\/12\\\/18\\\/trump-milei-fantasma-inflacion-orix\\\/\",\"mainEntityOfPage\":{\"@type\":\"WebPage\",\"@id\":\"http:\\\/\\\/noticiasya.com\\\/midland-odessa\\\/2025\\\/12\\\/18\\\/trump-milei-fantasma-inflacion-orix\\\/\"},\"thumbnailUrl\":\"\",\"image\":{\"@type\":\"ImageObject\",\"url\":\"\"},\"articleSection\":\"Noticias Nacionales\",\"author\":[],\"creator\":[],\"publisher\":{\"@type\":\"Organization\",\"name\":\"Noticias\",\"logo\":\"\"},\"keywords\":[],\"dateCreated\":\"2025-12-18T13:03:38Z\",\"datePublished\":\"2025-12-18T13:03:38Z\",\"dateModified\":\"2025-12-18T13:03:38Z\"}<\/script>","tracker_url":"https:\/\/cdn.parsely.com\/keys\/noticiasya.com\/p.js"},"jetpack_featured_media_url":"","jetpack-related-posts":[{"id":1445983,"url":"https:\/\/noticiasya.com\/midland-odessa\/2024\/02\/24\/milei-trump-cpac-foto-juntos-orix\/","url_meta":{"origin":1469377,"position":0},"title":"Milei y Trump coincidieron en la Conferencia de Acci\u00f3n Pol\u00edtica Conservadora y se tomaron una foto juntos: &#171;Haz a Argentina grande de nuevo&#187;","author":"","date":"febrero 24, 2024","format":false,"excerpt":"(CNN Espa\u00f1ol) --\u00a0 El presidente de Argentina, Javier Milei, viaj\u00f3 este s\u00e1bado a Estados Unidos donde particip\u00f3 en la Conferencia de Acci\u00f3n Pol\u00edtica Conservadora (CPAC, por sus siglas en ingl\u00e9s), que se desarrolla en National Harbor, Maryland. All\u00ed, comparti\u00f3 un encuentro con el expresidente de EE.UU. y actual precandidato a\u2026","rel":"","context":"In &quot;Noticias Nacionales&quot;","block_context":{"text":"Noticias Nacionales","link":"https:\/\/noticiasya.com\/midland-odessa\/categoria\/noticias-nacionales"},"img":{"alt_text":"","src":"","width":0,"height":0},"classes":[]},{"id":1451821,"url":"https:\/\/noticiasya.com\/midland-odessa\/2024\/08\/13\/trump-elogia-milei-musk-orix\/","url_meta":{"origin":1469377,"position":1},"title":"Trump elogia a Milei en su conversaci\u00f3n con Elon Musk: &#171;Est\u00e1 haciendo un gran trabajo, realmente recort\u00f3&#187;","author":"","date":"agosto 13, 2024","format":false,"excerpt":"(CNN Espa\u00f1ol) -- El expresidente Donald Trump elogi\u00f3 al mandatario de Argentina, Javier Milei, durante su conversaci\u00f3n con Elon Mausk en la plataforma X, antes Twitter, haciendo \u00e9nfasis en los recortes del gasto que ha puesto en marcha el l\u00edder sudamericano.Sin mencionar su nombre, Trump habl\u00f3 de Javier Milei como\u2026","rel":"","context":"In &quot;Noticias Nacionales&quot;","block_context":{"text":"Noticias Nacionales","link":"https:\/\/noticiasya.com\/midland-odessa\/categoria\/noticias-nacionales"},"img":{"alt_text":"","src":"","width":0,"height":0},"classes":[]},{"id":1467763,"url":"https:\/\/noticiasya.com\/midland-odessa\/2025\/10\/26\/trump-felicita-milei-triunfo-elecciones-legislativas-trax\/","url_meta":{"origin":1469377,"position":2},"title":"Trump felicita a Milei tras el triunfo de su partido en las elecciones legislativas de medio t\u00e9rmino","author":"","date":"octubre 26, 2025","format":false,"excerpt":"El presidente de Estados Unidos, Donald Trump, felicit\u00f3 al presidente de Argentina, Javier Milei, despu\u00e9s de que su partido libertario lograra una contundente victoria en las elecciones legislativas de medio t\u00e9rmino del pa\u00eds.\u201cFelicitaciones al presidente Javier Milei por su victoria aplastante en Argentina. \u00a1Est\u00e1 haciendo un trabajo maravilloso! Nuestra confianza\u2026","rel":"","context":"In &quot;Noticias Nacionales&quot;","block_context":{"text":"Noticias Nacionales","link":"https:\/\/noticiasya.com\/midland-odessa\/categoria\/noticias-nacionales"},"img":{"alt_text":"","src":"","width":0,"height":0},"classes":[]},{"id":1459503,"url":"https:\/\/noticiasya.com\/midland-odessa\/2025\/03\/04\/argentina-estados-unidos-acuerdo-libre-comercio-milei-trump-orix\/","url_meta":{"origin":1469377,"position":3},"title":"Argentina y Estados Unidos, cada vez m\u00e1s cerca: \u00bfqu\u00e9 implicar\u00eda acuerdo de libre comercio que Milei busca firmar con Trump?","author":"","date":"marzo 4, 2025","format":false,"excerpt":"En un contexto de endurecimiento de su pol\u00edtica comercial con el mundo, el presidente de Estados Unidos, Donald Trump, dej\u00f3 la puerta abierta a un acuerdo de libre comercio con Argentina, mientras establece a partir de este 4 de marzo aranceles del 25% para importaciones procedentes de M\u00e9xico y Canad\u00e1,\u2026","rel":"","context":"In &quot;Noticias Nacionales&quot;","block_context":{"text":"Noticias Nacionales","link":"https:\/\/noticiasya.com\/midland-odessa\/categoria\/noticias-nacionales"},"img":{"alt_text":"","src":"","width":0,"height":0},"classes":[]},{"id":1455837,"url":"https:\/\/noticiasya.com\/midland-odessa\/2024\/11\/14\/milei-se-reune-con-trump-orix\/","url_meta":{"origin":1469377,"position":4},"title":"Milei se re\u00fane con Trump en la Florida; Trump le dice: \u201cMake Argentina great again\u201d","author":"","date":"noviembre 14, 2024","format":false,"excerpt":"(CNN Espa\u00f1ol) --\u00a0El presidente de Argentina, Javier Milei, se reuni\u00f3 este jueves en la Florida con el presidente electo de Estados Unidos, Donald Trump, inform\u00f3 la Oficina del mandatario argentino en su cuenta de X, donde difundi\u00f3 una fotograf\u00eda del encuentro.En la imagen tambi\u00e9n aparecen el empresario Elon Musk \u2014que\u2026","rel":"","context":"In &quot;Noticias Nacionales&quot;","block_context":{"text":"Noticias Nacionales","link":"https:\/\/noticiasya.com\/midland-odessa\/categoria\/noticias-nacionales"},"img":{"alt_text":"","src":"","width":0,"height":0},"classes":[]},{"id":1455671,"url":"https:\/\/noticiasya.com\/midland-odessa\/2024\/11\/08\/milei-trump-musk-elecciones-estados-unidos-analisis-orix\/","url_meta":{"origin":1469377,"position":5},"title":"Milei apost\u00f3 por Trump y Musk, \u00bfse lleva ahora el premio de ser su gran aliado en Am\u00e9rica Latina?","author":"","date":"noviembre 8, 2024","format":false,"excerpt":"(CNN Espa\u00f1ol) -- Javier Milei jug\u00f3 sus cartas para Donald Trump, que este martes gan\u00f3 la elecci\u00f3n presidencial de Estados Unidos.Despu\u00e9s conocerse el resultado, el presidente de Argentina hizo todo tipo de publicaciones en redes sociales celebr\u00e1ndo: fotos de leones abrazando al presidente electo, tuits en ingl\u00e9s y espa\u00f1ol con\u2026","rel":"","context":"In &quot;Noticias Nacionales&quot;","block_context":{"text":"Noticias Nacionales","link":"https:\/\/noticiasya.com\/midland-odessa\/categoria\/noticias-nacionales"},"img":{"alt_text":"","src":"","width":0,"height":0},"classes":[]}],"jetpack_sharing_enabled":true,"_links":{"self":[{"href":"https:\/\/noticiasya.com\/midland-odessa\/wp-json\/wp\/v2\/posts\/1469377","targetHints":{"allow":["GET"]}}],"collection":[{"href":"https:\/\/noticiasya.com\/midland-odessa\/wp-json\/wp\/v2\/posts"}],"about":[{"href":"https:\/\/noticiasya.com\/midland-odessa\/wp-json\/wp\/v2\/types\/post"}],"replies":[{"embeddable":true,"href":"https:\/\/noticiasya.com\/midland-odessa\/wp-json\/wp\/v2\/comments?post=1469377"}],"version-history":[{"count":0,"href":"https:\/\/noticiasya.com\/midland-odessa\/wp-json\/wp\/v2\/posts\/1469377\/revisions"}],"wp:attachment":[{"href":"https:\/\/noticiasya.com\/midland-odessa\/wp-json\/wp\/v2\/media?parent=1469377"}],"wp:term":[{"taxonomy":"category","embeddable":true,"href":"https:\/\/noticiasya.com\/midland-odessa\/wp-json\/wp\/v2\/categories?post=1469377"},{"taxonomy":"post_tag","embeddable":true,"href":"https:\/\/noticiasya.com\/midland-odessa\/wp-json\/wp\/v2\/tags?post=1469377"}],"curies":[{"name":"wp","href":"https:\/\/api.w.org\/{rel}","templated":true}]}}