{"id":1469379,"date":"2025-12-18T05:03:39","date_gmt":"2025-12-18T13:03:39","guid":{"rendered":"https:\/\/noticiasya.com\/2025\/12\/18\/papa-leon-arzobispo-hicks-pro-migrante-nueva-york\/"},"modified":"2025-12-18T05:03:39","modified_gmt":"2025-12-18T13:03:39","slug":"papa-leon-arzobispo-hicks-pro-migrante-nueva-york","status":"publish","type":"post","link":"https:\/\/noticiasya.com\/midland-odessa\/2025\/12\/18\/papa-leon-arzobispo-hicks-pro-migrante-nueva-york\/","title":{"rendered":"El papa Le\u00f3n XIV nombra arzobispo promigrante en Nueva York, lo que indica un enfoque m\u00e1s firme de la Iglesia frente a Trump"},"content":{"rendered":"<p><a href=\"https:\/\/www.cnn.com\/2025\/12\/02\/americas\/pope-leo-us-venezuela-immigrants-western-countries-intl-latam\">El papa Le\u00f3n XIV<\/a> ha nombrado a un nuevo arzobispo de Nueva York que tiene experiencia de primera mano en pa\u00edses desde donde millones de personas han emigrado a los Estados Unidos, lo que indica el potencial para un enfoque m\u00e1s franco por parte de los obispos sobre la inmigraci\u00f3n.<\/p>\n<p>El papa ha elegido al obispo Ronald Hicks, de 58 a\u00f1os, para dirigir la iglesia en Nueva York, un nombramiento que llega en un momento en que la administraci\u00f3n Trump ha estado intensificando sus pol\u00edticas antinmigratorias a las que la Iglesia Cat\u00f3lica en los EE.UU. ha respondido con cr\u00edticas m\u00e1s vocales.<\/p>\n<p>La nominaci\u00f3n de Hicks por parte de Le\u00f3n XIV es su nombramiento m\u00e1s significativo para la Iglesia en Estados Unidos desde su elecci\u00f3n, ya que el arzobispo de Nueva York ocupa un puesto importante a nivel nacional, tanto en la Iglesia como en todo el pa\u00eds.<\/p>\n<p>Los arzobispos de Nueva York suelen ser nombrados cardenales, y Hicks puede esperar un escrutinio a\u00fan mayor en un momento en que la Iglesia Cat\u00f3lica est\u00e1 liderada por su primer papa estadounidense.<\/p>\n<p>El mes pasado, Hicks hizo una <a href=\"https:\/\/catechesis.diojoliet.org\/web\/guest\/w\/bishop-hicks-statement-on-usccb-immigration-special-message-\">declaraci\u00f3n<\/a> sobre inmigraci\u00f3n, \u201cexpresando su solidaridad con todos nuestros hermanos y hermanas\u201d.<\/p>\n<p>Respond\u00eda a una inusual intervenci\u00f3n de los obispos estadounidenses que criticaban las pol\u00edticas inmigratorias de la Casa Blanca, afirmando que su mensaje subrayaba \u201csus preocupaciones, oposici\u00f3n y esperanzas con claridad y convicci\u00f3n\u201d.<\/p>\n<p>El obispo Hicks es, al igual que el papa, un compatriota de Chicago que ha pasado tiempo en Latinoam\u00e9rica.<\/p>\n<p>Hicks, hasta ahora obispo de Joliet, Illinois, estuvo cinco a\u00f1os en El Salvador, donde trabaj\u00f3 ayudando a ni\u00f1os hu\u00e9rfanos y abandonados.<\/p>\n<p>Anteriormente, tambi\u00e9n realiz\u00f3 una labor similar en M\u00e9xico. Su trayectoria refleja la creciente influencia de la comunidad cat\u00f3lica hispana en Estados Unidos y se asemeja a la de Le\u00f3n XIV, quien pas\u00f3 muchos a\u00f1os como misionero y obispo en Per\u00fa.<\/p>\n<p>Hicks suceder\u00e1 al cardenal Timothy Dolan, quien cumpli\u00f3 75 a\u00f1os a principios de este a\u00f1o, la edad en la que los obispos deben presentar su renuncia al Papa. Le\u00f3n XIV ha aceptado la renuncia del cardenal, lo que pone fin a un mandato marcado por la prominencia de Dolan como uno de los l\u00edderes cat\u00f3licos m\u00e1s reconocidos en Estados Unidos.<\/p>\n<p>Dolan ha sido reconocido desde hace tiempo como un h\u00e1bil comunicador, pastor e historiador de la iglesia, con un perfil que trascendi\u00f3 las fronteras de su archidi\u00f3cesis.<\/p>\n<p>Sin embargo, durante el pontificado de Francisco, Dolan fue percibido en ocasiones como alguien en desacuerdo con las prioridades del difunto papa, aunque siempre expres\u00f3 su respeto por Francisco.<\/p>\n<p>El cardenal Dolan, si bien mantuvo relaciones en todo el espectro pol\u00edtico, tambi\u00e9n tuvo una relaci\u00f3n m\u00e1s c\u00e1lida con el presidente Donald Trump que el papa Francisco: dijo que el presidente \u201ctoma en serio su fe cristiana\u201d mientras dirig\u00eda la oraci\u00f3n de invocaci\u00f3n en la inauguraci\u00f3n de Trump en 2025 y oraba en el <a href=\"https:\/\/nam11.safelinks.protection.outlook.com\/?url=https%3A%2F%2Fwww.cnn.com%2F2017%2F01%2F20%2Fpolitics%2Ftrump-inauguration-prayer-of-king-solomon&#038;data=05%7C02%7Cpeter.wilkinson%40cnn.com%7Cbbc0953667314719757708de3e173898%7C0eb48825e8714459bc72d0ecd68f1f39%7C0%7C0%7C639016466605577110%7CUnknown%7CTWFpbGZsb3d8eyJFbXB0eU1hcGkiOnRydWUsIlYiOiIwLjAuMDAwMCIsIlAiOiJXaW4zMiIsIkFOIjoiTWFpbCIsIldUIjoyfQ%3D%3D%7C0%7C%7C%7C&#038;sdata=AIwYritorqsUHls5k%2BPltDJheVuBvQ6bmvpLt1%2B7mCM%3D&#038;reserved=0\">mismo evento de 2017.<\/a><\/p>\n<p>A principios de este a\u00f1o, <a href=\"https:\/\/nam11.safelinks.protection.outlook.com\/?url=https%3A%2F%2Fscny.org%2Fsisters-of-charity-of-new-york-respond-to-cardinal-dolans-remarks-on-charlie-kirk%2F&#038;data=05%7C02%7Cpeter.wilkinson%40cnn.com%7Cbbc0953667314719757708de3e173898%7C0eb48825e8714459bc72d0ecd68f1f39%7C0%7C0%7C639016466605614587%7CUnknown%7CTWFpbGZsb3d8eyJFbXB0eU1hcGkiOnRydWUsIlYiOiIwLjAuMDAwMCIsIlAiOiJXaW4zMiIsIkFOIjoiTWFpbCIsIldUIjoyfQ%3D%3D%7C0%7C%7C%7C&#038;sdata=f0SxD6ZMQTmMFjKfsNEDtQbwA7ekxBn9vronLxNXLXs%3D&#038;reserved=0\">el cardenal fue criticado<\/a> al comparar al difunto Charlie Kirk, el activista pol\u00edtico conservador asesinado en septiembre, con el ap\u00f3stol San Pablo, figura clave del cristianismo primitivo.<\/p>\n<p>Esta comparaci\u00f3n buscaba destacar el celo evangelizador de Kirk, pero algunos la consideraron excesiva.<\/p>\n<p>Desde su elecci\u00f3n en mayo, Le\u00f3n XIV ha demostrado que quiere seguir la misma l\u00ednea que su predecesor, aunque con un estilo m\u00e1s discreto.<\/p>\n<p>El primer pont\u00edfice nacido en Estados Unidos ha <a href=\"https:\/\/www.cnn.com\/2025\/10\/04\/europe\/conservative-catholics-pope-leo-xiv-intl\">expresado su preocupaci\u00f3n<\/a> por el trato \u201cinhumano\u201d de la administraci\u00f3n Trump a los inmigrantes y otros aspectos de la pol\u00edtica exterior del presidente, pero su papado ha estado marcado por una aversi\u00f3n a caer en la polarizaci\u00f3n pol\u00edtica.<\/p>\n<p>El nuevo arzobispo de Nueva York dice que se identifica personalmente con el papa Le\u00f3n XIV: Hicks naci\u00f3 en Harvey, Illinois, al sur de Chicago, cerca de donde el pont\u00edfice creci\u00f3 en Dolton.<\/p>\n<p>\u201cReconozco muchas similitudes entre \u00e9l y yo. Crecimos literalmente en el mismo radio, en el mismo barrio\u201d, <a href=\"https:\/\/nam11.safelinks.protection.outlook.com\/?url=https%3A%2F%2Fwgntv.com%2Fnews%2Fcover-story%2Fbishop-ronald-hicks-recalls-connecting-with-pope-leo-xiv-while-growing-up-in-the-south-suburbs%2F&#038;data=05%7C02%7Cpeter.wilkinson%40cnn.com%7Cbbc0953667314719757708de3e173898%7C0eb48825e8714459bc72d0ecd68f1f39%7C0%7C0%7C639016466605636872%7CUnknown%7CTWFpbGZsb3d8eyJFbXB0eU1hcGkiOnRydWUsIlYiOiIwLjAuMDAwMCIsIlAiOiJXaW4zMiIsIkFOIjoiTWFpbCIsIldUIjoyfQ%3D%3D%7C0%7C%7C%7C&#038;sdata=cMNJJAsdKL%2BewCqpDB8xW2ntURo0sc6SqqcHFgQKk2Q%3D&#038;reserved=0\">declar\u00f3 Hicks a la cadena de televisi\u00f3n WG9 de Chicago a principios de este a\u00f1o.<\/a> \u201cJug\u00e1bamos en los mismos parques, nad\u00e1bamos en las mismas piscinas, nos gustaban las mismas pizzer\u00edas. Es as\u00ed de real\u201d.<\/p>\n<p>Michael Sean Winters, un comentarista cat\u00f3lico, dijo a CNN que Hicks es un \u201cbuen oyente y constructor de puentes que seguir\u00e1 el ejemplo de Le\u00f3n XIV\u201d, y agreg\u00f3 que el nuevo arzobispo no ten\u00eda \u201cning\u00fan temperamento de guerra cultural\u201d.<\/p>\n<p>Hicks es un moderado pastoral que se opuso a las medidas de algunos obispos estadounidenses para prohibir la comuni\u00f3n al expresidente Joe Biden por su apoyo al aborto legal.<\/p>\n<p>Sean Winters se\u00f1al\u00f3 que Hicks ha trabajado con obispos con diferentes posturas teol\u00f3gicas en la Iglesia y se le considera capaz de superar las divisiones ideol\u00f3gicas.<\/p>\n<p>Hicks, a\u00f1adi\u00f3, est\u00e1 comprometido con las ense\u00f1anzas sociales de la Iglesia, incluida la preocupaci\u00f3n por los marginados, el apoyo a los sindicatos y la lucha contra las injusticias econ\u00f3micas, una caracter\u00edstica del catolicismo en Chicago, que tiene una larga historia de acci\u00f3n social cat\u00f3lica.<\/p>\n<p>Elise Allen, quien escribi\u00f3 una biograf\u00eda de Le\u00f3n XIV y entrevist\u00f3 al papa a principios de este a\u00f1o, dijo que Hicks est\u00e1 \u201cun paso a la izquierda del cardenal Timothy Dolan, pero de ninguna manera es un progresista radical\u201d.<\/p>\n<p>Explic\u00f3 que el papa \u201cno busca conservadores ni progresistas en cuanto a nombramientos episcopales\u2026 Busca personas que compartan sus prioridades, pero que, fundamentalmente, aporten una postura de equilibrio\u201d.<\/p>\n<p>Es probable que el nombramiento de Hicks tambi\u00e9n haya contado con el apoyo del cardenal Blase Cupich de Chicago, cercano a Le\u00f3n XIV, que ocupa un puesto en la oficina del Vaticano que supervisa los nombramientos de obispos y ha colaborado estrechamente con Hicks.<\/p>\n<p>El cardenal ha sido un firme defensor de los migrantes y apoy\u00f3 las reformas del papa Francisco, aunque el difunto pont\u00edfice se enfrent\u00f3 a una importante oposici\u00f3n por parte de algunos miembros de la jerarqu\u00eda estadounidense.<\/p>\n<p>El nombramiento de Hicks se produce apenas unas semanas despu\u00e9s de que los obispos estadounidenses emitieran una <a href=\"https:\/\/www.usccb.org\/news\/2025\/us-bishops-issue-special-message-immigration-plenary-assembly-baltimore\">rara declaraci\u00f3n<\/a> lamentando el trato que la administraci\u00f3n Trump da a los inmigrantes y condenando la \u201cdeportaci\u00f3n masiva indiscriminada de personas\u201d.<\/p>\n<p>En su nuevo cargo, el arzobispo electo tambi\u00e9n debe afrontar las consecuencias del esc\u00e1ndalo de abusos sexuales clericales.<\/p>\n<p>La arquidi\u00f3cesis anunci\u00f3 recientemente la creaci\u00f3n de un fondo de US$ 300 millones para llegar a un acuerdo con unos 1.300 sobrevivientes que han demandado a la Iglesia. La arquidi\u00f3cesis planea realizar importantes ventas de propiedades para financiar los acuerdos.<\/p>\n<p>\u201cNecesitamos abordar todos los males y\/o problemas que existen y no tener miedo de enfrentarlos\u201d, manifest\u00f3 Hicks en el <a href=\"https:\/\/nam11.safelinks.protection.outlook.com\/?url=https%3A%2F%2Fwww.catholicprofiles.org%2Fpost%2Fan-interview-with-bishop-ron-hicks&#038;data=05%7C02%7Cpeter.wilkinson%40cnn.com%7Cbbc0953667314719757708de3e173898%7C0eb48825e8714459bc72d0ecd68f1f39%7C0%7C0%7C639016466605658273%7CUnknown%7CTWFpbGZsb3d8eyJFbXB0eU1hcGkiOnRydWUsIlYiOiIwLjAuMDAwMCIsIlAiOiJXaW4zMiIsIkFOIjoiTWFpbCIsIldUIjoyfQ%3D%3D%7C0%7C%7C%7C&#038;sdata=nwxmYRN3Cih656TJBaTyUmFE4zCJmZeyyt14ydp8Dus%3D&#038;reserved=0\">pasado sobre el abuso.<\/a><\/p>\n<p>El nuevo cargo de Hicks lo coloca en el coraz\u00f3n de una situaci\u00f3n pol\u00edtica turbulenta, pero Sean Winters afirm\u00f3 que Hicks estaba a la altura. A\u00f1adi\u00f3 que el nuevo arzobispo es \u201ccarism\u00e1tico\u201d y que \u201csi creciste en el sur de Chicago, como el obispo Hicks, sabes c\u00f3mo aguantar un golpe y levantarte\u201d.<\/p>\n<p>The-CNN-Wire<br \/>&trade; &amp; &copy; 2025 Cable News Network, Inc., a Warner Bros. Discovery Company. All rights reserved.<\/p>\n","protected":false},"excerpt":{"rendered":"<p>El papa Le\u00f3n XIV ha nombrado a un nuevo arzobispo de Nueva York que tiene experiencia de primera mano en pa\u00edses desde donde millones de personas han emigrado a los Estados Unidos, lo que indica el potencial para un enfoque m\u00e1s franco por parte de los obispos sobre la inmigraci\u00f3n. El papa ha elegido al [&hellip;]<\/p>\n","protected":false},"author":0,"featured_media":0,"comment_status":"open","ping_status":"open","sticky":false,"template":"","format":"standard","meta":{"_jetpack_memberships_contains_paid_content":false,"footnotes":""},"categories":[10],"tags":[],"class_list":["post-1469379","post","type-post","status-publish","format-standard","hentry","category-noticias-nacionales","market-global"],"yoast_head":"<!-- This site is optimized with the Yoast SEO plugin v24.4 - https:\/\/yoast.com\/wordpress\/plugins\/seo\/ -->\n<title>El papa Le\u00f3n XIV nombra arzobispo promigrante en Nueva York, lo que indica un enfoque m\u00e1s firme de la Iglesia frente a Trump - Noticias<\/title>\n<meta name=\"robots\" content=\"index, follow, max-snippet:-1, max-image-preview:large, max-video-preview:-1\" \/>\n<link rel=\"canonical\" href=\"https:\/\/noticiasya.com\/2025\/12\/18\/papa-leon-arzobispo-hicks-pro-migrante-nueva-york\/\" \/>\n<meta property=\"og:locale\" content=\"es_ES\" \/>\n<meta property=\"og:type\" content=\"article\" \/>\n<meta property=\"og:title\" content=\"El papa Le\u00f3n XIV nombra arzobispo promigrante en Nueva York, lo que indica un enfoque m\u00e1s firme de la Iglesia frente a Trump - Noticias\" \/>\n<meta property=\"og:description\" content=\"El papa Le\u00f3n XIV ha nombrado a un nuevo arzobispo de Nueva York que tiene experiencia de primera mano en pa\u00edses desde donde millones de personas han emigrado a los Estados Unidos, lo que indica el potencial para un enfoque m\u00e1s franco por parte de los obispos sobre la inmigraci\u00f3n. El papa ha elegido al [&hellip;]\" \/>\n<meta property=\"og:url\" content=\"https:\/\/noticiasya.com\/2025\/12\/18\/papa-leon-arzobispo-hicks-pro-migrante-nueva-york\/\" \/>\n<meta property=\"og:site_name\" content=\"Noticias\" \/>\n<meta property=\"article:published_time\" content=\"2025-12-18T13:03:39+00:00\" \/>\n<meta name=\"twitter:card\" content=\"summary_large_image\" \/>\n<meta name=\"twitter:label1\" content=\"Est. reading time\" \/>\n\t<meta name=\"twitter:data1\" content=\"6 minutos\" \/>\n<script type=\"application\/ld+json\" class=\"yoast-schema-graph\">{\"@context\":\"https:\/\/schema.org\",\"@graph\":[{\"@type\":\"Article\",\"@id\":\"https:\/\/noticiasya.com\/2025\/12\/18\/papa-leon-arzobispo-hicks-pro-migrante-nueva-york\/#article\",\"isPartOf\":{\"@id\":\"https:\/\/noticiasya.com\/2025\/12\/18\/papa-leon-arzobispo-hicks-pro-migrante-nueva-york\/\"},\"author\":{\"name\":\"\",\"@id\":\"\"},\"headline\":\"El papa Le\u00f3n XIV nombra arzobispo promigrante en Nueva York, lo que indica un enfoque m\u00e1s firme de la Iglesia frente a Trump\",\"datePublished\":\"2025-12-18T13:03:39+00:00\",\"mainEntityOfPage\":{\"@id\":\"https:\/\/noticiasya.com\/2025\/12\/18\/papa-leon-arzobispo-hicks-pro-migrante-nueva-york\/\"},\"wordCount\":1286,\"commentCount\":0,\"publisher\":{\"@id\":\"https:\/\/noticiasya.com\/#organization\"},\"articleSection\":[\"Noticias Nacionales\"],\"inLanguage\":\"es\",\"potentialAction\":[{\"@type\":\"CommentAction\",\"name\":\"Comment\",\"target\":[\"https:\/\/noticiasya.com\/2025\/12\/18\/papa-leon-arzobispo-hicks-pro-migrante-nueva-york\/#respond\"]}]},{\"@type\":\"WebPage\",\"@id\":\"https:\/\/noticiasya.com\/2025\/12\/18\/papa-leon-arzobispo-hicks-pro-migrante-nueva-york\/\",\"url\":\"https:\/\/noticiasya.com\/2025\/12\/18\/papa-leon-arzobispo-hicks-pro-migrante-nueva-york\/\",\"name\":\"El papa Le\u00f3n XIV nombra arzobispo promigrante en Nueva York, lo que indica un enfoque m\u00e1s firme de la Iglesia frente a Trump - Noticias\",\"isPartOf\":{\"@id\":\"https:\/\/noticiasya.com\/#website\"},\"datePublished\":\"2025-12-18T13:03:39+00:00\",\"breadcrumb\":{\"@id\":\"https:\/\/noticiasya.com\/2025\/12\/18\/papa-leon-arzobispo-hicks-pro-migrante-nueva-york\/#breadcrumb\"},\"inLanguage\":\"es\",\"potentialAction\":[{\"@type\":\"ReadAction\",\"target\":[\"https:\/\/noticiasya.com\/2025\/12\/18\/papa-leon-arzobispo-hicks-pro-migrante-nueva-york\/\"]}]},{\"@type\":\"BreadcrumbList\",\"@id\":\"https:\/\/noticiasya.com\/2025\/12\/18\/papa-leon-arzobispo-hicks-pro-migrante-nueva-york\/#breadcrumb\",\"itemListElement\":[{\"@type\":\"ListItem\",\"position\":1,\"name\":\"Home\",\"item\":\"https:\/\/noticiasya.com\/\"},{\"@type\":\"ListItem\",\"position\":2,\"name\":\"El papa Le\u00f3n XIV nombra arzobispo promigrante en Nueva York, lo que indica un enfoque m\u00e1s firme de la Iglesia frente a Trump\"}]},{\"@type\":\"WebSite\",\"@id\":\"https:\/\/noticiasya.com\/#website\",\"url\":\"https:\/\/noticiasya.com\/\",\"name\":\"Noticias\",\"description\":\"Lo que importa\",\"publisher\":{\"@id\":\"https:\/\/noticiasya.com\/#organization\"},\"potentialAction\":[{\"@type\":\"SearchAction\",\"target\":{\"@type\":\"EntryPoint\",\"urlTemplate\":\"https:\/\/noticiasya.com\/?s={search_term_string}\"},\"query-input\":{\"@type\":\"PropertyValueSpecification\",\"valueRequired\":true,\"valueName\":\"search_term_string\"}}],\"inLanguage\":\"es\"},{\"@type\":\"Organization\",\"@id\":\"https:\/\/noticiasya.com\/#organization\",\"name\":\"Noticias\",\"url\":\"https:\/\/noticiasya.com\/\",\"logo\":{\"@type\":\"ImageObject\",\"inLanguage\":\"es\",\"@id\":\"https:\/\/noticiasya.com\/#\/schema\/logo\/image\/\",\"url\":\"https:\/\/noticiasya.com\/wp-content\/uploads\/sites\/22\/2023\/12\/logo-nacional.png\",\"contentUrl\":\"https:\/\/noticiasya.com\/wp-content\/uploads\/sites\/22\/2023\/12\/logo-nacional.png\",\"width\":1801,\"height\":691,\"caption\":\"Noticias\"},\"image\":{\"@id\":\"https:\/\/noticiasya.com\/#\/schema\/logo\/image\/\"}}]}<\/script>\n<!-- \/ Yoast SEO plugin. -->","yoast_head_json":{"title":"El papa Le\u00f3n XIV nombra arzobispo promigrante en Nueva York, lo que indica un enfoque m\u00e1s firme de la Iglesia frente a Trump - Noticias","robots":{"index":"index","follow":"follow","max-snippet":"max-snippet:-1","max-image-preview":"max-image-preview:large","max-video-preview":"max-video-preview:-1"},"canonical":"https:\/\/noticiasya.com\/2025\/12\/18\/papa-leon-arzobispo-hicks-pro-migrante-nueva-york\/","og_locale":"es_ES","og_type":"article","og_title":"El papa Le\u00f3n XIV nombra arzobispo promigrante en Nueva York, lo que indica un enfoque m\u00e1s firme de la Iglesia frente a Trump - Noticias","og_description":"El papa Le\u00f3n XIV ha nombrado a un nuevo arzobispo de Nueva York que tiene experiencia de primera mano en pa\u00edses desde donde millones de personas han emigrado a los Estados Unidos, lo que indica el potencial para un enfoque m\u00e1s franco por parte de los obispos sobre la inmigraci\u00f3n. El papa ha elegido al [&hellip;]","og_url":"https:\/\/noticiasya.com\/2025\/12\/18\/papa-leon-arzobispo-hicks-pro-migrante-nueva-york\/","og_site_name":"Noticias","article_published_time":"2025-12-18T13:03:39+00:00","twitter_card":"summary_large_image","twitter_misc":{"Est. reading time":"6 minutos"},"schema":{"@context":"https:\/\/schema.org","@graph":[{"@type":"Article","@id":"https:\/\/noticiasya.com\/2025\/12\/18\/papa-leon-arzobispo-hicks-pro-migrante-nueva-york\/#article","isPartOf":{"@id":"https:\/\/noticiasya.com\/2025\/12\/18\/papa-leon-arzobispo-hicks-pro-migrante-nueva-york\/"},"author":{"name":"","@id":""},"headline":"El papa Le\u00f3n XIV nombra arzobispo promigrante en Nueva York, lo que indica un enfoque m\u00e1s firme de la Iglesia frente a Trump","datePublished":"2025-12-18T13:03:39+00:00","mainEntityOfPage":{"@id":"https:\/\/noticiasya.com\/2025\/12\/18\/papa-leon-arzobispo-hicks-pro-migrante-nueva-york\/"},"wordCount":1286,"commentCount":0,"publisher":{"@id":"https:\/\/noticiasya.com\/#organization"},"articleSection":["Noticias Nacionales"],"inLanguage":"es","potentialAction":[{"@type":"CommentAction","name":"Comment","target":["https:\/\/noticiasya.com\/2025\/12\/18\/papa-leon-arzobispo-hicks-pro-migrante-nueva-york\/#respond"]}]},{"@type":"WebPage","@id":"https:\/\/noticiasya.com\/2025\/12\/18\/papa-leon-arzobispo-hicks-pro-migrante-nueva-york\/","url":"https:\/\/noticiasya.com\/2025\/12\/18\/papa-leon-arzobispo-hicks-pro-migrante-nueva-york\/","name":"El papa Le\u00f3n XIV nombra arzobispo promigrante en Nueva York, lo que indica un enfoque m\u00e1s firme de la Iglesia frente a Trump - Noticias","isPartOf":{"@id":"https:\/\/noticiasya.com\/#website"},"datePublished":"2025-12-18T13:03:39+00:00","breadcrumb":{"@id":"https:\/\/noticiasya.com\/2025\/12\/18\/papa-leon-arzobispo-hicks-pro-migrante-nueva-york\/#breadcrumb"},"inLanguage":"es","potentialAction":[{"@type":"ReadAction","target":["https:\/\/noticiasya.com\/2025\/12\/18\/papa-leon-arzobispo-hicks-pro-migrante-nueva-york\/"]}]},{"@type":"BreadcrumbList","@id":"https:\/\/noticiasya.com\/2025\/12\/18\/papa-leon-arzobispo-hicks-pro-migrante-nueva-york\/#breadcrumb","itemListElement":[{"@type":"ListItem","position":1,"name":"Home","item":"https:\/\/noticiasya.com\/"},{"@type":"ListItem","position":2,"name":"El papa Le\u00f3n XIV nombra arzobispo promigrante en Nueva York, lo que indica un enfoque m\u00e1s firme de la Iglesia frente a Trump"}]},{"@type":"WebSite","@id":"https:\/\/noticiasya.com\/#website","url":"https:\/\/noticiasya.com\/","name":"Noticias","description":"Lo que importa","publisher":{"@id":"https:\/\/noticiasya.com\/#organization"},"potentialAction":[{"@type":"SearchAction","target":{"@type":"EntryPoint","urlTemplate":"https:\/\/noticiasya.com\/?s={search_term_string}"},"query-input":{"@type":"PropertyValueSpecification","valueRequired":true,"valueName":"search_term_string"}}],"inLanguage":"es"},{"@type":"Organization","@id":"https:\/\/noticiasya.com\/#organization","name":"Noticias","url":"https:\/\/noticiasya.com\/","logo":{"@type":"ImageObject","inLanguage":"es","@id":"https:\/\/noticiasya.com\/#\/schema\/logo\/image\/","url":"https:\/\/noticiasya.com\/wp-content\/uploads\/sites\/22\/2023\/12\/logo-nacional.png","contentUrl":"https:\/\/noticiasya.com\/wp-content\/uploads\/sites\/22\/2023\/12\/logo-nacional.png","width":1801,"height":691,"caption":"Noticias"},"image":{"@id":"https:\/\/noticiasya.com\/#\/schema\/logo\/image\/"}}]}},"parsely":{"version":"1.1.0","canonical_url":"https:\/\/noticiasya.com\/midland-odessa\/2025\/12\/18\/papa-leon-arzobispo-hicks-pro-migrante-nueva-york\/","smart_links":{"inbound":0,"outbound":0},"traffic_boost_suggestions_count":0,"meta":{"@context":"https:\/\/schema.org","@type":"NewsArticle","headline":"El papa Le\u00f3n XIV nombra arzobispo promigrante en Nueva York, lo que indica un enfoque m\u00e1s firme de la Iglesia frente a Trump","url":"http:\/\/noticiasya.com\/midland-odessa\/2025\/12\/18\/papa-leon-arzobispo-hicks-pro-migrante-nueva-york\/","mainEntityOfPage":{"@type":"WebPage","@id":"http:\/\/noticiasya.com\/midland-odessa\/2025\/12\/18\/papa-leon-arzobispo-hicks-pro-migrante-nueva-york\/"},"thumbnailUrl":"","image":{"@type":"ImageObject","url":""},"articleSection":"Noticias Nacionales","author":[],"creator":[],"publisher":{"@type":"Organization","name":"Noticias","logo":""},"keywords":[],"dateCreated":"2025-12-18T13:03:39Z","datePublished":"2025-12-18T13:03:39Z","dateModified":"2025-12-18T13:03:39Z"},"rendered":"<script type=\"application\/ld+json\" class=\"wp-parsely-metadata\">{\"@context\":\"https:\\\/\\\/schema.org\",\"@type\":\"NewsArticle\",\"headline\":\"El papa Le\\u00f3n XIV nombra arzobispo promigrante en Nueva York, lo que indica un enfoque m\\u00e1s firme de la Iglesia frente a Trump\",\"url\":\"http:\\\/\\\/noticiasya.com\\\/midland-odessa\\\/2025\\\/12\\\/18\\\/papa-leon-arzobispo-hicks-pro-migrante-nueva-york\\\/\",\"mainEntityOfPage\":{\"@type\":\"WebPage\",\"@id\":\"http:\\\/\\\/noticiasya.com\\\/midland-odessa\\\/2025\\\/12\\\/18\\\/papa-leon-arzobispo-hicks-pro-migrante-nueva-york\\\/\"},\"thumbnailUrl\":\"\",\"image\":{\"@type\":\"ImageObject\",\"url\":\"\"},\"articleSection\":\"Noticias Nacionales\",\"author\":[],\"creator\":[],\"publisher\":{\"@type\":\"Organization\",\"name\":\"Noticias\",\"logo\":\"\"},\"keywords\":[],\"dateCreated\":\"2025-12-18T13:03:39Z\",\"datePublished\":\"2025-12-18T13:03:39Z\",\"dateModified\":\"2025-12-18T13:03:39Z\"}<\/script>","tracker_url":"https:\/\/cdn.parsely.com\/keys\/noticiasya.com\/p.js"},"jetpack_featured_media_url":"","jetpack-related-posts":[{"id":1468145,"url":"https:\/\/noticiasya.com\/midland-odessa\/2025\/11\/08\/papa-leon-xiv-estadounidense-trax\/","url_meta":{"origin":1469379,"position":0},"title":"En los primeros seis meses en el cargo el papa Le\u00f3n XIV le di\u00f3 un aire estadounidense al papado","author":"","date":"noviembre 8, 2025","format":false,"excerpt":"El papa Le\u00f3n XIV, que el s\u00e1bado cumpli\u00f3 seis meses desde su elecci\u00f3n, ha intensificado en las \u00faltimas semanas sus cr\u00edticas al Gobierno de Trump al tiempo que ha aportado un toque distintivamente estadounidense al papado.El pont\u00edfice, nacido en Chicago, fue elegido el 8 de mayo, lo que lo convirti\u00f3\u2026","rel":"","context":"In &quot;Noticias Nacionales&quot;","block_context":{"text":"Noticias Nacionales","link":"https:\/\/noticiasya.com\/midland-odessa\/categoria\/noticias-nacionales"},"img":{"alt_text":"","src":"","width":0,"height":0},"classes":[]},{"id":1470998,"url":"https:\/\/noticiasya.com\/midland-odessa\/2026\/02\/08\/papa-leon-xiv-no-visitara-estados-unidos-2026-trax\/","url_meta":{"origin":1469379,"position":1},"title":"El papa Le\u00f3n XIV no planea visitar Estados Unidos en 2026 tras especulaciones sobre un viaje","author":"","date":"febrero 8, 2026","format":false,"excerpt":"El papa Le\u00f3n XIV no viajar\u00e1 a Estados Unidos en 2026, pese a las especulaciones de que podr\u00eda regresar a su pa\u00eds de origen m\u00e1s adelante este a\u00f1o.Un reporte de medios italianos el domingo sugiri\u00f3 que Le\u00f3n podr\u00eda visitar las Naciones Unidas en Nueva York en septiembre y dirigirse a\u2026","rel":"","context":"In &quot;Noticias Nacionales&quot;","block_context":{"text":"Noticias Nacionales","link":"https:\/\/noticiasya.com\/midland-odessa\/categoria\/noticias-nacionales"},"img":{"alt_text":"","src":"","width":0,"height":0},"classes":[]},{"id":1466583,"url":"https:\/\/noticiasya.com\/midland-odessa\/2025\/09\/18\/papa-leon-xiv-entrevista-preocupado-ee-uu-trax\/","url_meta":{"origin":1469379,"position":2},"title":"En su primera gran entrevista, el papa Le\u00f3n XIV dice que est\u00e1 preocupado por &#171;algunas de las cosas&#187; que suceden en EE.UU.","author":"","date":"septiembre 18, 2025","format":false,"excerpt":"El papa Le\u00f3n XIV expres\u00f3 su preocupaci\u00f3n por \u201calgunas cosas\u201d que est\u00e1n sucediendo en Estados Unidos y revel\u00f3 que rechaz\u00f3 el plan para hacer una versi\u00f3n de s\u00ed mismo basada en IA, en su primera gran entrevista desde su elecci\u00f3n.El primer papa estadounidense destac\u00f3 la importancia de una carta que\u2026","rel":"","context":"In &quot;Noticias Nacionales&quot;","block_context":{"text":"Noticias Nacionales","link":"https:\/\/noticiasya.com\/midland-odessa\/categoria\/noticias-nacionales"},"img":{"alt_text":"","src":"","width":0,"height":0},"classes":[]},{"id":1472867,"url":"https:\/\/noticiasya.com\/midland-odessa\/2026\/04\/04\/nombre-dios-papa-leon-xiv-opone-justificacion-guerra-trax\/","url_meta":{"origin":1469379,"position":3},"title":"No en nombre de Dios: c\u00f3mo el papa Le\u00f3n XIV se opone a la justificaci\u00f3n divina de la guerra","author":"","date":"abril 4, 2026","format":false,"excerpt":"El martes por la noche, en un ventoso Castel Gandolfo, le hice una pregunta al papa Le\u00f3n XIV. Con la guerra potencialmente escalando en Medio Oriente, quer\u00eda saber si ten\u00eda un mensaje para el presidente Donald Trump y otros l\u00edderes de Estados Unidos e Israel.Su respuesta fue reveladora. El primer\u2026","rel":"","context":"In &quot;Noticias Nacionales&quot;","block_context":{"text":"Noticias Nacionales","link":"https:\/\/noticiasya.com\/midland-odessa\/categoria\/noticias-nacionales"},"img":{"alt_text":"","src":"","width":0,"height":0},"classes":[]},{"id":1472180,"url":"https:\/\/noticiasya.com\/midland-odessa\/2026\/03\/14\/improbable-historia-eleccion-primer-papa-estadounidense-trax\/","url_meta":{"origin":1469379,"position":4},"title":"La improbable historia de la elecci\u00f3n del primer papa estadounidense","author":"","date":"marzo 14, 2026","format":false,"excerpt":"El s\u00e1bado 3 de mayo de 2025, una semana despu\u00e9s del funeral del papa Francisco, el presidente Donald Trump public\u00f3 una imagen generada por IA en la que aparec\u00eda vestido con la sotana blanca y la mitra papal.La imagen apareci\u00f3 en su plataforma Truth Social y fue compartida por la\u2026","rel":"","context":"In &quot;Noticias Nacionales&quot;","block_context":{"text":"Noticias Nacionales","link":"https:\/\/noticiasya.com\/midland-odessa\/categoria\/noticias-nacionales"},"img":{"alt_text":"","src":"","width":0,"height":0},"classes":[]},{"id":1467099,"url":"https:\/\/noticiasya.com\/midland-odessa\/2025\/10\/03\/analisis-papa-leon-xiv-enfrenta-ira-maga-trax\/","url_meta":{"origin":1469379,"position":5},"title":"El papa Le\u00f3n XIV enfrenta la ira de MAGA por comentarios sobre inmigraci\u00f3n y cambio clim\u00e1tico","author":"","date":"octubre 3, 2025","format":false,"excerpt":"El papa Le\u00f3n XIV adopt\u00f3 un estilo m\u00e1s discreto y menos combativo que su predecesor durante los primeros meses de su papado.La apertura del papa Francisco hacia la comunidad LGBTQ, su defensa de los migrantes y sus cr\u00edticas al capitalismo desenfrenado lo llevaron a enfrentar a una fuerte oposici\u00f3n conservadora\u2026","rel":"","context":"In &quot;Noticias Nacionales&quot;","block_context":{"text":"Noticias Nacionales","link":"https:\/\/noticiasya.com\/midland-odessa\/categoria\/noticias-nacionales"},"img":{"alt_text":"","src":"","width":0,"height":0},"classes":[]}],"jetpack_sharing_enabled":true,"_links":{"self":[{"href":"https:\/\/noticiasya.com\/midland-odessa\/wp-json\/wp\/v2\/posts\/1469379","targetHints":{"allow":["GET"]}}],"collection":[{"href":"https:\/\/noticiasya.com\/midland-odessa\/wp-json\/wp\/v2\/posts"}],"about":[{"href":"https:\/\/noticiasya.com\/midland-odessa\/wp-json\/wp\/v2\/types\/post"}],"replies":[{"embeddable":true,"href":"https:\/\/noticiasya.com\/midland-odessa\/wp-json\/wp\/v2\/comments?post=1469379"}],"version-history":[{"count":0,"href":"https:\/\/noticiasya.com\/midland-odessa\/wp-json\/wp\/v2\/posts\/1469379\/revisions"}],"wp:attachment":[{"href":"https:\/\/noticiasya.com\/midland-odessa\/wp-json\/wp\/v2\/media?parent=1469379"}],"wp:term":[{"taxonomy":"category","embeddable":true,"href":"https:\/\/noticiasya.com\/midland-odessa\/wp-json\/wp\/v2\/categories?post=1469379"},{"taxonomy":"post_tag","embeddable":true,"href":"https:\/\/noticiasya.com\/midland-odessa\/wp-json\/wp\/v2\/tags?post=1469379"}],"curies":[{"name":"wp","href":"https:\/\/api.w.org\/{rel}","templated":true}]}}