{"id":1469380,"date":"2025-12-18T06:03:47","date_gmt":"2025-12-18T14:03:47","guid":{"rendered":"https:\/\/noticiasya.com\/2025\/12\/18\/migrantes-venezolanos-millones-economia-america-latina-caribe-oim-orix\/"},"modified":"2025-12-18T06:03:47","modified_gmt":"2025-12-18T14:03:47","slug":"migrantes-venezolanos-millones-economia-america-latina-caribe-oim-orix","status":"publish","type":"post","link":"https:\/\/noticiasya.com\/midland-odessa\/2025\/12\/18\/migrantes-venezolanos-millones-economia-america-latina-caribe-oim-orix\/","title":{"rendered":"Los migrantes venezolanos aportan m\u00e1s de US$ 10.600 millones al a\u00f1o en Am\u00e9rica Latina y el Caribe, seg\u00fan la OIM"},"content":{"rendered":"<p>Los hogares venezolanos aportan m\u00e1s de US$ 10.600 millones al a\u00f1o a las econom\u00edas de Am\u00e9rica Latina y el Caribe, principalmente a trav\u00e9s del consumo en vivienda, alimentos, educaci\u00f3n y salud, de acuerdo con un nuevo informe de la Organizaci\u00f3n Internacional para las Migraciones (OIM).<\/p>\n<p>El nuevo estudio publicado este jueves se\u00f1ala que la migraci\u00f3n venezolana se ha convertido en un factor clave de crecimiento econ\u00f3mico en la regi\u00f3n. Las personas migrantes no solo consumen y pagan impuestos \u2014aportan cerca del 1,2 % de la recaudaci\u00f3n tributaria en los pa\u00edses analizados\u2014, sino que tambi\u00e9n emprenden, crean empleo, fortalecen la econom\u00eda local y sectores como la gastronom\u00eda, el turismo y la tecnolog\u00eda.<\/p>\n<p>En San Pedro Sula, al norte de Honduras, ese impacto se puede observar en el sector gastron\u00f3mico, como muestra uno de los casos incluidos en el estudio de la OIM. En la cocina del restaurante El \u00c1vila, Andrea Fecarotta, una venezolana de 31 a\u00f1os, coordina a un equipo de 14 personas hondure\u00f1as. Lleg\u00f3 al pa\u00eds hace nueve a\u00f1os, tras salir de Caracas, sin una ruta clara. Hoy lidera un negocio que combina sabores venezolanos con ingredientes locales y que se ha consolidado como una fuente estable de empleo.<\/p>\n<p>Seg\u00fan los OIM, Andrea no solo dirige un restaurante: genera empleo, transfiere t\u00e9cnicas, forma personal local y apuesta por la fusi\u00f3n cultural como modelo de negocio. \u201cLa cocina puede ser un lenguaje compartido\u201d, dice. Su emprendimiento, seg\u00fan la organizaci\u00f3n, es un ejemplo de c\u00f3mo la migraci\u00f3n dinamiza econom\u00edas locales y transforma la diversidad en valor agregado.<\/p>\n<p>Casos como el suyo no son aislados. El informe de la OIM destaca que los emprendimientos liderados por personas venezolanas han generado unos 40.000 empleos en Panam\u00e1 y movilizado m\u00e1s de US$ 1.100 millones en inversiones en Aruba, reforzando el tejido productivo de los pa\u00edses de acogida.<\/p>\n<p>A m\u00e1s de 2.000 kil\u00f3metros de distancia, en las laderas de Ciudad Bol\u00edvar, al sur de Bogot\u00e1, otro de los casos analizados por la OIM muestra c\u00f3mo el aporte econ\u00f3mico de la migraci\u00f3n venezolana toma formas distintas. All\u00ed vive Irvin Ibarra, venezolana de 59 a\u00f1os, quien lleg\u00f3 a Colombia hace una d\u00e9cada tras perder su empleo en el estado Zulia. Docente y entrenadora deportiva en su pa\u00eds, comenz\u00f3 vendiendo caf\u00e9 en la calle para sostener a su familia. Hoy es una referente comunitaria, dice la OIM.<\/p>\n<p>Irvin fund\u00f3 The Royal Family, una escuela de danza que funciona desde hace cuatro a\u00f1os y que impacta la vida de 55 ni\u00f1os, ni\u00f1as y adolescentes, muchos de ellos migrantes o desplazados internos, seg\u00fan el  Aunque su trabajo es cultural y social, dice la OIM, su impacto econ\u00f3mico es tangible: genera actividad local, moviliza recursos comunitarios, contribuye a prevenir la deserci\u00f3n escolar y la exclusi\u00f3n.<\/p>\n<p>El estudio de la OIM \u2014basado en investigaciones realizadas en Colombia, Panam\u00e1, Ecuador, Chile, Costa Rica, Rep\u00fablica Dominicana, Per\u00fa y Aruba\u2014 subraya que la poblaci\u00f3n migrante venezolana es altamente productiva y cuenta con una s\u00f3lida formaci\u00f3n t\u00e9cnica y universitaria. Sin embargo, ese potencial sigue limitado: el 82 % trabaja en la informalidad y el 41 % no tiene acceso a cr\u00e9dito ni a servicios financieros formales, seg\u00fan el informe.<\/p>\n<p>\u201cEstas barreras restringen su autonom\u00eda econ\u00f3mica, el crecimiento de sus negocios y su capacidad de contribuir a\u00fan m\u00e1s sustancialmente al desarrollo local\u201d, se\u00f1ala la OIM.<\/p>\n<p>Aun as\u00ed, dice la organizaci\u00f3n, los avances en regularizaci\u00f3n han sido importantes. De los 6,9 millones de venezolanos que viven en Am\u00e9rica Latina y el Caribe, cerca del 70% cuenta con un estatus migratorio regular, de acuerdo con el informe.<\/p>\n<p>\u201cLa regularizaci\u00f3n es, por tanto, una base necesaria para reducir la informalidad y maximizar los aportes econ\u00f3micos de las personas migrantes\u201d, agrega.<\/p>\n<p>The-CNN-Wire<br \/>&trade; &amp; &copy; 2025 Cable News Network, Inc., a Warner Bros. Discovery Company. All rights reserved.<\/p>\n","protected":false},"excerpt":{"rendered":"<p>Los hogares venezolanos aportan m\u00e1s de US$ 10.600 millones al a\u00f1o a las econom\u00edas de Am\u00e9rica Latina y el Caribe, principalmente a trav\u00e9s del consumo en vivienda, alimentos, educaci\u00f3n y salud, de acuerdo con un nuevo informe de la Organizaci\u00f3n Internacional para las Migraciones (OIM). El nuevo estudio publicado este jueves se\u00f1ala que la migraci\u00f3n [&hellip;]<\/p>\n","protected":false},"author":0,"featured_media":0,"comment_status":"open","ping_status":"open","sticky":false,"template":"","format":"standard","meta":{"_jetpack_memberships_contains_paid_content":false,"footnotes":""},"categories":[10],"tags":[],"class_list":["post-1469380","post","type-post","status-publish","format-standard","hentry","category-noticias-nacionales","market-global"],"yoast_head":"<!-- This site is optimized with the Yoast SEO plugin v24.4 - https:\/\/yoast.com\/wordpress\/plugins\/seo\/ -->\n<title>Los migrantes venezolanos aportan m\u00e1s de US$ 10.600 millones al a\u00f1o en Am\u00e9rica Latina y el Caribe, seg\u00fan la OIM - Noticias<\/title>\n<meta name=\"robots\" content=\"index, follow, max-snippet:-1, max-image-preview:large, max-video-preview:-1\" \/>\n<link rel=\"canonical\" href=\"https:\/\/noticiasya.com\/2025\/12\/18\/migrantes-venezolanos-millones-economia-america-latina-caribe-oim-orix\/\" \/>\n<meta property=\"og:locale\" content=\"es_ES\" \/>\n<meta property=\"og:type\" content=\"article\" \/>\n<meta property=\"og:title\" content=\"Los migrantes venezolanos aportan m\u00e1s de US$ 10.600 millones al a\u00f1o en Am\u00e9rica Latina y el Caribe, seg\u00fan la OIM - Noticias\" \/>\n<meta property=\"og:description\" content=\"Los hogares venezolanos aportan m\u00e1s de US$ 10.600 millones al a\u00f1o a las econom\u00edas de Am\u00e9rica Latina y el Caribe, principalmente a trav\u00e9s del consumo en vivienda, alimentos, educaci\u00f3n y salud, de acuerdo con un nuevo informe de la Organizaci\u00f3n Internacional para las Migraciones (OIM). El nuevo estudio publicado este jueves se\u00f1ala que la migraci\u00f3n [&hellip;]\" \/>\n<meta property=\"og:url\" content=\"https:\/\/noticiasya.com\/2025\/12\/18\/migrantes-venezolanos-millones-economia-america-latina-caribe-oim-orix\/\" \/>\n<meta property=\"og:site_name\" content=\"Noticias\" \/>\n<meta property=\"article:published_time\" content=\"2025-12-18T14:03:47+00:00\" \/>\n<meta name=\"twitter:card\" content=\"summary_large_image\" \/>\n<meta name=\"twitter:label1\" content=\"Est. reading time\" \/>\n\t<meta name=\"twitter:data1\" content=\"3 minutos\" \/>\n<script type=\"application\/ld+json\" class=\"yoast-schema-graph\">{\"@context\":\"https:\/\/schema.org\",\"@graph\":[{\"@type\":\"Article\",\"@id\":\"https:\/\/noticiasya.com\/2025\/12\/18\/migrantes-venezolanos-millones-economia-america-latina-caribe-oim-orix\/#article\",\"isPartOf\":{\"@id\":\"https:\/\/noticiasya.com\/2025\/12\/18\/migrantes-venezolanos-millones-economia-america-latina-caribe-oim-orix\/\"},\"author\":{\"name\":\"\",\"@id\":\"\"},\"headline\":\"Los migrantes venezolanos aportan m\u00e1s de US$ 10.600 millones al a\u00f1o en Am\u00e9rica Latina y el Caribe, seg\u00fan la OIM\",\"datePublished\":\"2025-12-18T14:03:47+00:00\",\"mainEntityOfPage\":{\"@id\":\"https:\/\/noticiasya.com\/2025\/12\/18\/migrantes-venezolanos-millones-economia-america-latina-caribe-oim-orix\/\"},\"wordCount\":697,\"commentCount\":0,\"publisher\":{\"@id\":\"https:\/\/noticiasya.com\/#organization\"},\"articleSection\":[\"Noticias Nacionales\"],\"inLanguage\":\"es\",\"potentialAction\":[{\"@type\":\"CommentAction\",\"name\":\"Comment\",\"target\":[\"https:\/\/noticiasya.com\/2025\/12\/18\/migrantes-venezolanos-millones-economia-america-latina-caribe-oim-orix\/#respond\"]}]},{\"@type\":\"WebPage\",\"@id\":\"https:\/\/noticiasya.com\/2025\/12\/18\/migrantes-venezolanos-millones-economia-america-latina-caribe-oim-orix\/\",\"url\":\"https:\/\/noticiasya.com\/2025\/12\/18\/migrantes-venezolanos-millones-economia-america-latina-caribe-oim-orix\/\",\"name\":\"Los migrantes venezolanos aportan m\u00e1s de US$ 10.600 millones al a\u00f1o en Am\u00e9rica Latina y el Caribe, seg\u00fan la OIM - Noticias\",\"isPartOf\":{\"@id\":\"https:\/\/noticiasya.com\/#website\"},\"datePublished\":\"2025-12-18T14:03:47+00:00\",\"breadcrumb\":{\"@id\":\"https:\/\/noticiasya.com\/2025\/12\/18\/migrantes-venezolanos-millones-economia-america-latina-caribe-oim-orix\/#breadcrumb\"},\"inLanguage\":\"es\",\"potentialAction\":[{\"@type\":\"ReadAction\",\"target\":[\"https:\/\/noticiasya.com\/2025\/12\/18\/migrantes-venezolanos-millones-economia-america-latina-caribe-oim-orix\/\"]}]},{\"@type\":\"BreadcrumbList\",\"@id\":\"https:\/\/noticiasya.com\/2025\/12\/18\/migrantes-venezolanos-millones-economia-america-latina-caribe-oim-orix\/#breadcrumb\",\"itemListElement\":[{\"@type\":\"ListItem\",\"position\":1,\"name\":\"Home\",\"item\":\"https:\/\/noticiasya.com\/\"},{\"@type\":\"ListItem\",\"position\":2,\"name\":\"Los migrantes venezolanos aportan m\u00e1s de US$ 10.600 millones al a\u00f1o en Am\u00e9rica Latina y el Caribe, seg\u00fan la OIM\"}]},{\"@type\":\"WebSite\",\"@id\":\"https:\/\/noticiasya.com\/#website\",\"url\":\"https:\/\/noticiasya.com\/\",\"name\":\"Noticias\",\"description\":\"Lo que importa\",\"publisher\":{\"@id\":\"https:\/\/noticiasya.com\/#organization\"},\"potentialAction\":[{\"@type\":\"SearchAction\",\"target\":{\"@type\":\"EntryPoint\",\"urlTemplate\":\"https:\/\/noticiasya.com\/?s={search_term_string}\"},\"query-input\":{\"@type\":\"PropertyValueSpecification\",\"valueRequired\":true,\"valueName\":\"search_term_string\"}}],\"inLanguage\":\"es\"},{\"@type\":\"Organization\",\"@id\":\"https:\/\/noticiasya.com\/#organization\",\"name\":\"Noticias\",\"url\":\"https:\/\/noticiasya.com\/\",\"logo\":{\"@type\":\"ImageObject\",\"inLanguage\":\"es\",\"@id\":\"https:\/\/noticiasya.com\/#\/schema\/logo\/image\/\",\"url\":\"https:\/\/noticiasya.com\/wp-content\/uploads\/sites\/22\/2023\/12\/logo-nacional.png\",\"contentUrl\":\"https:\/\/noticiasya.com\/wp-content\/uploads\/sites\/22\/2023\/12\/logo-nacional.png\",\"width\":1801,\"height\":691,\"caption\":\"Noticias\"},\"image\":{\"@id\":\"https:\/\/noticiasya.com\/#\/schema\/logo\/image\/\"}}]}<\/script>\n<!-- \/ Yoast SEO plugin. -->","yoast_head_json":{"title":"Los migrantes venezolanos aportan m\u00e1s de US$ 10.600 millones al a\u00f1o en Am\u00e9rica Latina y el Caribe, seg\u00fan la OIM - Noticias","robots":{"index":"index","follow":"follow","max-snippet":"max-snippet:-1","max-image-preview":"max-image-preview:large","max-video-preview":"max-video-preview:-1"},"canonical":"https:\/\/noticiasya.com\/2025\/12\/18\/migrantes-venezolanos-millones-economia-america-latina-caribe-oim-orix\/","og_locale":"es_ES","og_type":"article","og_title":"Los migrantes venezolanos aportan m\u00e1s de US$ 10.600 millones al a\u00f1o en Am\u00e9rica Latina y el Caribe, seg\u00fan la OIM - Noticias","og_description":"Los hogares venezolanos aportan m\u00e1s de US$ 10.600 millones al a\u00f1o a las econom\u00edas de Am\u00e9rica Latina y el Caribe, principalmente a trav\u00e9s del consumo en vivienda, alimentos, educaci\u00f3n y salud, de acuerdo con un nuevo informe de la Organizaci\u00f3n Internacional para las Migraciones (OIM). El nuevo estudio publicado este jueves se\u00f1ala que la migraci\u00f3n [&hellip;]","og_url":"https:\/\/noticiasya.com\/2025\/12\/18\/migrantes-venezolanos-millones-economia-america-latina-caribe-oim-orix\/","og_site_name":"Noticias","article_published_time":"2025-12-18T14:03:47+00:00","twitter_card":"summary_large_image","twitter_misc":{"Est. reading time":"3 minutos"},"schema":{"@context":"https:\/\/schema.org","@graph":[{"@type":"Article","@id":"https:\/\/noticiasya.com\/2025\/12\/18\/migrantes-venezolanos-millones-economia-america-latina-caribe-oim-orix\/#article","isPartOf":{"@id":"https:\/\/noticiasya.com\/2025\/12\/18\/migrantes-venezolanos-millones-economia-america-latina-caribe-oim-orix\/"},"author":{"name":"","@id":""},"headline":"Los migrantes venezolanos aportan m\u00e1s de US$ 10.600 millones al a\u00f1o en Am\u00e9rica Latina y el Caribe, seg\u00fan la OIM","datePublished":"2025-12-18T14:03:47+00:00","mainEntityOfPage":{"@id":"https:\/\/noticiasya.com\/2025\/12\/18\/migrantes-venezolanos-millones-economia-america-latina-caribe-oim-orix\/"},"wordCount":697,"commentCount":0,"publisher":{"@id":"https:\/\/noticiasya.com\/#organization"},"articleSection":["Noticias Nacionales"],"inLanguage":"es","potentialAction":[{"@type":"CommentAction","name":"Comment","target":["https:\/\/noticiasya.com\/2025\/12\/18\/migrantes-venezolanos-millones-economia-america-latina-caribe-oim-orix\/#respond"]}]},{"@type":"WebPage","@id":"https:\/\/noticiasya.com\/2025\/12\/18\/migrantes-venezolanos-millones-economia-america-latina-caribe-oim-orix\/","url":"https:\/\/noticiasya.com\/2025\/12\/18\/migrantes-venezolanos-millones-economia-america-latina-caribe-oim-orix\/","name":"Los migrantes venezolanos aportan m\u00e1s de US$ 10.600 millones al a\u00f1o en Am\u00e9rica Latina y el Caribe, seg\u00fan la OIM - Noticias","isPartOf":{"@id":"https:\/\/noticiasya.com\/#website"},"datePublished":"2025-12-18T14:03:47+00:00","breadcrumb":{"@id":"https:\/\/noticiasya.com\/2025\/12\/18\/migrantes-venezolanos-millones-economia-america-latina-caribe-oim-orix\/#breadcrumb"},"inLanguage":"es","potentialAction":[{"@type":"ReadAction","target":["https:\/\/noticiasya.com\/2025\/12\/18\/migrantes-venezolanos-millones-economia-america-latina-caribe-oim-orix\/"]}]},{"@type":"BreadcrumbList","@id":"https:\/\/noticiasya.com\/2025\/12\/18\/migrantes-venezolanos-millones-economia-america-latina-caribe-oim-orix\/#breadcrumb","itemListElement":[{"@type":"ListItem","position":1,"name":"Home","item":"https:\/\/noticiasya.com\/"},{"@type":"ListItem","position":2,"name":"Los migrantes venezolanos aportan m\u00e1s de US$ 10.600 millones al a\u00f1o en Am\u00e9rica Latina y el Caribe, seg\u00fan la OIM"}]},{"@type":"WebSite","@id":"https:\/\/noticiasya.com\/#website","url":"https:\/\/noticiasya.com\/","name":"Noticias","description":"Lo que importa","publisher":{"@id":"https:\/\/noticiasya.com\/#organization"},"potentialAction":[{"@type":"SearchAction","target":{"@type":"EntryPoint","urlTemplate":"https:\/\/noticiasya.com\/?s={search_term_string}"},"query-input":{"@type":"PropertyValueSpecification","valueRequired":true,"valueName":"search_term_string"}}],"inLanguage":"es"},{"@type":"Organization","@id":"https:\/\/noticiasya.com\/#organization","name":"Noticias","url":"https:\/\/noticiasya.com\/","logo":{"@type":"ImageObject","inLanguage":"es","@id":"https:\/\/noticiasya.com\/#\/schema\/logo\/image\/","url":"https:\/\/noticiasya.com\/wp-content\/uploads\/sites\/22\/2023\/12\/logo-nacional.png","contentUrl":"https:\/\/noticiasya.com\/wp-content\/uploads\/sites\/22\/2023\/12\/logo-nacional.png","width":1801,"height":691,"caption":"Noticias"},"image":{"@id":"https:\/\/noticiasya.com\/#\/schema\/logo\/image\/"}}]}},"parsely":{"version":"1.1.0","canonical_url":"https:\/\/noticiasya.com\/midland-odessa\/2025\/12\/18\/migrantes-venezolanos-millones-economia-america-latina-caribe-oim-orix\/","smart_links":{"inbound":0,"outbound":0},"traffic_boost_suggestions_count":0,"meta":{"@context":"https:\/\/schema.org","@type":"NewsArticle","headline":"Los migrantes venezolanos aportan m\u00e1s de US$ 10.600 millones al a\u00f1o en Am\u00e9rica Latina y el Caribe, seg\u00fan la OIM","url":"http:\/\/noticiasya.com\/midland-odessa\/2025\/12\/18\/migrantes-venezolanos-millones-economia-america-latina-caribe-oim-orix\/","mainEntityOfPage":{"@type":"WebPage","@id":"http:\/\/noticiasya.com\/midland-odessa\/2025\/12\/18\/migrantes-venezolanos-millones-economia-america-latina-caribe-oim-orix\/"},"thumbnailUrl":"","image":{"@type":"ImageObject","url":""},"articleSection":"Noticias Nacionales","author":[],"creator":[],"publisher":{"@type":"Organization","name":"Noticias","logo":""},"keywords":[],"dateCreated":"2025-12-18T14:03:47Z","datePublished":"2025-12-18T14:03:47Z","dateModified":"2025-12-18T14:03:47Z"},"rendered":"<script type=\"application\/ld+json\" class=\"wp-parsely-metadata\">{\"@context\":\"https:\\\/\\\/schema.org\",\"@type\":\"NewsArticle\",\"headline\":\"Los migrantes venezolanos aportan m\\u00e1s de US$ 10.600 millones al a\\u00f1o en Am\\u00e9rica Latina y el Caribe, seg\\u00fan la OIM\",\"url\":\"http:\\\/\\\/noticiasya.com\\\/midland-odessa\\\/2025\\\/12\\\/18\\\/migrantes-venezolanos-millones-economia-america-latina-caribe-oim-orix\\\/\",\"mainEntityOfPage\":{\"@type\":\"WebPage\",\"@id\":\"http:\\\/\\\/noticiasya.com\\\/midland-odessa\\\/2025\\\/12\\\/18\\\/migrantes-venezolanos-millones-economia-america-latina-caribe-oim-orix\\\/\"},\"thumbnailUrl\":\"\",\"image\":{\"@type\":\"ImageObject\",\"url\":\"\"},\"articleSection\":\"Noticias Nacionales\",\"author\":[],\"creator\":[],\"publisher\":{\"@type\":\"Organization\",\"name\":\"Noticias\",\"logo\":\"\"},\"keywords\":[],\"dateCreated\":\"2025-12-18T14:03:47Z\",\"datePublished\":\"2025-12-18T14:03:47Z\",\"dateModified\":\"2025-12-18T14:03:47Z\"}<\/script>","tracker_url":"https:\/\/cdn.parsely.com\/keys\/noticiasya.com\/p.js"},"jetpack_featured_media_url":"","jetpack-related-posts":[{"id":1469416,"url":"https:\/\/noticiasya.com\/midland-odessa\/2025\/12\/19\/5-cosas-19-de-diciembre-orix\/","url_meta":{"origin":1469380,"position":0},"title":"Las 5 cosas que debes saber este 19 de diciembre: Trump y Venezuela, las t\u00e1cticas del Kremlin y acuerdo de TikTok","author":"","date":"diciembre 19, 2025","format":false,"excerpt":"Las nuevas t\u00e1cticas descaradas de Putin. Honduras comienza con retraso el escrutinio especial de votaciones. TikTok firma acuerdo para vender su entidad en EE.UU. Esto es lo que debes saber para comenzar el d\u00eda. Primero la verdad.Suscr\u00edbete aqu\u00ed para recibir el newsletter cada ma\u00f1ana en tu correo\ud83c\udf99 Escucha las 5\u2026","rel":"","context":"In &quot;Noticias Nacionales&quot;","block_context":{"text":"Noticias Nacionales","link":"https:\/\/noticiasya.com\/midland-odessa\/categoria\/noticias-nacionales"},"img":{"alt_text":"","src":"","width":0,"height":0},"classes":[]},{"id":1470252,"url":"https:\/\/noticiasya.com\/midland-odessa\/2026\/01\/20\/diaspora-venezolana-cuantos-donde-edad-8-millones-orix\/","url_meta":{"origin":1469380,"position":1},"title":"Maduro ya no est\u00e1 en el poder. As\u00ed viven los millones de venezolanos en el exilio que dudan si es momento de volver","author":"","date":"enero 20, 2026","format":false,"excerpt":"A\u00f1os de crisis econ\u00f3mica y social, escasez de servicios b\u00e1sicos, represi\u00f3n pol\u00edtica, inseguridad y deterioro institucional han obligado a millones de venezolanos a abandonar su pa\u00eds y reconstruir su vida en el exterior durante los a\u00f1os de gobierno del presidente derrocado Nicol\u00e1s Maduro.\u201cSal\u00ed de Venezuela en 2017, por razones pol\u00edticas\u2026","rel":"","context":"In &quot;Noticias Nacionales&quot;","block_context":{"text":"Noticias Nacionales","link":"https:\/\/noticiasya.com\/midland-odessa\/categoria\/noticias-nacionales"},"img":{"alt_text":"","src":"","width":0,"height":0},"classes":[]},{"id":1459645,"url":"https:\/\/noticiasya.com\/midland-odessa\/2025\/03\/07\/panama-autoriza-permanencia-112-deportados-estados-unidos-orix\/","url_meta":{"origin":1469380,"position":2},"title":"Panam\u00e1 autoriza la permanencia de 112 inmigrantes indocumentados deportados por Estados Unidos","author":"","date":"marzo 7, 2025","format":false,"excerpt":"El Gobierno de Panam\u00e1 autoriz\u00f3 este viernes la permanencia por 30 d\u00edas de 112 inmigrantes indocumentados deportados por Estados Unidos, inform\u00f3 el ministro de Seguridad del pa\u00eds, Frank \u00c1brego.Se trata de un permiso temporal humanitario de un mes que podr\u00eda extenderse hasta 90 d\u00edas, explic\u00f3 \u00c1brego en un encuentro con\u2026","rel":"","context":"In &quot;Noticias Nacionales&quot;","block_context":{"text":"Noticias Nacionales","link":"https:\/\/noticiasya.com\/midland-odessa\/categoria\/noticias-nacionales"},"img":{"alt_text":"","src":"","width":0,"height":0},"classes":[]},{"id":1465899,"url":"https:\/\/noticiasya.com\/midland-odessa\/2025\/08\/27\/migrantes-venezolanos-varados-regresar-orix\/","url_meta":{"origin":1469380,"position":3},"title":"&#171;La esperanza termin\u00f3&#187;: migrantes venezolanos varados en M\u00e9xico buscan regresar a casa","author":"","date":"agosto 27, 2025","format":false,"excerpt":"A mitad de una calurosa tarde de verano en Ciudad de M\u00e9xico, Jocelyn Carrillo y sus dos hijas esperan afuera de la Embajada de Venezuela a que llegue el transporte que las llevar\u00e1 al aeropuerto para tomar un vuelo humanitario de regreso a su pa\u00eds. Ahora, ya no importan los\u2026","rel":"","context":"In &quot;Noticias Nacionales&quot;","block_context":{"text":"Noticias Nacionales","link":"https:\/\/noticiasya.com\/midland-odessa\/categoria\/noticias-nacionales"},"img":{"alt_text":"","src":"","width":0,"height":0},"classes":[]},{"id":1451389,"url":"https:\/\/noticiasya.com\/midland-odessa\/2024\/07\/24\/muertos-desaparecidos-naufragio-barco-migrantes-mauritania-trax\/","url_meta":{"origin":1469380,"position":4},"title":"15 muertos y m\u00e1s de 195 desaparecidos tras el naufragio de un barco que transportaba migrantes en Mauritania","author":"","date":"julio 24, 2024","format":false,"excerpt":"(CNN) -- Al menos 15 personas murieron y m\u00e1s de 195 est\u00e1n desaparecidas despu\u00e9s de que un barco que transportaba migrantes se volcara cerca de la capital de Mauritania, Nouakchott, dijo este mi\u00e9rcoles la Organizaci\u00f3n Internacional para las Migraciones (OIM).Los guardacostas mauritanos han rescatado a 120 personas desde que el\u2026","rel":"","context":"In &quot;Noticias Nacionales&quot;","block_context":{"text":"Noticias Nacionales","link":"https:\/\/noticiasya.com\/midland-odessa\/categoria\/noticias-nacionales"},"img":{"alt_text":"","src":"","width":0,"height":0},"classes":[]},{"id":1459734,"url":"https:\/\/noticiasya.com\/midland-odessa\/2025\/03\/10\/panama-traslada-algunos-deportados-ee-uu-desde-darien-orix\/","url_meta":{"origin":1469380,"position":5},"title":"Gobierno de Panam\u00e1 traslada a la capital del pa\u00eds a algunos deportados de EE.UU. desde el albergue de San Vicente, en Dari\u00e9n","author":"","date":"marzo 10, 2025","format":false,"excerpt":"Al menos la mitad de los 112 migrantes indocumentados deportados de EE.UU. que estaban en el albergue de San Vicente, en Metet\u00ed, Dari\u00e9n, fueron trasladados a Ciudad de Panam\u00e1 el s\u00e1bado por la noche. El Ministerio de Seguridad de Panam\u00e1 confirm\u00f3 a CNN que en total se movilizaron 65 migrantes\u2026","rel":"","context":"In &quot;Noticias Nacionales&quot;","block_context":{"text":"Noticias Nacionales","link":"https:\/\/noticiasya.com\/midland-odessa\/categoria\/noticias-nacionales"},"img":{"alt_text":"","src":"","width":0,"height":0},"classes":[]}],"jetpack_sharing_enabled":true,"_links":{"self":[{"href":"https:\/\/noticiasya.com\/midland-odessa\/wp-json\/wp\/v2\/posts\/1469380","targetHints":{"allow":["GET"]}}],"collection":[{"href":"https:\/\/noticiasya.com\/midland-odessa\/wp-json\/wp\/v2\/posts"}],"about":[{"href":"https:\/\/noticiasya.com\/midland-odessa\/wp-json\/wp\/v2\/types\/post"}],"replies":[{"embeddable":true,"href":"https:\/\/noticiasya.com\/midland-odessa\/wp-json\/wp\/v2\/comments?post=1469380"}],"version-history":[{"count":0,"href":"https:\/\/noticiasya.com\/midland-odessa\/wp-json\/wp\/v2\/posts\/1469380\/revisions"}],"wp:attachment":[{"href":"https:\/\/noticiasya.com\/midland-odessa\/wp-json\/wp\/v2\/media?parent=1469380"}],"wp:term":[{"taxonomy":"category","embeddable":true,"href":"https:\/\/noticiasya.com\/midland-odessa\/wp-json\/wp\/v2\/categories?post=1469380"},{"taxonomy":"post_tag","embeddable":true,"href":"https:\/\/noticiasya.com\/midland-odessa\/wp-json\/wp\/v2\/tags?post=1469380"}],"curies":[{"name":"wp","href":"https:\/\/api.w.org\/{rel}","templated":true}]}}