{"id":1469383,"date":"2025-12-18T06:03:48","date_gmt":"2025-12-18T14:03:48","guid":{"rendered":"https:\/\/noticiasya.com\/2025\/12\/18\/congreso-brasil-ley-reducir-pena-jair-bolsonaro-efe\/"},"modified":"2025-12-18T06:03:48","modified_gmt":"2025-12-18T14:03:48","slug":"congreso-brasil-ley-reducir-pena-jair-bolsonaro-efe","status":"publish","type":"post","link":"https:\/\/noticiasya.com\/midland-odessa\/2025\/12\/18\/congreso-brasil-ley-reducir-pena-jair-bolsonaro-efe\/","title":{"rendered":"El Congreso de Brasil aprueba el proyecto que busca reducir la pena de Bolsonaro"},"content":{"rendered":"<p>El Senado brasile\u00f1o aprob\u00f3 este mi\u00e9rcoles el proyecto de ley que busca reducir las penas del expresidente ultraderechista Jair Bolsonaro, condenado a 27 a\u00f1os de prisi\u00f3n, y de otros participantes en la conspiraci\u00f3n golpista ocurrida tras las elecciones de 2022.<\/p>\n<p>El proyecto, que hab\u00eda sido aprobado la semana pasada en la C\u00e1mara de Diputados, cont\u00f3 con 48 votos a favor y 25 en contra, y ahora ser\u00e1 enviado a sanci\u00f3n presidencial.<\/p>\n<p>Entre los puntos principales, la medida impide que se acumulen las penas de dos de los cr\u00edmenes por los que fue condenado el exmandatario (2019-2022): el de intento de abolici\u00f3n violenta del Estado democr\u00e1tico de derecho y el de golpe de Estado.<\/p>\n<p>Por entender que se trata de tipos parecidos, se aplicar\u00eda solo la pena m\u00e1s grave de los dos, en este caso el de golpe de Estado, que prev\u00e9 hasta 12 a\u00f1os de prisi\u00f3n y que no se sumar\u00eda a la pena por intento de abolici\u00f3n violenta, que prev\u00e9 hasta ocho a\u00f1os de c\u00e1rcel.<\/p>\n<p>Adem\u00e1s, se propone reducir de un tercio a dos tercios la pena cuando los cr\u00edmenes por golpismo son practicados como parte de una \u201cmultitud\u201d, como sucedi\u00f3 en el asalto por parte de cientos de bolsonaristas a las sedes del Ejecutivo, el Congreso y la Corte Suprema en Brasilia el 8 de enero de 2023.<\/p>\n<p>Por \u00faltimo, el proyecto permite la progresi\u00f3n m\u00e1s r\u00e1pida del r\u00e9gimen cerrado al semiabierto para los condenados por estos cr\u00edmenes tras cumplir al menos una sexta parte de la pena.<\/p>\n<p>Bajo estos criterios, Bolsonaro, condenado por intento de golpe de Estado, podr\u00eda abandonar el r\u00e9gimen cerrado en poco m\u00e1s de dos a\u00f1os, aunque pasado ese per\u00edodo a\u00fan ser\u00eda obligado a dormir en la c\u00e1rcel y pasar los fines de semana recluidos durante un tiempo que ser\u00eda establecido por la Justicia.<\/p>\n<p>Entre los beneficiarios, figuran tambi\u00e9n altos cargos militares y antiguos ministros condenados por apoyar los planes del exmandatario para mantenerse en el poder pese a haber sido derrotado por el actual presidente, Luiz In\u00e1cio Lula da Silva, en las urnas.<\/p>\n<p>Durante la votaci\u00f3n previa en la Comisi\u00f3n de Constituci\u00f3n y Justicia del Senado (CCJ), el relator del proyecto, Esperidi\u00e3o Amin, acept\u00f3 incluir una enmienda en el texto original para restringir las condiciones para la reducci\u00f3n de la pena en r\u00e9gimen cerrado, espec\u00edficamente en lo que respecta a los delitos cometidos contra el Estado democr\u00e1tico de derecho.<\/p>\n<p>La enmienda, que fue clasificada como un \u201cajuste de redacci\u00f3n\u201d para evitar que el proyecto vuelva a la C\u00e1mara baja, limit\u00f3 los beneficiarios del proyecto a aquellos relacionados con los actos golpistas ocurridos tras las elecciones de 2022.<\/p>\n<p>Ese era uno de los argumentos principales de los detractores, que criticaban que el texto original del proyecto interfer\u00eda en sentencias ya consolidadas por la Corte Suprema y que pod\u00eda beneficiar a otros condenados por delitos graves.<\/p>\n<p>Para el relator, el proyecto busca \u201ccorregir distorsiones\u201d centr\u00e1ndose en las condenas de los actos del 8 de enero, ya que, seg\u00fan \u00e9l, \u201chay consenso en que la mano (del Supremo a la hora de juzgar) ha sido muy dura\u201d.<\/p>\n<p>Ahora el texto ser\u00e1 enviado para la sanci\u00f3n del presidente de la Rep\u00fablica, Luiz In\u00e1cio Lula da Silva, quien ya desliz\u00f3 que podr\u00eda vetarlo.<\/p>\n<p>Si esto sucede, el Congreso Nacional tiene poder para derribar el veto y aprobar el proyecto legislativo sin la firma del mandatario.<\/p>\n<p>The-CNN-Wire<br \/>&trade; &amp; &copy; 2025 Cable News Network, Inc., a Warner Bros. Discovery Company. All rights reserved.<\/p>\n","protected":false},"excerpt":{"rendered":"<p>El Senado brasile\u00f1o aprob\u00f3 este mi\u00e9rcoles el proyecto de ley que busca reducir las penas del expresidente ultraderechista Jair Bolsonaro, condenado a 27 a\u00f1os de prisi\u00f3n, y de otros participantes en la conspiraci\u00f3n golpista ocurrida tras las elecciones de 2022. El proyecto, que hab\u00eda sido aprobado la semana pasada en la C\u00e1mara de Diputados, cont\u00f3 [&hellip;]<\/p>\n","protected":false},"author":0,"featured_media":0,"comment_status":"open","ping_status":"open","sticky":false,"template":"","format":"standard","meta":{"_jetpack_memberships_contains_paid_content":false,"footnotes":""},"categories":[10],"tags":[],"class_list":["post-1469383","post","type-post","status-publish","format-standard","hentry","category-noticias-nacionales","market-global"],"yoast_head":"<!-- This site is optimized with the Yoast SEO plugin v24.4 - https:\/\/yoast.com\/wordpress\/plugins\/seo\/ -->\n<title>El Congreso de Brasil aprueba el proyecto que busca reducir la pena de Bolsonaro - Noticias<\/title>\n<meta name=\"robots\" content=\"index, follow, max-snippet:-1, max-image-preview:large, max-video-preview:-1\" \/>\n<link rel=\"canonical\" href=\"https:\/\/noticiasya.com\/2025\/12\/18\/congreso-brasil-ley-reducir-pena-jair-bolsonaro-efe\/\" \/>\n<meta property=\"og:locale\" content=\"es_ES\" \/>\n<meta property=\"og:type\" content=\"article\" \/>\n<meta property=\"og:title\" content=\"El Congreso de Brasil aprueba el proyecto que busca reducir la pena de Bolsonaro - Noticias\" \/>\n<meta property=\"og:description\" content=\"El Senado brasile\u00f1o aprob\u00f3 este mi\u00e9rcoles el proyecto de ley que busca reducir las penas del expresidente ultraderechista Jair Bolsonaro, condenado a 27 a\u00f1os de prisi\u00f3n, y de otros participantes en la conspiraci\u00f3n golpista ocurrida tras las elecciones de 2022. El proyecto, que hab\u00eda sido aprobado la semana pasada en la C\u00e1mara de Diputados, cont\u00f3 [&hellip;]\" \/>\n<meta property=\"og:url\" content=\"https:\/\/noticiasya.com\/2025\/12\/18\/congreso-brasil-ley-reducir-pena-jair-bolsonaro-efe\/\" \/>\n<meta property=\"og:site_name\" content=\"Noticias\" \/>\n<meta property=\"article:published_time\" content=\"2025-12-18T14:03:48+00:00\" \/>\n<meta name=\"twitter:card\" content=\"summary_large_image\" \/>\n<meta name=\"twitter:label1\" content=\"Est. reading time\" \/>\n\t<meta name=\"twitter:data1\" content=\"3 minutos\" \/>\n<script type=\"application\/ld+json\" class=\"yoast-schema-graph\">{\"@context\":\"https:\/\/schema.org\",\"@graph\":[{\"@type\":\"Article\",\"@id\":\"https:\/\/noticiasya.com\/2025\/12\/18\/congreso-brasil-ley-reducir-pena-jair-bolsonaro-efe\/#article\",\"isPartOf\":{\"@id\":\"https:\/\/noticiasya.com\/2025\/12\/18\/congreso-brasil-ley-reducir-pena-jair-bolsonaro-efe\/\"},\"author\":{\"name\":\"\",\"@id\":\"\"},\"headline\":\"El Congreso de Brasil aprueba el proyecto que busca reducir la pena de Bolsonaro\",\"datePublished\":\"2025-12-18T14:03:48+00:00\",\"mainEntityOfPage\":{\"@id\":\"https:\/\/noticiasya.com\/2025\/12\/18\/congreso-brasil-ley-reducir-pena-jair-bolsonaro-efe\/\"},\"wordCount\":633,\"commentCount\":0,\"publisher\":{\"@id\":\"https:\/\/noticiasya.com\/#organization\"},\"articleSection\":[\"Noticias Nacionales\"],\"inLanguage\":\"es\",\"potentialAction\":[{\"@type\":\"CommentAction\",\"name\":\"Comment\",\"target\":[\"https:\/\/noticiasya.com\/2025\/12\/18\/congreso-brasil-ley-reducir-pena-jair-bolsonaro-efe\/#respond\"]}]},{\"@type\":\"WebPage\",\"@id\":\"https:\/\/noticiasya.com\/2025\/12\/18\/congreso-brasil-ley-reducir-pena-jair-bolsonaro-efe\/\",\"url\":\"https:\/\/noticiasya.com\/2025\/12\/18\/congreso-brasil-ley-reducir-pena-jair-bolsonaro-efe\/\",\"name\":\"El Congreso de Brasil aprueba el proyecto que busca reducir la pena de Bolsonaro - Noticias\",\"isPartOf\":{\"@id\":\"https:\/\/noticiasya.com\/#website\"},\"datePublished\":\"2025-12-18T14:03:48+00:00\",\"breadcrumb\":{\"@id\":\"https:\/\/noticiasya.com\/2025\/12\/18\/congreso-brasil-ley-reducir-pena-jair-bolsonaro-efe\/#breadcrumb\"},\"inLanguage\":\"es\",\"potentialAction\":[{\"@type\":\"ReadAction\",\"target\":[\"https:\/\/noticiasya.com\/2025\/12\/18\/congreso-brasil-ley-reducir-pena-jair-bolsonaro-efe\/\"]}]},{\"@type\":\"BreadcrumbList\",\"@id\":\"https:\/\/noticiasya.com\/2025\/12\/18\/congreso-brasil-ley-reducir-pena-jair-bolsonaro-efe\/#breadcrumb\",\"itemListElement\":[{\"@type\":\"ListItem\",\"position\":1,\"name\":\"Home\",\"item\":\"https:\/\/noticiasya.com\/\"},{\"@type\":\"ListItem\",\"position\":2,\"name\":\"El Congreso de Brasil aprueba el proyecto que busca reducir la pena de Bolsonaro\"}]},{\"@type\":\"WebSite\",\"@id\":\"https:\/\/noticiasya.com\/#website\",\"url\":\"https:\/\/noticiasya.com\/\",\"name\":\"Noticias\",\"description\":\"Lo que importa\",\"publisher\":{\"@id\":\"https:\/\/noticiasya.com\/#organization\"},\"potentialAction\":[{\"@type\":\"SearchAction\",\"target\":{\"@type\":\"EntryPoint\",\"urlTemplate\":\"https:\/\/noticiasya.com\/?s={search_term_string}\"},\"query-input\":{\"@type\":\"PropertyValueSpecification\",\"valueRequired\":true,\"valueName\":\"search_term_string\"}}],\"inLanguage\":\"es\"},{\"@type\":\"Organization\",\"@id\":\"https:\/\/noticiasya.com\/#organization\",\"name\":\"Noticias\",\"url\":\"https:\/\/noticiasya.com\/\",\"logo\":{\"@type\":\"ImageObject\",\"inLanguage\":\"es\",\"@id\":\"https:\/\/noticiasya.com\/#\/schema\/logo\/image\/\",\"url\":\"https:\/\/noticiasya.com\/wp-content\/uploads\/sites\/22\/2023\/12\/logo-nacional.png\",\"contentUrl\":\"https:\/\/noticiasya.com\/wp-content\/uploads\/sites\/22\/2023\/12\/logo-nacional.png\",\"width\":1801,\"height\":691,\"caption\":\"Noticias\"},\"image\":{\"@id\":\"https:\/\/noticiasya.com\/#\/schema\/logo\/image\/\"}}]}<\/script>\n<!-- \/ Yoast SEO plugin. -->","yoast_head_json":{"title":"El Congreso de Brasil aprueba el proyecto que busca reducir la pena de Bolsonaro - Noticias","robots":{"index":"index","follow":"follow","max-snippet":"max-snippet:-1","max-image-preview":"max-image-preview:large","max-video-preview":"max-video-preview:-1"},"canonical":"https:\/\/noticiasya.com\/2025\/12\/18\/congreso-brasil-ley-reducir-pena-jair-bolsonaro-efe\/","og_locale":"es_ES","og_type":"article","og_title":"El Congreso de Brasil aprueba el proyecto que busca reducir la pena de Bolsonaro - Noticias","og_description":"El Senado brasile\u00f1o aprob\u00f3 este mi\u00e9rcoles el proyecto de ley que busca reducir las penas del expresidente ultraderechista Jair Bolsonaro, condenado a 27 a\u00f1os de prisi\u00f3n, y de otros participantes en la conspiraci\u00f3n golpista ocurrida tras las elecciones de 2022. El proyecto, que hab\u00eda sido aprobado la semana pasada en la C\u00e1mara de Diputados, cont\u00f3 [&hellip;]","og_url":"https:\/\/noticiasya.com\/2025\/12\/18\/congreso-brasil-ley-reducir-pena-jair-bolsonaro-efe\/","og_site_name":"Noticias","article_published_time":"2025-12-18T14:03:48+00:00","twitter_card":"summary_large_image","twitter_misc":{"Est. reading time":"3 minutos"},"schema":{"@context":"https:\/\/schema.org","@graph":[{"@type":"Article","@id":"https:\/\/noticiasya.com\/2025\/12\/18\/congreso-brasil-ley-reducir-pena-jair-bolsonaro-efe\/#article","isPartOf":{"@id":"https:\/\/noticiasya.com\/2025\/12\/18\/congreso-brasil-ley-reducir-pena-jair-bolsonaro-efe\/"},"author":{"name":"","@id":""},"headline":"El Congreso de Brasil aprueba el proyecto que busca reducir la pena de Bolsonaro","datePublished":"2025-12-18T14:03:48+00:00","mainEntityOfPage":{"@id":"https:\/\/noticiasya.com\/2025\/12\/18\/congreso-brasil-ley-reducir-pena-jair-bolsonaro-efe\/"},"wordCount":633,"commentCount":0,"publisher":{"@id":"https:\/\/noticiasya.com\/#organization"},"articleSection":["Noticias Nacionales"],"inLanguage":"es","potentialAction":[{"@type":"CommentAction","name":"Comment","target":["https:\/\/noticiasya.com\/2025\/12\/18\/congreso-brasil-ley-reducir-pena-jair-bolsonaro-efe\/#respond"]}]},{"@type":"WebPage","@id":"https:\/\/noticiasya.com\/2025\/12\/18\/congreso-brasil-ley-reducir-pena-jair-bolsonaro-efe\/","url":"https:\/\/noticiasya.com\/2025\/12\/18\/congreso-brasil-ley-reducir-pena-jair-bolsonaro-efe\/","name":"El Congreso de Brasil aprueba el proyecto que busca reducir la pena de Bolsonaro - Noticias","isPartOf":{"@id":"https:\/\/noticiasya.com\/#website"},"datePublished":"2025-12-18T14:03:48+00:00","breadcrumb":{"@id":"https:\/\/noticiasya.com\/2025\/12\/18\/congreso-brasil-ley-reducir-pena-jair-bolsonaro-efe\/#breadcrumb"},"inLanguage":"es","potentialAction":[{"@type":"ReadAction","target":["https:\/\/noticiasya.com\/2025\/12\/18\/congreso-brasil-ley-reducir-pena-jair-bolsonaro-efe\/"]}]},{"@type":"BreadcrumbList","@id":"https:\/\/noticiasya.com\/2025\/12\/18\/congreso-brasil-ley-reducir-pena-jair-bolsonaro-efe\/#breadcrumb","itemListElement":[{"@type":"ListItem","position":1,"name":"Home","item":"https:\/\/noticiasya.com\/"},{"@type":"ListItem","position":2,"name":"El Congreso de Brasil aprueba el proyecto que busca reducir la pena de Bolsonaro"}]},{"@type":"WebSite","@id":"https:\/\/noticiasya.com\/#website","url":"https:\/\/noticiasya.com\/","name":"Noticias","description":"Lo que importa","publisher":{"@id":"https:\/\/noticiasya.com\/#organization"},"potentialAction":[{"@type":"SearchAction","target":{"@type":"EntryPoint","urlTemplate":"https:\/\/noticiasya.com\/?s={search_term_string}"},"query-input":{"@type":"PropertyValueSpecification","valueRequired":true,"valueName":"search_term_string"}}],"inLanguage":"es"},{"@type":"Organization","@id":"https:\/\/noticiasya.com\/#organization","name":"Noticias","url":"https:\/\/noticiasya.com\/","logo":{"@type":"ImageObject","inLanguage":"es","@id":"https:\/\/noticiasya.com\/#\/schema\/logo\/image\/","url":"https:\/\/noticiasya.com\/wp-content\/uploads\/sites\/22\/2023\/12\/logo-nacional.png","contentUrl":"https:\/\/noticiasya.com\/wp-content\/uploads\/sites\/22\/2023\/12\/logo-nacional.png","width":1801,"height":691,"caption":"Noticias"},"image":{"@id":"https:\/\/noticiasya.com\/#\/schema\/logo\/image\/"}}]}},"parsely":{"version":"1.1.0","canonical_url":"https:\/\/noticiasya.com\/midland-odessa\/2025\/12\/18\/congreso-brasil-ley-reducir-pena-jair-bolsonaro-efe\/","smart_links":{"inbound":0,"outbound":0},"traffic_boost_suggestions_count":0,"meta":{"@context":"https:\/\/schema.org","@type":"NewsArticle","headline":"El Congreso de Brasil aprueba el proyecto que busca reducir la pena de Bolsonaro","url":"http:\/\/noticiasya.com\/midland-odessa\/2025\/12\/18\/congreso-brasil-ley-reducir-pena-jair-bolsonaro-efe\/","mainEntityOfPage":{"@type":"WebPage","@id":"http:\/\/noticiasya.com\/midland-odessa\/2025\/12\/18\/congreso-brasil-ley-reducir-pena-jair-bolsonaro-efe\/"},"thumbnailUrl":"","image":{"@type":"ImageObject","url":""},"articleSection":"Noticias Nacionales","author":[],"creator":[],"publisher":{"@type":"Organization","name":"Noticias","logo":""},"keywords":[],"dateCreated":"2025-12-18T14:03:48Z","datePublished":"2025-12-18T14:03:48Z","dateModified":"2025-12-18T14:03:48Z"},"rendered":"<script type=\"application\/ld+json\" class=\"wp-parsely-metadata\">{\"@context\":\"https:\\\/\\\/schema.org\",\"@type\":\"NewsArticle\",\"headline\":\"El Congreso de Brasil aprueba el proyecto que busca reducir la pena de Bolsonaro\",\"url\":\"http:\\\/\\\/noticiasya.com\\\/midland-odessa\\\/2025\\\/12\\\/18\\\/congreso-brasil-ley-reducir-pena-jair-bolsonaro-efe\\\/\",\"mainEntityOfPage\":{\"@type\":\"WebPage\",\"@id\":\"http:\\\/\\\/noticiasya.com\\\/midland-odessa\\\/2025\\\/12\\\/18\\\/congreso-brasil-ley-reducir-pena-jair-bolsonaro-efe\\\/\"},\"thumbnailUrl\":\"\",\"image\":{\"@type\":\"ImageObject\",\"url\":\"\"},\"articleSection\":\"Noticias Nacionales\",\"author\":[],\"creator\":[],\"publisher\":{\"@type\":\"Organization\",\"name\":\"Noticias\",\"logo\":\"\"},\"keywords\":[],\"dateCreated\":\"2025-12-18T14:03:48Z\",\"datePublished\":\"2025-12-18T14:03:48Z\",\"dateModified\":\"2025-12-18T14:03:48Z\"}<\/script>","tracker_url":"https:\/\/cdn.parsely.com\/keys\/noticiasya.com\/p.js"},"jetpack_featured_media_url":"","jetpack-related-posts":[{"id":1466581,"url":"https:\/\/noticiasya.com\/midland-odessa\/2025\/09\/18\/congreso-brasil-proyecto-amnistia-bolsonaro-orix\/","url_meta":{"origin":1469383,"position":0},"title":"El Congreso de Brasil acelera un proyecto de ley de aminist\u00eda que podr\u00eda beneficiar a Jair Bolsonaro","author":"","date":"septiembre 18, 2025","format":false,"excerpt":"La C\u00e1mara de Diputados de Brasil aprob\u00f3 este mi\u00e9rcoles la adopci\u00f3n de un \u201cr\u00e9gimen de urgencia\u201d para la votaci\u00f3n de un proyecto de ley que para concederle amnist\u00eda a los seguidores del expresidente Jair Bolsonaro que asaltaron las sedes de los tres podres en Brasilia en 2023 y que podr\u00eda\u2026","rel":"","context":"In &quot;Noticias Nacionales&quot;","block_context":{"text":"Noticias Nacionales","link":"https:\/\/noticiasya.com\/midland-odessa\/categoria\/noticias-nacionales"},"img":{"alt_text":"","src":"","width":0,"height":0},"classes":[]},{"id":1467802,"url":"https:\/\/noticiasya.com\/midland-odessa\/2025\/10\/28\/bolsonaro-apelacion-tribunal-supremo-brasil-efe\/","url_meta":{"origin":1469383,"position":1},"title":"Los abogados de Bolsonaro apelan ante el pleno del Tribunal Supremo la condena al expresidente","author":"","date":"octubre 28, 2025","format":false,"excerpt":"El expresidente brasile\u00f1o Jair Bolsonaro, condenado a 27 a\u00f1os de prisi\u00f3n por golpismo, le solicit\u00f3 este lunes a la Corte Suprema la reducci\u00f3n de la pena, en un recurso en el que aleg\u00f3 que su derecho a la amplia defensa fue violado.La defensa del l\u00edder ultraderechista present\u00f3 el recurso contra\u2026","rel":"","context":"In &quot;Noticias Nacionales&quot;","block_context":{"text":"Noticias Nacionales","link":"https:\/\/noticiasya.com\/midland-odessa\/categoria\/noticias-nacionales"},"img":{"alt_text":"","src":"","width":0,"height":0},"classes":[]},{"id":1466374,"url":"https:\/\/noticiasya.com\/midland-odessa\/2025\/09\/11\/brasil-tribunal-mayoria-condena-jair-bolsonaro-orix\/","url_meta":{"origin":1469383,"position":2},"title":"La Justicia de Brasil condena a Jair Bolsonaro a 27 a\u00f1os de prisi\u00f3n por tentativa de golpe de Estado","author":"","date":"septiembre 11, 2025","format":false,"excerpt":"El Supremo Tribunal de Brasil alcanz\u00f3 este jueves una mayor\u00eda de cuatro votos para condenar al expresidente Jair Bolsonaro por liderar un intento de golpe de Estado tras las elecciones de 2022, en un panel de cinco miembros. La Justicia conden\u00f3 al exmandatario a 27 a\u00f1os con tres meses de\u2026","rel":"","context":"In &quot;Noticias Nacionales&quot;","block_context":{"text":"Noticias Nacionales","link":"https:\/\/noticiasya.com\/midland-odessa\/categoria\/noticias-nacionales"},"img":{"alt_text":"","src":"","width":0,"height":0},"classes":[]},{"id":1468608,"url":"https:\/\/noticiasya.com\/midland-odessa\/2025\/11\/22\/sala-bolsonaro-detenido-bano-television-aire-acondicionado-efe\/","url_meta":{"origin":1469383,"position":3},"title":"La sala donde Bolsonaro permanecer\u00e1 detenido tiene ba\u00f1o, televisi\u00f3n y aire acondicionado","author":"","date":"noviembre 22, 2025","format":false,"excerpt":"El expresidente de Brasil Jair Bolsonaro, detenido preventivamente este s\u00e1bado, permanecer\u00e1 recluido en una sala de la sede de la Polic\u00eda Federal de Brasilia, donde contar\u00e1 con ba\u00f1o privado, televisi\u00f3n y aire acondicionado, seg\u00fan medios locales.Bolsonaro, condenado por intento de golpe de Estado, estar\u00e1 bajo custodia en un cuarto de\u2026","rel":"","context":"In &quot;Noticias Nacionales&quot;","block_context":{"text":"Noticias Nacionales","link":"https:\/\/noticiasya.com\/midland-odessa\/categoria\/noticias-nacionales"},"img":{"alt_text":"","src":"","width":0,"height":0},"classes":[]},{"id":1466375,"url":"https:\/\/noticiasya.com\/midland-odessa\/2025\/09\/11\/historica-sentencia-bolsonaro-brasil-orix\/","url_meta":{"origin":1469383,"position":4},"title":"La hist\u00f3rica sentencia a Bolsonaro: estos son los dos impactos m\u00e1s grandes \u2013y contradictorios- para Brasil","author":"","date":"septiembre 11, 2025","format":false,"excerpt":"Jair Bolsonaro se convirti\u00f3 este jueves en el primer expresidente de Brasil en ser condenado y sentenciado por un intento de golpe de Estado, un momento y una decisi\u00f3n altamente simb\u00f3licos en un pa\u00eds en el que los responsables de las interrupciones a la democracia y de las dictaduras nunca\u2026","rel":"","context":"In &quot;Noticias Nacionales&quot;","block_context":{"text":"Noticias Nacionales","link":"https:\/\/noticiasya.com\/midland-odessa\/categoria\/noticias-nacionales"},"img":{"alt_text":"","src":"","width":0,"height":0},"classes":[]},{"id":1466398,"url":"https:\/\/noticiasya.com\/midland-odessa\/2025\/09\/12\/proceso-judicial-jair-bolsonaro-carcel-comun\/","url_meta":{"origin":1469383,"position":5},"title":"Tras la condena, \u00bfpuede Bolsonaro ir a una c\u00e1rcel com\u00fan? Estos son los pr\u00f3ximos pasos del proceso","author":"","date":"septiembre 12, 2025","format":false,"excerpt":"El Supremo Tribunal Federal de Brasil conden\u00f3 al expresidente Jair Bolsonaro a 27 a\u00f1os y tres meses de prisi\u00f3n por intento de golpe de Estado. Ahora, la mirada est\u00e1 en los pasos a seguir en su proceso judicial y en los t\u00e9rminos en que se har\u00e1 efectivo el cumplimiento de\u2026","rel":"","context":"In &quot;Noticias Nacionales&quot;","block_context":{"text":"Noticias Nacionales","link":"https:\/\/noticiasya.com\/midland-odessa\/categoria\/noticias-nacionales"},"img":{"alt_text":"","src":"","width":0,"height":0},"classes":[]}],"jetpack_sharing_enabled":true,"_links":{"self":[{"href":"https:\/\/noticiasya.com\/midland-odessa\/wp-json\/wp\/v2\/posts\/1469383","targetHints":{"allow":["GET"]}}],"collection":[{"href":"https:\/\/noticiasya.com\/midland-odessa\/wp-json\/wp\/v2\/posts"}],"about":[{"href":"https:\/\/noticiasya.com\/midland-odessa\/wp-json\/wp\/v2\/types\/post"}],"replies":[{"embeddable":true,"href":"https:\/\/noticiasya.com\/midland-odessa\/wp-json\/wp\/v2\/comments?post=1469383"}],"version-history":[{"count":0,"href":"https:\/\/noticiasya.com\/midland-odessa\/wp-json\/wp\/v2\/posts\/1469383\/revisions"}],"wp:attachment":[{"href":"https:\/\/noticiasya.com\/midland-odessa\/wp-json\/wp\/v2\/media?parent=1469383"}],"wp:term":[{"taxonomy":"category","embeddable":true,"href":"https:\/\/noticiasya.com\/midland-odessa\/wp-json\/wp\/v2\/categories?post=1469383"},{"taxonomy":"post_tag","embeddable":true,"href":"https:\/\/noticiasya.com\/midland-odessa\/wp-json\/wp\/v2\/tags?post=1469383"}],"curies":[{"name":"wp","href":"https:\/\/api.w.org\/{rel}","templated":true}]}}