{"id":1469395,"date":"2025-12-18T11:03:41","date_gmt":"2025-12-18T19:03:41","guid":{"rendered":"https:\/\/noticiasya.com\/2025\/12\/18\/nuevas-fotos-patrimonio-epstein-trax\/"},"modified":"2025-12-18T11:03:41","modified_gmt":"2025-12-18T19:03:41","slug":"nuevas-fotos-patrimonio-epstein-trax","status":"publish","type":"post","link":"https:\/\/noticiasya.com\/midland-odessa\/2025\/12\/18\/nuevas-fotos-patrimonio-epstein-trax\/","title":{"rendered":"Dem\u00f3cratas de la C\u00e1mara revelan m\u00e1s fotos de Epstein ante la fecha l\u00edmite de publicaci\u00f3n de los archivos"},"content":{"rendered":"<p>Los dem\u00f3cratas de la Comisi\u00f3n de Supervisi\u00f3n de la C\u00e1mara de Representantes publicaron este jueves fotos del patrimonio de Jeffrey Epstein, la \u00faltima de una serie de revelaciones intermitentes que han impulsado una importante intriga pol\u00edtica en las \u00faltimas semanas <a href=\"https:\/\/www.cnn.com\/2025\/11\/19\/us\/jeffrey-epstein-emails-congress-trump-invs-vis\">sobre qui\u00e9n podr\u00eda haber estado asociado<\/a> con el delincuente sexual convicto.<\/p>\n<p>Las cinco fotograf\u00edas, publicadas sin contexto adicional por los miembros del panel, incluyen un pasaporte ucraniano con una anotaci\u00f3n femenina; al fil\u00f3sofo Noam Chomsky en un avi\u00f3n con Epstein; y a Bill Gates posando con una mujer cuyo rostro fue censurado por los dem\u00f3cratas del panel.<\/p>\n<p>Las im\u00e1genes tambi\u00e9n incluyen una captura de pantalla de un fragmento de una conversaci\u00f3n de texto en la que una persona habla sobre enviar chicas.<\/p>\n<p>\u201cNo s\u00e9, intenta enviar a alguien m\u00e1s. Tengo una amiga exploradora que me envi\u00f3 algunas chicas hoy. Pero pide US$ 1.000 por chica. Te enviar\u00e9 chicas ahora. \u00bfQuiz\u00e1s alguien le sirva a J?\u201d, dice la serie de mensajes. La persona env\u00eda una descripci\u00f3n detallada que incluye nombre, \u201c18 a\u00f1os\u201d, altura, medidas, peso, una nota sobre el espacio Schengen y una \u201cciudad de salida\u201d. Muchos de los datos est\u00e1n tachados, aunque la edad y una marca de verificaci\u00f3n junto a Schengen y Rusia son visibles.<\/p>\n<p>No se proporciona contexto en torno a esta conversaci\u00f3n y se desconoce qui\u00e9nes son los participantes en el intercambio de mensajes.<\/p>\n<p>Una quinta fotograf\u00eda muestra el pie de una mujer con una cita de \u201cLolita\u201d, la novela de Vladimir Nabokov sobre la obsesi\u00f3n sexual de un hombre con una ni\u00f1a de 12 a\u00f1os.<\/p>\n<p>No se aclar\u00f3 de inmediato cu\u00e1ndo ni d\u00f3nde fueron tomadas, ni qui\u00e9n las tom\u00f3.<\/p>\n<p>Los dem\u00f3cratas se\u00f1alaron que los administradores del patrimonio no proporcionaron contexto alguno sobre las im\u00e1genes compartidas con la comisi\u00f3n y afirmaron que las han publicado a medida que las recibieron, salvo las censuradas. Los dem\u00f3cratas han decidido qu\u00e9 fotos publicar, ya que el panel recibi\u00f3 m\u00e1s de 95.000 im\u00e1genes la semana pasada, que los legisladores a\u00fan est\u00e1n revisando.<\/p>\n<p>Los miembros del panel han declarado, con cada publicaci\u00f3n, que han censurado cualquier informaci\u00f3n personal identificable de las v\u00edctimas y sobrevivientes, o si se desconoce si una persona en la foto es v\u00edctima de abusos de Epstein.<\/p>\n<p>Los dem\u00f3cratas encargados de la supervisi\u00f3n han publicado fragmentos de las fotos entregadas a la comisi\u00f3n del patrimonio de Epstein la semana pasada, mientras que el panel, liderado por republicanos, suele publicar documentos e im\u00e1genes en una sola entrega, una vez que los legisladores los han revisado en su totalidad. Los republicanos de la comisi\u00f3n han acusado a los dem\u00f3cratas de seleccionar im\u00e1genes a su antojo para crear una narrativa espec\u00edfica.<\/p>\n<p>\u201cLos dem\u00f3cratas encargados de la supervisi\u00f3n continuar\u00e1n publicando fotograf\u00edas y documentos del patrimonio de Epstein para brindar transparencia al pueblo estadounidense\u201d, declar\u00f3 el miembro de mayor rango, Robert Garc\u00eda, en un comunicado. \u201cA medida que nos acercamos a la fecha l\u00edmite para la Ley de Transparencia de los Archivos de Epstein, estas nuevas im\u00e1genes plantean m\u00e1s preguntas sobre qu\u00e9 tiene exactamente en su poder el Departamento de Justicia. Debemos poner fin a este encubrimiento de la Casa Blanca, y el Departamento de Justicia debe publicar los archivos de Epstein ahora\u201d.<\/p>\n<p>Fotograf\u00edas anteriores del patrimonio de Epstein publicadas por los dem\u00f3cratas han mostrado la isla privada del difunto financiero y las muchas figuras poderosas en su \u00f3rbita.<\/p>\n<p>Gates y Chomsky han informado previamente de haber conocido a Epstein, y han aparecido en im\u00e1genes previas de su patrimonio. CNN se ha puesto en contacto con representantes de ambos.<\/p>\n<p>Un portavoz de Gates ha negado repetidamente que Epstein haya trabajado para \u00e9l. Gates ha dicho que lamenta haberse reunido con Epstein, y en 2021 declar\u00f3 a Anderson Cooper de CNN: \u201cFue un gran error pasar tiempo con \u00e9l, para darle la credibilidad de estar all\u00ed\u201d.<\/p>\n<p>Chomsky ha rechazado previamente las solicitudes de comentarios de CNN. Se sabe que escribi\u00f3 una carta de recomendaci\u00f3n para Epstein, habl\u00f3 con \u00e9l sobre ciencia y filosof\u00eda, y que Epstein lo invit\u00f3 a alojarse en una de sus casas en 2015.<\/p>\n<p>La comisi\u00f3n, liderada por republicanos, obtuvo las im\u00e1genes del patrimonio de Epstein como parte de su <a href=\"https:\/\/nam11.safelinks.protection.outlook.com\/?url=https%3A%2F%2Fwww.cnn.com%2F2025%2F11%2F21%2Fpolitics%2Fhouse-oversight-committee-epstein-files-investigation&#038;data=05%7C02%7CMegan.Trimble%40cnn.com%7C982581b8568f47e09a7c08de3e3c47d6%7C0eb48825e8714459bc72d0ecd68f1f39%7C0%7C0%7C639016625784160533%7CUnknown%7CTWFpbGZsb3d8eyJFbXB0eU1hcGkiOnRydWUsIlYiOiIwLjAuMDAwMCIsIlAiOiJXaW4zMiIsIkFOIjoiTWFpbCIsIldUIjoyfQ%3D%3D%7C0%7C%7C%7C&#038;sdata=jzaxEom%2FF5JNJVKGnBenMYg4%2BI9YaVfpgESY1fWc4ZI%3D&#038;reserved=0\">investigaci\u00f3n en curso<\/a>. Hasta la fecha, el panel ha publicado decenas de miles de documentos, correos electr\u00f3nicos y comunicaciones que recibi\u00f3 del patrimonio de Epstein.<\/p>\n<p>En una carta dirigida a la comisi\u00f3n, los abogados de los administradores del patrimonio indicaron que pod\u00edan revisar los videos y fotograf\u00edas que hab\u00edan solicitado, \u201ctomados en cualquier propiedad propia, alquilada, operada o utilizada por Epstein desde el 1 de enero de 1990 hasta el 10 de agosto de 2019\u201d.<\/p>\n<p>Si bien la comisi\u00f3n ha afirmado que los documentos obtenidos han seguido abriendo nuevas l\u00edneas de investigaci\u00f3n, las lentas revelaciones del Capitolio han sido, en ocasiones, francamente dolorosas para muchas de las v\u00edctimas de Epstein.<\/p>\n<p>En una <a href=\"https:\/\/www.cnn.com\/2025\/12\/16\/politics\/epstein-survivors-document-release\">entrevista reciente con CNN<\/a>, un grupo de sobrevivientes coment\u00f3 que no saber cu\u00e1ndo, ni qu\u00e9, podr\u00eda salir a la luz en un d\u00eda determinado ha sido una experiencia estresante. Tambi\u00e9n comentaron que algunas de las publicaciones hasta el momento les han despertado recuerdos de traumas que se remontan a a\u00f1os atr\u00e1s.<\/p>\n<p>Cientos de v\u00edctimas que se cree que fueron abusadas por Epstein se preparan actualmente para la publicaci\u00f3n de los archivos de Epstein por parte del Departamento de Justicia, una revelaci\u00f3n que se espera que sea de mayor alcance que cualquier otra que se haya publicado hasta la fecha.<\/p>\n<p>Sin embargo, el Departamento de Justicia, que tiene como fecha l\u00edmite el viernes para publicar sus archivos de investigaci\u00f3n en virtud de una ley aprobada por el Congreso el mes pasado, no ha detallado p\u00fablicamente el momento ni los par\u00e1metros espec\u00edficos de su pr\u00f3xima publicaci\u00f3n, y los sobrevivientes que hablaron con CNN afirmaron que no han recibido ninguna comunicaci\u00f3n del departamento para hablar al respecto.<\/p>\n<p>The-CNN-Wire<br \/>&trade; &amp; &copy; 2025 Cable News Network, Inc., a Warner Bros. Discovery Company. All rights reserved.<\/p>\n","protected":false},"excerpt":{"rendered":"<p>Los dem\u00f3cratas de la Comisi\u00f3n de Supervisi\u00f3n de la C\u00e1mara de Representantes publicaron este jueves fotos del patrimonio de Jeffrey Epstein, la \u00faltima de una serie de revelaciones intermitentes que han impulsado una importante intriga pol\u00edtica en las \u00faltimas semanas sobre qui\u00e9n podr\u00eda haber estado asociado con el delincuente sexual convicto. Las cinco fotograf\u00edas, publicadas [&hellip;]<\/p>\n","protected":false},"author":0,"featured_media":0,"comment_status":"open","ping_status":"open","sticky":false,"template":"","format":"standard","meta":{"_jetpack_memberships_contains_paid_content":false,"footnotes":""},"categories":[10],"tags":[],"class_list":["post-1469395","post","type-post","status-publish","format-standard","hentry","category-noticias-nacionales","market-global"],"yoast_head":"<!-- This site is optimized with the Yoast SEO plugin v24.4 - https:\/\/yoast.com\/wordpress\/plugins\/seo\/ -->\n<title>Dem\u00f3cratas de la C\u00e1mara revelan m\u00e1s fotos de Epstein ante la fecha l\u00edmite de publicaci\u00f3n de los archivos - Noticias<\/title>\n<meta name=\"robots\" content=\"index, follow, max-snippet:-1, max-image-preview:large, max-video-preview:-1\" \/>\n<link rel=\"canonical\" href=\"https:\/\/noticiasya.com\/2025\/12\/18\/nuevas-fotos-patrimonio-epstein-trax\/\" \/>\n<meta property=\"og:locale\" content=\"es_ES\" \/>\n<meta property=\"og:type\" content=\"article\" \/>\n<meta property=\"og:title\" content=\"Dem\u00f3cratas de la C\u00e1mara revelan m\u00e1s fotos de Epstein ante la fecha l\u00edmite de publicaci\u00f3n de los archivos - Noticias\" \/>\n<meta property=\"og:description\" content=\"Los dem\u00f3cratas de la Comisi\u00f3n de Supervisi\u00f3n de la C\u00e1mara de Representantes publicaron este jueves fotos del patrimonio de Jeffrey Epstein, la \u00faltima de una serie de revelaciones intermitentes que han impulsado una importante intriga pol\u00edtica en las \u00faltimas semanas sobre qui\u00e9n podr\u00eda haber estado asociado con el delincuente sexual convicto. Las cinco fotograf\u00edas, publicadas [&hellip;]\" \/>\n<meta property=\"og:url\" content=\"https:\/\/noticiasya.com\/2025\/12\/18\/nuevas-fotos-patrimonio-epstein-trax\/\" \/>\n<meta property=\"og:site_name\" content=\"Noticias\" \/>\n<meta property=\"article:published_time\" content=\"2025-12-18T19:03:41+00:00\" \/>\n<meta name=\"twitter:card\" content=\"summary_large_image\" \/>\n<meta name=\"twitter:label1\" content=\"Est. reading time\" \/>\n\t<meta name=\"twitter:data1\" content=\"5 minutos\" \/>\n<script type=\"application\/ld+json\" class=\"yoast-schema-graph\">{\"@context\":\"https:\/\/schema.org\",\"@graph\":[{\"@type\":\"Article\",\"@id\":\"https:\/\/noticiasya.com\/2025\/12\/18\/nuevas-fotos-patrimonio-epstein-trax\/#article\",\"isPartOf\":{\"@id\":\"https:\/\/noticiasya.com\/2025\/12\/18\/nuevas-fotos-patrimonio-epstein-trax\/\"},\"author\":{\"name\":\"\",\"@id\":\"\"},\"headline\":\"Dem\u00f3cratas de la C\u00e1mara revelan m\u00e1s fotos de Epstein ante la fecha l\u00edmite de publicaci\u00f3n de los archivos\",\"datePublished\":\"2025-12-18T19:03:41+00:00\",\"mainEntityOfPage\":{\"@id\":\"https:\/\/noticiasya.com\/2025\/12\/18\/nuevas-fotos-patrimonio-epstein-trax\/\"},\"wordCount\":1087,\"commentCount\":0,\"publisher\":{\"@id\":\"https:\/\/noticiasya.com\/#organization\"},\"articleSection\":[\"Noticias Nacionales\"],\"inLanguage\":\"es\",\"potentialAction\":[{\"@type\":\"CommentAction\",\"name\":\"Comment\",\"target\":[\"https:\/\/noticiasya.com\/2025\/12\/18\/nuevas-fotos-patrimonio-epstein-trax\/#respond\"]}]},{\"@type\":\"WebPage\",\"@id\":\"https:\/\/noticiasya.com\/2025\/12\/18\/nuevas-fotos-patrimonio-epstein-trax\/\",\"url\":\"https:\/\/noticiasya.com\/2025\/12\/18\/nuevas-fotos-patrimonio-epstein-trax\/\",\"name\":\"Dem\u00f3cratas de la C\u00e1mara revelan m\u00e1s fotos de Epstein ante la fecha l\u00edmite de publicaci\u00f3n de los archivos - Noticias\",\"isPartOf\":{\"@id\":\"https:\/\/noticiasya.com\/#website\"},\"datePublished\":\"2025-12-18T19:03:41+00:00\",\"breadcrumb\":{\"@id\":\"https:\/\/noticiasya.com\/2025\/12\/18\/nuevas-fotos-patrimonio-epstein-trax\/#breadcrumb\"},\"inLanguage\":\"es\",\"potentialAction\":[{\"@type\":\"ReadAction\",\"target\":[\"https:\/\/noticiasya.com\/2025\/12\/18\/nuevas-fotos-patrimonio-epstein-trax\/\"]}]},{\"@type\":\"BreadcrumbList\",\"@id\":\"https:\/\/noticiasya.com\/2025\/12\/18\/nuevas-fotos-patrimonio-epstein-trax\/#breadcrumb\",\"itemListElement\":[{\"@type\":\"ListItem\",\"position\":1,\"name\":\"Home\",\"item\":\"https:\/\/noticiasya.com\/\"},{\"@type\":\"ListItem\",\"position\":2,\"name\":\"Dem\u00f3cratas de la C\u00e1mara revelan m\u00e1s fotos de Epstein ante la fecha l\u00edmite de publicaci\u00f3n de los archivos\"}]},{\"@type\":\"WebSite\",\"@id\":\"https:\/\/noticiasya.com\/#website\",\"url\":\"https:\/\/noticiasya.com\/\",\"name\":\"Noticias\",\"description\":\"Lo que importa\",\"publisher\":{\"@id\":\"https:\/\/noticiasya.com\/#organization\"},\"potentialAction\":[{\"@type\":\"SearchAction\",\"target\":{\"@type\":\"EntryPoint\",\"urlTemplate\":\"https:\/\/noticiasya.com\/?s={search_term_string}\"},\"query-input\":{\"@type\":\"PropertyValueSpecification\",\"valueRequired\":true,\"valueName\":\"search_term_string\"}}],\"inLanguage\":\"es\"},{\"@type\":\"Organization\",\"@id\":\"https:\/\/noticiasya.com\/#organization\",\"name\":\"Noticias\",\"url\":\"https:\/\/noticiasya.com\/\",\"logo\":{\"@type\":\"ImageObject\",\"inLanguage\":\"es\",\"@id\":\"https:\/\/noticiasya.com\/#\/schema\/logo\/image\/\",\"url\":\"https:\/\/noticiasya.com\/wp-content\/uploads\/sites\/22\/2023\/12\/logo-nacional.png\",\"contentUrl\":\"https:\/\/noticiasya.com\/wp-content\/uploads\/sites\/22\/2023\/12\/logo-nacional.png\",\"width\":1801,\"height\":691,\"caption\":\"Noticias\"},\"image\":{\"@id\":\"https:\/\/noticiasya.com\/#\/schema\/logo\/image\/\"}}]}<\/script>\n<!-- \/ Yoast SEO plugin. -->","yoast_head_json":{"title":"Dem\u00f3cratas de la C\u00e1mara revelan m\u00e1s fotos de Epstein ante la fecha l\u00edmite de publicaci\u00f3n de los archivos - Noticias","robots":{"index":"index","follow":"follow","max-snippet":"max-snippet:-1","max-image-preview":"max-image-preview:large","max-video-preview":"max-video-preview:-1"},"canonical":"https:\/\/noticiasya.com\/2025\/12\/18\/nuevas-fotos-patrimonio-epstein-trax\/","og_locale":"es_ES","og_type":"article","og_title":"Dem\u00f3cratas de la C\u00e1mara revelan m\u00e1s fotos de Epstein ante la fecha l\u00edmite de publicaci\u00f3n de los archivos - Noticias","og_description":"Los dem\u00f3cratas de la Comisi\u00f3n de Supervisi\u00f3n de la C\u00e1mara de Representantes publicaron este jueves fotos del patrimonio de Jeffrey Epstein, la \u00faltima de una serie de revelaciones intermitentes que han impulsado una importante intriga pol\u00edtica en las \u00faltimas semanas sobre qui\u00e9n podr\u00eda haber estado asociado con el delincuente sexual convicto. Las cinco fotograf\u00edas, publicadas [&hellip;]","og_url":"https:\/\/noticiasya.com\/2025\/12\/18\/nuevas-fotos-patrimonio-epstein-trax\/","og_site_name":"Noticias","article_published_time":"2025-12-18T19:03:41+00:00","twitter_card":"summary_large_image","twitter_misc":{"Est. reading time":"5 minutos"},"schema":{"@context":"https:\/\/schema.org","@graph":[{"@type":"Article","@id":"https:\/\/noticiasya.com\/2025\/12\/18\/nuevas-fotos-patrimonio-epstein-trax\/#article","isPartOf":{"@id":"https:\/\/noticiasya.com\/2025\/12\/18\/nuevas-fotos-patrimonio-epstein-trax\/"},"author":{"name":"","@id":""},"headline":"Dem\u00f3cratas de la C\u00e1mara revelan m\u00e1s fotos de Epstein ante la fecha l\u00edmite de publicaci\u00f3n de los archivos","datePublished":"2025-12-18T19:03:41+00:00","mainEntityOfPage":{"@id":"https:\/\/noticiasya.com\/2025\/12\/18\/nuevas-fotos-patrimonio-epstein-trax\/"},"wordCount":1087,"commentCount":0,"publisher":{"@id":"https:\/\/noticiasya.com\/#organization"},"articleSection":["Noticias Nacionales"],"inLanguage":"es","potentialAction":[{"@type":"CommentAction","name":"Comment","target":["https:\/\/noticiasya.com\/2025\/12\/18\/nuevas-fotos-patrimonio-epstein-trax\/#respond"]}]},{"@type":"WebPage","@id":"https:\/\/noticiasya.com\/2025\/12\/18\/nuevas-fotos-patrimonio-epstein-trax\/","url":"https:\/\/noticiasya.com\/2025\/12\/18\/nuevas-fotos-patrimonio-epstein-trax\/","name":"Dem\u00f3cratas de la C\u00e1mara revelan m\u00e1s fotos de Epstein ante la fecha l\u00edmite de publicaci\u00f3n de los archivos - Noticias","isPartOf":{"@id":"https:\/\/noticiasya.com\/#website"},"datePublished":"2025-12-18T19:03:41+00:00","breadcrumb":{"@id":"https:\/\/noticiasya.com\/2025\/12\/18\/nuevas-fotos-patrimonio-epstein-trax\/#breadcrumb"},"inLanguage":"es","potentialAction":[{"@type":"ReadAction","target":["https:\/\/noticiasya.com\/2025\/12\/18\/nuevas-fotos-patrimonio-epstein-trax\/"]}]},{"@type":"BreadcrumbList","@id":"https:\/\/noticiasya.com\/2025\/12\/18\/nuevas-fotos-patrimonio-epstein-trax\/#breadcrumb","itemListElement":[{"@type":"ListItem","position":1,"name":"Home","item":"https:\/\/noticiasya.com\/"},{"@type":"ListItem","position":2,"name":"Dem\u00f3cratas de la C\u00e1mara revelan m\u00e1s fotos de Epstein ante la fecha l\u00edmite de publicaci\u00f3n de los archivos"}]},{"@type":"WebSite","@id":"https:\/\/noticiasya.com\/#website","url":"https:\/\/noticiasya.com\/","name":"Noticias","description":"Lo que importa","publisher":{"@id":"https:\/\/noticiasya.com\/#organization"},"potentialAction":[{"@type":"SearchAction","target":{"@type":"EntryPoint","urlTemplate":"https:\/\/noticiasya.com\/?s={search_term_string}"},"query-input":{"@type":"PropertyValueSpecification","valueRequired":true,"valueName":"search_term_string"}}],"inLanguage":"es"},{"@type":"Organization","@id":"https:\/\/noticiasya.com\/#organization","name":"Noticias","url":"https:\/\/noticiasya.com\/","logo":{"@type":"ImageObject","inLanguage":"es","@id":"https:\/\/noticiasya.com\/#\/schema\/logo\/image\/","url":"https:\/\/noticiasya.com\/wp-content\/uploads\/sites\/22\/2023\/12\/logo-nacional.png","contentUrl":"https:\/\/noticiasya.com\/wp-content\/uploads\/sites\/22\/2023\/12\/logo-nacional.png","width":1801,"height":691,"caption":"Noticias"},"image":{"@id":"https:\/\/noticiasya.com\/#\/schema\/logo\/image\/"}}]}},"parsely":{"version":"1.1.0","canonical_url":"https:\/\/noticiasya.com\/midland-odessa\/2025\/12\/18\/nuevas-fotos-patrimonio-epstein-trax\/","smart_links":{"inbound":0,"outbound":0},"traffic_boost_suggestions_count":0,"meta":{"@context":"https:\/\/schema.org","@type":"NewsArticle","headline":"Dem\u00f3cratas de la C\u00e1mara revelan m\u00e1s fotos de Epstein ante la fecha l\u00edmite de publicaci\u00f3n de los archivos","url":"http:\/\/noticiasya.com\/midland-odessa\/2025\/12\/18\/nuevas-fotos-patrimonio-epstein-trax\/","mainEntityOfPage":{"@type":"WebPage","@id":"http:\/\/noticiasya.com\/midland-odessa\/2025\/12\/18\/nuevas-fotos-patrimonio-epstein-trax\/"},"thumbnailUrl":"","image":{"@type":"ImageObject","url":""},"articleSection":"Noticias Nacionales","author":[],"creator":[],"publisher":{"@type":"Organization","name":"Noticias","logo":""},"keywords":[],"dateCreated":"2025-12-18T19:03:41Z","datePublished":"2025-12-18T19:03:41Z","dateModified":"2025-12-18T19:03:41Z"},"rendered":"<script type=\"application\/ld+json\" class=\"wp-parsely-metadata\">{\"@context\":\"https:\\\/\\\/schema.org\",\"@type\":\"NewsArticle\",\"headline\":\"Dem\\u00f3cratas de la C\\u00e1mara revelan m\\u00e1s fotos de Epstein ante la fecha l\\u00edmite de publicaci\\u00f3n de los archivos\",\"url\":\"http:\\\/\\\/noticiasya.com\\\/midland-odessa\\\/2025\\\/12\\\/18\\\/nuevas-fotos-patrimonio-epstein-trax\\\/\",\"mainEntityOfPage\":{\"@type\":\"WebPage\",\"@id\":\"http:\\\/\\\/noticiasya.com\\\/midland-odessa\\\/2025\\\/12\\\/18\\\/nuevas-fotos-patrimonio-epstein-trax\\\/\"},\"thumbnailUrl\":\"\",\"image\":{\"@type\":\"ImageObject\",\"url\":\"\"},\"articleSection\":\"Noticias Nacionales\",\"author\":[],\"creator\":[],\"publisher\":{\"@type\":\"Organization\",\"name\":\"Noticias\",\"logo\":\"\"},\"keywords\":[],\"dateCreated\":\"2025-12-18T19:03:41Z\",\"datePublished\":\"2025-12-18T19:03:41Z\",\"dateModified\":\"2025-12-18T19:03:41Z\"}<\/script>","tracker_url":"https:\/\/cdn.parsely.com\/keys\/noticiasya.com\/p.js"},"jetpack_featured_media_url":"","jetpack-related-posts":[{"id":1469216,"url":"https:\/\/noticiasya.com\/midland-odessa\/2025\/12\/12\/fotos-patrimonio-epstein-trump-clinton-trax\/","url_meta":{"origin":1469395,"position":0},"title":"Publican m\u00e1s fotos del archivo de Jeffrey Epstein que muestran a Trump, Bannon, Bill Clinton y otras figuras de alto perfil","author":"","date":"diciembre 12, 2025","format":false,"excerpt":"Los dem\u00f3cratas de la Comisi\u00f3n de Supervisi\u00f3n de la C\u00e1mara de Representantes publicaron este viernes fotos del patrimonio de Jeffrey Epstein que muestran a numerosas figuras poderosas en la \u00f3rbita del difunto traficante sexual, incluyendo al presidente Donald Trump, al expresidente Bill Clinton, a Steve Bannon, Bill Gates, Richard Branson\u2026","rel":"","context":"In &quot;Noticias Nacionales&quot;","block_context":{"text":"Noticias Nacionales","link":"https:\/\/noticiasya.com\/midland-odessa\/categoria\/noticias-nacionales"},"img":{"alt_text":"","src":"","width":0,"height":0},"classes":[]},{"id":1468933,"url":"https:\/\/noticiasya.com\/midland-odessa\/2025\/12\/03\/divulgan-fotos-isla-epstein-trax\/","url_meta":{"origin":1469395,"position":1},"title":"Dem\u00f3cratas de la C\u00e1mara de Representantes revelan fotos y videos de la isla privada de Epstein","author":"","date":"diciembre 3, 2025","format":false,"excerpt":"Los dem\u00f3cratas de la Comisi\u00f3n de Supervisi\u00f3n de la C\u00e1mara de Representantes divulgaron este mi\u00e9rcoles nuevas fotos y videos de una isla privada en el Caribe que perteneci\u00f3 a Jeffrey Epstein, arrojando nueva luz sobre lo que fue el epicentro de las d\u00e9cadas de abuso de ni\u00f1as y mujeres por\u2026","rel":"","context":"In &quot;Noticias Nacionales&quot;","block_context":{"text":"Noticias Nacionales","link":"https:\/\/noticiasya.com\/midland-odessa\/categoria\/noticias-nacionales"},"img":{"alt_text":"","src":"","width":0,"height":0},"classes":[]},{"id":1468267,"url":"https:\/\/noticiasya.com\/midland-odessa\/2025\/11\/12\/trump-epstein-nuevos-correos-trax\/","url_meta":{"origin":1469395,"position":2},"title":"Epstein mencion\u00f3 a Trump varias veces en correos electr\u00f3nicos privados, seg\u00fan revelan nuevos documentos","author":"","date":"noviembre 12, 2025","format":false,"excerpt":"Jeffrey Epstein, el delincuente sexual convicto cuyo suicidio ha generado un intenso escrutinio sobre las personas influyentes que lo rodeaban, mencion\u00f3 a Donald Trump por su nombre varias veces en correspondencia privada que mantuvo durante los \u00faltimos 15 a\u00f1os con un socio y autor del c\u00edrculo de Trump, seg\u00fan correos\u2026","rel":"","context":"In &quot;Noticias Nacionales&quot;","block_context":{"text":"Noticias Nacionales","link":"https:\/\/noticiasya.com\/midland-odessa\/categoria\/noticias-nacionales"},"img":{"alt_text":"","src":"","width":0,"height":0},"classes":[]},{"id":1466274,"url":"https:\/\/noticiasya.com\/midland-odessa\/2025\/09\/08\/camara-representantes-patrimonio-epstein-trump-trax\/","url_meta":{"origin":1469395,"position":3},"title":"Comisi\u00f3n de la C\u00e1mara de Representantes publica &#171;libro de cumplea\u00f1os&#187; y otros registros del patrimonio de Epstein","author":"","date":"septiembre 8, 2025","format":false,"excerpt":"La Comisi\u00f3n de Supervisi\u00f3n de la C\u00e1mara de Representantes public\u00f3 este lunes por la noche registros del patrimonio de Jeffrey Epstein, incluida una colecci\u00f3n de cartas regaladas al fallecido delincuente sexual convicto por su 50\u00b0 cumplea\u00f1os que inclu\u00eda una nota con el nombre del presidente Donald Trump.Adem\u00e1s del \u201clibro de\u2026","rel":"","context":"In &quot;Noticias Nacionales&quot;","block_context":{"text":"Noticias Nacionales","link":"https:\/\/noticiasya.com\/midland-odessa\/categoria\/noticias-nacionales"},"img":{"alt_text":"","src":"","width":0,"height":0},"classes":[]},{"id":1470723,"url":"https:\/\/noticiasya.com\/midland-odessa\/2026\/02\/01\/archivos-epstein-sobre-bill-clinton-trax\/","url_meta":{"origin":1469395,"position":4},"title":"Con una votaci\u00f3n por desacato en el horizonte, esto es lo que dicen los archivos de Epstein sobre los Clinton","author":"","date":"febrero 1, 2026","format":false,"excerpt":"La \u00faltima publicaci\u00f3n de archivos de Epstein por parte del Departamento de Justicia ofrece nuevas perspectivas sobre c\u00f3mo el personal del expresidente Bill Clinton se comunicaba con Jeffrey Epstein y su antigua asociada Ghislaine Maxwell, incluyendo intercambios de correos electr\u00f3nicos a veces subidos de tono.La divulgaci\u00f3n de documentos llega pocos\u2026","rel":"","context":"In &quot;Noticias Nacionales&quot;","block_context":{"text":"Noticias Nacionales","link":"https:\/\/noticiasya.com\/midland-odessa\/categoria\/noticias-nacionales"},"img":{"alt_text":"","src":"","width":0,"height":0},"classes":[]},{"id":1468523,"url":"https:\/\/noticiasya.com\/midland-odessa\/2025\/11\/19\/trump-firma-ley-publicar-archivos-epstein-trax\/","url_meta":{"origin":1469395,"position":5},"title":"Trump firma ley que obliga al Departamento de Justicia a publicar los archivos de Epstein","author":"","date":"noviembre 19, 2025","format":false,"excerpt":"El presidente de EE.UU., Donald Trump, anunci\u00f3 este mi\u00e9rcoles que firm\u00f3 la ley que ordena al Departamento de Justicia publicar todos los archivos relacionados con Jeffrey Epstein.Trump dio a conocer la firma en una extensa publicaci\u00f3n en redes sociales, presentando la divulgaci\u00f3n de los archivos como un esfuerzo de transparencia\u2026","rel":"","context":"In &quot;Noticias Nacionales&quot;","block_context":{"text":"Noticias Nacionales","link":"https:\/\/noticiasya.com\/midland-odessa\/categoria\/noticias-nacionales"},"img":{"alt_text":"","src":"","width":0,"height":0},"classes":[]}],"jetpack_sharing_enabled":true,"_links":{"self":[{"href":"https:\/\/noticiasya.com\/midland-odessa\/wp-json\/wp\/v2\/posts\/1469395","targetHints":{"allow":["GET"]}}],"collection":[{"href":"https:\/\/noticiasya.com\/midland-odessa\/wp-json\/wp\/v2\/posts"}],"about":[{"href":"https:\/\/noticiasya.com\/midland-odessa\/wp-json\/wp\/v2\/types\/post"}],"replies":[{"embeddable":true,"href":"https:\/\/noticiasya.com\/midland-odessa\/wp-json\/wp\/v2\/comments?post=1469395"}],"version-history":[{"count":0,"href":"https:\/\/noticiasya.com\/midland-odessa\/wp-json\/wp\/v2\/posts\/1469395\/revisions"}],"wp:attachment":[{"href":"https:\/\/noticiasya.com\/midland-odessa\/wp-json\/wp\/v2\/media?parent=1469395"}],"wp:term":[{"taxonomy":"category","embeddable":true,"href":"https:\/\/noticiasya.com\/midland-odessa\/wp-json\/wp\/v2\/categories?post=1469395"},{"taxonomy":"post_tag","embeddable":true,"href":"https:\/\/noticiasya.com\/midland-odessa\/wp-json\/wp\/v2\/tags?post=1469395"}],"curies":[{"name":"wp","href":"https:\/\/api.w.org\/{rel}","templated":true}]}}