{"id":1469399,"date":"2025-12-18T14:03:45","date_gmt":"2025-12-18T22:03:45","guid":{"rendered":"https:\/\/noticiasya.com\/2025\/12\/18\/finalissima-argentina-espana-fecha-lugar-orix\/"},"modified":"2025-12-18T14:03:45","modified_gmt":"2025-12-18T22:03:45","slug":"finalissima-argentina-espana-fecha-lugar-orix","status":"publish","type":"post","link":"https:\/\/noticiasya.com\/midland-odessa\/2025\/12\/18\/finalissima-argentina-espana-fecha-lugar-orix\/","title":{"rendered":"La Finalissima entre Argentina y Espa\u00f1a ya tiene fecha, hora y lugar"},"content":{"rendered":"<p>La esperada Finalissima entre Espa\u00f1a, campeona de Europa, y Argentina, campeona de Sudam\u00e9rica, ya tiene fecha y sede confirmadas.<\/p>\n<p>Se jugar\u00e1 el 27 de marzo en el estadio Lusail de Qatar, escenario de la final del <a href=\"https:\/\/cnnespanol.cnn.com\/deportes\/mundial-2026\">Mundial<\/a> 2022, donde Argentina se coron\u00f3 campe\u00f3n del mundo por tercera ocasi\u00f3n el 18 de diciembre de ese a\u00f1o.<\/p>\n<p>El anuncio lo realizaron este jueves la Conmebol y la UEFA, junto a la Real Federaci\u00f3n Espa\u00f1ola de F\u00fatbol (RFEF) y la Asociaci\u00f3n del F\u00fatbol Argentino (AFA).<\/p>\n<p>La Finalissima es fruto de la colaboraci\u00f3n entre la UEFA y la Conmebol, y enfrenta a las selecciones campeonas de la Eurocopa y la Copa Am\u00e9rica. El partido comenzar\u00e1 a las 9 p.m., hora local (1 p.m., hora del Este de Estados Unidos).<\/p>\n<p>Esta es la primera vez que Espa\u00f1a compite por el t\u00edtulo, pese a haber ganado la Eurocopa en dos ocasiones anteriores (2008, 2012). El evento no se llev\u00f3 a cabo por esos a\u00f1os debido a distintas razones, como la creaci\u00f3n de la Copa Confederaciones o la falta de acuerdo entre los campeones.<\/p>\n<p>La Finalissima ha tenido tres ediciones: las de 1985 y 1993, bajo el nombre de Copa Artemio Franchi, ganadas por Francia (2-0 ante Uruguay) y Argentina (por penales ante Dinamarca).<\/p>\n<p>Espa\u00f1a, dirigida por Luis de la Fuente, llega como vigente campe\u00f3n de Europa y n\u00famero uno del ranking FIFA, por delante, precisamente, de Argentina.<\/p>\n<p>En total, Espa\u00f1a y Argentina se han enfrentado 14 veces, con seis victorias para cada uno y dos empates.<\/p>\n<p>El presidente de la UEFA, Aleksander \u010ceferin, destac\u00f3 que la Finalissima \u201cre\u00fane a dos campeones continentales en uno de los eventos m\u00e1s prestigiosos del f\u00fatbol, lo que pone de relieve el alcance global de este deporte y el v\u00ednculo duradero entre nuestras confederaciones\u201d.<\/p>\n<p>Por su parte, el presidente de la Conmebol, Alejandro Dom\u00ednguez, subray\u00f3 que este partido \u201ces m\u00e1s que una competici\u00f3n; es un s\u00edmbolo de cooperaci\u00f3n y respeto entre confederaciones, y una oportunidad para que los aficionados disfruten de un evento verdaderamente hist\u00f3rico\u201d.<\/p>\n<p>El partido tendr\u00e1 el valor agregado de suceder a tres meses del Mundial 2026, con lo que servir\u00e1 para ver c\u00f3mo llegan ambos seleccionados a la fiesta de Norteam\u00e9rica y mostrar\u00e1 los detalles que ambos deben pulir.<\/p>\n<p>The-CNN-Wire<br \/>&trade; &amp; &copy; 2025 Cable News Network, Inc., a Warner Bros. Discovery Company. All rights reserved.<\/p>\n","protected":false},"excerpt":{"rendered":"<p>La esperada Finalissima entre Espa\u00f1a, campeona de Europa, y Argentina, campeona de Sudam\u00e9rica, ya tiene fecha y sede confirmadas. Se jugar\u00e1 el 27 de marzo en el estadio Lusail de Qatar, escenario de la final del Mundial 2022, donde Argentina se coron\u00f3 campe\u00f3n del mundo por tercera ocasi\u00f3n el 18 de diciembre de ese a\u00f1o. [&hellip;]<\/p>\n","protected":false},"author":0,"featured_media":0,"comment_status":"open","ping_status":"open","sticky":false,"template":"","format":"standard","meta":{"_jetpack_memberships_contains_paid_content":false,"footnotes":""},"categories":[10],"tags":[],"class_list":["post-1469399","post","type-post","status-publish","format-standard","hentry","category-noticias-nacionales","market-global"],"yoast_head":"<!-- This site is optimized with the Yoast SEO plugin v24.4 - https:\/\/yoast.com\/wordpress\/plugins\/seo\/ -->\n<title>La Finalissima entre Argentina y Espa\u00f1a ya tiene fecha, hora y lugar - Noticias<\/title>\n<meta name=\"robots\" content=\"index, follow, max-snippet:-1, max-image-preview:large, max-video-preview:-1\" \/>\n<link rel=\"canonical\" href=\"https:\/\/noticiasya.com\/2025\/12\/18\/finalissima-argentina-espana-fecha-lugar-orix\/\" \/>\n<meta property=\"og:locale\" content=\"es_ES\" \/>\n<meta property=\"og:type\" content=\"article\" \/>\n<meta property=\"og:title\" content=\"La Finalissima entre Argentina y Espa\u00f1a ya tiene fecha, hora y lugar - Noticias\" \/>\n<meta property=\"og:description\" content=\"La esperada Finalissima entre Espa\u00f1a, campeona de Europa, y Argentina, campeona de Sudam\u00e9rica, ya tiene fecha y sede confirmadas. Se jugar\u00e1 el 27 de marzo en el estadio Lusail de Qatar, escenario de la final del Mundial 2022, donde Argentina se coron\u00f3 campe\u00f3n del mundo por tercera ocasi\u00f3n el 18 de diciembre de ese a\u00f1o. [&hellip;]\" \/>\n<meta property=\"og:url\" content=\"https:\/\/noticiasya.com\/2025\/12\/18\/finalissima-argentina-espana-fecha-lugar-orix\/\" \/>\n<meta property=\"og:site_name\" content=\"Noticias\" \/>\n<meta property=\"article:published_time\" content=\"2025-12-18T22:03:45+00:00\" \/>\n<meta name=\"twitter:card\" content=\"summary_large_image\" \/>\n<meta name=\"twitter:label1\" content=\"Est. reading time\" \/>\n\t<meta name=\"twitter:data1\" content=\"2 minutos\" \/>\n<script type=\"application\/ld+json\" class=\"yoast-schema-graph\">{\"@context\":\"https:\/\/schema.org\",\"@graph\":[{\"@type\":\"Article\",\"@id\":\"https:\/\/noticiasya.com\/2025\/12\/18\/finalissima-argentina-espana-fecha-lugar-orix\/#article\",\"isPartOf\":{\"@id\":\"https:\/\/noticiasya.com\/2025\/12\/18\/finalissima-argentina-espana-fecha-lugar-orix\/\"},\"author\":{\"name\":\"\",\"@id\":\"\"},\"headline\":\"La Finalissima entre Argentina y Espa\u00f1a ya tiene fecha, hora y lugar\",\"datePublished\":\"2025-12-18T22:03:45+00:00\",\"mainEntityOfPage\":{\"@id\":\"https:\/\/noticiasya.com\/2025\/12\/18\/finalissima-argentina-espana-fecha-lugar-orix\/\"},\"wordCount\":423,\"commentCount\":0,\"publisher\":{\"@id\":\"https:\/\/noticiasya.com\/#organization\"},\"articleSection\":[\"Noticias Nacionales\"],\"inLanguage\":\"es\",\"potentialAction\":[{\"@type\":\"CommentAction\",\"name\":\"Comment\",\"target\":[\"https:\/\/noticiasya.com\/2025\/12\/18\/finalissima-argentina-espana-fecha-lugar-orix\/#respond\"]}]},{\"@type\":\"WebPage\",\"@id\":\"https:\/\/noticiasya.com\/2025\/12\/18\/finalissima-argentina-espana-fecha-lugar-orix\/\",\"url\":\"https:\/\/noticiasya.com\/2025\/12\/18\/finalissima-argentina-espana-fecha-lugar-orix\/\",\"name\":\"La Finalissima entre Argentina y Espa\u00f1a ya tiene fecha, hora y lugar - Noticias\",\"isPartOf\":{\"@id\":\"https:\/\/noticiasya.com\/#website\"},\"datePublished\":\"2025-12-18T22:03:45+00:00\",\"breadcrumb\":{\"@id\":\"https:\/\/noticiasya.com\/2025\/12\/18\/finalissima-argentina-espana-fecha-lugar-orix\/#breadcrumb\"},\"inLanguage\":\"es\",\"potentialAction\":[{\"@type\":\"ReadAction\",\"target\":[\"https:\/\/noticiasya.com\/2025\/12\/18\/finalissima-argentina-espana-fecha-lugar-orix\/\"]}]},{\"@type\":\"BreadcrumbList\",\"@id\":\"https:\/\/noticiasya.com\/2025\/12\/18\/finalissima-argentina-espana-fecha-lugar-orix\/#breadcrumb\",\"itemListElement\":[{\"@type\":\"ListItem\",\"position\":1,\"name\":\"Home\",\"item\":\"https:\/\/noticiasya.com\/\"},{\"@type\":\"ListItem\",\"position\":2,\"name\":\"La Finalissima entre Argentina y Espa\u00f1a ya tiene fecha, hora y lugar\"}]},{\"@type\":\"WebSite\",\"@id\":\"https:\/\/noticiasya.com\/#website\",\"url\":\"https:\/\/noticiasya.com\/\",\"name\":\"Noticias\",\"description\":\"Lo que importa\",\"publisher\":{\"@id\":\"https:\/\/noticiasya.com\/#organization\"},\"potentialAction\":[{\"@type\":\"SearchAction\",\"target\":{\"@type\":\"EntryPoint\",\"urlTemplate\":\"https:\/\/noticiasya.com\/?s={search_term_string}\"},\"query-input\":{\"@type\":\"PropertyValueSpecification\",\"valueRequired\":true,\"valueName\":\"search_term_string\"}}],\"inLanguage\":\"es\"},{\"@type\":\"Organization\",\"@id\":\"https:\/\/noticiasya.com\/#organization\",\"name\":\"Noticias\",\"url\":\"https:\/\/noticiasya.com\/\",\"logo\":{\"@type\":\"ImageObject\",\"inLanguage\":\"es\",\"@id\":\"https:\/\/noticiasya.com\/#\/schema\/logo\/image\/\",\"url\":\"https:\/\/noticiasya.com\/wp-content\/uploads\/sites\/22\/2023\/12\/logo-nacional.png\",\"contentUrl\":\"https:\/\/noticiasya.com\/wp-content\/uploads\/sites\/22\/2023\/12\/logo-nacional.png\",\"width\":1801,\"height\":691,\"caption\":\"Noticias\"},\"image\":{\"@id\":\"https:\/\/noticiasya.com\/#\/schema\/logo\/image\/\"}}]}<\/script>\n<!-- \/ Yoast SEO plugin. -->","yoast_head_json":{"title":"La Finalissima entre Argentina y Espa\u00f1a ya tiene fecha, hora y lugar - Noticias","robots":{"index":"index","follow":"follow","max-snippet":"max-snippet:-1","max-image-preview":"max-image-preview:large","max-video-preview":"max-video-preview:-1"},"canonical":"https:\/\/noticiasya.com\/2025\/12\/18\/finalissima-argentina-espana-fecha-lugar-orix\/","og_locale":"es_ES","og_type":"article","og_title":"La Finalissima entre Argentina y Espa\u00f1a ya tiene fecha, hora y lugar - Noticias","og_description":"La esperada Finalissima entre Espa\u00f1a, campeona de Europa, y Argentina, campeona de Sudam\u00e9rica, ya tiene fecha y sede confirmadas. Se jugar\u00e1 el 27 de marzo en el estadio Lusail de Qatar, escenario de la final del Mundial 2022, donde Argentina se coron\u00f3 campe\u00f3n del mundo por tercera ocasi\u00f3n el 18 de diciembre de ese a\u00f1o. [&hellip;]","og_url":"https:\/\/noticiasya.com\/2025\/12\/18\/finalissima-argentina-espana-fecha-lugar-orix\/","og_site_name":"Noticias","article_published_time":"2025-12-18T22:03:45+00:00","twitter_card":"summary_large_image","twitter_misc":{"Est. reading time":"2 minutos"},"schema":{"@context":"https:\/\/schema.org","@graph":[{"@type":"Article","@id":"https:\/\/noticiasya.com\/2025\/12\/18\/finalissima-argentina-espana-fecha-lugar-orix\/#article","isPartOf":{"@id":"https:\/\/noticiasya.com\/2025\/12\/18\/finalissima-argentina-espana-fecha-lugar-orix\/"},"author":{"name":"","@id":""},"headline":"La Finalissima entre Argentina y Espa\u00f1a ya tiene fecha, hora y lugar","datePublished":"2025-12-18T22:03:45+00:00","mainEntityOfPage":{"@id":"https:\/\/noticiasya.com\/2025\/12\/18\/finalissima-argentina-espana-fecha-lugar-orix\/"},"wordCount":423,"commentCount":0,"publisher":{"@id":"https:\/\/noticiasya.com\/#organization"},"articleSection":["Noticias Nacionales"],"inLanguage":"es","potentialAction":[{"@type":"CommentAction","name":"Comment","target":["https:\/\/noticiasya.com\/2025\/12\/18\/finalissima-argentina-espana-fecha-lugar-orix\/#respond"]}]},{"@type":"WebPage","@id":"https:\/\/noticiasya.com\/2025\/12\/18\/finalissima-argentina-espana-fecha-lugar-orix\/","url":"https:\/\/noticiasya.com\/2025\/12\/18\/finalissima-argentina-espana-fecha-lugar-orix\/","name":"La Finalissima entre Argentina y Espa\u00f1a ya tiene fecha, hora y lugar - Noticias","isPartOf":{"@id":"https:\/\/noticiasya.com\/#website"},"datePublished":"2025-12-18T22:03:45+00:00","breadcrumb":{"@id":"https:\/\/noticiasya.com\/2025\/12\/18\/finalissima-argentina-espana-fecha-lugar-orix\/#breadcrumb"},"inLanguage":"es","potentialAction":[{"@type":"ReadAction","target":["https:\/\/noticiasya.com\/2025\/12\/18\/finalissima-argentina-espana-fecha-lugar-orix\/"]}]},{"@type":"BreadcrumbList","@id":"https:\/\/noticiasya.com\/2025\/12\/18\/finalissima-argentina-espana-fecha-lugar-orix\/#breadcrumb","itemListElement":[{"@type":"ListItem","position":1,"name":"Home","item":"https:\/\/noticiasya.com\/"},{"@type":"ListItem","position":2,"name":"La Finalissima entre Argentina y Espa\u00f1a ya tiene fecha, hora y lugar"}]},{"@type":"WebSite","@id":"https:\/\/noticiasya.com\/#website","url":"https:\/\/noticiasya.com\/","name":"Noticias","description":"Lo que importa","publisher":{"@id":"https:\/\/noticiasya.com\/#organization"},"potentialAction":[{"@type":"SearchAction","target":{"@type":"EntryPoint","urlTemplate":"https:\/\/noticiasya.com\/?s={search_term_string}"},"query-input":{"@type":"PropertyValueSpecification","valueRequired":true,"valueName":"search_term_string"}}],"inLanguage":"es"},{"@type":"Organization","@id":"https:\/\/noticiasya.com\/#organization","name":"Noticias","url":"https:\/\/noticiasya.com\/","logo":{"@type":"ImageObject","inLanguage":"es","@id":"https:\/\/noticiasya.com\/#\/schema\/logo\/image\/","url":"https:\/\/noticiasya.com\/wp-content\/uploads\/sites\/22\/2023\/12\/logo-nacional.png","contentUrl":"https:\/\/noticiasya.com\/wp-content\/uploads\/sites\/22\/2023\/12\/logo-nacional.png","width":1801,"height":691,"caption":"Noticias"},"image":{"@id":"https:\/\/noticiasya.com\/#\/schema\/logo\/image\/"}}]}},"parsely":{"version":"1.1.0","canonical_url":"https:\/\/noticiasya.com\/midland-odessa\/2025\/12\/18\/finalissima-argentina-espana-fecha-lugar-orix\/","smart_links":{"inbound":0,"outbound":0},"traffic_boost_suggestions_count":0,"meta":{"@context":"https:\/\/schema.org","@type":"NewsArticle","headline":"La Finalissima entre Argentina y Espa\u00f1a ya tiene fecha, hora y lugar","url":"http:\/\/noticiasya.com\/midland-odessa\/2025\/12\/18\/finalissima-argentina-espana-fecha-lugar-orix\/","mainEntityOfPage":{"@type":"WebPage","@id":"http:\/\/noticiasya.com\/midland-odessa\/2025\/12\/18\/finalissima-argentina-espana-fecha-lugar-orix\/"},"thumbnailUrl":"","image":{"@type":"ImageObject","url":""},"articleSection":"Noticias Nacionales","author":[],"creator":[],"publisher":{"@type":"Organization","name":"Noticias","logo":""},"keywords":[],"dateCreated":"2025-12-18T22:03:45Z","datePublished":"2025-12-18T22:03:45Z","dateModified":"2025-12-18T22:03:45Z"},"rendered":"<script type=\"application\/ld+json\" class=\"wp-parsely-metadata\">{\"@context\":\"https:\\\/\\\/schema.org\",\"@type\":\"NewsArticle\",\"headline\":\"La Finalissima entre Argentina y Espa\\u00f1a ya tiene fecha, hora y lugar\",\"url\":\"http:\\\/\\\/noticiasya.com\\\/midland-odessa\\\/2025\\\/12\\\/18\\\/finalissima-argentina-espana-fecha-lugar-orix\\\/\",\"mainEntityOfPage\":{\"@type\":\"WebPage\",\"@id\":\"http:\\\/\\\/noticiasya.com\\\/midland-odessa\\\/2025\\\/12\\\/18\\\/finalissima-argentina-espana-fecha-lugar-orix\\\/\"},\"thumbnailUrl\":\"\",\"image\":{\"@type\":\"ImageObject\",\"url\":\"\"},\"articleSection\":\"Noticias Nacionales\",\"author\":[],\"creator\":[],\"publisher\":{\"@type\":\"Organization\",\"name\":\"Noticias\",\"logo\":\"\"},\"keywords\":[],\"dateCreated\":\"2025-12-18T22:03:45Z\",\"datePublished\":\"2025-12-18T22:03:45Z\",\"dateModified\":\"2025-12-18T22:03:45Z\"}<\/script>","tracker_url":"https:\/\/cdn.parsely.com\/keys\/noticiasya.com\/p.js"},"jetpack_featured_media_url":"","jetpack-related-posts":[{"id":1472215,"url":"https:\/\/noticiasya.com\/midland-odessa\/2026\/03\/15\/cancelada-finalissima-espana-argentina-efe\/","url_meta":{"origin":1469399,"position":0},"title":"Se cancela la Finalissima entre Espa\u00f1a y Argentina al no haber acuerdo sobre la fecha y la sede","author":"","date":"marzo 15, 2026","format":false,"excerpt":"La Finalissima, el duelo entre los campeones de Europa y Am\u00e9rica que tendr\u00edan que haber disputado Espa\u00f1a y Argentina en Lusail (Catar) el pr\u00f3ximo 27 de marzo, fue cancelada al no haber acuerdo entre la UEFA y las Federaciones de Espa\u00f1a y Argentina sobre la fecha del partido y la\u2026","rel":"","context":"In &quot;Noticias Nacionales&quot;","block_context":{"text":"Noticias Nacionales","link":"https:\/\/noticiasya.com\/midland-odessa\/categoria\/noticias-nacionales"},"img":{"alt_text":"","src":"","width":0,"height":0},"classes":[]},{"id":1472170,"url":"https:\/\/noticiasya.com\/midland-odessa\/2026\/03\/13\/finalissima-2026-argentina-espana-sede-orix\/","url_meta":{"origin":1469399,"position":1},"title":"\u00bfD\u00f3nde ser\u00e1 la Finalissima entre Argentina y Espa\u00f1a? O, mejor dicho, \u00bfse jugar\u00e1?","author":"","date":"marzo 13, 2026","format":false,"excerpt":"A exactamente dos semanas de que Argentina y Espa\u00f1a deban medirse las caras por un nuevo t\u00edtulo, la pregunta que reina en el aire no es si la Albiceleste de Lionel Messi podr\u00e1 levantar su quinto t\u00edtulo consecutivo, o si la Furia de Lamine Yamal podr\u00e1 alzar un trofeo que\u2026","rel":"","context":"In &quot;Noticias Nacionales&quot;","block_context":{"text":"Noticias Nacionales","link":"https:\/\/noticiasya.com\/midland-odessa\/categoria\/noticias-nacionales"},"img":{"alt_text":"","src":"","width":0,"height":0},"classes":[]},{"id":1450258,"url":"https:\/\/noticiasya.com\/midland-odessa\/2024\/06\/12\/calendario-espana-eurocopa-2024-partidos-dias-horarios-orix\/","url_meta":{"origin":1469399,"position":2},"title":"Calendario de Espa\u00f1a en la Eurocopa 2024: partidos, d\u00edas y horarios","author":"","date":"junio 12, 2024","format":false,"excerpt":"(CNN Espa\u00f1ol) -- Con los nervios ante la cuenta atr\u00e1s para que d\u00e9 comienzo la Eurocopa 2024, Espa\u00f1a, equipo hist\u00f3rico por su recordado triunfo en la Eurocopa 2008, el Mundial 2010 y la Eurocopa 2012, se prepara ya para ponerse las botas y salir al terreno de juego a luchar\u2026","rel":"","context":"In &quot;Noticias Nacionales&quot;","block_context":{"text":"Noticias Nacionales","link":"https:\/\/noticiasya.com\/midland-odessa\/categoria\/noticias-nacionales"},"img":{"alt_text":"","src":"","width":0,"height":0},"classes":[]},{"id":1471835,"url":"https:\/\/noticiasya.com\/midland-odessa\/2026\/03\/03\/mundial-2026-fechas-fifa-importantes-orix\/","url_meta":{"origin":1469399,"position":3},"title":"A 100 d\u00edas del Mundial 2026, estas son las fechas mas importantes: ventanas FIFA, repechajes y m\u00e1s","author":"","date":"marzo 3, 2026","format":false,"excerpt":"La cuenta regresiva rumbo a la Copa del Mundo de Canad\u00e1, Estados Unidos y M\u00e9xico sigue en marcha y ya faltan menos de 100 d\u00edas para el puntapi\u00e9 inicial del m\u00e1ximo torneo de la FIFA.La mayor\u00eda de las selecciones que participar\u00e1n en esta nueva edici\u00f3n del torneo mundialista ya est\u00e1n\u2026","rel":"","context":"In &quot;Noticias Nacionales&quot;","block_context":{"text":"Noticias Nacionales","link":"https:\/\/noticiasya.com\/midland-odessa\/categoria\/noticias-nacionales"},"img":{"alt_text":"","src":"","width":0,"height":0},"classes":[]},{"id":1450560,"url":"https:\/\/noticiasya.com\/midland-odessa\/2024\/06\/20\/numeros-messi-seleccion-argentina-partidos-goles-titulos-orix\/","url_meta":{"origin":1469399,"position":4},"title":"Los n\u00fameros de Messi con la selecci\u00f3n de Argentina: partidos, goles, t\u00edtulos","author":"","date":"junio 20, 2024","format":false,"excerpt":"(CNN Espa\u00f1ol) -- El astro del f\u00fatbol Lionel Messi gan\u00f3 el Mundial de Qatar 2022 en una estupenda forma con la selecci\u00f3n de Argentina. Ahora busca repetir el t\u00edtulo de Copa Am\u00e9rica con la albiceleste y quiz\u00e1 empezar a dar cierre a una de las mejores carreras en la historia\u2026","rel":"","context":"In &quot;Noticias Nacionales&quot;","block_context":{"text":"Noticias Nacionales","link":"https:\/\/noticiasya.com\/midland-odessa\/categoria\/noticias-nacionales"},"img":{"alt_text":"","src":"","width":0,"height":0},"classes":[]},{"id":1451053,"url":"https:\/\/noticiasya.com\/midland-odessa\/2024\/07\/11\/quien-es-francois-letexier-arbitro-espana-inglaterra-final-eurocopa-2024-orix\/","url_meta":{"origin":1469399,"position":5},"title":"Qui\u00e9n es Fran\u00e7ois Letexier, el \u00e1rbitro del Espa\u00f1a &#8211; Inglaterra en la final de la Eurocopa 2024","author":"","date":"julio 11, 2024","format":false,"excerpt":"(CNN Espa\u00f1ol) -- Llega la esperada final de la Eurocopa entre dos grandes selecciones de tradici\u00f3n que en este torneo llegan con favoritismo desigual: Espa\u00f1a, candidata, e Inglaterra, el rival que ha avanzado con menos brillo. Ser\u00e1 un duelo intenso y el encargado de interventir en el juego ser\u00e1 el\u2026","rel":"","context":"In &quot;Noticias Nacionales&quot;","block_context":{"text":"Noticias Nacionales","link":"https:\/\/noticiasya.com\/midland-odessa\/categoria\/noticias-nacionales"},"img":{"alt_text":"","src":"","width":0,"height":0},"classes":[]}],"jetpack_sharing_enabled":true,"_links":{"self":[{"href":"https:\/\/noticiasya.com\/midland-odessa\/wp-json\/wp\/v2\/posts\/1469399","targetHints":{"allow":["GET"]}}],"collection":[{"href":"https:\/\/noticiasya.com\/midland-odessa\/wp-json\/wp\/v2\/posts"}],"about":[{"href":"https:\/\/noticiasya.com\/midland-odessa\/wp-json\/wp\/v2\/types\/post"}],"replies":[{"embeddable":true,"href":"https:\/\/noticiasya.com\/midland-odessa\/wp-json\/wp\/v2\/comments?post=1469399"}],"version-history":[{"count":0,"href":"https:\/\/noticiasya.com\/midland-odessa\/wp-json\/wp\/v2\/posts\/1469399\/revisions"}],"wp:attachment":[{"href":"https:\/\/noticiasya.com\/midland-odessa\/wp-json\/wp\/v2\/media?parent=1469399"}],"wp:term":[{"taxonomy":"category","embeddable":true,"href":"https:\/\/noticiasya.com\/midland-odessa\/wp-json\/wp\/v2\/categories?post=1469399"},{"taxonomy":"post_tag","embeddable":true,"href":"https:\/\/noticiasya.com\/midland-odessa\/wp-json\/wp\/v2\/tags?post=1469399"}],"curies":[{"name":"wp","href":"https:\/\/api.w.org\/{rel}","templated":true}]}}