{"id":1469400,"date":"2025-12-18T14:03:45","date_gmt":"2025-12-18T22:03:45","guid":{"rendered":"https:\/\/noticiasya.com\/2025\/12\/18\/gobierno-trump-sanciona-jueces-corte-penal-internacional-israel-trax\/"},"modified":"2025-12-18T14:03:45","modified_gmt":"2025-12-18T22:03:45","slug":"gobierno-trump-sanciona-jueces-corte-penal-internacional-israel-trax","status":"publish","type":"post","link":"https:\/\/noticiasya.com\/midland-odessa\/2025\/12\/18\/gobierno-trump-sanciona-jueces-corte-penal-internacional-israel-trax\/","title":{"rendered":"El Gobierno de Trump sanciona a dos jueces de la Corte Penal Internacional por investigar a Israel"},"content":{"rendered":"<p>Estados Unidos sancion\u00f3 a otros dos jueces de la Corte Penal Internacional (CPI), lo que supone el m\u00e1s reciente paso en la campa\u00f1a del Gobierno de Trump para castigar a quienes participan en los esfuerzos por investigar la conducta de Israel en la guerra de Gaza.<\/p>\n<p>El secretario de Estado, Marco Rubio, dijo el jueves que impodr\u00e1 sanciones contra Gocha Lordkipanidze, de Georgia, y Erdenebalsuren Damdin, de Mongolia, por \u201cparticipar directamente en los esfuerzos de la CPI para investigar, arrestar, detener o enjuiciar a ciudadanos israel\u00edes, sin el consentimiento de Israel, incluyendo el voto con la mayor\u00eda a favor de la decisi\u00f3n de la CPI contra la apelaci\u00f3n de Israel el 15 de diciembre\u201d.<\/p>\n<p>El lunes, el tribunal con sede en La Haya rechaz\u00f3 la solicitud de Israel de bloquear la investigaci\u00f3n en curso sobre sus presuntos cr\u00edmenes en Gaza.<\/p>\n<p>En un comunicado emitido el jueves, la CPI denunci\u00f3 las nuevas sanciones, calific\u00e1ndolas de \u201cataque flagrante contra la independencia de una instituci\u00f3n judicial imparcial\u201d.<\/p>\n<p>\u201cCuando se amenaza a los actores judiciales por aplicar la ley, es el propio orden jur\u00eddico internacional el que se pone en riesgo\u201d, afirma el comunicado.<\/p>\n<p>Estados Unidos e Israel han rechazado en repetidas ocasiones la autoridad de la CPI para investigar la conducta de cualquiera de los dos pa\u00edses.<\/p>\n<p>\u201cNo toleraremos los abusos de poder de la CPI que violan la soberan\u00eda de Estados Unidos e Israel y someten indebidamente a ciudadanos estadounidenses e israel\u00edes a la jurisdicci\u00f3n de la CPI\u201d, afirm\u00f3 Rubio en un comunicado el jueves.<\/p>\n<p>\u201cSeguiremos respondiendo con consecuencias significativas y tangibles a la guerra legal y a los excesos de la CPI\u201d, agreg\u00f3.<\/p>\n<p>El Gobierno de Trump ha impuesto una serie de sanciones a los jueces de la CPI y a su fiscal jefe, as\u00ed como a las organizaciones que, seg\u00fan afirma, han apoyado la investigaci\u00f3n.<\/p>\n<p>El tribunal dict\u00f3 \u00f3rdenes de detenci\u00f3n contra el primer ministro de Israel Benjamin Netanyahu y el exministro de Defensa Yoav Gallant en noviembre de 2024 por presuntos cr\u00edmenes de guerra y cr\u00edmenes de lesa humanidad. La corte tambi\u00e9n emiti\u00f3 \u00f3rdenes de arresto contra tres altos dirigentes de Hamas.<\/p>\n<p>The-CNN-Wire<br \/>&trade; &amp; &copy; 2025 Cable News Network, Inc., a Warner Bros. Discovery Company. All rights reserved.<\/p>\n","protected":false},"excerpt":{"rendered":"<p>Estados Unidos sancion\u00f3 a otros dos jueces de la Corte Penal Internacional (CPI), lo que supone el m\u00e1s reciente paso en la campa\u00f1a del Gobierno de Trump para castigar a quienes participan en los esfuerzos por investigar la conducta de Israel en la guerra de Gaza. El secretario de Estado, Marco Rubio, dijo el jueves [&hellip;]<\/p>\n","protected":false},"author":0,"featured_media":0,"comment_status":"open","ping_status":"open","sticky":false,"template":"","format":"standard","meta":{"_jetpack_memberships_contains_paid_content":false,"footnotes":""},"categories":[10],"tags":[],"class_list":["post-1469400","post","type-post","status-publish","format-standard","hentry","category-noticias-nacionales","market-global"],"yoast_head":"<!-- This site is optimized with the Yoast SEO plugin v24.4 - https:\/\/yoast.com\/wordpress\/plugins\/seo\/ -->\n<title>El Gobierno de Trump sanciona a dos jueces de la Corte Penal Internacional por investigar a Israel - Noticias<\/title>\n<meta name=\"robots\" content=\"index, follow, max-snippet:-1, max-image-preview:large, max-video-preview:-1\" \/>\n<link rel=\"canonical\" href=\"https:\/\/noticiasya.com\/2025\/12\/18\/gobierno-trump-sanciona-jueces-corte-penal-internacional-israel-trax\/\" \/>\n<meta property=\"og:locale\" content=\"es_ES\" \/>\n<meta property=\"og:type\" content=\"article\" \/>\n<meta property=\"og:title\" content=\"El Gobierno de Trump sanciona a dos jueces de la Corte Penal Internacional por investigar a Israel - Noticias\" \/>\n<meta property=\"og:description\" content=\"Estados Unidos sancion\u00f3 a otros dos jueces de la Corte Penal Internacional (CPI), lo que supone el m\u00e1s reciente paso en la campa\u00f1a del Gobierno de Trump para castigar a quienes participan en los esfuerzos por investigar la conducta de Israel en la guerra de Gaza. El secretario de Estado, Marco Rubio, dijo el jueves [&hellip;]\" \/>\n<meta property=\"og:url\" content=\"https:\/\/noticiasya.com\/2025\/12\/18\/gobierno-trump-sanciona-jueces-corte-penal-internacional-israel-trax\/\" \/>\n<meta property=\"og:site_name\" content=\"Noticias\" \/>\n<meta property=\"article:published_time\" content=\"2025-12-18T22:03:45+00:00\" \/>\n<meta name=\"twitter:card\" content=\"summary_large_image\" \/>\n<meta name=\"twitter:label1\" content=\"Est. reading time\" \/>\n\t<meta name=\"twitter:data1\" content=\"2 minutos\" \/>\n<script type=\"application\/ld+json\" class=\"yoast-schema-graph\">{\"@context\":\"https:\/\/schema.org\",\"@graph\":[{\"@type\":\"Article\",\"@id\":\"https:\/\/noticiasya.com\/2025\/12\/18\/gobierno-trump-sanciona-jueces-corte-penal-internacional-israel-trax\/#article\",\"isPartOf\":{\"@id\":\"https:\/\/noticiasya.com\/2025\/12\/18\/gobierno-trump-sanciona-jueces-corte-penal-internacional-israel-trax\/\"},\"author\":{\"name\":\"\",\"@id\":\"\"},\"headline\":\"El Gobierno de Trump sanciona a dos jueces de la Corte Penal Internacional por investigar a Israel\",\"datePublished\":\"2025-12-18T22:03:45+00:00\",\"mainEntityOfPage\":{\"@id\":\"https:\/\/noticiasya.com\/2025\/12\/18\/gobierno-trump-sanciona-jueces-corte-penal-internacional-israel-trax\/\"},\"wordCount\":405,\"commentCount\":0,\"publisher\":{\"@id\":\"https:\/\/noticiasya.com\/#organization\"},\"articleSection\":[\"Noticias Nacionales\"],\"inLanguage\":\"es\",\"potentialAction\":[{\"@type\":\"CommentAction\",\"name\":\"Comment\",\"target\":[\"https:\/\/noticiasya.com\/2025\/12\/18\/gobierno-trump-sanciona-jueces-corte-penal-internacional-israel-trax\/#respond\"]}]},{\"@type\":\"WebPage\",\"@id\":\"https:\/\/noticiasya.com\/2025\/12\/18\/gobierno-trump-sanciona-jueces-corte-penal-internacional-israel-trax\/\",\"url\":\"https:\/\/noticiasya.com\/2025\/12\/18\/gobierno-trump-sanciona-jueces-corte-penal-internacional-israel-trax\/\",\"name\":\"El Gobierno de Trump sanciona a dos jueces de la Corte Penal Internacional por investigar a Israel - Noticias\",\"isPartOf\":{\"@id\":\"https:\/\/noticiasya.com\/#website\"},\"datePublished\":\"2025-12-18T22:03:45+00:00\",\"breadcrumb\":{\"@id\":\"https:\/\/noticiasya.com\/2025\/12\/18\/gobierno-trump-sanciona-jueces-corte-penal-internacional-israel-trax\/#breadcrumb\"},\"inLanguage\":\"es\",\"potentialAction\":[{\"@type\":\"ReadAction\",\"target\":[\"https:\/\/noticiasya.com\/2025\/12\/18\/gobierno-trump-sanciona-jueces-corte-penal-internacional-israel-trax\/\"]}]},{\"@type\":\"BreadcrumbList\",\"@id\":\"https:\/\/noticiasya.com\/2025\/12\/18\/gobierno-trump-sanciona-jueces-corte-penal-internacional-israel-trax\/#breadcrumb\",\"itemListElement\":[{\"@type\":\"ListItem\",\"position\":1,\"name\":\"Home\",\"item\":\"https:\/\/noticiasya.com\/\"},{\"@type\":\"ListItem\",\"position\":2,\"name\":\"El Gobierno de Trump sanciona a dos jueces de la Corte Penal Internacional por investigar a Israel\"}]},{\"@type\":\"WebSite\",\"@id\":\"https:\/\/noticiasya.com\/#website\",\"url\":\"https:\/\/noticiasya.com\/\",\"name\":\"Noticias\",\"description\":\"Lo que importa\",\"publisher\":{\"@id\":\"https:\/\/noticiasya.com\/#organization\"},\"potentialAction\":[{\"@type\":\"SearchAction\",\"target\":{\"@type\":\"EntryPoint\",\"urlTemplate\":\"https:\/\/noticiasya.com\/?s={search_term_string}\"},\"query-input\":{\"@type\":\"PropertyValueSpecification\",\"valueRequired\":true,\"valueName\":\"search_term_string\"}}],\"inLanguage\":\"es\"},{\"@type\":\"Organization\",\"@id\":\"https:\/\/noticiasya.com\/#organization\",\"name\":\"Noticias\",\"url\":\"https:\/\/noticiasya.com\/\",\"logo\":{\"@type\":\"ImageObject\",\"inLanguage\":\"es\",\"@id\":\"https:\/\/noticiasya.com\/#\/schema\/logo\/image\/\",\"url\":\"https:\/\/noticiasya.com\/wp-content\/uploads\/sites\/22\/2023\/12\/logo-nacional.png\",\"contentUrl\":\"https:\/\/noticiasya.com\/wp-content\/uploads\/sites\/22\/2023\/12\/logo-nacional.png\",\"width\":1801,\"height\":691,\"caption\":\"Noticias\"},\"image\":{\"@id\":\"https:\/\/noticiasya.com\/#\/schema\/logo\/image\/\"}}]}<\/script>\n<!-- \/ Yoast SEO plugin. -->","yoast_head_json":{"title":"El Gobierno de Trump sanciona a dos jueces de la Corte Penal Internacional por investigar a Israel - Noticias","robots":{"index":"index","follow":"follow","max-snippet":"max-snippet:-1","max-image-preview":"max-image-preview:large","max-video-preview":"max-video-preview:-1"},"canonical":"https:\/\/noticiasya.com\/2025\/12\/18\/gobierno-trump-sanciona-jueces-corte-penal-internacional-israel-trax\/","og_locale":"es_ES","og_type":"article","og_title":"El Gobierno de Trump sanciona a dos jueces de la Corte Penal Internacional por investigar a Israel - Noticias","og_description":"Estados Unidos sancion\u00f3 a otros dos jueces de la Corte Penal Internacional (CPI), lo que supone el m\u00e1s reciente paso en la campa\u00f1a del Gobierno de Trump para castigar a quienes participan en los esfuerzos por investigar la conducta de Israel en la guerra de Gaza. El secretario de Estado, Marco Rubio, dijo el jueves [&hellip;]","og_url":"https:\/\/noticiasya.com\/2025\/12\/18\/gobierno-trump-sanciona-jueces-corte-penal-internacional-israel-trax\/","og_site_name":"Noticias","article_published_time":"2025-12-18T22:03:45+00:00","twitter_card":"summary_large_image","twitter_misc":{"Est. reading time":"2 minutos"},"schema":{"@context":"https:\/\/schema.org","@graph":[{"@type":"Article","@id":"https:\/\/noticiasya.com\/2025\/12\/18\/gobierno-trump-sanciona-jueces-corte-penal-internacional-israel-trax\/#article","isPartOf":{"@id":"https:\/\/noticiasya.com\/2025\/12\/18\/gobierno-trump-sanciona-jueces-corte-penal-internacional-israel-trax\/"},"author":{"name":"","@id":""},"headline":"El Gobierno de Trump sanciona a dos jueces de la Corte Penal Internacional por investigar a Israel","datePublished":"2025-12-18T22:03:45+00:00","mainEntityOfPage":{"@id":"https:\/\/noticiasya.com\/2025\/12\/18\/gobierno-trump-sanciona-jueces-corte-penal-internacional-israel-trax\/"},"wordCount":405,"commentCount":0,"publisher":{"@id":"https:\/\/noticiasya.com\/#organization"},"articleSection":["Noticias Nacionales"],"inLanguage":"es","potentialAction":[{"@type":"CommentAction","name":"Comment","target":["https:\/\/noticiasya.com\/2025\/12\/18\/gobierno-trump-sanciona-jueces-corte-penal-internacional-israel-trax\/#respond"]}]},{"@type":"WebPage","@id":"https:\/\/noticiasya.com\/2025\/12\/18\/gobierno-trump-sanciona-jueces-corte-penal-internacional-israel-trax\/","url":"https:\/\/noticiasya.com\/2025\/12\/18\/gobierno-trump-sanciona-jueces-corte-penal-internacional-israel-trax\/","name":"El Gobierno de Trump sanciona a dos jueces de la Corte Penal Internacional por investigar a Israel - Noticias","isPartOf":{"@id":"https:\/\/noticiasya.com\/#website"},"datePublished":"2025-12-18T22:03:45+00:00","breadcrumb":{"@id":"https:\/\/noticiasya.com\/2025\/12\/18\/gobierno-trump-sanciona-jueces-corte-penal-internacional-israel-trax\/#breadcrumb"},"inLanguage":"es","potentialAction":[{"@type":"ReadAction","target":["https:\/\/noticiasya.com\/2025\/12\/18\/gobierno-trump-sanciona-jueces-corte-penal-internacional-israel-trax\/"]}]},{"@type":"BreadcrumbList","@id":"https:\/\/noticiasya.com\/2025\/12\/18\/gobierno-trump-sanciona-jueces-corte-penal-internacional-israel-trax\/#breadcrumb","itemListElement":[{"@type":"ListItem","position":1,"name":"Home","item":"https:\/\/noticiasya.com\/"},{"@type":"ListItem","position":2,"name":"El Gobierno de Trump sanciona a dos jueces de la Corte Penal Internacional por investigar a Israel"}]},{"@type":"WebSite","@id":"https:\/\/noticiasya.com\/#website","url":"https:\/\/noticiasya.com\/","name":"Noticias","description":"Lo que importa","publisher":{"@id":"https:\/\/noticiasya.com\/#organization"},"potentialAction":[{"@type":"SearchAction","target":{"@type":"EntryPoint","urlTemplate":"https:\/\/noticiasya.com\/?s={search_term_string}"},"query-input":{"@type":"PropertyValueSpecification","valueRequired":true,"valueName":"search_term_string"}}],"inLanguage":"es"},{"@type":"Organization","@id":"https:\/\/noticiasya.com\/#organization","name":"Noticias","url":"https:\/\/noticiasya.com\/","logo":{"@type":"ImageObject","inLanguage":"es","@id":"https:\/\/noticiasya.com\/#\/schema\/logo\/image\/","url":"https:\/\/noticiasya.com\/wp-content\/uploads\/sites\/22\/2023\/12\/logo-nacional.png","contentUrl":"https:\/\/noticiasya.com\/wp-content\/uploads\/sites\/22\/2023\/12\/logo-nacional.png","width":1801,"height":691,"caption":"Noticias"},"image":{"@id":"https:\/\/noticiasya.com\/#\/schema\/logo\/image\/"}}]}},"parsely":{"version":"1.1.0","canonical_url":"https:\/\/noticiasya.com\/midland-odessa\/2025\/12\/18\/gobierno-trump-sanciona-jueces-corte-penal-internacional-israel-trax\/","smart_links":{"inbound":0,"outbound":0},"traffic_boost_suggestions_count":0,"meta":{"@context":"https:\/\/schema.org","@type":"NewsArticle","headline":"El Gobierno de Trump sanciona a dos jueces de la Corte Penal Internacional por investigar a Israel","url":"http:\/\/noticiasya.com\/midland-odessa\/2025\/12\/18\/gobierno-trump-sanciona-jueces-corte-penal-internacional-israel-trax\/","mainEntityOfPage":{"@type":"WebPage","@id":"http:\/\/noticiasya.com\/midland-odessa\/2025\/12\/18\/gobierno-trump-sanciona-jueces-corte-penal-internacional-israel-trax\/"},"thumbnailUrl":"","image":{"@type":"ImageObject","url":""},"articleSection":"Noticias Nacionales","author":[],"creator":[],"publisher":{"@type":"Organization","name":"Noticias","logo":""},"keywords":[],"dateCreated":"2025-12-18T22:03:45Z","datePublished":"2025-12-18T22:03:45Z","dateModified":"2025-12-18T22:03:45Z"},"rendered":"<script type=\"application\/ld+json\" class=\"wp-parsely-metadata\">{\"@context\":\"https:\\\/\\\/schema.org\",\"@type\":\"NewsArticle\",\"headline\":\"El Gobierno de Trump sanciona a dos jueces de la Corte Penal Internacional por investigar a Israel\",\"url\":\"http:\\\/\\\/noticiasya.com\\\/midland-odessa\\\/2025\\\/12\\\/18\\\/gobierno-trump-sanciona-jueces-corte-penal-internacional-israel-trax\\\/\",\"mainEntityOfPage\":{\"@type\":\"WebPage\",\"@id\":\"http:\\\/\\\/noticiasya.com\\\/midland-odessa\\\/2025\\\/12\\\/18\\\/gobierno-trump-sanciona-jueces-corte-penal-internacional-israel-trax\\\/\"},\"thumbnailUrl\":\"\",\"image\":{\"@type\":\"ImageObject\",\"url\":\"\"},\"articleSection\":\"Noticias Nacionales\",\"author\":[],\"creator\":[],\"publisher\":{\"@type\":\"Organization\",\"name\":\"Noticias\",\"logo\":\"\"},\"keywords\":[],\"dateCreated\":\"2025-12-18T22:03:45Z\",\"datePublished\":\"2025-12-18T22:03:45Z\",\"dateModified\":\"2025-12-18T22:03:45Z\"}<\/script>","tracker_url":"https:\/\/cdn.parsely.com\/keys\/noticiasya.com\/p.js"},"jetpack_featured_media_url":"","jetpack-related-posts":[{"id":1466174,"url":"https:\/\/noticiasya.com\/midland-odessa\/2025\/09\/05\/ee-uu-sanciona-defensores-derechos-palestinos-trax\/","url_meta":{"origin":1469400,"position":0},"title":"EE.UU. sanciona a grupos defensores de los derechos palestinos que pidieron investigar los cr\u00edmenes de guerra de Israel","author":"","date":"septiembre 5, 2025","format":false,"excerpt":"El Departamento de Estado de Estados Unidos ha impuesto sanciones a tres grupos defensores de los derechos humanos de los palestinos que pidieron a la Corte Penal Internacional (CPI) que investigue y arreste a l\u00edderes israel\u00edes por acusaciones de cr\u00edmenes de guerra en Gaza.A finales del a\u00f1o pasado, la CPI\u2026","rel":"","context":"In &quot;Noticias Nacionales&quot;","block_context":{"text":"Noticias Nacionales","link":"https:\/\/noticiasya.com\/midland-odessa\/categoria\/noticias-nacionales"},"img":{"alt_text":"","src":"","width":0,"height":0},"classes":[]},{"id":1449618,"url":"https:\/\/noticiasya.com\/midland-odessa\/2024\/05\/21\/biden-cpi-escandalosa-implicacion-equiparar-israel-hamas-trax\/","url_meta":{"origin":1469400,"position":1},"title":"Biden critica a la CPI por la &#171;escandalosa&#187; implicaci\u00f3n de equiparar a Israel y Hamas","author":"","date":"mayo 21, 2024","format":false,"excerpt":"(CNN) -- El Gobierno de Joe Biden critic\u00f3 en\u00e9rgicamente este lunes los esfuerzos de la Corte Penal Internacional (CPI) para solicitar \u00f3rdenes de detenci\u00f3n contra altos funcionarios de Israel y dirigentes de Hamas, afirmando que esos esfuerzos ponen en un plano de equivalencia a la organizaci\u00f3n terrorista y a un\u2026","rel":"","context":"In &quot;Noticias Nacionales&quot;","block_context":{"text":"Noticias Nacionales","link":"https:\/\/noticiasya.com\/midland-odessa\/categoria\/noticias-nacionales"},"img":{"alt_text":"","src":"","width":0,"height":0},"classes":[]},{"id":1449597,"url":"https:\/\/noticiasya.com\/midland-odessa\/2024\/05\/20\/corte-penal-internacional-solicita-ordenes-detencion-sinwar-netanyahu-trax\/","url_meta":{"origin":1469400,"position":2},"title":"Fiscal de la Corte Penal Internacional solicita \u00f3rdenes de detenci\u00f3n contra Sinwar y Netanyahu por cr\u00edmenes de guerra en relaci\u00f3n con el ataque del 7 de octubre y la guerra en Gaza","author":"","date":"mayo 20, 2024","format":false,"excerpt":"(CNN) -- La Corte Penal Internacional est\u00e1 solicitando \u00f3rdenes de detenci\u00f3n contra el l\u00edder de Hamas, Yahya Sinwar, y el primer ministro de Israel, Benjamin Netanyahu, acusados de cr\u00edmenes de guerra y cr\u00edmenes contra la humanidad por los ataques del 7 de octubre contra Israel y la posterior guerra en\u2026","rel":"","context":"In &quot;Noticias Nacionales&quot;","block_context":{"text":"Noticias Nacionales","link":"https:\/\/noticiasya.com\/midland-odessa\/categoria\/noticias-nacionales"},"img":{"alt_text":"","src":"","width":0,"height":0},"classes":[]},{"id":1444092,"url":"https:\/\/noticiasya.com\/midland-odessa\/2024\/01\/19\/mexico-y-chile-piden-a-la-corte-penal-internacional-que-investigue-posibles-crimenes-en-territorios-palestinos\/","url_meta":{"origin":1469400,"position":3},"title":"M\u00e9xico y Chile piden a la Corte Penal Internacional que investigue posibles cr\u00edmenes en territorios palestinos","author":"","date":"enero 19, 2024","format":false,"excerpt":"(CNN) -- M\u00e9xico y Chile pidieron a la Corte Penal Internacional (CPI) que investigue si se han cometido cr\u00edmenes en los territorios palestinos, ya sea por \"agentes de la potencia ocupante o de la potencia ocupada\", inform\u00f3 el jueves la canciller\u00eda mexicana en un comunicado.\"La acci\u00f3n de M\u00e9xico y Chile\u2026","rel":"","context":"In &quot;Noticias Nacionales&quot;","block_context":{"text":"Noticias Nacionales","link":"https:\/\/noticiasya.com\/midland-odessa\/categoria\/noticias-nacionales"},"img":{"alt_text":"","src":"","width":0,"height":0},"classes":[]},{"id":1460770,"url":"https:\/\/noticiasya.com\/midland-odessa\/2025\/04\/03\/hungria-anuncia-retirada-corte-penal-internacional-trax\/","url_meta":{"origin":1469400,"position":4},"title":"Hungr\u00eda anuncia su retirada de la Corte Penal Internacional","author":"","date":"abril 3, 2025","format":false,"excerpt":"Hungr\u00eda se retirar\u00e1 de la Corte Penal Internacional (CPI), anunci\u00f3 su Gobierno este mi\u00e9rcoles, mientras el primer ministro del pa\u00eds, Viktor Orban, recib\u00eda al primer ministro de Israel, Benjamin Netanyahu, en Budapest.La visita de Netanyahu a Hungr\u00eda marc\u00f3 la primera vez que el l\u00edder israel\u00ed pis\u00f3 suelo europeo desde que\u2026","rel":"","context":"In &quot;Noticias Nacionales&quot;","block_context":{"text":"Noticias Nacionales","link":"https:\/\/noticiasya.com\/midland-odessa\/categoria\/noticias-nacionales"},"img":{"alt_text":"","src":"","width":0,"height":0},"classes":[]},{"id":1449600,"url":"https:\/\/noticiasya.com\/midland-odessa\/2024\/05\/20\/dirigentes-hamas-israel-ordenes-detencion-trax\/","url_meta":{"origin":1469400,"position":5},"title":"Los dirigentes de Hamas e Israel podr\u00edan enfrentarse a \u00f3rdenes de arresto internacionales. Esto es lo que significa","author":"","date":"mayo 20, 2024","format":false,"excerpt":"(CNN) -- El fiscal de la Corte Penal Internacional (CPI) busca que se emitan \u00f3rdenes de detenci\u00f3n contra altos cargos de Hamas e Israel acusados de cr\u00edmenes de guerra y cr\u00edmenes contra la humanidad por los ataques del 7 de octubre contra Israel y la posterior guerra en Gaza.De ser\u2026","rel":"","context":"In &quot;Noticias Nacionales&quot;","block_context":{"text":"Noticias Nacionales","link":"https:\/\/noticiasya.com\/midland-odessa\/categoria\/noticias-nacionales"},"img":{"alt_text":"","src":"","width":0,"height":0},"classes":[]}],"jetpack_sharing_enabled":true,"_links":{"self":[{"href":"https:\/\/noticiasya.com\/midland-odessa\/wp-json\/wp\/v2\/posts\/1469400","targetHints":{"allow":["GET"]}}],"collection":[{"href":"https:\/\/noticiasya.com\/midland-odessa\/wp-json\/wp\/v2\/posts"}],"about":[{"href":"https:\/\/noticiasya.com\/midland-odessa\/wp-json\/wp\/v2\/types\/post"}],"replies":[{"embeddable":true,"href":"https:\/\/noticiasya.com\/midland-odessa\/wp-json\/wp\/v2\/comments?post=1469400"}],"version-history":[{"count":0,"href":"https:\/\/noticiasya.com\/midland-odessa\/wp-json\/wp\/v2\/posts\/1469400\/revisions"}],"wp:attachment":[{"href":"https:\/\/noticiasya.com\/midland-odessa\/wp-json\/wp\/v2\/media?parent=1469400"}],"wp:term":[{"taxonomy":"category","embeddable":true,"href":"https:\/\/noticiasya.com\/midland-odessa\/wp-json\/wp\/v2\/categories?post=1469400"},{"taxonomy":"post_tag","embeddable":true,"href":"https:\/\/noticiasya.com\/midland-odessa\/wp-json\/wp\/v2\/tags?post=1469400"}],"curies":[{"name":"wp","href":"https:\/\/api.w.org\/{rel}","templated":true}]}}