{"id":1469402,"date":"2025-12-18T16:03:49","date_gmt":"2025-12-19T00:03:49","guid":{"rendered":"https:\/\/noticiasya.com\/2025\/12\/18\/ecuador-muerte-futbolista-mario-pineida-orix\/"},"modified":"2025-12-18T16:03:49","modified_gmt":"2025-12-19T00:03:49","slug":"ecuador-muerte-futbolista-mario-pineida-orix","status":"publish","type":"post","link":"https:\/\/noticiasya.com\/midland-odessa\/2025\/12\/18\/ecuador-muerte-futbolista-mario-pineida-orix\/","title":{"rendered":"Conmoci\u00f3n en Ecuador por la muerte del futbolista Mario Pineida en Guayaquil"},"content":{"rendered":"<p>Una nueva muerte de un futbolista conmociona a Ecuador en medio de una grave crisis de violencia y escalada del crimen organizado en el pa\u00eds sudamericano.<\/p>\n<p>Mario Pineida, de 33 a\u00f1os, jugador del equipo con mayor hinchada del pa\u00eds, \u201cBarcelona Sporting Club\u201d, muri\u00f3 tras ser atacado con arma de fuego la tarde de este mi\u00e9rcoles en la zona de Samanes 4, al norte de Guayaquil, cuando se encontraba en una carnicer\u00eda.<\/p>\n<p>En un video de seguridad se puede observar que dos personas dispararon contra Pineida y una mujer, quienes murieron en el lugar. La madre de Pineida, que se encontraba tambi\u00e9n en el negocio, result\u00f3 herida y est\u00e1 fuera de peligro, seg\u00fan inform\u00f3 la Polic\u00eda a la prensa.<\/p>\n<p>La Empresa P\u00fablica Municipal de Seguridad de Guayaquil inform\u00f3 este jueves que, tras allanamientos conjuntos con la Polic\u00eda Nacional, se logr\u00f3 la captura de un sospechoso del crimen.<\/p>\n<p>\u201cEl resultado fue posible gracias al seguimiento t\u00e9cnico con el sistema de videovigilancia, que permiti\u00f3 detectar las motocicletas utilizadas en el hecho y, posteriormente, ubicar a un sospechoso\u201d, <a href=\"https:\/\/nam11.safelinks.protection.outlook.com\/?url=https%3A%2F%2Fx.com%2Fsegura_ep%2Fstatus%2F2001679087211815227%3Fs%3D46%26t%3DvWSsaMsKttiCRFRT9JR29g&#038;data=05%7C02%7Csol.amaya%40cnn.com%7Ce5af5aba637b410b950e08de3e52dac6%7C0eb48825e8714459bc72d0ecd68f1f39%7C0%7C0%7C639016722744784386%7CUnknown%7CTWFpbGZsb3d8eyJFbXB0eU1hcGkiOnRydWUsIlYiOiIwLjAuMDAwMCIsIlAiOiJXaW4zMiIsIkFOIjoiTWFpbCIsIldUIjoyfQ%3D%3D%7C0%7C%7C%7C&#038;sdata=I1Qye6PIBi2dH1FkQykl9LDTnL%2F3V6UYcD4%2BaTPMq3s%3D&#038;reserved=0\">puntualiz\u00f3 la empresa SEGURA EP<\/a>.<\/p>\n<p>CNN consult\u00f3 a la Polic\u00eda sobre si se tiene pistas del m\u00f3vil del crimen; la corporaci\u00f3n respondi\u00f3 que el caso contin\u00faa en investigaci\u00f3n. Mientras tanto, la Fiscal\u00eda dijo que por ahora no se no se ha formulado cargos contra el sospechoso detenido, cuya identidad a\u00fan no ha sido revelada.<\/p>\n<p>La Polic\u00eda y la Fiscal\u00eda informaron que hab\u00edan iniciado las investigaciones y la recopilaci\u00f3n de informaci\u00f3n y videos. El equipo de Criminal\u00edstica hizo el levantamiento de los cuerpos, que fueron trasladados a la morgue la noche del mi\u00e9rcoles.<\/p>\n<p>La Federaci\u00f3n Ecuatoriana de F\u00fatbol lament\u00f3 la muerte del jugador y expres\u00f3 su nota de pesar a los familiares de Pineida.<\/p>\n<p>\u201cLa FEF condena la violencia y lament\u00f3 con profundo pesar el sensible fallecimiento de Mario Alberto Pineida\u201d, <a href=\"https:\/\/nam11.safelinks.protection.outlook.com\/?url=https%3A%2F%2Fx.com%2Ffefecuador%2Fstatus%2F2001429684257423383%3Fs%3D46%26t%3DvWSsaMsKttiCRFRT9JR29g&#038;data=05%7C02%7Csol.amaya%40cnn.com%7Ce5af5aba637b410b950e08de3e52dac6%7C0eb48825e8714459bc72d0ecd68f1f39%7C0%7C0%7C639016722744804164%7CUnknown%7CTWFpbGZsb3d8eyJFbXB0eU1hcGkiOnRydWUsIlYiOiIwLjAuMDAwMCIsIlAiOiJXaW4zMiIsIkFOIjoiTWFpbCIsIldUIjoyfQ%3D%3D%7C0%7C%7C%7C&#038;sdata=CWyBhe0RwinTIXPwCTXXtRTSCLDiMtbV87XJMDlgBLk%3D&#038;reserved=0\">dijo el organismo del f\u00fatbol<\/a>.<\/p>\n<p>El Barcelona Sporting Club de Guayaquil, el equipo al que pertenec\u00eda Pineida desde 2016, tambi\u00e9n se pronunci\u00f3 condenando su muerte.<\/p>\n<p>\u201cEsta lamentable noticia nos mantiene profundamente consternados a todos quienes formamos parte de la instituci\u00f3n y nos enluta como familia barcelonista\u201d, <a href=\"https:\/\/nam11.safelinks.protection.outlook.com\/?url=https%3A%2F%2Fx.com%2Fbarcelonasc%2Fstatus%2F2001642430354108561%3Fs%3D46%26t%3DvWSsaMsKttiCRFRT9JR29g&#038;data=05%7C02%7Csol.amaya%40cnn.com%7Ce5af5aba637b410b950e08de3e52dac6%7C0eb48825e8714459bc72d0ecd68f1f39%7C0%7C0%7C639016722744823747%7CUnknown%7CTWFpbGZsb3d8eyJFbXB0eU1hcGkiOnRydWUsIlYiOiIwLjAuMDAwMCIsIlAiOiJXaW4zMiIsIkFOIjoiTWFpbCIsIldUIjoyfQ%3D%3D%7C0%7C%7C%7C&#038;sdata=AidSUhNKw9A%2FA63McWmExwUCXIVjOZayyXQ8zYhs%2BiU%3D&#038;reserved=0\">publicaron en un comunicado<\/a>.<\/p>\n<p>Clubes extranjeros de f\u00fatbol tambi\u00e9n se mostraron conmocionados por la muertede Pineida. El Real Madrid de Espa\u00f1a public\u00f3 sus condolencias en su cuenta de X.<\/p>\n<p>\u201cEl Real Madrid, su presidente y su Junta Directiva lamentan profundamente el fallecimiento de Mario Pineida, jugador del @BarcelonaSC. Nuestras condolencias a su club, a sus familiares y a todos sus seres queridos. Descanse en paz\u201d, <a href=\"https:\/\/nam11.safelinks.protection.outlook.com\/?url=https%3A%2F%2Fx.com%2Frealmadrid%2Fstatus%2F2001608422572118418%3Fs%3D46%26t%3DvWSsaMsKttiCRFRT9JR29g&#038;data=05%7C02%7Csol.amaya%40cnn.com%7Ce5af5aba637b410b950e08de3e52dac6%7C0eb48825e8714459bc72d0ecd68f1f39%7C0%7C0%7C639016722744865203%7CUnknown%7CTWFpbGZsb3d8eyJFbXB0eU1hcGkiOnRydWUsIlYiOiIwLjAuMDAwMCIsIlAiOiJXaW4zMiIsIkFOIjoiTWFpbCIsIldUIjoyfQ%3D%3D%7C0%7C%7C%7C&#038;sdata=ya1N7ROVwvNthijVdUkPlnZZUPhYd59363QsB%2BB1%2Bc4%3D&#038;reserved=0\">se\u00f1al\u00f3<\/a>.<\/p>\n<p>Mientras que el club Fluminense de Brasil, donde Pineida jug\u00f3 en 2022, expres\u00f3 que recibi\u00f3 conmocionado la noticia.<\/p>\n<p>\u201cPineida lleg\u00f3 al Fluminense al inicio de la temporada en la que nos coronamos campeones de R\u00edo de Janeiro. El Fluminense expresa su solidaridad con su familia y amigos\u201d, <a href=\"https:\/\/nam11.safelinks.protection.outlook.com\/?url=https%3A%2F%2Fx.com%2Ffluminensefc%2Fstatus%2F2001440713888718914%3Fs%3D46%26t%3DvWSsaMsKttiCRFRT9JR29g&#038;data=05%7C02%7Csol.amaya%40cnn.com%7Ce5af5aba637b410b950e08de3e52dac6%7C0eb48825e8714459bc72d0ecd68f1f39%7C0%7C0%7C639016722744884930%7CUnknown%7CTWFpbGZsb3d8eyJFbXB0eU1hcGkiOnRydWUsIlYiOiIwLjAuMDAwMCIsIlAiOiJXaW4zMiIsIkFOIjoiTWFpbCIsIldUIjoyfQ%3D%3D%7C0%7C%7C%7C&#038;sdata=a8AvEX2O2H9O0%2FY04oGhN8eogfJez2q9eo8i6cirJVc%3D&#038;reserved=0\">indic\u00f3<\/a>.<\/p>\n<p>Pineida inici\u00f3 su carrera en el f\u00fatbol con el Independiente del Valle como defensa entre 2010 y 2015, un club considerado el \u201csemillero\u201d de grandes futbolistas y figuras j\u00f3venes en el pa\u00eds.<\/p>\n<p>Luego se vincul\u00f3 a Barcelona Sporting Club y en 2022 se uni\u00f3 al Fluminense de Brasil. Durante un a\u00f1o jug\u00f3 en El Nacional y luego regres\u00f3 a Barcelona. Seg\u00fan la cadena Ecuavisa, afiliada de CNN, Pineida se estaba preparando para el \u00faltimo partido del a\u00f1o que estaba previsto para el domingo contra el Independiente del Valle.<\/p>\n<p>Mario Pineida es el quinto futbolista muerto en 2025 en Ecuador y se suma a la lista de jugadores que han perdido la vida en episodios tr\u00e1gicos de violencia criminal. El pa\u00eds terminar\u00e1 este a\u00f1o como el m\u00e1s violento de la historia, superando los 8.000 homicidios hasta el momento, seg\u00fan datos de la Polic\u00eda.<\/p>\n<p>The-CNN-Wire<br \/>&trade; &amp; &copy; 2025 Cable News Network, Inc., a Warner Bros. Discovery Company. All rights reserved.<\/p>\n","protected":false},"excerpt":{"rendered":"<p>Una nueva muerte de un futbolista conmociona a Ecuador en medio de una grave crisis de violencia y escalada del crimen organizado en el pa\u00eds sudamericano. Mario Pineida, de 33 a\u00f1os, jugador del equipo con mayor hinchada del pa\u00eds, \u201cBarcelona Sporting Club\u201d, muri\u00f3 tras ser atacado con arma de fuego la tarde de este mi\u00e9rcoles [&hellip;]<\/p>\n","protected":false},"author":0,"featured_media":0,"comment_status":"open","ping_status":"open","sticky":false,"template":"","format":"standard","meta":{"_jetpack_memberships_contains_paid_content":false,"footnotes":""},"categories":[10],"tags":[],"class_list":["post-1469402","post","type-post","status-publish","format-standard","hentry","category-noticias-nacionales","market-global"],"yoast_head":"<!-- This site is optimized with the Yoast SEO plugin v24.4 - https:\/\/yoast.com\/wordpress\/plugins\/seo\/ -->\n<title>Conmoci\u00f3n en Ecuador por la muerte del futbolista Mario Pineida en Guayaquil - Noticias<\/title>\n<meta name=\"robots\" content=\"index, follow, max-snippet:-1, max-image-preview:large, max-video-preview:-1\" \/>\n<link rel=\"canonical\" href=\"https:\/\/noticiasya.com\/2025\/12\/18\/ecuador-muerte-futbolista-mario-pineida-orix\/\" \/>\n<meta property=\"og:locale\" content=\"es_ES\" \/>\n<meta property=\"og:type\" content=\"article\" \/>\n<meta property=\"og:title\" content=\"Conmoci\u00f3n en Ecuador por la muerte del futbolista Mario Pineida en Guayaquil - Noticias\" \/>\n<meta property=\"og:description\" content=\"Una nueva muerte de un futbolista conmociona a Ecuador en medio de una grave crisis de violencia y escalada del crimen organizado en el pa\u00eds sudamericano. Mario Pineida, de 33 a\u00f1os, jugador del equipo con mayor hinchada del pa\u00eds, \u201cBarcelona Sporting Club\u201d, muri\u00f3 tras ser atacado con arma de fuego la tarde de este mi\u00e9rcoles [&hellip;]\" \/>\n<meta property=\"og:url\" content=\"https:\/\/noticiasya.com\/2025\/12\/18\/ecuador-muerte-futbolista-mario-pineida-orix\/\" \/>\n<meta property=\"og:site_name\" content=\"Noticias\" \/>\n<meta property=\"article:published_time\" content=\"2025-12-19T00:03:49+00:00\" \/>\n<meta name=\"twitter:card\" content=\"summary_large_image\" \/>\n<meta name=\"twitter:label1\" content=\"Est. reading time\" \/>\n\t<meta name=\"twitter:data1\" content=\"3 minutos\" \/>\n<script type=\"application\/ld+json\" class=\"yoast-schema-graph\">{\"@context\":\"https:\/\/schema.org\",\"@graph\":[{\"@type\":\"Article\",\"@id\":\"https:\/\/noticiasya.com\/2025\/12\/18\/ecuador-muerte-futbolista-mario-pineida-orix\/#article\",\"isPartOf\":{\"@id\":\"https:\/\/noticiasya.com\/2025\/12\/18\/ecuador-muerte-futbolista-mario-pineida-orix\/\"},\"author\":{\"name\":\"\",\"@id\":\"\"},\"headline\":\"Conmoci\u00f3n en Ecuador por la muerte del futbolista Mario Pineida en Guayaquil\",\"datePublished\":\"2025-12-19T00:03:49+00:00\",\"mainEntityOfPage\":{\"@id\":\"https:\/\/noticiasya.com\/2025\/12\/18\/ecuador-muerte-futbolista-mario-pineida-orix\/\"},\"wordCount\":674,\"commentCount\":0,\"publisher\":{\"@id\":\"https:\/\/noticiasya.com\/#organization\"},\"articleSection\":[\"Noticias Nacionales\"],\"inLanguage\":\"es\",\"potentialAction\":[{\"@type\":\"CommentAction\",\"name\":\"Comment\",\"target\":[\"https:\/\/noticiasya.com\/2025\/12\/18\/ecuador-muerte-futbolista-mario-pineida-orix\/#respond\"]}]},{\"@type\":\"WebPage\",\"@id\":\"https:\/\/noticiasya.com\/2025\/12\/18\/ecuador-muerte-futbolista-mario-pineida-orix\/\",\"url\":\"https:\/\/noticiasya.com\/2025\/12\/18\/ecuador-muerte-futbolista-mario-pineida-orix\/\",\"name\":\"Conmoci\u00f3n en Ecuador por la muerte del futbolista Mario Pineida en Guayaquil - Noticias\",\"isPartOf\":{\"@id\":\"https:\/\/noticiasya.com\/#website\"},\"datePublished\":\"2025-12-19T00:03:49+00:00\",\"breadcrumb\":{\"@id\":\"https:\/\/noticiasya.com\/2025\/12\/18\/ecuador-muerte-futbolista-mario-pineida-orix\/#breadcrumb\"},\"inLanguage\":\"es\",\"potentialAction\":[{\"@type\":\"ReadAction\",\"target\":[\"https:\/\/noticiasya.com\/2025\/12\/18\/ecuador-muerte-futbolista-mario-pineida-orix\/\"]}]},{\"@type\":\"BreadcrumbList\",\"@id\":\"https:\/\/noticiasya.com\/2025\/12\/18\/ecuador-muerte-futbolista-mario-pineida-orix\/#breadcrumb\",\"itemListElement\":[{\"@type\":\"ListItem\",\"position\":1,\"name\":\"Home\",\"item\":\"https:\/\/noticiasya.com\/\"},{\"@type\":\"ListItem\",\"position\":2,\"name\":\"Conmoci\u00f3n en Ecuador por la muerte del futbolista Mario Pineida en Guayaquil\"}]},{\"@type\":\"WebSite\",\"@id\":\"https:\/\/noticiasya.com\/#website\",\"url\":\"https:\/\/noticiasya.com\/\",\"name\":\"Noticias\",\"description\":\"Lo que importa\",\"publisher\":{\"@id\":\"https:\/\/noticiasya.com\/#organization\"},\"potentialAction\":[{\"@type\":\"SearchAction\",\"target\":{\"@type\":\"EntryPoint\",\"urlTemplate\":\"https:\/\/noticiasya.com\/?s={search_term_string}\"},\"query-input\":{\"@type\":\"PropertyValueSpecification\",\"valueRequired\":true,\"valueName\":\"search_term_string\"}}],\"inLanguage\":\"es\"},{\"@type\":\"Organization\",\"@id\":\"https:\/\/noticiasya.com\/#organization\",\"name\":\"Noticias\",\"url\":\"https:\/\/noticiasya.com\/\",\"logo\":{\"@type\":\"ImageObject\",\"inLanguage\":\"es\",\"@id\":\"https:\/\/noticiasya.com\/#\/schema\/logo\/image\/\",\"url\":\"https:\/\/noticiasya.com\/wp-content\/uploads\/sites\/22\/2023\/12\/logo-nacional.png\",\"contentUrl\":\"https:\/\/noticiasya.com\/wp-content\/uploads\/sites\/22\/2023\/12\/logo-nacional.png\",\"width\":1801,\"height\":691,\"caption\":\"Noticias\"},\"image\":{\"@id\":\"https:\/\/noticiasya.com\/#\/schema\/logo\/image\/\"}}]}<\/script>\n<!-- \/ Yoast SEO plugin. -->","yoast_head_json":{"title":"Conmoci\u00f3n en Ecuador por la muerte del futbolista Mario Pineida en Guayaquil - Noticias","robots":{"index":"index","follow":"follow","max-snippet":"max-snippet:-1","max-image-preview":"max-image-preview:large","max-video-preview":"max-video-preview:-1"},"canonical":"https:\/\/noticiasya.com\/2025\/12\/18\/ecuador-muerte-futbolista-mario-pineida-orix\/","og_locale":"es_ES","og_type":"article","og_title":"Conmoci\u00f3n en Ecuador por la muerte del futbolista Mario Pineida en Guayaquil - Noticias","og_description":"Una nueva muerte de un futbolista conmociona a Ecuador en medio de una grave crisis de violencia y escalada del crimen organizado en el pa\u00eds sudamericano. Mario Pineida, de 33 a\u00f1os, jugador del equipo con mayor hinchada del pa\u00eds, \u201cBarcelona Sporting Club\u201d, muri\u00f3 tras ser atacado con arma de fuego la tarde de este mi\u00e9rcoles [&hellip;]","og_url":"https:\/\/noticiasya.com\/2025\/12\/18\/ecuador-muerte-futbolista-mario-pineida-orix\/","og_site_name":"Noticias","article_published_time":"2025-12-19T00:03:49+00:00","twitter_card":"summary_large_image","twitter_misc":{"Est. reading time":"3 minutos"},"schema":{"@context":"https:\/\/schema.org","@graph":[{"@type":"Article","@id":"https:\/\/noticiasya.com\/2025\/12\/18\/ecuador-muerte-futbolista-mario-pineida-orix\/#article","isPartOf":{"@id":"https:\/\/noticiasya.com\/2025\/12\/18\/ecuador-muerte-futbolista-mario-pineida-orix\/"},"author":{"name":"","@id":""},"headline":"Conmoci\u00f3n en Ecuador por la muerte del futbolista Mario Pineida en Guayaquil","datePublished":"2025-12-19T00:03:49+00:00","mainEntityOfPage":{"@id":"https:\/\/noticiasya.com\/2025\/12\/18\/ecuador-muerte-futbolista-mario-pineida-orix\/"},"wordCount":674,"commentCount":0,"publisher":{"@id":"https:\/\/noticiasya.com\/#organization"},"articleSection":["Noticias Nacionales"],"inLanguage":"es","potentialAction":[{"@type":"CommentAction","name":"Comment","target":["https:\/\/noticiasya.com\/2025\/12\/18\/ecuador-muerte-futbolista-mario-pineida-orix\/#respond"]}]},{"@type":"WebPage","@id":"https:\/\/noticiasya.com\/2025\/12\/18\/ecuador-muerte-futbolista-mario-pineida-orix\/","url":"https:\/\/noticiasya.com\/2025\/12\/18\/ecuador-muerte-futbolista-mario-pineida-orix\/","name":"Conmoci\u00f3n en Ecuador por la muerte del futbolista Mario Pineida en Guayaquil - Noticias","isPartOf":{"@id":"https:\/\/noticiasya.com\/#website"},"datePublished":"2025-12-19T00:03:49+00:00","breadcrumb":{"@id":"https:\/\/noticiasya.com\/2025\/12\/18\/ecuador-muerte-futbolista-mario-pineida-orix\/#breadcrumb"},"inLanguage":"es","potentialAction":[{"@type":"ReadAction","target":["https:\/\/noticiasya.com\/2025\/12\/18\/ecuador-muerte-futbolista-mario-pineida-orix\/"]}]},{"@type":"BreadcrumbList","@id":"https:\/\/noticiasya.com\/2025\/12\/18\/ecuador-muerte-futbolista-mario-pineida-orix\/#breadcrumb","itemListElement":[{"@type":"ListItem","position":1,"name":"Home","item":"https:\/\/noticiasya.com\/"},{"@type":"ListItem","position":2,"name":"Conmoci\u00f3n en Ecuador por la muerte del futbolista Mario Pineida en Guayaquil"}]},{"@type":"WebSite","@id":"https:\/\/noticiasya.com\/#website","url":"https:\/\/noticiasya.com\/","name":"Noticias","description":"Lo que importa","publisher":{"@id":"https:\/\/noticiasya.com\/#organization"},"potentialAction":[{"@type":"SearchAction","target":{"@type":"EntryPoint","urlTemplate":"https:\/\/noticiasya.com\/?s={search_term_string}"},"query-input":{"@type":"PropertyValueSpecification","valueRequired":true,"valueName":"search_term_string"}}],"inLanguage":"es"},{"@type":"Organization","@id":"https:\/\/noticiasya.com\/#organization","name":"Noticias","url":"https:\/\/noticiasya.com\/","logo":{"@type":"ImageObject","inLanguage":"es","@id":"https:\/\/noticiasya.com\/#\/schema\/logo\/image\/","url":"https:\/\/noticiasya.com\/wp-content\/uploads\/sites\/22\/2023\/12\/logo-nacional.png","contentUrl":"https:\/\/noticiasya.com\/wp-content\/uploads\/sites\/22\/2023\/12\/logo-nacional.png","width":1801,"height":691,"caption":"Noticias"},"image":{"@id":"https:\/\/noticiasya.com\/#\/schema\/logo\/image\/"}}]}},"parsely":{"version":"1.1.0","canonical_url":"https:\/\/noticiasya.com\/midland-odessa\/2025\/12\/18\/ecuador-muerte-futbolista-mario-pineida-orix\/","smart_links":{"inbound":0,"outbound":0},"traffic_boost_suggestions_count":0,"meta":{"@context":"https:\/\/schema.org","@type":"NewsArticle","headline":"Conmoci\u00f3n en Ecuador por la muerte del futbolista Mario Pineida en Guayaquil","url":"http:\/\/noticiasya.com\/midland-odessa\/2025\/12\/18\/ecuador-muerte-futbolista-mario-pineida-orix\/","mainEntityOfPage":{"@type":"WebPage","@id":"http:\/\/noticiasya.com\/midland-odessa\/2025\/12\/18\/ecuador-muerte-futbolista-mario-pineida-orix\/"},"thumbnailUrl":"","image":{"@type":"ImageObject","url":""},"articleSection":"Noticias Nacionales","author":[],"creator":[],"publisher":{"@type":"Organization","name":"Noticias","logo":""},"keywords":[],"dateCreated":"2025-12-19T00:03:49Z","datePublished":"2025-12-19T00:03:49Z","dateModified":"2025-12-19T00:03:49Z"},"rendered":"<script type=\"application\/ld+json\" class=\"wp-parsely-metadata\">{\"@context\":\"https:\\\/\\\/schema.org\",\"@type\":\"NewsArticle\",\"headline\":\"Conmoci\\u00f3n en Ecuador por la muerte del futbolista Mario Pineida en Guayaquil\",\"url\":\"http:\\\/\\\/noticiasya.com\\\/midland-odessa\\\/2025\\\/12\\\/18\\\/ecuador-muerte-futbolista-mario-pineida-orix\\\/\",\"mainEntityOfPage\":{\"@type\":\"WebPage\",\"@id\":\"http:\\\/\\\/noticiasya.com\\\/midland-odessa\\\/2025\\\/12\\\/18\\\/ecuador-muerte-futbolista-mario-pineida-orix\\\/\"},\"thumbnailUrl\":\"\",\"image\":{\"@type\":\"ImageObject\",\"url\":\"\"},\"articleSection\":\"Noticias Nacionales\",\"author\":[],\"creator\":[],\"publisher\":{\"@type\":\"Organization\",\"name\":\"Noticias\",\"logo\":\"\"},\"keywords\":[],\"dateCreated\":\"2025-12-19T00:03:49Z\",\"datePublished\":\"2025-12-19T00:03:49Z\",\"dateModified\":\"2025-12-19T00:03:49Z\"}<\/script>","tracker_url":"https:\/\/cdn.parsely.com\/keys\/noticiasya.com\/p.js"},"jetpack_featured_media_url":"","jetpack-related-posts":[{"id":1447864,"url":"https:\/\/noticiasya.com\/midland-odessa\/2024\/04\/08\/jorge-glas-hospitalizacion-ecuador-orix\/","url_meta":{"origin":1469402,"position":0},"title":"Hospitalizan al exvicepresidente Jorge Glas debido a &#171;posible descompensaci\u00f3n&#187; por negarse &#171;a consumir alimentos&#187;, dice SNAI","author":"","date":"abril 8, 2024","format":false,"excerpt":"(CNN Espa\u00f1ol) \u2013\u2013 El exvicepresidente de Ecuador Jorge Glas fue hospitalizado este lunes en Guayaquil debido a una \"posible descompensaci\u00f3n por su negativa a consumir los alimentos provistos\", inform\u00f3 el Servicio Nacional de Atenci\u00f3n Integral a Personas Adultas Privadas de la Libertad y a Adolescentes Infractores (SNAI).En un comunicado publicado\u2026","rel":"","context":"In &quot;Noticias Nacionales&quot;","block_context":{"text":"Noticias Nacionales","link":"https:\/\/noticiasya.com\/midland-odessa\/categoria\/noticias-nacionales"},"img":{"alt_text":"","src":"","width":0,"height":0},"classes":[]},{"id":1443408,"url":"https:\/\/noticiasya.com\/midland-odessa\/2024\/01\/09\/fuga-de-alias-fito-lider-de-una-banda-criminal-de-ecuador-tensa-la-seguridad-mientras-se-intensifica-su-busqueda\/","url_meta":{"origin":1469402,"position":1},"title":"Fuga de alias \u201cFito\u201d, l\u00edder de una banda criminal de Ecuador, tensa la seguridad mientras se intensifica su b\u00fasqueda","author":"","date":"enero 9, 2024","format":false,"excerpt":"(CNN Espa\u00f1ol) -- Luego de que la Fiscal\u00eda y el Gobierno de Ecuador confirmaran el domingo la fuga de Adolfo Mac\u00edas, alias \u201cFito\u201d, de la c\u00e1rcel regional de Guayaquil, m\u00e1s de 3.000 integrantes de la Polic\u00eda y las Fuerzas Armadas se han desplegado para dar con su paradero, seg\u00fan el\u2026","rel":"","context":"In &quot;Noticias Nacionales&quot;","block_context":{"text":"Noticias Nacionales","link":"https:\/\/noticiasya.com\/midland-odessa\/categoria\/noticias-nacionales"},"img":{"alt_text":"","src":"","width":0,"height":0},"classes":[]},{"id":1467391,"url":"https:\/\/noticiasya.com\/midland-odessa\/2025\/10\/15\/explosion-coche-bomba-centro-comercial-ecuador-orix\/","url_meta":{"origin":1469402,"position":2},"title":"Un coche bomba explota frente a un centro comercial en Guayaquil y lleva la tensi\u00f3n en Ecuador a un extremo","author":"","date":"octubre 15, 2025","format":false,"excerpt":"La explosi\u00f3n de un veh\u00edculo la noche de este martes retumb\u00f3 en pleno centro financiero de Guayaquil y gener\u00f3 alarma y miedo en la poblaci\u00f3n. El estruendo se origin\u00f3 frente a un centro comercial en Guayaquil y elev\u00f3 la tensi\u00f3n en Ecuador. Una persona muri\u00f3 tras la explosi\u00f3n y al\u2026","rel":"","context":"In &quot;Noticias Nacionales&quot;","block_context":{"text":"Noticias Nacionales","link":"https:\/\/noticiasya.com\/midland-odessa\/categoria\/noticias-nacionales"},"img":{"alt_text":"","src":"","width":0,"height":0},"classes":[]},{"id":1459601,"url":"https:\/\/noticiasya.com\/midland-odessa\/2025\/03\/06\/ataque-armado-muertos-heridos-guayaquil-ecuador-orix\/","url_meta":{"origin":1469402,"position":3},"title":"Un ataque armado deja al menos nueve muertos y tres heridos en Guayaquil, Ecuador","author":"","date":"marzo 6, 2025","format":false,"excerpt":"Un ataque armado caus\u00f3 este jueves la muerte de al menos nueve personas y dej\u00f3 heridas a otras tres en la zona de Socio Vivienda de la ciudad de Guayaquil, Ecuador, dijo a CNN el Ministerio del Interior.De acuerdo con los primeros reportes de la instituci\u00f3n, alrededor de las 3:00\u2026","rel":"","context":"In &quot;Noticias Nacionales&quot;","block_context":{"text":"Noticias Nacionales","link":"https:\/\/noticiasya.com\/midland-odessa\/categoria\/noticias-nacionales"},"img":{"alt_text":"","src":"","width":0,"height":0},"classes":[]},{"id":1458007,"url":"https:\/\/noticiasya.com\/midland-odessa\/2025\/01\/29\/ecuador-vuelo-deportacion-ee-uu-orix\/","url_meta":{"origin":1469402,"position":4},"title":"Llega a Ecuador un vuelo de deportaci\u00f3n adicional desde EE.UU., dice la Canciller\u00eda","author":"","date":"enero 29, 2025","format":false,"excerpt":"Unos 80 migrantes ecuatorianos deportados de Estados Unidos trasladados en un vuelo militar de la Fuerza A\u00e9rea proveniente de Texas arribaron al aeropuerto de Guayaquil este martes por la noche, comunic\u00f3 la Canciller\u00eda de Ecuador en X.Seg\u00fan la Canciller\u00eda, este vuelo se sum\u00f3 a las operaciones a\u00e9reas habituales para retornar\u2026","rel":"","context":"In &quot;Noticias Nacionales&quot;","block_context":{"text":"Noticias Nacionales","link":"https:\/\/noticiasya.com\/midland-odessa\/categoria\/noticias-nacionales"},"img":{"alt_text":"","src":"","width":0,"height":0},"classes":[]},{"id":1443445,"url":"https:\/\/noticiasya.com\/midland-odessa\/2024\/01\/09\/hombres-encapuchados-toman-las-instalaciones-de-tc-television-en-ecuador-la-policia-arresta-a-varios-sujetos\/","url_meta":{"origin":1469402,"position":5},"title":"Hombres encapuchados toman las instalaciones de TC Televisi\u00f3n en Ecuador. La Polic\u00eda arresta a varios sujetos","author":"","date":"enero 9, 2024","format":false,"excerpt":"(CNN Espa\u00f1ol) \u2013\u2013 Un grupo de hombres encapuchados irrumpi\u00f3 las instalaciones del canal TC Televisi\u00f3n en Guayaquil, la tarde de este martes, seg\u00fan im\u00e1genes transmitidas por esa cadena ecuatoriana. Momentos despu\u00e9s, la Polic\u00eda de Ecuador intervino en el lugar y logr\u00f3 \"la aprehensi\u00f3n de varios sujetos e indicios vinculados\" a\u2026","rel":"","context":"In &quot;Noticias Nacionales&quot;","block_context":{"text":"Noticias Nacionales","link":"https:\/\/noticiasya.com\/midland-odessa\/categoria\/noticias-nacionales"},"img":{"alt_text":"","src":"","width":0,"height":0},"classes":[]}],"jetpack_sharing_enabled":true,"_links":{"self":[{"href":"https:\/\/noticiasya.com\/midland-odessa\/wp-json\/wp\/v2\/posts\/1469402","targetHints":{"allow":["GET"]}}],"collection":[{"href":"https:\/\/noticiasya.com\/midland-odessa\/wp-json\/wp\/v2\/posts"}],"about":[{"href":"https:\/\/noticiasya.com\/midland-odessa\/wp-json\/wp\/v2\/types\/post"}],"replies":[{"embeddable":true,"href":"https:\/\/noticiasya.com\/midland-odessa\/wp-json\/wp\/v2\/comments?post=1469402"}],"version-history":[{"count":0,"href":"https:\/\/noticiasya.com\/midland-odessa\/wp-json\/wp\/v2\/posts\/1469402\/revisions"}],"wp:attachment":[{"href":"https:\/\/noticiasya.com\/midland-odessa\/wp-json\/wp\/v2\/media?parent=1469402"}],"wp:term":[{"taxonomy":"category","embeddable":true,"href":"https:\/\/noticiasya.com\/midland-odessa\/wp-json\/wp\/v2\/categories?post=1469402"},{"taxonomy":"post_tag","embeddable":true,"href":"https:\/\/noticiasya.com\/midland-odessa\/wp-json\/wp\/v2\/tags?post=1469402"}],"curies":[{"name":"wp","href":"https:\/\/api.w.org\/{rel}","templated":true}]}}