{"id":1469418,"date":"2025-12-19T05:03:46","date_gmt":"2025-12-19T13:03:46","guid":{"rendered":"https:\/\/noticiasya.com\/2025\/12\/19\/claudio-neves-valente-sospechoso-tiroteo-universidad-brown-trax\/"},"modified":"2025-12-19T05:03:46","modified_gmt":"2025-12-19T13:03:46","slug":"claudio-neves-valente-sospechoso-tiroteo-universidad-brown-trax","status":"publish","type":"post","link":"https:\/\/noticiasya.com\/midland-odessa\/2025\/12\/19\/claudio-neves-valente-sospechoso-tiroteo-universidad-brown-trax\/","title":{"rendered":"\u00bfQui\u00e9n es Claudio Neves Valente, el sospechoso del tiroteo en la Universidad de Brown?"},"content":{"rendered":"<p><a href=\"https:\/\/www.cnn.com\/us\/live-news\/brown-university-shooting-suspect-12-18-25?post-id=cmjccdrga000f3b6pqdaheogo\">Claudio Neves Valente<\/a>, sospechoso del tiroteo en la Universidad de Brown y de la muerte de un profesor del MIT, no ten\u00eda antecedentes penales conocidos en Estados Unidos, afirmaron este jueves las autoridades.<\/p>\n<p>\u201cNo tenemos conocimiento de ning\u00fan antecedente penal en Estados Unidos\u201d, declar\u00f3 la fiscal federal para el distrito de Massachusetts, Leah Foley, en una conferencia de prensa.<\/p>\n<p>Neves Valente us\u00f3 una licencia de conducir de Florida para alquilar el Nissan Sentra en Boston, seg\u00fan la declaraci\u00f3n jurada.<\/p>\n<p>Neves Valente asisti\u00f3 a la Universidad Brown durante <a href=\"https:\/\/www.cnn.com\/us\/live-news\/brown-university-shooting-suspect-12-18-25?post-id=cmjc9yrf3000l356qx2q3er9w\">tres semestres como estudiante de posgrado<\/a> y no ten\u00eda ninguna afiliaci\u00f3n activa con la escuela en el momento del tiroteo del s\u00e1bado, afirm\u00f3 la presidenta Christina H. Paxson en un <a href=\"https:\/\/www.brown.edu\/\">comunicado<\/a> el jueves por la noche.<\/p>\n<p>\u201c\u00c9l no era un estudiante actual, no era un empleado y no recibi\u00f3 un t\u00edtulo de la Universidad, asisti\u00f3 solo durante tres semestres\u201d, apunt\u00f3.<\/p>\n<p>\u201cNeves Valente fue admitido en la Escuela de Posgrado de Brown para estudiar en el programa de Maestr\u00eda en Ciencias y Doctorado en F\u00edsica\u201d, dec\u00eda el comunicado, que indica que estuvo matriculado desde el oto\u00f1o de 2000 hasta la primavera de 2001.<\/p>\n<p> Posteriormente, se tom\u00f3 una licencia y se retir\u00f3 formalmente de la universidad el 31 de julio de 2003.<\/p>\n<p>\u201cDurante su tiempo en Brown, Neves Valente estuvo inscrito solo en clases de f\u00edsica, y es probable que haya tomado cursos y pasado tiempo en Barus &#038; Holley\u201d, agreg\u00f3 Paxson, refiri\u00e9ndose al edificio donde <a href=\"https:\/\/www.cnn.com\/2025\/12\/15\/us\/brown-university-shooting-familiar-nightmare\">ocurri\u00f3 el tiroteo<\/a>.<\/p>\n<p>\u201cNada puede cerrar por completo las vidas destrozadas por la violencia armada del fin de semana pasado. Ahora, sin embargo, nuestra comunidad tiene la oportunidad de avanzar y comenzar un camino de reparaci\u00f3n, recuperaci\u00f3n y sanaci\u00f3n\u201d, manifesta el comunicado, emitido despu\u00e9s de que la polic\u00eda <a href=\"https:\/\/www.cnn.com\/us\/live-news\/brown-university-shooting-suspect-12-18-25?post-id=cmjc80jfj000i3b6q5ceec4qp\">anunciara<\/a> el hallazgo del sospechoso muerto.<\/p>\n<p>Los investigadores creen que el sospechoso Claudio Neves Valente apunt\u00f3 espec\u00edficamente al <a href=\"https:\/\/www.cnn.com\/us\/live-news\/brown-university-shooting-suspect-12-18-25?post-id=cmjcc19ld00053b6p0ezn7iss\">profesor del MIT Nuno Loureiro<\/a>, comnet\u00f3 a CNN este jueves un funcionario de la ley.<\/p>\n<p>Neves Valente fue responsable de la muerte de Loureiro en su domicilio de Brookline, Massachusetts, d\u00edas despu\u00e9s del ataque al campus, seg\u00fan la fiscal\u00eda.<\/p>\n<p>El supuesto atacante asisti\u00f3 previamente al mismo programa acad\u00e9mico que Loureiro en Portugal, entre 1995 y 2000.<\/p>\n<p>Los investigadores no creen actualmente que las dos personas que murieron en Brown, donde <a href=\"https:\/\/www.cnn.com\/us\/live-news\/brown-university-shooting-suspect-12-18-25?post-id=cmjc9yrf3000l356qx2q3er9w\">el sospechoso estudiaba a principios de la d\u00e9cada de 2000<\/a>, fueran objetivos directos, declar\u00f3 el agente del orden.<\/p>\n<p>Las dos v\u00edctimas, de 18 y 19 a\u00f1os, eran <a href=\"https:\/\/www.cnn.com\/2025\/12\/16\/us\/victims-brown-university-shooting-wwk\" rel=\"noopener noreferrer\" target=\"_blank\">estudiantes de la Universidad de Brown.<\/a><\/p>\n<p>Los investigadores a\u00fan no tienen una idea clara de qu\u00e9 motiv\u00f3 el tiroteo en la Universidad de Brown, inform\u00f3 el jueves el jefe de polic\u00eda de Providence, Oscar L. P\u00e9rez Jr.<\/p>\n<p>\u201cNo tenemos un motivo. Como saben, esto se desarroll\u00f3 con extrema rapidez. En este momento, vamos a investigarlo m\u00e1s a fondo, trabajando en estrecha colaboraci\u00f3n con nuestros socios federales, para obtener m\u00e1s informaci\u00f3n. Pero puedo decirles que la ciudad est\u00e1 aliviada\u201d, declar\u00f3 P\u00e9rez a Brian Todd de CNN.<\/p>\n<p>Es muy dif\u00edcil saber mucho sobre una persona cuando se desconoce su identidad y su nombre. Ahora s\u00ed lo sabemos, obviamente, as\u00ed que nos encargaremos de ello, insisti\u00f3.<\/p>\n<p>P\u00e9rez describi\u00f3 c\u00f3mo un testigo clave, un graduado de Brown familiarizado con el campus, <a href=\"https:\/\/www.cnn.com\/us\/live-news\/brown-university-shooting-suspect-12-18-25?post-id=cmjcc19s900093b6pbj1bcjsm\">ayud\u00f3 a aclarar lo que los detectives estaban viendo<\/a> en las primeras im\u00e1genes de vigilancia.<\/p>\n<p>El testigo declar\u00f3 a la polic\u00eda que hab\u00eda visto a una persona sospechosa dentro de un edificio de Brown y que la hab\u00eda seguido.<\/p>\n<p>Tambi\u00e9n proporcion\u00f3 una descripci\u00f3n del veh\u00edculo del hombre, detalle que los investigadores confirmaron posteriormente mediante lectores autom\u00e1ticos de matr\u00edculas.<\/p>\n<p>Los investigadores sab\u00edan el mi\u00e9rcoles qui\u00e9n era el sospechoso y que hab\u00eda alquilado un coche en Boston, seg\u00fan el fiscal general de Rhode Island, Peter Neronha. A partir de ah\u00ed, analizaron c\u00f3mo encontrar al supuesto atacante sin avisarle.<\/p>\n<p>Neronha cont\u00f3 que los agentes verificaron si el sospechoso iba a devolver el <a href=\"https:\/\/www.cnn.com\/us\/live-news\/brown-university-shooting-suspect-12-18-25?post-id=cmjca2y2f000y3b6qbbjlil7v\">auto alquilado<\/a> en Boston o en Connecticut. Finalmente no lo devolvi\u00f3 a ninguna parte, afirm\u00f3.<\/p>\n<p>\u201cQuer\u00edamos intentar capturarlo sin que supiera que ven\u00edamos\u201d, coment\u00f3 Neronha sobre la persecuci\u00f3n.<\/p>\n<p>Y hasta el jueves, Neronha afirm\u00f3 que las autoridades \u201cestaban yendo y viniendo\u201d sobre las mejores medidas a tomar para mantener su b\u00fasqueda en secreto.<\/p>\n<p>Manifest\u00f3 que finalmente la polic\u00eda \u201crecopil\u00f3 evidencia de d\u00f3nde se encontraba\u201d.<\/p>\n<p>\u201cDecidimos seguir esa ubicaci\u00f3n y all\u00ed encontramos el <a href=\"https:\/\/www.cnn.com\/us\/live-news\/brown-university-shooting-suspect-12-18-25?post-id=cmjcanfqc00133b6qho0hwr8o\">auto con esas m\u00faltiples placas<\/a> que busc\u00e1bamos\u201d, expuso.<\/p>\n<p>Los investigadores han mapeado los movimientos de Claudio Neves Valente en los a\u00f1os previos al tiroteo en la Universidad de Brown y esto es lo que han descubierto hasta ahora, seg\u00fan la fiscal federal del Distrito de Massachusetts, Leah Foley:<\/p>\n<ul>\n<li><strong>1995 &#8211; 2000:<\/strong> Neves Valente, de nacionalidad portuguesa, asiste al mismo programa acad\u00e9mico que Loureiro en Portugal.<\/li>\n<li><strong>Aprox. 2000 &#8211; 2001<\/strong> : Neves Valente estudia en la Universidad Brown en Providence, Rhode Island, con una visa F1, de no inmigrante para que alumnos internacionales asistan a clases a tiempo completo.<\/li>\n<li><strong>2025<\/strong> : Se cree que Neves Valente vive en el \u00e1rea de Nueva Inglaterra.<\/li>\n<li><strong>Noviembre<\/strong> : Neves Valente alquila una unidad de almacenamiento en Salem, New Hampshire, a partir de una fecha no especificada en noviembre.<\/li>\n<li><strong>26 al 30 de noviembre<\/strong> : El sospechoso alquila una habitaci\u00f3n de hotel en Boston.<\/li>\n<li><strong>\ufeff1 de diciembre<\/strong> : Tambi\u00e9n en Boston, Neves Valente alquila un Nissan Sentra gris con matr\u00edcula de Florida y conduce hasta la Universidad de Brown.<\/li>\n<li><strong>1 al 12 de diciembre<\/strong> : Este veh\u00edculo de alquiler se ve varias veces en los alrededores de la Universidad de Brown.<\/li>\n<li><strong>13 de diciembre<\/strong> : Neves Valente ingresa al auditorio del campus de Brown y comienza a disparar contra los estudiantes, mata a Ella Cook y a Mukhammad Aziz Umurzokov, e hiere a otras nueve personas.<\/li>\n<li><strong>13-14 de diciembre<\/strong> : Neves Valente regresa a Massachusetts. Durante su estancia, cambia la matr\u00edcula del veh\u00edculo de alquiler por una no resgistrada de Maine.<\/li>\n<li><strong>15 de diciembre<\/strong> : Neves Valente mata a tiros a Loureiro en la casa del profesor en Brookline. Inmediatamente despu\u00e9s, el presunto atacante regresa al almac\u00e9n en Salem donde hab\u00eda alquilado una unidad.<\/li>\n<li><strong>18 de diciembre<\/strong> : Neves Valente es encontrado muerto en una unidad desocupada \u201cjusto al lado\u201d del almac\u00e9n, tras quitarse la vida.<\/li>\n<\/ul>\n<p>The-CNN-Wire<br \/>&trade; &amp; &copy; 2025 Cable News Network, Inc., a Warner Bros. Discovery Company. All rights reserved.<\/p>\n","protected":false},"excerpt":{"rendered":"<p>Claudio Neves Valente, sospechoso del tiroteo en la Universidad de Brown y de la muerte de un profesor del MIT, no ten\u00eda antecedentes penales conocidos en Estados Unidos, afirmaron este jueves las autoridades. \u201cNo tenemos conocimiento de ning\u00fan antecedente penal en Estados Unidos\u201d, declar\u00f3 la fiscal federal para el distrito de Massachusetts, Leah Foley, en [&hellip;]<\/p>\n","protected":false},"author":0,"featured_media":0,"comment_status":"open","ping_status":"open","sticky":false,"template":"","format":"standard","meta":{"_jetpack_memberships_contains_paid_content":false,"footnotes":""},"categories":[10],"tags":[],"class_list":["post-1469418","post","type-post","status-publish","format-standard","hentry","category-noticias-nacionales","market-global"],"yoast_head":"<!-- This site is optimized with the Yoast SEO plugin v24.4 - https:\/\/yoast.com\/wordpress\/plugins\/seo\/ -->\n<title>\u00bfQui\u00e9n es Claudio Neves Valente, el sospechoso del tiroteo en la Universidad de Brown? - Noticias<\/title>\n<meta name=\"robots\" content=\"index, follow, max-snippet:-1, max-image-preview:large, max-video-preview:-1\" \/>\n<link rel=\"canonical\" href=\"https:\/\/noticiasya.com\/2025\/12\/19\/claudio-neves-valente-sospechoso-tiroteo-universidad-brown-trax\/\" \/>\n<meta property=\"og:locale\" content=\"es_ES\" \/>\n<meta property=\"og:type\" content=\"article\" \/>\n<meta property=\"og:title\" content=\"\u00bfQui\u00e9n es Claudio Neves Valente, el sospechoso del tiroteo en la Universidad de Brown? - Noticias\" \/>\n<meta property=\"og:description\" content=\"Claudio Neves Valente, sospechoso del tiroteo en la Universidad de Brown y de la muerte de un profesor del MIT, no ten\u00eda antecedentes penales conocidos en Estados Unidos, afirmaron este jueves las autoridades. \u201cNo tenemos conocimiento de ning\u00fan antecedente penal en Estados Unidos\u201d, declar\u00f3 la fiscal federal para el distrito de Massachusetts, Leah Foley, en [&hellip;]\" \/>\n<meta property=\"og:url\" content=\"https:\/\/noticiasya.com\/2025\/12\/19\/claudio-neves-valente-sospechoso-tiroteo-universidad-brown-trax\/\" \/>\n<meta property=\"og:site_name\" content=\"Noticias\" \/>\n<meta property=\"article:published_time\" content=\"2025-12-19T13:03:46+00:00\" \/>\n<meta name=\"twitter:card\" content=\"summary_large_image\" \/>\n<meta name=\"twitter:label1\" content=\"Est. reading time\" \/>\n\t<meta name=\"twitter:data1\" content=\"5 minutos\" \/>\n<script type=\"application\/ld+json\" class=\"yoast-schema-graph\">{\"@context\":\"https:\/\/schema.org\",\"@graph\":[{\"@type\":\"Article\",\"@id\":\"https:\/\/noticiasya.com\/2025\/12\/19\/claudio-neves-valente-sospechoso-tiroteo-universidad-brown-trax\/#article\",\"isPartOf\":{\"@id\":\"https:\/\/noticiasya.com\/2025\/12\/19\/claudio-neves-valente-sospechoso-tiroteo-universidad-brown-trax\/\"},\"author\":{\"name\":\"\",\"@id\":\"\"},\"headline\":\"\u00bfQui\u00e9n es Claudio Neves Valente, el sospechoso del tiroteo en la Universidad de Brown?\",\"datePublished\":\"2025-12-19T13:03:46+00:00\",\"mainEntityOfPage\":{\"@id\":\"https:\/\/noticiasya.com\/2025\/12\/19\/claudio-neves-valente-sospechoso-tiroteo-universidad-brown-trax\/\"},\"wordCount\":1097,\"commentCount\":0,\"publisher\":{\"@id\":\"https:\/\/noticiasya.com\/#organization\"},\"articleSection\":[\"Noticias Nacionales\"],\"inLanguage\":\"es\",\"potentialAction\":[{\"@type\":\"CommentAction\",\"name\":\"Comment\",\"target\":[\"https:\/\/noticiasya.com\/2025\/12\/19\/claudio-neves-valente-sospechoso-tiroteo-universidad-brown-trax\/#respond\"]}]},{\"@type\":\"WebPage\",\"@id\":\"https:\/\/noticiasya.com\/2025\/12\/19\/claudio-neves-valente-sospechoso-tiroteo-universidad-brown-trax\/\",\"url\":\"https:\/\/noticiasya.com\/2025\/12\/19\/claudio-neves-valente-sospechoso-tiroteo-universidad-brown-trax\/\",\"name\":\"\u00bfQui\u00e9n es Claudio Neves Valente, el sospechoso del tiroteo en la Universidad de Brown? - Noticias\",\"isPartOf\":{\"@id\":\"https:\/\/noticiasya.com\/#website\"},\"datePublished\":\"2025-12-19T13:03:46+00:00\",\"breadcrumb\":{\"@id\":\"https:\/\/noticiasya.com\/2025\/12\/19\/claudio-neves-valente-sospechoso-tiroteo-universidad-brown-trax\/#breadcrumb\"},\"inLanguage\":\"es\",\"potentialAction\":[{\"@type\":\"ReadAction\",\"target\":[\"https:\/\/noticiasya.com\/2025\/12\/19\/claudio-neves-valente-sospechoso-tiroteo-universidad-brown-trax\/\"]}]},{\"@type\":\"BreadcrumbList\",\"@id\":\"https:\/\/noticiasya.com\/2025\/12\/19\/claudio-neves-valente-sospechoso-tiroteo-universidad-brown-trax\/#breadcrumb\",\"itemListElement\":[{\"@type\":\"ListItem\",\"position\":1,\"name\":\"Home\",\"item\":\"https:\/\/noticiasya.com\/\"},{\"@type\":\"ListItem\",\"position\":2,\"name\":\"\u00bfQui\u00e9n es Claudio Neves Valente, el sospechoso del tiroteo en la Universidad de Brown?\"}]},{\"@type\":\"WebSite\",\"@id\":\"https:\/\/noticiasya.com\/#website\",\"url\":\"https:\/\/noticiasya.com\/\",\"name\":\"Noticias\",\"description\":\"Lo que importa\",\"publisher\":{\"@id\":\"https:\/\/noticiasya.com\/#organization\"},\"potentialAction\":[{\"@type\":\"SearchAction\",\"target\":{\"@type\":\"EntryPoint\",\"urlTemplate\":\"https:\/\/noticiasya.com\/?s={search_term_string}\"},\"query-input\":{\"@type\":\"PropertyValueSpecification\",\"valueRequired\":true,\"valueName\":\"search_term_string\"}}],\"inLanguage\":\"es\"},{\"@type\":\"Organization\",\"@id\":\"https:\/\/noticiasya.com\/#organization\",\"name\":\"Noticias\",\"url\":\"https:\/\/noticiasya.com\/\",\"logo\":{\"@type\":\"ImageObject\",\"inLanguage\":\"es\",\"@id\":\"https:\/\/noticiasya.com\/#\/schema\/logo\/image\/\",\"url\":\"https:\/\/noticiasya.com\/wp-content\/uploads\/sites\/22\/2023\/12\/logo-nacional.png\",\"contentUrl\":\"https:\/\/noticiasya.com\/wp-content\/uploads\/sites\/22\/2023\/12\/logo-nacional.png\",\"width\":1801,\"height\":691,\"caption\":\"Noticias\"},\"image\":{\"@id\":\"https:\/\/noticiasya.com\/#\/schema\/logo\/image\/\"}}]}<\/script>\n<!-- \/ Yoast SEO plugin. -->","yoast_head_json":{"title":"\u00bfQui\u00e9n es Claudio Neves Valente, el sospechoso del tiroteo en la Universidad de Brown? - Noticias","robots":{"index":"index","follow":"follow","max-snippet":"max-snippet:-1","max-image-preview":"max-image-preview:large","max-video-preview":"max-video-preview:-1"},"canonical":"https:\/\/noticiasya.com\/2025\/12\/19\/claudio-neves-valente-sospechoso-tiroteo-universidad-brown-trax\/","og_locale":"es_ES","og_type":"article","og_title":"\u00bfQui\u00e9n es Claudio Neves Valente, el sospechoso del tiroteo en la Universidad de Brown? - Noticias","og_description":"Claudio Neves Valente, sospechoso del tiroteo en la Universidad de Brown y de la muerte de un profesor del MIT, no ten\u00eda antecedentes penales conocidos en Estados Unidos, afirmaron este jueves las autoridades. \u201cNo tenemos conocimiento de ning\u00fan antecedente penal en Estados Unidos\u201d, declar\u00f3 la fiscal federal para el distrito de Massachusetts, Leah Foley, en [&hellip;]","og_url":"https:\/\/noticiasya.com\/2025\/12\/19\/claudio-neves-valente-sospechoso-tiroteo-universidad-brown-trax\/","og_site_name":"Noticias","article_published_time":"2025-12-19T13:03:46+00:00","twitter_card":"summary_large_image","twitter_misc":{"Est. reading time":"5 minutos"},"schema":{"@context":"https:\/\/schema.org","@graph":[{"@type":"Article","@id":"https:\/\/noticiasya.com\/2025\/12\/19\/claudio-neves-valente-sospechoso-tiroteo-universidad-brown-trax\/#article","isPartOf":{"@id":"https:\/\/noticiasya.com\/2025\/12\/19\/claudio-neves-valente-sospechoso-tiroteo-universidad-brown-trax\/"},"author":{"name":"","@id":""},"headline":"\u00bfQui\u00e9n es Claudio Neves Valente, el sospechoso del tiroteo en la Universidad de Brown?","datePublished":"2025-12-19T13:03:46+00:00","mainEntityOfPage":{"@id":"https:\/\/noticiasya.com\/2025\/12\/19\/claudio-neves-valente-sospechoso-tiroteo-universidad-brown-trax\/"},"wordCount":1097,"commentCount":0,"publisher":{"@id":"https:\/\/noticiasya.com\/#organization"},"articleSection":["Noticias Nacionales"],"inLanguage":"es","potentialAction":[{"@type":"CommentAction","name":"Comment","target":["https:\/\/noticiasya.com\/2025\/12\/19\/claudio-neves-valente-sospechoso-tiroteo-universidad-brown-trax\/#respond"]}]},{"@type":"WebPage","@id":"https:\/\/noticiasya.com\/2025\/12\/19\/claudio-neves-valente-sospechoso-tiroteo-universidad-brown-trax\/","url":"https:\/\/noticiasya.com\/2025\/12\/19\/claudio-neves-valente-sospechoso-tiroteo-universidad-brown-trax\/","name":"\u00bfQui\u00e9n es Claudio Neves Valente, el sospechoso del tiroteo en la Universidad de Brown? - Noticias","isPartOf":{"@id":"https:\/\/noticiasya.com\/#website"},"datePublished":"2025-12-19T13:03:46+00:00","breadcrumb":{"@id":"https:\/\/noticiasya.com\/2025\/12\/19\/claudio-neves-valente-sospechoso-tiroteo-universidad-brown-trax\/#breadcrumb"},"inLanguage":"es","potentialAction":[{"@type":"ReadAction","target":["https:\/\/noticiasya.com\/2025\/12\/19\/claudio-neves-valente-sospechoso-tiroteo-universidad-brown-trax\/"]}]},{"@type":"BreadcrumbList","@id":"https:\/\/noticiasya.com\/2025\/12\/19\/claudio-neves-valente-sospechoso-tiroteo-universidad-brown-trax\/#breadcrumb","itemListElement":[{"@type":"ListItem","position":1,"name":"Home","item":"https:\/\/noticiasya.com\/"},{"@type":"ListItem","position":2,"name":"\u00bfQui\u00e9n es Claudio Neves Valente, el sospechoso del tiroteo en la Universidad de Brown?"}]},{"@type":"WebSite","@id":"https:\/\/noticiasya.com\/#website","url":"https:\/\/noticiasya.com\/","name":"Noticias","description":"Lo que importa","publisher":{"@id":"https:\/\/noticiasya.com\/#organization"},"potentialAction":[{"@type":"SearchAction","target":{"@type":"EntryPoint","urlTemplate":"https:\/\/noticiasya.com\/?s={search_term_string}"},"query-input":{"@type":"PropertyValueSpecification","valueRequired":true,"valueName":"search_term_string"}}],"inLanguage":"es"},{"@type":"Organization","@id":"https:\/\/noticiasya.com\/#organization","name":"Noticias","url":"https:\/\/noticiasya.com\/","logo":{"@type":"ImageObject","inLanguage":"es","@id":"https:\/\/noticiasya.com\/#\/schema\/logo\/image\/","url":"https:\/\/noticiasya.com\/wp-content\/uploads\/sites\/22\/2023\/12\/logo-nacional.png","contentUrl":"https:\/\/noticiasya.com\/wp-content\/uploads\/sites\/22\/2023\/12\/logo-nacional.png","width":1801,"height":691,"caption":"Noticias"},"image":{"@id":"https:\/\/noticiasya.com\/#\/schema\/logo\/image\/"}}]}},"parsely":{"version":"1.1.0","canonical_url":"https:\/\/noticiasya.com\/midland-odessa\/2025\/12\/19\/claudio-neves-valente-sospechoso-tiroteo-universidad-brown-trax\/","smart_links":{"inbound":0,"outbound":0},"traffic_boost_suggestions_count":0,"meta":{"@context":"https:\/\/schema.org","@type":"NewsArticle","headline":"\u00bfQui\u00e9n es Claudio Neves Valente, el sospechoso del tiroteo en la Universidad de Brown?","url":"http:\/\/noticiasya.com\/midland-odessa\/2025\/12\/19\/claudio-neves-valente-sospechoso-tiroteo-universidad-brown-trax\/","mainEntityOfPage":{"@type":"WebPage","@id":"http:\/\/noticiasya.com\/midland-odessa\/2025\/12\/19\/claudio-neves-valente-sospechoso-tiroteo-universidad-brown-trax\/"},"thumbnailUrl":"","image":{"@type":"ImageObject","url":""},"articleSection":"Noticias Nacionales","author":[],"creator":[],"publisher":{"@type":"Organization","name":"Noticias","logo":""},"keywords":[],"dateCreated":"2025-12-19T13:03:46Z","datePublished":"2025-12-19T13:03:46Z","dateModified":"2025-12-19T13:03:46Z"},"rendered":"<script type=\"application\/ld+json\" class=\"wp-parsely-metadata\">{\"@context\":\"https:\\\/\\\/schema.org\",\"@type\":\"NewsArticle\",\"headline\":\"\\u00bfQui\\u00e9n es Claudio Neves Valente, el sospechoso del tiroteo en la Universidad de Brown?\",\"url\":\"http:\\\/\\\/noticiasya.com\\\/midland-odessa\\\/2025\\\/12\\\/19\\\/claudio-neves-valente-sospechoso-tiroteo-universidad-brown-trax\\\/\",\"mainEntityOfPage\":{\"@type\":\"WebPage\",\"@id\":\"http:\\\/\\\/noticiasya.com\\\/midland-odessa\\\/2025\\\/12\\\/19\\\/claudio-neves-valente-sospechoso-tiroteo-universidad-brown-trax\\\/\"},\"thumbnailUrl\":\"\",\"image\":{\"@type\":\"ImageObject\",\"url\":\"\"},\"articleSection\":\"Noticias Nacionales\",\"author\":[],\"creator\":[],\"publisher\":{\"@type\":\"Organization\",\"name\":\"Noticias\",\"logo\":\"\"},\"keywords\":[],\"dateCreated\":\"2025-12-19T13:03:46Z\",\"datePublished\":\"2025-12-19T13:03:46Z\",\"dateModified\":\"2025-12-19T13:03:46Z\"}<\/script>","tracker_url":"https:\/\/cdn.parsely.com\/keys\/noticiasya.com\/p.js"},"jetpack_featured_media_url":"","jetpack-related-posts":[{"id":1469435,"url":"https:\/\/noticiasya.com\/midland-odessa\/2025\/12\/19\/brillante-arrogante-hablan-excompaneros-atacante-brown-trax\/","url_meta":{"origin":1469418,"position":0},"title":"Excompa\u00f1eros describen al presunto atacante en Brown como &#171;brillante&#187; pero arrogante y dif\u00edcil","author":"","date":"diciembre 19, 2025","format":false,"excerpt":"Mientras los investigadores trabajan para encontrar un motivo detr\u00e1s del tiroteo masivo en la Universidad de Brown y el asesinato de un reconocido profesor del MIT, excompa\u00f1eros del presunto asesino lo describen como un estudiante brillante pero excepcionalmente dif\u00edcil.Claudio Neves Valente, el sospechoso de 48 a\u00f1os que, seg\u00fan la Polic\u00eda,\u2026","rel":"","context":"In &quot;Noticias Nacionales&quot;","block_context":{"text":"Noticias Nacionales","link":"https:\/\/noticiasya.com\/midland-odessa\/categoria\/noticias-nacionales"},"img":{"alt_text":"","src":"","width":0,"height":0},"classes":[]},{"id":1469413,"url":"https:\/\/noticiasya.com\/midland-odessa\/2025\/12\/19\/investigacion-sospechoso-tiroteo-universidad-brown-trax\/","url_meta":{"origin":1469418,"position":1},"title":"C\u00f3mo dieron con el sospechoso del tiroteo en la Universidad de Brown y lo vincularon con el asesinato de un profesor del MIT","author":"","date":"diciembre 19, 2025","format":false,"excerpt":"Cinco d\u00edas despu\u00e9s de que comenzara una extensa b\u00fasqueda, la polic\u00eda se acerc\u00f3 al sospechoso del tiroteo en la Universidad de Brown tras surgir aparentes v\u00ednculos entre el ataque del s\u00e1bado en la escuela de Providence, Rhode Island, y la muerte dos d\u00edas m\u00e1s tarde de un profesor del MIT\u2026","rel":"","context":"In &quot;Noticias Nacionales&quot;","block_context":{"text":"Noticias Nacionales","link":"https:\/\/noticiasya.com\/midland-odessa\/categoria\/noticias-nacionales"},"img":{"alt_text":"","src":"","width":0,"height":0},"classes":[]},{"id":1469420,"url":"https:\/\/noticiasya.com\/midland-odessa\/2025\/12\/19\/green-card-loteria-visas-pausadas-trax\/","url_meta":{"origin":1469418,"position":2},"title":"EE.UU. pausa la &#171;loter\u00eda de visas&#187; que permite a inmigrantes obtener green cards","author":"","date":"diciembre 19, 2025","format":false,"excerpt":"La agencia de inmigraci\u00f3n de Estados Unidos recibi\u00f3 la orden de suspender su programa de visas de diversidad (DV1), conocido popularmente como \u201cloter\u00eda de visas\u201d, despu\u00e9s de que se descubriera que el sospechoso del tiroteo en la Universidad de Brown hab\u00eda ingresado al pa\u00eds a trav\u00e9s del mismo, declar\u00f3 la\u2026","rel":"","context":"In &quot;Noticias Nacionales&quot;","block_context":{"text":"Noticias Nacionales","link":"https:\/\/noticiasya.com\/midland-odessa\/categoria\/noticias-nacionales"},"img":{"alt_text":"","src":"","width":0,"height":0},"classes":[]},{"id":1469427,"url":"https:\/\/noticiasya.com\/midland-odessa\/2025\/12\/19\/loteria-visas-suspension-trax\/","url_meta":{"origin":1469418,"position":3},"title":"\u00bfPor qu\u00e9 quiere EE.UU. suspender la &#171;loter\u00eda de visas&#187; y qu\u00e9 significa para los aplicantes?","author":"","date":"diciembre 19, 2025","format":false,"excerpt":"El Departamento de Seguridad Nacional anunci\u00f3 su intenci\u00f3n de suspender un programa de visas destinado a permitir la entrada de ciertas personas a Estados Unidos, aunque no est\u00e1 claro si lo ha pausado completamente.La medida llega despu\u00e9s de que el sospechoso del tiroteo en la Universidad de Brown fuera identificado\u2026","rel":"","context":"In &quot;Noticias Nacionales&quot;","block_context":{"text":"Noticias Nacionales","link":"https:\/\/noticiasya.com\/midland-odessa\/categoria\/noticias-nacionales"},"img":{"alt_text":"","src":"","width":0,"height":0},"classes":[]},{"id":1469443,"url":"https:\/\/noticiasya.com\/midland-odessa\/2025\/12\/20\/tiroteo-universidad-brown-mit-preguntas-trax\/","url_meta":{"origin":1469418,"position":4},"title":"Los interrogantes que a\u00fan persisten sobre el tiroteo de la Universidad de Brown y el asesinato de un profesor del MIT","author":"","date":"diciembre 20, 2025","format":false,"excerpt":"Las luces de la polic\u00eda brillaron durante horas mientras los agentes rodeaban un almac\u00e9n en Salem, New Hampshire, el jueves por la noche, acerc\u00e1ndose finalmente al sospechoso que desat\u00f3 ataques mortales en dos comunidades y hab\u00eda logrado evadirlos durante seis d\u00edas.Afuera hab\u00eda un auto abandonado relacionado con el tiroteo masivo\u2026","rel":"","context":"In &quot;Noticias Nacionales&quot;","block_context":{"text":"Noticias Nacionales","link":"https:\/\/noticiasya.com\/midland-odessa\/categoria\/noticias-nacionales"},"img":{"alt_text":"","src":"","width":0,"height":0},"classes":[]},{"id":1470335,"url":"https:\/\/noticiasya.com\/midland-odessa\/2026\/01\/21\/regreso-universidad-brown-tiroteo-trax\/","url_meta":{"origin":1469418,"position":5},"title":"Estudiantes de la Universidad de Brown se sienten &#171;vulnerables&#187; y &#171;nerviosos&#187; al regresar al campus tras el tiroteo masivo","author":"","date":"enero 21, 2026","format":false,"excerpt":"Hace poco m\u00e1s de seis a\u00f1os, Mia Tretta recibi\u00f3 un disparo en el est\u00f3mago por parte de un estudiante en su escuela secundaria en Santa Clarita, California.Sobrevivi\u00f3, pero otras dos personas murieron ese d\u00eda. Tras recuperarse, regres\u00f3 al campus para terminar sus estudios de secundaria porque \u201cestar con las personas\u2026","rel":"","context":"In &quot;Noticias Nacionales&quot;","block_context":{"text":"Noticias Nacionales","link":"https:\/\/noticiasya.com\/midland-odessa\/categoria\/noticias-nacionales"},"img":{"alt_text":"","src":"","width":0,"height":0},"classes":[]}],"jetpack_sharing_enabled":true,"_links":{"self":[{"href":"https:\/\/noticiasya.com\/midland-odessa\/wp-json\/wp\/v2\/posts\/1469418","targetHints":{"allow":["GET"]}}],"collection":[{"href":"https:\/\/noticiasya.com\/midland-odessa\/wp-json\/wp\/v2\/posts"}],"about":[{"href":"https:\/\/noticiasya.com\/midland-odessa\/wp-json\/wp\/v2\/types\/post"}],"replies":[{"embeddable":true,"href":"https:\/\/noticiasya.com\/midland-odessa\/wp-json\/wp\/v2\/comments?post=1469418"}],"version-history":[{"count":0,"href":"https:\/\/noticiasya.com\/midland-odessa\/wp-json\/wp\/v2\/posts\/1469418\/revisions"}],"wp:attachment":[{"href":"https:\/\/noticiasya.com\/midland-odessa\/wp-json\/wp\/v2\/media?parent=1469418"}],"wp:term":[{"taxonomy":"category","embeddable":true,"href":"https:\/\/noticiasya.com\/midland-odessa\/wp-json\/wp\/v2\/categories?post=1469418"},{"taxonomy":"post_tag","embeddable":true,"href":"https:\/\/noticiasya.com\/midland-odessa\/wp-json\/wp\/v2\/tags?post=1469418"}],"curies":[{"name":"wp","href":"https:\/\/api.w.org\/{rel}","templated":true}]}}