{"id":1469495,"date":"2025-12-22T08:03:41","date_gmt":"2025-12-22T16:03:41","guid":{"rendered":"https:\/\/noticiasya.com\/2025\/12\/22\/ecuador-cuatro-menores-muertos-militares-sentencia-orix\/"},"modified":"2025-12-22T08:03:41","modified_gmt":"2025-12-22T16:03:41","slug":"ecuador-cuatro-menores-muertos-militares-sentencia-orix","status":"publish","type":"post","link":"https:\/\/noticiasya.com\/midland-odessa\/2025\/12\/22\/ecuador-cuatro-menores-muertos-militares-sentencia-orix\/","title":{"rendered":"Sentencian a prisi\u00f3n a 16 militares por la desaparici\u00f3n forzada de cuatro menores hallados muertos y calcinados en Ecuador"},"content":{"rendered":"<p>Un tribunal de garant\u00edas penales de Guayaquil sentenci\u00f3 este lunes a 16 militares por la desaparici\u00f3n forzada de cuatro menores de entre 11 y 15 a\u00f1os que fueron interceptados por una patrulla militar el 8 de diciembre de 2024 y cuyos cuerpos fueron hallados calcinados en la zona de Taura, a una hora de Guayaquil, provincia de Guayas.<\/p>\n<p>The-CNN-Wire<br \/>&trade; &amp; &copy; 2025 Cable News Network, Inc., a Warner Bros. Discovery Company. All rights reserved.<\/p>\n","protected":false},"excerpt":{"rendered":"<p>Un tribunal de garant\u00edas penales de Guayaquil sentenci\u00f3 este lunes a 16 militares por la desaparici\u00f3n forzada de cuatro menores de entre 11 y 15 a\u00f1os que fueron interceptados por una patrulla militar el 8 de diciembre de 2024 y cuyos cuerpos fueron hallados calcinados en la zona de Taura, a una hora de Guayaquil, [&hellip;]<\/p>\n","protected":false},"author":0,"featured_media":0,"comment_status":"open","ping_status":"open","sticky":false,"template":"","format":"standard","meta":{"_jetpack_memberships_contains_paid_content":false,"footnotes":""},"categories":[10],"tags":[],"class_list":["post-1469495","post","type-post","status-publish","format-standard","hentry","category-noticias-nacionales","market-global"],"yoast_head":"<!-- This site is optimized with the Yoast SEO plugin v24.4 - https:\/\/yoast.com\/wordpress\/plugins\/seo\/ -->\n<title>Sentencian a prisi\u00f3n a 16 militares por la desaparici\u00f3n forzada de cuatro menores hallados muertos y calcinados en Ecuador - Noticias<\/title>\n<meta name=\"robots\" content=\"index, follow, max-snippet:-1, max-image-preview:large, max-video-preview:-1\" \/>\n<link rel=\"canonical\" href=\"https:\/\/noticiasya.com\/2025\/12\/22\/ecuador-cuatro-menores-muertos-militares-sentencia-orix\/\" \/>\n<meta property=\"og:locale\" content=\"es_ES\" \/>\n<meta property=\"og:type\" content=\"article\" \/>\n<meta property=\"og:title\" content=\"Sentencian a prisi\u00f3n a 16 militares por la desaparici\u00f3n forzada de cuatro menores hallados muertos y calcinados en Ecuador - Noticias\" \/>\n<meta property=\"og:description\" content=\"Un tribunal de garant\u00edas penales de Guayaquil sentenci\u00f3 este lunes a 16 militares por la desaparici\u00f3n forzada de cuatro menores de entre 11 y 15 a\u00f1os que fueron interceptados por una patrulla militar el 8 de diciembre de 2024 y cuyos cuerpos fueron hallados calcinados en la zona de Taura, a una hora de Guayaquil, [&hellip;]\" \/>\n<meta property=\"og:url\" content=\"https:\/\/noticiasya.com\/2025\/12\/22\/ecuador-cuatro-menores-muertos-militares-sentencia-orix\/\" \/>\n<meta property=\"og:site_name\" content=\"Noticias\" \/>\n<meta property=\"article:published_time\" content=\"2025-12-22T16:03:41+00:00\" \/>\n<meta name=\"twitter:card\" content=\"summary_large_image\" \/>\n<script type=\"application\/ld+json\" class=\"yoast-schema-graph\">{\"@context\":\"https:\/\/schema.org\",\"@graph\":[{\"@type\":\"Article\",\"@id\":\"https:\/\/noticiasya.com\/2025\/12\/22\/ecuador-cuatro-menores-muertos-militares-sentencia-orix\/#article\",\"isPartOf\":{\"@id\":\"https:\/\/noticiasya.com\/2025\/12\/22\/ecuador-cuatro-menores-muertos-militares-sentencia-orix\/\"},\"author\":{\"name\":\"\",\"@id\":\"\"},\"headline\":\"Sentencian a prisi\u00f3n a 16 militares por la desaparici\u00f3n forzada de cuatro menores hallados muertos y calcinados en Ecuador\",\"datePublished\":\"2025-12-22T16:03:41+00:00\",\"mainEntityOfPage\":{\"@id\":\"https:\/\/noticiasya.com\/2025\/12\/22\/ecuador-cuatro-menores-muertos-militares-sentencia-orix\/\"},\"wordCount\":92,\"commentCount\":0,\"publisher\":{\"@id\":\"https:\/\/noticiasya.com\/#organization\"},\"articleSection\":[\"Noticias Nacionales\"],\"inLanguage\":\"es\",\"potentialAction\":[{\"@type\":\"CommentAction\",\"name\":\"Comment\",\"target\":[\"https:\/\/noticiasya.com\/2025\/12\/22\/ecuador-cuatro-menores-muertos-militares-sentencia-orix\/#respond\"]}]},{\"@type\":\"WebPage\",\"@id\":\"https:\/\/noticiasya.com\/2025\/12\/22\/ecuador-cuatro-menores-muertos-militares-sentencia-orix\/\",\"url\":\"https:\/\/noticiasya.com\/2025\/12\/22\/ecuador-cuatro-menores-muertos-militares-sentencia-orix\/\",\"name\":\"Sentencian a prisi\u00f3n a 16 militares por la desaparici\u00f3n forzada de cuatro menores hallados muertos y calcinados en Ecuador - Noticias\",\"isPartOf\":{\"@id\":\"https:\/\/noticiasya.com\/#website\"},\"datePublished\":\"2025-12-22T16:03:41+00:00\",\"breadcrumb\":{\"@id\":\"https:\/\/noticiasya.com\/2025\/12\/22\/ecuador-cuatro-menores-muertos-militares-sentencia-orix\/#breadcrumb\"},\"inLanguage\":\"es\",\"potentialAction\":[{\"@type\":\"ReadAction\",\"target\":[\"https:\/\/noticiasya.com\/2025\/12\/22\/ecuador-cuatro-menores-muertos-militares-sentencia-orix\/\"]}]},{\"@type\":\"BreadcrumbList\",\"@id\":\"https:\/\/noticiasya.com\/2025\/12\/22\/ecuador-cuatro-menores-muertos-militares-sentencia-orix\/#breadcrumb\",\"itemListElement\":[{\"@type\":\"ListItem\",\"position\":1,\"name\":\"Home\",\"item\":\"https:\/\/noticiasya.com\/\"},{\"@type\":\"ListItem\",\"position\":2,\"name\":\"Sentencian a prisi\u00f3n a 16 militares por la desaparici\u00f3n forzada de cuatro menores hallados muertos y calcinados en Ecuador\"}]},{\"@type\":\"WebSite\",\"@id\":\"https:\/\/noticiasya.com\/#website\",\"url\":\"https:\/\/noticiasya.com\/\",\"name\":\"Noticias\",\"description\":\"Lo que importa\",\"publisher\":{\"@id\":\"https:\/\/noticiasya.com\/#organization\"},\"potentialAction\":[{\"@type\":\"SearchAction\",\"target\":{\"@type\":\"EntryPoint\",\"urlTemplate\":\"https:\/\/noticiasya.com\/?s={search_term_string}\"},\"query-input\":{\"@type\":\"PropertyValueSpecification\",\"valueRequired\":true,\"valueName\":\"search_term_string\"}}],\"inLanguage\":\"es\"},{\"@type\":\"Organization\",\"@id\":\"https:\/\/noticiasya.com\/#organization\",\"name\":\"Noticias\",\"url\":\"https:\/\/noticiasya.com\/\",\"logo\":{\"@type\":\"ImageObject\",\"inLanguage\":\"es\",\"@id\":\"https:\/\/noticiasya.com\/#\/schema\/logo\/image\/\",\"url\":\"https:\/\/noticiasya.com\/wp-content\/uploads\/sites\/22\/2023\/12\/logo-nacional.png\",\"contentUrl\":\"https:\/\/noticiasya.com\/wp-content\/uploads\/sites\/22\/2023\/12\/logo-nacional.png\",\"width\":1801,\"height\":691,\"caption\":\"Noticias\"},\"image\":{\"@id\":\"https:\/\/noticiasya.com\/#\/schema\/logo\/image\/\"}}]}<\/script>\n<!-- \/ Yoast SEO plugin. -->","yoast_head_json":{"title":"Sentencian a prisi\u00f3n a 16 militares por la desaparici\u00f3n forzada de cuatro menores hallados muertos y calcinados en Ecuador - Noticias","robots":{"index":"index","follow":"follow","max-snippet":"max-snippet:-1","max-image-preview":"max-image-preview:large","max-video-preview":"max-video-preview:-1"},"canonical":"https:\/\/noticiasya.com\/2025\/12\/22\/ecuador-cuatro-menores-muertos-militares-sentencia-orix\/","og_locale":"es_ES","og_type":"article","og_title":"Sentencian a prisi\u00f3n a 16 militares por la desaparici\u00f3n forzada de cuatro menores hallados muertos y calcinados en Ecuador - Noticias","og_description":"Un tribunal de garant\u00edas penales de Guayaquil sentenci\u00f3 este lunes a 16 militares por la desaparici\u00f3n forzada de cuatro menores de entre 11 y 15 a\u00f1os que fueron interceptados por una patrulla militar el 8 de diciembre de 2024 y cuyos cuerpos fueron hallados calcinados en la zona de Taura, a una hora de Guayaquil, [&hellip;]","og_url":"https:\/\/noticiasya.com\/2025\/12\/22\/ecuador-cuatro-menores-muertos-militares-sentencia-orix\/","og_site_name":"Noticias","article_published_time":"2025-12-22T16:03:41+00:00","twitter_card":"summary_large_image","schema":{"@context":"https:\/\/schema.org","@graph":[{"@type":"Article","@id":"https:\/\/noticiasya.com\/2025\/12\/22\/ecuador-cuatro-menores-muertos-militares-sentencia-orix\/#article","isPartOf":{"@id":"https:\/\/noticiasya.com\/2025\/12\/22\/ecuador-cuatro-menores-muertos-militares-sentencia-orix\/"},"author":{"name":"","@id":""},"headline":"Sentencian a prisi\u00f3n a 16 militares por la desaparici\u00f3n forzada de cuatro menores hallados muertos y calcinados en Ecuador","datePublished":"2025-12-22T16:03:41+00:00","mainEntityOfPage":{"@id":"https:\/\/noticiasya.com\/2025\/12\/22\/ecuador-cuatro-menores-muertos-militares-sentencia-orix\/"},"wordCount":92,"commentCount":0,"publisher":{"@id":"https:\/\/noticiasya.com\/#organization"},"articleSection":["Noticias Nacionales"],"inLanguage":"es","potentialAction":[{"@type":"CommentAction","name":"Comment","target":["https:\/\/noticiasya.com\/2025\/12\/22\/ecuador-cuatro-menores-muertos-militares-sentencia-orix\/#respond"]}]},{"@type":"WebPage","@id":"https:\/\/noticiasya.com\/2025\/12\/22\/ecuador-cuatro-menores-muertos-militares-sentencia-orix\/","url":"https:\/\/noticiasya.com\/2025\/12\/22\/ecuador-cuatro-menores-muertos-militares-sentencia-orix\/","name":"Sentencian a prisi\u00f3n a 16 militares por la desaparici\u00f3n forzada de cuatro menores hallados muertos y calcinados en Ecuador - Noticias","isPartOf":{"@id":"https:\/\/noticiasya.com\/#website"},"datePublished":"2025-12-22T16:03:41+00:00","breadcrumb":{"@id":"https:\/\/noticiasya.com\/2025\/12\/22\/ecuador-cuatro-menores-muertos-militares-sentencia-orix\/#breadcrumb"},"inLanguage":"es","potentialAction":[{"@type":"ReadAction","target":["https:\/\/noticiasya.com\/2025\/12\/22\/ecuador-cuatro-menores-muertos-militares-sentencia-orix\/"]}]},{"@type":"BreadcrumbList","@id":"https:\/\/noticiasya.com\/2025\/12\/22\/ecuador-cuatro-menores-muertos-militares-sentencia-orix\/#breadcrumb","itemListElement":[{"@type":"ListItem","position":1,"name":"Home","item":"https:\/\/noticiasya.com\/"},{"@type":"ListItem","position":2,"name":"Sentencian a prisi\u00f3n a 16 militares por la desaparici\u00f3n forzada de cuatro menores hallados muertos y calcinados en Ecuador"}]},{"@type":"WebSite","@id":"https:\/\/noticiasya.com\/#website","url":"https:\/\/noticiasya.com\/","name":"Noticias","description":"Lo que importa","publisher":{"@id":"https:\/\/noticiasya.com\/#organization"},"potentialAction":[{"@type":"SearchAction","target":{"@type":"EntryPoint","urlTemplate":"https:\/\/noticiasya.com\/?s={search_term_string}"},"query-input":{"@type":"PropertyValueSpecification","valueRequired":true,"valueName":"search_term_string"}}],"inLanguage":"es"},{"@type":"Organization","@id":"https:\/\/noticiasya.com\/#organization","name":"Noticias","url":"https:\/\/noticiasya.com\/","logo":{"@type":"ImageObject","inLanguage":"es","@id":"https:\/\/noticiasya.com\/#\/schema\/logo\/image\/","url":"https:\/\/noticiasya.com\/wp-content\/uploads\/sites\/22\/2023\/12\/logo-nacional.png","contentUrl":"https:\/\/noticiasya.com\/wp-content\/uploads\/sites\/22\/2023\/12\/logo-nacional.png","width":1801,"height":691,"caption":"Noticias"},"image":{"@id":"https:\/\/noticiasya.com\/#\/schema\/logo\/image\/"}}]}},"parsely":{"version":"1.1.0","canonical_url":"https:\/\/noticiasya.com\/midland-odessa\/2025\/12\/22\/ecuador-cuatro-menores-muertos-militares-sentencia-orix\/","smart_links":{"inbound":0,"outbound":0},"traffic_boost_suggestions_count":0,"meta":{"@context":"https:\/\/schema.org","@type":"NewsArticle","headline":"Sentencian a prisi\u00f3n a 16 militares por la desaparici\u00f3n forzada de cuatro menores hallados muertos y calcinados en Ecuador","url":"http:\/\/noticiasya.com\/midland-odessa\/2025\/12\/22\/ecuador-cuatro-menores-muertos-militares-sentencia-orix\/","mainEntityOfPage":{"@type":"WebPage","@id":"http:\/\/noticiasya.com\/midland-odessa\/2025\/12\/22\/ecuador-cuatro-menores-muertos-militares-sentencia-orix\/"},"thumbnailUrl":"","image":{"@type":"ImageObject","url":""},"articleSection":"Noticias Nacionales","author":[],"creator":[],"publisher":{"@type":"Organization","name":"Noticias","logo":""},"keywords":[],"dateCreated":"2025-12-22T16:03:41Z","datePublished":"2025-12-22T16:03:41Z","dateModified":"2025-12-22T16:03:41Z"},"rendered":"<script type=\"application\/ld+json\" class=\"wp-parsely-metadata\">{\"@context\":\"https:\\\/\\\/schema.org\",\"@type\":\"NewsArticle\",\"headline\":\"Sentencian a prisi\\u00f3n a 16 militares por la desaparici\\u00f3n forzada de cuatro menores hallados muertos y calcinados en Ecuador\",\"url\":\"http:\\\/\\\/noticiasya.com\\\/midland-odessa\\\/2025\\\/12\\\/22\\\/ecuador-cuatro-menores-muertos-militares-sentencia-orix\\\/\",\"mainEntityOfPage\":{\"@type\":\"WebPage\",\"@id\":\"http:\\\/\\\/noticiasya.com\\\/midland-odessa\\\/2025\\\/12\\\/22\\\/ecuador-cuatro-menores-muertos-militares-sentencia-orix\\\/\"},\"thumbnailUrl\":\"\",\"image\":{\"@type\":\"ImageObject\",\"url\":\"\"},\"articleSection\":\"Noticias Nacionales\",\"author\":[],\"creator\":[],\"publisher\":{\"@type\":\"Organization\",\"name\":\"Noticias\",\"logo\":\"\"},\"keywords\":[],\"dateCreated\":\"2025-12-22T16:03:41Z\",\"datePublished\":\"2025-12-22T16:03:41Z\",\"dateModified\":\"2025-12-22T16:03:41Z\"}<\/script>","tracker_url":"https:\/\/cdn.parsely.com\/keys\/noticiasya.com\/p.js"},"jetpack_featured_media_url":"","jetpack-related-posts":[{"id":1460668,"url":"https:\/\/noticiasya.com\/midland-odessa\/2025\/03\/31\/policia-ecuador-detiene-sospechosos-crimen-cuatro-menores-calcinados-guayas-orix\/","url_meta":{"origin":1469495,"position":0},"title":"La Polic\u00eda de Ecuador detiene a otros dos sospechosos en el crimen de cuatro menores que quedaron calcinados en Guayas","author":"","date":"marzo 31, 2025","format":false,"excerpt":"La Polic\u00eda de Ecuador inform\u00f3 este lunes que detuvo a Bryan Vicente A., alias \u201cMomo\u201d, y a Jonathan Jos\u00e9 T., alias \u201cTaure\u00f1o\u201d, a quienes considera \u201cposibles sospechosos\u201d del homicidio de los cuatro menores de entre 11 y 15 a\u00f1os reportados desaparecidos en diciembre pasado y hallados posteriormente calcinados en el\u2026","rel":"","context":"In &quot;Noticias Nacionales&quot;","block_context":{"text":"Noticias Nacionales","link":"https:\/\/noticiasya.com\/midland-odessa\/categoria\/noticias-nacionales"},"img":{"alt_text":"","src":"","width":0,"height":0},"classes":[]},{"id":1456950,"url":"https:\/\/noticiasya.com\/midland-odessa\/2024\/12\/25\/desaparicion-menores-guayaquil-orix\/","url_meta":{"origin":1469495,"position":1},"title":"Jueza de Ecuador reconoce &#171;desaparici\u00f3n forzada&#187; de cuatro menores de Guayaquil. Militares permanecen bajo custodia","author":"","date":"diciembre 25, 2024","format":false,"excerpt":"La noche de este martes la jueza Tanya Loor acept\u00f3 un recurso de habeas corpus planteado por los familiares de los cuatro ni\u00f1os desaparecidos tras un operativo militar el 8 de diciembre en el sector de Las Malvinas, en el sur de Guayaquil, y declar\u00f3 como \u201cdesaparici\u00f3n forzada\u201d este caso\u2026","rel":"","context":"In &quot;Noticias Nacionales&quot;","block_context":{"text":"Noticias Nacionales","link":"https:\/\/noticiasya.com\/midland-odessa\/categoria\/noticias-nacionales"},"img":{"alt_text":"","src":"","width":0,"height":0},"classes":[]},{"id":1469511,"url":"https:\/\/noticiasya.com\/midland-odessa\/2025\/12\/23\/5-cosas-23-diciembre-orix\/","url_meta":{"origin":1469495,"position":2},"title":"Las 5 cosas que debes saber este 23 de diciembre: bloqueos en Am\u00e9rica Latina, inundaciones en California y mariposas monarca","author":"","date":"diciembre 23, 2025","format":false,"excerpt":"Inundaciones por tormentas en California causan evacuaciones en el sur del estado. Sentencian a militares por la desaparici\u00f3n forzada de cuatro menores hallados muertos en Ecuador. 50 a\u00f1os de la migraci\u00f3n a M\u00e9xico de la mariposa monarca. Esto es lo que debes saber para comenzar el d\u00eda. Primero la verdad.Suscr\u00edbete\u2026","rel":"","context":"In &quot;Noticias Nacionales&quot;","block_context":{"text":"Noticias Nacionales","link":"https:\/\/noticiasya.com\/midland-odessa\/categoria\/noticias-nacionales"},"img":{"alt_text":"","src":"","width":0,"height":0},"classes":[]},{"id":1457214,"url":"https:\/\/noticiasya.com\/midland-odessa\/2025\/01\/04\/luis-arroyo-padre-ninos-ecuador-orix\/","url_meta":{"origin":1469495,"position":3},"title":"&#171;Voy a luchar hasta el final&#187;: la promesa de Luis Arroyo, padre de los ni\u00f1os que fueron encontrados calcinados en Ecuador","author":"","date":"enero 4, 2025","format":false,"excerpt":"Los d\u00edas para las familias de Sa\u00fal Arboleda, Steven Medina y los hermanos Josu\u00e9 e Ismael Arroyo, son extremadamente dolorosos y transcurren entre tr\u00e1mites legales, conversaciones con abogados, polic\u00edas y los recuerdos de sus hijos en el barrio Las Malvinas, en el sur de Guayaquil.Los cuatro menores de entre 11\u2026","rel":"","context":"In &quot;Noticias Nacionales&quot;","block_context":{"text":"Noticias Nacionales","link":"https:\/\/noticiasya.com\/midland-odessa\/categoria\/noticias-nacionales"},"img":{"alt_text":"","src":"","width":0,"height":0},"classes":[]},{"id":1456943,"url":"https:\/\/noticiasya.com\/midland-odessa\/2024\/12\/24\/fuerzas-armadas-ecuador-custodia-militares-desaparicion-menores-orix\/","url_meta":{"origin":1469495,"position":4},"title":"Las Fuerzas Armadas de Ecuador ponen bajo custodia a 16 militares investigados por desaparici\u00f3n de 4 menores en Guayaquil","author":"","date":"diciembre 24, 2024","format":false,"excerpt":"Las Fuerzas Armadas de Ecuador pusieron bajo custodia a 16 integrantes de la Fuerza A\u00e9rea que son investigados por su posible relaci\u00f3n con la desaparici\u00f3n de cuatro menores de edad en Guayaquil, inform\u00f3 el Ministerio de Defensa en un comunicado difundido este martes.Esta medida tiene el objetivo \u201cde intensificar la\u2026","rel":"","context":"In &quot;Noticias Nacionales&quot;","block_context":{"text":"Noticias Nacionales","link":"https:\/\/noticiasya.com\/midland-odessa\/categoria\/noticias-nacionales"},"img":{"alt_text":"","src":"","width":0,"height":0},"classes":[]},{"id":1457109,"url":"https:\/\/noticiasya.com\/midland-odessa\/2024\/12\/31\/ecuador-menores-desaparecidos-incinerados-operativo-orix\/","url_meta":{"origin":1469495,"position":5},"title":"Dolor en Ecuador: Fiscal\u00eda confirma que los 4 menores desaparecidos en Guayaquil fueron incinerados tras operativo militar","author":"","date":"diciembre 31, 2024","format":false,"excerpt":"La Fiscal\u00eda de Ecuador confirm\u00f3 este martes que los cuatro cuerpos que fueron encontrados incinerados la semana pasada en la localidad de Taura, provincia de Guayas, corresponden a los de Sa\u00fal Arboleda, Steven Medina y los hermanos Josu\u00e9 e Ismael Arroyo, los menores de entre 11 y 15 a\u00f1os que\u2026","rel":"","context":"In &quot;Noticias Nacionales&quot;","block_context":{"text":"Noticias Nacionales","link":"https:\/\/noticiasya.com\/midland-odessa\/categoria\/noticias-nacionales"},"img":{"alt_text":"","src":"","width":0,"height":0},"classes":[]}],"jetpack_sharing_enabled":true,"_links":{"self":[{"href":"https:\/\/noticiasya.com\/midland-odessa\/wp-json\/wp\/v2\/posts\/1469495","targetHints":{"allow":["GET"]}}],"collection":[{"href":"https:\/\/noticiasya.com\/midland-odessa\/wp-json\/wp\/v2\/posts"}],"about":[{"href":"https:\/\/noticiasya.com\/midland-odessa\/wp-json\/wp\/v2\/types\/post"}],"replies":[{"embeddable":true,"href":"https:\/\/noticiasya.com\/midland-odessa\/wp-json\/wp\/v2\/comments?post=1469495"}],"version-history":[{"count":0,"href":"https:\/\/noticiasya.com\/midland-odessa\/wp-json\/wp\/v2\/posts\/1469495\/revisions"}],"wp:attachment":[{"href":"https:\/\/noticiasya.com\/midland-odessa\/wp-json\/wp\/v2\/media?parent=1469495"}],"wp:term":[{"taxonomy":"category","embeddable":true,"href":"https:\/\/noticiasya.com\/midland-odessa\/wp-json\/wp\/v2\/categories?post=1469495"},{"taxonomy":"post_tag","embeddable":true,"href":"https:\/\/noticiasya.com\/midland-odessa\/wp-json\/wp\/v2\/tags?post=1469495"}],"curies":[{"name":"wp","href":"https:\/\/api.w.org\/{rel}","templated":true}]}}