{"id":1469496,"date":"2025-12-22T08:03:41","date_gmt":"2025-12-22T16:03:41","guid":{"rendered":"https:\/\/noticiasya.com\/2025\/12\/22\/dinamarca-disgustada-enviado-isla-parte-ee-uu-trax\/"},"modified":"2025-12-22T08:03:41","modified_gmt":"2025-12-22T16:03:41","slug":"dinamarca-disgustada-enviado-isla-parte-ee-uu-trax","status":"publish","type":"post","link":"https:\/\/noticiasya.com\/midland-odessa\/2025\/12\/22\/dinamarca-disgustada-enviado-isla-parte-ee-uu-trax\/","title":{"rendered":"Dinamarca, disgustada por el nombramiento de un enviado especial a Groenlandia que desea que la isla sea parte de EE.UU."},"content":{"rendered":"<p>El ministro de Asuntos Exteriores de Dinamarca dijo estar este lunes \u201cprofundamente disgustado\u201d por el nombramiento de parte del presidente estadounidense Donald Trump de un enviado especial para Groenlandia que declar\u00f3 su deseo de que la isla se convierta en parte de Estados Unidos.<\/p>\n<p>\u201cEstoy profundamente disgustado por este nombramiento de un enviado especial. Y estoy particularmente disgustado por sus declaraciones, que consideramos completamente inaceptables\u201d, declar\u00f3 Lars L\u00f8kke Rasmussen a la cadena nacional danesa TV 2, seg\u00fan la agencia de noticias Reuters.<\/p>\n<p>Rasmussen dijo que convocar\u00e1 al embajador estadounidense en Dinamarca en respuesta a la decisi\u00f3n del Gobierno de Trump, inform\u00f3 Reuters.<\/p>\n<p>El domingo, Trump anunci\u00f3 el nombramiento de Jeff Landry, gobernador de Louisiana, como enviado especial para Groenlandia. \u201cJeff comprende la importancia de Groenlandia para nuestra seguridad nacional y promover\u00e1 firmemente los intereses de nuestro pa\u00eds para la seguridad, la protecci\u00f3n y la supervivencia de nuestros aliados y, de hecho, del mundo\u201d, public\u00f3 Trump en Truth Social.<\/p>\n<p>Al agradecer a Trump por el nombramiento, Landry dijo que era un \u201chonor servir como voluntario para que Groenlandia forme parte de Estados Unidos\u201d. Tambi\u00e9n afirm\u00f3 que \u201ceso no afecta en absoluto\u201d su cargo como gobernador de Louisiana.<\/p>\n<p>Trump ha declarado repetidamente su deseo de anexar Groenlandia \u2014una enorme isla rica en recursos en el Atl\u00e1ntico y territorio aut\u00f3nomo de Dinamarca\u2014, alegando que esto es necesario para la seguridad estadounidense.<\/p>\n<p>El vicepresidente J. D. Vance realiz\u00f3 una controvertida visita a la isla en marzo, en la que  afirm\u00f3 varias veces que era vulnerable y que Estados Unidos \u201cno ten\u00eda otra opci\u00f3n\u201d que aumentar su presencia all\u00ed.<\/p>\n<p>Tanto Groenlandia como Dinamarca, aliado de Estados Unidos en la OTAN, se oponen firmemente a la idea.<\/p>\n<p>El primer ministro de Groenlandia, Jens-Frederik Nielsen, adopt\u00f3 un tono desafiante este lunes, al afirmar que el anuncio de Trump \u201cpuede parecer importante, pero no cambia nada para nosotros. Nosotros decidimos nuestro propio futuro\u201d, seg\u00fan Reuters.<\/p>\n<p>En agosto, el enviado estadounidense a Dinamarca fue convocado por el Ministerio de Asuntos Exteriores dan\u00e9s despu\u00e9s de que la emisora p\u00fablica del pa\u00eds informara de que varios estadounidenses hab\u00edan intentado llevar a cabo \u201coperaciones de influencia\u201d en Groenlandia.<\/p>\n<p>Rasmussen hab\u00eda declarado previamente que el nuevo nombramiento \u201cconfirma el continuo inter\u00e9s estadounidense en Groenlandia\u201d, seg\u00fan inform\u00f3 Reuters. \u201cSin embargo, insistimos en que todos, incluido Estados Unidos, deben mostrar respeto por la integridad territorial del Reino de Dinamarca\u201d.<\/p>\n<p>Por su parte, el portavoz de la Uni\u00f3n Europea, Anouar El Anouni, afirm\u00f3 que \u201cpreservar la integridad territorial del Reino de Dinamarca, su soberan\u00eda y la inviabilidad de sus fronteras es esencial para la Uni\u00f3n Europea\u201d, seg\u00fan Reuters.<\/p>\n<p>The-CNN-Wire<br \/>&trade; &amp; &copy; 2025 Cable News Network, Inc., a Warner Bros. Discovery Company. All rights reserved.<\/p>\n","protected":false},"excerpt":{"rendered":"<p>El ministro de Asuntos Exteriores de Dinamarca dijo estar este lunes \u201cprofundamente disgustado\u201d por el nombramiento de parte del presidente estadounidense Donald Trump de un enviado especial para Groenlandia que declar\u00f3 su deseo de que la isla se convierta en parte de Estados Unidos. \u201cEstoy profundamente disgustado por este nombramiento de un enviado especial. Y [&hellip;]<\/p>\n","protected":false},"author":0,"featured_media":0,"comment_status":"open","ping_status":"open","sticky":false,"template":"","format":"standard","meta":{"_jetpack_memberships_contains_paid_content":false,"footnotes":""},"categories":[10],"tags":[],"class_list":["post-1469496","post","type-post","status-publish","format-standard","hentry","category-noticias-nacionales","market-global"],"yoast_head":"<!-- This site is optimized with the Yoast SEO plugin v24.4 - https:\/\/yoast.com\/wordpress\/plugins\/seo\/ -->\n<title>Dinamarca, disgustada por el nombramiento de un enviado especial a Groenlandia que desea que la isla sea parte de EE.UU. - Noticias<\/title>\n<meta name=\"robots\" content=\"index, follow, max-snippet:-1, max-image-preview:large, max-video-preview:-1\" \/>\n<link rel=\"canonical\" href=\"https:\/\/noticiasya.com\/2025\/12\/22\/dinamarca-disgustada-enviado-isla-parte-ee-uu-trax\/\" \/>\n<meta property=\"og:locale\" content=\"es_ES\" \/>\n<meta property=\"og:type\" content=\"article\" \/>\n<meta property=\"og:title\" content=\"Dinamarca, disgustada por el nombramiento de un enviado especial a Groenlandia que desea que la isla sea parte de EE.UU. - Noticias\" \/>\n<meta property=\"og:description\" content=\"El ministro de Asuntos Exteriores de Dinamarca dijo estar este lunes \u201cprofundamente disgustado\u201d por el nombramiento de parte del presidente estadounidense Donald Trump de un enviado especial para Groenlandia que declar\u00f3 su deseo de que la isla se convierta en parte de Estados Unidos. \u201cEstoy profundamente disgustado por este nombramiento de un enviado especial. Y [&hellip;]\" \/>\n<meta property=\"og:url\" content=\"https:\/\/noticiasya.com\/2025\/12\/22\/dinamarca-disgustada-enviado-isla-parte-ee-uu-trax\/\" \/>\n<meta property=\"og:site_name\" content=\"Noticias\" \/>\n<meta property=\"article:published_time\" content=\"2025-12-22T16:03:41+00:00\" \/>\n<meta name=\"twitter:card\" content=\"summary_large_image\" \/>\n<meta name=\"twitter:label1\" content=\"Est. reading time\" \/>\n\t<meta name=\"twitter:data1\" content=\"2 minutos\" \/>\n<script type=\"application\/ld+json\" class=\"yoast-schema-graph\">{\"@context\":\"https:\/\/schema.org\",\"@graph\":[{\"@type\":\"Article\",\"@id\":\"https:\/\/noticiasya.com\/2025\/12\/22\/dinamarca-disgustada-enviado-isla-parte-ee-uu-trax\/#article\",\"isPartOf\":{\"@id\":\"https:\/\/noticiasya.com\/2025\/12\/22\/dinamarca-disgustada-enviado-isla-parte-ee-uu-trax\/\"},\"author\":{\"name\":\"\",\"@id\":\"\"},\"headline\":\"Dinamarca, disgustada por el nombramiento de un enviado especial a Groenlandia que desea que la isla sea parte de EE.UU.\",\"datePublished\":\"2025-12-22T16:03:41+00:00\",\"mainEntityOfPage\":{\"@id\":\"https:\/\/noticiasya.com\/2025\/12\/22\/dinamarca-disgustada-enviado-isla-parte-ee-uu-trax\/\"},\"wordCount\":491,\"commentCount\":0,\"publisher\":{\"@id\":\"https:\/\/noticiasya.com\/#organization\"},\"articleSection\":[\"Noticias Nacionales\"],\"inLanguage\":\"es\",\"potentialAction\":[{\"@type\":\"CommentAction\",\"name\":\"Comment\",\"target\":[\"https:\/\/noticiasya.com\/2025\/12\/22\/dinamarca-disgustada-enviado-isla-parte-ee-uu-trax\/#respond\"]}]},{\"@type\":\"WebPage\",\"@id\":\"https:\/\/noticiasya.com\/2025\/12\/22\/dinamarca-disgustada-enviado-isla-parte-ee-uu-trax\/\",\"url\":\"https:\/\/noticiasya.com\/2025\/12\/22\/dinamarca-disgustada-enviado-isla-parte-ee-uu-trax\/\",\"name\":\"Dinamarca, disgustada por el nombramiento de un enviado especial a Groenlandia que desea que la isla sea parte de EE.UU. - Noticias\",\"isPartOf\":{\"@id\":\"https:\/\/noticiasya.com\/#website\"},\"datePublished\":\"2025-12-22T16:03:41+00:00\",\"breadcrumb\":{\"@id\":\"https:\/\/noticiasya.com\/2025\/12\/22\/dinamarca-disgustada-enviado-isla-parte-ee-uu-trax\/#breadcrumb\"},\"inLanguage\":\"es\",\"potentialAction\":[{\"@type\":\"ReadAction\",\"target\":[\"https:\/\/noticiasya.com\/2025\/12\/22\/dinamarca-disgustada-enviado-isla-parte-ee-uu-trax\/\"]}]},{\"@type\":\"BreadcrumbList\",\"@id\":\"https:\/\/noticiasya.com\/2025\/12\/22\/dinamarca-disgustada-enviado-isla-parte-ee-uu-trax\/#breadcrumb\",\"itemListElement\":[{\"@type\":\"ListItem\",\"position\":1,\"name\":\"Home\",\"item\":\"https:\/\/noticiasya.com\/\"},{\"@type\":\"ListItem\",\"position\":2,\"name\":\"Dinamarca, disgustada por el nombramiento de un enviado especial a Groenlandia que desea que la isla sea parte de EE.UU.\"}]},{\"@type\":\"WebSite\",\"@id\":\"https:\/\/noticiasya.com\/#website\",\"url\":\"https:\/\/noticiasya.com\/\",\"name\":\"Noticias\",\"description\":\"Lo que importa\",\"publisher\":{\"@id\":\"https:\/\/noticiasya.com\/#organization\"},\"potentialAction\":[{\"@type\":\"SearchAction\",\"target\":{\"@type\":\"EntryPoint\",\"urlTemplate\":\"https:\/\/noticiasya.com\/?s={search_term_string}\"},\"query-input\":{\"@type\":\"PropertyValueSpecification\",\"valueRequired\":true,\"valueName\":\"search_term_string\"}}],\"inLanguage\":\"es\"},{\"@type\":\"Organization\",\"@id\":\"https:\/\/noticiasya.com\/#organization\",\"name\":\"Noticias\",\"url\":\"https:\/\/noticiasya.com\/\",\"logo\":{\"@type\":\"ImageObject\",\"inLanguage\":\"es\",\"@id\":\"https:\/\/noticiasya.com\/#\/schema\/logo\/image\/\",\"url\":\"https:\/\/noticiasya.com\/wp-content\/uploads\/sites\/22\/2023\/12\/logo-nacional.png\",\"contentUrl\":\"https:\/\/noticiasya.com\/wp-content\/uploads\/sites\/22\/2023\/12\/logo-nacional.png\",\"width\":1801,\"height\":691,\"caption\":\"Noticias\"},\"image\":{\"@id\":\"https:\/\/noticiasya.com\/#\/schema\/logo\/image\/\"}}]}<\/script>\n<!-- \/ Yoast SEO plugin. -->","yoast_head_json":{"title":"Dinamarca, disgustada por el nombramiento de un enviado especial a Groenlandia que desea que la isla sea parte de EE.UU. - Noticias","robots":{"index":"index","follow":"follow","max-snippet":"max-snippet:-1","max-image-preview":"max-image-preview:large","max-video-preview":"max-video-preview:-1"},"canonical":"https:\/\/noticiasya.com\/2025\/12\/22\/dinamarca-disgustada-enviado-isla-parte-ee-uu-trax\/","og_locale":"es_ES","og_type":"article","og_title":"Dinamarca, disgustada por el nombramiento de un enviado especial a Groenlandia que desea que la isla sea parte de EE.UU. - Noticias","og_description":"El ministro de Asuntos Exteriores de Dinamarca dijo estar este lunes \u201cprofundamente disgustado\u201d por el nombramiento de parte del presidente estadounidense Donald Trump de un enviado especial para Groenlandia que declar\u00f3 su deseo de que la isla se convierta en parte de Estados Unidos. \u201cEstoy profundamente disgustado por este nombramiento de un enviado especial. Y [&hellip;]","og_url":"https:\/\/noticiasya.com\/2025\/12\/22\/dinamarca-disgustada-enviado-isla-parte-ee-uu-trax\/","og_site_name":"Noticias","article_published_time":"2025-12-22T16:03:41+00:00","twitter_card":"summary_large_image","twitter_misc":{"Est. reading time":"2 minutos"},"schema":{"@context":"https:\/\/schema.org","@graph":[{"@type":"Article","@id":"https:\/\/noticiasya.com\/2025\/12\/22\/dinamarca-disgustada-enviado-isla-parte-ee-uu-trax\/#article","isPartOf":{"@id":"https:\/\/noticiasya.com\/2025\/12\/22\/dinamarca-disgustada-enviado-isla-parte-ee-uu-trax\/"},"author":{"name":"","@id":""},"headline":"Dinamarca, disgustada por el nombramiento de un enviado especial a Groenlandia que desea que la isla sea parte de EE.UU.","datePublished":"2025-12-22T16:03:41+00:00","mainEntityOfPage":{"@id":"https:\/\/noticiasya.com\/2025\/12\/22\/dinamarca-disgustada-enviado-isla-parte-ee-uu-trax\/"},"wordCount":491,"commentCount":0,"publisher":{"@id":"https:\/\/noticiasya.com\/#organization"},"articleSection":["Noticias Nacionales"],"inLanguage":"es","potentialAction":[{"@type":"CommentAction","name":"Comment","target":["https:\/\/noticiasya.com\/2025\/12\/22\/dinamarca-disgustada-enviado-isla-parte-ee-uu-trax\/#respond"]}]},{"@type":"WebPage","@id":"https:\/\/noticiasya.com\/2025\/12\/22\/dinamarca-disgustada-enviado-isla-parte-ee-uu-trax\/","url":"https:\/\/noticiasya.com\/2025\/12\/22\/dinamarca-disgustada-enviado-isla-parte-ee-uu-trax\/","name":"Dinamarca, disgustada por el nombramiento de un enviado especial a Groenlandia que desea que la isla sea parte de EE.UU. - Noticias","isPartOf":{"@id":"https:\/\/noticiasya.com\/#website"},"datePublished":"2025-12-22T16:03:41+00:00","breadcrumb":{"@id":"https:\/\/noticiasya.com\/2025\/12\/22\/dinamarca-disgustada-enviado-isla-parte-ee-uu-trax\/#breadcrumb"},"inLanguage":"es","potentialAction":[{"@type":"ReadAction","target":["https:\/\/noticiasya.com\/2025\/12\/22\/dinamarca-disgustada-enviado-isla-parte-ee-uu-trax\/"]}]},{"@type":"BreadcrumbList","@id":"https:\/\/noticiasya.com\/2025\/12\/22\/dinamarca-disgustada-enviado-isla-parte-ee-uu-trax\/#breadcrumb","itemListElement":[{"@type":"ListItem","position":1,"name":"Home","item":"https:\/\/noticiasya.com\/"},{"@type":"ListItem","position":2,"name":"Dinamarca, disgustada por el nombramiento de un enviado especial a Groenlandia que desea que la isla sea parte de EE.UU."}]},{"@type":"WebSite","@id":"https:\/\/noticiasya.com\/#website","url":"https:\/\/noticiasya.com\/","name":"Noticias","description":"Lo que importa","publisher":{"@id":"https:\/\/noticiasya.com\/#organization"},"potentialAction":[{"@type":"SearchAction","target":{"@type":"EntryPoint","urlTemplate":"https:\/\/noticiasya.com\/?s={search_term_string}"},"query-input":{"@type":"PropertyValueSpecification","valueRequired":true,"valueName":"search_term_string"}}],"inLanguage":"es"},{"@type":"Organization","@id":"https:\/\/noticiasya.com\/#organization","name":"Noticias","url":"https:\/\/noticiasya.com\/","logo":{"@type":"ImageObject","inLanguage":"es","@id":"https:\/\/noticiasya.com\/#\/schema\/logo\/image\/","url":"https:\/\/noticiasya.com\/wp-content\/uploads\/sites\/22\/2023\/12\/logo-nacional.png","contentUrl":"https:\/\/noticiasya.com\/wp-content\/uploads\/sites\/22\/2023\/12\/logo-nacional.png","width":1801,"height":691,"caption":"Noticias"},"image":{"@id":"https:\/\/noticiasya.com\/#\/schema\/logo\/image\/"}}]}},"parsely":{"version":"1.1.0","canonical_url":"https:\/\/noticiasya.com\/midland-odessa\/2025\/12\/22\/dinamarca-disgustada-enviado-isla-parte-ee-uu-trax\/","smart_links":{"inbound":0,"outbound":0},"traffic_boost_suggestions_count":0,"meta":{"@context":"https:\/\/schema.org","@type":"NewsArticle","headline":"Dinamarca, disgustada por el nombramiento de un enviado especial a Groenlandia que desea que la isla sea parte de EE.UU.","url":"http:\/\/noticiasya.com\/midland-odessa\/2025\/12\/22\/dinamarca-disgustada-enviado-isla-parte-ee-uu-trax\/","mainEntityOfPage":{"@type":"WebPage","@id":"http:\/\/noticiasya.com\/midland-odessa\/2025\/12\/22\/dinamarca-disgustada-enviado-isla-parte-ee-uu-trax\/"},"thumbnailUrl":"","image":{"@type":"ImageObject","url":""},"articleSection":"Noticias Nacionales","author":[],"creator":[],"publisher":{"@type":"Organization","name":"Noticias","logo":""},"keywords":[],"dateCreated":"2025-12-22T16:03:41Z","datePublished":"2025-12-22T16:03:41Z","dateModified":"2025-12-22T16:03:41Z"},"rendered":"<script type=\"application\/ld+json\" class=\"wp-parsely-metadata\">{\"@context\":\"https:\\\/\\\/schema.org\",\"@type\":\"NewsArticle\",\"headline\":\"Dinamarca, disgustada por el nombramiento de un enviado especial a Groenlandia que desea que la isla sea parte de EE.UU.\",\"url\":\"http:\\\/\\\/noticiasya.com\\\/midland-odessa\\\/2025\\\/12\\\/22\\\/dinamarca-disgustada-enviado-isla-parte-ee-uu-trax\\\/\",\"mainEntityOfPage\":{\"@type\":\"WebPage\",\"@id\":\"http:\\\/\\\/noticiasya.com\\\/midland-odessa\\\/2025\\\/12\\\/22\\\/dinamarca-disgustada-enviado-isla-parte-ee-uu-trax\\\/\"},\"thumbnailUrl\":\"\",\"image\":{\"@type\":\"ImageObject\",\"url\":\"\"},\"articleSection\":\"Noticias Nacionales\",\"author\":[],\"creator\":[],\"publisher\":{\"@type\":\"Organization\",\"name\":\"Noticias\",\"logo\":\"\"},\"keywords\":[],\"dateCreated\":\"2025-12-22T16:03:41Z\",\"datePublished\":\"2025-12-22T16:03:41Z\",\"dateModified\":\"2025-12-22T16:03:41Z\"}<\/script>","tracker_url":"https:\/\/cdn.parsely.com\/keys\/noticiasya.com\/p.js"},"jetpack_featured_media_url":"","jetpack-related-posts":[{"id":1470965,"url":"https:\/\/noticiasya.com\/midland-odessa\/2026\/02\/06\/francia-canada-abren-consulados-groenlandia-trax\/","url_meta":{"origin":1469496,"position":0},"title":"Francia y Canad\u00e1 abren consulados en Groenlandia ante amenazas de Trump","author":"","date":"febrero 6, 2026","format":false,"excerpt":"Francia y Canad\u00e1 abrieron este viernes consulados en Nuuk, la capital de Groenlandia, en una muestra de apoyo a su aliado de la OTAN, Dinamarca, en medio de los renovados intentos del presidente de Estados Unidos, Donald Trump, por adquirir el territorio \u00e1rtico.Jean-Noel Poirier afirm\u00f3 que su nombramiento como c\u00f3nsul\u2026","rel":"","context":"In &quot;Noticias Nacionales&quot;","block_context":{"text":"Noticias Nacionales","link":"https:\/\/noticiasya.com\/midland-odessa\/categoria\/noticias-nacionales"},"img":{"alt_text":"","src":"","width":0,"height":0},"classes":[]},{"id":1457351,"url":"https:\/\/noticiasya.com\/midland-odessa\/2025\/01\/08\/groenlandia-independizarse-estado-ee-uu-reux\/","url_meta":{"origin":1469496,"position":1},"title":"Dinamarca dice que Groenlandia podr\u00eda independizarse, pero no convertirse en un estado de EE.UU.","author":"","date":"enero 8, 2025","format":false,"excerpt":"Groenlandia puede independizarse si sus habitantes lo desean, pero no se convertir\u00e1 en un estado de Estados Unidos, dijo este mi\u00e9rcoles el ministro de Asuntos Exteriores de Dinamarca despu\u00e9s de que el presidente electo de Estados Unidos, Donald Trump, se negara a descartar el uso de la fuerza para tomar\u2026","rel":"","context":"In &quot;Noticias Nacionales&quot;","block_context":{"text":"Noticias Nacionales","link":"https:\/\/noticiasya.com\/midland-odessa\/categoria\/noticias-nacionales"},"img":{"alt_text":"","src":"","width":0,"height":0},"classes":[]},{"id":1471535,"url":"https:\/\/noticiasya.com\/midland-odessa\/2026\/02\/22\/trump-envio-barco-hospital-groenlandia-trax\/","url_meta":{"origin":1469496,"position":2},"title":"Trump dice que va a enviar un barco hospital a Groenlandia","author":"","date":"febrero 22, 2026","format":false,"excerpt":"El presidente de EE.UU., Donald Trump, dijo este s\u00e1bado que enviar\u00e1 un barco hospital a Groenlandia, la isla \u00e1rtica y territorio dan\u00e9s que ha intentado adquirir.\u201cTrabajando con el fant\u00e1stico gobernador de Louisiana, Jeff Landry, vamos a enviar un gran barco hospital a Groenlandia para cuidar a las muchas personas que\u2026","rel":"","context":"In &quot;Noticias Nacionales&quot;","block_context":{"text":"Noticias Nacionales","link":"https:\/\/noticiasya.com\/midland-odessa\/categoria\/noticias-nacionales"},"img":{"alt_text":"","src":"","width":0,"height":0},"classes":[]},{"id":1469920,"url":"https:\/\/noticiasya.com\/midland-odessa\/2026\/01\/08\/diplomaticos-groenlandia-dinamarca-reunion-casa-blanca-trax\/","url_meta":{"origin":1469496,"position":3},"title":"Diplom\u00e1ticos de Groenlandia y Dinamarca se reunieron con funcionarios de la Casa Blanca mientras Trump impulsa la adquisici\u00f3n","author":"","date":"enero 8, 2026","format":false,"excerpt":"Los principales diplom\u00e1ticos con sede en Washington para Groenlandia y Dinamarca se reunieron con funcionarios de la Casa Blanca en el Consejo de Seguridad Nacional este jueves, mientras Groenlandia sigue insistiendo p\u00fablica y privadamente en que no est\u00e1 en venta.El embajador de Dinamarca, Jesper M\u00f8ller S\u00f8rensen, y el jefe de\u2026","rel":"","context":"In &quot;Noticias Nacionales&quot;","block_context":{"text":"Noticias Nacionales","link":"https:\/\/noticiasya.com\/midland-odessa\/categoria\/noticias-nacionales"},"img":{"alt_text":"","src":"","width":0,"height":0},"classes":[]},{"id":1471203,"url":"https:\/\/noticiasya.com\/midland-odessa\/2026\/02\/13\/dinamarca-marco-rubio-groenlandia-trax\/","url_meta":{"origin":1469496,"position":4},"title":"La primera ministra danesa se reunir\u00e1 con Marco Rubio en Munich para hablar sobre Groenlandia","author":"","date":"febrero 13, 2026","format":false,"excerpt":"La primera ministra danesa, Mette Frederiksen, anunci\u00f3 que se reunir\u00e1 con el secretario de Estado estadounidense, Marco Rubio, en la Conferencia de Seguridad de Munich, Alemania, donde ambos planean hablar sobre Groenlandia.\u201cEl orden mundial que se ha construido desde la Segunda Guerra Mundial, que ha sido incre\u00edblemente beneficioso incluso para\u2026","rel":"","context":"In &quot;Noticias Nacionales&quot;","block_context":{"text":"Noticias Nacionales","link":"https:\/\/noticiasya.com\/midland-odessa\/categoria\/noticias-nacionales"},"img":{"alt_text":"","src":"","width":0,"height":0},"classes":[]},{"id":1472670,"url":"https:\/\/noticiasya.com\/midland-odessa\/2026\/03\/29\/dinamarca-repechaje-uefa-groenlandia-trump-trax\/","url_meta":{"origin":1469496,"position":5},"title":"La clasificaci\u00f3n de Dinamarca al Mundial 2026 tendr\u00eda un significado extra tras la fijaci\u00f3n de Trump con Groenlandia","author":"","date":"marzo 29, 2026","format":false,"excerpt":"La selecci\u00f3n nacional de f\u00fatbol de Dinamarca est\u00e1 a tan solo un partido de lograr la clasificaci\u00f3n para la Copa Mundial de la FIFA que se celebrar\u00e1 a mitad de 2026 en Estados Unidos, Canad\u00e1 y M\u00e9xico. En su camino solo se interpone Serbia, que ser\u00e1 local de un decisivo\u2026","rel":"","context":"In &quot;Noticias Nacionales&quot;","block_context":{"text":"Noticias Nacionales","link":"https:\/\/noticiasya.com\/midland-odessa\/categoria\/noticias-nacionales"},"img":{"alt_text":"","src":"","width":0,"height":0},"classes":[]}],"jetpack_sharing_enabled":true,"_links":{"self":[{"href":"https:\/\/noticiasya.com\/midland-odessa\/wp-json\/wp\/v2\/posts\/1469496","targetHints":{"allow":["GET"]}}],"collection":[{"href":"https:\/\/noticiasya.com\/midland-odessa\/wp-json\/wp\/v2\/posts"}],"about":[{"href":"https:\/\/noticiasya.com\/midland-odessa\/wp-json\/wp\/v2\/types\/post"}],"replies":[{"embeddable":true,"href":"https:\/\/noticiasya.com\/midland-odessa\/wp-json\/wp\/v2\/comments?post=1469496"}],"version-history":[{"count":0,"href":"https:\/\/noticiasya.com\/midland-odessa\/wp-json\/wp\/v2\/posts\/1469496\/revisions"}],"wp:attachment":[{"href":"https:\/\/noticiasya.com\/midland-odessa\/wp-json\/wp\/v2\/media?parent=1469496"}],"wp:term":[{"taxonomy":"category","embeddable":true,"href":"https:\/\/noticiasya.com\/midland-odessa\/wp-json\/wp\/v2\/categories?post=1469496"},{"taxonomy":"post_tag","embeddable":true,"href":"https:\/\/noticiasya.com\/midland-odessa\/wp-json\/wp\/v2\/tags?post=1469496"}],"curies":[{"name":"wp","href":"https:\/\/api.w.org\/{rel}","templated":true}]}}