{"id":1469498,"date":"2025-12-22T14:03:38","date_gmt":"2025-12-22T22:03:38","guid":{"rendered":"https:\/\/noticiasya.com\/2025\/12\/22\/agentes-ice-minnesota-fuego-embestidos-camioneta-trax\/"},"modified":"2025-12-22T14:03:38","modified_gmt":"2025-12-22T22:03:38","slug":"agentes-ice-minnesota-fuego-embestidos-camioneta-trax","status":"publish","type":"post","link":"https:\/\/noticiasya.com\/midland-odessa\/2025\/12\/22\/agentes-ice-minnesota-fuego-embestidos-camioneta-trax\/","title":{"rendered":"Agentes del ICE en St. Paul, Minnesota, abren fuego tras ser embestidos por una camioneta"},"content":{"rendered":"<p>La ca\u00f3tica detenci\u00f3n de un inmigrante indocumentado en St. Paul, Minnesota, termin\u00f3 de forma violenta el domingo, despu\u00e9s de que el hombre presuntamente atropellara a dos funcionarios federales con su veh\u00edculo durante una parada, lo que llev\u00f3 a que uno de los agentes disparara \u201cen defensa propia\u201d, antes de que el hombre fuera finalmente detenido, seg\u00fan el Departamento de Seguridad Nacional.<\/p>\n<p>El arresto se produce mientras el Gobierno de Trump contin\u00faa sus esfuerzos de control migratorio en las Ciudades Gemelas (Minneapolis y St. Paul), que han generado controversia en las \u00faltimas semanas por las t\u00e1cticas del Servicio de Inmigraci\u00f3n y Control de Aduanas (ICE, por sus siglas en ingl\u00e9s) y preocupaciones sobre singularizaci\u00f3n racial.<\/p>\n<p>Sin embargo, la persecuci\u00f3n del domingo apunta a una tendencia preocupante que ha surgido durante los esfuerzos de control migratorio del Gobierno, lo que ha llevado a algunos funcionarios a advertir sobre el potencial de escalada y violencia.<\/p>\n<p>Todo comenz\u00f3 cuando los agentes intentaron detener a un hombre que el Departamento de Seguridad Nacional identific\u00f3 posteriormente como Juan Carlos Rodrigues Romero, un inmigrante cubano indocumentado, durante una parada.<\/p>\n<p>\u201cRomero no cooper\u00f3 y se neg\u00f3 a bajar la ventana, por lo que los funcionarios le advirtieron que tendr\u00edan que romper la ventana si continuaba sin acatar las \u00f3rdenes legales\u201d, indic\u00f3 la agencia en un <a href=\"https:\/\/x.com\/dhsgov\/status\/2002912585046438293?s=46\">comunicado publicado en l\u00ednea.<\/a><\/p>\n<p>Fue entonces cuando Romero se dio a la fuga, de acuerdo con el Departamento de Seguridad Nacional, y comenz\u00f3 una persecuci\u00f3n ca\u00f3tica.<\/p>\n<p>Mientras Romero hu\u00eda de la escena, presuntamente atropell\u00f3 a uno de los funcionarios de ICE con su veh\u00edculo. Luego condujo hacia un estacionamiento cercano y choc\u00f3 contra dos autos estacionados, seg\u00fan la agencia.<\/p>\n<p>Mientras los funcionarios ordenaban a Romero que saliera del veh\u00edculo, presuntamente \u201cempez\u00f3 a embestir su auto contra un veh\u00edculo de ICE y atropell\u00f3 a otro funcionario de ICE\u201d, indic\u00f3 el Departamento de Seguridad Nacional.<\/p>\n<p>\u201cEl funcionario que fue embestido por el auto de Romero dispar\u00f3 en defensa propia dos veces con su arma de servicio, lo que provoc\u00f3 que Romero volviera a huir en su veh\u00edculo\u201d, se\u00f1al\u00f3 la agencia. \u201cNadie fue alcanzado por los disparos defensivos\u201d.<\/p>\n<p>Sin embargo, Romero continu\u00f3 tratando de evadir la detenci\u00f3n, de acuerdo con la agencia. Supuestamente embisti\u00f3 otro veh\u00edculo de ICE antes de intentar huir a pie hacia su apartamento.<\/p>\n<p>La agencia inform\u00f3 que los funcionarios de ICE derribaron a Romero mientras \u00e9l \u201ccontinu\u00f3 resistiendo violentamente el arresto y mordi\u00f3 a uno de los funcionarios\u201d.<\/p>\n<p>Los funcionarios involucrados sufrieron heridas que no ponen en riesgo su vida durante la persecuci\u00f3n y fueron llevados a un hospital cercano para ser evaluados, seg\u00fan el Departamento de Seguridad Nacional.<\/p>\n<p>Romero tambi\u00e9n fue evaluado en un hospital y actualmente est\u00e1 bajo custodia de ICE en espera de cargos adicionales, indic\u00f3 la agencia.<\/p>\n<p>No estaba claro de inmediato si Romero hab\u00eda obtenido representaci\u00f3n legal.<\/p>\n<p>CNN se ha comunicado con ICE para obtener m\u00e1s comentarios sobre el arresto.<\/p>\n<p>En un <a href=\"https:\/\/x.com\/sppdmn\/status\/2002800580700574113\/photo\/1\">comunicado publicado<\/a> en redes sociales, la Polic\u00eda de St. Paul dijo que llegaron a la escena despu\u00e9s del incidente y supieron que el funcionario federal hab\u00eda sido atropellado y hab\u00eda disparado su arma de servicio.<\/p>\n<p>\u201cNing\u00fan agente de la polic\u00eda de Saint Paul particip\u00f3 en el arresto ni en el uso de la fuerza\u201d, indic\u00f3 el departamento.<\/p>\n<p>El uso de la fuerza por parte de la polic\u00eda se ha convertido en un tema pol\u00e9mico en Minnesota tras el homicidio de George Floyd. Desde entonces, la polic\u00eda local ha pasado a\u00f1os intentando reformar los protocolos departamentales en los encuentros con la polic\u00eda.<\/p>\n<p>El jefe de polic\u00eda de Minneapolis, Brian O\u2019Hara, aludi\u00f3 a c\u00f3mo la presencia de fuerzas federales a veces ha complicado esos esfuerzos durante una conferencia de prensa el martes.<\/p>\n<p>\u201cHemos estado entrenando a nuestros funcionarios durante los \u00faltimos cinco a\u00f1os, muy intensamente, en la desescalada\u201d, dijo O\u2019Hara. \u201cPero desafortunadamente, eso muchas veces no es lo que vemos de otras agencias en la ciudad\u201d.<\/p>\n<p>Detenciones dram\u00e1ticas \u2014y ocasionalmente violentas\u2014 durante el tr\u00e1nsito se han vuelto algo com\u00fan durante la continua ofensiva migratoria del Gobierno de Trump.<\/p>\n<p>Las paradas de tr\u00e1fico a menudo se consideran entre las interacciones policiales m\u00e1s peligrosas debido a su potencial de escalada y lesiones.<\/p>\n<p>En octubre, Emily Covington, directora adjunta de Asuntos P\u00fablicos de ICE, dijo a CNN: \u201cLos agresores ahora est\u00e1n chocando intencionalmente contra los funcionarios, acorralando los veh\u00edculos de las fuerzas del orden, sacando a los agentes de ICE de las carreteras y embistiendo sus autos contra los veh\u00edculos policiales\u201d.<\/p>\n<p>Sin embargo, la agencia tambi\u00e9n ha enfrentado cr\u00edticas por las t\u00e1cticas que utiliza durante las detenciones, incluyendo las controvertidas maniobras de \u201ct\u00e9cnica de inmovilizaci\u00f3n de precisi\u00f3n\u201d o \u201cPIT\u201d, que obligan a un coche a girar y detenerse.<\/p>\n<p>Los expertos han dicho a CNN que esta t\u00e1ctica se considera un uso de fuerza letal.<\/p>\n<p>En septiembre, agentes de ICE dispararon mortalmente a un hombre durante una parada de tr\u00e1fico en un suburbio de Chicago. Al mes siguiente, un accidente automovil\u00edstico que involucr\u00f3 a agentes federales gener\u00f3 una reacci\u00f3n generalizada y protestas en la ciudad despu\u00e9s de que el video del incidente se volviera viral.<\/p>\n<p>Y el mes pasado, el caso de alto perfil contra Marimar Mart\u00ednez, una mujer de Chicago acusada de embestir con su veh\u00edculo a un agente de Aduanas y Protecci\u00f3n de Fronteras antes de que los agentes le dispararan repetidamente, termin\u00f3 de manera dram\u00e1tica cuando una jueza federal desestim\u00f3 los cargos en su contra.<\/p>\n<p>Durante el juicio, la jueza de distrito de EE.UU. Georgia Alexakis expres\u00f3 repetidamente su preocupaci\u00f3n sobre c\u00f3mo el Gobierno manej\u00f3 la investigaci\u00f3n y finalmente dijo que las discrepancias en el caso del Gobierno le hac\u00edan \u201ccuestionar la narrativa que se estaba presentando\u201d.<\/p>\n<p>Durante el juicio, la abogada defensora de Mart\u00ednez acus\u00f3 al Gobierno de intentar posiblemente destruir pruebas despu\u00e9s de que Charles Exum, el agente involucrado en el caso, fuera autorizado a conducir su veh\u00edculo da\u00f1ado 1.000 millas (1.609 km) hasta su estado natal de Maine.<\/p>\n<p>La defensa tambi\u00e9n present\u00f3 mensajes de texto durante el juicio en los que Exum aparentemente se jactaba de su punter\u00eda despu\u00e9s de disparar a Mart\u00ednez.<\/p>\n<p>Tras el fallo, Mart\u00ednez dijo a CNN que, aunque llevar\u00e1 las cicatrices f\u00edsicas del tiroteo, se niega a ser una v\u00edctima.<\/p>\n<p>\u201cEn realidad, soy una sobreviviente de toda esta injusticia que est\u00e1 ocurriendo\u201d, dijo.<\/p>\n<p>The-CNN-Wire<br \/>&trade; &amp; &copy; 2025 Cable News Network, Inc., a Warner Bros. Discovery Company. All rights reserved.<\/p>\n","protected":false},"excerpt":{"rendered":"<p>La ca\u00f3tica detenci\u00f3n de un inmigrante indocumentado en St. Paul, Minnesota, termin\u00f3 de forma violenta el domingo, despu\u00e9s de que el hombre presuntamente atropellara a dos funcionarios federales con su veh\u00edculo durante una parada, lo que llev\u00f3 a que uno de los agentes disparara \u201cen defensa propia\u201d, antes de que el hombre fuera finalmente detenido, [&hellip;]<\/p>\n","protected":false},"author":0,"featured_media":0,"comment_status":"open","ping_status":"open","sticky":false,"template":"","format":"standard","meta":{"_jetpack_memberships_contains_paid_content":false,"footnotes":""},"categories":[10],"tags":[],"class_list":["post-1469498","post","type-post","status-publish","format-standard","hentry","category-noticias-nacionales","market-global"],"yoast_head":"<!-- This site is optimized with the Yoast SEO plugin v24.4 - https:\/\/yoast.com\/wordpress\/plugins\/seo\/ -->\n<title>Agentes del ICE en St. Paul, Minnesota, abren fuego tras ser embestidos por una camioneta - Noticias<\/title>\n<meta name=\"robots\" content=\"index, follow, max-snippet:-1, max-image-preview:large, max-video-preview:-1\" \/>\n<link rel=\"canonical\" href=\"https:\/\/noticiasya.com\/2025\/12\/22\/agentes-ice-minnesota-fuego-embestidos-camioneta-trax\/\" \/>\n<meta property=\"og:locale\" content=\"es_ES\" \/>\n<meta property=\"og:type\" content=\"article\" \/>\n<meta property=\"og:title\" content=\"Agentes del ICE en St. Paul, Minnesota, abren fuego tras ser embestidos por una camioneta - Noticias\" \/>\n<meta property=\"og:description\" content=\"La ca\u00f3tica detenci\u00f3n de un inmigrante indocumentado en St. Paul, Minnesota, termin\u00f3 de forma violenta el domingo, despu\u00e9s de que el hombre presuntamente atropellara a dos funcionarios federales con su veh\u00edculo durante una parada, lo que llev\u00f3 a que uno de los agentes disparara \u201cen defensa propia\u201d, antes de que el hombre fuera finalmente detenido, [&hellip;]\" \/>\n<meta property=\"og:url\" content=\"https:\/\/noticiasya.com\/2025\/12\/22\/agentes-ice-minnesota-fuego-embestidos-camioneta-trax\/\" \/>\n<meta property=\"og:site_name\" content=\"Noticias\" \/>\n<meta property=\"article:published_time\" content=\"2025-12-22T22:03:38+00:00\" \/>\n<meta name=\"twitter:card\" content=\"summary_large_image\" \/>\n<meta name=\"twitter:label1\" content=\"Est. reading time\" \/>\n\t<meta name=\"twitter:data1\" content=\"6 minutos\" \/>\n<script type=\"application\/ld+json\" class=\"yoast-schema-graph\">{\"@context\":\"https:\/\/schema.org\",\"@graph\":[{\"@type\":\"Article\",\"@id\":\"https:\/\/noticiasya.com\/2025\/12\/22\/agentes-ice-minnesota-fuego-embestidos-camioneta-trax\/#article\",\"isPartOf\":{\"@id\":\"https:\/\/noticiasya.com\/2025\/12\/22\/agentes-ice-minnesota-fuego-embestidos-camioneta-trax\/\"},\"author\":{\"name\":\"\",\"@id\":\"\"},\"headline\":\"Agentes del ICE en St. Paul, Minnesota, abren fuego tras ser embestidos por una camioneta\",\"datePublished\":\"2025-12-22T22:03:38+00:00\",\"mainEntityOfPage\":{\"@id\":\"https:\/\/noticiasya.com\/2025\/12\/22\/agentes-ice-minnesota-fuego-embestidos-camioneta-trax\/\"},\"wordCount\":1157,\"commentCount\":0,\"publisher\":{\"@id\":\"https:\/\/noticiasya.com\/#organization\"},\"articleSection\":[\"Noticias Nacionales\"],\"inLanguage\":\"es\",\"potentialAction\":[{\"@type\":\"CommentAction\",\"name\":\"Comment\",\"target\":[\"https:\/\/noticiasya.com\/2025\/12\/22\/agentes-ice-minnesota-fuego-embestidos-camioneta-trax\/#respond\"]}]},{\"@type\":\"WebPage\",\"@id\":\"https:\/\/noticiasya.com\/2025\/12\/22\/agentes-ice-minnesota-fuego-embestidos-camioneta-trax\/\",\"url\":\"https:\/\/noticiasya.com\/2025\/12\/22\/agentes-ice-minnesota-fuego-embestidos-camioneta-trax\/\",\"name\":\"Agentes del ICE en St. Paul, Minnesota, abren fuego tras ser embestidos por una camioneta - Noticias\",\"isPartOf\":{\"@id\":\"https:\/\/noticiasya.com\/#website\"},\"datePublished\":\"2025-12-22T22:03:38+00:00\",\"breadcrumb\":{\"@id\":\"https:\/\/noticiasya.com\/2025\/12\/22\/agentes-ice-minnesota-fuego-embestidos-camioneta-trax\/#breadcrumb\"},\"inLanguage\":\"es\",\"potentialAction\":[{\"@type\":\"ReadAction\",\"target\":[\"https:\/\/noticiasya.com\/2025\/12\/22\/agentes-ice-minnesota-fuego-embestidos-camioneta-trax\/\"]}]},{\"@type\":\"BreadcrumbList\",\"@id\":\"https:\/\/noticiasya.com\/2025\/12\/22\/agentes-ice-minnesota-fuego-embestidos-camioneta-trax\/#breadcrumb\",\"itemListElement\":[{\"@type\":\"ListItem\",\"position\":1,\"name\":\"Home\",\"item\":\"https:\/\/noticiasya.com\/\"},{\"@type\":\"ListItem\",\"position\":2,\"name\":\"Agentes del ICE en St. Paul, Minnesota, abren fuego tras ser embestidos por una camioneta\"}]},{\"@type\":\"WebSite\",\"@id\":\"https:\/\/noticiasya.com\/#website\",\"url\":\"https:\/\/noticiasya.com\/\",\"name\":\"Noticias\",\"description\":\"Lo que importa\",\"publisher\":{\"@id\":\"https:\/\/noticiasya.com\/#organization\"},\"potentialAction\":[{\"@type\":\"SearchAction\",\"target\":{\"@type\":\"EntryPoint\",\"urlTemplate\":\"https:\/\/noticiasya.com\/?s={search_term_string}\"},\"query-input\":{\"@type\":\"PropertyValueSpecification\",\"valueRequired\":true,\"valueName\":\"search_term_string\"}}],\"inLanguage\":\"es\"},{\"@type\":\"Organization\",\"@id\":\"https:\/\/noticiasya.com\/#organization\",\"name\":\"Noticias\",\"url\":\"https:\/\/noticiasya.com\/\",\"logo\":{\"@type\":\"ImageObject\",\"inLanguage\":\"es\",\"@id\":\"https:\/\/noticiasya.com\/#\/schema\/logo\/image\/\",\"url\":\"https:\/\/noticiasya.com\/wp-content\/uploads\/sites\/22\/2023\/12\/logo-nacional.png\",\"contentUrl\":\"https:\/\/noticiasya.com\/wp-content\/uploads\/sites\/22\/2023\/12\/logo-nacional.png\",\"width\":1801,\"height\":691,\"caption\":\"Noticias\"},\"image\":{\"@id\":\"https:\/\/noticiasya.com\/#\/schema\/logo\/image\/\"}}]}<\/script>\n<!-- \/ Yoast SEO plugin. -->","yoast_head_json":{"title":"Agentes del ICE en St. Paul, Minnesota, abren fuego tras ser embestidos por una camioneta - Noticias","robots":{"index":"index","follow":"follow","max-snippet":"max-snippet:-1","max-image-preview":"max-image-preview:large","max-video-preview":"max-video-preview:-1"},"canonical":"https:\/\/noticiasya.com\/2025\/12\/22\/agentes-ice-minnesota-fuego-embestidos-camioneta-trax\/","og_locale":"es_ES","og_type":"article","og_title":"Agentes del ICE en St. Paul, Minnesota, abren fuego tras ser embestidos por una camioneta - Noticias","og_description":"La ca\u00f3tica detenci\u00f3n de un inmigrante indocumentado en St. Paul, Minnesota, termin\u00f3 de forma violenta el domingo, despu\u00e9s de que el hombre presuntamente atropellara a dos funcionarios federales con su veh\u00edculo durante una parada, lo que llev\u00f3 a que uno de los agentes disparara \u201cen defensa propia\u201d, antes de que el hombre fuera finalmente detenido, [&hellip;]","og_url":"https:\/\/noticiasya.com\/2025\/12\/22\/agentes-ice-minnesota-fuego-embestidos-camioneta-trax\/","og_site_name":"Noticias","article_published_time":"2025-12-22T22:03:38+00:00","twitter_card":"summary_large_image","twitter_misc":{"Est. reading time":"6 minutos"},"schema":{"@context":"https:\/\/schema.org","@graph":[{"@type":"Article","@id":"https:\/\/noticiasya.com\/2025\/12\/22\/agentes-ice-minnesota-fuego-embestidos-camioneta-trax\/#article","isPartOf":{"@id":"https:\/\/noticiasya.com\/2025\/12\/22\/agentes-ice-minnesota-fuego-embestidos-camioneta-trax\/"},"author":{"name":"","@id":""},"headline":"Agentes del ICE en St. Paul, Minnesota, abren fuego tras ser embestidos por una camioneta","datePublished":"2025-12-22T22:03:38+00:00","mainEntityOfPage":{"@id":"https:\/\/noticiasya.com\/2025\/12\/22\/agentes-ice-minnesota-fuego-embestidos-camioneta-trax\/"},"wordCount":1157,"commentCount":0,"publisher":{"@id":"https:\/\/noticiasya.com\/#organization"},"articleSection":["Noticias Nacionales"],"inLanguage":"es","potentialAction":[{"@type":"CommentAction","name":"Comment","target":["https:\/\/noticiasya.com\/2025\/12\/22\/agentes-ice-minnesota-fuego-embestidos-camioneta-trax\/#respond"]}]},{"@type":"WebPage","@id":"https:\/\/noticiasya.com\/2025\/12\/22\/agentes-ice-minnesota-fuego-embestidos-camioneta-trax\/","url":"https:\/\/noticiasya.com\/2025\/12\/22\/agentes-ice-minnesota-fuego-embestidos-camioneta-trax\/","name":"Agentes del ICE en St. Paul, Minnesota, abren fuego tras ser embestidos por una camioneta - Noticias","isPartOf":{"@id":"https:\/\/noticiasya.com\/#website"},"datePublished":"2025-12-22T22:03:38+00:00","breadcrumb":{"@id":"https:\/\/noticiasya.com\/2025\/12\/22\/agentes-ice-minnesota-fuego-embestidos-camioneta-trax\/#breadcrumb"},"inLanguage":"es","potentialAction":[{"@type":"ReadAction","target":["https:\/\/noticiasya.com\/2025\/12\/22\/agentes-ice-minnesota-fuego-embestidos-camioneta-trax\/"]}]},{"@type":"BreadcrumbList","@id":"https:\/\/noticiasya.com\/2025\/12\/22\/agentes-ice-minnesota-fuego-embestidos-camioneta-trax\/#breadcrumb","itemListElement":[{"@type":"ListItem","position":1,"name":"Home","item":"https:\/\/noticiasya.com\/"},{"@type":"ListItem","position":2,"name":"Agentes del ICE en St. Paul, Minnesota, abren fuego tras ser embestidos por una camioneta"}]},{"@type":"WebSite","@id":"https:\/\/noticiasya.com\/#website","url":"https:\/\/noticiasya.com\/","name":"Noticias","description":"Lo que importa","publisher":{"@id":"https:\/\/noticiasya.com\/#organization"},"potentialAction":[{"@type":"SearchAction","target":{"@type":"EntryPoint","urlTemplate":"https:\/\/noticiasya.com\/?s={search_term_string}"},"query-input":{"@type":"PropertyValueSpecification","valueRequired":true,"valueName":"search_term_string"}}],"inLanguage":"es"},{"@type":"Organization","@id":"https:\/\/noticiasya.com\/#organization","name":"Noticias","url":"https:\/\/noticiasya.com\/","logo":{"@type":"ImageObject","inLanguage":"es","@id":"https:\/\/noticiasya.com\/#\/schema\/logo\/image\/","url":"https:\/\/noticiasya.com\/wp-content\/uploads\/sites\/22\/2023\/12\/logo-nacional.png","contentUrl":"https:\/\/noticiasya.com\/wp-content\/uploads\/sites\/22\/2023\/12\/logo-nacional.png","width":1801,"height":691,"caption":"Noticias"},"image":{"@id":"https:\/\/noticiasya.com\/#\/schema\/logo\/image\/"}}]}},"parsely":{"version":"1.1.0","canonical_url":"https:\/\/noticiasya.com\/midland-odessa\/2025\/12\/22\/agentes-ice-minnesota-fuego-embestidos-camioneta-trax\/","smart_links":{"inbound":0,"outbound":0},"traffic_boost_suggestions_count":0,"meta":{"@context":"https:\/\/schema.org","@type":"NewsArticle","headline":"Agentes del ICE en St. Paul, Minnesota, abren fuego tras ser embestidos por una camioneta","url":"http:\/\/noticiasya.com\/midland-odessa\/2025\/12\/22\/agentes-ice-minnesota-fuego-embestidos-camioneta-trax\/","mainEntityOfPage":{"@type":"WebPage","@id":"http:\/\/noticiasya.com\/midland-odessa\/2025\/12\/22\/agentes-ice-minnesota-fuego-embestidos-camioneta-trax\/"},"thumbnailUrl":"","image":{"@type":"ImageObject","url":""},"articleSection":"Noticias Nacionales","author":[],"creator":[],"publisher":{"@type":"Organization","name":"Noticias","logo":""},"keywords":[],"dateCreated":"2025-12-22T22:03:38Z","datePublished":"2025-12-22T22:03:38Z","dateModified":"2025-12-22T22:03:38Z"},"rendered":"<script type=\"application\/ld+json\" class=\"wp-parsely-metadata\">{\"@context\":\"https:\\\/\\\/schema.org\",\"@type\":\"NewsArticle\",\"headline\":\"Agentes del ICE en St. Paul, Minnesota, abren fuego tras ser embestidos por una camioneta\",\"url\":\"http:\\\/\\\/noticiasya.com\\\/midland-odessa\\\/2025\\\/12\\\/22\\\/agentes-ice-minnesota-fuego-embestidos-camioneta-trax\\\/\",\"mainEntityOfPage\":{\"@type\":\"WebPage\",\"@id\":\"http:\\\/\\\/noticiasya.com\\\/midland-odessa\\\/2025\\\/12\\\/22\\\/agentes-ice-minnesota-fuego-embestidos-camioneta-trax\\\/\"},\"thumbnailUrl\":\"\",\"image\":{\"@type\":\"ImageObject\",\"url\":\"\"},\"articleSection\":\"Noticias Nacionales\",\"author\":[],\"creator\":[],\"publisher\":{\"@type\":\"Organization\",\"name\":\"Noticias\",\"logo\":\"\"},\"keywords\":[],\"dateCreated\":\"2025-12-22T22:03:38Z\",\"datePublished\":\"2025-12-22T22:03:38Z\",\"dateModified\":\"2025-12-22T22:03:38Z\"}<\/script>","tracker_url":"https:\/\/cdn.parsely.com\/keys\/noticiasya.com\/p.js"},"jetpack_featured_media_url":"","jetpack-related-posts":[{"id":1470490,"url":"https:\/\/noticiasya.com\/midland-odessa\/2026\/01\/26\/movimientos-agentes-minneapolis-st-paul-imagenes-trax\/","url_meta":{"origin":1469498,"position":0},"title":"Los movimientos agresivos de agentes federales en Minneapolis y St. Paul, en im\u00e1genes","author":"","date":"enero 26, 2026","format":false,"excerpt":"Las tensiones son altas en Minneapolis despu\u00e9s de que un agente de Inmigraci\u00f3n y Control de Aduanas (ICE, por sus siglas en ingl\u00e9s) disparara fatalmente a Ren\u00e9e Good, una madre de tres hijos con 37 a\u00f1os de edad, dentro de su SUV a principios de este mes. Good fue asesinada\u2026","rel":"","context":"In &quot;Noticias Nacionales&quot;","block_context":{"text":"Noticias Nacionales","link":"https:\/\/noticiasya.com\/midland-odessa\/categoria\/noticias-nacionales"},"img":{"alt_text":"","src":"","width":0,"height":0},"classes":[]},{"id":1470414,"url":"https:\/\/noticiasya.com\/midland-odessa\/2026\/01\/23\/varias-personas-arrestadas-protestar-iglesia-st-paul-trax\/","url_meta":{"origin":1469498,"position":1},"title":"Varias personas fueron arrestadas por protestar en una iglesia de St. Paul. Qui\u00e9nes son y de qu\u00e9 se les acusa","author":"","date":"enero 23, 2026","format":false,"excerpt":"Tres personas que participaron en una manifestaci\u00f3n contra agentes federales de inmigraci\u00f3n en una iglesia de St. Paul el domingo fueron arrestadas por cargos federales y permanecen bajo custodia.Es posible que se produzcan m\u00e1s detenciones.Los manifestantes fueron acusados \u200b\u200bde conspiraci\u00f3n para privar de derechos, seg\u00fan el Departamento de Seguridad Nacional,\u2026","rel":"","context":"In &quot;Noticias Nacionales&quot;","block_context":{"text":"Noticias Nacionales","link":"https:\/\/noticiasya.com\/midland-odessa\/categoria\/noticias-nacionales"},"img":{"alt_text":"","src":"","width":0,"height":0},"classes":[]},{"id":1470112,"url":"https:\/\/noticiasya.com\/midland-odessa\/2026\/01\/15\/ice-redadas-negocios-inmigrantes-minnesota-trax\/","url_meta":{"origin":1469498,"position":2},"title":"&#171;ICE est\u00e1 usando mi negocio como un campo de caza&#187;: redadas migratorias paralizan comercios en Minnesota","author":"","date":"enero 15, 2026","format":false,"excerpt":"Agentes federales de inmigraci\u00f3n han estado rondando El Burrito Mercado, un importante supermercado y restaurante mexicano en St. Paul, Minnesota, durante la \u00faltima semana.La presencia de camionetas sin identificaci\u00f3n y agentes enmascarados circulando ha asustado a clientes y trabajadores, ha reducido las ventas y ha puesto en peligro el futuro\u2026","rel":"","context":"In &quot;Noticias Nacionales&quot;","block_context":{"text":"Noticias Nacionales","link":"https:\/\/noticiasya.com\/midland-odessa\/categoria\/noticias-nacionales"},"img":{"alt_text":"","src":"","width":0,"height":0},"classes":[]},{"id":1471469,"url":"https:\/\/noticiasya.com\/midland-odessa\/2026\/02\/20\/inmigracion-medicos-ice-atencion-sanitaria-crisis-trax\/","url_meta":{"origin":1469498,"position":3},"title":"La ofensiva migratoria de Trump est\u00e1 generando una crisis sanitaria en Estados Unidos, advierten los m\u00e9dicos","author":"","date":"febrero 20, 2026","format":false,"excerpt":"Dado que muchas personas no pueden o tienen miedo de acceder a la atenci\u00f3n m\u00e9dica, algunos proveedores dicen que est\u00e1n viendo una disminuci\u00f3n en el n\u00famero de pacientes que no hab\u00edan visto desde la pandemia de covid-19, esta vez brindando atenci\u00f3n mientras potencialmente tratan con agentes federales con equipo t\u00e1ctico.Los\u2026","rel":"","context":"In &quot;Noticias Nacionales&quot;","block_context":{"text":"Noticias Nacionales","link":"https:\/\/noticiasya.com\/midland-odessa\/categoria\/noticias-nacionales"},"img":{"alt_text":"","src":"","width":0,"height":0},"classes":[]},{"id":1471243,"url":"https:\/\/noticiasya.com\/midland-odessa\/2026\/02\/14\/obama-compara-ice-minnesota-dictaduras-trax\/","url_meta":{"origin":1469498,"position":4},"title":"Obama compara el &#171;comportamiento fuera de control&#187; de ICE en Minnesota con dictaduras","author":"","date":"febrero 14, 2026","format":false,"excerpt":"El expresidente Barack Obama critic\u00f3 la conducta de los agentes del Servicio de Inmigraci\u00f3n y Control de Aduanas (ICE, por sus siglas en ingl\u00e9s) en Minnesota calific\u00e1ndola de peligrosa, y afirm\u00f3 que \u201cel comportamiento deshonesto\u201d es similar al que \u201chemos visto en pa\u00edses autoritarios\u201d y \u201cen dictaduras\u201d.Los comentarios, realizados en\u2026","rel":"","context":"In &quot;Noticias Nacionales&quot;","block_context":{"text":"Noticias Nacionales","link":"https:\/\/noticiasya.com\/midland-odessa\/categoria\/noticias-nacionales"},"img":{"alt_text":"","src":"","width":0,"height":0},"classes":[]},{"id":1470248,"url":"https:\/\/noticiasya.com\/midland-odessa\/2026\/01\/20\/protestas-minnesota-ice-iglesia-trax\/","url_meta":{"origin":1469498,"position":5},"title":"Investigaci\u00f3n federal en curso despu\u00e9s de que manifestantes anti-ICE interrumpieran un servicio religioso","author":"","date":"enero 20, 2026","format":false,"excerpt":"El Departamento de Justicia est\u00e1 investigando a los manifestantes que interrumpieron un servicio religioso cristiano en St. Paul, Minnesota, el domingo, mientras las tensiones en torno a la amplia represi\u00f3n migratoria de la administraci\u00f3n Trump en las Ciudades Gemelas contin\u00faan aumentando.La investigaci\u00f3n del Departamento de Justicia se anunci\u00f3 horas despu\u00e9s\u2026","rel":"","context":"In &quot;Noticias Nacionales&quot;","block_context":{"text":"Noticias Nacionales","link":"https:\/\/noticiasya.com\/midland-odessa\/categoria\/noticias-nacionales"},"img":{"alt_text":"","src":"","width":0,"height":0},"classes":[]}],"jetpack_sharing_enabled":true,"_links":{"self":[{"href":"https:\/\/noticiasya.com\/midland-odessa\/wp-json\/wp\/v2\/posts\/1469498","targetHints":{"allow":["GET"]}}],"collection":[{"href":"https:\/\/noticiasya.com\/midland-odessa\/wp-json\/wp\/v2\/posts"}],"about":[{"href":"https:\/\/noticiasya.com\/midland-odessa\/wp-json\/wp\/v2\/types\/post"}],"replies":[{"embeddable":true,"href":"https:\/\/noticiasya.com\/midland-odessa\/wp-json\/wp\/v2\/comments?post=1469498"}],"version-history":[{"count":0,"href":"https:\/\/noticiasya.com\/midland-odessa\/wp-json\/wp\/v2\/posts\/1469498\/revisions"}],"wp:attachment":[{"href":"https:\/\/noticiasya.com\/midland-odessa\/wp-json\/wp\/v2\/media?parent=1469498"}],"wp:term":[{"taxonomy":"category","embeddable":true,"href":"https:\/\/noticiasya.com\/midland-odessa\/wp-json\/wp\/v2\/categories?post=1469498"},{"taxonomy":"post_tag","embeddable":true,"href":"https:\/\/noticiasya.com\/midland-odessa\/wp-json\/wp\/v2\/tags?post=1469498"}],"curies":[{"name":"wp","href":"https:\/\/api.w.org\/{rel}","templated":true}]}}