{"id":1469499,"date":"2025-12-22T14:03:39","date_gmt":"2025-12-22T22:03:39","guid":{"rendered":"https:\/\/noticiasya.com\/2025\/12\/22\/jueza-presiona-gobierno-trump-planes-abrego-garcia-trax\/"},"modified":"2025-12-22T14:03:39","modified_gmt":"2025-12-22T22:03:39","slug":"jueza-presiona-gobierno-trump-planes-abrego-garcia-trax","status":"publish","type":"post","link":"https:\/\/noticiasya.com\/midland-odessa\/2025\/12\/22\/jueza-presiona-gobierno-trump-planes-abrego-garcia-trax\/","title":{"rendered":"Jueza federal presiona al Gobierno de Trump sobre sus planes para Kilmar \u00c1brego Garc\u00eda"},"content":{"rendered":"<p>Una jueza federal aparentemente frustrada presion\u00f3 este lunes al Gobierno de Trump para que compartiera lo que pensaba hacer a continuaci\u00f3n en la saga de r\u00e1pido desarrollo sobre <a href=\"https:\/\/cnnespanol.cnn.com\/2025\/06\/06\/eeuu\/quien-es-kilmar-abrego-garcia-el-salvador-deportado-eeuu-orix\">Kilmar \u00c1brego Garc\u00eda,<\/a> d\u00edas despu\u00e9s de que ella determinara que estaba siendo detenido de manera ilegal bajo custodia de inmigraci\u00f3n.<\/p>\n<p>Durante una audiencia de una hora que por momentos se volvi\u00f3 acalorada, la jueza de distrito de EE.UU. Paula Xinis interrog\u00f3 repetidamente a un abogado del Gobierno sobre sus planes cambiantes para \u00c1brego Garc\u00eda, un ciudadano salvadore\u00f1o cuya deportaci\u00f3n indebida al pa\u00eds centroamericano en marzo dio inicio a una batalla legal de varios meses que ha llegado a representar el enfoque duro del Gobierno sobre inmigraci\u00f3n.<\/p>\n<p>\u00c1brego Garc\u00eda fue regresado a EE.UU. a principios de este a\u00f1o para enfrentar cargos federales y posteriormente fue retenido durante meses en un centro de detenci\u00f3n de inmigraci\u00f3n en Pensilvania. <a href=\"https:\/\/cnnespanol.cnn.com\/2025\/12\/11\/eeuu\/juez-ordena-liberacion-inmediata-kilmar-abrego-garcia-trax\">Fue liberado el 11 de diciembre <\/a>despu\u00e9s de que Xinis determinara que el Gobierno lo estaba deteniendo de manera ilegal en parte porque no hab\u00eda una orden de deportaci\u00f3n emitida por un juez de inmigraci\u00f3n durante ese per\u00edodo.<\/p>\n<p>\u201cEstoy tratando de determinar si va a haber o no procedimientos de deportaci\u00f3n\u201d, dijo Xinis en un momento. \u201cB\u00e1sicamente, solo le estoy preguntando qu\u00e9 es lo que van a hacer\u201d.<\/p>\n<p>\u201cNecesito algo que diga: \u2018OK, no van a simplemente detener al se\u00f1or \u00c1brego Garc\u00eda sin autoridad legal\u2019\u201d, agreg\u00f3 despu\u00e9s. \u201cFue deportado sin autoridad legal, fue detenido sin autoridad legal\u201d.<\/p>\n<p>La audiencia ante Xinis, nombrada por el expresidente Barack Obama, fue el \u00faltimo enfrentamiento entre la jueza y el Gobierno de Trump en el complicado caso de \u00c1brego Garc\u00eda. Subray\u00f3 la posici\u00f3n legal incierta en la que parec\u00eda encontrarse cuando un juez de inmigraci\u00f3n \u2014justo despu\u00e9s de que Xinis ordenara la liberaci\u00f3n de \u00c1brego Garc\u00eda\u2014 emiti\u00f3 una orden de deportaci\u00f3n no definitiva que, de acuerdo con sus abogados,<a href=\"https:\/\/cnnespanol.cnn.com\/2025\/12\/12\/eeuu\/jueza-impide-nueva-detencion-kilmar-abrego-trax\"> lo pon\u00eda en riesgo de ser detenido nuevamente.<\/a><\/p>\n<p>No obstante, Ernesto Molina, un abogado del Departamento de Justicia, tuvo dificultades este lunes para decirle a Xinis qu\u00e9 podr\u00eda pasar a continuaci\u00f3n con el padre de tres hijos. Explic\u00f3 que el Departamento de Seguridad Nacional tendr\u00eda la autoridad para detener a \u00c1brego Garc\u00eda si ella no hubiera emitido una orden que lo impide por ahora, y le pidi\u00f3 que anulara esa decisi\u00f3n temporal.<\/p>\n<p>Cuando Xinis le pregunt\u00f3 a Molina espec\u00edficamente si se hab\u00eda tomado una decisi\u00f3n final para volver a detener a \u00c1brego Garc\u00eda, \u00e9l dijo que no ten\u00eda ninguna informaci\u00f3n que proporcionarle sobre esa consulta.<\/p>\n<p>\u201cBueno, entonces, aqu\u00ed no hay ning\u00fan da\u00f1o ni falta\u201d, dijo la jueza, sugiriendo que simplemente extender\u00eda su orden. Al final, orden\u00f3 al Gobierno que le presentara en los pr\u00f3ximos d\u00edas pruebas de su intenci\u00f3n de detenerlo o un aviso de que no planea hacerlo en este momento.<\/p>\n<p>La audiencia marc\u00f3 la primera vez que \u00c1brego Garc\u00eda apareci\u00f3 en la sala del tribunal, unos ocho meses despu\u00e9s de que la jueza ordenara al Gobierno que trabajara para traerlo de regreso a EE.UU. <a href=\"https:\/\/cnnespanol.cnn.com\/2025\/07\/03\/latinoamerica\/abogados-kilmar-abrego-el-salvador-trax\">desde el Centro de Confinamiento del Terrorismo (Cecot)<\/a> en El Salvador.<\/p>\n<p>Se present\u00f3 ante la jueza al comienzo de la audiencia, pero por lo dem\u00e1s permaneci\u00f3 sentado en silencio en la sala mientras su equipo legal instaba a la jueza a emitir un impedimento m\u00e1s permanente sobre la capacidad del Gobierno de volver a detenerlo r\u00e1pidamente.<\/p>\n<p>\u201cSe\u00f1or \u00c1brego Garc\u00eda, hoy casi tiene un equipo de b\u00e9isbol represent\u00e1ndolo, casi\u201d, brome\u00f3 la jueza en un momento.<\/p>\n<p>The-CNN-Wire<br \/>&trade; &amp; &copy; 2025 Cable News Network, Inc., a Warner Bros. Discovery Company. All rights reserved.<\/p>\n","protected":false},"excerpt":{"rendered":"<p>Una jueza federal aparentemente frustrada presion\u00f3 este lunes al Gobierno de Trump para que compartiera lo que pensaba hacer a continuaci\u00f3n en la saga de r\u00e1pido desarrollo sobre Kilmar \u00c1brego Garc\u00eda, d\u00edas despu\u00e9s de que ella determinara que estaba siendo detenido de manera ilegal bajo custodia de inmigraci\u00f3n. Durante una audiencia de una hora que [&hellip;]<\/p>\n","protected":false},"author":0,"featured_media":0,"comment_status":"open","ping_status":"open","sticky":false,"template":"","format":"standard","meta":{"_jetpack_memberships_contains_paid_content":false,"footnotes":""},"categories":[10],"tags":[],"class_list":["post-1469499","post","type-post","status-publish","format-standard","hentry","category-noticias-nacionales","market-global"],"yoast_head":"<!-- This site is optimized with the Yoast SEO plugin v24.4 - https:\/\/yoast.com\/wordpress\/plugins\/seo\/ -->\n<title>Jueza federal presiona al Gobierno de Trump sobre sus planes para Kilmar \u00c1brego Garc\u00eda - Noticias<\/title>\n<meta name=\"robots\" content=\"index, follow, max-snippet:-1, max-image-preview:large, max-video-preview:-1\" \/>\n<link rel=\"canonical\" href=\"https:\/\/noticiasya.com\/2025\/12\/22\/jueza-presiona-gobierno-trump-planes-abrego-garcia-trax\/\" \/>\n<meta property=\"og:locale\" content=\"es_ES\" \/>\n<meta property=\"og:type\" content=\"article\" \/>\n<meta property=\"og:title\" content=\"Jueza federal presiona al Gobierno de Trump sobre sus planes para Kilmar \u00c1brego Garc\u00eda - Noticias\" \/>\n<meta property=\"og:description\" content=\"Una jueza federal aparentemente frustrada presion\u00f3 este lunes al Gobierno de Trump para que compartiera lo que pensaba hacer a continuaci\u00f3n en la saga de r\u00e1pido desarrollo sobre Kilmar \u00c1brego Garc\u00eda, d\u00edas despu\u00e9s de que ella determinara que estaba siendo detenido de manera ilegal bajo custodia de inmigraci\u00f3n. Durante una audiencia de una hora que [&hellip;]\" \/>\n<meta property=\"og:url\" content=\"https:\/\/noticiasya.com\/2025\/12\/22\/jueza-presiona-gobierno-trump-planes-abrego-garcia-trax\/\" \/>\n<meta property=\"og:site_name\" content=\"Noticias\" \/>\n<meta property=\"article:published_time\" content=\"2025-12-22T22:03:39+00:00\" \/>\n<meta name=\"twitter:card\" content=\"summary_large_image\" \/>\n<meta name=\"twitter:label1\" content=\"Est. reading time\" \/>\n\t<meta name=\"twitter:data1\" content=\"3 minutos\" \/>\n<script type=\"application\/ld+json\" class=\"yoast-schema-graph\">{\"@context\":\"https:\/\/schema.org\",\"@graph\":[{\"@type\":\"Article\",\"@id\":\"https:\/\/noticiasya.com\/2025\/12\/22\/jueza-presiona-gobierno-trump-planes-abrego-garcia-trax\/#article\",\"isPartOf\":{\"@id\":\"https:\/\/noticiasya.com\/2025\/12\/22\/jueza-presiona-gobierno-trump-planes-abrego-garcia-trax\/\"},\"author\":{\"name\":\"\",\"@id\":\"\"},\"headline\":\"Jueza federal presiona al Gobierno de Trump sobre sus planes para Kilmar \u00c1brego Garc\u00eda\",\"datePublished\":\"2025-12-22T22:03:39+00:00\",\"mainEntityOfPage\":{\"@id\":\"https:\/\/noticiasya.com\/2025\/12\/22\/jueza-presiona-gobierno-trump-planes-abrego-garcia-trax\/\"},\"wordCount\":662,\"commentCount\":0,\"publisher\":{\"@id\":\"https:\/\/noticiasya.com\/#organization\"},\"articleSection\":[\"Noticias Nacionales\"],\"inLanguage\":\"es\",\"potentialAction\":[{\"@type\":\"CommentAction\",\"name\":\"Comment\",\"target\":[\"https:\/\/noticiasya.com\/2025\/12\/22\/jueza-presiona-gobierno-trump-planes-abrego-garcia-trax\/#respond\"]}]},{\"@type\":\"WebPage\",\"@id\":\"https:\/\/noticiasya.com\/2025\/12\/22\/jueza-presiona-gobierno-trump-planes-abrego-garcia-trax\/\",\"url\":\"https:\/\/noticiasya.com\/2025\/12\/22\/jueza-presiona-gobierno-trump-planes-abrego-garcia-trax\/\",\"name\":\"Jueza federal presiona al Gobierno de Trump sobre sus planes para Kilmar \u00c1brego Garc\u00eda - Noticias\",\"isPartOf\":{\"@id\":\"https:\/\/noticiasya.com\/#website\"},\"datePublished\":\"2025-12-22T22:03:39+00:00\",\"breadcrumb\":{\"@id\":\"https:\/\/noticiasya.com\/2025\/12\/22\/jueza-presiona-gobierno-trump-planes-abrego-garcia-trax\/#breadcrumb\"},\"inLanguage\":\"es\",\"potentialAction\":[{\"@type\":\"ReadAction\",\"target\":[\"https:\/\/noticiasya.com\/2025\/12\/22\/jueza-presiona-gobierno-trump-planes-abrego-garcia-trax\/\"]}]},{\"@type\":\"BreadcrumbList\",\"@id\":\"https:\/\/noticiasya.com\/2025\/12\/22\/jueza-presiona-gobierno-trump-planes-abrego-garcia-trax\/#breadcrumb\",\"itemListElement\":[{\"@type\":\"ListItem\",\"position\":1,\"name\":\"Home\",\"item\":\"https:\/\/noticiasya.com\/\"},{\"@type\":\"ListItem\",\"position\":2,\"name\":\"Jueza federal presiona al Gobierno de Trump sobre sus planes para Kilmar \u00c1brego Garc\u00eda\"}]},{\"@type\":\"WebSite\",\"@id\":\"https:\/\/noticiasya.com\/#website\",\"url\":\"https:\/\/noticiasya.com\/\",\"name\":\"Noticias\",\"description\":\"Lo que importa\",\"publisher\":{\"@id\":\"https:\/\/noticiasya.com\/#organization\"},\"potentialAction\":[{\"@type\":\"SearchAction\",\"target\":{\"@type\":\"EntryPoint\",\"urlTemplate\":\"https:\/\/noticiasya.com\/?s={search_term_string}\"},\"query-input\":{\"@type\":\"PropertyValueSpecification\",\"valueRequired\":true,\"valueName\":\"search_term_string\"}}],\"inLanguage\":\"es\"},{\"@type\":\"Organization\",\"@id\":\"https:\/\/noticiasya.com\/#organization\",\"name\":\"Noticias\",\"url\":\"https:\/\/noticiasya.com\/\",\"logo\":{\"@type\":\"ImageObject\",\"inLanguage\":\"es\",\"@id\":\"https:\/\/noticiasya.com\/#\/schema\/logo\/image\/\",\"url\":\"https:\/\/noticiasya.com\/wp-content\/uploads\/sites\/22\/2023\/12\/logo-nacional.png\",\"contentUrl\":\"https:\/\/noticiasya.com\/wp-content\/uploads\/sites\/22\/2023\/12\/logo-nacional.png\",\"width\":1801,\"height\":691,\"caption\":\"Noticias\"},\"image\":{\"@id\":\"https:\/\/noticiasya.com\/#\/schema\/logo\/image\/\"}}]}<\/script>\n<!-- \/ Yoast SEO plugin. -->","yoast_head_json":{"title":"Jueza federal presiona al Gobierno de Trump sobre sus planes para Kilmar \u00c1brego Garc\u00eda - Noticias","robots":{"index":"index","follow":"follow","max-snippet":"max-snippet:-1","max-image-preview":"max-image-preview:large","max-video-preview":"max-video-preview:-1"},"canonical":"https:\/\/noticiasya.com\/2025\/12\/22\/jueza-presiona-gobierno-trump-planes-abrego-garcia-trax\/","og_locale":"es_ES","og_type":"article","og_title":"Jueza federal presiona al Gobierno de Trump sobre sus planes para Kilmar \u00c1brego Garc\u00eda - Noticias","og_description":"Una jueza federal aparentemente frustrada presion\u00f3 este lunes al Gobierno de Trump para que compartiera lo que pensaba hacer a continuaci\u00f3n en la saga de r\u00e1pido desarrollo sobre Kilmar \u00c1brego Garc\u00eda, d\u00edas despu\u00e9s de que ella determinara que estaba siendo detenido de manera ilegal bajo custodia de inmigraci\u00f3n. Durante una audiencia de una hora que [&hellip;]","og_url":"https:\/\/noticiasya.com\/2025\/12\/22\/jueza-presiona-gobierno-trump-planes-abrego-garcia-trax\/","og_site_name":"Noticias","article_published_time":"2025-12-22T22:03:39+00:00","twitter_card":"summary_large_image","twitter_misc":{"Est. reading time":"3 minutos"},"schema":{"@context":"https:\/\/schema.org","@graph":[{"@type":"Article","@id":"https:\/\/noticiasya.com\/2025\/12\/22\/jueza-presiona-gobierno-trump-planes-abrego-garcia-trax\/#article","isPartOf":{"@id":"https:\/\/noticiasya.com\/2025\/12\/22\/jueza-presiona-gobierno-trump-planes-abrego-garcia-trax\/"},"author":{"name":"","@id":""},"headline":"Jueza federal presiona al Gobierno de Trump sobre sus planes para Kilmar \u00c1brego Garc\u00eda","datePublished":"2025-12-22T22:03:39+00:00","mainEntityOfPage":{"@id":"https:\/\/noticiasya.com\/2025\/12\/22\/jueza-presiona-gobierno-trump-planes-abrego-garcia-trax\/"},"wordCount":662,"commentCount":0,"publisher":{"@id":"https:\/\/noticiasya.com\/#organization"},"articleSection":["Noticias Nacionales"],"inLanguage":"es","potentialAction":[{"@type":"CommentAction","name":"Comment","target":["https:\/\/noticiasya.com\/2025\/12\/22\/jueza-presiona-gobierno-trump-planes-abrego-garcia-trax\/#respond"]}]},{"@type":"WebPage","@id":"https:\/\/noticiasya.com\/2025\/12\/22\/jueza-presiona-gobierno-trump-planes-abrego-garcia-trax\/","url":"https:\/\/noticiasya.com\/2025\/12\/22\/jueza-presiona-gobierno-trump-planes-abrego-garcia-trax\/","name":"Jueza federal presiona al Gobierno de Trump sobre sus planes para Kilmar \u00c1brego Garc\u00eda - Noticias","isPartOf":{"@id":"https:\/\/noticiasya.com\/#website"},"datePublished":"2025-12-22T22:03:39+00:00","breadcrumb":{"@id":"https:\/\/noticiasya.com\/2025\/12\/22\/jueza-presiona-gobierno-trump-planes-abrego-garcia-trax\/#breadcrumb"},"inLanguage":"es","potentialAction":[{"@type":"ReadAction","target":["https:\/\/noticiasya.com\/2025\/12\/22\/jueza-presiona-gobierno-trump-planes-abrego-garcia-trax\/"]}]},{"@type":"BreadcrumbList","@id":"https:\/\/noticiasya.com\/2025\/12\/22\/jueza-presiona-gobierno-trump-planes-abrego-garcia-trax\/#breadcrumb","itemListElement":[{"@type":"ListItem","position":1,"name":"Home","item":"https:\/\/noticiasya.com\/"},{"@type":"ListItem","position":2,"name":"Jueza federal presiona al Gobierno de Trump sobre sus planes para Kilmar \u00c1brego Garc\u00eda"}]},{"@type":"WebSite","@id":"https:\/\/noticiasya.com\/#website","url":"https:\/\/noticiasya.com\/","name":"Noticias","description":"Lo que importa","publisher":{"@id":"https:\/\/noticiasya.com\/#organization"},"potentialAction":[{"@type":"SearchAction","target":{"@type":"EntryPoint","urlTemplate":"https:\/\/noticiasya.com\/?s={search_term_string}"},"query-input":{"@type":"PropertyValueSpecification","valueRequired":true,"valueName":"search_term_string"}}],"inLanguage":"es"},{"@type":"Organization","@id":"https:\/\/noticiasya.com\/#organization","name":"Noticias","url":"https:\/\/noticiasya.com\/","logo":{"@type":"ImageObject","inLanguage":"es","@id":"https:\/\/noticiasya.com\/#\/schema\/logo\/image\/","url":"https:\/\/noticiasya.com\/wp-content\/uploads\/sites\/22\/2023\/12\/logo-nacional.png","contentUrl":"https:\/\/noticiasya.com\/wp-content\/uploads\/sites\/22\/2023\/12\/logo-nacional.png","width":1801,"height":691,"caption":"Noticias"},"image":{"@id":"https:\/\/noticiasya.com\/#\/schema\/logo\/image\/"}}]}},"parsely":{"version":"1.1.0","canonical_url":"https:\/\/noticiasya.com\/midland-odessa\/2025\/12\/22\/jueza-presiona-gobierno-trump-planes-abrego-garcia-trax\/","smart_links":{"inbound":0,"outbound":0},"traffic_boost_suggestions_count":0,"meta":{"@context":"https:\/\/schema.org","@type":"NewsArticle","headline":"Jueza federal presiona al Gobierno de Trump sobre sus planes para Kilmar \u00c1brego Garc\u00eda","url":"http:\/\/noticiasya.com\/midland-odessa\/2025\/12\/22\/jueza-presiona-gobierno-trump-planes-abrego-garcia-trax\/","mainEntityOfPage":{"@type":"WebPage","@id":"http:\/\/noticiasya.com\/midland-odessa\/2025\/12\/22\/jueza-presiona-gobierno-trump-planes-abrego-garcia-trax\/"},"thumbnailUrl":"","image":{"@type":"ImageObject","url":""},"articleSection":"Noticias Nacionales","author":[],"creator":[],"publisher":{"@type":"Organization","name":"Noticias","logo":""},"keywords":[],"dateCreated":"2025-12-22T22:03:39Z","datePublished":"2025-12-22T22:03:39Z","dateModified":"2025-12-22T22:03:39Z"},"rendered":"<script type=\"application\/ld+json\" class=\"wp-parsely-metadata\">{\"@context\":\"https:\\\/\\\/schema.org\",\"@type\":\"NewsArticle\",\"headline\":\"Jueza federal presiona al Gobierno de Trump sobre sus planes para Kilmar \\u00c1brego Garc\\u00eda\",\"url\":\"http:\\\/\\\/noticiasya.com\\\/midland-odessa\\\/2025\\\/12\\\/22\\\/jueza-presiona-gobierno-trump-planes-abrego-garcia-trax\\\/\",\"mainEntityOfPage\":{\"@type\":\"WebPage\",\"@id\":\"http:\\\/\\\/noticiasya.com\\\/midland-odessa\\\/2025\\\/12\\\/22\\\/jueza-presiona-gobierno-trump-planes-abrego-garcia-trax\\\/\"},\"thumbnailUrl\":\"\",\"image\":{\"@type\":\"ImageObject\",\"url\":\"\"},\"articleSection\":\"Noticias Nacionales\",\"author\":[],\"creator\":[],\"publisher\":{\"@type\":\"Organization\",\"name\":\"Noticias\",\"logo\":\"\"},\"keywords\":[],\"dateCreated\":\"2025-12-22T22:03:39Z\",\"datePublished\":\"2025-12-22T22:03:39Z\",\"dateModified\":\"2025-12-22T22:03:39Z\"}<\/script>","tracker_url":"https:\/\/cdn.parsely.com\/keys\/noticiasya.com\/p.js"},"jetpack_featured_media_url":"","jetpack-related-posts":[{"id":1465906,"url":"https:\/\/noticiasya.com\/midland-odessa\/2025\/08\/27\/kilmar-abrego-garcia-deportado-octubre-trax\/","url_meta":{"origin":1469499,"position":0},"title":"Kilmar \u00c1brego Garc\u00eda no podr\u00e1 ser deportado al menos hasta principios de octubre, dictamina una jueza","author":"","date":"agosto 27, 2025","format":false,"excerpt":"Una jueza federal planea que funcionarios del Gobierno de Trump testifiquen a principios de octubre sobre el intento del Gobierno de volver a deportar a Kilmar \u00c1brego Garc\u00eda y prohibi\u00f3 su expulsi\u00f3n de Estados Unidos durante varias semanas m\u00e1s.La jueza de distrito de EE.UU. Paula Xinis fij\u00f3 este mi\u00e9rcoles una\u2026","rel":"","context":"In &quot;Noticias Nacionales&quot;","block_context":{"text":"Noticias Nacionales","link":"https:\/\/noticiasya.com\/midland-odessa\/categoria\/noticias-nacionales"},"img":{"alt_text":"","src":"","width":0,"height":0},"classes":[]},{"id":1461090,"url":"https:\/\/noticiasya.com\/midland-odessa\/2025\/04\/11\/kilmar-abrego-deportado-por-error-gobierno-no-revelo-donde-esta-que-sigue-trax\/","url_meta":{"origin":1469499,"position":1},"title":"Kilmar \u00c1brego fue deportado por error, pero el Gobierno de Trump no revel\u00f3 d\u00f3nde est\u00e1. \u00bfQu\u00e9 sigue ahora?","author":"","date":"abril 11, 2025","format":false,"excerpt":"Menos de un d\u00eda despu\u00e9s de que la Corte Suprema dijera que el Gobierno de Trump ten\u00eda que \u201cfacilitar\u201d el regreso de un hombre deportado por error a El Salvador, el caso parec\u00eda dirigirse a aguas a\u00fan m\u00e1s turbias.Durante una tensa audiencia ante la jueza de distrito de EE.UU. Paula\u2026","rel":"","context":"In &quot;Noticias Nacionales&quot;","block_context":{"text":"Noticias Nacionales","link":"https:\/\/noticiasya.com\/midland-odessa\/categoria\/noticias-nacionales"},"img":{"alt_text":"","src":"","width":0,"height":0},"classes":[]},{"id":1463986,"url":"https:\/\/noticiasya.com\/midland-odessa\/2025\/06\/26\/gobierno-trump-deportar-abrego-garcia-trax\/","url_meta":{"origin":1469499,"position":2},"title":"El Gobierno de Trump planea eventualmente deportar a \u00c1brego Garc\u00eda a un pa\u00eds distinto de El Salvador","author":"","date":"junio 26, 2025","format":false,"excerpt":"El Gobierno de Trump planea deportar a Kilmar \u00c1brego Garc\u00eda a un \u201ctercer pa\u00eds\u201d, es decir, no a El Salvador, de donde es originario y adonde fue enviado por error a principios de este a\u00f1o.Un abogado del Departamento de Justicia (DOJ, por sus siglas en ingl\u00e9s) dijo este jueves que\u2026","rel":"","context":"In &quot;Noticias Nacionales&quot;","block_context":{"text":"Noticias Nacionales","link":"https:\/\/noticiasya.com\/midland-odessa\/categoria\/noticias-nacionales"},"img":{"alt_text":"","src":"","width":0,"height":0},"classes":[]},{"id":1469209,"url":"https:\/\/noticiasya.com\/midland-odessa\/2025\/12\/12\/jueza-impide-nueva-detencion-kilmar-abrego-trax\/","url_meta":{"origin":1469499,"position":3},"title":"Jueza federal impide temporalmente que el Gobierno de Trump vuelva a detener a Kilmar \u00c1brego Garc\u00eda","author":"","date":"diciembre 12, 2025","format":false,"excerpt":"Una jueza federal impid\u00f3 temporalmente que la administraci\u00f3n Trump vuelva a detener a Kilmar \u00c1brego Garc\u00eda, horas despu\u00e9s de que ordenara su liberaci\u00f3n de un centro de detenci\u00f3n de inmigrantes.La orden de restricci\u00f3n temporal, emitida la madrugada de este viernes por la jueza federal de distrito Paula Xinis, supone el\u2026","rel":"","context":"In &quot;Noticias Nacionales&quot;","block_context":{"text":"Noticias Nacionales","link":"https:\/\/noticiasya.com\/midland-odessa\/categoria\/noticias-nacionales"},"img":{"alt_text":"","src":"","width":0,"height":0},"classes":[]},{"id":1460842,"url":"https:\/\/noticiasya.com\/midland-odessa\/2025\/04\/04\/jueza-revertir-deportacion-error-el-salvador-trax\/","url_meta":{"origin":1469499,"position":4},"title":"Jueza ordena al Gobierno de EE.UU. regresar al hombre deportado por error a El Salvador antes del martes","author":"","date":"abril 4, 2025","format":false,"excerpt":"La jueza Paula Xinis, del Tribunal de Distrito de EE.UU. de Maryland, orden\u00f3 al Gobierno federal repatriar a Estados Unidos a Kilmar \u00c1brego Garc\u00eda, ciudadano salvadore\u00f1o, a m\u00e1s tardar a las 23:59 del 7 de abril.El Gobierno de Trump admiti\u00f3 en un documento judicial el lunes que deport\u00f3 equivocadamente al\u2026","rel":"","context":"In &quot;Noticias Nacionales&quot;","block_context":{"text":"Noticias Nacionales","link":"https:\/\/noticiasya.com\/midland-odessa\/categoria\/noticias-nacionales"},"img":{"alt_text":"","src":"","width":0,"height":0},"classes":[]},{"id":1461556,"url":"https:\/\/noticiasya.com\/midland-odessa\/2025\/04\/23\/jueza-pausa-proceso-investigacion-caso-abrego-garcia-trax\/","url_meta":{"origin":1469499,"position":5},"title":"Jueza pausa el proceso acelerado de investigaci\u00f3n de hechos en el caso de \u00c1brego Garc\u00eda","author":"","date":"abril 23, 2025","format":false,"excerpt":"La jueza que supervisa el caso de Kilmar \u00c1brego Garc\u00eda ha pausado el proceso expedito de investigaci\u00f3n de hechos que se estaba llevando a cabo para determinar qu\u00e9 ha estado haciendo el Gobierno de Trump para \u201cfacilitar\u201d su regreso desde El Salvador despu\u00e9s de que fue deportado por error.En una\u2026","rel":"","context":"In &quot;Noticias Nacionales&quot;","block_context":{"text":"Noticias Nacionales","link":"https:\/\/noticiasya.com\/midland-odessa\/categoria\/noticias-nacionales"},"img":{"alt_text":"","src":"","width":0,"height":0},"classes":[]}],"jetpack_sharing_enabled":true,"_links":{"self":[{"href":"https:\/\/noticiasya.com\/midland-odessa\/wp-json\/wp\/v2\/posts\/1469499","targetHints":{"allow":["GET"]}}],"collection":[{"href":"https:\/\/noticiasya.com\/midland-odessa\/wp-json\/wp\/v2\/posts"}],"about":[{"href":"https:\/\/noticiasya.com\/midland-odessa\/wp-json\/wp\/v2\/types\/post"}],"replies":[{"embeddable":true,"href":"https:\/\/noticiasya.com\/midland-odessa\/wp-json\/wp\/v2\/comments?post=1469499"}],"version-history":[{"count":0,"href":"https:\/\/noticiasya.com\/midland-odessa\/wp-json\/wp\/v2\/posts\/1469499\/revisions"}],"wp:attachment":[{"href":"https:\/\/noticiasya.com\/midland-odessa\/wp-json\/wp\/v2\/media?parent=1469499"}],"wp:term":[{"taxonomy":"category","embeddable":true,"href":"https:\/\/noticiasya.com\/midland-odessa\/wp-json\/wp\/v2\/categories?post=1469499"},{"taxonomy":"post_tag","embeddable":true,"href":"https:\/\/noticiasya.com\/midland-odessa\/wp-json\/wp\/v2\/tags?post=1469499"}],"curies":[{"name":"wp","href":"https:\/\/api.w.org\/{rel}","templated":true}]}}