{"id":1469502,"date":"2025-12-22T16:03:37","date_gmt":"2025-12-23T00:03:37","guid":{"rendered":"https:\/\/noticiasya.com\/2025\/12\/22\/rafael-grossi-onu-entrevista-orix\/"},"modified":"2025-12-22T16:03:37","modified_gmt":"2025-12-23T00:03:37","slug":"rafael-grossi-onu-entrevista-orix","status":"publish","type":"post","link":"https:\/\/noticiasya.com\/midland-odessa\/2025\/12\/22\/rafael-grossi-onu-entrevista-orix\/","title":{"rendered":"&#171;La ONU olvid\u00f3 su premisa inicial&#187;, dice el argentino Rafael Grossi, quien busca ser su pr\u00f3ximo secretario general"},"content":{"rendered":"<p>El argentino Rafael Grossi, director general de Organismo Internacional de Energ\u00eda At\u00f3mica (OIEA), quiere ser el pr\u00f3ximo secretario general de las Naciones Unidas \u201cporque es muy importante rescatar el papel del organismo en un mundo afectado por fragmentaci\u00f3n, guerras, conflictos y graves peligros\u201d, seg\u00fan dijo este lunes en una entrevista con CNN en Buenos Aires, momentos antes de la presentaci\u00f3n oficial de su postulaci\u00f3n por parte del Gobierno de Argentina.<\/p>\n<p>El diplom\u00e1tico, de 61 a\u00f1os, se define como un \u201cmultilateralista convencido\u201d que ha dedicado su vida a la diplomacia y dirige ahora la agencia de la ONU encargada de velar por la seguridad nuclear y la no proliferaci\u00f3n. \u201cAhora, como director del OIEA, que es una de las instituciones m\u00e1s importantes de la familia de organismos internacionales, hemos estado involucrados en una serie de crisis internacionales con un impacto bastante efectivo y esto me llev\u00f3 a creer que, en este punto, cuando la instituci\u00f3n b\u00e1sica, la instituci\u00f3n madre, se encuentra en una encrucijada, podemos hacer una contribuci\u00f3n. Estoy convencido de que puedo hacerlo\u201d, afirma.<\/p>\n<p>El sucesor del portugu\u00e9s Antonio Guterres se elegir\u00e1 en 2026, para asumir el 1 de enero de 2027. El \u00faltimo latinoamericano al frente de las Naciones Unidas fue el expresidente peruano Javier P\u00e9rez de Cuellar, entre 1982 y 1991, y muchos se\u00f1alan que en la ONU existe la costumbre no escrita de rotar las regiones. Si eso se cumpliera, de Am\u00e9rica Latina deber\u00eda salir la nueva conducci\u00f3n del organismo.<\/p>\n<p>En ese sentido, en la regi\u00f3n Grossi enfrenta al menos dos adversarias, acorde con las voces que reclaman que una mujer conduzca la ONU. La dos veces presidenta de Chile y ex alta comisionada de las Naciones Unidas para los Derechos Humanos Michelle Bachelet y la ex vicepresidenta segunda de Costa Rica y actual directora de la Agencia para el Comercio y el Desarrollo Rebeca Grynspan fueron propuesta para el cargo<\/p>\n<p><strong>-Hay muchos que creen que ya es momento de que una mujer lidere la ONU. \u00bfCree que esto podr\u00eda afectar su candidatura?<\/strong><\/p>\n<p>-Hay quienes creen eso. Mi impresi\u00f3n es que, cuando se trata de una elecci\u00f3n para un cargo, ya sea a nivel internacional o nacional, todo pasa por seleccionar a la persona adecuada para el puesto. Puede ser un hombre, puede ser una mujer tambi\u00e9n. En este caso, tenemos candidatas mujeres distinguidas, por lo que creo que este principio de igualdad entre hombres y mujeres, que al final del d\u00eda es lo que importa, estar\u00e1 muy bien contemplado. Pero la idea de que tenemos que elegir a una mujer, no importa qui\u00e9n, no me parece que est\u00e9 tomando este proceso con la seriedad que merece. Puede ser una mujer. Puede ser un hombre. Vayamos por la mejor persona que pueda cumplir este rol crucial para la paz y la seguridad internacionales.<\/p>\n<p><strong>-\u00bfC\u00f3mo puede la ONU recuperar credibilidad despu\u00e9s de todas las cr\u00edticas recibidas por parte de algunos Estados miembros, como Estados Unidos e Israel? \u00bfEstas cr\u00edticas est\u00e1n justificadas?<\/strong><\/p>\n<p>-No s\u00e9 si est\u00e1n justificadas o no, pero existen y est\u00e1n ah\u00ed. Son de Estados Unidos e Israel, como usted mencion\u00f3, y hay otros que se lo est\u00e1n cuestionando. Incluso ir\u00eda un poco m\u00e1s all\u00e1 y le preguntar\u00eda a usted: si le pregunta a su entorno, a sus amigos, a sus seres queridos, \u00bfqu\u00e9 piensan de la ONU? No creo que vaya a recibir una respuesta especialmente elogiosa. Probablemente la gente diga: bueno, es una buena idea, pero en realidad no est\u00e1 funcionando muy bien. Entonces creo que, especialmente cuando vemos a las naciones m\u00e1s influyentes del mundo diciendo que esto no est\u00e1 funcionando bien, tenemos que detenernos y escuchar, independientemente de que estemos o no de acuerdo.<\/p>\n<p>Yo creo que la ONU, de alguna manera, olvid\u00f3 la premisa inicial sobre la cual fue creada: velar por la paz y la seguridad internacionales. Hay otras \u00e1reas muy importantes \u2014el trabajo humanitario, el desarrollo\u2014 todo eso es importante, pero esta tarea central de evitar que la gente se enfrente, de tratar de prevenir y, si es posible, resolver guerras, ya no est\u00e1 presente.<\/p>\n<p>Cuando uno mira los conflictos actuales en el mundo \u2014en \u00c1frica, en Europa o en cualquier otro lugar\u2014 ve una cosa: la ONU no aparece. Y creo que no tiene por qu\u00e9 ser as\u00ed.<\/p>\n<p>Esta idea de que la ONU puede hacer un trabajo importante en estos \u00e1mbitos es lo que importa en este momento. Son lo que antes se llamaba los \u201csignos de los tiempos\u201d. Son tiempos de fragmentaci\u00f3n, de conflicto, de una agenda internacional muy dura. Y es un momento en el que la ONU debe responder a esto o quedar condenada, o resignarse, a una creciente sensaci\u00f3n de irrelevancia.<\/p>\n<p><strong>-Hablando de estos tiempos para la ONU, \u00bfcu\u00e1les son los desaf\u00edos de tratar con un presidente como Donald Trump?<\/strong><\/p>\n<p>-Donald Trump es el presidente democr\u00e1ticamente electo de los Estados Unidos, un pa\u00eds clave para la arquitectura de la seguridad internacional. Debo decir que he tratado con la primera administraci\u00f3n del presidente Trump, como director del OIEA, en una serie de temas muy importantes y dif\u00edciles como el programa nuclear de la Rep\u00fablica Isl\u00e1mica de Ir\u00e1n, Siria, Corea del Norte o ahora la guerra. Y siempre encontr\u00e9 cooperaci\u00f3n y un di\u00e1logo excelente.<\/p>\n<p>No siento que haya un problema particular all\u00ed. Por supuesto, existe esta cr\u00edtica muy clara desde la Casa Blanca hacia la ONU y hacia la forma en que est\u00e1 funcionando actualmente.<\/p>\n<p>D\u00e9jeme decirle que, en mis conversaciones en Washington \u2014y soy un visitante frecuente por los temas que tratamos\u2014 el secretario Rubio u otros funcionarios nunca me dijeron que haya que terminar con la ONU o abandonarla. Siempre me dijeron: esta no es la ONU que nos gustar\u00eda ver.<\/p>\n<p>Y siendo Estados Unidos el principal pa\u00eds contribuyente en t\u00e9rminos de presupuesto de la ONU, creo que es totalmente leg\u00edtimo que quieran ver resultados en funci\u00f3n de su inversi\u00f3n, pol\u00edtica y de otro tipo. Bueno, veamos c\u00f3mo lo hacemos juntos.<\/p>\n<p><strong>-Hablando de Donald Trump, \u00bfc\u00f3mo eval\u00faa la postura de Estados Unidos frente a Nicol\u00e1s Maduro y Venezuela?<\/strong><\/p>\n<p>-Creo que es un caso en el que la ONU podr\u00eda estar haciendo una contribuci\u00f3n. Es un tema muy complejo y en este momento no estoy a cargo. Ant\u00f3nio Guterres es actualmente nuestro secretario general y lo apoyamos plenamente. Pero no vemos a la ONU involucrada en este tema. Personalmente, creo que es un asunto en el que se puede encontrar una soluci\u00f3n duradera, estable y a largo plazo.<\/p>\n<p><strong>-\u00bfCu\u00e1l puede ser el rol de la ONU en la guerra de Ucrania considerando que el agresor, Rusia, tiene poder de veto en el Consejo de Seguridad?<\/strong><\/p>\n<p>-Bueno, esta es una pregunta que no solo se aplica a Ucrania, sino potencialmente a cualquier otro conflicto, pero tiene raz\u00f3n. Y por eso creo que, desde mi rol en la OIEA algo he demostrado en el cap\u00edtulo nuclear de la guerra entre Ucrania y Rusia. En este momento, el OIEA es la \u00fanica organizaci\u00f3n internacional presente con un despliegue permanente en la central nuclear de Zaporiyia. Estoy en di\u00e1logo constante \u2014me han visto con el presidente Putin, con el presidente Zelenski, con nuestros socios europeos, con China, con todos los que tienen un inter\u00e9s directo o indirecto en el conflicto. No veo por qu\u00e9 la ONU no podr\u00eda desempe\u00f1ar un rol similar. En este momento hay una negociaci\u00f3n importante y prometedora. Incluso este fin de semana vimos una sesi\u00f3n muy relevante en Florida, liderada por el enviado especial (de Estados Unidos Steve) Witkoff, y semanas atr\u00e1s una delegaci\u00f3n ucraniana importante con Rusia. Creo que, especialmente en la fase posterior al conflicto, la ONU podr\u00eda desempe\u00f1ar un papel muy importante, aunque esto depende, por supuesto, de los propios negociadores.<\/p>\n<p><strong>-Hablemos de Zaporiyia y Chern\u00f3bil. \u00bfCu\u00e1l es la situaci\u00f3n actual en ambas plantas?-<\/strong><\/p>\n<p>-En el caso de Zaporiyia, est\u00e1 en medio de la guerra. Yo mismo lo he vivido: estuve 13 veces en Ucrania y cruc\u00e9 seis veces la l\u00ednea del frente para llegar a Zaporiyia. Es una instalaci\u00f3n que est\u00e1 literalmente en la l\u00ednea de combate. Ha habido bombardeos directos, incursiones de drones, cortes de energ\u00eda. Recientemente, logramos negociar y alcanzar un cese del fuego entre Rusia y Ucrania para facilitar reparaciones cruciales en campo abierto, que expon\u00edan a los operadores t\u00e9cnicos al fuego enemigo. Si se extrapola esto a una negociaci\u00f3n m\u00e1s amplia, creo que se puede hacer mucho m\u00e1s.<\/p>\n<p>En cuanto a Chern\u00f3bil, fue ocupada al inicio del conflicto en febrero de 2022 y luego las tropas rusas se retiraron. OIEA ingres\u00f3 y ahora tenemos equipos all\u00ed y en toda Ucrania. Recientemente emitimos un informe tras una incursi\u00f3n de drones que comprometi\u00f3 el aislamiento del gran sarc\u00f3fago que cubre el reactor. No significa que haya liberaci\u00f3n de radiaci\u00f3n, pero s\u00ed requiere una reparaci\u00f3n muy importante. Ya estoy en conversaciones con el gobierno ucraniano y vamos a brindar apoyo t\u00e9cnico a un trabajo que llevar\u00e1 varios meses y ser\u00e1 costoso.<\/p>\n<p><strong>-\u00bfC\u00f3mo est\u00e1 el programa iran\u00ed tras los ataques de Estados Unidos? \u00bfPuede Ir\u00e1n convertirse en una amenaza nuclear?<\/strong><\/p>\n<p>-Desde hace tiempo existe preocupaci\u00f3n por Ir\u00e1n. Siempre hemos dicho que no tenemos informaci\u00f3n que indique que Ir\u00e1n tenga un programa activo de armas nucleares. S\u00ed tiene un programa nuclear con zonas grises. Han acumulado uranio enriquecido al 60%, sin una justificaci\u00f3n clara, cuando para una bomba se necesita un 90%. Eso genera dudas. Pero no estamos a favor del uso de la fuerza. Tras los ataques, Ir\u00e1n adopt\u00f3 una actitud m\u00e1s reticente hacia nuestras inspecciones. Hemos retomado gradualmente las inspecciones, pero a\u00fan no tenemos acceso a instalaciones clave como Natanz, Fordow e Isfah\u00e1n. Y esto genera especulaci\u00f3n. Yo estoy activamente involucrado, en contacto constante con el canciller iran\u00ed Abbas Araghchi, tratando de facilitar el di\u00e1logo. Esta es la \u00fanica manera de evitar una repetici\u00f3n del uso de la fuerza.<\/p>\n<p><strong>-Israel no est\u00e1 obligado a informar sobre sus asuntos nucleares, pero \u00bfCree que deber\u00eda poder saberse qu\u00e9 est\u00e1 haciendo en este tema?<\/strong><\/p>\n<p>-Por principio, s\u00ed. Siempre hemos abogado para que Israel y cualquier otro pa\u00eds que no lo haya hecho se adhieran al Tratado de No Proliferaci\u00f3n Nuclear. Sabemos que no es la pol\u00edtica actual de Israel, pero creemos que ese deber\u00eda ser el curso natural de los acontecimientos cuando la situaci\u00f3n en Medio Oriente se estabilice.<\/p>\n<p><strong>-Por \u00faltimo, \u00bfle preocupan las amenazas que ha recibido por parte de Ir\u00e1n? \u00bfC\u00f3mo lidia con eso?<\/strong><\/p>\n<p>-Es algo muy injusto y lamentable. No es c\u00f3modo ni para m\u00ed ni para mi familia. Lo veo como parte de mi misi\u00f3n y de mi trabajo. Algunas personas han optado por recurrir a amenazas, pero eso no nos va a detener en el cumplimiento de nuestro deber.<\/p>\n<p>The-CNN-Wire<br \/>&trade; &amp; &copy; 2025 Cable News Network, Inc., a Warner Bros. Discovery Company. All rights reserved.<\/p>\n","protected":false},"excerpt":{"rendered":"<p>El argentino Rafael Grossi, director general de Organismo Internacional de Energ\u00eda At\u00f3mica (OIEA), quiere ser el pr\u00f3ximo secretario general de las Naciones Unidas \u201cporque es muy importante rescatar el papel del organismo en un mundo afectado por fragmentaci\u00f3n, guerras, conflictos y graves peligros\u201d, seg\u00fan dijo este lunes en una entrevista con CNN en Buenos Aires, [&hellip;]<\/p>\n","protected":false},"author":0,"featured_media":0,"comment_status":"open","ping_status":"open","sticky":false,"template":"","format":"standard","meta":{"_jetpack_memberships_contains_paid_content":false,"footnotes":""},"categories":[10],"tags":[],"class_list":["post-1469502","post","type-post","status-publish","format-standard","hentry","category-noticias-nacionales","market-global"],"yoast_head":"<!-- This site is optimized with the Yoast SEO plugin v24.4 - https:\/\/yoast.com\/wordpress\/plugins\/seo\/ -->\n<title>&quot;La ONU olvid\u00f3 su premisa inicial&quot;, dice el argentino Rafael Grossi, quien busca ser su pr\u00f3ximo secretario general - Noticias<\/title>\n<meta name=\"robots\" content=\"index, follow, max-snippet:-1, max-image-preview:large, max-video-preview:-1\" \/>\n<link rel=\"canonical\" href=\"https:\/\/noticiasya.com\/2025\/12\/22\/rafael-grossi-onu-entrevista-orix\/\" \/>\n<meta property=\"og:locale\" content=\"es_ES\" \/>\n<meta property=\"og:type\" content=\"article\" \/>\n<meta property=\"og:title\" content=\"&quot;La ONU olvid\u00f3 su premisa inicial&quot;, dice el argentino Rafael Grossi, quien busca ser su pr\u00f3ximo secretario general - Noticias\" \/>\n<meta property=\"og:description\" content=\"El argentino Rafael Grossi, director general de Organismo Internacional de Energ\u00eda At\u00f3mica (OIEA), quiere ser el pr\u00f3ximo secretario general de las Naciones Unidas \u201cporque es muy importante rescatar el papel del organismo en un mundo afectado por fragmentaci\u00f3n, guerras, conflictos y graves peligros\u201d, seg\u00fan dijo este lunes en una entrevista con CNN en Buenos Aires, [&hellip;]\" \/>\n<meta property=\"og:url\" content=\"https:\/\/noticiasya.com\/2025\/12\/22\/rafael-grossi-onu-entrevista-orix\/\" \/>\n<meta property=\"og:site_name\" content=\"Noticias\" \/>\n<meta property=\"article:published_time\" content=\"2025-12-23T00:03:37+00:00\" \/>\n<meta name=\"twitter:card\" content=\"summary_large_image\" \/>\n<meta name=\"twitter:label1\" content=\"Est. reading time\" \/>\n\t<meta name=\"twitter:data1\" content=\"10 minutos\" \/>\n<script type=\"application\/ld+json\" class=\"yoast-schema-graph\">{\"@context\":\"https:\/\/schema.org\",\"@graph\":[{\"@type\":\"Article\",\"@id\":\"https:\/\/noticiasya.com\/2025\/12\/22\/rafael-grossi-onu-entrevista-orix\/#article\",\"isPartOf\":{\"@id\":\"https:\/\/noticiasya.com\/2025\/12\/22\/rafael-grossi-onu-entrevista-orix\/\"},\"author\":{\"name\":\"\",\"@id\":\"\"},\"headline\":\"&#171;La ONU olvid\u00f3 su premisa inicial&#187;, dice el argentino Rafael Grossi, quien busca ser su pr\u00f3ximo secretario general\",\"datePublished\":\"2025-12-23T00:03:37+00:00\",\"mainEntityOfPage\":{\"@id\":\"https:\/\/noticiasya.com\/2025\/12\/22\/rafael-grossi-onu-entrevista-orix\/\"},\"wordCount\":1927,\"commentCount\":0,\"publisher\":{\"@id\":\"https:\/\/noticiasya.com\/#organization\"},\"articleSection\":[\"Noticias Nacionales\"],\"inLanguage\":\"es\",\"potentialAction\":[{\"@type\":\"CommentAction\",\"name\":\"Comment\",\"target\":[\"https:\/\/noticiasya.com\/2025\/12\/22\/rafael-grossi-onu-entrevista-orix\/#respond\"]}]},{\"@type\":\"WebPage\",\"@id\":\"https:\/\/noticiasya.com\/2025\/12\/22\/rafael-grossi-onu-entrevista-orix\/\",\"url\":\"https:\/\/noticiasya.com\/2025\/12\/22\/rafael-grossi-onu-entrevista-orix\/\",\"name\":\"\\\"La ONU olvid\u00f3 su premisa inicial\\\", dice el argentino Rafael Grossi, quien busca ser su pr\u00f3ximo secretario general - Noticias\",\"isPartOf\":{\"@id\":\"https:\/\/noticiasya.com\/#website\"},\"datePublished\":\"2025-12-23T00:03:37+00:00\",\"breadcrumb\":{\"@id\":\"https:\/\/noticiasya.com\/2025\/12\/22\/rafael-grossi-onu-entrevista-orix\/#breadcrumb\"},\"inLanguage\":\"es\",\"potentialAction\":[{\"@type\":\"ReadAction\",\"target\":[\"https:\/\/noticiasya.com\/2025\/12\/22\/rafael-grossi-onu-entrevista-orix\/\"]}]},{\"@type\":\"BreadcrumbList\",\"@id\":\"https:\/\/noticiasya.com\/2025\/12\/22\/rafael-grossi-onu-entrevista-orix\/#breadcrumb\",\"itemListElement\":[{\"@type\":\"ListItem\",\"position\":1,\"name\":\"Home\",\"item\":\"https:\/\/noticiasya.com\/\"},{\"@type\":\"ListItem\",\"position\":2,\"name\":\"&#171;La ONU olvid\u00f3 su premisa inicial&#187;, dice el argentino Rafael Grossi, quien busca ser su pr\u00f3ximo secretario general\"}]},{\"@type\":\"WebSite\",\"@id\":\"https:\/\/noticiasya.com\/#website\",\"url\":\"https:\/\/noticiasya.com\/\",\"name\":\"Noticias\",\"description\":\"Lo que importa\",\"publisher\":{\"@id\":\"https:\/\/noticiasya.com\/#organization\"},\"potentialAction\":[{\"@type\":\"SearchAction\",\"target\":{\"@type\":\"EntryPoint\",\"urlTemplate\":\"https:\/\/noticiasya.com\/?s={search_term_string}\"},\"query-input\":{\"@type\":\"PropertyValueSpecification\",\"valueRequired\":true,\"valueName\":\"search_term_string\"}}],\"inLanguage\":\"es\"},{\"@type\":\"Organization\",\"@id\":\"https:\/\/noticiasya.com\/#organization\",\"name\":\"Noticias\",\"url\":\"https:\/\/noticiasya.com\/\",\"logo\":{\"@type\":\"ImageObject\",\"inLanguage\":\"es\",\"@id\":\"https:\/\/noticiasya.com\/#\/schema\/logo\/image\/\",\"url\":\"https:\/\/noticiasya.com\/wp-content\/uploads\/sites\/22\/2023\/12\/logo-nacional.png\",\"contentUrl\":\"https:\/\/noticiasya.com\/wp-content\/uploads\/sites\/22\/2023\/12\/logo-nacional.png\",\"width\":1801,\"height\":691,\"caption\":\"Noticias\"},\"image\":{\"@id\":\"https:\/\/noticiasya.com\/#\/schema\/logo\/image\/\"}}]}<\/script>\n<!-- \/ Yoast SEO plugin. -->","yoast_head_json":{"title":"\"La ONU olvid\u00f3 su premisa inicial\", dice el argentino Rafael Grossi, quien busca ser su pr\u00f3ximo secretario general - Noticias","robots":{"index":"index","follow":"follow","max-snippet":"max-snippet:-1","max-image-preview":"max-image-preview:large","max-video-preview":"max-video-preview:-1"},"canonical":"https:\/\/noticiasya.com\/2025\/12\/22\/rafael-grossi-onu-entrevista-orix\/","og_locale":"es_ES","og_type":"article","og_title":"\"La ONU olvid\u00f3 su premisa inicial\", dice el argentino Rafael Grossi, quien busca ser su pr\u00f3ximo secretario general - Noticias","og_description":"El argentino Rafael Grossi, director general de Organismo Internacional de Energ\u00eda At\u00f3mica (OIEA), quiere ser el pr\u00f3ximo secretario general de las Naciones Unidas \u201cporque es muy importante rescatar el papel del organismo en un mundo afectado por fragmentaci\u00f3n, guerras, conflictos y graves peligros\u201d, seg\u00fan dijo este lunes en una entrevista con CNN en Buenos Aires, [&hellip;]","og_url":"https:\/\/noticiasya.com\/2025\/12\/22\/rafael-grossi-onu-entrevista-orix\/","og_site_name":"Noticias","article_published_time":"2025-12-23T00:03:37+00:00","twitter_card":"summary_large_image","twitter_misc":{"Est. reading time":"10 minutos"},"schema":{"@context":"https:\/\/schema.org","@graph":[{"@type":"Article","@id":"https:\/\/noticiasya.com\/2025\/12\/22\/rafael-grossi-onu-entrevista-orix\/#article","isPartOf":{"@id":"https:\/\/noticiasya.com\/2025\/12\/22\/rafael-grossi-onu-entrevista-orix\/"},"author":{"name":"","@id":""},"headline":"&#171;La ONU olvid\u00f3 su premisa inicial&#187;, dice el argentino Rafael Grossi, quien busca ser su pr\u00f3ximo secretario general","datePublished":"2025-12-23T00:03:37+00:00","mainEntityOfPage":{"@id":"https:\/\/noticiasya.com\/2025\/12\/22\/rafael-grossi-onu-entrevista-orix\/"},"wordCount":1927,"commentCount":0,"publisher":{"@id":"https:\/\/noticiasya.com\/#organization"},"articleSection":["Noticias Nacionales"],"inLanguage":"es","potentialAction":[{"@type":"CommentAction","name":"Comment","target":["https:\/\/noticiasya.com\/2025\/12\/22\/rafael-grossi-onu-entrevista-orix\/#respond"]}]},{"@type":"WebPage","@id":"https:\/\/noticiasya.com\/2025\/12\/22\/rafael-grossi-onu-entrevista-orix\/","url":"https:\/\/noticiasya.com\/2025\/12\/22\/rafael-grossi-onu-entrevista-orix\/","name":"\"La ONU olvid\u00f3 su premisa inicial\", dice el argentino Rafael Grossi, quien busca ser su pr\u00f3ximo secretario general - Noticias","isPartOf":{"@id":"https:\/\/noticiasya.com\/#website"},"datePublished":"2025-12-23T00:03:37+00:00","breadcrumb":{"@id":"https:\/\/noticiasya.com\/2025\/12\/22\/rafael-grossi-onu-entrevista-orix\/#breadcrumb"},"inLanguage":"es","potentialAction":[{"@type":"ReadAction","target":["https:\/\/noticiasya.com\/2025\/12\/22\/rafael-grossi-onu-entrevista-orix\/"]}]},{"@type":"BreadcrumbList","@id":"https:\/\/noticiasya.com\/2025\/12\/22\/rafael-grossi-onu-entrevista-orix\/#breadcrumb","itemListElement":[{"@type":"ListItem","position":1,"name":"Home","item":"https:\/\/noticiasya.com\/"},{"@type":"ListItem","position":2,"name":"&#171;La ONU olvid\u00f3 su premisa inicial&#187;, dice el argentino Rafael Grossi, quien busca ser su pr\u00f3ximo secretario general"}]},{"@type":"WebSite","@id":"https:\/\/noticiasya.com\/#website","url":"https:\/\/noticiasya.com\/","name":"Noticias","description":"Lo que importa","publisher":{"@id":"https:\/\/noticiasya.com\/#organization"},"potentialAction":[{"@type":"SearchAction","target":{"@type":"EntryPoint","urlTemplate":"https:\/\/noticiasya.com\/?s={search_term_string}"},"query-input":{"@type":"PropertyValueSpecification","valueRequired":true,"valueName":"search_term_string"}}],"inLanguage":"es"},{"@type":"Organization","@id":"https:\/\/noticiasya.com\/#organization","name":"Noticias","url":"https:\/\/noticiasya.com\/","logo":{"@type":"ImageObject","inLanguage":"es","@id":"https:\/\/noticiasya.com\/#\/schema\/logo\/image\/","url":"https:\/\/noticiasya.com\/wp-content\/uploads\/sites\/22\/2023\/12\/logo-nacional.png","contentUrl":"https:\/\/noticiasya.com\/wp-content\/uploads\/sites\/22\/2023\/12\/logo-nacional.png","width":1801,"height":691,"caption":"Noticias"},"image":{"@id":"https:\/\/noticiasya.com\/#\/schema\/logo\/image\/"}}]}},"parsely":{"version":"1.1.0","canonical_url":"https:\/\/noticiasya.com\/midland-odessa\/2025\/12\/22\/rafael-grossi-onu-entrevista-orix\/","smart_links":{"inbound":0,"outbound":0},"traffic_boost_suggestions_count":0,"meta":{"@context":"https:\/\/schema.org","@type":"NewsArticle","headline":"&#171;La ONU olvid\u00f3 su premisa inicial&#187;, dice el argentino Rafael Grossi, quien busca ser su pr\u00f3ximo secretario general","url":"http:\/\/noticiasya.com\/midland-odessa\/2025\/12\/22\/rafael-grossi-onu-entrevista-orix\/","mainEntityOfPage":{"@type":"WebPage","@id":"http:\/\/noticiasya.com\/midland-odessa\/2025\/12\/22\/rafael-grossi-onu-entrevista-orix\/"},"thumbnailUrl":"","image":{"@type":"ImageObject","url":""},"articleSection":"Noticias Nacionales","author":[],"creator":[],"publisher":{"@type":"Organization","name":"Noticias","logo":""},"keywords":[],"dateCreated":"2025-12-23T00:03:37Z","datePublished":"2025-12-23T00:03:37Z","dateModified":"2025-12-23T00:03:37Z"},"rendered":"<script type=\"application\/ld+json\" class=\"wp-parsely-metadata\">{\"@context\":\"https:\\\/\\\/schema.org\",\"@type\":\"NewsArticle\",\"headline\":\"&#171;La ONU olvid\\u00f3 su premisa inicial&#187;, dice el argentino Rafael Grossi, quien busca ser su pr\\u00f3ximo secretario general\",\"url\":\"http:\\\/\\\/noticiasya.com\\\/midland-odessa\\\/2025\\\/12\\\/22\\\/rafael-grossi-onu-entrevista-orix\\\/\",\"mainEntityOfPage\":{\"@type\":\"WebPage\",\"@id\":\"http:\\\/\\\/noticiasya.com\\\/midland-odessa\\\/2025\\\/12\\\/22\\\/rafael-grossi-onu-entrevista-orix\\\/\"},\"thumbnailUrl\":\"\",\"image\":{\"@type\":\"ImageObject\",\"url\":\"\"},\"articleSection\":\"Noticias Nacionales\",\"author\":[],\"creator\":[],\"publisher\":{\"@type\":\"Organization\",\"name\":\"Noticias\",\"logo\":\"\"},\"keywords\":[],\"dateCreated\":\"2025-12-23T00:03:37Z\",\"datePublished\":\"2025-12-23T00:03:37Z\",\"dateModified\":\"2025-12-23T00:03:37Z\"}<\/script>","tracker_url":"https:\/\/cdn.parsely.com\/keys\/noticiasya.com\/p.js"},"jetpack_featured_media_url":"","jetpack-related-posts":[{"id":1456445,"url":"https:\/\/noticiasya.com\/midland-odessa\/2024\/12\/10\/dron-ataca-vehiculo-planta-nuclear-ucrania-trax\/","url_meta":{"origin":1469502,"position":0},"title":"Un dron ataca un veh\u00edculo de la ONU que se dirig\u00eda a inspeccionar una planta nuclear de Ucrania","author":"","date":"diciembre 10, 2024","format":false,"excerpt":"Un veh\u00edculo blindado perteneciente al organismo de control at\u00f3mico de la ONU fue derribado por un dron este martes cuando se dirig\u00eda a inspeccionar una planta de energ\u00eda nuclear de Ucrania. El presidente Volodymyr Zelensky le atribuy\u00f3 el ataque a Rusia.El episodio se produjo cuando el veh\u00edculo viajaba en un\u2026","rel":"","context":"In &quot;Noticias Nacionales&quot;","block_context":{"text":"Noticias Nacionales","link":"https:\/\/noticiasya.com\/midland-odessa\/categoria\/noticias-nacionales"},"img":{"alt_text":"","src":"","width":0,"height":0},"classes":[]},{"id":1465921,"url":"https:\/\/noticiasya.com\/midland-odessa\/2025\/08\/27\/inspectores-nucleares-onu-regresan-iran-conflicto-israel-trax\/","url_meta":{"origin":1469502,"position":1},"title":"Inspectores nucleares de la ONU regresan a Ir\u00e1n por primera vez desde el conflicto con Israel","author":"","date":"agosto 27, 2025","format":false,"excerpt":"Inspectores del organismo nuclear de las Naciones Unidas regresaron a Ir\u00e1n, seg\u00fan confirmaron el jefe de la agencia y funcionarios iran\u00edes, a pesar de la negativa iran\u00ed de cooperar con ese organismo.\u201cEstamos a punto de reiniciar\u2026 hay muchas instalaciones (nucleares), algunas fueron atacadas y otras no. Estamos discutiendo qu\u00e9 tipo\u2026","rel":"","context":"In &quot;Noticias Nacionales&quot;","block_context":{"text":"Noticias Nacionales","link":"https:\/\/noticiasya.com\/midland-odessa\/categoria\/noticias-nacionales"},"img":{"alt_text":"","src":"","width":0,"height":0},"classes":[]},{"id":1469032,"url":"https:\/\/noticiasya.com\/midland-odessa\/2025\/12\/06\/chernobyl-radiacion-proteccion-ataque-rusia-trax\/","url_meta":{"origin":1469502,"position":2},"title":"El escudo protector de Chernobyl ya no contiene la radiaci\u00f3n por un ataque con drones, seg\u00fan el organismo de control de ONU","author":"","date":"diciembre 6, 2025","format":false,"excerpt":"El escudo protector construido alrededor del lugar del desastre nuclear de Chernobyl en Ucrania ya no puede cumplir su funci\u00f3n de contener los residuos radiactivos como consecuencia de un ataque con drones a principios de este a\u00f1o, seg\u00fan el Organismo Internacional de Energ\u00eda At\u00f3mica (OIEA).El Nuevo Confinamiento Seguro (NSC) en\u2026","rel":"","context":"In &quot;Noticias Nacionales&quot;","block_context":{"text":"Noticias Nacionales","link":"https:\/\/noticiasya.com\/midland-odessa\/categoria\/noticias-nacionales"},"img":{"alt_text":"","src":"","width":0,"height":0},"classes":[]},{"id":1463045,"url":"https:\/\/noticiasya.com\/midland-odessa\/2025\/05\/31\/iran-uranio-grado-armamentistico-oiea-ap\/","url_meta":{"origin":1469502,"position":3},"title":"Organismo de control de la ONU dice que Ir\u00e1n ha acumulado m\u00e1s uranio cercano al grado armament\u00edstico","author":"","date":"mayo 31, 2025","format":false,"excerpt":"Ir\u00e1n ha aumentado a\u00fan m\u00e1s sus reservas de uranio enriquecido a niveles cercanos a los necesarios para fabricar armas, seg\u00fan un informe confidencial del organismo de control nuclear de la ONU publicado este s\u00e1bado. El informe insta a Teher\u00e1n a cambiar urgentemente de rumbo y a cooperar con una investigaci\u00f3n\u2026","rel":"","context":"In &quot;Noticias Nacionales&quot;","block_context":{"text":"Noticias Nacionales","link":"https:\/\/noticiasya.com\/midland-odessa\/categoria\/noticias-nacionales"},"img":{"alt_text":"","src":"","width":0,"height":0},"classes":[]},{"id":1464049,"url":"https:\/\/noticiasya.com\/midland-odessa\/2025\/06\/29\/jefe-organismo-vigilancia-nuclear-iran-trax\/","url_meta":{"origin":1469502,"position":4},"title":"Jefe del organismo de vigilancia nuclear de la ONU afirma que Ir\u00e1n podr\u00eda volver a enriquecer uranio en &#171;cuesti\u00f3n de meses&#187;","author":"","date":"junio 29, 2025","format":false,"excerpt":"El jefe del organismo de control nuclear de la ONU dice que los ataques estadounidenses contra Ir\u00e1n no llegaron a causar un da\u00f1o total a su programa nuclear y que Teher\u00e1n podr\u00eda reiniciar el enriquecimiento de uranio \u201cen cuesti\u00f3n de meses\u201d, contradiciendo las afirmaciones del presidente Donald Trump de que\u2026","rel":"","context":"In &quot;Noticias Nacionales&quot;","block_context":{"text":"Noticias Nacionales","link":"https:\/\/noticiasya.com\/midland-odessa\/categoria\/noticias-nacionales"},"img":{"alt_text":"","src":"","width":0,"height":0},"classes":[]},{"id":1465957,"url":"https:\/\/noticiasya.com\/midland-odessa\/2025\/08\/28\/francia-alemania-reino-unido-sanciones-onu-iran-trax\/","url_meta":{"origin":1469502,"position":5},"title":"Francia, Alemania y el Reino Unido inician el proceso para reimponer sanciones de la ONU a Ir\u00e1n por su programa nuclear","author":"","date":"agosto 28, 2025","format":false,"excerpt":"Francia, Alemania y el Reino Unido comenzaron el proceso para reimponer sanciones de la ONU a Ir\u00e1n por su programa nuclear.El desencadenamiento de las llamadas sanciones de \u201crestablecimiento autom\u00e1tico\u201d (snapback), una medida que EE.UU. celebr\u00f3 el jueves, se produce mientras los esfuerzos diplom\u00e1ticos para frenar el creciente programa nuclear de\u2026","rel":"","context":"In &quot;Noticias Nacionales&quot;","block_context":{"text":"Noticias Nacionales","link":"https:\/\/noticiasya.com\/midland-odessa\/categoria\/noticias-nacionales"},"img":{"alt_text":"","src":"","width":0,"height":0},"classes":[]}],"jetpack_sharing_enabled":true,"_links":{"self":[{"href":"https:\/\/noticiasya.com\/midland-odessa\/wp-json\/wp\/v2\/posts\/1469502","targetHints":{"allow":["GET"]}}],"collection":[{"href":"https:\/\/noticiasya.com\/midland-odessa\/wp-json\/wp\/v2\/posts"}],"about":[{"href":"https:\/\/noticiasya.com\/midland-odessa\/wp-json\/wp\/v2\/types\/post"}],"replies":[{"embeddable":true,"href":"https:\/\/noticiasya.com\/midland-odessa\/wp-json\/wp\/v2\/comments?post=1469502"}],"version-history":[{"count":0,"href":"https:\/\/noticiasya.com\/midland-odessa\/wp-json\/wp\/v2\/posts\/1469502\/revisions"}],"wp:attachment":[{"href":"https:\/\/noticiasya.com\/midland-odessa\/wp-json\/wp\/v2\/media?parent=1469502"}],"wp:term":[{"taxonomy":"category","embeddable":true,"href":"https:\/\/noticiasya.com\/midland-odessa\/wp-json\/wp\/v2\/categories?post=1469502"},{"taxonomy":"post_tag","embeddable":true,"href":"https:\/\/noticiasya.com\/midland-odessa\/wp-json\/wp\/v2\/tags?post=1469502"}],"curies":[{"name":"wp","href":"https:\/\/api.w.org\/{rel}","templated":true}]}}