{"id":1469503,"date":"2025-12-22T17:04:02","date_gmt":"2025-12-23T01:04:02","guid":{"rendered":"https:\/\/noticiasya.com\/2025\/12\/22\/muertos-accidente-avion-marina-mexico-texas-trax\/"},"modified":"2025-12-22T17:04:02","modified_gmt":"2025-12-23T01:04:02","slug":"muertos-accidente-avion-marina-mexico-texas-trax","status":"publish","type":"post","link":"https:\/\/noticiasya.com\/midland-odessa\/2025\/12\/22\/muertos-accidente-avion-marina-mexico-texas-trax\/","title":{"rendered":"Al menos 4 muertos tras accidente de avi\u00f3n de la Marina de M\u00e9xico en misi\u00f3n m\u00e9dica en Texas"},"content":{"rendered":"<p>Al menos cuatro personas murieron despu\u00e9s de que un avi\u00f3n de la Marina de M\u00e9xico que transportaba pacientes con quemaduras se estrell\u00f3 en la bah\u00eda de Galveston, Texas, este lunes, informaron funcionarios del sheriff a la<a href=\"https:\/\/www.click2houston.com\/news\/local\/2025\/12\/22\/multiple-agencies-responding-after-small-plane-reportedly-goes-down-in-galveston-bay\/\"> filial de CNN KPRC.<\/a><\/p>\n<p>Ocho personas iban a bordo de la aeronave, incluidos dos pilotos, dijo el sheriff del condado de Galveston, Jimmy Fullen, a la filial.<\/p>\n<p>Al menos un paciente pedi\u00e1trico con quemaduras estaba a bordo, informaron funcionarios del sheriff a la <a href=\"https:\/\/www.khou.com\/article\/news\/local\/galveston-plane-crash\/285-39436fbc-f28c-418c-a63c-9c4941a4db60\">filial de CNN KHOU.<\/a><\/p>\n<p>La Marina de M\u00e9xico confirm\u00f3 que las operaciones de b\u00fasqueda y rescate est\u00e1n en marcha despu\u00e9s de que una de sus aeronaves tuvo un incidente durante su aproximaci\u00f3n cerca de Galveston, a unos 80 kil\u00f3metros al sureste de Houston.<\/p>\n<p>Un equipo de buzos, la unidad de escena del crimen, la unidad de drones y patrullas respondieron al lugar, indic\u00f3 la oficina del sheriff en una <a href=\"https:\/\/www.facebook.com\/photo\/?fbid=1221860940132068&#038;set=a.163166956001477\">publicaci\u00f3n en redes sociales.<\/a><\/p>\n<p>Agentes del Departamento de Seguridad P\u00fablica de Texas tambi\u00e9n est\u00e1n en el lugar y esperan la llegada de personal de la Administraci\u00f3n Federal de Aviaci\u00f3n (FAA, por sus siglas en ingl\u00e9s), inform\u00f3 el Departamento de Seguridad P\u00fablica de Texas en <a href=\"https:\/\/x.com\/TxDPSSoutheast\/status\/2003233585986453969\">una publicaci\u00f3n en redes sociales.<\/a><\/p>\n<p>\u201cLos protocolos de b\u00fasqueda y rescate se activaron de inmediato en coordinaci\u00f3n con las autoridades locales. El evento est\u00e1 en curso y los protocolos se est\u00e1n llevando a cabo en coordinaci\u00f3n con todas las autoridades pertinentes\u201d, indic\u00f3 la Marina de M\u00e9xico.<\/p>\n<p>CNN ha contactado a la FAA, la Guardia Costera y la Marina de M\u00e9xico para obtener m\u00e1s informaci\u00f3n.<\/p>\n<p><em>Noticia en desarrollo\u2026<\/em><\/p>\n<p>The-CNN-Wire<br \/>&trade; &amp; &copy; 2025 Cable News Network, Inc., a Warner Bros. Discovery Company. All rights reserved.<\/p>\n","protected":false},"excerpt":{"rendered":"<p>Al menos cuatro personas murieron despu\u00e9s de que un avi\u00f3n de la Marina de M\u00e9xico que transportaba pacientes con quemaduras se estrell\u00f3 en la bah\u00eda de Galveston, Texas, este lunes, informaron funcionarios del sheriff a la filial de CNN KPRC. Ocho personas iban a bordo de la aeronave, incluidos dos pilotos, dijo el sheriff del [&hellip;]<\/p>\n","protected":false},"author":0,"featured_media":0,"comment_status":"open","ping_status":"open","sticky":false,"template":"","format":"standard","meta":{"_jetpack_memberships_contains_paid_content":false,"footnotes":""},"categories":[10],"tags":[],"class_list":["post-1469503","post","type-post","status-publish","format-standard","hentry","category-noticias-nacionales","market-global"],"yoast_head":"<!-- This site is optimized with the Yoast SEO plugin v24.4 - https:\/\/yoast.com\/wordpress\/plugins\/seo\/ -->\n<title>Al menos 4 muertos tras accidente de avi\u00f3n de la Marina de M\u00e9xico en misi\u00f3n m\u00e9dica en Texas - Noticias<\/title>\n<meta name=\"robots\" content=\"index, follow, max-snippet:-1, max-image-preview:large, max-video-preview:-1\" \/>\n<link rel=\"canonical\" href=\"https:\/\/noticiasya.com\/2025\/12\/22\/muertos-accidente-avion-marina-mexico-texas-trax\/\" \/>\n<meta property=\"og:locale\" content=\"es_ES\" \/>\n<meta property=\"og:type\" content=\"article\" \/>\n<meta property=\"og:title\" content=\"Al menos 4 muertos tras accidente de avi\u00f3n de la Marina de M\u00e9xico en misi\u00f3n m\u00e9dica en Texas - Noticias\" \/>\n<meta property=\"og:description\" content=\"Al menos cuatro personas murieron despu\u00e9s de que un avi\u00f3n de la Marina de M\u00e9xico que transportaba pacientes con quemaduras se estrell\u00f3 en la bah\u00eda de Galveston, Texas, este lunes, informaron funcionarios del sheriff a la filial de CNN KPRC. Ocho personas iban a bordo de la aeronave, incluidos dos pilotos, dijo el sheriff del [&hellip;]\" \/>\n<meta property=\"og:url\" content=\"https:\/\/noticiasya.com\/2025\/12\/22\/muertos-accidente-avion-marina-mexico-texas-trax\/\" \/>\n<meta property=\"og:site_name\" content=\"Noticias\" \/>\n<meta property=\"article:published_time\" content=\"2025-12-23T01:04:02+00:00\" \/>\n<meta name=\"twitter:card\" content=\"summary_large_image\" \/>\n<meta name=\"twitter:label1\" content=\"Est. reading time\" \/>\n\t<meta name=\"twitter:data1\" content=\"2 minutos\" \/>\n<script type=\"application\/ld+json\" class=\"yoast-schema-graph\">{\"@context\":\"https:\/\/schema.org\",\"@graph\":[{\"@type\":\"Article\",\"@id\":\"https:\/\/noticiasya.com\/2025\/12\/22\/muertos-accidente-avion-marina-mexico-texas-trax\/#article\",\"isPartOf\":{\"@id\":\"https:\/\/noticiasya.com\/2025\/12\/22\/muertos-accidente-avion-marina-mexico-texas-trax\/\"},\"author\":{\"name\":\"\",\"@id\":\"\"},\"headline\":\"Al menos 4 muertos tras accidente de avi\u00f3n de la Marina de M\u00e9xico en misi\u00f3n m\u00e9dica en Texas\",\"datePublished\":\"2025-12-23T01:04:02+00:00\",\"mainEntityOfPage\":{\"@id\":\"https:\/\/noticiasya.com\/2025\/12\/22\/muertos-accidente-avion-marina-mexico-texas-trax\/\"},\"wordCount\":323,\"commentCount\":0,\"publisher\":{\"@id\":\"https:\/\/noticiasya.com\/#organization\"},\"articleSection\":[\"Noticias Nacionales\"],\"inLanguage\":\"es\",\"potentialAction\":[{\"@type\":\"CommentAction\",\"name\":\"Comment\",\"target\":[\"https:\/\/noticiasya.com\/2025\/12\/22\/muertos-accidente-avion-marina-mexico-texas-trax\/#respond\"]}]},{\"@type\":\"WebPage\",\"@id\":\"https:\/\/noticiasya.com\/2025\/12\/22\/muertos-accidente-avion-marina-mexico-texas-trax\/\",\"url\":\"https:\/\/noticiasya.com\/2025\/12\/22\/muertos-accidente-avion-marina-mexico-texas-trax\/\",\"name\":\"Al menos 4 muertos tras accidente de avi\u00f3n de la Marina de M\u00e9xico en misi\u00f3n m\u00e9dica en Texas - Noticias\",\"isPartOf\":{\"@id\":\"https:\/\/noticiasya.com\/#website\"},\"datePublished\":\"2025-12-23T01:04:02+00:00\",\"breadcrumb\":{\"@id\":\"https:\/\/noticiasya.com\/2025\/12\/22\/muertos-accidente-avion-marina-mexico-texas-trax\/#breadcrumb\"},\"inLanguage\":\"es\",\"potentialAction\":[{\"@type\":\"ReadAction\",\"target\":[\"https:\/\/noticiasya.com\/2025\/12\/22\/muertos-accidente-avion-marina-mexico-texas-trax\/\"]}]},{\"@type\":\"BreadcrumbList\",\"@id\":\"https:\/\/noticiasya.com\/2025\/12\/22\/muertos-accidente-avion-marina-mexico-texas-trax\/#breadcrumb\",\"itemListElement\":[{\"@type\":\"ListItem\",\"position\":1,\"name\":\"Home\",\"item\":\"https:\/\/noticiasya.com\/\"},{\"@type\":\"ListItem\",\"position\":2,\"name\":\"Al menos 4 muertos tras accidente de avi\u00f3n de la Marina de M\u00e9xico en misi\u00f3n m\u00e9dica en Texas\"}]},{\"@type\":\"WebSite\",\"@id\":\"https:\/\/noticiasya.com\/#website\",\"url\":\"https:\/\/noticiasya.com\/\",\"name\":\"Noticias\",\"description\":\"Lo que importa\",\"publisher\":{\"@id\":\"https:\/\/noticiasya.com\/#organization\"},\"potentialAction\":[{\"@type\":\"SearchAction\",\"target\":{\"@type\":\"EntryPoint\",\"urlTemplate\":\"https:\/\/noticiasya.com\/?s={search_term_string}\"},\"query-input\":{\"@type\":\"PropertyValueSpecification\",\"valueRequired\":true,\"valueName\":\"search_term_string\"}}],\"inLanguage\":\"es\"},{\"@type\":\"Organization\",\"@id\":\"https:\/\/noticiasya.com\/#organization\",\"name\":\"Noticias\",\"url\":\"https:\/\/noticiasya.com\/\",\"logo\":{\"@type\":\"ImageObject\",\"inLanguage\":\"es\",\"@id\":\"https:\/\/noticiasya.com\/#\/schema\/logo\/image\/\",\"url\":\"https:\/\/noticiasya.com\/wp-content\/uploads\/sites\/22\/2023\/12\/logo-nacional.png\",\"contentUrl\":\"https:\/\/noticiasya.com\/wp-content\/uploads\/sites\/22\/2023\/12\/logo-nacional.png\",\"width\":1801,\"height\":691,\"caption\":\"Noticias\"},\"image\":{\"@id\":\"https:\/\/noticiasya.com\/#\/schema\/logo\/image\/\"}}]}<\/script>\n<!-- \/ Yoast SEO plugin. -->","yoast_head_json":{"title":"Al menos 4 muertos tras accidente de avi\u00f3n de la Marina de M\u00e9xico en misi\u00f3n m\u00e9dica en Texas - Noticias","robots":{"index":"index","follow":"follow","max-snippet":"max-snippet:-1","max-image-preview":"max-image-preview:large","max-video-preview":"max-video-preview:-1"},"canonical":"https:\/\/noticiasya.com\/2025\/12\/22\/muertos-accidente-avion-marina-mexico-texas-trax\/","og_locale":"es_ES","og_type":"article","og_title":"Al menos 4 muertos tras accidente de avi\u00f3n de la Marina de M\u00e9xico en misi\u00f3n m\u00e9dica en Texas - Noticias","og_description":"Al menos cuatro personas murieron despu\u00e9s de que un avi\u00f3n de la Marina de M\u00e9xico que transportaba pacientes con quemaduras se estrell\u00f3 en la bah\u00eda de Galveston, Texas, este lunes, informaron funcionarios del sheriff a la filial de CNN KPRC. Ocho personas iban a bordo de la aeronave, incluidos dos pilotos, dijo el sheriff del [&hellip;]","og_url":"https:\/\/noticiasya.com\/2025\/12\/22\/muertos-accidente-avion-marina-mexico-texas-trax\/","og_site_name":"Noticias","article_published_time":"2025-12-23T01:04:02+00:00","twitter_card":"summary_large_image","twitter_misc":{"Est. reading time":"2 minutos"},"schema":{"@context":"https:\/\/schema.org","@graph":[{"@type":"Article","@id":"https:\/\/noticiasya.com\/2025\/12\/22\/muertos-accidente-avion-marina-mexico-texas-trax\/#article","isPartOf":{"@id":"https:\/\/noticiasya.com\/2025\/12\/22\/muertos-accidente-avion-marina-mexico-texas-trax\/"},"author":{"name":"","@id":""},"headline":"Al menos 4 muertos tras accidente de avi\u00f3n de la Marina de M\u00e9xico en misi\u00f3n m\u00e9dica en Texas","datePublished":"2025-12-23T01:04:02+00:00","mainEntityOfPage":{"@id":"https:\/\/noticiasya.com\/2025\/12\/22\/muertos-accidente-avion-marina-mexico-texas-trax\/"},"wordCount":323,"commentCount":0,"publisher":{"@id":"https:\/\/noticiasya.com\/#organization"},"articleSection":["Noticias Nacionales"],"inLanguage":"es","potentialAction":[{"@type":"CommentAction","name":"Comment","target":["https:\/\/noticiasya.com\/2025\/12\/22\/muertos-accidente-avion-marina-mexico-texas-trax\/#respond"]}]},{"@type":"WebPage","@id":"https:\/\/noticiasya.com\/2025\/12\/22\/muertos-accidente-avion-marina-mexico-texas-trax\/","url":"https:\/\/noticiasya.com\/2025\/12\/22\/muertos-accidente-avion-marina-mexico-texas-trax\/","name":"Al menos 4 muertos tras accidente de avi\u00f3n de la Marina de M\u00e9xico en misi\u00f3n m\u00e9dica en Texas - Noticias","isPartOf":{"@id":"https:\/\/noticiasya.com\/#website"},"datePublished":"2025-12-23T01:04:02+00:00","breadcrumb":{"@id":"https:\/\/noticiasya.com\/2025\/12\/22\/muertos-accidente-avion-marina-mexico-texas-trax\/#breadcrumb"},"inLanguage":"es","potentialAction":[{"@type":"ReadAction","target":["https:\/\/noticiasya.com\/2025\/12\/22\/muertos-accidente-avion-marina-mexico-texas-trax\/"]}]},{"@type":"BreadcrumbList","@id":"https:\/\/noticiasya.com\/2025\/12\/22\/muertos-accidente-avion-marina-mexico-texas-trax\/#breadcrumb","itemListElement":[{"@type":"ListItem","position":1,"name":"Home","item":"https:\/\/noticiasya.com\/"},{"@type":"ListItem","position":2,"name":"Al menos 4 muertos tras accidente de avi\u00f3n de la Marina de M\u00e9xico en misi\u00f3n m\u00e9dica en Texas"}]},{"@type":"WebSite","@id":"https:\/\/noticiasya.com\/#website","url":"https:\/\/noticiasya.com\/","name":"Noticias","description":"Lo que importa","publisher":{"@id":"https:\/\/noticiasya.com\/#organization"},"potentialAction":[{"@type":"SearchAction","target":{"@type":"EntryPoint","urlTemplate":"https:\/\/noticiasya.com\/?s={search_term_string}"},"query-input":{"@type":"PropertyValueSpecification","valueRequired":true,"valueName":"search_term_string"}}],"inLanguage":"es"},{"@type":"Organization","@id":"https:\/\/noticiasya.com\/#organization","name":"Noticias","url":"https:\/\/noticiasya.com\/","logo":{"@type":"ImageObject","inLanguage":"es","@id":"https:\/\/noticiasya.com\/#\/schema\/logo\/image\/","url":"https:\/\/noticiasya.com\/wp-content\/uploads\/sites\/22\/2023\/12\/logo-nacional.png","contentUrl":"https:\/\/noticiasya.com\/wp-content\/uploads\/sites\/22\/2023\/12\/logo-nacional.png","width":1801,"height":691,"caption":"Noticias"},"image":{"@id":"https:\/\/noticiasya.com\/#\/schema\/logo\/image\/"}}]}},"parsely":{"version":"1.1.0","canonical_url":"https:\/\/noticiasya.com\/midland-odessa\/2025\/12\/22\/muertos-accidente-avion-marina-mexico-texas-trax\/","smart_links":{"inbound":0,"outbound":0},"traffic_boost_suggestions_count":0,"meta":{"@context":"https:\/\/schema.org","@type":"NewsArticle","headline":"Al menos 4 muertos tras accidente de avi\u00f3n de la Marina de M\u00e9xico en misi\u00f3n m\u00e9dica en Texas","url":"http:\/\/noticiasya.com\/midland-odessa\/2025\/12\/22\/muertos-accidente-avion-marina-mexico-texas-trax\/","mainEntityOfPage":{"@type":"WebPage","@id":"http:\/\/noticiasya.com\/midland-odessa\/2025\/12\/22\/muertos-accidente-avion-marina-mexico-texas-trax\/"},"thumbnailUrl":"","image":{"@type":"ImageObject","url":""},"articleSection":"Noticias Nacionales","author":[],"creator":[],"publisher":{"@type":"Organization","name":"Noticias","logo":""},"keywords":[],"dateCreated":"2025-12-23T01:04:02Z","datePublished":"2025-12-23T01:04:02Z","dateModified":"2025-12-23T01:04:02Z"},"rendered":"<script type=\"application\/ld+json\" class=\"wp-parsely-metadata\">{\"@context\":\"https:\\\/\\\/schema.org\",\"@type\":\"NewsArticle\",\"headline\":\"Al menos 4 muertos tras accidente de avi\\u00f3n de la Marina de M\\u00e9xico en misi\\u00f3n m\\u00e9dica en Texas\",\"url\":\"http:\\\/\\\/noticiasya.com\\\/midland-odessa\\\/2025\\\/12\\\/22\\\/muertos-accidente-avion-marina-mexico-texas-trax\\\/\",\"mainEntityOfPage\":{\"@type\":\"WebPage\",\"@id\":\"http:\\\/\\\/noticiasya.com\\\/midland-odessa\\\/2025\\\/12\\\/22\\\/muertos-accidente-avion-marina-mexico-texas-trax\\\/\"},\"thumbnailUrl\":\"\",\"image\":{\"@type\":\"ImageObject\",\"url\":\"\"},\"articleSection\":\"Noticias Nacionales\",\"author\":[],\"creator\":[],\"publisher\":{\"@type\":\"Organization\",\"name\":\"Noticias\",\"logo\":\"\"},\"keywords\":[],\"dateCreated\":\"2025-12-23T01:04:02Z\",\"datePublished\":\"2025-12-23T01:04:02Z\",\"dateModified\":\"2025-12-23T01:04:02Z\"}<\/script>","tracker_url":"https:\/\/cdn.parsely.com\/keys\/noticiasya.com\/p.js"},"jetpack_featured_media_url":"","jetpack-related-posts":[{"id":1469729,"url":"https:\/\/noticiasya.com\/midland-odessa\/2026\/01\/02\/repatria-cuerpos-accidente-aeronave-medica-texas-efe\/","url_meta":{"origin":1469503,"position":0},"title":"M\u00e9xico repatr\u00eda cuerpos de personas fallecidas en accidente de aeronave m\u00e9dica en Texas","author":"","date":"enero 2, 2026","format":false,"excerpt":"La Secretar\u00eda de Marina (Semar) repatri\u00f3 este viernes los cuerpos de los seis mexicanos, entre ellos un ni\u00f1o de 2 a\u00f1os, que murieron en un accidente a\u00e9reo en Galveston, Texas, confirm\u00f3 la presidenta de M\u00e9xico, Claudia Sheinbaum.\u201cYa est\u00e1n aqu\u00ed (los restos). E incluso va a haber un homenaje a los\u2026","rel":"","context":"In &quot;Noticias Nacionales&quot;","block_context":{"text":"Noticias Nacionales","link":"https:\/\/noticiasya.com\/midland-odessa\/categoria\/noticias-nacionales"},"img":{"alt_text":"","src":"","width":0,"height":0},"classes":[]},{"id":1464811,"url":"https:\/\/noticiasya.com\/midland-odessa\/2025\/07\/24\/avion-desaparecido-rusia-trax\/","url_meta":{"origin":1469503,"position":1},"title":"Reportan avi\u00f3n desaparecido en el Lejano Oriente de Rusia con casi 50 personas a bordo","author":"","date":"julio 24, 2025","format":false,"excerpt":"Se teme que decenas de personas, incluidos ni\u00f1os, hayan muerto despu\u00e9s de que un avi\u00f3n de pasajeros desapareciera en la regi\u00f3n de Amur, en el extremo oriental de Rusia, informaron medios estatales rusos, citando a funcionarios locales.El avi\u00f3n, un Antonov An-24 de la era sovi\u00e9tica, volaba en una ruta regional\u2026","rel":"","context":"In &quot;Noticias Nacionales&quot;","block_context":{"text":"Noticias Nacionales","link":"https:\/\/noticiasya.com\/midland-odessa\/categoria\/noticias-nacionales"},"img":{"alt_text":"","src":"","width":0,"height":0},"classes":[]},{"id":1445090,"url":"https:\/\/noticiasya.com\/midland-odessa\/2024\/02\/08\/continua-la-busqueda-de-5-marines-despues-de-que-su-helicoptero-fuera-encontrado-en-el-sur-de-california\/","url_meta":{"origin":1469503,"position":2},"title":"Contin\u00faa la b\u00fasqueda de 5 marines despu\u00e9s de que su helic\u00f3ptero fuera encontrado en el sur de California","author":"","date":"febrero 8, 2024","format":false,"excerpt":"(CNN) --\u00a0 Contin\u00faa la b\u00fasqueda de cinco marines estadounidenses cuyo helic\u00f3ptero militar fue encontrado en Pine Valley, en el sur de California, esta semana despu\u00e9s de que no lleg\u00f3 a una base de San Diego como estaba previsto.Los marines estaban en un vuelo de entrenamiento a bordo de un CH-53E\u2026","rel":"","context":"In &quot;Noticias Nacionales&quot;","block_context":{"text":"Noticias Nacionales","link":"https:\/\/noticiasya.com\/midland-odessa\/categoria\/noticias-nacionales"},"img":{"alt_text":"","src":"","width":0,"height":0},"classes":[]},{"id":1468351,"url":"https:\/\/noticiasya.com\/midland-odessa\/2025\/11\/14\/detienen-manifestantes-ice-chicago-trax\/","url_meta":{"origin":1469503,"position":3},"title":"Detienen a manifestantes frente a un edificio de ICE cerca de Chicago","author":"","date":"noviembre 14, 2025","format":false,"excerpt":"Una protesta mayormente pac\u00edfica frente al edificio del controvertido Servicio de Inmigraci\u00f3n y Control de Aduanas (ICE, por sus siglas en ingl\u00e9s) en un suburbio al oeste de Chicago se torn\u00f3 ca\u00f3tica este viernes, cuando la Polic\u00eda local detuvo a varias personas despu\u00e9s de que, presuntamente, derribaran las barreras frente\u2026","rel":"","context":"In &quot;Noticias Nacionales&quot;","block_context":{"text":"Noticias Nacionales","link":"https:\/\/noticiasya.com\/midland-odessa\/categoria\/noticias-nacionales"},"img":{"alt_text":"","src":"","width":0,"height":0},"classes":[]},{"id":1451367,"url":"https:\/\/noticiasya.com\/midland-odessa\/2024\/07\/24\/18-muertos-estrellarse-avion-nepali-despegue-katmandu-trax\/","url_meta":{"origin":1469503,"position":4},"title":"Un avi\u00f3n nepal\u00ed se estrell\u00f3 en el despegue y dej\u00f3 18 muertos","author":"","date":"julio 24, 2024","format":false,"excerpt":"(CNN) -- Al menos 18 personas murieron despu\u00e9s de que un peque\u00f1o avi\u00f3n con al menos 19 personas a bordo se estrellara este mi\u00e9rcoles mientras despegaba de la capital de Nepal, Katmand\u00fa, seg\u00fan la Autoridad de Aviaci\u00f3n Civil de Nepal.Al menos otra persona result\u00f3 herida en el accidente, inform\u00f3 la\u2026","rel":"","context":"In &quot;Noticias Nacionales&quot;","block_context":{"text":"Noticias Nacionales","link":"https:\/\/noticiasya.com\/midland-odessa\/categoria\/noticias-nacionales"},"img":{"alt_text":"","src":"","width":0,"height":0},"classes":[]},{"id":1463521,"url":"https:\/\/noticiasya.com\/midland-odessa\/2025\/06\/13\/como-se-estrello-avion-india-despegue-caja-negra-trax\/","url_meta":{"origin":1469503,"position":5},"title":"\u00bfC\u00f3mo se estrell\u00f3 el avi\u00f3n de Air India? Del despegue a la recuperaci\u00f3n de la caja negra","author":"","date":"junio 13, 2025","format":false,"excerpt":"En los cielos azules del oeste de la India, el vuelo AI171 luchaba por ganar altura.El avi\u00f3n, que se dirig\u00eda a Londres, apenas hab\u00eda abandonado la pista del aeropuerto de Ahmedabad el jueves antes de precipitarse a tierra.En un video se ve c\u00f3mo el avi\u00f3n cae lentamente detr\u00e1s de edificios\u2026","rel":"","context":"In &quot;Noticias Nacionales&quot;","block_context":{"text":"Noticias Nacionales","link":"https:\/\/noticiasya.com\/midland-odessa\/categoria\/noticias-nacionales"},"img":{"alt_text":"","src":"","width":0,"height":0},"classes":[]}],"jetpack_sharing_enabled":true,"_links":{"self":[{"href":"https:\/\/noticiasya.com\/midland-odessa\/wp-json\/wp\/v2\/posts\/1469503","targetHints":{"allow":["GET"]}}],"collection":[{"href":"https:\/\/noticiasya.com\/midland-odessa\/wp-json\/wp\/v2\/posts"}],"about":[{"href":"https:\/\/noticiasya.com\/midland-odessa\/wp-json\/wp\/v2\/types\/post"}],"replies":[{"embeddable":true,"href":"https:\/\/noticiasya.com\/midland-odessa\/wp-json\/wp\/v2\/comments?post=1469503"}],"version-history":[{"count":0,"href":"https:\/\/noticiasya.com\/midland-odessa\/wp-json\/wp\/v2\/posts\/1469503\/revisions"}],"wp:attachment":[{"href":"https:\/\/noticiasya.com\/midland-odessa\/wp-json\/wp\/v2\/media?parent=1469503"}],"wp:term":[{"taxonomy":"category","embeddable":true,"href":"https:\/\/noticiasya.com\/midland-odessa\/wp-json\/wp\/v2\/categories?post=1469503"},{"taxonomy":"post_tag","embeddable":true,"href":"https:\/\/noticiasya.com\/midland-odessa\/wp-json\/wp\/v2\/tags?post=1469503"}],"curies":[{"name":"wp","href":"https:\/\/api.w.org\/{rel}","templated":true}]}}