{"id":1469505,"date":"2025-12-22T18:03:49","date_gmt":"2025-12-23T02:03:49","guid":{"rendered":"https:\/\/noticiasya.com\/2025\/12\/22\/mineros-sindicatos-protestas-bolivia-subsidio-combustibles-paz-orix\/"},"modified":"2025-12-22T18:03:49","modified_gmt":"2025-12-23T02:03:49","slug":"mineros-sindicatos-protestas-bolivia-subsidio-combustibles-paz-orix","status":"publish","type":"post","link":"https:\/\/noticiasya.com\/midland-odessa\/2025\/12\/22\/mineros-sindicatos-protestas-bolivia-subsidio-combustibles-paz-orix\/","title":{"rendered":"Mineros y sindicatos protestan en Bolivia contra el fin del subsidio a los combustibles y ponen a prueba al Gobierno de Paz"},"content":{"rendered":"<p>Mineros, productores agr\u00edcolas de hoja de coca y organizaciones sindicales marcharon este lunes en varias ciudades de Bolivia para rechazar la eliminaci\u00f3n de la subvenci\u00f3n estatal a los combustibles, una medida que dispar\u00f3 los precios de la gasolina y el di\u00e9sel tras m\u00e1s de 20 a\u00f1os de control estatal.<\/p>\n<p>Las protestas, encabezadas por sectores afiliados a la Central Obrera Boliviana (COB), apuntan directamente al decreto 5503 del presidente Rodrigo Paz, quien enfrenta as\u00ed su primer conflicto social desde que asumi\u00f3 el poder en noviembre.<\/p>\n<p>Los manifestantes sostienen que el alza encarecer\u00e1 el transporte, los alimentos y el costo de vida, especialmente para los sectores de menores ingresos.<\/p>\n<p>El decreto 5503 elev\u00f3 los precios de los combustibles hasta en un 86 % para la gasolina y un 162 % para el di\u00e9sel. El Gobierno justific\u00f3 la medida por el alto costo fiscal del subsidio y la acompa\u00f1\u00f3 con un aumento del salario m\u00ednimo.<\/p>\n<p>La movilizaci\u00f3n m\u00e1s numerosa se registr\u00f3 en La Paz, donde mineros cooperativistas llegaron desde distintas regiones y caminaron desde la ciudad de El Alto hasta el centro pol\u00edtico del pa\u00eds.<\/p>\n<p>\u201cEsta marcha se ha convocado para derogar este decreto que atenta contra los derechos de todos los bolivianos\u201d, dijo a EFE el presidente de la Federaci\u00f3n Nacional de Cooperativas Mineras de Bolivia (Fencomin), Josu\u00e9 Richard Kari Kari.<\/p>\n<p>Adem\u00e1s, advirti\u00f3 que, si el Gobierno no retrocede, \u201cvamos a continuar con medidas\u201d. Otro l\u00edder sindical, el presidente de la Federaci\u00f3n Departamental de Cooperativas Mineras de La Paz, Alfredo Yanarico, dijo que la eliminaci\u00f3n del subsidio \u201cafecta a toda la poblaci\u00f3n\u201d boliviana, en particular a quienes viven del ingreso diario.<\/p>\n<p>\u201cEspero que el compa\u00f1ero presidente pueda entrar en reflexi\u00f3n y conocer cu\u00e1l es el sector verdaderamente cooperativista en este pa\u00eds\u201d, expres\u00f3.<\/p>\n<p>El paso de los mineros gener\u00f3 tensi\u00f3n con algunos ciudadanos, que los increparon con gritos como \u201c\u00a1paguen sus impuestos!\u201d y \u201c\u00a1ladrones!\u201d, y otros los vincularon con el anterior partido gobernante, el Movimiento al Socialismo (MAS).<\/p>\n<p>Los sectores afiliados a la COB insistieron en que la protesta no tiene un trasfondo pol\u00edtico. \u201cNo es pol\u00edtica\u201d, dijo su secretario ejecutivo, Mario Argollo, en declaraciones a la agencia EFE. \u201cEs un movimiento reivindicativo\u201d, a\u00f1adi\u00f3.<\/p>\n<p>\u201cLos bolivianos a futuro vamos a pagar la factura, porque no solamente es el tema de la subvenci\u00f3n, hay muchos temas que tenemos que tocar y seguro en el escenario pertinente lo vamos a hacer notar\u201d, dijo Argollo.<\/p>\n<p>En Cochabamba, juntas vecinales, campesinos y cocaleros tambi\u00e9n salieron a marchar y bloquearon calles durante varias horas con carteles que dec\u00edan \u201cNo al gasolinazo\u201d.<\/p>\n<p>Resolver la escasez de combustibles fue una de las principales promesas de campa\u00f1a de Paz, pero analistas advierten que una soluci\u00f3n inmediata es poco probable.<\/p>\n<p>El economista Enrique Ayo <a href=\"https:\/\/cnnespanol.cnn.com\/2025\/10\/20\/latinoamerica\/combustible-desafios-rodrigo-paz-bolivia-orix\">dijo previamente a CNN <\/a>que el desabastecimiento dif\u00edcilmente se resolver\u00e1 en los primeros d\u00edas de gobierno, salvo que ya existan acuerdos previos con proveedores internacionales. \u201cPrometieron muchas cosas, pusieron la vara muy alta para captar votos\u201d, afirm\u00f3.<\/p>\n<p>Cuando anunci\u00f3 el decreto la semana pasada, Paz<a href=\"https:\/\/cnnespanol.cnn.com\/2025\/12\/18\/latinoamerica\/rodrigo-paz-bolivia-subsidio-combustible-salario-minimo-orix\"> defendi\u00f3 la medida<\/a> al asegurar que recibi\u00f3 un pa\u00eds en una crisis profunda, con reservas internacionales agotadas, escasez de d\u00f3lares y combustibles, y un Estado \u201cvaciado desde adentro\u201d tras dos d\u00e9cadas de gesti\u00f3n del MAS.<\/p>\n<p>\u201cHemos tomado una decisi\u00f3n central, proteger el bolsillo del pueblo y dar certidumbre en la energ\u00eda y en los combustibles, con precios claros y con abastecimiento garantizado\u201d, dijo entonces Paz.<\/p>\n<p>En Bolivia, el precio del litro de di\u00e9sel y gasolina se hab\u00eda mantenido estable en US$ 0,53 durante 20 a\u00f1os. Esto le reporta al Estado un costo de m\u00e1s de US$ 2.000 millones, seg\u00fan detall\u00f3 la agencia EFE.<\/p>\n<p>Con el decreto anunciado por Paz, la gasolina especial se estableci\u00f3 en 6,96 bolivianos por litro, equivalente a un d\u00f3lar. En tanto, la gasolina premium est\u00e1 a 11 bolivianos (US$ 1,58); el litro de di\u00e9sel a 9,80 bolivianos (US$ 1,40); la gasolina de aviaci\u00f3n a 10,57 bolivianos (US$ 1,51) y el jet fuel a 10,74 bolivianos (US$ 1,54 ). Estos precios regir\u00e1n por seis meses.<\/p>\n<p>El paquete econ\u00f3mico fue <a href=\"https:\/\/cnnespanol.cnn.com\/2025\/12\/18\/latinoamerica\/rodrigo-paz-bolivia-subsidio-combustible-salario-minimo-orix\">respaldado por Estados Unidos<\/a>, que calific\u00f3 las reformas como un giro necesario para atraer inversi\u00f3n y estabilizar la econom\u00eda boliviana.<\/p>\n<p>The-CNN-Wire<br \/>&trade; &amp; &copy; 2025 Cable News Network, Inc., a Warner Bros. Discovery Company. All rights reserved.<\/p>\n","protected":false},"excerpt":{"rendered":"<p>Mineros, productores agr\u00edcolas de hoja de coca y organizaciones sindicales marcharon este lunes en varias ciudades de Bolivia para rechazar la eliminaci\u00f3n de la subvenci\u00f3n estatal a los combustibles, una medida que dispar\u00f3 los precios de la gasolina y el di\u00e9sel tras m\u00e1s de 20 a\u00f1os de control estatal. Las protestas, encabezadas por sectores afiliados [&hellip;]<\/p>\n","protected":false},"author":0,"featured_media":0,"comment_status":"open","ping_status":"open","sticky":false,"template":"","format":"standard","meta":{"_jetpack_memberships_contains_paid_content":false,"footnotes":""},"categories":[10],"tags":[],"class_list":["post-1469505","post","type-post","status-publish","format-standard","hentry","category-noticias-nacionales","market-global"],"yoast_head":"<!-- This site is optimized with the Yoast SEO plugin v24.4 - https:\/\/yoast.com\/wordpress\/plugins\/seo\/ -->\n<title>Mineros y sindicatos protestan en Bolivia contra el fin del subsidio a los combustibles y ponen a prueba al Gobierno de Paz - Noticias<\/title>\n<meta name=\"robots\" content=\"index, follow, max-snippet:-1, max-image-preview:large, max-video-preview:-1\" \/>\n<link rel=\"canonical\" href=\"https:\/\/noticiasya.com\/2025\/12\/22\/mineros-sindicatos-protestas-bolivia-subsidio-combustibles-paz-orix\/\" \/>\n<meta property=\"og:locale\" content=\"es_ES\" \/>\n<meta property=\"og:type\" content=\"article\" \/>\n<meta property=\"og:title\" content=\"Mineros y sindicatos protestan en Bolivia contra el fin del subsidio a los combustibles y ponen a prueba al Gobierno de Paz - Noticias\" \/>\n<meta property=\"og:description\" content=\"Mineros, productores agr\u00edcolas de hoja de coca y organizaciones sindicales marcharon este lunes en varias ciudades de Bolivia para rechazar la eliminaci\u00f3n de la subvenci\u00f3n estatal a los combustibles, una medida que dispar\u00f3 los precios de la gasolina y el di\u00e9sel tras m\u00e1s de 20 a\u00f1os de control estatal. Las protestas, encabezadas por sectores afiliados [&hellip;]\" \/>\n<meta property=\"og:url\" content=\"https:\/\/noticiasya.com\/2025\/12\/22\/mineros-sindicatos-protestas-bolivia-subsidio-combustibles-paz-orix\/\" \/>\n<meta property=\"og:site_name\" content=\"Noticias\" \/>\n<meta property=\"article:published_time\" content=\"2025-12-23T02:03:49+00:00\" \/>\n<meta name=\"twitter:card\" content=\"summary_large_image\" \/>\n<meta name=\"twitter:label1\" content=\"Est. reading time\" \/>\n\t<meta name=\"twitter:data1\" content=\"4 minutos\" \/>\n<script type=\"application\/ld+json\" class=\"yoast-schema-graph\">{\"@context\":\"https:\/\/schema.org\",\"@graph\":[{\"@type\":\"Article\",\"@id\":\"https:\/\/noticiasya.com\/2025\/12\/22\/mineros-sindicatos-protestas-bolivia-subsidio-combustibles-paz-orix\/#article\",\"isPartOf\":{\"@id\":\"https:\/\/noticiasya.com\/2025\/12\/22\/mineros-sindicatos-protestas-bolivia-subsidio-combustibles-paz-orix\/\"},\"author\":{\"name\":\"\",\"@id\":\"\"},\"headline\":\"Mineros y sindicatos protestan en Bolivia contra el fin del subsidio a los combustibles y ponen a prueba al Gobierno de Paz\",\"datePublished\":\"2025-12-23T02:03:49+00:00\",\"mainEntityOfPage\":{\"@id\":\"https:\/\/noticiasya.com\/2025\/12\/22\/mineros-sindicatos-protestas-bolivia-subsidio-combustibles-paz-orix\/\"},\"wordCount\":758,\"commentCount\":0,\"publisher\":{\"@id\":\"https:\/\/noticiasya.com\/#organization\"},\"articleSection\":[\"Noticias Nacionales\"],\"inLanguage\":\"es\",\"potentialAction\":[{\"@type\":\"CommentAction\",\"name\":\"Comment\",\"target\":[\"https:\/\/noticiasya.com\/2025\/12\/22\/mineros-sindicatos-protestas-bolivia-subsidio-combustibles-paz-orix\/#respond\"]}]},{\"@type\":\"WebPage\",\"@id\":\"https:\/\/noticiasya.com\/2025\/12\/22\/mineros-sindicatos-protestas-bolivia-subsidio-combustibles-paz-orix\/\",\"url\":\"https:\/\/noticiasya.com\/2025\/12\/22\/mineros-sindicatos-protestas-bolivia-subsidio-combustibles-paz-orix\/\",\"name\":\"Mineros y sindicatos protestan en Bolivia contra el fin del subsidio a los combustibles y ponen a prueba al Gobierno de Paz - Noticias\",\"isPartOf\":{\"@id\":\"https:\/\/noticiasya.com\/#website\"},\"datePublished\":\"2025-12-23T02:03:49+00:00\",\"breadcrumb\":{\"@id\":\"https:\/\/noticiasya.com\/2025\/12\/22\/mineros-sindicatos-protestas-bolivia-subsidio-combustibles-paz-orix\/#breadcrumb\"},\"inLanguage\":\"es\",\"potentialAction\":[{\"@type\":\"ReadAction\",\"target\":[\"https:\/\/noticiasya.com\/2025\/12\/22\/mineros-sindicatos-protestas-bolivia-subsidio-combustibles-paz-orix\/\"]}]},{\"@type\":\"BreadcrumbList\",\"@id\":\"https:\/\/noticiasya.com\/2025\/12\/22\/mineros-sindicatos-protestas-bolivia-subsidio-combustibles-paz-orix\/#breadcrumb\",\"itemListElement\":[{\"@type\":\"ListItem\",\"position\":1,\"name\":\"Home\",\"item\":\"https:\/\/noticiasya.com\/\"},{\"@type\":\"ListItem\",\"position\":2,\"name\":\"Mineros y sindicatos protestan en Bolivia contra el fin del subsidio a los combustibles y ponen a prueba al Gobierno de Paz\"}]},{\"@type\":\"WebSite\",\"@id\":\"https:\/\/noticiasya.com\/#website\",\"url\":\"https:\/\/noticiasya.com\/\",\"name\":\"Noticias\",\"description\":\"Lo que importa\",\"publisher\":{\"@id\":\"https:\/\/noticiasya.com\/#organization\"},\"potentialAction\":[{\"@type\":\"SearchAction\",\"target\":{\"@type\":\"EntryPoint\",\"urlTemplate\":\"https:\/\/noticiasya.com\/?s={search_term_string}\"},\"query-input\":{\"@type\":\"PropertyValueSpecification\",\"valueRequired\":true,\"valueName\":\"search_term_string\"}}],\"inLanguage\":\"es\"},{\"@type\":\"Organization\",\"@id\":\"https:\/\/noticiasya.com\/#organization\",\"name\":\"Noticias\",\"url\":\"https:\/\/noticiasya.com\/\",\"logo\":{\"@type\":\"ImageObject\",\"inLanguage\":\"es\",\"@id\":\"https:\/\/noticiasya.com\/#\/schema\/logo\/image\/\",\"url\":\"https:\/\/noticiasya.com\/wp-content\/uploads\/sites\/22\/2023\/12\/logo-nacional.png\",\"contentUrl\":\"https:\/\/noticiasya.com\/wp-content\/uploads\/sites\/22\/2023\/12\/logo-nacional.png\",\"width\":1801,\"height\":691,\"caption\":\"Noticias\"},\"image\":{\"@id\":\"https:\/\/noticiasya.com\/#\/schema\/logo\/image\/\"}}]}<\/script>\n<!-- \/ Yoast SEO plugin. -->","yoast_head_json":{"title":"Mineros y sindicatos protestan en Bolivia contra el fin del subsidio a los combustibles y ponen a prueba al Gobierno de Paz - Noticias","robots":{"index":"index","follow":"follow","max-snippet":"max-snippet:-1","max-image-preview":"max-image-preview:large","max-video-preview":"max-video-preview:-1"},"canonical":"https:\/\/noticiasya.com\/2025\/12\/22\/mineros-sindicatos-protestas-bolivia-subsidio-combustibles-paz-orix\/","og_locale":"es_ES","og_type":"article","og_title":"Mineros y sindicatos protestan en Bolivia contra el fin del subsidio a los combustibles y ponen a prueba al Gobierno de Paz - Noticias","og_description":"Mineros, productores agr\u00edcolas de hoja de coca y organizaciones sindicales marcharon este lunes en varias ciudades de Bolivia para rechazar la eliminaci\u00f3n de la subvenci\u00f3n estatal a los combustibles, una medida que dispar\u00f3 los precios de la gasolina y el di\u00e9sel tras m\u00e1s de 20 a\u00f1os de control estatal. Las protestas, encabezadas por sectores afiliados [&hellip;]","og_url":"https:\/\/noticiasya.com\/2025\/12\/22\/mineros-sindicatos-protestas-bolivia-subsidio-combustibles-paz-orix\/","og_site_name":"Noticias","article_published_time":"2025-12-23T02:03:49+00:00","twitter_card":"summary_large_image","twitter_misc":{"Est. reading time":"4 minutos"},"schema":{"@context":"https:\/\/schema.org","@graph":[{"@type":"Article","@id":"https:\/\/noticiasya.com\/2025\/12\/22\/mineros-sindicatos-protestas-bolivia-subsidio-combustibles-paz-orix\/#article","isPartOf":{"@id":"https:\/\/noticiasya.com\/2025\/12\/22\/mineros-sindicatos-protestas-bolivia-subsidio-combustibles-paz-orix\/"},"author":{"name":"","@id":""},"headline":"Mineros y sindicatos protestan en Bolivia contra el fin del subsidio a los combustibles y ponen a prueba al Gobierno de Paz","datePublished":"2025-12-23T02:03:49+00:00","mainEntityOfPage":{"@id":"https:\/\/noticiasya.com\/2025\/12\/22\/mineros-sindicatos-protestas-bolivia-subsidio-combustibles-paz-orix\/"},"wordCount":758,"commentCount":0,"publisher":{"@id":"https:\/\/noticiasya.com\/#organization"},"articleSection":["Noticias Nacionales"],"inLanguage":"es","potentialAction":[{"@type":"CommentAction","name":"Comment","target":["https:\/\/noticiasya.com\/2025\/12\/22\/mineros-sindicatos-protestas-bolivia-subsidio-combustibles-paz-orix\/#respond"]}]},{"@type":"WebPage","@id":"https:\/\/noticiasya.com\/2025\/12\/22\/mineros-sindicatos-protestas-bolivia-subsidio-combustibles-paz-orix\/","url":"https:\/\/noticiasya.com\/2025\/12\/22\/mineros-sindicatos-protestas-bolivia-subsidio-combustibles-paz-orix\/","name":"Mineros y sindicatos protestan en Bolivia contra el fin del subsidio a los combustibles y ponen a prueba al Gobierno de Paz - Noticias","isPartOf":{"@id":"https:\/\/noticiasya.com\/#website"},"datePublished":"2025-12-23T02:03:49+00:00","breadcrumb":{"@id":"https:\/\/noticiasya.com\/2025\/12\/22\/mineros-sindicatos-protestas-bolivia-subsidio-combustibles-paz-orix\/#breadcrumb"},"inLanguage":"es","potentialAction":[{"@type":"ReadAction","target":["https:\/\/noticiasya.com\/2025\/12\/22\/mineros-sindicatos-protestas-bolivia-subsidio-combustibles-paz-orix\/"]}]},{"@type":"BreadcrumbList","@id":"https:\/\/noticiasya.com\/2025\/12\/22\/mineros-sindicatos-protestas-bolivia-subsidio-combustibles-paz-orix\/#breadcrumb","itemListElement":[{"@type":"ListItem","position":1,"name":"Home","item":"https:\/\/noticiasya.com\/"},{"@type":"ListItem","position":2,"name":"Mineros y sindicatos protestan en Bolivia contra el fin del subsidio a los combustibles y ponen a prueba al Gobierno de Paz"}]},{"@type":"WebSite","@id":"https:\/\/noticiasya.com\/#website","url":"https:\/\/noticiasya.com\/","name":"Noticias","description":"Lo que importa","publisher":{"@id":"https:\/\/noticiasya.com\/#organization"},"potentialAction":[{"@type":"SearchAction","target":{"@type":"EntryPoint","urlTemplate":"https:\/\/noticiasya.com\/?s={search_term_string}"},"query-input":{"@type":"PropertyValueSpecification","valueRequired":true,"valueName":"search_term_string"}}],"inLanguage":"es"},{"@type":"Organization","@id":"https:\/\/noticiasya.com\/#organization","name":"Noticias","url":"https:\/\/noticiasya.com\/","logo":{"@type":"ImageObject","inLanguage":"es","@id":"https:\/\/noticiasya.com\/#\/schema\/logo\/image\/","url":"https:\/\/noticiasya.com\/wp-content\/uploads\/sites\/22\/2023\/12\/logo-nacional.png","contentUrl":"https:\/\/noticiasya.com\/wp-content\/uploads\/sites\/22\/2023\/12\/logo-nacional.png","width":1801,"height":691,"caption":"Noticias"},"image":{"@id":"https:\/\/noticiasya.com\/#\/schema\/logo\/image\/"}}]}},"parsely":{"version":"1.1.0","canonical_url":"https:\/\/noticiasya.com\/midland-odessa\/2025\/12\/22\/mineros-sindicatos-protestas-bolivia-subsidio-combustibles-paz-orix\/","smart_links":{"inbound":0,"outbound":0},"traffic_boost_suggestions_count":0,"meta":{"@context":"https:\/\/schema.org","@type":"NewsArticle","headline":"Mineros y sindicatos protestan en Bolivia contra el fin del subsidio a los combustibles y ponen a prueba al Gobierno de Paz","url":"http:\/\/noticiasya.com\/midland-odessa\/2025\/12\/22\/mineros-sindicatos-protestas-bolivia-subsidio-combustibles-paz-orix\/","mainEntityOfPage":{"@type":"WebPage","@id":"http:\/\/noticiasya.com\/midland-odessa\/2025\/12\/22\/mineros-sindicatos-protestas-bolivia-subsidio-combustibles-paz-orix\/"},"thumbnailUrl":"","image":{"@type":"ImageObject","url":""},"articleSection":"Noticias Nacionales","author":[],"creator":[],"publisher":{"@type":"Organization","name":"Noticias","logo":""},"keywords":[],"dateCreated":"2025-12-23T02:03:49Z","datePublished":"2025-12-23T02:03:49Z","dateModified":"2025-12-23T02:03:49Z"},"rendered":"<script type=\"application\/ld+json\" class=\"wp-parsely-metadata\">{\"@context\":\"https:\\\/\\\/schema.org\",\"@type\":\"NewsArticle\",\"headline\":\"Mineros y sindicatos protestan en Bolivia contra el fin del subsidio a los combustibles y ponen a prueba al Gobierno de Paz\",\"url\":\"http:\\\/\\\/noticiasya.com\\\/midland-odessa\\\/2025\\\/12\\\/22\\\/mineros-sindicatos-protestas-bolivia-subsidio-combustibles-paz-orix\\\/\",\"mainEntityOfPage\":{\"@type\":\"WebPage\",\"@id\":\"http:\\\/\\\/noticiasya.com\\\/midland-odessa\\\/2025\\\/12\\\/22\\\/mineros-sindicatos-protestas-bolivia-subsidio-combustibles-paz-orix\\\/\"},\"thumbnailUrl\":\"\",\"image\":{\"@type\":\"ImageObject\",\"url\":\"\"},\"articleSection\":\"Noticias Nacionales\",\"author\":[],\"creator\":[],\"publisher\":{\"@type\":\"Organization\",\"name\":\"Noticias\",\"logo\":\"\"},\"keywords\":[],\"dateCreated\":\"2025-12-23T02:03:49Z\",\"datePublished\":\"2025-12-23T02:03:49Z\",\"dateModified\":\"2025-12-23T02:03:49Z\"}<\/script>","tracker_url":"https:\/\/cdn.parsely.com\/keys\/noticiasya.com\/p.js"},"jetpack_featured_media_url":"","jetpack-related-posts":[{"id":1470003,"url":"https:\/\/noticiasya.com\/midland-odessa\/2026\/01\/12\/rodrigo-paz-bolivia-decreto-combustible-acuerdo-sindicatos-efe\/","url_meta":{"origin":1469505,"position":0},"title":"Paz y los sindicatos acuerdan un nuevo decreto sobre combustibles en Bolivia: se terminan los bloqueos","author":"","date":"enero 12, 2026","format":false,"excerpt":"El presidente de Bolivia, Rodrigo Paz, sostuvo este domingo que el decreto 5503, que retir\u00f3 la subvenci\u00f3n a los combustibles, \u201ccumpli\u00f3 su funci\u00f3n\u201d y se mantendr\u00e1 como una \u201cconquista econ\u00f3mica\u201d, al tiempo que anunci\u00f3 un \u201cnuevo decreto\u201d con el que se comprometieron sus ministros con los sindicatos que rechazaban la\u2026","rel":"","context":"In &quot;Noticias Nacionales&quot;","block_context":{"text":"Noticias Nacionales","link":"https:\/\/noticiasya.com\/midland-odessa\/categoria\/noticias-nacionales"},"img":{"alt_text":"","src":"","width":0,"height":0},"classes":[]},{"id":1461596,"url":"https:\/\/noticiasya.com\/midland-odessa\/2025\/04\/24\/mineros-gobierno-bolivia-dialogan-precio-combustibles-orix\/","url_meta":{"origin":1469505,"position":1},"title":"Mineros y Gobierno de Bolivia dialogan tras protestas por el precio de los combustibles","author":"","date":"abril 24, 2025","format":false,"excerpt":"Organizaciones mineras y altos funcionarios del Gobierno de Bolivia dialogaron a puerta cerrada este jueves, un d\u00eda despu\u00e9s de que mineros y representantes de otros sectores protestaron en La Paz por el precio de los combustibles, reportaron la televisora estatal Bolivia TV y la tambi\u00e9n estatal Agencia Boliviana de Informaci\u00f3n\u2026","rel":"","context":"In &quot;Noticias Nacionales&quot;","block_context":{"text":"Noticias Nacionales","link":"https:\/\/noticiasya.com\/midland-odessa\/categoria\/noticias-nacionales"},"img":{"alt_text":"","src":"","width":0,"height":0},"classes":[]},{"id":1469391,"url":"https:\/\/noticiasya.com\/midland-odessa\/2025\/12\/18\/rodrigo-paz-bolivia-subsidio-combustible-salario-minimo-orix\/","url_meta":{"origin":1469505,"position":2},"title":"Rodrigo Paz retira la subvenci\u00f3n a combustibles y sube el salario m\u00ednimo en Bolivia, medidas &#171;aplaudidas&#187; por EE.UU.","author":"","date":"diciembre 18, 2025","format":false,"excerpt":"El presidente de Bolivia, Rodrigo Paz, declar\u00f3 este mi\u00e9rcoles una \u201cemergencia econ\u00f3mica y social\u201d y anunci\u00f3 una serie de medidas destinadas a afrontar la crisis. Entre otras, la quita de la subvenci\u00f3n de los combustibles y el incremento del salario m\u00ednimo nacional. Estas medidas fueron celebradas por el secretario de\u2026","rel":"","context":"In &quot;Noticias Nacionales&quot;","block_context":{"text":"Noticias Nacionales","link":"https:\/\/noticiasya.com\/midland-odessa\/categoria\/noticias-nacionales"},"img":{"alt_text":"","src":"","width":0,"height":0},"classes":[]},{"id":1465077,"url":"https:\/\/noticiasya.com\/midland-odessa\/2025\/08\/02\/cinco-mineros-mueren-derrumbe-potosi-bolivia-orix\/","url_meta":{"origin":1469505,"position":3},"title":"Cinco mineros mueren tras un derrumbe en Potos\u00ed, en el suroeste de Bolivia","author":"","date":"agosto 2, 2025","format":false,"excerpt":"Cinco mineros murieron tras un derrumbe registrado en una mina de oro en el departamento de Potos\u00ed, en el suroeste de Bolivia, dijo este s\u00e1bado el comandante departamental de la Polic\u00eda, Fernando Ben\u00edtez, a la televisora estatal Bolivia TV.Dos de los fallecidos ya fueron identificados, se\u00f1al\u00f3 Ben\u00edtez, y agreg\u00f3 que\u2026","rel":"","context":"In &quot;Noticias Nacionales&quot;","block_context":{"text":"Noticias Nacionales","link":"https:\/\/noticiasya.com\/midland-odessa\/categoria\/noticias-nacionales"},"img":{"alt_text":"","src":"","width":0,"height":0},"classes":[]},{"id":1467917,"url":"https:\/\/noticiasya.com\/midland-odessa\/2025\/10\/31\/marco-rubio-rodrigo-paz-asociacion-bolivia-orix\/","url_meta":{"origin":1469505,"position":4},"title":"Marco Rubio se re\u00fane con Rodrigo Paz y promete &#171;una asociaci\u00f3n s\u00f3lida&#187; de EE.UU. con Bolivia","author":"","date":"octubre 31, 2025","format":false,"excerpt":"El secretario de Estado de Estados Unidos, Marco Rubio, y el presidente electo de Bolivia, Rodrigo Paz, se reunieron este viernes en Washington, en un encuentro en el que Rubio prometi\u00f3 que su Gobierno construir\u00e1 \u201cuna asociaci\u00f3n s\u00f3lida\u201d con el pa\u00eds sudamericano, dijo el Departamento de Estado en un comunicado.Los\u2026","rel":"","context":"In &quot;Noticias Nacionales&quot;","block_context":{"text":"Noticias Nacionales","link":"https:\/\/noticiasya.com\/midland-odessa\/categoria\/noticias-nacionales"},"img":{"alt_text":"","src":"","width":0,"height":0},"classes":[]},{"id":1472379,"url":"https:\/\/noticiasya.com\/midland-odessa\/2026\/03\/20\/impacto-economico-guerra-iran-america-latina-orix\/","url_meta":{"origin":1469505,"position":5},"title":"El impacto de la guerra en Ir\u00e1n, de M\u00e9xico a Argentina: combustibles, el fantasma de la inflaci\u00f3n y un precio en particular","author":"","date":"marzo 20, 2026","format":false,"excerpt":"Est\u00e1n a miles de de kil\u00f3metros de distancia, pero pa\u00edses de Am\u00e9rica Latina y Espa\u00f1a miran con cautela e incertidumbre c\u00f3mo la guerra de Estados Unidos e Israel con Ir\u00e1n, que ya lleva semanas, pone una presi\u00f3n creciente sobre sus econom\u00edas locales.Los ataques de Ir\u00e1n contra la infraestructura energ\u00e9tica en\u2026","rel":"","context":"In &quot;Noticias Nacionales&quot;","block_context":{"text":"Noticias Nacionales","link":"https:\/\/noticiasya.com\/midland-odessa\/categoria\/noticias-nacionales"},"img":{"alt_text":"","src":"","width":0,"height":0},"classes":[]}],"jetpack_sharing_enabled":true,"_links":{"self":[{"href":"https:\/\/noticiasya.com\/midland-odessa\/wp-json\/wp\/v2\/posts\/1469505","targetHints":{"allow":["GET"]}}],"collection":[{"href":"https:\/\/noticiasya.com\/midland-odessa\/wp-json\/wp\/v2\/posts"}],"about":[{"href":"https:\/\/noticiasya.com\/midland-odessa\/wp-json\/wp\/v2\/types\/post"}],"replies":[{"embeddable":true,"href":"https:\/\/noticiasya.com\/midland-odessa\/wp-json\/wp\/v2\/comments?post=1469505"}],"version-history":[{"count":0,"href":"https:\/\/noticiasya.com\/midland-odessa\/wp-json\/wp\/v2\/posts\/1469505\/revisions"}],"wp:attachment":[{"href":"https:\/\/noticiasya.com\/midland-odessa\/wp-json\/wp\/v2\/media?parent=1469505"}],"wp:term":[{"taxonomy":"category","embeddable":true,"href":"https:\/\/noticiasya.com\/midland-odessa\/wp-json\/wp\/v2\/categories?post=1469505"},{"taxonomy":"post_tag","embeddable":true,"href":"https:\/\/noticiasya.com\/midland-odessa\/wp-json\/wp\/v2\/tags?post=1469505"}],"curies":[{"name":"wp","href":"https:\/\/api.w.org\/{rel}","templated":true}]}}