{"id":1469515,"date":"2025-12-23T08:03:50","date_gmt":"2025-12-23T16:03:50","guid":{"rendered":"https:\/\/noticiasya.com\/2025\/12\/23\/mudanza-ee-uu-a-alemania-cambio-vida-mujer-trax\/"},"modified":"2025-12-23T08:03:50","modified_gmt":"2025-12-23T16:03:50","slug":"mudanza-ee-uu-a-alemania-cambio-vida-mujer-trax","status":"publish","type":"post","link":"https:\/\/noticiasya.com\/midland-odessa\/2025\/12\/23\/mudanza-ee-uu-a-alemania-cambio-vida-mujer-trax\/","title":{"rendered":"&#171;Nunca hab\u00eda vivido en un lugar tan lindo&#187;: la  mudanza de EE.UU. a Alemania cambi\u00f3 la perspectiva de vida de esta mujer"},"content":{"rendered":"<p>Mientras conduce entre monta\u00f1as, arroyos y r\u00edos cerca de su casa en el suroeste de Alemania, Kate Raidt dice que el paisaje a\u00fan le llama la atenci\u00f3n. Bromea diciendo que es \u201cprobablemente la \u00fanica madre de familia estadounidense a la que le encantan los partidos lejos de casa\u201d.<\/p>\n<p>Raidt espera con ansias el viaje desde Ulm, su ciudad natal, hasta M\u00fanich para los compromisos futbol\u00edsticos de su hijo adolescente. \u201cEs muy dif\u00edcil estar de mal humor cuando conduces a trav\u00e9s de toda esta belleza\u201d, dice.<\/p>\n<p>\u201cCuando miro hacia afuera y veo los Alpes suizos o escucho el agua correr por un arroyo o un r\u00edo cercano, me hace muy feliz\u201d, le dice Raidt, originaria de Atlanta, a CNN Travel.<\/p>\n<p>Un a\u00f1o y medio despu\u00e9s de mudarse de Estados Unidos a Alemania con su hijo Bodie, Raidt afirma que la mudanza ha ido \u201cmucho mejor de lo que nadie podr\u00eda haber imaginado\u201d y que ambos est\u00e1n prosperando.<\/p>\n<p>Vivir cerca de parajes naturales como el r\u00edo Danubio y los Alpes b\u00e1varos ha transformado su rutina diaria. Est\u00e1 constantemente en movimiento: practica senderismo, monta en bicicleta por el Danubio, visita ba\u00f1os termales o va de \u201ccaza de castillos\u201d con su hijo.<\/p>\n<p>\u201cEsa es probablemente la mayor ventaja de estar aqu\u00ed\u201d, dice, elogiando un estilo de vida que, en su opini\u00f3n, se centra menos en la cantidad y m\u00e1s en la calidad.<\/p>\n<p>\u201cMi salud f\u00edsica. Mi salud mental\u2026 Tener la posibilidad de hacer una actividad f\u00edsica tan f\u00e1cil y rapidamente a mi alcance me salv\u00f3 por completo\u201d.<\/p>\n<p>La decisi\u00f3n de mudarse surgi\u00f3 de las oportunidades que le ofrec\u00eda su hijo. Bodie, un h\u00e1bil futbolista, se hab\u00eda animado a probar en varios clubes alemanes y hab\u00eda recibido ofertas.<\/p>\n<p>Aunque Raidt hab\u00eda visitado Alemania con frecuencia (su hija naci\u00f3 all\u00ed durante su matrimonio con un alem\u00e1n), no planeaba regresar definitivamente. Pero las ambiciones de su hijo la hicieron cambiar de opini\u00f3n.<\/p>\n<p>Le dijo que esperar\u00edan hasta que su hermana mayor, Conley, se fuera a la universidad. \u201cNo quer\u00eda que viviera solo con una familia anfitriona, as\u00ed que decid\u00ed irme con \u00e9l\u201d, cuenta.<\/p>\n<p>Unas semanas despu\u00e9s de que su hija se graduara en 2024, Raidt y Bodie dejaron Estados Unidos para irse a Alemania.<\/p>\n<p>Empezaron en un Airbnb en Ulm, una ciudad hist\u00f3rica entre M\u00fanich y Stuttgart, donde Bodie se uni\u00f3 a un equipo local. \u201cLiteralmente ten\u00eda dos maletas\u201d, dice Raidt. \u201cNo ten\u00edamos amigos. Ni familia. Ni nada\u2026 As\u00ed que, simplemente dijimos listos, \u00a1ya! \u00a1Hag\u00e1moslo realidad!\u201d.<\/p>\n<p>Raidt dice que pronto se dio cuenta de que ten\u00eda mucho que aprender. Uno de sus primeros desaf\u00edos fue la educaci\u00f3n. Bodie tiene doble nacionalidad, pero no pudo matricularse en un instituto alem\u00e1n porque \u201cno ten\u00eda suficiente experiencia con idiomas extranjeros\u201d.<\/p>\n<p>Finalmente, se matricul\u00f3 en un colegio internacional, lo que, seg\u00fan Raidt, fue un punto de inflexi\u00f3n. Enseguida se conect\u00f3 con otros padres expatriados.<\/p>\n<p>\u201cTodos hab\u00edamos dejado nuestros pa\u00edses de origen para venir aqu\u00ed\u201d, dice. Su apoyo emocional, a\u00f1ade Raidt, la ha ayudado en momentos dif\u00edciles.<\/p>\n<p>A medida que Raidt se adaptaba, empez\u00f3 a apreciar m\u00e1s la vida en Alemania, m\u00e1s all\u00e1 de su trabajo remoto para una empresa estadounidense.<\/p>\n<p>Le encantaba que \u201cla gente se re\u00fana constantemente para tomar un caf\u00e9\u201d, a diferencia de Estados Unidos, donde \u201ctodos pasan r\u00e1pidamente por el autoservicio de Starbucks\u201d.<\/p>\n<p>\u201cEstados Unidos solo tiene una ciudad con una cultura definida y es Nueva Orleans\u201d, dice. \u201cAs\u00ed que Alemania me recuerda un poco a eso\u201d.<\/p>\n<p>Pero admite que tambi\u00e9n tiene sus inconvenientes. No le gusta la cantidad de cigarrillos que se fuman y algunos aspectos de la vida cotidiana le parecen demasiado r\u00edgidos, demasiado definidos.<\/p>\n<p>La burocracia tambi\u00e9n ha sido dif\u00edcil de manejar debido al \u201cestr\u00e9s constante de ir a las oficinas gubernamentales y hacer cola\u201d.<\/p>\n<p>\u201cObtener una licencia de conducir en Alemania es como aprobar el examen de abogado o obtener una licencia m\u00e9dica\u201d, dice.<\/p>\n<p>Obtener una visa de reunificaci\u00f3n familiar, que permite a los familiares reunirse con un familiar que reside legalmente en Alemania, fue \u201clargo y complicado\u201d y requiri\u00f3 inscribirse en un seguro m\u00e9dico alem\u00e1n, que le cuesta alrededor de US$ 1.300 al mes. Dice que algunas personas en Alemania \u201csimplemente odian a los inmigrantes\u201d y la tratan diferente debido a su acento estadounidense.<\/p>\n<p>Aun as\u00ed, afirma que la experiencia general con los alemanes ha sido positiva. Ha hecho \u201camigos maravillosos\u201d, especialmente entre los padres del equipo de f\u00fatbol de su hijo.<\/p>\n<p>\u201cNinguno habla ingl\u00e9s realmente\u201d, dice Raidt. \u201cPero eso me ha obligado a mejorar mi alem\u00e1n y a encontrar un punto medio\u201d.<\/p>\n<p>Raidt dominaba el alem\u00e1n conversacional gracias a sus anteriores visitas, pero necesitaba mejorar sus habilidades para afrontar asuntos b\u00e1sicos como la gesti\u00f3n de contratos de alquiler, citas m\u00e9dicas y documentos oficiales. Ahora toma un curso de idiomas de cuatro horas diarias para aprobar el examen de fluidez que necesita para obtener la ciudadan\u00eda.<\/p>\n<p>\u201cHay d\u00edas en que pienso: \u2018Esto me va a mandar literalmente a la tumba\u2019\u201d, dice. \u201cPero al mismo tiempo, me levanta de la cama\u201d.<\/p>\n<p>Para cualquiera que est\u00e9 considerando mudarse al extranjero, Raidt aconseja elegir un lugar donde ya hablen el idioma.<\/p>\n<p>\u201cAprend\u00ed muy r\u00e1pido que si vas a vivir en alg\u00fan lugar, tu nivel de idioma debe ser mejor que el de conversaci\u00f3n\u201d, dice. \u201cDe lo contrario, es muy dif\u00edcil\u201d.<\/p>\n<p>A Raidt le parece cara Alemania, especialmente los servicios p\u00fablicos, y comenta que ahora \u201ctodo es un poco m\u00e1s peque\u00f1o\u201d, incluyendo su coche y su casa. Pero ese cambio, dice, le ha dejado claro lo que necesita.<\/p>\n<p>Sinti\u00f3 la diferencia profundamente cuando regres\u00f3 a Estados Unidos para una estancia prolongada en primavera. Volver a los viejos h\u00e1bitos \u2014conducir a todas partes, estar sentada en un escritorio todo el d\u00eda\u2014 la dej\u00f3 \u201cabrumada por las emociones y el estr\u00e9s\u201d.<\/p>\n<p>\u201cAunque segu\u00eda teniendo el mismo estr\u00e9s en mi vida, no me afect\u00f3 tanto una vez que regres\u00e9 aqu\u00ed\u201d, dice. \u201cCreo que es porque estaba en constante movimiento f\u00edsico y haciendo mucho m\u00e1s ejercicio. Simplemente me mantuvo cuerda\u201d.<\/p>\n<p>Raidt ha recuperado recientemente una antigua pasi\u00f3n. Est\u00e1 grabando un \u00e1lbum dos d\u00e9cadas despu\u00e9s de darle la espalda a la m\u00fasica.<\/p>\n<p>\u201cAs\u00ed que, a los 54 a\u00f1os y sin m\u00fasica en mi vida durante 20 a\u00f1os, \u00a1la recuper\u00e9 con ganas!\u201d, dice.<\/p>\n<p>Raidt no extra\u00f1a mucho Atlanta, dice, pero s\u00ed echa de menos a sus \u201camigas madres\u201d y tiene antojos de comida r\u00e1pida estadounidense como Chick-fil-A.<\/p>\n<p>Vuelve a Estados Unidos siempre que puede para visitar a Conley, que juega tenis universitario en Nebraska. Mientras tanto, Brodie parece estar prosperando, un gran alivio para Raidt.<\/p>\n<p>\u201cAunque me encantara estar aqu\u00ed, si \u00e9l estuviera triste, tendr\u00edamos que irnos\u201d, dice. \u201cPorque todo esto es para \u00e9l. As\u00ed que la mayor ventaja es que le ha ido muy bien\u2026 Y fue una gran mejora en mi estilo de vida\u201d.<\/p>\n<p>Madre e hijo viven actualmente en una casa adosada de tres habitaciones en la ladera de Ulm y planean quedarse en Alemania \u201cal menos dos a\u00f1os m\u00e1s\u201d, hasta que Bodie se grad\u00fae del instituto. Raidt dice que la venta de su casa en Atlanta fue como el cierre del \u00faltimo cap\u00edtulo de su vida en Estados Unidos y que no tiene ning\u00fan inter\u00e9s por volver.<\/p>\n<p>Es poco probable que se quede en Ulm una vez que su hijo se vaya, pero tambi\u00e9n est\u00e1 abierta a quedarse en Europa.<\/p>\n<p>\u201cQuiz\u00e1s vaya a Austria\u201d, dice. \u201cQuiz\u00e1s a Suiza. Quiz\u00e1s a Espa\u00f1a\u2026 No lo s\u00e9. Pero me encantar\u00eda seguir explorando Europa. Me encantar\u00eda quedarme aqu\u00ed\u201d.<\/p>\n<p>The-CNN-Wire<br \/>&trade; &amp; &copy; 2025 Cable News Network, Inc., a Warner Bros. Discovery Company. All rights reserved.<\/p>\n","protected":false},"excerpt":{"rendered":"<p>Mientras conduce entre monta\u00f1as, arroyos y r\u00edos cerca de su casa en el suroeste de Alemania, Kate Raidt dice que el paisaje a\u00fan le llama la atenci\u00f3n. Bromea diciendo que es \u201cprobablemente la \u00fanica madre de familia estadounidense a la que le encantan los partidos lejos de casa\u201d. Raidt espera con ansias el viaje desde [&hellip;]<\/p>\n","protected":false},"author":0,"featured_media":0,"comment_status":"open","ping_status":"open","sticky":false,"template":"","format":"standard","meta":{"_jetpack_memberships_contains_paid_content":false,"footnotes":""},"categories":[10],"tags":[],"class_list":["post-1469515","post","type-post","status-publish","format-standard","hentry","category-noticias-nacionales","market-global"],"yoast_head":"<!-- This site is optimized with the Yoast SEO plugin v24.4 - https:\/\/yoast.com\/wordpress\/plugins\/seo\/ -->\n<title>&quot;Nunca hab\u00eda vivido en un lugar tan lindo&quot;: la mudanza de EE.UU. a Alemania cambi\u00f3 la perspectiva de vida de esta mujer - Noticias<\/title>\n<meta name=\"robots\" content=\"index, follow, max-snippet:-1, max-image-preview:large, max-video-preview:-1\" \/>\n<link rel=\"canonical\" href=\"https:\/\/noticiasya.com\/2025\/12\/23\/mudanza-ee-uu-a-alemania-cambio-vida-mujer-trax\/\" \/>\n<meta property=\"og:locale\" content=\"es_ES\" \/>\n<meta property=\"og:type\" content=\"article\" \/>\n<meta property=\"og:title\" content=\"&quot;Nunca hab\u00eda vivido en un lugar tan lindo&quot;: la mudanza de EE.UU. a Alemania cambi\u00f3 la perspectiva de vida de esta mujer - Noticias\" \/>\n<meta property=\"og:description\" content=\"Mientras conduce entre monta\u00f1as, arroyos y r\u00edos cerca de su casa en el suroeste de Alemania, Kate Raidt dice que el paisaje a\u00fan le llama la atenci\u00f3n. Bromea diciendo que es \u201cprobablemente la \u00fanica madre de familia estadounidense a la que le encantan los partidos lejos de casa\u201d. Raidt espera con ansias el viaje desde [&hellip;]\" \/>\n<meta property=\"og:url\" content=\"https:\/\/noticiasya.com\/2025\/12\/23\/mudanza-ee-uu-a-alemania-cambio-vida-mujer-trax\/\" \/>\n<meta property=\"og:site_name\" content=\"Noticias\" \/>\n<meta property=\"article:published_time\" content=\"2025-12-23T16:03:50+00:00\" \/>\n<meta name=\"twitter:card\" content=\"summary_large_image\" \/>\n<meta name=\"twitter:label1\" content=\"Est. reading time\" \/>\n\t<meta name=\"twitter:data1\" content=\"7 minutos\" \/>\n<script type=\"application\/ld+json\" class=\"yoast-schema-graph\">{\"@context\":\"https:\/\/schema.org\",\"@graph\":[{\"@type\":\"Article\",\"@id\":\"https:\/\/noticiasya.com\/2025\/12\/23\/mudanza-ee-uu-a-alemania-cambio-vida-mujer-trax\/#article\",\"isPartOf\":{\"@id\":\"https:\/\/noticiasya.com\/2025\/12\/23\/mudanza-ee-uu-a-alemania-cambio-vida-mujer-trax\/\"},\"author\":{\"name\":\"\",\"@id\":\"\"},\"headline\":\"&#171;Nunca hab\u00eda vivido en un lugar tan lindo&#187;: la mudanza de EE.UU. a Alemania cambi\u00f3 la perspectiva de vida de esta mujer\",\"datePublished\":\"2025-12-23T16:03:50+00:00\",\"mainEntityOfPage\":{\"@id\":\"https:\/\/noticiasya.com\/2025\/12\/23\/mudanza-ee-uu-a-alemania-cambio-vida-mujer-trax\/\"},\"wordCount\":1378,\"commentCount\":0,\"publisher\":{\"@id\":\"https:\/\/noticiasya.com\/#organization\"},\"articleSection\":[\"Noticias Nacionales\"],\"inLanguage\":\"es\",\"potentialAction\":[{\"@type\":\"CommentAction\",\"name\":\"Comment\",\"target\":[\"https:\/\/noticiasya.com\/2025\/12\/23\/mudanza-ee-uu-a-alemania-cambio-vida-mujer-trax\/#respond\"]}]},{\"@type\":\"WebPage\",\"@id\":\"https:\/\/noticiasya.com\/2025\/12\/23\/mudanza-ee-uu-a-alemania-cambio-vida-mujer-trax\/\",\"url\":\"https:\/\/noticiasya.com\/2025\/12\/23\/mudanza-ee-uu-a-alemania-cambio-vida-mujer-trax\/\",\"name\":\"\\\"Nunca hab\u00eda vivido en un lugar tan lindo\\\": la mudanza de EE.UU. a Alemania cambi\u00f3 la perspectiva de vida de esta mujer - Noticias\",\"isPartOf\":{\"@id\":\"https:\/\/noticiasya.com\/#website\"},\"datePublished\":\"2025-12-23T16:03:50+00:00\",\"breadcrumb\":{\"@id\":\"https:\/\/noticiasya.com\/2025\/12\/23\/mudanza-ee-uu-a-alemania-cambio-vida-mujer-trax\/#breadcrumb\"},\"inLanguage\":\"es\",\"potentialAction\":[{\"@type\":\"ReadAction\",\"target\":[\"https:\/\/noticiasya.com\/2025\/12\/23\/mudanza-ee-uu-a-alemania-cambio-vida-mujer-trax\/\"]}]},{\"@type\":\"BreadcrumbList\",\"@id\":\"https:\/\/noticiasya.com\/2025\/12\/23\/mudanza-ee-uu-a-alemania-cambio-vida-mujer-trax\/#breadcrumb\",\"itemListElement\":[{\"@type\":\"ListItem\",\"position\":1,\"name\":\"Home\",\"item\":\"https:\/\/noticiasya.com\/\"},{\"@type\":\"ListItem\",\"position\":2,\"name\":\"&#171;Nunca hab\u00eda vivido en un lugar tan lindo&#187;: la mudanza de EE.UU. a Alemania cambi\u00f3 la perspectiva de vida de esta mujer\"}]},{\"@type\":\"WebSite\",\"@id\":\"https:\/\/noticiasya.com\/#website\",\"url\":\"https:\/\/noticiasya.com\/\",\"name\":\"Noticias\",\"description\":\"Lo que importa\",\"publisher\":{\"@id\":\"https:\/\/noticiasya.com\/#organization\"},\"potentialAction\":[{\"@type\":\"SearchAction\",\"target\":{\"@type\":\"EntryPoint\",\"urlTemplate\":\"https:\/\/noticiasya.com\/?s={search_term_string}\"},\"query-input\":{\"@type\":\"PropertyValueSpecification\",\"valueRequired\":true,\"valueName\":\"search_term_string\"}}],\"inLanguage\":\"es\"},{\"@type\":\"Organization\",\"@id\":\"https:\/\/noticiasya.com\/#organization\",\"name\":\"Noticias\",\"url\":\"https:\/\/noticiasya.com\/\",\"logo\":{\"@type\":\"ImageObject\",\"inLanguage\":\"es\",\"@id\":\"https:\/\/noticiasya.com\/#\/schema\/logo\/image\/\",\"url\":\"https:\/\/noticiasya.com\/wp-content\/uploads\/sites\/22\/2023\/12\/logo-nacional.png\",\"contentUrl\":\"https:\/\/noticiasya.com\/wp-content\/uploads\/sites\/22\/2023\/12\/logo-nacional.png\",\"width\":1801,\"height\":691,\"caption\":\"Noticias\"},\"image\":{\"@id\":\"https:\/\/noticiasya.com\/#\/schema\/logo\/image\/\"}}]}<\/script>\n<!-- \/ Yoast SEO plugin. -->","yoast_head_json":{"title":"\"Nunca hab\u00eda vivido en un lugar tan lindo\": la mudanza de EE.UU. a Alemania cambi\u00f3 la perspectiva de vida de esta mujer - Noticias","robots":{"index":"index","follow":"follow","max-snippet":"max-snippet:-1","max-image-preview":"max-image-preview:large","max-video-preview":"max-video-preview:-1"},"canonical":"https:\/\/noticiasya.com\/2025\/12\/23\/mudanza-ee-uu-a-alemania-cambio-vida-mujer-trax\/","og_locale":"es_ES","og_type":"article","og_title":"\"Nunca hab\u00eda vivido en un lugar tan lindo\": la mudanza de EE.UU. a Alemania cambi\u00f3 la perspectiva de vida de esta mujer - Noticias","og_description":"Mientras conduce entre monta\u00f1as, arroyos y r\u00edos cerca de su casa en el suroeste de Alemania, Kate Raidt dice que el paisaje a\u00fan le llama la atenci\u00f3n. Bromea diciendo que es \u201cprobablemente la \u00fanica madre de familia estadounidense a la que le encantan los partidos lejos de casa\u201d. Raidt espera con ansias el viaje desde [&hellip;]","og_url":"https:\/\/noticiasya.com\/2025\/12\/23\/mudanza-ee-uu-a-alemania-cambio-vida-mujer-trax\/","og_site_name":"Noticias","article_published_time":"2025-12-23T16:03:50+00:00","twitter_card":"summary_large_image","twitter_misc":{"Est. reading time":"7 minutos"},"schema":{"@context":"https:\/\/schema.org","@graph":[{"@type":"Article","@id":"https:\/\/noticiasya.com\/2025\/12\/23\/mudanza-ee-uu-a-alemania-cambio-vida-mujer-trax\/#article","isPartOf":{"@id":"https:\/\/noticiasya.com\/2025\/12\/23\/mudanza-ee-uu-a-alemania-cambio-vida-mujer-trax\/"},"author":{"name":"","@id":""},"headline":"&#171;Nunca hab\u00eda vivido en un lugar tan lindo&#187;: la mudanza de EE.UU. a Alemania cambi\u00f3 la perspectiva de vida de esta mujer","datePublished":"2025-12-23T16:03:50+00:00","mainEntityOfPage":{"@id":"https:\/\/noticiasya.com\/2025\/12\/23\/mudanza-ee-uu-a-alemania-cambio-vida-mujer-trax\/"},"wordCount":1378,"commentCount":0,"publisher":{"@id":"https:\/\/noticiasya.com\/#organization"},"articleSection":["Noticias Nacionales"],"inLanguage":"es","potentialAction":[{"@type":"CommentAction","name":"Comment","target":["https:\/\/noticiasya.com\/2025\/12\/23\/mudanza-ee-uu-a-alemania-cambio-vida-mujer-trax\/#respond"]}]},{"@type":"WebPage","@id":"https:\/\/noticiasya.com\/2025\/12\/23\/mudanza-ee-uu-a-alemania-cambio-vida-mujer-trax\/","url":"https:\/\/noticiasya.com\/2025\/12\/23\/mudanza-ee-uu-a-alemania-cambio-vida-mujer-trax\/","name":"\"Nunca hab\u00eda vivido en un lugar tan lindo\": la mudanza de EE.UU. a Alemania cambi\u00f3 la perspectiva de vida de esta mujer - Noticias","isPartOf":{"@id":"https:\/\/noticiasya.com\/#website"},"datePublished":"2025-12-23T16:03:50+00:00","breadcrumb":{"@id":"https:\/\/noticiasya.com\/2025\/12\/23\/mudanza-ee-uu-a-alemania-cambio-vida-mujer-trax\/#breadcrumb"},"inLanguage":"es","potentialAction":[{"@type":"ReadAction","target":["https:\/\/noticiasya.com\/2025\/12\/23\/mudanza-ee-uu-a-alemania-cambio-vida-mujer-trax\/"]}]},{"@type":"BreadcrumbList","@id":"https:\/\/noticiasya.com\/2025\/12\/23\/mudanza-ee-uu-a-alemania-cambio-vida-mujer-trax\/#breadcrumb","itemListElement":[{"@type":"ListItem","position":1,"name":"Home","item":"https:\/\/noticiasya.com\/"},{"@type":"ListItem","position":2,"name":"&#171;Nunca hab\u00eda vivido en un lugar tan lindo&#187;: la mudanza de EE.UU. a Alemania cambi\u00f3 la perspectiva de vida de esta mujer"}]},{"@type":"WebSite","@id":"https:\/\/noticiasya.com\/#website","url":"https:\/\/noticiasya.com\/","name":"Noticias","description":"Lo que importa","publisher":{"@id":"https:\/\/noticiasya.com\/#organization"},"potentialAction":[{"@type":"SearchAction","target":{"@type":"EntryPoint","urlTemplate":"https:\/\/noticiasya.com\/?s={search_term_string}"},"query-input":{"@type":"PropertyValueSpecification","valueRequired":true,"valueName":"search_term_string"}}],"inLanguage":"es"},{"@type":"Organization","@id":"https:\/\/noticiasya.com\/#organization","name":"Noticias","url":"https:\/\/noticiasya.com\/","logo":{"@type":"ImageObject","inLanguage":"es","@id":"https:\/\/noticiasya.com\/#\/schema\/logo\/image\/","url":"https:\/\/noticiasya.com\/wp-content\/uploads\/sites\/22\/2023\/12\/logo-nacional.png","contentUrl":"https:\/\/noticiasya.com\/wp-content\/uploads\/sites\/22\/2023\/12\/logo-nacional.png","width":1801,"height":691,"caption":"Noticias"},"image":{"@id":"https:\/\/noticiasya.com\/#\/schema\/logo\/image\/"}}]}},"parsely":{"version":"1.1.0","canonical_url":"https:\/\/noticiasya.com\/midland-odessa\/2025\/12\/23\/mudanza-ee-uu-a-alemania-cambio-vida-mujer-trax\/","smart_links":{"inbound":0,"outbound":0},"traffic_boost_suggestions_count":0,"meta":{"@context":"https:\/\/schema.org","@type":"NewsArticle","headline":"&#171;Nunca hab\u00eda vivido en un lugar tan lindo&#187;: la  mudanza de EE.UU. a Alemania cambi\u00f3 la perspectiva de vida de esta mujer","url":"http:\/\/noticiasya.com\/midland-odessa\/2025\/12\/23\/mudanza-ee-uu-a-alemania-cambio-vida-mujer-trax\/","mainEntityOfPage":{"@type":"WebPage","@id":"http:\/\/noticiasya.com\/midland-odessa\/2025\/12\/23\/mudanza-ee-uu-a-alemania-cambio-vida-mujer-trax\/"},"thumbnailUrl":"","image":{"@type":"ImageObject","url":""},"articleSection":"Noticias Nacionales","author":[],"creator":[],"publisher":{"@type":"Organization","name":"Noticias","logo":""},"keywords":[],"dateCreated":"2025-12-23T16:03:50Z","datePublished":"2025-12-23T16:03:50Z","dateModified":"2025-12-23T16:03:50Z"},"rendered":"<script type=\"application\/ld+json\" class=\"wp-parsely-metadata\">{\"@context\":\"https:\\\/\\\/schema.org\",\"@type\":\"NewsArticle\",\"headline\":\"&#171;Nunca hab\\u00eda vivido en un lugar tan lindo&#187;: la  mudanza de EE.UU. a Alemania cambi\\u00f3 la perspectiva de vida de esta mujer\",\"url\":\"http:\\\/\\\/noticiasya.com\\\/midland-odessa\\\/2025\\\/12\\\/23\\\/mudanza-ee-uu-a-alemania-cambio-vida-mujer-trax\\\/\",\"mainEntityOfPage\":{\"@type\":\"WebPage\",\"@id\":\"http:\\\/\\\/noticiasya.com\\\/midland-odessa\\\/2025\\\/12\\\/23\\\/mudanza-ee-uu-a-alemania-cambio-vida-mujer-trax\\\/\"},\"thumbnailUrl\":\"\",\"image\":{\"@type\":\"ImageObject\",\"url\":\"\"},\"articleSection\":\"Noticias Nacionales\",\"author\":[],\"creator\":[],\"publisher\":{\"@type\":\"Organization\",\"name\":\"Noticias\",\"logo\":\"\"},\"keywords\":[],\"dateCreated\":\"2025-12-23T16:03:50Z\",\"datePublished\":\"2025-12-23T16:03:50Z\",\"dateModified\":\"2025-12-23T16:03:50Z\"}<\/script>","tracker_url":"https:\/\/cdn.parsely.com\/keys\/noticiasya.com\/p.js"},"jetpack_featured_media_url":"","jetpack-related-posts":[{"id":1462807,"url":"https:\/\/noticiasya.com\/midland-odessa\/2025\/05\/26\/dejo-alemania-por-eeuu-regreso-arrepentida-trax\/","url_meta":{"origin":1469515,"position":0},"title":"&#171;Estados Unidos es el mejor lugar para existir&#187;: Regres\u00f3 a Alemania despu\u00e9s de vivir en California, y ahora est\u00e1 arrepentida","author":"","date":"mayo 26, 2025","format":false,"excerpt":"Dej\u00f3 Alemania por Estados Unidos a finales de la d\u00e9cada de 1970 y construy\u00f3 una vida maravillosa en California, pero casi cuatro d\u00e9cadas despu\u00e9s, Camilla Delsid decidi\u00f3 regresar a su pa\u00eds natal.La madre de dos hijos, que creci\u00f3 en el sur de Alemania, ha estado viviendo cerca de la ciudad\u2026","rel":"","context":"In &quot;Noticias Nacionales&quot;","block_context":{"text":"Noticias Nacionales","link":"https:\/\/noticiasya.com\/midland-odessa\/categoria\/noticias-nacionales"},"img":{"alt_text":"","src":"","width":0,"height":0},"classes":[]},{"id":1447080,"url":"https:\/\/noticiasya.com\/midland-odessa\/2024\/03\/18\/europeos-mudanza-estados-unidos-trax\/","url_meta":{"origin":1469515,"position":1},"title":"Estos europeos se mudaron a Estados Unidos y dicen que no hay vuelta atr\u00e1s","author":"","date":"marzo 18, 2024","format":false,"excerpt":"(CNN) -- A pesar de todas las historias de familias estadounidenses que han dicho adi\u00f3s a Estados Unidos para dar a sus hijos una educaci\u00f3n diferente en Francia, que se mudaron a Italia en busca de un mejor estilo de vida o que se han trasladado a Portugal para poder\u2026","rel":"","context":"In &quot;Noticias Nacionales&quot;","block_context":{"text":"Noticias Nacionales","link":"https:\/\/noticiasya.com\/midland-odessa\/categoria\/noticias-nacionales"},"img":{"alt_text":"","src":"","width":0,"height":0},"classes":[]},{"id":1461916,"url":"https:\/\/noticiasya.com\/midland-odessa\/2025\/05\/02\/william-scull-canelo-boxeo-perfil-orix\/","url_meta":{"origin":1469515,"position":2},"title":"\u00bfQui\u00e9n es William Scull, el boxeador que enfrentar\u00e1 al Canelo en Arabia Saudita?","author":"","date":"mayo 2, 2025","format":false,"excerpt":"El cubano William Scull es el pr\u00f3ximo rival del boxeador mexicano Sa\u00fal \u201cCanelo\u201d \u00c1lvarez y, si bien para muchos es un desconocido por haber tenido la mayor\u00eda de sus combates como profesional en Argentina y Alemania, el p\u00fagil nacido en la provincia de Matanzas e invicto en el peso supermediano\u2026","rel":"","context":"In &quot;Noticias Nacionales&quot;","block_context":{"text":"Noticias Nacionales","link":"https:\/\/noticiasya.com\/midland-odessa\/categoria\/noticias-nacionales"},"img":{"alt_text":"","src":"","width":0,"height":0},"classes":[]},{"id":1461646,"url":"https:\/\/noticiasya.com\/midland-odessa\/2025\/04\/25\/quien-es-cubano-william-scull-proximo-rival-canelo-alvarez-orix\/","url_meta":{"origin":1469515,"position":3},"title":"Conoce al cubano William Scull, el pr\u00f3ximo rival de Sa\u00fal &#171;Canelo&#187; \u00c1lvarez y quien libr\u00f3 su batalla m\u00e1s grande fuera del ring","author":"","date":"abril 25, 2025","format":false,"excerpt":"El cubano William Scull es el pr\u00f3ximo rival del boxeador mexicano Sa\u00fal \u201cCanelo\u201d \u00c1lvarez y si bien para muchos es un desconocido por haber tenido la mayor\u00eda de sus combates como profesional en Argentina y Alemania, el p\u00fagil nacido en la provincia de Matanzas e invicto en el peso supermediano,\u2026","rel":"","context":"In &quot;Noticias Nacionales&quot;","block_context":{"text":"Noticias Nacionales","link":"https:\/\/noticiasya.com\/midland-odessa\/categoria\/noticias-nacionales"},"img":{"alt_text":"","src":"","width":0,"height":0},"classes":[]},{"id":1464321,"url":"https:\/\/noticiasya.com\/midland-odessa\/2025\/07\/08\/desaparicion-reuben-waithaka-alabama-trax\/","url_meta":{"origin":1469515,"position":4},"title":"Vol\u00f3 casi 13.000 kil\u00f3metros para asistir a la graduaci\u00f3n de bachillerato de su nieto. Al d\u00eda siguiente, desapareci\u00f3","author":"","date":"julio 8, 2025","format":false,"excerpt":"Reuben Waithaka viaj\u00f3 12.996 kil\u00f3metros para ver a su primer nieto graduarse del bachillerato en Alabama. Lleg\u00f3 de Kenya seis d\u00edas antes con regalos sentimentales en su maleta: fotos deste\u00f1idas de su propio hijo de peque\u00f1o y camisetas con estampados africanos a juego para \u00e9l, su hijo y su nieto.Sin\u2026","rel":"","context":"In &quot;Noticias Nacionales&quot;","block_context":{"text":"Noticias Nacionales","link":"https:\/\/noticiasya.com\/midland-odessa\/categoria\/noticias-nacionales"},"img":{"alt_text":"","src":"","width":0,"height":0},"classes":[]},{"id":1458102,"url":"https:\/\/noticiasya.com\/midland-odessa\/2025\/02\/01\/ultraderecha-alemania-obsesionada-trump-musk-trax\/","url_meta":{"origin":1469515,"position":5},"title":"La ultraderecha de Alemania est\u00e1 obsesionada con Trump y Musk","author":"","date":"febrero 1, 2025","format":false,"excerpt":"\u201cTienen que tomar una decisi\u00f3n. \u00bfQuieren al partido de (el canciller) Olaf Scholz y todos esos eunucos? \u00bfO est\u00e1n de nuestro lado, con Elon Musk y Donald Trump? \u00bfCu\u00e1l de los dos lados es m\u00e1s sexy?\u201dEstas fueron las palabras de Maximilian Krah, un pol\u00edtico ultraderechista de Alternativa para Alemania (AfD)\u2026","rel":"","context":"In &quot;Noticias Nacionales&quot;","block_context":{"text":"Noticias Nacionales","link":"https:\/\/noticiasya.com\/midland-odessa\/categoria\/noticias-nacionales"},"img":{"alt_text":"","src":"","width":0,"height":0},"classes":[]}],"jetpack_sharing_enabled":true,"_links":{"self":[{"href":"https:\/\/noticiasya.com\/midland-odessa\/wp-json\/wp\/v2\/posts\/1469515","targetHints":{"allow":["GET"]}}],"collection":[{"href":"https:\/\/noticiasya.com\/midland-odessa\/wp-json\/wp\/v2\/posts"}],"about":[{"href":"https:\/\/noticiasya.com\/midland-odessa\/wp-json\/wp\/v2\/types\/post"}],"replies":[{"embeddable":true,"href":"https:\/\/noticiasya.com\/midland-odessa\/wp-json\/wp\/v2\/comments?post=1469515"}],"version-history":[{"count":0,"href":"https:\/\/noticiasya.com\/midland-odessa\/wp-json\/wp\/v2\/posts\/1469515\/revisions"}],"wp:attachment":[{"href":"https:\/\/noticiasya.com\/midland-odessa\/wp-json\/wp\/v2\/media?parent=1469515"}],"wp:term":[{"taxonomy":"category","embeddable":true,"href":"https:\/\/noticiasya.com\/midland-odessa\/wp-json\/wp\/v2\/categories?post=1469515"},{"taxonomy":"post_tag","embeddable":true,"href":"https:\/\/noticiasya.com\/midland-odessa\/wp-json\/wp\/v2\/tags?post=1469515"}],"curies":[{"name":"wp","href":"https:\/\/api.w.org\/{rel}","templated":true}]}}