{"id":1469518,"date":"2025-12-23T09:03:45","date_gmt":"2025-12-23T17:03:45","guid":{"rendered":"https:\/\/noticiasya.com\/2025\/12\/23\/petro-colombia-declara-emergencia-economica-orix\/"},"modified":"2025-12-23T09:03:45","modified_gmt":"2025-12-23T17:03:45","slug":"petro-colombia-declara-emergencia-economica-orix","status":"publish","type":"post","link":"https:\/\/noticiasya.com\/midland-odessa\/2025\/12\/23\/petro-colombia-declara-emergencia-economica-orix\/","title":{"rendered":"Petro declara la emergencia econ\u00f3mica en Colombia en medio de una encrucijada por la creciente deuda p\u00fablica"},"content":{"rendered":"<p>El Gobierno de Colombia declar\u00f3 este lunes el Estado de Emergencia Econ\u00f3mica, Social y Ecol\u00f3gica, una medida excepcional, contemplada en la Constituci\u00f3n, que le da facultades extraordinarias al presidente para expedir este tipo de decretos. El Ministerio de Hacienda justific\u00f3 esta medida argumentando que hay una crisis de financiamiento para los presupuestos de 2025 y 2026, agravada por el hundimiento de las leyes de financiamiento en el Congreso y la necesidad de cubrir un d\u00e9ficit fiscal que pone en riesgo el sistema de salud y la seguridad nacional.<\/p>\n<p>\u201cFue negada en el Congreso de la Rep\u00fablica la ley de financiamiento y eso obliga al Gobierno a tomar medidas para recuperar los ingresos necesarios que equilibren el presupuesto, aprobado por el propio Congreso\u201d, afirm\u00f3 el ministro de Hacienda, Germ\u00e1n \u00c1vila, en conferencia de prensa el 19 de diciembre.<\/p>\n<p>Seg\u00fan Hacienda, el pa\u00eds enfrenta la crisis fiscal m\u00e1s severa de su historia reciente, con una deuda que alcanza el 61% del Producto Interno Bruto. Bajo el amparo de la emergencia econ\u00f3mica, el Ejecutivo puede expedir decretos legislativos con fuerza de ley para adoptar medidas urgentes sin pasar previamente por el Congreso, pero con control posterior de legalidad por parte de la Corte Constitucional.<\/p>\n<p>Varios sectores gremiales sostienen que la emergencia econ\u00f3mica no tiene justificaci\u00f3n en estos momentos y que el Gobierno deber\u00eda tomar otras medidas, como el recorte de los gastos del Estado y reducir las contrataciones burocr\u00e1ticas. \u201cEl regalo de Navidad del Gobierno a los colombianos ser\u00e1n 16 billones de impuestos. Los que el Congreso no aprob\u00f3 por m\u00faltiples causas. Ninguna de las razones invocadas dentro del decreto de \u201cEmergencia Econ\u00f3mica\u201d son de las indicadas por la Constituci\u00f3n para poder decretarla. En cambio, son sobradamente violatorias de la Constituci\u00f3n y configuran un caso flagrante de abuso del derecho por parte de los funcionarios del gobierno nacional que lo configuraron\u201d, sostuvo en su cuenta oficial <a href=\"https:\/\/x.com\/BruceMacMaster\/status\/2003452248945209758\">en X Bruce<\/a> Mac Master, presidente de la Asociaci\u00f3n Nacional de Empresarios de Colombia, ANDI.<\/p>\n<p>Desde el Congreso, varios senadores han cuestionado que el Gobierno haya declarado la emergencia econ\u00f3mica \u201cpara obtener los recursos que no pudo lograr por la v\u00eda del Legislativo\u201d y sostienen que esa medida deber\u00e1 ser evaluada por la Corte Constitucional para verificar su pertinencia o si hubo extralimitaci\u00f3n de funciones. \u201cEste nuevo decretazo no quedar\u00e1 impune. Los controles actuar\u00e1n y la @CConstitucional tumbar\u00e1 el decreto por abuso de poder\u201d, <a href=\"https:\/\/x.com\/AngelicaLozanoC\/status\/2003309939377471627\">dijo <\/a>la senadora Ang\u00e9lica Lozano del partido Alianza Verde.<\/p>\n<p>La senadora Paloma Valencia, precandidata presidencial del partido de oposici\u00f3n Centro Democr\u00e1tico, sostuvo que esta emergencia econ\u00f3mica se traducir\u00e1 en nuevos impuestos para los colombianos. \u201cEl Gobierno decret\u00f3 la emergencia econ\u00f3mica en \u00e9poca electoral. No con base en una cat\u00e1strofe, sino por derroche, improvisaci\u00f3n y mal manejo de las finanzas p\u00fablicas. Ahora quieren tapar su fracaso cobr\u00e1ndoles m\u00e1s impuestos a los colombianos por decreto, sin debate y sin verg\u00fcenza. Los colombianos no causaron esta crisis, pero otra vez pretenden que la paguen con su bolsillo\u201d, afirm\u00f3 Valencia este martes en un mensaje en su cuenta oficial <a href=\"https:\/\/x.com\/PalomaValenciaL\/status\/2003430409325904106\">en la red social X<\/a>.<\/p>\n<p>El texto del decreto de la declaratoria de emergencia econ\u00f3mica contempla la creaci\u00f3n de impuestos al patrimonio, grav\u00e1menes a los hidrocarburos y a los licores.<\/p>\n<p>Con la expedici\u00f3n de la medida, el Gobierno podr\u00e1 redirigir recursos de manera inmediata para financiar programas sociales y operativos de seguridad, como la compra de sistemas anti drones, que hoy carecen de fondos.<\/p>\n<p>\u201cEl Gobierno del presidente Gustavo Petro decret\u00f3 la emergencia porque el Congreso bloque\u00f3 la ley de financiamiento y puso en riesgo derechos b\u00e1sicos. Este decreto NO afecta a trabajadores, clase media, campesinos, pensionados ni peque\u00f1os empresarios. Va directo a los m\u00e1s ricos del pa\u00eds\u201d, asegur\u00f3 Alejo Toro, representante a la C\u00e1mara por el partido de Gobierno Pacto Hist\u00f3rico.<\/p>\n<p>Expertos y gremios han expresado preocupaci\u00f3n por el impacto de estas medidas. Sostienen que el impuesto al patrimonio podr\u00eda tener efectos regresivos sobre empresas peque\u00f1as que no est\u00e1n generando utilidades. Centros de pensamiento como Fedesarrollo han se\u00f1alado posibles da\u00f1os a la institucionalidad y la confianza de los mercados de deuda p\u00fablica.<\/p>\n<p>\u201cNo existe ning\u00fan hecho sobreviniente que justifique la declaratoria de emergencia econ\u00f3mica por parte del Gobierno nacional. Los $16 billones de la ley de financiamiento representan menos del 3% del presupuesto para 2026. Imposible argumentar que un impacto de esta magnitud pueda perturbar o amenazar perturbar en forma grave e inminente el orden econ\u00f3mico, social y ecol\u00f3gico del pa\u00eds, que es lo que exige la Constituci\u00f3n en su art\u00edculo 215\u201d, <a href=\"https:\/\/x.com\/LuisFerMejia\/status\/2002113862452351276\">expres\u00f3 <\/a>el 19 de diciembre Luis Fernando Mej\u00eda, director del Centro de Investigaci\u00f3n Econ\u00f3mica y Social, Fedesarrollo.<\/p>\n<p>Una postura con la que coincide el exministro de hacienda Jos\u00e9 Manuel Restrepo. \u201cEste decreto de declaratoria de emergencia econ\u00f3mica es francamente muy pobre!!! Plagado de mentiras y errores y confirma lo que se ha dicho. El Gobierno \u201cfabrica\u201d una emergencia econ\u00f3mica y luego la \u201cdecreta\u201d. No responde a ning\u00fan hecho imprevisible o excepcional, ni es una perturbaci\u00f3n grave. Buena parte de la argumentaci\u00f3n responde a hechos que el propio gobierno ha generado. Tampoco se demuestra una perturbaci\u00f3n grave. Dif\u00edcilmente es susceptible de ser declarado constitucional\u201d, <a href=\"https:\/\/x.com\/jrestrp\/status\/2003329650970251494\">argument\u00f3 Restrepo<\/a> en una publicaci\u00f3n en X.<\/p>\n<p>El futuro de la emergencia est\u00e1 ahora en manos de la Corte Constitucional, que ya eval\u00faa convocar a una sala plena extraordinaria para revisar la legalidad del decreto. El tribunal deber\u00e1 determinar si los hechos invocados por el Gobierno son efectivamente sobrevinientes y graves, o si debieron resolverse mediante el tr\u00e1mite legislativo ordinario.<\/p>\n<p>Actualmente Colombia est\u00e1 en una vacancia judicial que termina el pr\u00f3ximo 10 de enero. Las emergencias econ\u00f3micas en Colombia tienen vigencia de 30 d\u00edas y son prorrogables hasta por m\u00e1ximo 90 d\u00edas, como consta en el decreto expedido este lunes por la noche.<\/p>\n<p>La semana anterior, el Gobierno tambi\u00e9n busc\u00f3 recursos adicionales por la v\u00eda del endeudamiento externo. El Ministerio de Hacienda cerr\u00f3 el a\u00f1o 2025 con una serie de movimientos agresivos en los mercados de capitales para enfrentar un panorama fiscal cada vez m\u00e1s estrecho. La reciente emisi\u00f3n de bonos TES por un valor de $23 billones,  equivalente a US$6.000 millones, y las operaciones de manejo de deuda externa han generado un intenso debate entre la estabilidad financiera y el creciente costo del endeudamiento.<\/p>\n<p>\u201cDado que las reservas de caja del Gobierno nacional est\u00e1n en su nivel m\u00e1s bajo de la historia y no hay ni con que pagar salarios (menos cu\u00e1ndo las contrataciones van en cerca de medio mill\u00f3n de personas en el \u00faltimo a\u00f1o, burocracia para que vote), el Gobierno tuvo que emitir deuda en diciembre, algo que nunca pasa (por lo general se deja de emitir en octubre), entre otras cosas para que el mercado tenga cierta predictibilidad y sea l\u00edquido. Sin embargo, la desastrosa situaci\u00f3n fiscal oblig\u00f3 a emitir en diciembre, y no emitir unos pesitos, sino 6.000 millones de d\u00f3lares!\u201d, advirti\u00f3 <a href=\"https:\/\/x.com\/MSantamariaS\/status\/2002962601190519151\">en su cuenta el X<\/a> el exdirector del Departamento Nacional de planeaci\u00f3n Mauricio Santa Mar\u00eda.<\/p>\n<p>El presidente Gustavo Petro defendi\u00f3 la medida indicando que esta emisi\u00f3n de bonos se hizo ajustada a la ley y que no afectar\u00e1 la deuda p\u00fablica de la naci\u00f3n. \u201cNosotros no nos endeudamos para financiar gasto ni corriente ni de inversi\u00f3n del actual Gobierno. Solo nos endeudamos para pagar la deuda de anteriores gobiernos, que, en el caso de la deuda interna hecha con nacionales, se eleva, pero solo por el efecto de la tasa de inter\u00e9s del Banco de la Rep\u00fablica. La deuda externa de Colombia no aumenta y tiene tendencia a disminuir respecto a la econom\u00eda\u201d, sostuvo el mandatario este lunes.<\/p>\n<p>El expresidente Iv\u00e1n Duque le respondi\u00f3 a Petro y cuestion\u00f3 el manejo fiscal de este gobierno. \u201cDurante la pandemia manejamos la econom\u00eda con responsabilidad y rigor fiscal. Entregamos la deuda bruta del Gobierno Central proyectada en 55,1% del PIB para 2023. Hoy, quien nos criticaba la increment\u00f3 irresponsablemente al 65%. Debimos acudir al FMI con el que tomamos un cr\u00e9dito flexible; ahora endeuda al pa\u00eds con un privado desconocido, a un costo mucho mayor. Y, adem\u00e1s, pretende suplantar al Congreso fabricando una \u201cemergencia econ\u00f3mica\u201d inconstitucional para imponer m\u00e1s impuestos al servicio del derroche y la corrupci\u00f3n, a costas de destruir el dinamismo empresarial y la atracci\u00f3n de inversi\u00f3n\u201d, dijo Duque en <a href=\"https:\/\/x.com\/IvanDuque\/status\/2003211948222218347\">su cuenta en X<\/a>.<\/p>\n<p>El aumento de la deuda, que alcanz\u00f3 aproximadamente el 64,1% del PIB en octubre de 2025, ha tenido consecuencias directas en la percepci\u00f3n internacional del riesgo pa\u00eds. Agencias como Fitch Ratings rebajaron la calificaci\u00f3n crediticia de Colombia a \u2018BB\u2019, citando el deterioro de las m\u00e9tricas fiscales y la rigidez del gasto p\u00fablico. Esta calificaci\u00f3n encarece cualquier nueva deuda que el pa\u00eds intente adquirir en el futuro en mercados extranjeros.<\/p>\n<p>The-CNN-Wire<br \/>&trade; &amp; &copy; 2025 Cable News Network, Inc., a Warner Bros. Discovery Company. All rights reserved.<\/p>\n","protected":false},"excerpt":{"rendered":"<p>El Gobierno de Colombia declar\u00f3 este lunes el Estado de Emergencia Econ\u00f3mica, Social y Ecol\u00f3gica, una medida excepcional, contemplada en la Constituci\u00f3n, que le da facultades extraordinarias al presidente para expedir este tipo de decretos. El Ministerio de Hacienda justific\u00f3 esta medida argumentando que hay una crisis de financiamiento para los presupuestos de 2025 y [&hellip;]<\/p>\n","protected":false},"author":0,"featured_media":0,"comment_status":"open","ping_status":"open","sticky":false,"template":"","format":"standard","meta":{"_jetpack_memberships_contains_paid_content":false,"footnotes":""},"categories":[10],"tags":[],"class_list":["post-1469518","post","type-post","status-publish","format-standard","hentry","category-noticias-nacionales","market-global"],"yoast_head":"<!-- This site is optimized with the Yoast SEO plugin v24.4 - https:\/\/yoast.com\/wordpress\/plugins\/seo\/ -->\n<title>Petro declara la emergencia econ\u00f3mica en Colombia en medio de una encrucijada por la creciente deuda p\u00fablica - Noticias<\/title>\n<meta name=\"robots\" content=\"index, follow, max-snippet:-1, max-image-preview:large, max-video-preview:-1\" \/>\n<link rel=\"canonical\" href=\"https:\/\/noticiasya.com\/2025\/12\/23\/petro-colombia-declara-emergencia-economica-orix\/\" \/>\n<meta property=\"og:locale\" content=\"es_ES\" \/>\n<meta property=\"og:type\" content=\"article\" \/>\n<meta property=\"og:title\" content=\"Petro declara la emergencia econ\u00f3mica en Colombia en medio de una encrucijada por la creciente deuda p\u00fablica - Noticias\" \/>\n<meta property=\"og:description\" content=\"El Gobierno de Colombia declar\u00f3 este lunes el Estado de Emergencia Econ\u00f3mica, Social y Ecol\u00f3gica, una medida excepcional, contemplada en la Constituci\u00f3n, que le da facultades extraordinarias al presidente para expedir este tipo de decretos. El Ministerio de Hacienda justific\u00f3 esta medida argumentando que hay una crisis de financiamiento para los presupuestos de 2025 y [&hellip;]\" \/>\n<meta property=\"og:url\" content=\"https:\/\/noticiasya.com\/2025\/12\/23\/petro-colombia-declara-emergencia-economica-orix\/\" \/>\n<meta property=\"og:site_name\" content=\"Noticias\" \/>\n<meta property=\"article:published_time\" content=\"2025-12-23T17:03:45+00:00\" \/>\n<meta name=\"twitter:card\" content=\"summary_large_image\" \/>\n<meta name=\"twitter:label1\" content=\"Est. reading time\" \/>\n\t<meta name=\"twitter:data1\" content=\"8 minutos\" \/>\n<script type=\"application\/ld+json\" class=\"yoast-schema-graph\">{\"@context\":\"https:\/\/schema.org\",\"@graph\":[{\"@type\":\"Article\",\"@id\":\"https:\/\/noticiasya.com\/2025\/12\/23\/petro-colombia-declara-emergencia-economica-orix\/#article\",\"isPartOf\":{\"@id\":\"https:\/\/noticiasya.com\/2025\/12\/23\/petro-colombia-declara-emergencia-economica-orix\/\"},\"author\":{\"name\":\"\",\"@id\":\"\"},\"headline\":\"Petro declara la emergencia econ\u00f3mica en Colombia en medio de una encrucijada por la creciente deuda p\u00fablica\",\"datePublished\":\"2025-12-23T17:03:45+00:00\",\"mainEntityOfPage\":{\"@id\":\"https:\/\/noticiasya.com\/2025\/12\/23\/petro-colombia-declara-emergencia-economica-orix\/\"},\"wordCount\":1567,\"commentCount\":0,\"publisher\":{\"@id\":\"https:\/\/noticiasya.com\/#organization\"},\"articleSection\":[\"Noticias Nacionales\"],\"inLanguage\":\"es\",\"potentialAction\":[{\"@type\":\"CommentAction\",\"name\":\"Comment\",\"target\":[\"https:\/\/noticiasya.com\/2025\/12\/23\/petro-colombia-declara-emergencia-economica-orix\/#respond\"]}]},{\"@type\":\"WebPage\",\"@id\":\"https:\/\/noticiasya.com\/2025\/12\/23\/petro-colombia-declara-emergencia-economica-orix\/\",\"url\":\"https:\/\/noticiasya.com\/2025\/12\/23\/petro-colombia-declara-emergencia-economica-orix\/\",\"name\":\"Petro declara la emergencia econ\u00f3mica en Colombia en medio de una encrucijada por la creciente deuda p\u00fablica - Noticias\",\"isPartOf\":{\"@id\":\"https:\/\/noticiasya.com\/#website\"},\"datePublished\":\"2025-12-23T17:03:45+00:00\",\"breadcrumb\":{\"@id\":\"https:\/\/noticiasya.com\/2025\/12\/23\/petro-colombia-declara-emergencia-economica-orix\/#breadcrumb\"},\"inLanguage\":\"es\",\"potentialAction\":[{\"@type\":\"ReadAction\",\"target\":[\"https:\/\/noticiasya.com\/2025\/12\/23\/petro-colombia-declara-emergencia-economica-orix\/\"]}]},{\"@type\":\"BreadcrumbList\",\"@id\":\"https:\/\/noticiasya.com\/2025\/12\/23\/petro-colombia-declara-emergencia-economica-orix\/#breadcrumb\",\"itemListElement\":[{\"@type\":\"ListItem\",\"position\":1,\"name\":\"Home\",\"item\":\"https:\/\/noticiasya.com\/\"},{\"@type\":\"ListItem\",\"position\":2,\"name\":\"Petro declara la emergencia econ\u00f3mica en Colombia en medio de una encrucijada por la creciente deuda p\u00fablica\"}]},{\"@type\":\"WebSite\",\"@id\":\"https:\/\/noticiasya.com\/#website\",\"url\":\"https:\/\/noticiasya.com\/\",\"name\":\"Noticias\",\"description\":\"Lo que importa\",\"publisher\":{\"@id\":\"https:\/\/noticiasya.com\/#organization\"},\"potentialAction\":[{\"@type\":\"SearchAction\",\"target\":{\"@type\":\"EntryPoint\",\"urlTemplate\":\"https:\/\/noticiasya.com\/?s={search_term_string}\"},\"query-input\":{\"@type\":\"PropertyValueSpecification\",\"valueRequired\":true,\"valueName\":\"search_term_string\"}}],\"inLanguage\":\"es\"},{\"@type\":\"Organization\",\"@id\":\"https:\/\/noticiasya.com\/#organization\",\"name\":\"Noticias\",\"url\":\"https:\/\/noticiasya.com\/\",\"logo\":{\"@type\":\"ImageObject\",\"inLanguage\":\"es\",\"@id\":\"https:\/\/noticiasya.com\/#\/schema\/logo\/image\/\",\"url\":\"https:\/\/noticiasya.com\/wp-content\/uploads\/sites\/22\/2023\/12\/logo-nacional.png\",\"contentUrl\":\"https:\/\/noticiasya.com\/wp-content\/uploads\/sites\/22\/2023\/12\/logo-nacional.png\",\"width\":1801,\"height\":691,\"caption\":\"Noticias\"},\"image\":{\"@id\":\"https:\/\/noticiasya.com\/#\/schema\/logo\/image\/\"}}]}<\/script>\n<!-- \/ Yoast SEO plugin. -->","yoast_head_json":{"title":"Petro declara la emergencia econ\u00f3mica en Colombia en medio de una encrucijada por la creciente deuda p\u00fablica - Noticias","robots":{"index":"index","follow":"follow","max-snippet":"max-snippet:-1","max-image-preview":"max-image-preview:large","max-video-preview":"max-video-preview:-1"},"canonical":"https:\/\/noticiasya.com\/2025\/12\/23\/petro-colombia-declara-emergencia-economica-orix\/","og_locale":"es_ES","og_type":"article","og_title":"Petro declara la emergencia econ\u00f3mica en Colombia en medio de una encrucijada por la creciente deuda p\u00fablica - Noticias","og_description":"El Gobierno de Colombia declar\u00f3 este lunes el Estado de Emergencia Econ\u00f3mica, Social y Ecol\u00f3gica, una medida excepcional, contemplada en la Constituci\u00f3n, que le da facultades extraordinarias al presidente para expedir este tipo de decretos. El Ministerio de Hacienda justific\u00f3 esta medida argumentando que hay una crisis de financiamiento para los presupuestos de 2025 y [&hellip;]","og_url":"https:\/\/noticiasya.com\/2025\/12\/23\/petro-colombia-declara-emergencia-economica-orix\/","og_site_name":"Noticias","article_published_time":"2025-12-23T17:03:45+00:00","twitter_card":"summary_large_image","twitter_misc":{"Est. reading time":"8 minutos"},"schema":{"@context":"https:\/\/schema.org","@graph":[{"@type":"Article","@id":"https:\/\/noticiasya.com\/2025\/12\/23\/petro-colombia-declara-emergencia-economica-orix\/#article","isPartOf":{"@id":"https:\/\/noticiasya.com\/2025\/12\/23\/petro-colombia-declara-emergencia-economica-orix\/"},"author":{"name":"","@id":""},"headline":"Petro declara la emergencia econ\u00f3mica en Colombia en medio de una encrucijada por la creciente deuda p\u00fablica","datePublished":"2025-12-23T17:03:45+00:00","mainEntityOfPage":{"@id":"https:\/\/noticiasya.com\/2025\/12\/23\/petro-colombia-declara-emergencia-economica-orix\/"},"wordCount":1567,"commentCount":0,"publisher":{"@id":"https:\/\/noticiasya.com\/#organization"},"articleSection":["Noticias Nacionales"],"inLanguage":"es","potentialAction":[{"@type":"CommentAction","name":"Comment","target":["https:\/\/noticiasya.com\/2025\/12\/23\/petro-colombia-declara-emergencia-economica-orix\/#respond"]}]},{"@type":"WebPage","@id":"https:\/\/noticiasya.com\/2025\/12\/23\/petro-colombia-declara-emergencia-economica-orix\/","url":"https:\/\/noticiasya.com\/2025\/12\/23\/petro-colombia-declara-emergencia-economica-orix\/","name":"Petro declara la emergencia econ\u00f3mica en Colombia en medio de una encrucijada por la creciente deuda p\u00fablica - Noticias","isPartOf":{"@id":"https:\/\/noticiasya.com\/#website"},"datePublished":"2025-12-23T17:03:45+00:00","breadcrumb":{"@id":"https:\/\/noticiasya.com\/2025\/12\/23\/petro-colombia-declara-emergencia-economica-orix\/#breadcrumb"},"inLanguage":"es","potentialAction":[{"@type":"ReadAction","target":["https:\/\/noticiasya.com\/2025\/12\/23\/petro-colombia-declara-emergencia-economica-orix\/"]}]},{"@type":"BreadcrumbList","@id":"https:\/\/noticiasya.com\/2025\/12\/23\/petro-colombia-declara-emergencia-economica-orix\/#breadcrumb","itemListElement":[{"@type":"ListItem","position":1,"name":"Home","item":"https:\/\/noticiasya.com\/"},{"@type":"ListItem","position":2,"name":"Petro declara la emergencia econ\u00f3mica en Colombia en medio de una encrucijada por la creciente deuda p\u00fablica"}]},{"@type":"WebSite","@id":"https:\/\/noticiasya.com\/#website","url":"https:\/\/noticiasya.com\/","name":"Noticias","description":"Lo que importa","publisher":{"@id":"https:\/\/noticiasya.com\/#organization"},"potentialAction":[{"@type":"SearchAction","target":{"@type":"EntryPoint","urlTemplate":"https:\/\/noticiasya.com\/?s={search_term_string}"},"query-input":{"@type":"PropertyValueSpecification","valueRequired":true,"valueName":"search_term_string"}}],"inLanguage":"es"},{"@type":"Organization","@id":"https:\/\/noticiasya.com\/#organization","name":"Noticias","url":"https:\/\/noticiasya.com\/","logo":{"@type":"ImageObject","inLanguage":"es","@id":"https:\/\/noticiasya.com\/#\/schema\/logo\/image\/","url":"https:\/\/noticiasya.com\/wp-content\/uploads\/sites\/22\/2023\/12\/logo-nacional.png","contentUrl":"https:\/\/noticiasya.com\/wp-content\/uploads\/sites\/22\/2023\/12\/logo-nacional.png","width":1801,"height":691,"caption":"Noticias"},"image":{"@id":"https:\/\/noticiasya.com\/#\/schema\/logo\/image\/"}}]}},"parsely":{"version":"1.1.0","canonical_url":"https:\/\/noticiasya.com\/midland-odessa\/2025\/12\/23\/petro-colombia-declara-emergencia-economica-orix\/","smart_links":{"inbound":0,"outbound":0},"traffic_boost_suggestions_count":0,"meta":{"@context":"https:\/\/schema.org","@type":"NewsArticle","headline":"Petro declara la emergencia econ\u00f3mica en Colombia en medio de una encrucijada por la creciente deuda p\u00fablica","url":"http:\/\/noticiasya.com\/midland-odessa\/2025\/12\/23\/petro-colombia-declara-emergencia-economica-orix\/","mainEntityOfPage":{"@type":"WebPage","@id":"http:\/\/noticiasya.com\/midland-odessa\/2025\/12\/23\/petro-colombia-declara-emergencia-economica-orix\/"},"thumbnailUrl":"","image":{"@type":"ImageObject","url":""},"articleSection":"Noticias Nacionales","author":[],"creator":[],"publisher":{"@type":"Organization","name":"Noticias","logo":""},"keywords":[],"dateCreated":"2025-12-23T17:03:45Z","datePublished":"2025-12-23T17:03:45Z","dateModified":"2025-12-23T17:03:45Z"},"rendered":"<script type=\"application\/ld+json\" class=\"wp-parsely-metadata\">{\"@context\":\"https:\\\/\\\/schema.org\",\"@type\":\"NewsArticle\",\"headline\":\"Petro declara la emergencia econ\\u00f3mica en Colombia en medio de una encrucijada por la creciente deuda p\\u00fablica\",\"url\":\"http:\\\/\\\/noticiasya.com\\\/midland-odessa\\\/2025\\\/12\\\/23\\\/petro-colombia-declara-emergencia-economica-orix\\\/\",\"mainEntityOfPage\":{\"@type\":\"WebPage\",\"@id\":\"http:\\\/\\\/noticiasya.com\\\/midland-odessa\\\/2025\\\/12\\\/23\\\/petro-colombia-declara-emergencia-economica-orix\\\/\"},\"thumbnailUrl\":\"\",\"image\":{\"@type\":\"ImageObject\",\"url\":\"\"},\"articleSection\":\"Noticias Nacionales\",\"author\":[],\"creator\":[],\"publisher\":{\"@type\":\"Organization\",\"name\":\"Noticias\",\"logo\":\"\"},\"keywords\":[],\"dateCreated\":\"2025-12-23T17:03:45Z\",\"datePublished\":\"2025-12-23T17:03:45Z\",\"dateModified\":\"2025-12-23T17:03:45Z\"}<\/script>","tracker_url":"https:\/\/cdn.parsely.com\/keys\/noticiasya.com\/p.js"},"jetpack_featured_media_url":"","jetpack-related-posts":[{"id":1470690,"url":"https:\/\/noticiasya.com\/midland-odessa\/2026\/01\/30\/senado-proyecto-ley-financiamiento-trump-fin-al-cierre-trax\/","url_meta":{"origin":1469518,"position":0},"title":"El Senado aprueba ley de financiamiento respaldada por Trump y presiona a la C\u00e1mara para poner fin al cierre del Gobierno","author":"","date":"enero 30, 2026","format":false,"excerpt":"El Senado ha dado un paso para que el Congreso evite otro cierre prolongado del Gobierno, al aprobar un importante acuerdo presupuestario alcanzado con la Casa Blanca que financia temporalmente al Departamento de Seguridad Nacional (DHS, por sus siglas en ingl\u00e9s), permitiendo as\u00ed negociaciones a largo plazo sobre la pol\u00edtica\u2026","rel":"","context":"In &quot;Noticias Nacionales&quot;","block_context":{"text":"Noticias Nacionales","link":"https:\/\/noticiasya.com\/midland-odessa\/categoria\/noticias-nacionales"},"img":{"alt_text":"","src":"","width":0,"height":0},"classes":[]},{"id":1458219,"url":"https:\/\/noticiasya.com\/midland-odessa\/2025\/02\/04\/trump-decreto-eliminacion-departamento-educacion-trax\/","url_meta":{"origin":1469518,"position":1},"title":"El gobierno de Trump trabaja en un decreto para comenzar la eliminaci\u00f3n del Departamento de Educaci\u00f3n","author":"","date":"febrero 4, 2025","format":false,"excerpt":"El Gobierno de Trump comenz\u00f3 a redactar un decreto que dar\u00eda inicio al proceso de eliminaci\u00f3n del Departamento de Educaci\u00f3n, la medida m\u00e1s reciente del presidente Donald Trump para cumplir con sus promesas de campa\u00f1a, dijeron a CNN dos fuentes familiarizadas con sus planes.La medida se realizar\u00eda en dos etapas,\u2026","rel":"","context":"In &quot;Noticias Nacionales&quot;","block_context":{"text":"Noticias Nacionales","link":"https:\/\/noticiasya.com\/midland-odessa\/categoria\/noticias-nacionales"},"img":{"alt_text":"","src":"","width":0,"height":0},"classes":[]},{"id":1458328,"url":"https:\/\/noticiasya.com\/midland-odessa\/2025\/02\/06\/graciela-ocana-es-una-medida-de-seguidismo-que-no-aportara-nada-a-los-argentinos\/","url_meta":{"origin":1469518,"position":2},"title":"Graciela Oca\u00f1a: &#171;Es una medida de seguidismo que no aportar\u00e1 nada a los argentinos&#187;","author":"","date":"febrero 6, 2025","format":false,"excerpt":"Graciela Oca\u00f1a, legisladora de la ciudad de Buenos Aires por Confianza P\u00fablica y exministra de Salud de la Naci\u00f3n, se refiri\u00f3 a la decisi\u00f3n del gobierno de retirar a Argentina de la Organizaci\u00f3n Mundial de la Salud (OMS).En CNN Primera Ma\u00f1ana, afirm\u00f3 que \u201cseguramente no ser\u00e1 una mejora en la\u2026","rel":"","context":"In &quot;Noticias Nacionales&quot;","block_context":{"text":"Noticias Nacionales","link":"https:\/\/noticiasya.com\/midland-odessa\/categoria\/noticias-nacionales"},"img":{"alt_text":"","src":"","width":0,"height":0},"classes":[]},{"id":1470498,"url":"https:\/\/noticiasya.com\/midland-odessa\/2026\/01\/26\/negociaciones-financiamiento-gobierno-ice-minneapolis-trax\/","url_meta":{"origin":1469518,"position":3},"title":"C\u00f3mo van las negociaciones sobre el financiamiento del Gobierno tras el tiroteo en Minneapolis","author":"","date":"enero 26, 2026","format":false,"excerpt":"La posibilidad de un cierre parcial del Gobierno para el final de la semana est\u00e1 creciendo, ya que el destino del financiamiento para el Departamento de Seguridad Nacional (DHS, por sus siglas en ingl\u00e9s) y otras agencias gubernamentales clave est\u00e1 en juego.Tras otro tiroteo mortal por parte de un agente\u2026","rel":"","context":"In &quot;Noticias Nacionales&quot;","block_context":{"text":"Noticias Nacionales","link":"https:\/\/noticiasya.com\/midland-odessa\/categoria\/noticias-nacionales"},"img":{"alt_text":"","src":"","width":0,"height":0},"classes":[]},{"id":1456743,"url":"https:\/\/noticiasya.com\/midland-odessa\/2024\/12\/18\/zar-frontera-trump-plan-deportaciones-financiamiento-trax\/","url_meta":{"origin":1469518,"position":4},"title":"El &#171;zar de la frontera&#187; de Trump dice que necesitar\u00e1 financiamiento y 100.000 camas para realizar sus planes de deportaci\u00f3n","author":"","date":"diciembre 18, 2024","format":false,"excerpt":"Tom Homan, a quien Donald Trump ha designado como el \u201czar de la frontera\u201d de su pr\u00f3xima administraci\u00f3n, dijo este mi\u00e9rcoles por la noche que se est\u00e1n planeando deportaciones de inmigrantes indocumentados a gran escala y que necesitar\u00e1 financiamiento del Congreso para hacerlo.En una entrevista con Kaitlan Collins de CNN,\u2026","rel":"","context":"In &quot;Noticias Nacionales&quot;","block_context":{"text":"Noticias Nacionales","link":"https:\/\/noticiasya.com\/midland-odessa\/categoria\/noticias-nacionales"},"img":{"alt_text":"","src":"","width":0,"height":0},"classes":[]},{"id":1471148,"url":"https:\/\/noticiasya.com\/midland-odessa\/2026\/02\/12\/financiamiento-dhs-vence-manana-congreso-estancado-trax\/","url_meta":{"origin":1469518,"position":5},"title":"El financiamiento del Departamento de Seguridad Nacional vence este viernes mientras el Congreso sigue estancado","author":"","date":"febrero 12, 2026","format":false,"excerpt":"Dado que el financiamiento del Departamento de Seguridad Nacional (DHS) est\u00e1 a punto de expirar este viernes a la medianoche, los republicanos est\u00e1n advirtiendo al presidente Donald Trump: no ceda ante la presi\u00f3n p\u00fablica en un tema central de su campa\u00f1a.Incluso mientras la Casa Blanca ha estado en contacto con\u2026","rel":"","context":"In &quot;Noticias Nacionales&quot;","block_context":{"text":"Noticias Nacionales","link":"https:\/\/noticiasya.com\/midland-odessa\/categoria\/noticias-nacionales"},"img":{"alt_text":"","src":"","width":0,"height":0},"classes":[]}],"jetpack_sharing_enabled":true,"_links":{"self":[{"href":"https:\/\/noticiasya.com\/midland-odessa\/wp-json\/wp\/v2\/posts\/1469518","targetHints":{"allow":["GET"]}}],"collection":[{"href":"https:\/\/noticiasya.com\/midland-odessa\/wp-json\/wp\/v2\/posts"}],"about":[{"href":"https:\/\/noticiasya.com\/midland-odessa\/wp-json\/wp\/v2\/types\/post"}],"replies":[{"embeddable":true,"href":"https:\/\/noticiasya.com\/midland-odessa\/wp-json\/wp\/v2\/comments?post=1469518"}],"version-history":[{"count":0,"href":"https:\/\/noticiasya.com\/midland-odessa\/wp-json\/wp\/v2\/posts\/1469518\/revisions"}],"wp:attachment":[{"href":"https:\/\/noticiasya.com\/midland-odessa\/wp-json\/wp\/v2\/media?parent=1469518"}],"wp:term":[{"taxonomy":"category","embeddable":true,"href":"https:\/\/noticiasya.com\/midland-odessa\/wp-json\/wp\/v2\/categories?post=1469518"},{"taxonomy":"post_tag","embeddable":true,"href":"https:\/\/noticiasya.com\/midland-odessa\/wp-json\/wp\/v2\/tags?post=1469518"}],"curies":[{"name":"wp","href":"https:\/\/api.w.org\/{rel}","templated":true}]}}