{"id":1469519,"date":"2025-12-23T09:03:45","date_gmt":"2025-12-23T17:03:45","guid":{"rendered":"https:\/\/noticiasya.com\/2025\/12\/23\/papa-leon-chiclayo-navidad-peru-orix\/"},"modified":"2025-12-23T09:03:45","modified_gmt":"2025-12-23T17:03:45","slug":"papa-leon-chiclayo-navidad-peru-orix","status":"publish","type":"post","link":"https:\/\/noticiasya.com\/midland-odessa\/2025\/12\/23\/papa-leon-chiclayo-navidad-peru-orix\/","title":{"rendered":"Le\u00f3n XIV pasar\u00e1 su primera Navidad en el Vaticano, pero Robert Prevost ser\u00e1 el protagonista de las celebraciones en Chiclayo"},"content":{"rendered":"<p>\u201cYo quiero una pistola por Navidad\u201d, le dice al padre Elky Segura uno de los ni\u00f1os que juegan en la puerta del \u2018Comedor parroquial Le\u00f3n XIV\u201d. \u201cPistola no, es malo\u201d, le contesta el padre con una sonrisa. \u201cDe juguete\u201d, aclara el peque\u00f1o.<\/p>\n<p>Los ni\u00f1os r\u00eden y hacen bulla; el viento levanta la tierra afuera del comedor de material prefabricado. Adentro, cerca de la cocina, peque\u00f1a y muy sencilla, las fotos del entonces monse\u00f1or Robert Prevost est\u00e1n pegadas en la pared, como una estampita que los cuida. Son de 2018, a\u00f1o en el que inaugur\u00f3 el lugar con fondos de C\u00e1ritas, la confederaci\u00f3n de la iglesia para obras sociales.<\/p>\n<p>En la cocina, Rosita y Daria sirven el almuerzo a una parte de las 70 personas que comen en este lugar a diario. Daria cuenta que su d\u00eda inicia a las 6:30 de la ma\u00f1ana. \u201cSoy la que hace las compras, me voy al mercado. Yo le pregunto a Rosita un d\u00eda antes qu\u00e9 se va a hacer\u201d. As\u00ed, desde las nueve de la ma\u00f1ana, Rosita hace el milagro de todo cocinero.<\/p>\n<p>El padre Elky Segura es p\u00e1rroco de la parroquia Se\u00f1or de los Milagros de la Di\u00f3cesis de Chiclayo, que tiene cuatro capillas. En una de ellas, est\u00e1 el comedor inaugurado por Prevost.<\/p>\n<p>\u201cMose\u00f1or Prevost, viendo que aqu\u00ed hab\u00eda una capilla y un terreno amplio, decidi\u00f3 construir con C\u00e1ritas\u201d el comedor y \u201clos primeros atendidos fueron venezolanos\u201d, dice en referencia a la gran cantidad de migrantes que hab\u00eda en 2018. Chiclayo es una de las ciudades con mayor cantidad de migrantes venezolanos de Per\u00fa y una alta porci\u00f3n de ellos viven en la vulnerabilidad, seg\u00fan el Instituto Nacional de Estad\u00edstica e Inform\u00e1tica (INEI).<\/p>\n<p>A partir del nombramiento de Prevost como papa, en mayo pasado, \u201cle hemos puesto Le\u00f3n XVI\u201d, cuenta a CNN Elky Segura. El comedor queda en San Antonio, una zona de bajos recursos de Chichayo.<\/p>\n<p>El padre Elky conoci\u00f3 al hoy papa Le\u00f3n XIV en 2015, meses despu\u00e9s de su llegada a Chiclayo, donde vivi\u00f3 de 2014 a 2023. \u201cEs un pastor prudente, escucha mucho, no toma decisiones improvisadas, reflexiona mucho, discierne. \u00c9l nunca ha tenido un sacerdote amigo, en particular, con todos era igual, no hab\u00eda distinci\u00f3n\u201d, dice Elky.<\/p>\n<p>Para Elky Segura, su mayor legado es la ense\u00f1anza que les dio para \u201cabrir los ojos a los m\u00e1s necesitados\u201d.<\/p>\n<p>Y esa ense\u00f1anza y el recuerdo de Prevost estar\u00e1n en cada rinc\u00f3n de la ciudad en esta Navidad, la primera del exobispo de Chiclayo como papa.<\/p>\n<p>En el comedor, Daria y Rosita, gracias a una donaci\u00f3n, reparten v\u00edveres por Navidad a quienes almuerzan all\u00ed. Daria, incre\u00edblemente, conoce el nombre de cada uno de los beneficiarios, \u201cella Irene, ella Amanda\u2026\u201d. Con su celular, quiere capturar la entrega de los alimentos, pero se detiene de pronto. \u201cUn ratito porque no he filmado nada\u201d, r\u00ede, cuando se da cuenta que no ha presionado el bot\u00f3n para grabar.<\/p>\n<p>Daria conoci\u00f3 a Prevost mientras \u00e9l realizaba su trabajo pastoral. Como muchos en Chiclayo, tiene una foto con el hoy papa. Rosita tambi\u00e9n lo conoci\u00f3 y recuerda que ve\u00eda a Prevost llegar a la capilla como obispo de Chiclayo. Su deseo para el 2026 es \u201cque venga a conocer, darle un abrazo ya como nuestro papa\u201d, dice sonriendo.<\/p>\n<p>Robert Prevost vivi\u00f3 y trabaj\u00f3 en el obispado de Chiclayo durante 8 de los m\u00e1s de 20 a\u00f1os que estuvo en Per\u00fa. En la puerta del edificio, Jimmy, encargado de la seguridad, saluda a CNN como en mayo 2025, cuando el mundo se preguntaba d\u00f3nde quedaba Chiclayo, la ciudad que el nuevo papa hab\u00eda mencionado como su \u201cquerida di\u00f3cesis\u201d durante su discurso inaugural como Le\u00f3n XIV.<\/p>\n<p>El ingreso al obispado est\u00e1 decorado con motivos navide\u00f1os y una foto en tama\u00f1o real del ahora Papa Le\u00f3n XIV. Tambi\u00e9n hay fotos de Prevost desde que era un ni\u00f1o desconocido hasta convertirse en papa. Jimmy, que lo vio tantos a\u00f1os entrar y salir por la puerta del obispado, tambi\u00e9n tiene una foto con \u00e9l.<\/p>\n<p>En el patio decorado por Navidad, Prevost dio su \u00faltimo mensaje por Nochebuena en Chiclayo, que est\u00e1 en la p\u00e1gina de Facebook de la di\u00f3cesis. \u201cBusquemos vivir en paz\u201d, dijo en aquel momento.<\/p>\n<p>En el obispado, el padre Fidel Purisaca, que vivi\u00f3 y trabaj\u00f3 con Prevost en la di\u00f3cesis de Chiclayo, entonces era el director de Prensa y Comunicaci\u00f3n. Conocida la noticia de que monse\u00f1or Prevost hab\u00eda sido elegido papa, se comunic\u00f3 con \u00e9l por Whatsapp, pero desde entonces lo hace a trav\u00e9s de su secretario, Edgar Rimaycuna, debido a su ocupada agenda papal.<\/p>\n<p>Rimaycuna, tambi\u00e9n chiclayano, fue secretario de Prevost en Per\u00fa y contin\u00faa trabajando con \u00e9l ahora en el Vaticano.<\/p>\n<p>La \u00faltima Nochebuena que Prevost pas\u00f3 en Chiclayo, el padre Fidel estuvo con \u00e9l y con otras personas que eran parte del obispado. Recuerda que el papa reparti\u00f3 algunos regalos sencillos, como telas para pantalones y camisas.<\/p>\n<p>Tambi\u00e9n rememora la \u00faltima misa por Navidad de Prevost en la catedral, en diciembre de 2022. \u201cHabitualmente todos los d\u00edas ten\u00eda la celebraci\u00f3n de la santa misa de la catedral\u201d.<\/p>\n<p>A la misa por la Noche Buena \u201cacud\u00eda mucha gente y \u00e9l ten\u00eda un mensaje especial en cada Navidad\u201d, cuenta a CNN el padre Fidel. Antes de aquella \u00faltima misa del 24 de diciembre, Prevost comparti\u00f3 en el comedor de la catedral con chiclayanos humildes, sirvi\u00f3 la comida y reparti\u00f3 regalos personalmente.<\/p>\n<p>En ese mismo comedor a\u00fan est\u00e1 el auto que Le\u00f3n XIV manejaba y que ahora es usado por el actual obispo de Chiclayo. \u201cDisfrutaba manejar, lo hac\u00eda muy bien\u201d, dice el padre Fidel Purisaca.<\/p>\n<p>Frente al obispado, en un aparcamiento hay un cartel con la foto de Prevost que dice: \u201cSaludamos con aprecio a nuestro Papa Le\u00f3n XIV, quien fue cliente de nuestro estacionamiento y vecino\u201d.<\/p>\n<p>Las im\u00e1genes de Robert Prevost, est\u00e1n por gran parte de Chiclayo. Hay fotos en carteles que dicen \u201cBienvenidos la ciudad de Le\u00f3n XIV\u201d y murales con su rostro por que quedaron tras un concurso organizado por la municipalidad.<\/p>\n<p>El municipio tambi\u00e9n organiz\u00f3, junto al obispado, una muestra con prendas y objetos que utiliz\u00f3 el papa y una ruta tur\u00edstica para disfrutar de las iglesias de Chiclayo.<\/p>\n<p>Una fotograf\u00eda en tama\u00f1o real recibe a quienes ingresan al obispado, otra en el balc\u00f3n de la municipalidad, otra en la puerta de la catedral. All\u00ed est\u00e1 Edmundo Marav\u00ed, que vende calendarios con el rostro de Le\u00f3n XIV y, desde hace casi 30 a\u00f1os, ayuda a la iglesia.<\/p>\n<p>\u201cYo nac\u00ed aqu\u00ed en Chiclayo, yo de chiquito siempre me ven\u00eda a la iglesia y decid\u00ed trabajar voluntariamente, ya tengo 28 a\u00f1os as\u00ed\u201d. \u201cNuestro papa siempre ha sido una persona muy honesta, caritativa, como se dice una persona muy buena, siempre ha apoyado a los m\u00e1s pobres\u201d, dice orgulloso y deja claro que, para \u00e9l, Le\u00f3n XIV es de Chiclayo.<\/p>\n<p>\u201cNuestro Per\u00fa se siente tan orgulloso de tener nuestro papa; la verdad no pens\u00e1bamos, porque el d\u00eda que supimos que ya tuvimos un papa chiclayano la gente aqu\u00ed se alocaba\u201d.<\/p>\n<p>En esta misma catedral donde est\u00e1 Edmundo y donde Le\u00f3n XIV celebr\u00f3 misas como obispo de Chiclayo, se levantar\u00e1 pronto un museo, cuenta el padre Fidel Purisaca. Ser\u00e1 un museo con \u201cmuchos objetos que us\u00f3\u201d. Purisaca guarda la esperanza de que, pronto, el papa regrese a Chiclayo. \u201cEsperemos que as\u00ed sea (\u2026) ha dado algunas se\u00f1ales de que s\u00ed va a venir (\u2026) creo que Chiclayo tiene asegurada su presencia\u201d.<\/p>\n<p>\u201c\u00c9l va a venir a vernos, yo s\u00e9 que \u00e9l viene, est\u00e1 haciendo su programaci\u00f3n para venir y va venir, y ojal\u00e1 que no me pase nada a m\u00ed para verlo\u201d, dice Matilde Angulo, sentada en una de las bancas de la plaza principal de Chiclayo donde est\u00e1 la catedral. \u201cHa tenido mucha influencia no solo en la ciudad sino en los \u00e1mbitos rurales, ha hecho mucha obra a beneficio de gente que necesita\u201d, dice otro chiclayano, Luis Eduardo Huaranga.<\/p>\n<p>Prevost no solo est\u00e1 presente en todas sus fotos en Chiclayo, sino tambi\u00e9n en \u201clos corazones de los cristianos fue una alegr\u00eda inmensa, y pienso que s\u00ed, sigue presente el papa aqu\u00ed\u201d, dice Yazmin, mientras camina en la plaza principal.<\/p>\n<p>Su amiga Mirella Reyes recuerda que Prevost celebr\u00f3 muchas misas en Chiclayo. \u201c\u00c9l asist\u00eda a las parroquias de cada distrito, a hacer las primeras comuniones, las confirmaciones, entonces una de ella fui yo, porque asisti\u00f3 a mi confirmaci\u00f3n\u201d. Mirella conserva las fotos que se tom\u00f3 a\u00f1os atr\u00e1s con \u00e9l, sin imaginar que aquel cura se convertir\u00eda alg\u00fan d\u00eda en el papa Le\u00f3n XIV.<\/p>\n<p>The-CNN-Wire<br \/>&trade; &amp; &copy; 2025 Cable News Network, Inc., a Warner Bros. Discovery Company. All rights reserved.<\/p>\n","protected":false},"excerpt":{"rendered":"<p>\u201cYo quiero una pistola por Navidad\u201d, le dice al padre Elky Segura uno de los ni\u00f1os que juegan en la puerta del \u2018Comedor parroquial Le\u00f3n XIV\u201d. \u201cPistola no, es malo\u201d, le contesta el padre con una sonrisa. \u201cDe juguete\u201d, aclara el peque\u00f1o. Los ni\u00f1os r\u00eden y hacen bulla; el viento levanta la tierra afuera del [&hellip;]<\/p>\n","protected":false},"author":0,"featured_media":0,"comment_status":"open","ping_status":"open","sticky":false,"template":"","format":"standard","meta":{"_jetpack_memberships_contains_paid_content":false,"footnotes":""},"categories":[10],"tags":[],"class_list":["post-1469519","post","type-post","status-publish","format-standard","hentry","category-noticias-nacionales","market-global"],"yoast_head":"<!-- This site is optimized with the Yoast SEO plugin v24.4 - https:\/\/yoast.com\/wordpress\/plugins\/seo\/ -->\n<title>Le\u00f3n XIV pasar\u00e1 su primera Navidad en el Vaticano, pero Robert Prevost ser\u00e1 el protagonista de las celebraciones en Chiclayo - Noticias<\/title>\n<meta name=\"robots\" content=\"index, follow, max-snippet:-1, max-image-preview:large, max-video-preview:-1\" \/>\n<link rel=\"canonical\" href=\"https:\/\/noticiasya.com\/2025\/12\/23\/papa-leon-chiclayo-navidad-peru-orix\/\" \/>\n<meta property=\"og:locale\" content=\"es_ES\" \/>\n<meta property=\"og:type\" content=\"article\" \/>\n<meta property=\"og:title\" content=\"Le\u00f3n XIV pasar\u00e1 su primera Navidad en el Vaticano, pero Robert Prevost ser\u00e1 el protagonista de las celebraciones en Chiclayo - Noticias\" \/>\n<meta property=\"og:description\" content=\"\u201cYo quiero una pistola por Navidad\u201d, le dice al padre Elky Segura uno de los ni\u00f1os que juegan en la puerta del \u2018Comedor parroquial Le\u00f3n XIV\u201d. \u201cPistola no, es malo\u201d, le contesta el padre con una sonrisa. \u201cDe juguete\u201d, aclara el peque\u00f1o. Los ni\u00f1os r\u00eden y hacen bulla; el viento levanta la tierra afuera del [&hellip;]\" \/>\n<meta property=\"og:url\" content=\"https:\/\/noticiasya.com\/2025\/12\/23\/papa-leon-chiclayo-navidad-peru-orix\/\" \/>\n<meta property=\"og:site_name\" content=\"Noticias\" \/>\n<meta property=\"article:published_time\" content=\"2025-12-23T17:03:45+00:00\" \/>\n<meta name=\"twitter:card\" content=\"summary_large_image\" \/>\n<meta name=\"twitter:label1\" content=\"Est. reading time\" \/>\n\t<meta name=\"twitter:data1\" content=\"8 minutos\" \/>\n<script type=\"application\/ld+json\" class=\"yoast-schema-graph\">{\"@context\":\"https:\/\/schema.org\",\"@graph\":[{\"@type\":\"Article\",\"@id\":\"https:\/\/noticiasya.com\/2025\/12\/23\/papa-leon-chiclayo-navidad-peru-orix\/#article\",\"isPartOf\":{\"@id\":\"https:\/\/noticiasya.com\/2025\/12\/23\/papa-leon-chiclayo-navidad-peru-orix\/\"},\"author\":{\"name\":\"\",\"@id\":\"\"},\"headline\":\"Le\u00f3n XIV pasar\u00e1 su primera Navidad en el Vaticano, pero Robert Prevost ser\u00e1 el protagonista de las celebraciones en Chiclayo\",\"datePublished\":\"2025-12-23T17:03:45+00:00\",\"mainEntityOfPage\":{\"@id\":\"https:\/\/noticiasya.com\/2025\/12\/23\/papa-leon-chiclayo-navidad-peru-orix\/\"},\"wordCount\":1542,\"commentCount\":0,\"publisher\":{\"@id\":\"https:\/\/noticiasya.com\/#organization\"},\"articleSection\":[\"Noticias Nacionales\"],\"inLanguage\":\"es\",\"potentialAction\":[{\"@type\":\"CommentAction\",\"name\":\"Comment\",\"target\":[\"https:\/\/noticiasya.com\/2025\/12\/23\/papa-leon-chiclayo-navidad-peru-orix\/#respond\"]}]},{\"@type\":\"WebPage\",\"@id\":\"https:\/\/noticiasya.com\/2025\/12\/23\/papa-leon-chiclayo-navidad-peru-orix\/\",\"url\":\"https:\/\/noticiasya.com\/2025\/12\/23\/papa-leon-chiclayo-navidad-peru-orix\/\",\"name\":\"Le\u00f3n XIV pasar\u00e1 su primera Navidad en el Vaticano, pero Robert Prevost ser\u00e1 el protagonista de las celebraciones en Chiclayo - Noticias\",\"isPartOf\":{\"@id\":\"https:\/\/noticiasya.com\/#website\"},\"datePublished\":\"2025-12-23T17:03:45+00:00\",\"breadcrumb\":{\"@id\":\"https:\/\/noticiasya.com\/2025\/12\/23\/papa-leon-chiclayo-navidad-peru-orix\/#breadcrumb\"},\"inLanguage\":\"es\",\"potentialAction\":[{\"@type\":\"ReadAction\",\"target\":[\"https:\/\/noticiasya.com\/2025\/12\/23\/papa-leon-chiclayo-navidad-peru-orix\/\"]}]},{\"@type\":\"BreadcrumbList\",\"@id\":\"https:\/\/noticiasya.com\/2025\/12\/23\/papa-leon-chiclayo-navidad-peru-orix\/#breadcrumb\",\"itemListElement\":[{\"@type\":\"ListItem\",\"position\":1,\"name\":\"Home\",\"item\":\"https:\/\/noticiasya.com\/\"},{\"@type\":\"ListItem\",\"position\":2,\"name\":\"Le\u00f3n XIV pasar\u00e1 su primera Navidad en el Vaticano, pero Robert Prevost ser\u00e1 el protagonista de las celebraciones en Chiclayo\"}]},{\"@type\":\"WebSite\",\"@id\":\"https:\/\/noticiasya.com\/#website\",\"url\":\"https:\/\/noticiasya.com\/\",\"name\":\"Noticias\",\"description\":\"Lo que importa\",\"publisher\":{\"@id\":\"https:\/\/noticiasya.com\/#organization\"},\"potentialAction\":[{\"@type\":\"SearchAction\",\"target\":{\"@type\":\"EntryPoint\",\"urlTemplate\":\"https:\/\/noticiasya.com\/?s={search_term_string}\"},\"query-input\":{\"@type\":\"PropertyValueSpecification\",\"valueRequired\":true,\"valueName\":\"search_term_string\"}}],\"inLanguage\":\"es\"},{\"@type\":\"Organization\",\"@id\":\"https:\/\/noticiasya.com\/#organization\",\"name\":\"Noticias\",\"url\":\"https:\/\/noticiasya.com\/\",\"logo\":{\"@type\":\"ImageObject\",\"inLanguage\":\"es\",\"@id\":\"https:\/\/noticiasya.com\/#\/schema\/logo\/image\/\",\"url\":\"https:\/\/noticiasya.com\/wp-content\/uploads\/sites\/22\/2023\/12\/logo-nacional.png\",\"contentUrl\":\"https:\/\/noticiasya.com\/wp-content\/uploads\/sites\/22\/2023\/12\/logo-nacional.png\",\"width\":1801,\"height\":691,\"caption\":\"Noticias\"},\"image\":{\"@id\":\"https:\/\/noticiasya.com\/#\/schema\/logo\/image\/\"}}]}<\/script>\n<!-- \/ Yoast SEO plugin. -->","yoast_head_json":{"title":"Le\u00f3n XIV pasar\u00e1 su primera Navidad en el Vaticano, pero Robert Prevost ser\u00e1 el protagonista de las celebraciones en Chiclayo - Noticias","robots":{"index":"index","follow":"follow","max-snippet":"max-snippet:-1","max-image-preview":"max-image-preview:large","max-video-preview":"max-video-preview:-1"},"canonical":"https:\/\/noticiasya.com\/2025\/12\/23\/papa-leon-chiclayo-navidad-peru-orix\/","og_locale":"es_ES","og_type":"article","og_title":"Le\u00f3n XIV pasar\u00e1 su primera Navidad en el Vaticano, pero Robert Prevost ser\u00e1 el protagonista de las celebraciones en Chiclayo - Noticias","og_description":"\u201cYo quiero una pistola por Navidad\u201d, le dice al padre Elky Segura uno de los ni\u00f1os que juegan en la puerta del \u2018Comedor parroquial Le\u00f3n XIV\u201d. \u201cPistola no, es malo\u201d, le contesta el padre con una sonrisa. \u201cDe juguete\u201d, aclara el peque\u00f1o. Los ni\u00f1os r\u00eden y hacen bulla; el viento levanta la tierra afuera del [&hellip;]","og_url":"https:\/\/noticiasya.com\/2025\/12\/23\/papa-leon-chiclayo-navidad-peru-orix\/","og_site_name":"Noticias","article_published_time":"2025-12-23T17:03:45+00:00","twitter_card":"summary_large_image","twitter_misc":{"Est. reading time":"8 minutos"},"schema":{"@context":"https:\/\/schema.org","@graph":[{"@type":"Article","@id":"https:\/\/noticiasya.com\/2025\/12\/23\/papa-leon-chiclayo-navidad-peru-orix\/#article","isPartOf":{"@id":"https:\/\/noticiasya.com\/2025\/12\/23\/papa-leon-chiclayo-navidad-peru-orix\/"},"author":{"name":"","@id":""},"headline":"Le\u00f3n XIV pasar\u00e1 su primera Navidad en el Vaticano, pero Robert Prevost ser\u00e1 el protagonista de las celebraciones en Chiclayo","datePublished":"2025-12-23T17:03:45+00:00","mainEntityOfPage":{"@id":"https:\/\/noticiasya.com\/2025\/12\/23\/papa-leon-chiclayo-navidad-peru-orix\/"},"wordCount":1542,"commentCount":0,"publisher":{"@id":"https:\/\/noticiasya.com\/#organization"},"articleSection":["Noticias Nacionales"],"inLanguage":"es","potentialAction":[{"@type":"CommentAction","name":"Comment","target":["https:\/\/noticiasya.com\/2025\/12\/23\/papa-leon-chiclayo-navidad-peru-orix\/#respond"]}]},{"@type":"WebPage","@id":"https:\/\/noticiasya.com\/2025\/12\/23\/papa-leon-chiclayo-navidad-peru-orix\/","url":"https:\/\/noticiasya.com\/2025\/12\/23\/papa-leon-chiclayo-navidad-peru-orix\/","name":"Le\u00f3n XIV pasar\u00e1 su primera Navidad en el Vaticano, pero Robert Prevost ser\u00e1 el protagonista de las celebraciones en Chiclayo - Noticias","isPartOf":{"@id":"https:\/\/noticiasya.com\/#website"},"datePublished":"2025-12-23T17:03:45+00:00","breadcrumb":{"@id":"https:\/\/noticiasya.com\/2025\/12\/23\/papa-leon-chiclayo-navidad-peru-orix\/#breadcrumb"},"inLanguage":"es","potentialAction":[{"@type":"ReadAction","target":["https:\/\/noticiasya.com\/2025\/12\/23\/papa-leon-chiclayo-navidad-peru-orix\/"]}]},{"@type":"BreadcrumbList","@id":"https:\/\/noticiasya.com\/2025\/12\/23\/papa-leon-chiclayo-navidad-peru-orix\/#breadcrumb","itemListElement":[{"@type":"ListItem","position":1,"name":"Home","item":"https:\/\/noticiasya.com\/"},{"@type":"ListItem","position":2,"name":"Le\u00f3n XIV pasar\u00e1 su primera Navidad en el Vaticano, pero Robert Prevost ser\u00e1 el protagonista de las celebraciones en Chiclayo"}]},{"@type":"WebSite","@id":"https:\/\/noticiasya.com\/#website","url":"https:\/\/noticiasya.com\/","name":"Noticias","description":"Lo que importa","publisher":{"@id":"https:\/\/noticiasya.com\/#organization"},"potentialAction":[{"@type":"SearchAction","target":{"@type":"EntryPoint","urlTemplate":"https:\/\/noticiasya.com\/?s={search_term_string}"},"query-input":{"@type":"PropertyValueSpecification","valueRequired":true,"valueName":"search_term_string"}}],"inLanguage":"es"},{"@type":"Organization","@id":"https:\/\/noticiasya.com\/#organization","name":"Noticias","url":"https:\/\/noticiasya.com\/","logo":{"@type":"ImageObject","inLanguage":"es","@id":"https:\/\/noticiasya.com\/#\/schema\/logo\/image\/","url":"https:\/\/noticiasya.com\/wp-content\/uploads\/sites\/22\/2023\/12\/logo-nacional.png","contentUrl":"https:\/\/noticiasya.com\/wp-content\/uploads\/sites\/22\/2023\/12\/logo-nacional.png","width":1801,"height":691,"caption":"Noticias"},"image":{"@id":"https:\/\/noticiasya.com\/#\/schema\/logo\/image\/"}}]}},"parsely":{"version":"1.1.0","canonical_url":"https:\/\/noticiasya.com\/midland-odessa\/2025\/12\/23\/papa-leon-chiclayo-navidad-peru-orix\/","smart_links":{"inbound":0,"outbound":0},"traffic_boost_suggestions_count":0,"meta":{"@context":"https:\/\/schema.org","@type":"NewsArticle","headline":"Le\u00f3n XIV pasar\u00e1 su primera Navidad en el Vaticano, pero Robert Prevost ser\u00e1 el protagonista de las celebraciones en Chiclayo","url":"http:\/\/noticiasya.com\/midland-odessa\/2025\/12\/23\/papa-leon-chiclayo-navidad-peru-orix\/","mainEntityOfPage":{"@type":"WebPage","@id":"http:\/\/noticiasya.com\/midland-odessa\/2025\/12\/23\/papa-leon-chiclayo-navidad-peru-orix\/"},"thumbnailUrl":"","image":{"@type":"ImageObject","url":""},"articleSection":"Noticias Nacionales","author":[],"creator":[],"publisher":{"@type":"Organization","name":"Noticias","logo":""},"keywords":[],"dateCreated":"2025-12-23T17:03:45Z","datePublished":"2025-12-23T17:03:45Z","dateModified":"2025-12-23T17:03:45Z"},"rendered":"<script type=\"application\/ld+json\" class=\"wp-parsely-metadata\">{\"@context\":\"https:\\\/\\\/schema.org\",\"@type\":\"NewsArticle\",\"headline\":\"Le\\u00f3n XIV pasar\\u00e1 su primera Navidad en el Vaticano, pero Robert Prevost ser\\u00e1 el protagonista de las celebraciones en Chiclayo\",\"url\":\"http:\\\/\\\/noticiasya.com\\\/midland-odessa\\\/2025\\\/12\\\/23\\\/papa-leon-chiclayo-navidad-peru-orix\\\/\",\"mainEntityOfPage\":{\"@type\":\"WebPage\",\"@id\":\"http:\\\/\\\/noticiasya.com\\\/midland-odessa\\\/2025\\\/12\\\/23\\\/papa-leon-chiclayo-navidad-peru-orix\\\/\"},\"thumbnailUrl\":\"\",\"image\":{\"@type\":\"ImageObject\",\"url\":\"\"},\"articleSection\":\"Noticias Nacionales\",\"author\":[],\"creator\":[],\"publisher\":{\"@type\":\"Organization\",\"name\":\"Noticias\",\"logo\":\"\"},\"keywords\":[],\"dateCreated\":\"2025-12-23T17:03:45Z\",\"datePublished\":\"2025-12-23T17:03:45Z\",\"dateModified\":\"2025-12-23T17:03:45Z\"}<\/script>","tracker_url":"https:\/\/cdn.parsely.com\/keys\/noticiasya.com\/p.js"},"jetpack_featured_media_url":"","jetpack-related-posts":[{"id":1462130,"url":"https:\/\/noticiasya.com\/midland-odessa\/2025\/05\/08\/cardenal-estadounidense-robert-prevost-nuevo-papa-leon-xiv-trax\/","url_meta":{"origin":1469519,"position":0},"title":"El cardenal estadounidense Robert Prevost es el nuevo papa Le\u00f3n XIV","author":"","date":"mayo 8, 2025","format":false,"excerpt":"El nuevo papa es el cardenal estadounidense Robert Prevost y ser\u00e1 conocido como Le\u00f3n XIV.Prevost fue elegido como el papa n\u00famero 267 y subi\u00f3 al balc\u00f3n de la Bas\u00edlica de San Pedro como el nuevo l\u00edder de los 1.400 millones de cat\u00f3licos del mundo.Prevost, de 69 a\u00f1os y originario de\u2026","rel":"","context":"In &quot;Noticias Nacionales&quot;","block_context":{"text":"Noticias Nacionales","link":"https:\/\/noticiasya.com\/midland-odessa\/categoria\/noticias-nacionales"},"img":{"alt_text":"","src":"","width":0,"height":0},"classes":[]},{"id":1462161,"url":"https:\/\/noticiasya.com\/midland-odessa\/2025\/05\/09\/posicion-politica-papa-leon-xiv-inmigracion-lgbtq-trax\/","url_meta":{"origin":1469519,"position":1},"title":"Las posiciones ideol\u00f3gicas del papa Le\u00f3n XIV: inmigraci\u00f3n, mujeres en la iglesia y comunidad LGBTQ","author":"","date":"mayo 9, 2025","format":false,"excerpt":"El mundo observaba con expectaci\u00f3n el jueves c\u00f3mo el reci\u00e9n nombrado papa Le\u00f3n XIV sal\u00eda al balc\u00f3n de la Bas\u00edlica de San Pedro, cubierto de terciopelo, y levantaba la mano para saludar a un mar de cat\u00f3licos que creen que ha sido designado por la gracia de Dios.Pero en Villanova,\u2026","rel":"","context":"In &quot;Noticias Nacionales&quot;","block_context":{"text":"Noticias Nacionales","link":"https:\/\/noticiasya.com\/midland-odessa\/categoria\/noticias-nacionales"},"img":{"alt_text":"","src":"","width":0,"height":0},"classes":[]},{"id":1469237,"url":"https:\/\/noticiasya.com\/midland-odessa\/2025\/12\/13\/exodo-venezolano-papa-leon-compromiso-orix\/","url_meta":{"origin":1469519,"position":2},"title":"Comprometido desde los a\u00f1os en Chiclayo con el \u00e9xodo venezolano, Le\u00f3n XIV sigue de cerca la tensi\u00f3n entre Maduro y Trump","author":"","date":"diciembre 13, 2025","format":false,"excerpt":"En plena tensi\u00f3n entre Estados Unidos y Venezuela, el papa Le\u00f3n XIV se mantiene muy informado sobre el enfrentamiento y, en las \u00faltimas semanas, habl\u00f3 abiertamente sobre el tema. CNN tiene entendido que el Vaticano mantiene contacto cercano con el nuncio apost\u00f3lico en Caracas, el arzobispo Alberto Ortega, quien se\u2026","rel":"","context":"In &quot;Noticias Nacionales&quot;","block_context":{"text":"Noticias Nacionales","link":"https:\/\/noticiasya.com\/midland-odessa\/categoria\/noticias-nacionales"},"img":{"alt_text":"","src":"","width":0,"height":0},"classes":[]},{"id":1462145,"url":"https:\/\/noticiasya.com\/midland-odessa\/2025\/05\/08\/grupo-alega-papa-leon-xiv-gestiono-mal-abuso-sexual-clerical-trax\/","url_meta":{"origin":1469519,"position":3},"title":"Grupo de v\u00edctimas alega que el papa Le\u00f3n XIV gestion\u00f3 mal casos de abuso sexual clerical en Chicago y Per\u00fa","author":"","date":"mayo 8, 2025","format":false,"excerpt":"Seis semanas antes de que el cardenal estadounidense Robert Prevost se convirtiera en el papa Le\u00f3n XIV, el grupo activista Red de Sobrevivientes de Abuso Sexual por Sacerdotes (SNAP, por sus siglas en ingl\u00e9s) present\u00f3 una queja contra \u00e9l, junto con otros l\u00edderes de la Iglesia, ante el secretario de\u2026","rel":"","context":"In &quot;Noticias Nacionales&quot;","block_context":{"text":"Noticias Nacionales","link":"https:\/\/noticiasya.com\/midland-odessa\/categoria\/noticias-nacionales"},"img":{"alt_text":"","src":"","width":0,"height":0},"classes":[]},{"id":1462149,"url":"https:\/\/noticiasya.com\/midland-odessa\/2025\/05\/08\/10-cosas-robert-prevost-papa-leon-xiv-trax\/","url_meta":{"origin":1469519,"position":4},"title":"10 cosas que saber sobre Robert Prevost, quien ahora es el papa Le\u00f3n XIV","author":"","date":"mayo 8, 2025","format":false,"excerpt":"El cardenal Robert Francis Prevost, ahora conocido como el papa Le\u00f3n XIV, es el primer papa de Estados Unidos.El hombre de 69 a\u00f1os, originario de Chicago, es reconocido como un l\u00edder con experiencia global. Dedic\u00f3 gran parte de su carrera como misionero en Sudam\u00e9rica y, recientemente, dirigi\u00f3 una importante oficina\u2026","rel":"","context":"In &quot;Noticias Nacionales&quot;","block_context":{"text":"Noticias Nacionales","link":"https:\/\/noticiasya.com\/midland-odessa\/categoria\/noticias-nacionales"},"img":{"alt_text":"","src":"","width":0,"height":0},"classes":[]},{"id":1462131,"url":"https:\/\/noticiasya.com\/midland-odessa\/2025\/05\/08\/quien-es-robert-prevost-papa-leon-xiv-orix\/","url_meta":{"origin":1469519,"position":5},"title":"Qui\u00e9n es el estadounidense Robert Prevost, el papa Le\u00f3n XIV, quien tiene nacionalidad peruana","author":"","date":"mayo 8, 2025","format":false,"excerpt":"Robert Prevost, considerado un l\u00edder experimentado dentro de la Iglesia cat\u00f3lica y por muchos a\u00f1os una figura importante del clero en Per\u00fa, fue elegido como el nuevo papa Le\u00f3n XIV.Es el primer papa estadounidense de la historia. El 24 de agosto de 2015, Prevost obtuvo nacionalidad peruana, seg\u00fan confirm\u00f3 a\u2026","rel":"","context":"In &quot;Noticias Nacionales&quot;","block_context":{"text":"Noticias Nacionales","link":"https:\/\/noticiasya.com\/midland-odessa\/categoria\/noticias-nacionales"},"img":{"alt_text":"","src":"","width":0,"height":0},"classes":[]}],"jetpack_sharing_enabled":true,"_links":{"self":[{"href":"https:\/\/noticiasya.com\/midland-odessa\/wp-json\/wp\/v2\/posts\/1469519","targetHints":{"allow":["GET"]}}],"collection":[{"href":"https:\/\/noticiasya.com\/midland-odessa\/wp-json\/wp\/v2\/posts"}],"about":[{"href":"https:\/\/noticiasya.com\/midland-odessa\/wp-json\/wp\/v2\/types\/post"}],"replies":[{"embeddable":true,"href":"https:\/\/noticiasya.com\/midland-odessa\/wp-json\/wp\/v2\/comments?post=1469519"}],"version-history":[{"count":0,"href":"https:\/\/noticiasya.com\/midland-odessa\/wp-json\/wp\/v2\/posts\/1469519\/revisions"}],"wp:attachment":[{"href":"https:\/\/noticiasya.com\/midland-odessa\/wp-json\/wp\/v2\/media?parent=1469519"}],"wp:term":[{"taxonomy":"category","embeddable":true,"href":"https:\/\/noticiasya.com\/midland-odessa\/wp-json\/wp\/v2\/categories?post=1469519"},{"taxonomy":"post_tag","embeddable":true,"href":"https:\/\/noticiasya.com\/midland-odessa\/wp-json\/wp\/v2\/tags?post=1469519"}],"curies":[{"name":"wp","href":"https:\/\/api.w.org\/{rel}","templated":true}]}}