{"id":1469564,"date":"2025-12-25T12:03:39","date_gmt":"2025-12-25T20:03:39","guid":{"rendered":"https:\/\/noticiasya.com\/2025\/12\/25\/politica-inmigratoria-trump-impacto-orix\/"},"modified":"2025-12-25T12:03:39","modified_gmt":"2025-12-25T20:03:39","slug":"politica-inmigratoria-trump-impacto-orix","status":"publish","type":"post","link":"https:\/\/noticiasya.com\/midland-odessa\/2025\/12\/25\/politica-inmigratoria-trump-impacto-orix\/","title":{"rendered":"Del sue\u00f1o americano a la huida silenciosa: el impacto humano de la ofensiva inmigratoria de Trump"},"content":{"rendered":"<p>Cientos de miles de inmigrantes fueron deportados de Estados Unidos, otros cambiaron el sue\u00f1o americano por el sue\u00f1o mexicano, muchos prefirieron regresar a sus pa\u00edses de origen, algunos eligieron el camino de la autodeportaci\u00f3n, mientras que millones m\u00e1s viven con miedo en territorio estadounidense.<\/p>\n<p>Es el panorama que enfrentaron los migrantes este 2025 debido a la pol\u00edtica de l\u00ednea dura del presidente Donald Trump con un programa de deportaciones masivas y el desmantelamiento de programas clave como el Estatus de Protecci\u00f3n Temporal (TPS, por sus siglas en ingl\u00e9s) para ciudadanos de varios pa\u00edses, el <em>parole <\/em>humanitario, as\u00ed como otras v\u00edas legales para migrantes y solicitantes de asilo. Por si fuera poco, la narrativa de criminalidad contra este sector se endureci\u00f3.<\/p>\n<p>As\u00ed es como las pol\u00edticas de Trump reconfiguran los sue\u00f1os y din\u00e1micas de inmigrantes, <em>dreamers<\/em>, solicitantes de asilo, beneficiarios de programas e incluso hijos de inmigrantes sin estatus legal nacidos en EE.UU.<\/p>\n<p>El Departamento de Seguridad Nacional (DHS, por sus siglas en ingl\u00e9s) afirma que ha deportado a m\u00e1s de <a href=\"https:\/\/www.dhs.gov\/news\/2025\/10\/27\/dhs-removes-more-half-million-illegal-aliens-us\">500.000 inmigrantes<\/a> indocumentados desde el inicio del segundo mandato de Trump.<\/p>\n<p>Aunque se trata de la mitad del mill\u00f3n de deportaciones anuales que el republicano prometi\u00f3 durante su campa\u00f1a por la presidencia, ha sido suficiente para poner fin a los sue\u00f1os de muchas personas que viv\u00edan en el pa\u00eds o buscaban ese objetivo.<\/p>\n<p>Trump prometi\u00f3 que comenzar\u00eda la \u201coperaci\u00f3n de deportaci\u00f3n m\u00e1s grande\u201d en la historia de EE.UU., y r\u00e1pidamente declar\u00f3 emergencia nacional en la frontera sur para desplegar personal militar y terminar el muro fronterizo, puso fin al uso de la aplicaci\u00f3n CBP One, una v\u00eda clave para muchas personas que buscaban ingresar a EE.UU., e inici\u00f3 el proceso para poner fin <a href=\"https:\/\/cnnespanol.cnn.com\/2025\/12\/05\/eeuu\/corte-suprema-decidir-fin-ciudadania-por-nacimiento-trax\">a la ciudadan\u00eda por nacimiento<\/a>.<\/p>\n<p>El Servicio de Ciudadan\u00eda e Inmigraci\u00f3n de Estados Unidos (USCIS, por sus siglas en ingl\u00e9s) tambi\u00e9n suspendi\u00f3 este mes las solicitudes de inmigraci\u00f3n de personas de 19 pa\u00edses, seg\u00fan un <a href=\"https:\/\/nam11.safelinks.protection.outlook.com\/?url=https%3A%2F%2Fwww.uscis.gov%2Fsites%2Fdefault%2Ffiles%2Fdocument%2Fpolicy-alerts%2FPM-602-0192-PendingApplicationsHighRiskCountries-20251202.pdf&#038;data=05%7C02%7Cben.pershing%40cnn.com%7Cb7270077db4f419cbc6f08de3212c8eb%7C0eb48825e8714459bc72d0ecd68f1f39%7C0%7C0%7C639003253437312201%7CUnknown%7CTWFpbGZsb3d8eyJFbXB0eU1hcGkiOnRydWUsIlYiOiIwLjAuMDAwMCIsIlAiOiJXaW4zMiIsIkFOIjoiTWFpbCIsIldUIjoyfQ%3D%3D%7C0%7C%7C%7C&#038;sdata=RyX3ZvgoKxkrVC9mPVToLqB3lYV9qcn9VMpy0d7TIgw%3D&#038;reserved=0\">memorando de pol\u00edtica<\/a>, citando preocupaciones de seguridad nacional para implementar su agenda inmigratoria.<\/p>\n<p>Otra medida que impact\u00f3 a los migrantes fue la directiva para <a href=\"https:\/\/cnnespanol.cnn.com\/2025\/01\/21\/eeuu\/trump-ice-migracion-arrestar-iglesias-escuelas-lugares-sensibles-trax\">realizar arrestos<\/a> en lugares como iglesias, hospitales y escuelas, marcando un cambio respecto a la pol\u00edtica de larga data de evitar los lugares sensibles.<\/p>\n<p>El miedo ha alterado la cotidianidad de los migrantes. Una <a href=\"https:\/\/www.pewresearch.org\/short-reads\/2025\/06\/27\/about-1-in-4-us-adults-worry-they-or-someone-close-to-them-could-be-deported\/\">encuesta<\/a> del Pew Research Center resalta que el 42 % de los hispanos en EE.UU. teme que ellos o un ser querido puedan ser deportados. Uno de cada 25 adultos comenz\u00f3 a llevar consigo documentos que prueben su estatus migratorio y 1 de cada 50 evit\u00f3 usar servicios p\u00fablicos como atenci\u00f3n m\u00e9dica o contacto con autoridades.<\/p>\n<p>Adem\u00e1s, muchas personas dejaron de acudir a sus audiencias migratorias por temor a ser detenidas por agentes del Servicio de Inmigraci\u00f3n y Control de Aduanas (ICE, por sus siglas en ingl\u00e9s) ya que los <a href=\"https:\/\/cnnespanol.cnn.com\/2025\/12\/02\/eeuu\/audiencias-inmigracion-eeuu-detenciones-ice-trax\">tribunales se convirtieron<\/a> en el epicentro de las deportaciones masivas con agentes enmascarados realizando los arrestos y convirtiendo lo que antes eran pasillos est\u00e9riles en lugares de peleas dram\u00e1ticas y despedidas desesperadas.<\/p>\n<p>\u201cEs lo que m\u00e1s miedo le da al inmigrante aqu\u00ed\u201d, <a href=\"https:\/\/cnnespanol.cnn.com\/2025\/12\/18\/eeuu\/video\/eeuu-migracion-abogado-cortes-deportaciones-aristegui-tv\">dijo a CNN<\/a> el abogado de temas migratorios Jonathan Shaw. \u201cHemos visto im\u00e1genes en Minneapolis de agentes de inmigraci\u00f3n <a href=\"https:\/\/cnnespanol.cnn.com\/2025\/12\/18\/eeuu\/video\/mujer-retenida-ice-detencion-ecuador-inmigracion-trax\">arrastrando a una mujer embarazada<\/a> en la calle, arrestos en tiendas, restaurantes (\u2026) adem\u00e1s de casos en las cortes de inmigraci\u00f3n que quitan la habilidad de pedir una fianza, no poder defender su asilo pol\u00edtico o tener alguna defensa contra la deportaci\u00f3n. Entonces los ataques no solo son en las calles, tambi\u00e9n en las cortes\u201d, detall\u00f3. <strong><\/strong><\/p>\n<p>El resultado de estas pol\u00edticas son al menos 200.000 latinoamericanos deportados en los primeros 10 meses del Gobierno de Trump, seg\u00fan <a href=\"https:\/\/cnnespanol.cnn.com\/2025\/12\/16\/latinoamerica\/deportados-latinoamericanos-trump-orix\">cifras recopiladas por CNN<\/a>, y por primera vez en 50 a\u00f1os la poblaci\u00f3n inmigrante disminuy\u00f3 en casi 1,5 millones de personas entre enero y junio, se\u00f1al\u00f3 un <a href=\"https:\/\/www.pewresearch.org\/short-reads\/2025\/08\/21\/key-findings-about-us-immigrants\/\">an\u00e1lisis<\/a> del Pew Research Center.<\/p>\n<p>La ruta original marca a M\u00e9xico como un pa\u00eds de tr\u00e1nsito hacia EE.UU., pero las pol\u00edticas de Trump y la imposibilidad para cruzar la frontera entre ambos pa\u00edses cambiaron el plan original de algunos migrantes que han hecho de Ciudad de M\u00e9xico el destino para establecerse.<\/p>\n<p>\u201cLa idea inicial no era quedarme en M\u00e9xico, nunca pas\u00f3 por mi cabeza quedarme en M\u00e9xico, la idea inicial era llegar a los Estados Unidos. Dur\u00e9 como 4 meses esperando la cita de CBP One y nunca sali\u00f3. Aqu\u00ed nos quedamos porque no hay opci\u00f3n de regresar a mi pa\u00eds\u201d, <a href=\"https:\/\/cnnespanol.cnn.com\/2025\/08\/12\/mexico\/inmovilidad-forzada-migrantes-mexico-transito-orix\">cont\u00f3 a CNN<\/a> una migrante venezolana.<\/p>\n<p>Otros prefirieron regresar a sus pa\u00edses de origen en un fen\u00f3meno llamado migraci\u00f3n inversa, que se da debido a la falta de oportunidades y la desesperanza que deja a muchos migrantes sin alternativas viables m\u00e1s que regresar al lugar del que salieron por causas como la pobreza o la violencia.<\/p>\n<p><a href=\"https:\/\/cnnespanol.cnn.com\/2025\/08\/27\/mexico\/migrantes-venezolanos-varados-regresar-orix\">Karol Mendoza sali\u00f3 de Venezuela<\/a> en 2023 con la mirada puesta en Estados Unidos y esper\u00f3 en M\u00e9xico la cita de CBP One, pero nunca lleg\u00f3. A pesar de tener algunos trabajos en la capital mexicana, decidi\u00f3 que lo mejor era regresar a Caracas con su familia a pesar de todo el camino que recorri\u00f3 para darle una vida mejor a su hijo.<\/p>\n<p>En medio de la ofensiva migratoria de Trump, muchas personas tambi\u00e9n han elegido el camino de la llamada \u201cautodeportaci\u00f3n\u201d, como la describe el Gobierno de EE.UU. Es el caso del <a href=\"https:\/\/cnnespanol.cnn.com\/2025\/09\/22\/eeuu\/historia-cocina-migracion-chef-oaxaqueno-volver-mexico-paz-orix\">chef mexicano Mario Carrera<\/a>, quien luego de 30 a\u00f1os en Estados Unidos decidi\u00f3 regresar a M\u00e9xico para \u201cvivir en paz\u201d y dejar atr\u00e1s el temor de las redadas.<\/p>\n<p>Cont\u00f3 a CNN que la \u00faltima vez que llev\u00f3 a su esposa al trabajo, un polic\u00eda lo detuvo y sinti\u00f3 temor de que lo entregaran a las autoridades de migraci\u00f3n y lo enviaran a M\u00e9xico. \u201cRecuerdo que me orillo; mi esposa se puso muy mal. Cuando me orillo, el polic\u00eda pasa, pero no era conmigo, gracias a Dios, ven\u00eda otra patrulla, seguramente iban a otra situaci\u00f3n. Y ya dije no, esta fue la \u00faltima vez\u201d.<\/p>\n<p>Es un decisi\u00f3n de la que, dice, no se arrepiente, porque ahora tiene la libertad de ir a cualquier lugar, sacar su licencia y pasear por todo M\u00e9xico. \u201cNo hay como estar ac\u00e1, vivir en paz, tranquilo\u201d, se\u00f1al\u00f3.<\/p>\n<p>La dura pol\u00edtica inmigratoria del Gobierno de Trump est\u00e1 causando estr\u00e9s y ansiedad en los ni\u00f1os, muchos de los cuales no tienen la edad suficiente para entender lo que sucede, pero quedan atrapados en medio de las bruscas redadas y las deportaciones repentinas.<\/p>\n<p>\u201cVeo miedo y estr\u00e9s en muchas familias y menores. Los ni\u00f1os no saben, cuando van a la escuela cada ma\u00f1ana, si sus padres estar\u00e1n ah\u00ed cuando regresen a casa\u201d, <a href=\"https:\/\/cnnespanol.cnn.com\/2025\/06\/09\/eeuu\/menores-migrantes-politicas-trump-ansiedad-miedo-orix\">dijo a CNN<\/a> Lisa Mosko Barros, fundadora y directora ejecutiva de SpEducational, una organizaci\u00f3n educativa sin fines de lucro en Estados Unidos.<\/p>\n<p>Los ni\u00f1os que presenciaron el arresto de sus padres o familiares en una redada eran mucho m\u00e1s propensos a experimentar s\u00edntomas de trastorno de estr\u00e9s postraum\u00e1tico, as\u00ed como falta de sue\u00f1o, alimentaci\u00f3n y otros grados de temor y ansiedad, seg\u00fan un informe citado por la Federaci\u00f3n Americana de Maestros (AFT, por sus siglas en ingl\u00e9s), en su <a href=\"https:\/\/www.aft.org\/sites\/default\/files\/media\/2017\/im_uac-educators-guide_spanish_2017.pdf\">gu\u00eda<\/a> para educadores y personal de apoyo escolar.<\/p>\n<p>El Estatus de Protecci\u00f3n Temporal (TPS) para personas que hu\u00edan de pa\u00edses afectados por desastres naturales, guerras u otras condiciones fue <a href=\"https:\/\/cnnespanol.cnn.com\/2025\/11\/06\/eeuu\/vence-tps-venezolanos-deportacion-orix\">cancelado en noviembre<\/a> para gran parte de 250.000 venezolanos beneficiados originalmente en 2021 y antes se termin\u00f3 para otros 350.000 venezolanos que accedieron al programa en 2023.<\/p>\n<p>Actualmente est\u00e1n en curso algunos litigios sobre el TPS que son examinados por la Justicia, esos procesos pueden extenderse por meses o a\u00f1os. Mientras tanto, hay venezolanos que perdieron el TPS que tienen abierta una solicitud de asilo y llevan meses esperando una cita en un tribunal migratorio.<\/p>\n<p>El Gobierno tambi\u00e9n ha tomado medidas para poner fin al TPS o revertir las extensiones para Venezuela, Afganist\u00e1n, Camer\u00fan, Nepal, Honduras, Nicaragua y Siria.<\/p>\n<p>El \u201c<em>parole in place\u201d, <\/em>otro programa humanitario temporal del Gobierno de Joe Biden, lleg\u00f3 a su fin en marzo de este a\u00f1o, dejando a medio mill\u00f3n de migrantes de Cuba, Hait\u00ed, Nicaragua y Venezuela que llegaron a EE.UU. huyendo de la violencia, la inseguridad y la falta de oportunidades en sus pa\u00edses, se enfrentaron a la posibilidad de ser deportados si no consegu\u00edan un ajuste de su estatus migratorio, algo tambi\u00e9n dif\u00edcil en medio de las limitantes para los migrantes.<\/p>\n<p>A finales de noviembre, el Gobierno de Trump <a href=\"https:\/\/cnnespanol.cnn.com\/2025\/12\/02\/eeuu\/suspende-solicitudes-inmigracion-paises-preocupacion-trax\">paus\u00f3 todas las solicitudes de asilo<\/a> para personas de 19 pa\u00edses \u201cde preocupaci\u00f3n\u201d, incluidos Afganist\u00e1n, Myanmar, Chad, Rep\u00fablica del Congo, Guinea Ecuatorial, Eritrea, Hait\u00ed, Ir\u00e1n, Libia, Somalia, Sud\u00e1n, Yemen, Burundi, Cuba, Laos, Sierra Leona, Togo, Turkmenist\u00e1n y Venezuela.<\/p>\n<p>La decisi\u00f3n plantea que se realice una revisi\u00f3n integral, independientemente de la fecha de ingreso para garantizar que cada extranjero sea \u201cinvestigado y examinado al m\u00e1ximo nivel posible\u201d.<\/p>\n<p>Adem\u00e1s, las autoridades anunciaron una <a href=\"https:\/\/cnnespanol.cnn.com\/2025\/11\/27\/eeuu\/trump-permisos-de-residencia-19-paises-trax\">reevaluaci\u00f3n en todas las tarjetas de residencia<\/a> o \u201cgreen cards\u201d emitidas a personas de los 19 pa\u00edses enlistados anteriormente luego del tiroteo en la ciudad de Washington en noviembre que dej\u00f3 una miembro de la Guardia Nacional fallecida y otro m\u00e1s herido.<\/p>\n<p>Por si fuera poco, el Gobierno tambi\u00e9n subi\u00f3 el costo de las visas de trabajo y realiz\u00f3 cambios al programa que restringen su autorizaci\u00f3n e hizo algo similar con las visas de estudiantes internacionales, revocando alrededor de 6.000 visas este a\u00f1o por acusaciones de apoyo a organizaciones terroristas hasta incidentes relativamente menores.<\/p>\n<p>El presidente Trump tambi\u00e9n quiere ponerle fin a la ciudadan\u00eda por nacimiento, una pr\u00e1ctica de casi 160 a\u00f1os garantizada por la 14\u00aa Enmienda de la Constituci\u00f3n de Estados Unidos que es examinada por la Corte Suprema.<\/p>\n<p>Si los planes de Trump superan los obst\u00e1culos legales, el decreto no revocar\u00eda la ciudadan\u00eda de los ni\u00f1os que nacieron en el pa\u00eds antes de su entrada en vigor, pero su implementaci\u00f3n afectar\u00eda a miles de familias inmigrantes si tuvieran hijos.<\/p>\n<p>La Corte Suprema <a href=\"https:\/\/cnnespanol.cnn.com\/2025\/12\/05\/eeuu\/corte-suprema-decidir-fin-ciudadania-por-nacimiento-trax\">tendr\u00e1 la \u00faltima palabra<\/a> sobre esta controversia en 2026 y es posible que emita una decisi\u00f3n a finales de junio.<\/p>\n<p>Las medidas antiinmigratorias implementadas por el Gobierno de Trump marcaron un cambio significativo en la pol\u00edtica migratoria de Estados Unidos, caracterizadas por un enfoque restrictivo y de endurecimiento en la frontera. Mientras sus defensores argumentan que son necesarias para la seguridad nacional, los cr\u00edticos se\u00f1alan el impacto negativo en comunidades migrantes. Dichas acciones dejaron una huella imborrable en el debate migratorio estadounidense y siguen trastocando la vida de millones de inmigrantes.<\/p>\n<p>The-CNN-Wire<br \/>&trade; &amp; &copy; 2025 Cable News Network, Inc., a Warner Bros. Discovery Company. All rights reserved.<\/p>\n","protected":false},"excerpt":{"rendered":"<p>Cientos de miles de inmigrantes fueron deportados de Estados Unidos, otros cambiaron el sue\u00f1o americano por el sue\u00f1o mexicano, muchos prefirieron regresar a sus pa\u00edses de origen, algunos eligieron el camino de la autodeportaci\u00f3n, mientras que millones m\u00e1s viven con miedo en territorio estadounidense. Es el panorama que enfrentaron los migrantes este 2025 debido a [&hellip;]<\/p>\n","protected":false},"author":0,"featured_media":0,"comment_status":"open","ping_status":"open","sticky":false,"template":"","format":"standard","meta":{"_jetpack_memberships_contains_paid_content":false,"footnotes":""},"categories":[10],"tags":[],"class_list":["post-1469564","post","type-post","status-publish","format-standard","hentry","category-noticias-nacionales","market-global"],"yoast_head":"<!-- This site is optimized with the Yoast SEO plugin v24.4 - https:\/\/yoast.com\/wordpress\/plugins\/seo\/ -->\n<title>Del sue\u00f1o americano a la huida silenciosa: el impacto humano de la ofensiva inmigratoria de Trump - Noticias<\/title>\n<meta name=\"robots\" content=\"index, follow, max-snippet:-1, max-image-preview:large, max-video-preview:-1\" \/>\n<link rel=\"canonical\" href=\"https:\/\/noticiasya.com\/2025\/12\/25\/politica-inmigratoria-trump-impacto-orix\/\" \/>\n<meta property=\"og:locale\" content=\"es_ES\" \/>\n<meta property=\"og:type\" content=\"article\" \/>\n<meta property=\"og:title\" content=\"Del sue\u00f1o americano a la huida silenciosa: el impacto humano de la ofensiva inmigratoria de Trump - Noticias\" \/>\n<meta property=\"og:description\" content=\"Cientos de miles de inmigrantes fueron deportados de Estados Unidos, otros cambiaron el sue\u00f1o americano por el sue\u00f1o mexicano, muchos prefirieron regresar a sus pa\u00edses de origen, algunos eligieron el camino de la autodeportaci\u00f3n, mientras que millones m\u00e1s viven con miedo en territorio estadounidense. Es el panorama que enfrentaron los migrantes este 2025 debido a [&hellip;]\" \/>\n<meta property=\"og:url\" content=\"https:\/\/noticiasya.com\/2025\/12\/25\/politica-inmigratoria-trump-impacto-orix\/\" \/>\n<meta property=\"og:site_name\" content=\"Noticias\" \/>\n<meta property=\"article:published_time\" content=\"2025-12-25T20:03:39+00:00\" \/>\n<meta name=\"twitter:card\" content=\"summary_large_image\" \/>\n<meta name=\"twitter:label1\" content=\"Est. reading time\" \/>\n\t<meta name=\"twitter:data1\" content=\"9 minutos\" \/>\n<script type=\"application\/ld+json\" class=\"yoast-schema-graph\">{\"@context\":\"https:\/\/schema.org\",\"@graph\":[{\"@type\":\"Article\",\"@id\":\"https:\/\/noticiasya.com\/2025\/12\/25\/politica-inmigratoria-trump-impacto-orix\/#article\",\"isPartOf\":{\"@id\":\"https:\/\/noticiasya.com\/2025\/12\/25\/politica-inmigratoria-trump-impacto-orix\/\"},\"author\":{\"name\":\"\",\"@id\":\"\"},\"headline\":\"Del sue\u00f1o americano a la huida silenciosa: el impacto humano de la ofensiva inmigratoria de Trump\",\"datePublished\":\"2025-12-25T20:03:39+00:00\",\"mainEntityOfPage\":{\"@id\":\"https:\/\/noticiasya.com\/2025\/12\/25\/politica-inmigratoria-trump-impacto-orix\/\"},\"wordCount\":1894,\"commentCount\":0,\"publisher\":{\"@id\":\"https:\/\/noticiasya.com\/#organization\"},\"articleSection\":[\"Noticias Nacionales\"],\"inLanguage\":\"es\",\"potentialAction\":[{\"@type\":\"CommentAction\",\"name\":\"Comment\",\"target\":[\"https:\/\/noticiasya.com\/2025\/12\/25\/politica-inmigratoria-trump-impacto-orix\/#respond\"]}]},{\"@type\":\"WebPage\",\"@id\":\"https:\/\/noticiasya.com\/2025\/12\/25\/politica-inmigratoria-trump-impacto-orix\/\",\"url\":\"https:\/\/noticiasya.com\/2025\/12\/25\/politica-inmigratoria-trump-impacto-orix\/\",\"name\":\"Del sue\u00f1o americano a la huida silenciosa: el impacto humano de la ofensiva inmigratoria de Trump - Noticias\",\"isPartOf\":{\"@id\":\"https:\/\/noticiasya.com\/#website\"},\"datePublished\":\"2025-12-25T20:03:39+00:00\",\"breadcrumb\":{\"@id\":\"https:\/\/noticiasya.com\/2025\/12\/25\/politica-inmigratoria-trump-impacto-orix\/#breadcrumb\"},\"inLanguage\":\"es\",\"potentialAction\":[{\"@type\":\"ReadAction\",\"target\":[\"https:\/\/noticiasya.com\/2025\/12\/25\/politica-inmigratoria-trump-impacto-orix\/\"]}]},{\"@type\":\"BreadcrumbList\",\"@id\":\"https:\/\/noticiasya.com\/2025\/12\/25\/politica-inmigratoria-trump-impacto-orix\/#breadcrumb\",\"itemListElement\":[{\"@type\":\"ListItem\",\"position\":1,\"name\":\"Home\",\"item\":\"https:\/\/noticiasya.com\/\"},{\"@type\":\"ListItem\",\"position\":2,\"name\":\"Del sue\u00f1o americano a la huida silenciosa: el impacto humano de la ofensiva inmigratoria de Trump\"}]},{\"@type\":\"WebSite\",\"@id\":\"https:\/\/noticiasya.com\/#website\",\"url\":\"https:\/\/noticiasya.com\/\",\"name\":\"Noticias\",\"description\":\"Lo que importa\",\"publisher\":{\"@id\":\"https:\/\/noticiasya.com\/#organization\"},\"potentialAction\":[{\"@type\":\"SearchAction\",\"target\":{\"@type\":\"EntryPoint\",\"urlTemplate\":\"https:\/\/noticiasya.com\/?s={search_term_string}\"},\"query-input\":{\"@type\":\"PropertyValueSpecification\",\"valueRequired\":true,\"valueName\":\"search_term_string\"}}],\"inLanguage\":\"es\"},{\"@type\":\"Organization\",\"@id\":\"https:\/\/noticiasya.com\/#organization\",\"name\":\"Noticias\",\"url\":\"https:\/\/noticiasya.com\/\",\"logo\":{\"@type\":\"ImageObject\",\"inLanguage\":\"es\",\"@id\":\"https:\/\/noticiasya.com\/#\/schema\/logo\/image\/\",\"url\":\"https:\/\/noticiasya.com\/wp-content\/uploads\/sites\/22\/2023\/12\/logo-nacional.png\",\"contentUrl\":\"https:\/\/noticiasya.com\/wp-content\/uploads\/sites\/22\/2023\/12\/logo-nacional.png\",\"width\":1801,\"height\":691,\"caption\":\"Noticias\"},\"image\":{\"@id\":\"https:\/\/noticiasya.com\/#\/schema\/logo\/image\/\"}}]}<\/script>\n<!-- \/ Yoast SEO plugin. -->","yoast_head_json":{"title":"Del sue\u00f1o americano a la huida silenciosa: el impacto humano de la ofensiva inmigratoria de Trump - Noticias","robots":{"index":"index","follow":"follow","max-snippet":"max-snippet:-1","max-image-preview":"max-image-preview:large","max-video-preview":"max-video-preview:-1"},"canonical":"https:\/\/noticiasya.com\/2025\/12\/25\/politica-inmigratoria-trump-impacto-orix\/","og_locale":"es_ES","og_type":"article","og_title":"Del sue\u00f1o americano a la huida silenciosa: el impacto humano de la ofensiva inmigratoria de Trump - Noticias","og_description":"Cientos de miles de inmigrantes fueron deportados de Estados Unidos, otros cambiaron el sue\u00f1o americano por el sue\u00f1o mexicano, muchos prefirieron regresar a sus pa\u00edses de origen, algunos eligieron el camino de la autodeportaci\u00f3n, mientras que millones m\u00e1s viven con miedo en territorio estadounidense. Es el panorama que enfrentaron los migrantes este 2025 debido a [&hellip;]","og_url":"https:\/\/noticiasya.com\/2025\/12\/25\/politica-inmigratoria-trump-impacto-orix\/","og_site_name":"Noticias","article_published_time":"2025-12-25T20:03:39+00:00","twitter_card":"summary_large_image","twitter_misc":{"Est. reading time":"9 minutos"},"schema":{"@context":"https:\/\/schema.org","@graph":[{"@type":"Article","@id":"https:\/\/noticiasya.com\/2025\/12\/25\/politica-inmigratoria-trump-impacto-orix\/#article","isPartOf":{"@id":"https:\/\/noticiasya.com\/2025\/12\/25\/politica-inmigratoria-trump-impacto-orix\/"},"author":{"name":"","@id":""},"headline":"Del sue\u00f1o americano a la huida silenciosa: el impacto humano de la ofensiva inmigratoria de Trump","datePublished":"2025-12-25T20:03:39+00:00","mainEntityOfPage":{"@id":"https:\/\/noticiasya.com\/2025\/12\/25\/politica-inmigratoria-trump-impacto-orix\/"},"wordCount":1894,"commentCount":0,"publisher":{"@id":"https:\/\/noticiasya.com\/#organization"},"articleSection":["Noticias Nacionales"],"inLanguage":"es","potentialAction":[{"@type":"CommentAction","name":"Comment","target":["https:\/\/noticiasya.com\/2025\/12\/25\/politica-inmigratoria-trump-impacto-orix\/#respond"]}]},{"@type":"WebPage","@id":"https:\/\/noticiasya.com\/2025\/12\/25\/politica-inmigratoria-trump-impacto-orix\/","url":"https:\/\/noticiasya.com\/2025\/12\/25\/politica-inmigratoria-trump-impacto-orix\/","name":"Del sue\u00f1o americano a la huida silenciosa: el impacto humano de la ofensiva inmigratoria de Trump - Noticias","isPartOf":{"@id":"https:\/\/noticiasya.com\/#website"},"datePublished":"2025-12-25T20:03:39+00:00","breadcrumb":{"@id":"https:\/\/noticiasya.com\/2025\/12\/25\/politica-inmigratoria-trump-impacto-orix\/#breadcrumb"},"inLanguage":"es","potentialAction":[{"@type":"ReadAction","target":["https:\/\/noticiasya.com\/2025\/12\/25\/politica-inmigratoria-trump-impacto-orix\/"]}]},{"@type":"BreadcrumbList","@id":"https:\/\/noticiasya.com\/2025\/12\/25\/politica-inmigratoria-trump-impacto-orix\/#breadcrumb","itemListElement":[{"@type":"ListItem","position":1,"name":"Home","item":"https:\/\/noticiasya.com\/"},{"@type":"ListItem","position":2,"name":"Del sue\u00f1o americano a la huida silenciosa: el impacto humano de la ofensiva inmigratoria de Trump"}]},{"@type":"WebSite","@id":"https:\/\/noticiasya.com\/#website","url":"https:\/\/noticiasya.com\/","name":"Noticias","description":"Lo que importa","publisher":{"@id":"https:\/\/noticiasya.com\/#organization"},"potentialAction":[{"@type":"SearchAction","target":{"@type":"EntryPoint","urlTemplate":"https:\/\/noticiasya.com\/?s={search_term_string}"},"query-input":{"@type":"PropertyValueSpecification","valueRequired":true,"valueName":"search_term_string"}}],"inLanguage":"es"},{"@type":"Organization","@id":"https:\/\/noticiasya.com\/#organization","name":"Noticias","url":"https:\/\/noticiasya.com\/","logo":{"@type":"ImageObject","inLanguage":"es","@id":"https:\/\/noticiasya.com\/#\/schema\/logo\/image\/","url":"https:\/\/noticiasya.com\/wp-content\/uploads\/sites\/22\/2023\/12\/logo-nacional.png","contentUrl":"https:\/\/noticiasya.com\/wp-content\/uploads\/sites\/22\/2023\/12\/logo-nacional.png","width":1801,"height":691,"caption":"Noticias"},"image":{"@id":"https:\/\/noticiasya.com\/#\/schema\/logo\/image\/"}}]}},"parsely":{"version":"1.1.0","canonical_url":"https:\/\/noticiasya.com\/midland-odessa\/2025\/12\/25\/politica-inmigratoria-trump-impacto-orix\/","smart_links":{"inbound":0,"outbound":0},"traffic_boost_suggestions_count":0,"meta":{"@context":"https:\/\/schema.org","@type":"NewsArticle","headline":"Del sue\u00f1o americano a la huida silenciosa: el impacto humano de la ofensiva inmigratoria de Trump","url":"http:\/\/noticiasya.com\/midland-odessa\/2025\/12\/25\/politica-inmigratoria-trump-impacto-orix\/","mainEntityOfPage":{"@type":"WebPage","@id":"http:\/\/noticiasya.com\/midland-odessa\/2025\/12\/25\/politica-inmigratoria-trump-impacto-orix\/"},"thumbnailUrl":"","image":{"@type":"ImageObject","url":""},"articleSection":"Noticias Nacionales","author":[],"creator":[],"publisher":{"@type":"Organization","name":"Noticias","logo":""},"keywords":[],"dateCreated":"2025-12-25T20:03:39Z","datePublished":"2025-12-25T20:03:39Z","dateModified":"2025-12-25T20:03:39Z"},"rendered":"<script type=\"application\/ld+json\" class=\"wp-parsely-metadata\">{\"@context\":\"https:\\\/\\\/schema.org\",\"@type\":\"NewsArticle\",\"headline\":\"Del sue\\u00f1o americano a la huida silenciosa: el impacto humano de la ofensiva inmigratoria de Trump\",\"url\":\"http:\\\/\\\/noticiasya.com\\\/midland-odessa\\\/2025\\\/12\\\/25\\\/politica-inmigratoria-trump-impacto-orix\\\/\",\"mainEntityOfPage\":{\"@type\":\"WebPage\",\"@id\":\"http:\\\/\\\/noticiasya.com\\\/midland-odessa\\\/2025\\\/12\\\/25\\\/politica-inmigratoria-trump-impacto-orix\\\/\"},\"thumbnailUrl\":\"\",\"image\":{\"@type\":\"ImageObject\",\"url\":\"\"},\"articleSection\":\"Noticias Nacionales\",\"author\":[],\"creator\":[],\"publisher\":{\"@type\":\"Organization\",\"name\":\"Noticias\",\"logo\":\"\"},\"keywords\":[],\"dateCreated\":\"2025-12-25T20:03:39Z\",\"datePublished\":\"2025-12-25T20:03:39Z\",\"dateModified\":\"2025-12-25T20:03:39Z\"}<\/script>","tracker_url":"https:\/\/cdn.parsely.com\/keys\/noticiasya.com\/p.js"},"jetpack_featured_media_url":"","jetpack-related-posts":[{"id":1466321,"url":"https:\/\/noticiasya.com\/midland-odessa\/2025\/09\/10\/sueno-americano-en-mexico-trax\/","url_meta":{"origin":1469564,"position":0},"title":"Fue deportada nueve veces. Luego, como otros, encontr\u00f3 su sue\u00f1o americano en M\u00e9xico","author":"","date":"septiembre 10, 2025","format":false,"excerpt":"Esther Morales vivi\u00f3 en Estados Unidos durante aproximadamente 20 a\u00f1os. A pesar de haber sido deportada varias veces, regres\u00f3 ilegalmente en repetidas ocasiones buscando la oportunidad de alcanzar el sue\u00f1o americano.Su novena deportaci\u00f3n, en 2009, ser\u00eda la \u00faltima. Incapaz de regresar a Estados Unidos debido a la aplicaci\u00f3n de medidas\u2026","rel":"","context":"In &quot;Noticias Nacionales&quot;","block_context":{"text":"Noticias Nacionales","link":"https:\/\/noticiasya.com\/midland-odessa\/categoria\/noticias-nacionales"},"img":{"alt_text":"","src":"","width":0,"height":0},"classes":[]},{"id":1458034,"url":"https:\/\/noticiasya.com\/midland-odessa\/2025\/01\/30\/medidas-trump-migrantes-sueno-americano-trax\/","url_meta":{"origin":1469564,"position":1},"title":"Las medidas del Gobierno de Trump impulsan a los migrantes a cambiar su &#171;sue\u00f1o americano&#187;","author":"","date":"enero 30, 2025","format":false,"excerpt":"Hace seis meses, Francisco Fort\u00edn fue atacado por pandillas que bland\u00edan machetes en su pa\u00eds natal, Honduras, dijo, un acto de violencia que consolid\u00f3 su decisi\u00f3n de abandonar su patria empobrecida y plagada de problemas.El domingo pasado, con heridas en el pecho, la pierna y la espalda sanando, \u00e9l y\u2026","rel":"","context":"In &quot;Noticias Nacionales&quot;","block_context":{"text":"Noticias Nacionales","link":"https:\/\/noticiasya.com\/midland-odessa\/categoria\/noticias-nacionales"},"img":{"alt_text":"","src":"","width":0,"height":0},"classes":[]},{"id":1459634,"url":"https:\/\/noticiasya.com\/midland-odessa\/2025\/03\/07\/gobierno-trump-detiene-familias-migrantes-ninos-inmigracion-ilegal-trax\/","url_meta":{"origin":1469564,"position":2},"title":"El Gobierno de Trump detiene a familias migrantes con ni\u00f1os como parte de su campa\u00f1a contra la inmigraci\u00f3n ilegal","author":"","date":"marzo 7, 2025","format":false,"excerpt":"El Gobierno de Donald Trump reconoce que est\u00e1 deteniendo a familias migrantes con ni\u00f1os como parte de una campa\u00f1a m\u00e1s amplia contra la inmigraci\u00f3n ilegal, dijo una portavoz del Departamento de Seguridad Nacional (DHS, por sus siglas en ingl\u00e9s) a CNN.\u201cLa conclusi\u00f3n es que estas personas tienen \u00f3rdenes finales de\u2026","rel":"","context":"In &quot;Noticias Nacionales&quot;","block_context":{"text":"Noticias Nacionales","link":"https:\/\/noticiasya.com\/midland-odessa\/categoria\/noticias-nacionales"},"img":{"alt_text":"","src":"","width":0,"height":0},"classes":[]},{"id":1461878,"url":"https:\/\/noticiasya.com\/midland-odessa\/2025\/05\/02\/100-dias-trump-migrantes-frontera-disminuido-efecto-bumeran-orix\/","url_meta":{"origin":1469564,"position":3},"title":"100 d\u00edas de Trump: el n\u00famero de migrantes que llegan a la frontera ha disminuido, pero esto podr\u00eda tener un efecto b\u00fameran","author":"","date":"mayo 2, 2025","format":false,"excerpt":"El presidente Donald Trump lleg\u00f3 a sus primeros 100 d\u00edas de gobierno con los niveles m\u00e1s bajos de encuentros de migrantes en la frontera sur en comparaci\u00f3n con los a\u00f1os anteriores, una disminuci\u00f3n atribuida a su marcada pol\u00edtica contra la inmigraci\u00f3n ilegal, que ha incluido deportaciones masivas, reducci\u00f3n de las\u2026","rel":"","context":"In &quot;Noticias Nacionales&quot;","block_context":{"text":"Noticias Nacionales","link":"https:\/\/noticiasya.com\/midland-odessa\/categoria\/noticias-nacionales"},"img":{"alt_text":"","src":"","width":0,"height":0},"classes":[]},{"id":1465444,"url":"https:\/\/noticiasya.com\/midland-odessa\/2025\/08\/12\/inmovilidad-forzada-migrantes-mexico-transito-orix\/","url_meta":{"origin":1469564,"position":4},"title":"\u00bfEl sue\u00f1o mexicano? La historia de migrantes que llegaron a M\u00e9xico en tr\u00e1nsito hacia EE.UU. y se quedaron a vivir","author":"","date":"agosto 12, 2025","format":false,"excerpt":"Diana Relojes cuenta que dej\u00f3 Cuba para abrirse paso y buscar una vida mejor. Su idea nunca fue establecerse en Ciudad de M\u00e9xico: era un destino transitorio. Al igual que otras dos migrantes que dieron su testimonio a CNN \u2013una de Venezuela, la otra de Hait\u00ed\u2013 estas mujeres encontraron en\u2026","rel":"","context":"In &quot;Noticias Nacionales&quot;","block_context":{"text":"Noticias Nacionales","link":"https:\/\/noticiasya.com\/midland-odessa\/categoria\/noticias-nacionales"},"img":{"alt_text":"","src":"","width":0,"height":0},"classes":[]},{"id":1448843,"url":"https:\/\/noticiasya.com\/midland-odessa\/2024\/05\/03\/migrantes-varados-tren-de-carga-la-bestia-norte-mexico-orix\/","url_meta":{"origin":1469564,"position":5},"title":"Cientos de migrantes quedan varados en tren de carga conocido como &#171;La Bestia&#187;, al norte de M\u00e9xico","author":"","date":"mayo 3, 2024","format":false,"excerpt":"(CNN Espa\u00f1ol) -- Cientos de migrantes se encuentran varados a bordo de un tren de carga de la red conocida como \"La Bestia\" en Ceballos, en el estado mexicano de Durango, desde hace cinco d\u00edas, luego de que el operador detuviera el curso de la m\u00e1quina y abandonara a ni\u00f1os,\u2026","rel":"","context":"In &quot;Noticias Nacionales&quot;","block_context":{"text":"Noticias Nacionales","link":"https:\/\/noticiasya.com\/midland-odessa\/categoria\/noticias-nacionales"},"img":{"alt_text":"","src":"","width":0,"height":0},"classes":[]}],"jetpack_sharing_enabled":true,"_links":{"self":[{"href":"https:\/\/noticiasya.com\/midland-odessa\/wp-json\/wp\/v2\/posts\/1469564","targetHints":{"allow":["GET"]}}],"collection":[{"href":"https:\/\/noticiasya.com\/midland-odessa\/wp-json\/wp\/v2\/posts"}],"about":[{"href":"https:\/\/noticiasya.com\/midland-odessa\/wp-json\/wp\/v2\/types\/post"}],"replies":[{"embeddable":true,"href":"https:\/\/noticiasya.com\/midland-odessa\/wp-json\/wp\/v2\/comments?post=1469564"}],"version-history":[{"count":0,"href":"https:\/\/noticiasya.com\/midland-odessa\/wp-json\/wp\/v2\/posts\/1469564\/revisions"}],"wp:attachment":[{"href":"https:\/\/noticiasya.com\/midland-odessa\/wp-json\/wp\/v2\/media?parent=1469564"}],"wp:term":[{"taxonomy":"category","embeddable":true,"href":"https:\/\/noticiasya.com\/midland-odessa\/wp-json\/wp\/v2\/categories?post=1469564"},{"taxonomy":"post_tag","embeddable":true,"href":"https:\/\/noticiasya.com\/midland-odessa\/wp-json\/wp\/v2\/tags?post=1469564"}],"curies":[{"name":"wp","href":"https:\/\/api.w.org\/{rel}","templated":true}]}}