{"id":1469565,"date":"2025-12-25T12:03:40","date_gmt":"2025-12-25T20:03:40","guid":{"rendered":"https:\/\/noticiasya.com\/2025\/12\/25\/vecacruz-volcadura-autobus-muertos-efe\/"},"modified":"2025-12-25T12:03:40","modified_gmt":"2025-12-25T20:03:40","slug":"vecacruz-volcadura-autobus-muertos-efe","status":"publish","type":"post","link":"https:\/\/noticiasya.com\/midland-odessa\/2025\/12\/25\/vecacruz-volcadura-autobus-muertos-efe\/","title":{"rendered":"Al menos 8 personas mueren tras la volcadura de un autob\u00fas en Veracruz, en el este de M\u00e9xico"},"content":{"rendered":"<p>Al menos ocho muertos y 19 lesionados, entre ellos adultos mayores y menores de edad, caus\u00f3 la volcadura de un autob\u00fas de pasajeros en el estado de Veracruz, en el este de M\u00e9xico, informaron autoridades estatales.<\/p>\n<p>El accidente ocurri\u00f3 la noche del mi\u00e9rcoles en una ca\u00f1ada en la localidad de Zontecomatl\u00e1n, indic\u00f3 <a href=\"https:\/\/www.facebook.com\/secretaria.deproteccioncivil\/posts\/pfbid036viTQN8PkBnwjMZdZ1W9nua2Gte7HY2ZkXRDYwGGM5nYEr4eVV6Pdib4bFqmUCAfl\">en un mensaje en redes sociales<\/a> la Secretar\u00eda de Protecci\u00f3n estatal.<\/p>\n<p>La dependencia tambi\u00e9n indic\u00f3 que, tras los primeros reportes, la Fiscal\u00eda General de Veracruz confirm\u00f3 los ocho fallecidos.<\/p>\n<p>A\u00f1adi\u00f3 que el Gobierno del estado coordin\u00f3 la atenci\u00f3n del accidente en el que estuvo implicado un autob\u00fas de pasajeros de la l\u00ednea Conexi\u00f3n.<\/p>\n<p>Explic\u00f3 que, tras la llegada de los cuerpos de emergencia, se atendi\u00f3 a 19 personas lesionadas, quienes fueron trasladadas a hospitales de las localidades Chicontepec y Huayacocotla.<\/p>\n<p>Seg\u00fan versiones de lesionados y cuerpos de emergencias, el autob\u00fas circulaba por un tramo dif\u00edcil cuando se desbarranc\u00f3, se volc\u00f3 y lleg\u00f3 hasta un r\u00edo en el citado municipio de Zontecomatl\u00e1n. Despu\u00e9s de la volcadura, varios pasajeros quedaron atrapados con el referido saldo de v\u00edctimas y lesionados.<\/p>\n<p>The-CNN-Wire<br \/>&trade; &amp; &copy; 2025 Cable News Network, Inc., a Warner Bros. Discovery Company. All rights reserved.<\/p>\n","protected":false},"excerpt":{"rendered":"<p>Al menos ocho muertos y 19 lesionados, entre ellos adultos mayores y menores de edad, caus\u00f3 la volcadura de un autob\u00fas de pasajeros en el estado de Veracruz, en el este de M\u00e9xico, informaron autoridades estatales. El accidente ocurri\u00f3 la noche del mi\u00e9rcoles en una ca\u00f1ada en la localidad de Zontecomatl\u00e1n, indic\u00f3 en un mensaje [&hellip;]<\/p>\n","protected":false},"author":0,"featured_media":0,"comment_status":"open","ping_status":"open","sticky":false,"template":"","format":"standard","meta":{"_jetpack_memberships_contains_paid_content":false,"footnotes":""},"categories":[10],"tags":[],"class_list":["post-1469565","post","type-post","status-publish","format-standard","hentry","category-noticias-nacionales","market-global"],"yoast_head":"<!-- This site is optimized with the Yoast SEO plugin v24.4 - https:\/\/yoast.com\/wordpress\/plugins\/seo\/ -->\n<title>Al menos 8 personas mueren tras la volcadura de un autob\u00fas en Veracruz, en el este de M\u00e9xico - Noticias<\/title>\n<meta name=\"robots\" content=\"index, follow, max-snippet:-1, max-image-preview:large, max-video-preview:-1\" \/>\n<link rel=\"canonical\" href=\"https:\/\/noticiasya.com\/2025\/12\/25\/vecacruz-volcadura-autobus-muertos-efe\/\" \/>\n<meta property=\"og:locale\" content=\"es_ES\" \/>\n<meta property=\"og:type\" content=\"article\" \/>\n<meta property=\"og:title\" content=\"Al menos 8 personas mueren tras la volcadura de un autob\u00fas en Veracruz, en el este de M\u00e9xico - Noticias\" \/>\n<meta property=\"og:description\" content=\"Al menos ocho muertos y 19 lesionados, entre ellos adultos mayores y menores de edad, caus\u00f3 la volcadura de un autob\u00fas de pasajeros en el estado de Veracruz, en el este de M\u00e9xico, informaron autoridades estatales. El accidente ocurri\u00f3 la noche del mi\u00e9rcoles en una ca\u00f1ada en la localidad de Zontecomatl\u00e1n, indic\u00f3 en un mensaje [&hellip;]\" \/>\n<meta property=\"og:url\" content=\"https:\/\/noticiasya.com\/2025\/12\/25\/vecacruz-volcadura-autobus-muertos-efe\/\" \/>\n<meta property=\"og:site_name\" content=\"Noticias\" \/>\n<meta property=\"article:published_time\" content=\"2025-12-25T20:03:40+00:00\" \/>\n<meta name=\"twitter:card\" content=\"summary_large_image\" \/>\n<meta name=\"twitter:label1\" content=\"Est. reading time\" \/>\n\t<meta name=\"twitter:data1\" content=\"1 minuto\" \/>\n<script type=\"application\/ld+json\" class=\"yoast-schema-graph\">{\"@context\":\"https:\/\/schema.org\",\"@graph\":[{\"@type\":\"Article\",\"@id\":\"https:\/\/noticiasya.com\/2025\/12\/25\/vecacruz-volcadura-autobus-muertos-efe\/#article\",\"isPartOf\":{\"@id\":\"https:\/\/noticiasya.com\/2025\/12\/25\/vecacruz-volcadura-autobus-muertos-efe\/\"},\"author\":{\"name\":\"\",\"@id\":\"\"},\"headline\":\"Al menos 8 personas mueren tras la volcadura de un autob\u00fas en Veracruz, en el este de M\u00e9xico\",\"datePublished\":\"2025-12-25T20:03:40+00:00\",\"mainEntityOfPage\":{\"@id\":\"https:\/\/noticiasya.com\/2025\/12\/25\/vecacruz-volcadura-autobus-muertos-efe\/\"},\"wordCount\":233,\"commentCount\":0,\"publisher\":{\"@id\":\"https:\/\/noticiasya.com\/#organization\"},\"articleSection\":[\"Noticias Nacionales\"],\"inLanguage\":\"es\",\"potentialAction\":[{\"@type\":\"CommentAction\",\"name\":\"Comment\",\"target\":[\"https:\/\/noticiasya.com\/2025\/12\/25\/vecacruz-volcadura-autobus-muertos-efe\/#respond\"]}]},{\"@type\":\"WebPage\",\"@id\":\"https:\/\/noticiasya.com\/2025\/12\/25\/vecacruz-volcadura-autobus-muertos-efe\/\",\"url\":\"https:\/\/noticiasya.com\/2025\/12\/25\/vecacruz-volcadura-autobus-muertos-efe\/\",\"name\":\"Al menos 8 personas mueren tras la volcadura de un autob\u00fas en Veracruz, en el este de M\u00e9xico - Noticias\",\"isPartOf\":{\"@id\":\"https:\/\/noticiasya.com\/#website\"},\"datePublished\":\"2025-12-25T20:03:40+00:00\",\"breadcrumb\":{\"@id\":\"https:\/\/noticiasya.com\/2025\/12\/25\/vecacruz-volcadura-autobus-muertos-efe\/#breadcrumb\"},\"inLanguage\":\"es\",\"potentialAction\":[{\"@type\":\"ReadAction\",\"target\":[\"https:\/\/noticiasya.com\/2025\/12\/25\/vecacruz-volcadura-autobus-muertos-efe\/\"]}]},{\"@type\":\"BreadcrumbList\",\"@id\":\"https:\/\/noticiasya.com\/2025\/12\/25\/vecacruz-volcadura-autobus-muertos-efe\/#breadcrumb\",\"itemListElement\":[{\"@type\":\"ListItem\",\"position\":1,\"name\":\"Home\",\"item\":\"https:\/\/noticiasya.com\/\"},{\"@type\":\"ListItem\",\"position\":2,\"name\":\"Al menos 8 personas mueren tras la volcadura de un autob\u00fas en Veracruz, en el este de M\u00e9xico\"}]},{\"@type\":\"WebSite\",\"@id\":\"https:\/\/noticiasya.com\/#website\",\"url\":\"https:\/\/noticiasya.com\/\",\"name\":\"Noticias\",\"description\":\"Lo que importa\",\"publisher\":{\"@id\":\"https:\/\/noticiasya.com\/#organization\"},\"potentialAction\":[{\"@type\":\"SearchAction\",\"target\":{\"@type\":\"EntryPoint\",\"urlTemplate\":\"https:\/\/noticiasya.com\/?s={search_term_string}\"},\"query-input\":{\"@type\":\"PropertyValueSpecification\",\"valueRequired\":true,\"valueName\":\"search_term_string\"}}],\"inLanguage\":\"es\"},{\"@type\":\"Organization\",\"@id\":\"https:\/\/noticiasya.com\/#organization\",\"name\":\"Noticias\",\"url\":\"https:\/\/noticiasya.com\/\",\"logo\":{\"@type\":\"ImageObject\",\"inLanguage\":\"es\",\"@id\":\"https:\/\/noticiasya.com\/#\/schema\/logo\/image\/\",\"url\":\"https:\/\/noticiasya.com\/wp-content\/uploads\/sites\/22\/2023\/12\/logo-nacional.png\",\"contentUrl\":\"https:\/\/noticiasya.com\/wp-content\/uploads\/sites\/22\/2023\/12\/logo-nacional.png\",\"width\":1801,\"height\":691,\"caption\":\"Noticias\"},\"image\":{\"@id\":\"https:\/\/noticiasya.com\/#\/schema\/logo\/image\/\"}}]}<\/script>\n<!-- \/ Yoast SEO plugin. -->","yoast_head_json":{"title":"Al menos 8 personas mueren tras la volcadura de un autob\u00fas en Veracruz, en el este de M\u00e9xico - Noticias","robots":{"index":"index","follow":"follow","max-snippet":"max-snippet:-1","max-image-preview":"max-image-preview:large","max-video-preview":"max-video-preview:-1"},"canonical":"https:\/\/noticiasya.com\/2025\/12\/25\/vecacruz-volcadura-autobus-muertos-efe\/","og_locale":"es_ES","og_type":"article","og_title":"Al menos 8 personas mueren tras la volcadura de un autob\u00fas en Veracruz, en el este de M\u00e9xico - Noticias","og_description":"Al menos ocho muertos y 19 lesionados, entre ellos adultos mayores y menores de edad, caus\u00f3 la volcadura de un autob\u00fas de pasajeros en el estado de Veracruz, en el este de M\u00e9xico, informaron autoridades estatales. El accidente ocurri\u00f3 la noche del mi\u00e9rcoles en una ca\u00f1ada en la localidad de Zontecomatl\u00e1n, indic\u00f3 en un mensaje [&hellip;]","og_url":"https:\/\/noticiasya.com\/2025\/12\/25\/vecacruz-volcadura-autobus-muertos-efe\/","og_site_name":"Noticias","article_published_time":"2025-12-25T20:03:40+00:00","twitter_card":"summary_large_image","twitter_misc":{"Est. reading time":"1 minuto"},"schema":{"@context":"https:\/\/schema.org","@graph":[{"@type":"Article","@id":"https:\/\/noticiasya.com\/2025\/12\/25\/vecacruz-volcadura-autobus-muertos-efe\/#article","isPartOf":{"@id":"https:\/\/noticiasya.com\/2025\/12\/25\/vecacruz-volcadura-autobus-muertos-efe\/"},"author":{"name":"","@id":""},"headline":"Al menos 8 personas mueren tras la volcadura de un autob\u00fas en Veracruz, en el este de M\u00e9xico","datePublished":"2025-12-25T20:03:40+00:00","mainEntityOfPage":{"@id":"https:\/\/noticiasya.com\/2025\/12\/25\/vecacruz-volcadura-autobus-muertos-efe\/"},"wordCount":233,"commentCount":0,"publisher":{"@id":"https:\/\/noticiasya.com\/#organization"},"articleSection":["Noticias Nacionales"],"inLanguage":"es","potentialAction":[{"@type":"CommentAction","name":"Comment","target":["https:\/\/noticiasya.com\/2025\/12\/25\/vecacruz-volcadura-autobus-muertos-efe\/#respond"]}]},{"@type":"WebPage","@id":"https:\/\/noticiasya.com\/2025\/12\/25\/vecacruz-volcadura-autobus-muertos-efe\/","url":"https:\/\/noticiasya.com\/2025\/12\/25\/vecacruz-volcadura-autobus-muertos-efe\/","name":"Al menos 8 personas mueren tras la volcadura de un autob\u00fas en Veracruz, en el este de M\u00e9xico - Noticias","isPartOf":{"@id":"https:\/\/noticiasya.com\/#website"},"datePublished":"2025-12-25T20:03:40+00:00","breadcrumb":{"@id":"https:\/\/noticiasya.com\/2025\/12\/25\/vecacruz-volcadura-autobus-muertos-efe\/#breadcrumb"},"inLanguage":"es","potentialAction":[{"@type":"ReadAction","target":["https:\/\/noticiasya.com\/2025\/12\/25\/vecacruz-volcadura-autobus-muertos-efe\/"]}]},{"@type":"BreadcrumbList","@id":"https:\/\/noticiasya.com\/2025\/12\/25\/vecacruz-volcadura-autobus-muertos-efe\/#breadcrumb","itemListElement":[{"@type":"ListItem","position":1,"name":"Home","item":"https:\/\/noticiasya.com\/"},{"@type":"ListItem","position":2,"name":"Al menos 8 personas mueren tras la volcadura de un autob\u00fas en Veracruz, en el este de M\u00e9xico"}]},{"@type":"WebSite","@id":"https:\/\/noticiasya.com\/#website","url":"https:\/\/noticiasya.com\/","name":"Noticias","description":"Lo que importa","publisher":{"@id":"https:\/\/noticiasya.com\/#organization"},"potentialAction":[{"@type":"SearchAction","target":{"@type":"EntryPoint","urlTemplate":"https:\/\/noticiasya.com\/?s={search_term_string}"},"query-input":{"@type":"PropertyValueSpecification","valueRequired":true,"valueName":"search_term_string"}}],"inLanguage":"es"},{"@type":"Organization","@id":"https:\/\/noticiasya.com\/#organization","name":"Noticias","url":"https:\/\/noticiasya.com\/","logo":{"@type":"ImageObject","inLanguage":"es","@id":"https:\/\/noticiasya.com\/#\/schema\/logo\/image\/","url":"https:\/\/noticiasya.com\/wp-content\/uploads\/sites\/22\/2023\/12\/logo-nacional.png","contentUrl":"https:\/\/noticiasya.com\/wp-content\/uploads\/sites\/22\/2023\/12\/logo-nacional.png","width":1801,"height":691,"caption":"Noticias"},"image":{"@id":"https:\/\/noticiasya.com\/#\/schema\/logo\/image\/"}}]}},"parsely":{"version":"1.1.0","canonical_url":"https:\/\/noticiasya.com\/midland-odessa\/2025\/12\/25\/vecacruz-volcadura-autobus-muertos-efe\/","smart_links":{"inbound":0,"outbound":0},"traffic_boost_suggestions_count":0,"meta":{"@context":"https:\/\/schema.org","@type":"NewsArticle","headline":"Al menos 8 personas mueren tras la volcadura de un autob\u00fas en Veracruz, en el este de M\u00e9xico","url":"http:\/\/noticiasya.com\/midland-odessa\/2025\/12\/25\/vecacruz-volcadura-autobus-muertos-efe\/","mainEntityOfPage":{"@type":"WebPage","@id":"http:\/\/noticiasya.com\/midland-odessa\/2025\/12\/25\/vecacruz-volcadura-autobus-muertos-efe\/"},"thumbnailUrl":"","image":{"@type":"ImageObject","url":""},"articleSection":"Noticias Nacionales","author":[],"creator":[],"publisher":{"@type":"Organization","name":"Noticias","logo":""},"keywords":[],"dateCreated":"2025-12-25T20:03:40Z","datePublished":"2025-12-25T20:03:40Z","dateModified":"2025-12-25T20:03:40Z"},"rendered":"<script type=\"application\/ld+json\" class=\"wp-parsely-metadata\">{\"@context\":\"https:\\\/\\\/schema.org\",\"@type\":\"NewsArticle\",\"headline\":\"Al menos 8 personas mueren tras la volcadura de un autob\\u00fas en Veracruz, en el este de M\\u00e9xico\",\"url\":\"http:\\\/\\\/noticiasya.com\\\/midland-odessa\\\/2025\\\/12\\\/25\\\/vecacruz-volcadura-autobus-muertos-efe\\\/\",\"mainEntityOfPage\":{\"@type\":\"WebPage\",\"@id\":\"http:\\\/\\\/noticiasya.com\\\/midland-odessa\\\/2025\\\/12\\\/25\\\/vecacruz-volcadura-autobus-muertos-efe\\\/\"},\"thumbnailUrl\":\"\",\"image\":{\"@type\":\"ImageObject\",\"url\":\"\"},\"articleSection\":\"Noticias Nacionales\",\"author\":[],\"creator\":[],\"publisher\":{\"@type\":\"Organization\",\"name\":\"Noticias\",\"logo\":\"\"},\"keywords\":[],\"dateCreated\":\"2025-12-25T20:03:40Z\",\"datePublished\":\"2025-12-25T20:03:40Z\",\"dateModified\":\"2025-12-25T20:03:40Z\"}<\/script>","tracker_url":"https:\/\/cdn.parsely.com\/keys\/noticiasya.com\/p.js"},"jetpack_featured_media_url":"","jetpack-related-posts":[{"id":1466257,"url":"https:\/\/noticiasya.com\/midland-odessa\/2025\/09\/08\/choque-tren-autobus-mexico-orix\/","url_meta":{"origin":1469565,"position":0},"title":"Un tren choca con un autob\u00fas y deja al menos ocho muertos y decenas de heridos en Edomex, M\u00e9xico","author":"","date":"septiembre 8, 2025","format":false,"excerpt":"Al menos ocho muertos y m\u00e1s de 40 lesionados dej\u00f3 un accidente ocurrido la ma\u00f1ana de este lunes en una carretera del central estado de M\u00e9xico, luego de que un ferrocarril impact\u00f3 a un autob\u00fas de pasajeros de doble piso, informaron autoridades de Protecci\u00f3n Civil estatales.En redes sociales, la dependencia\u2026","rel":"","context":"In &quot;Noticias Nacionales&quot;","block_context":{"text":"Noticias Nacionales","link":"https:\/\/noticiasya.com\/midland-odessa\/categoria\/noticias-nacionales"},"img":{"alt_text":"","src":"","width":0,"height":0},"classes":[]},{"id":1465779,"url":"https:\/\/noticiasya.com\/midland-odessa\/2025\/08\/22\/cinco-muertos-heridos-accidente-autobus-nueva-york-trax\/","url_meta":{"origin":1469565,"position":1},"title":"Cinco muertos y decenas de heridos tras accidente de un autob\u00fas tur\u00edstico en Nueva York, seg\u00fan autoridades","author":"","date":"agosto 22, 2025","format":false,"excerpt":"Cinco personas murieron y decenas m\u00e1s resultaron heridas despu\u00e9s de que un autob\u00fas tur\u00edstico que transportaba a 52 pasajeros de regreso a la ciudad de Nueva York desde las Cataratas del Ni\u00e1gara se volcara y estrellara en una zanja en la autopista del estado de Nueva York la tarde del\u2026","rel":"","context":"In &quot;Noticias Nacionales&quot;","block_context":{"text":"Noticias Nacionales","link":"https:\/\/noticiasya.com\/midland-odessa\/categoria\/noticias-nacionales"},"img":{"alt_text":"","src":"","width":0,"height":0},"classes":[]},{"id":1449454,"url":"https:\/\/noticiasya.com\/midland-odessa\/2024\/05\/14\/accidente-autobus-florida-trabajadores-agricolas-muertos-trax\/","url_meta":{"origin":1469565,"position":2},"title":"Ocho muertos y 45 heridos tras accidente de autob\u00fas que transportaba trabajadores agr\u00edcolas en Florida, dicen funcionarios de emergencia","author":"","date":"mayo 14, 2024","format":false,"excerpt":"(CNN) -- Ocho personas murieron y 45 resultaron heridas despu\u00e9s de que un autob\u00fas que transportaba a trabajadores agr\u00edcolas se estrellara en una carretera estatal en el centro-norte de Florida, dijeron funcionarios de emergencia.El autob\u00fas modelo 2010 que transportaba \u201caproximadamente 53 trabajadores agr\u00edcolas\u201d y una Ford Ranger modelo 2001 se\u2026","rel":"","context":"In &quot;Noticias Nacionales&quot;","block_context":{"text":"Noticias Nacionales","link":"https:\/\/noticiasya.com\/midland-odessa\/categoria\/noticias-nacionales"},"img":{"alt_text":"","src":"","width":0,"height":0},"classes":[]},{"id":1467279,"url":"https:\/\/noticiasya.com\/midland-odessa\/2025\/10\/10\/23-muertos-desaparecidos-fuertes-lluvias-mexico-efe\/","url_meta":{"origin":1469565,"position":3},"title":"Al menos 23 muertos y ocho desaparecidos tras fuertes lluvias en M\u00e9xico","author":"","date":"octubre 10, 2025","format":false,"excerpt":"Al menos 23 personas han fallecido y 13 est\u00e1n desaparecidas tras las fuertes lluvias que azotaron M\u00e9xico y provocaron numerosas inundaciones, con afectaciones en 31 de los 32 estados del pa\u00eds, seg\u00fan informaron las autoridades este viernes.Las v\u00edctimas mortales se han reportado en los estados de Veracruz (este), Quer\u00e9taro (centro),\u2026","rel":"","context":"In &quot;Noticias Nacionales&quot;","block_context":{"text":"Noticias Nacionales","link":"https:\/\/noticiasya.com\/midland-odessa\/categoria\/noticias-nacionales"},"img":{"alt_text":"","src":"","width":0,"height":0},"classes":[]},{"id":1452325,"url":"https:\/\/noticiasya.com\/midland-odessa\/2024\/08\/31\/muertos-accidente-autobus-mexico-eeuu-mississippi-trax\/","url_meta":{"origin":1469565,"position":4},"title":"Siete muertos en accidente de autob\u00fas de una empresa mexicana en Mississippi","author":"","date":"agosto 31, 2024","format":false,"excerpt":"(CNN) -- Un autob\u00fas comercial involucrado en un accidente que dej\u00f3 siete muertos cerca de Vicksburg, Mississippi el s\u00e1bado por la ma\u00f1ana pertenece a una empresa con sede en M\u00e9xico, Autobuses Regiomontanos, que transporta pasajeros entre M\u00e9xico y Estados Unidos, seg\u00fan dijo Miranda Fern\u00e1ndez, portavoz de la empresa.Siete personas murieron\u2026","rel":"","context":"In &quot;Noticias Nacionales&quot;","block_context":{"text":"Noticias Nacionales","link":"https:\/\/noticiasya.com\/midland-odessa\/categoria\/noticias-nacionales"},"img":{"alt_text":"","src":"","width":0,"height":0},"classes":[]},{"id":1458458,"url":"https:\/\/noticiasya.com\/midland-odessa\/2025\/02\/08\/accidente-autobus-muertos-campeche-orix\/","url_meta":{"origin":1469565,"position":5},"title":"El accidente de un autob\u00fas de pasajeros deja varias personas muertas en Campeche, en el sur de M\u00e9xico","author":"","date":"febrero 8, 2025","format":false,"excerpt":"El accidente de un autob\u00fas de pasajeros en el estado de Campeche, en el sur de M\u00e9xico, dej\u00f3 este s\u00e1bado varios muertos y heridos, dijeron autoridades de los Gobiernos de Campeche y de Tabasco, estado del que eran originarias varias de las v\u00edctimas.La secretaria de Gobierno de Campeche, Elisa Hern\u00e1ndez,\u2026","rel":"","context":"In &quot;Noticias Nacionales&quot;","block_context":{"text":"Noticias Nacionales","link":"https:\/\/noticiasya.com\/midland-odessa\/categoria\/noticias-nacionales"},"img":{"alt_text":"","src":"","width":0,"height":0},"classes":[]}],"jetpack_sharing_enabled":true,"_links":{"self":[{"href":"https:\/\/noticiasya.com\/midland-odessa\/wp-json\/wp\/v2\/posts\/1469565","targetHints":{"allow":["GET"]}}],"collection":[{"href":"https:\/\/noticiasya.com\/midland-odessa\/wp-json\/wp\/v2\/posts"}],"about":[{"href":"https:\/\/noticiasya.com\/midland-odessa\/wp-json\/wp\/v2\/types\/post"}],"replies":[{"embeddable":true,"href":"https:\/\/noticiasya.com\/midland-odessa\/wp-json\/wp\/v2\/comments?post=1469565"}],"version-history":[{"count":0,"href":"https:\/\/noticiasya.com\/midland-odessa\/wp-json\/wp\/v2\/posts\/1469565\/revisions"}],"wp:attachment":[{"href":"https:\/\/noticiasya.com\/midland-odessa\/wp-json\/wp\/v2\/media?parent=1469565"}],"wp:term":[{"taxonomy":"category","embeddable":true,"href":"https:\/\/noticiasya.com\/midland-odessa\/wp-json\/wp\/v2\/categories?post=1469565"},{"taxonomy":"post_tag","embeddable":true,"href":"https:\/\/noticiasya.com\/midland-odessa\/wp-json\/wp\/v2\/tags?post=1469565"}],"curies":[{"name":"wp","href":"https:\/\/api.w.org\/{rel}","templated":true}]}}