{"id":1469566,"date":"2025-12-25T12:03:40","date_gmt":"2025-12-25T20:03:40","guid":{"rendered":"https:\/\/noticiasya.com\/2025\/12\/25\/pediatras-demanda-trump-subvenciones-trax\/"},"modified":"2025-12-25T12:03:40","modified_gmt":"2025-12-25T20:03:40","slug":"pediatras-demanda-trump-subvenciones-trax","status":"publish","type":"post","link":"https:\/\/noticiasya.com\/midland-odessa\/2025\/12\/25\/pediatras-demanda-trump-subvenciones-trax\/","title":{"rendered":"Pediatras demandan al Gobierno de Trump para detener un recorte de casi US$ 12 millones en subvenciones federales"},"content":{"rendered":"<p>Un importante grupo de pediatr\u00eda solicit\u00f3 a un juez federal que impida que la administraci\u00f3n Trump cancelar casi US$ 12 millones en <a href=\"https:\/\/www.cnn.com\/2025\/12\/17\/health\/hhs-american-academy-of-pediatrics-grants\">subvenciones federales.<\/a><\/p>\n<p>La Academia Estadounidense de Pediatr\u00eda (AAP, por sus siglas en ingl\u00e9s) argumenta que el Departamento de Salud y Servicios Humanos de EE.UU. (HHS, por sus siglas en ingl\u00e9s) cancel\u00f3 la semana pasada siete subvenciones en represalia por denunciar p\u00fablicamente las acciones del Gobierno que, seg\u00fan el grupo, amenazan la salud infantil, incluyendo la defensa de una pol\u00edtica de vacunaci\u00f3n basada en la evidencia. Los esfuerzos de la Academia se han enfrentado a difamaciones selectivas por parte del secretario del HHS, Robert F. Kennedy Jr., y otros altos funcionarios que buscan desacreditar a uno de los cr\u00edticos m\u00e1s destacados de la agencia, <a href=\"https:\/\/democracyforward.org\/wp-content\/uploads\/2025\/12\/AAP-Complaint-as-Filed.pdf\">seg\u00fan la demanda<\/a>, presentada el mi\u00e9rcoles ante el Tribunal de Distrito de EE.UU. para el Distrito de Columbia.<\/p>\n<p>La demanda solicita al tribunal que bloquee de inmediato los recortes de fondos y exija el restablecimiento de las subvenciones mientras se tramita el caso.<\/p>\n<p>En esta demanda, la AAP impugna las represalias del HHS, que no solo perjudican irreparablemente a la AAP, sino que tambi\u00e9n socavan la salud y la seguridad de todos los estadounidenses al recortar sin sentido los programas que ayudan a los pediatras a detectar, prevenir y controlar enfermedades y afecciones mortales y debilitantes, seg\u00fan la denuncia.<\/p>\n<p>Los fondos se utilizan para \u201ccapacitaci\u00f3n y asistencia t\u00e9cnica a pediatras en comunidades rurales, la reducci\u00f3n de la muerte s\u00fabita infantil inesperada, la prevenci\u00f3n de los trastornos del espectro alcoh\u00f3lico fetal y las pruebas de audici\u00f3n universales para reci\u00e9n nacidos\u201d, seg\u00fan la denuncia.<\/p>\n<p>\u201cSin una intervenci\u00f3n judicial inmediata, estos programas finalizar\u00e1n en cuesti\u00f3n de semanas, el personal ser\u00e1 despedido y los ni\u00f1os y las familias de todo el pa\u00eds perder\u00e1n el acceso a programas cruciales de salud infantil\u201d, declar\u00f3 la Academia <a href=\"https:\/\/democracyforward.org\/updates\/aap-funding-complaint\/\">en un comunicado el mi\u00e9rcoles.<\/a><\/p>\n<p>La Academia cuenta con 67.000 miembros, entre ellos pediatras de atenci\u00f3n primaria, subespecialistas m\u00e9dicos pedi\u00e1tricos y especialistas en cirug\u00eda pedi\u00e1trica. Democracy Forward, que ha presentado numerosas demandas contra la administraci\u00f3n Trump este a\u00f1o, representa a la Academia en este caso.<\/p>\n<p>Un portavoz del HHS declar\u00f3 a CNN la semana pasada que las subvenciones otorgadas a la Academia y a varias otras organizaciones fueron canceladas \u201cporque ya no se alinean con la misi\u00f3n ni las prioridades del Departamento\u201d.<\/p>\n<p>La AAP y Kennedy han estado en conflicto \u2014y en litigios\u2014 por ciertas pol\u00edticas de salud p\u00fablica, incluyendo las relacionadas con la vacunaci\u00f3n infantil.<\/p>\n<p>A principios de este a\u00f1o, la AAP tom\u00f3 la inusual decisi\u00f3n de distanciarse de los Centros para el Control y la Prevenci\u00f3n de Enfermedades de EE.UU. (CDC, por sus siglas en ingl\u00e9s) en su recomendaci\u00f3n de que la vacuna contra el covid-19 para ni\u00f1os deber\u00eda basarse en la toma de decisiones cl\u00ednicas compartidas. Las recomendaciones de la AAP fueron m\u00e1s expl\u00edcitas, indicando que todos los ni\u00f1os de 6 a 23 meses deber\u00edan recibir la vacuna contra el covid-19 a menos que tengan alergias conocidas a la vacuna o a sus ingredientes.<\/p>\n<p><a href=\"https:\/\/publications.aap.org\/aapnews\/news\/33980\/AAP-CDC-decision-on-universal-birth-dose-of?searchresult=1\">La AAP tambi\u00e9n critic\u00f3 a los CDC <\/a>la semana pasada por adoptar la decisi\u00f3n de sus asesores en materia de vacunas de dejar de recomendar la dosis universal al nacer de la vacuna contra la hepatitis B para reci\u00e9n nacidos.<\/p>\n<p>Una coalici\u00f3n de grupos m\u00e9dicos liderada por la AAP argument\u00f3 la semana pasada ante un tribunal federal que los recientes cambios en las recomendaciones de los asesores de vacunas de los CDC y ciertas acciones de Kennedy violan la Ley de Procedimiento Administrativo y la Ley del Comit\u00e9 Asesor Federal.<\/p>\n<p>La audiencia, celebrada en el Tribunal de Distrito de EE.UU. para el Distrito de Massachusetts, se centr\u00f3 en la moci\u00f3n del Gobierno para desestimar una demanda interpuesta por la AAP contra Kennedy, que alega que se violaron la Ley de Procedimiento Administrativo y la Ley del Comit\u00e9 Asesor Federal al realizar cambios en los calendarios de vacunaci\u00f3n, y busca determinar si los demandantes tienen legitimidad para interponer una demanda.<\/p>\n<p>The-CNN-Wire<br \/>&trade; &amp; &copy; 2025 Cable News Network, Inc., a Warner Bros. Discovery Company. All rights reserved.<\/p>\n","protected":false},"excerpt":{"rendered":"<p>Un importante grupo de pediatr\u00eda solicit\u00f3 a un juez federal que impida que la administraci\u00f3n Trump cancelar casi US$ 12 millones en subvenciones federales. La Academia Estadounidense de Pediatr\u00eda (AAP, por sus siglas en ingl\u00e9s) argumenta que el Departamento de Salud y Servicios Humanos de EE.UU. (HHS, por sus siglas en ingl\u00e9s) cancel\u00f3 la semana [&hellip;]<\/p>\n","protected":false},"author":0,"featured_media":0,"comment_status":"open","ping_status":"open","sticky":false,"template":"","format":"standard","meta":{"_jetpack_memberships_contains_paid_content":false,"footnotes":""},"categories":[10],"tags":[],"class_list":["post-1469566","post","type-post","status-publish","format-standard","hentry","category-noticias-nacionales","market-global"],"yoast_head":"<!-- This site is optimized with the Yoast SEO plugin v24.4 - https:\/\/yoast.com\/wordpress\/plugins\/seo\/ -->\n<title>Pediatras demandan al Gobierno de Trump para detener un recorte de casi US$ 12 millones en subvenciones federales - Noticias<\/title>\n<meta name=\"robots\" content=\"index, follow, max-snippet:-1, max-image-preview:large, max-video-preview:-1\" \/>\n<link rel=\"canonical\" href=\"https:\/\/noticiasya.com\/2025\/12\/25\/pediatras-demanda-trump-subvenciones-trax\/\" \/>\n<meta property=\"og:locale\" content=\"es_ES\" \/>\n<meta property=\"og:type\" content=\"article\" \/>\n<meta property=\"og:title\" content=\"Pediatras demandan al Gobierno de Trump para detener un recorte de casi US$ 12 millones en subvenciones federales - Noticias\" \/>\n<meta property=\"og:description\" content=\"Un importante grupo de pediatr\u00eda solicit\u00f3 a un juez federal que impida que la administraci\u00f3n Trump cancelar casi US$ 12 millones en subvenciones federales. La Academia Estadounidense de Pediatr\u00eda (AAP, por sus siglas en ingl\u00e9s) argumenta que el Departamento de Salud y Servicios Humanos de EE.UU. (HHS, por sus siglas en ingl\u00e9s) cancel\u00f3 la semana [&hellip;]\" \/>\n<meta property=\"og:url\" content=\"https:\/\/noticiasya.com\/2025\/12\/25\/pediatras-demanda-trump-subvenciones-trax\/\" \/>\n<meta property=\"og:site_name\" content=\"Noticias\" \/>\n<meta property=\"article:published_time\" content=\"2025-12-25T20:03:40+00:00\" \/>\n<meta name=\"twitter:card\" content=\"summary_large_image\" \/>\n<meta name=\"twitter:label1\" content=\"Est. reading time\" \/>\n\t<meta name=\"twitter:data1\" content=\"4 minutos\" \/>\n<script type=\"application\/ld+json\" class=\"yoast-schema-graph\">{\"@context\":\"https:\/\/schema.org\",\"@graph\":[{\"@type\":\"Article\",\"@id\":\"https:\/\/noticiasya.com\/2025\/12\/25\/pediatras-demanda-trump-subvenciones-trax\/#article\",\"isPartOf\":{\"@id\":\"https:\/\/noticiasya.com\/2025\/12\/25\/pediatras-demanda-trump-subvenciones-trax\/\"},\"author\":{\"name\":\"\",\"@id\":\"\"},\"headline\":\"Pediatras demandan al Gobierno de Trump para detener un recorte de casi US$ 12 millones en subvenciones federales\",\"datePublished\":\"2025-12-25T20:03:40+00:00\",\"mainEntityOfPage\":{\"@id\":\"https:\/\/noticiasya.com\/2025\/12\/25\/pediatras-demanda-trump-subvenciones-trax\/\"},\"wordCount\":755,\"commentCount\":0,\"publisher\":{\"@id\":\"https:\/\/noticiasya.com\/#organization\"},\"articleSection\":[\"Noticias Nacionales\"],\"inLanguage\":\"es\",\"potentialAction\":[{\"@type\":\"CommentAction\",\"name\":\"Comment\",\"target\":[\"https:\/\/noticiasya.com\/2025\/12\/25\/pediatras-demanda-trump-subvenciones-trax\/#respond\"]}]},{\"@type\":\"WebPage\",\"@id\":\"https:\/\/noticiasya.com\/2025\/12\/25\/pediatras-demanda-trump-subvenciones-trax\/\",\"url\":\"https:\/\/noticiasya.com\/2025\/12\/25\/pediatras-demanda-trump-subvenciones-trax\/\",\"name\":\"Pediatras demandan al Gobierno de Trump para detener un recorte de casi US$ 12 millones en subvenciones federales - Noticias\",\"isPartOf\":{\"@id\":\"https:\/\/noticiasya.com\/#website\"},\"datePublished\":\"2025-12-25T20:03:40+00:00\",\"breadcrumb\":{\"@id\":\"https:\/\/noticiasya.com\/2025\/12\/25\/pediatras-demanda-trump-subvenciones-trax\/#breadcrumb\"},\"inLanguage\":\"es\",\"potentialAction\":[{\"@type\":\"ReadAction\",\"target\":[\"https:\/\/noticiasya.com\/2025\/12\/25\/pediatras-demanda-trump-subvenciones-trax\/\"]}]},{\"@type\":\"BreadcrumbList\",\"@id\":\"https:\/\/noticiasya.com\/2025\/12\/25\/pediatras-demanda-trump-subvenciones-trax\/#breadcrumb\",\"itemListElement\":[{\"@type\":\"ListItem\",\"position\":1,\"name\":\"Home\",\"item\":\"https:\/\/noticiasya.com\/\"},{\"@type\":\"ListItem\",\"position\":2,\"name\":\"Pediatras demandan al Gobierno de Trump para detener un recorte de casi US$ 12 millones en subvenciones federales\"}]},{\"@type\":\"WebSite\",\"@id\":\"https:\/\/noticiasya.com\/#website\",\"url\":\"https:\/\/noticiasya.com\/\",\"name\":\"Noticias\",\"description\":\"Lo que importa\",\"publisher\":{\"@id\":\"https:\/\/noticiasya.com\/#organization\"},\"potentialAction\":[{\"@type\":\"SearchAction\",\"target\":{\"@type\":\"EntryPoint\",\"urlTemplate\":\"https:\/\/noticiasya.com\/?s={search_term_string}\"},\"query-input\":{\"@type\":\"PropertyValueSpecification\",\"valueRequired\":true,\"valueName\":\"search_term_string\"}}],\"inLanguage\":\"es\"},{\"@type\":\"Organization\",\"@id\":\"https:\/\/noticiasya.com\/#organization\",\"name\":\"Noticias\",\"url\":\"https:\/\/noticiasya.com\/\",\"logo\":{\"@type\":\"ImageObject\",\"inLanguage\":\"es\",\"@id\":\"https:\/\/noticiasya.com\/#\/schema\/logo\/image\/\",\"url\":\"https:\/\/noticiasya.com\/wp-content\/uploads\/sites\/22\/2023\/12\/logo-nacional.png\",\"contentUrl\":\"https:\/\/noticiasya.com\/wp-content\/uploads\/sites\/22\/2023\/12\/logo-nacional.png\",\"width\":1801,\"height\":691,\"caption\":\"Noticias\"},\"image\":{\"@id\":\"https:\/\/noticiasya.com\/#\/schema\/logo\/image\/\"}}]}<\/script>\n<!-- \/ Yoast SEO plugin. -->","yoast_head_json":{"title":"Pediatras demandan al Gobierno de Trump para detener un recorte de casi US$ 12 millones en subvenciones federales - Noticias","robots":{"index":"index","follow":"follow","max-snippet":"max-snippet:-1","max-image-preview":"max-image-preview:large","max-video-preview":"max-video-preview:-1"},"canonical":"https:\/\/noticiasya.com\/2025\/12\/25\/pediatras-demanda-trump-subvenciones-trax\/","og_locale":"es_ES","og_type":"article","og_title":"Pediatras demandan al Gobierno de Trump para detener un recorte de casi US$ 12 millones en subvenciones federales - Noticias","og_description":"Un importante grupo de pediatr\u00eda solicit\u00f3 a un juez federal que impida que la administraci\u00f3n Trump cancelar casi US$ 12 millones en subvenciones federales. La Academia Estadounidense de Pediatr\u00eda (AAP, por sus siglas en ingl\u00e9s) argumenta que el Departamento de Salud y Servicios Humanos de EE.UU. (HHS, por sus siglas en ingl\u00e9s) cancel\u00f3 la semana [&hellip;]","og_url":"https:\/\/noticiasya.com\/2025\/12\/25\/pediatras-demanda-trump-subvenciones-trax\/","og_site_name":"Noticias","article_published_time":"2025-12-25T20:03:40+00:00","twitter_card":"summary_large_image","twitter_misc":{"Est. reading time":"4 minutos"},"schema":{"@context":"https:\/\/schema.org","@graph":[{"@type":"Article","@id":"https:\/\/noticiasya.com\/2025\/12\/25\/pediatras-demanda-trump-subvenciones-trax\/#article","isPartOf":{"@id":"https:\/\/noticiasya.com\/2025\/12\/25\/pediatras-demanda-trump-subvenciones-trax\/"},"author":{"name":"","@id":""},"headline":"Pediatras demandan al Gobierno de Trump para detener un recorte de casi US$ 12 millones en subvenciones federales","datePublished":"2025-12-25T20:03:40+00:00","mainEntityOfPage":{"@id":"https:\/\/noticiasya.com\/2025\/12\/25\/pediatras-demanda-trump-subvenciones-trax\/"},"wordCount":755,"commentCount":0,"publisher":{"@id":"https:\/\/noticiasya.com\/#organization"},"articleSection":["Noticias Nacionales"],"inLanguage":"es","potentialAction":[{"@type":"CommentAction","name":"Comment","target":["https:\/\/noticiasya.com\/2025\/12\/25\/pediatras-demanda-trump-subvenciones-trax\/#respond"]}]},{"@type":"WebPage","@id":"https:\/\/noticiasya.com\/2025\/12\/25\/pediatras-demanda-trump-subvenciones-trax\/","url":"https:\/\/noticiasya.com\/2025\/12\/25\/pediatras-demanda-trump-subvenciones-trax\/","name":"Pediatras demandan al Gobierno de Trump para detener un recorte de casi US$ 12 millones en subvenciones federales - Noticias","isPartOf":{"@id":"https:\/\/noticiasya.com\/#website"},"datePublished":"2025-12-25T20:03:40+00:00","breadcrumb":{"@id":"https:\/\/noticiasya.com\/2025\/12\/25\/pediatras-demanda-trump-subvenciones-trax\/#breadcrumb"},"inLanguage":"es","potentialAction":[{"@type":"ReadAction","target":["https:\/\/noticiasya.com\/2025\/12\/25\/pediatras-demanda-trump-subvenciones-trax\/"]}]},{"@type":"BreadcrumbList","@id":"https:\/\/noticiasya.com\/2025\/12\/25\/pediatras-demanda-trump-subvenciones-trax\/#breadcrumb","itemListElement":[{"@type":"ListItem","position":1,"name":"Home","item":"https:\/\/noticiasya.com\/"},{"@type":"ListItem","position":2,"name":"Pediatras demandan al Gobierno de Trump para detener un recorte de casi US$ 12 millones en subvenciones federales"}]},{"@type":"WebSite","@id":"https:\/\/noticiasya.com\/#website","url":"https:\/\/noticiasya.com\/","name":"Noticias","description":"Lo que importa","publisher":{"@id":"https:\/\/noticiasya.com\/#organization"},"potentialAction":[{"@type":"SearchAction","target":{"@type":"EntryPoint","urlTemplate":"https:\/\/noticiasya.com\/?s={search_term_string}"},"query-input":{"@type":"PropertyValueSpecification","valueRequired":true,"valueName":"search_term_string"}}],"inLanguage":"es"},{"@type":"Organization","@id":"https:\/\/noticiasya.com\/#organization","name":"Noticias","url":"https:\/\/noticiasya.com\/","logo":{"@type":"ImageObject","inLanguage":"es","@id":"https:\/\/noticiasya.com\/#\/schema\/logo\/image\/","url":"https:\/\/noticiasya.com\/wp-content\/uploads\/sites\/22\/2023\/12\/logo-nacional.png","contentUrl":"https:\/\/noticiasya.com\/wp-content\/uploads\/sites\/22\/2023\/12\/logo-nacional.png","width":1801,"height":691,"caption":"Noticias"},"image":{"@id":"https:\/\/noticiasya.com\/#\/schema\/logo\/image\/"}}]}},"parsely":{"version":"1.1.0","canonical_url":"https:\/\/noticiasya.com\/midland-odessa\/2025\/12\/25\/pediatras-demanda-trump-subvenciones-trax\/","smart_links":{"inbound":0,"outbound":0},"traffic_boost_suggestions_count":0,"meta":{"@context":"https:\/\/schema.org","@type":"NewsArticle","headline":"Pediatras demandan al Gobierno de Trump para detener un recorte de casi US$ 12 millones en subvenciones federales","url":"http:\/\/noticiasya.com\/midland-odessa\/2025\/12\/25\/pediatras-demanda-trump-subvenciones-trax\/","mainEntityOfPage":{"@type":"WebPage","@id":"http:\/\/noticiasya.com\/midland-odessa\/2025\/12\/25\/pediatras-demanda-trump-subvenciones-trax\/"},"thumbnailUrl":"","image":{"@type":"ImageObject","url":""},"articleSection":"Noticias Nacionales","author":[],"creator":[],"publisher":{"@type":"Organization","name":"Noticias","logo":""},"keywords":[],"dateCreated":"2025-12-25T20:03:40Z","datePublished":"2025-12-25T20:03:40Z","dateModified":"2025-12-25T20:03:40Z"},"rendered":"<script type=\"application\/ld+json\" class=\"wp-parsely-metadata\">{\"@context\":\"https:\\\/\\\/schema.org\",\"@type\":\"NewsArticle\",\"headline\":\"Pediatras demandan al Gobierno de Trump para detener un recorte de casi US$ 12 millones en subvenciones federales\",\"url\":\"http:\\\/\\\/noticiasya.com\\\/midland-odessa\\\/2025\\\/12\\\/25\\\/pediatras-demanda-trump-subvenciones-trax\\\/\",\"mainEntityOfPage\":{\"@type\":\"WebPage\",\"@id\":\"http:\\\/\\\/noticiasya.com\\\/midland-odessa\\\/2025\\\/12\\\/25\\\/pediatras-demanda-trump-subvenciones-trax\\\/\"},\"thumbnailUrl\":\"\",\"image\":{\"@type\":\"ImageObject\",\"url\":\"\"},\"articleSection\":\"Noticias Nacionales\",\"author\":[],\"creator\":[],\"publisher\":{\"@type\":\"Organization\",\"name\":\"Noticias\",\"logo\":\"\"},\"keywords\":[],\"dateCreated\":\"2025-12-25T20:03:40Z\",\"datePublished\":\"2025-12-25T20:03:40Z\",\"dateModified\":\"2025-12-25T20:03:40Z\"}<\/script>","tracker_url":"https:\/\/cdn.parsely.com\/keys\/noticiasya.com\/p.js"},"jetpack_featured_media_url":"","jetpack-related-posts":[{"id":1461844,"url":"https:\/\/noticiasya.com\/midland-odessa\/2025\/05\/01\/trump-revision-tratamiento-disforia-de-genero-jovenes-trax\/","url_meta":{"origin":1469566,"position":0},"title":"Gobierno de Trump public\u00f3 una revisi\u00f3n de 400 p\u00e1ginas sobre el tratamiento de la disforia de g\u00e9nero para j\u00f3venes","author":"","date":"mayo 1, 2025","format":false,"excerpt":"El Departamento de Salud y Servicios Humanos de EE.UU. (HHS, por sus siglas en ingl\u00e9s) public\u00f3 el jueves una revisi\u00f3n de 400 p\u00e1ginas sobre el tratamiento de la disforia de g\u00e9nero en ni\u00f1os, pero no revel\u00f3 qui\u00e9n fue su autor ni qui\u00e9n la revis\u00f3.El informe surge tras varias medidas del\u2026","rel":"","context":"In &quot;Noticias Nacionales&quot;","block_context":{"text":"Noticias Nacionales","link":"https:\/\/noticiasya.com\/midland-odessa\/categoria\/noticias-nacionales"},"img":{"alt_text":"","src":"","width":0,"height":0},"classes":[]},{"id":1460484,"url":"https:\/\/noticiasya.com\/midland-odessa\/2025\/03\/27\/recortes-subvenciones-departamento-salud-cdc-trax\/","url_meta":{"origin":1469566,"position":1},"title":"La administraci\u00f3n Trump retira miles de millones en fondos de la era covid-19 para departamentos de salud estatales y locales","author":"","date":"marzo 27, 2025","format":false,"excerpt":"Los departamentos de salud p\u00fablica estatales y locales se preparan para que los Centros para el Control y la Prevenci\u00f3n de Enfermedades de EE.UU. retiren unos US$ 11.400 millones en subvenciones que se asignaron a los departamentos de salud estatales y comunitarios durante la respuesta a la pandemia de covid-19.\u201cLa\u2026","rel":"","context":"In &quot;Noticias Nacionales&quot;","block_context":{"text":"Noticias Nacionales","link":"https:\/\/noticiasya.com\/midland-odessa\/categoria\/noticias-nacionales"},"img":{"alt_text":"","src":"","width":0,"height":0},"classes":[]},{"id":1465799,"url":"https:\/\/noticiasya.com\/midland-odessa\/2025\/08\/23\/doj-subvenciones-universidades-estudiantes-hispanos-ap\/","url_meta":{"origin":1469566,"position":2},"title":"El Departamento de Justicia no defender\u00e1 las subvenciones para universidades con estudiantes hispanos","author":"","date":"agosto 23, 2025","format":false,"excerpt":"El Gobierno de Donald Trump dijo el viernes que no defender\u00e1 un programa de subvenciones de d\u00e9cadas de antig\u00fcedad para universidades con un gran n\u00famero de estudiantes hispanos que es impugnado en los tribunales, declarando que el Gobierno considera que el financiamiento es inconstitucional.En un memorando enviado al Congreso, el\u2026","rel":"","context":"In &quot;Noticias Nacionales&quot;","block_context":{"text":"Noticias Nacionales","link":"https:\/\/noticiasya.com\/midland-odessa\/categoria\/noticias-nacionales"},"img":{"alt_text":"","src":"","width":0,"height":0},"classes":[]},{"id":1462943,"url":"https:\/\/noticiasya.com\/midland-odessa\/2025\/05\/29\/cierre-mit-oficina-dei-trax\/","url_meta":{"origin":1469566,"position":3},"title":"El MIT cierra su oficina de DEI ante la presi\u00f3n de la administraci\u00f3n Trump para eliminar los programas de diversidad","author":"","date":"mayo 29, 2025","format":false,"excerpt":"El Instituto Tecnol\u00f3gico de Massachusetts (MIT por sus siglas) anunci\u00f3 el cierre de su oficina de DEI, uni\u00e9ndose a un grupo de universidades que buscan reducir sus programas de diversidad, equidad e inclusi\u00f3n ante la campa\u00f1a antidiversidad del presidente Donald Trump.En una carta publicada en su sitio web el jueves\u2026","rel":"","context":"In &quot;Noticias Nacionales&quot;","block_context":{"text":"Noticias Nacionales","link":"https:\/\/noticiasya.com\/midland-odessa\/categoria\/noticias-nacionales"},"img":{"alt_text":"","src":"","width":0,"height":0},"classes":[]},{"id":1467314,"url":"https:\/\/noticiasya.com\/midland-odessa\/2025\/10\/12\/restituyen-personal-despedido-cdc-trax\/","url_meta":{"origin":1469566,"position":4},"title":"M\u00e1s de la mitad del personal de los CDC recientemente despedido por la administraci\u00f3n Trump ha sido reintegrado","author":"","date":"octubre 12, 2025","format":false,"excerpt":"Cientos de empleados de los Centros para el Control y la Prevenci\u00f3n de Enfermedades de EE.UU. (CDC, por sus siglas en ingl\u00e9s) despedidos el viernes por la noche fueron reincorporados, seg\u00fan la Federaci\u00f3n Estadounidense de Empleados Gubernamentales (AFGE, pro sus siglas en ingl\u00e9s).Tras una nueva ronda de notificaciones de despido\u2026","rel":"","context":"In &quot;Noticias Nacionales&quot;","block_context":{"text":"Noticias Nacionales","link":"https:\/\/noticiasya.com\/midland-odessa\/categoria\/noticias-nacionales"},"img":{"alt_text":"","src":"","width":0,"height":0},"classes":[]},{"id":1461593,"url":"https:\/\/noticiasya.com\/midland-odessa\/2025\/04\/24\/director-fundacion-nacional-de-ciencias-renuncia-trax\/","url_meta":{"origin":1469566,"position":5},"title":"Director de la Fundaci\u00f3n Nacional de Ciencias de EE.UU. renuncia en medio de cambios impulsados por Gobierno de Trump","author":"","date":"abril 24, 2025","format":false,"excerpt":"El director de la Fundaci\u00f3n Nacional de Ciencias (NSF, por sus siglas en ingl\u00e9s) de EE.UU., una agencia de US$ 9.000 millones encargada de avanzar en descubrimientos a lo largo del espectro cient\u00edfico, renunci\u00f3 este jueves en medio de cambios radicales impulsados por el actual Gobierno de Trump.El director de\u2026","rel":"","context":"In &quot;Noticias Nacionales&quot;","block_context":{"text":"Noticias Nacionales","link":"https:\/\/noticiasya.com\/midland-odessa\/categoria\/noticias-nacionales"},"img":{"alt_text":"","src":"","width":0,"height":0},"classes":[]}],"jetpack_sharing_enabled":true,"_links":{"self":[{"href":"https:\/\/noticiasya.com\/midland-odessa\/wp-json\/wp\/v2\/posts\/1469566","targetHints":{"allow":["GET"]}}],"collection":[{"href":"https:\/\/noticiasya.com\/midland-odessa\/wp-json\/wp\/v2\/posts"}],"about":[{"href":"https:\/\/noticiasya.com\/midland-odessa\/wp-json\/wp\/v2\/types\/post"}],"replies":[{"embeddable":true,"href":"https:\/\/noticiasya.com\/midland-odessa\/wp-json\/wp\/v2\/comments?post=1469566"}],"version-history":[{"count":0,"href":"https:\/\/noticiasya.com\/midland-odessa\/wp-json\/wp\/v2\/posts\/1469566\/revisions"}],"wp:attachment":[{"href":"https:\/\/noticiasya.com\/midland-odessa\/wp-json\/wp\/v2\/media?parent=1469566"}],"wp:term":[{"taxonomy":"category","embeddable":true,"href":"https:\/\/noticiasya.com\/midland-odessa\/wp-json\/wp\/v2\/categories?post=1469566"},{"taxonomy":"post_tag","embeddable":true,"href":"https:\/\/noticiasya.com\/midland-odessa\/wp-json\/wp\/v2\/tags?post=1469566"}],"curies":[{"name":"wp","href":"https:\/\/api.w.org\/{rel}","templated":true}]}}