{"id":1469674,"date":"2025-12-30T15:03:44","date_gmt":"2025-12-30T23:03:44","guid":{"rendered":"https:\/\/noticiasya.com\/2025\/12\/30\/funcionarios-presionando-cargos-penales-abrego-garcia-trax\/"},"modified":"2025-12-30T15:03:44","modified_gmt":"2025-12-30T23:03:44","slug":"funcionarios-presionando-cargos-penales-abrego-garcia-trax","status":"publish","type":"post","link":"https:\/\/noticiasya.com\/midland-odessa\/2025\/12\/30\/funcionarios-presionando-cargos-penales-abrego-garcia-trax\/","title":{"rendered":"Funcionarios del Departamento de Justicia habr\u00edan presionando para presentar cargos penales contra \u00c1brego Garc\u00eda, dice juez"},"content":{"rendered":"<p>Archivos internos del Departamento de Justicia \u201csugieren\u201d que altos funcionarios en Washington trabajaron con fiscales federales en Nashville para procesar a Kilmar \u00c1brego Garc\u00eda despu\u00e9s de que \u00e9l luchara contra su deportaci\u00f3n injusta a El Salvador, dijo un juez federal en una reciente decisi\u00f3n desclasificada.<\/p>\n<p>La opini\u00f3n del 3 de diciembre del juez de distrito de EE.UU. Waverly Crenshaw, hecha p\u00fablica este martes, es la m\u00e1s reciente se\u00f1al de que el Departamento de Justicia est\u00e1 cada vez m\u00e1s a la defensiva en el caso. \u00c1brego Garc\u00eda busca que se desestimen los cargos con base en su afirmaci\u00f3n de que es v\u00edctima de una acusaci\u00f3n selectiva y vengativa resultado de la injerencia de funcionarios en Washington.<\/p>\n<p>Tales intentos son extremadamente dif\u00edciles de ganar, pero la decisi\u00f3n subraya la seriedad con la que Crenshaw est\u00e1 examinando las afirmaciones de \u00c1brego Garc\u00eda. El juez orden\u00f3 a los fiscales entregar los documentos al equipo de \u00c1brego Garc\u00eda para su revisi\u00f3n.<\/p>\n<p>\u201cEl tribunal reconoce la afirmaci\u00f3n del Gobierno sobre privilegios, pero el derecho al debido proceso de \u00c1brego a una acusaci\u00f3n no vengativa supera los privilegios probatorios generales afirmados por el Gobierno\u201d, dijo Crenshaw en la decisi\u00f3n.<\/p>\n<p>Los documentos, escribi\u00f3 en la decisi\u00f3n de nueve p\u00e1ginas, \u201csugieren\u201d que Robert McGuire, el principal fiscal federal en el Distrito Medio de Tennessee, \u201cno fue el \u00fanico responsable\u201d en la decisi\u00f3n de su oficina de presentar cargos de tr\u00e1fico de personas contra \u00c1brego Garc\u00eda, como ha argumentado el Gobierno, sino que trabaj\u00f3 con otros en Washington \u201cque pueden o no haber actuado con una motivaci\u00f3n inapropiada\u201d a principios de este a\u00f1o cuando el caso fue presentado en conjunto.<\/p>\n<p>\u201cLos documentos que deben ser entregados se relacionan con (el vicesecretario de Justicia Todd) Blanche porque los documentos sugieren que (el subdirector adjunto Aakash) Singh tuvo un papel principal en la decisi\u00f3n del Gobierno de procesar y Singh trabaja en la oficina de Blanche\u201d, dice la opini\u00f3n.<\/p>\n<p>\u201cLos documentos del Gobierno pueden contradecir sus declaraciones anteriores de que la decisi\u00f3n de procesar se tom\u00f3 localmente y que no hubo influencias externas\u201d, escribi\u00f3 Crenshaw, se\u00f1alando varias comunicaciones entre Singh y McGuire esta primavera, cuando \u00c1brego Garc\u00eda a\u00fan estaba detenido en el Centro de Confinamiento del Terrorismo en El Salvador, al que fue deportado desde Maryland a mediados de marzo.<\/p>\n<p>Estas comunicaciones se produc\u00edan mientras el Gobierno se resist\u00eda a la orden de un juez de Maryland de trabajar para devolver a \u00c1brego Garc\u00eda desde El Salvador. En ese momento, su caso atrajo la atenci\u00f3n nacional y lleg\u00f3 a simbolizar las pol\u00edticas migratorias estrictas de la administraci\u00f3n y su enfoque ante fallos judiciales adversos.<\/p>\n<p>CNN se ha puesto en contacto con el Departamento de Justicia para obtener comentarios.<\/p>\n<p>\u00c1brego Garc\u00eda argumenta que los cargos penales, que surgieron de una parada de tr\u00e1fico en Tennessee a\u00f1os antes, fueron presentados en represalia despu\u00e9s de que \u00e9l impugnara su expulsi\u00f3n ilegal a El Salvador a principios de este a\u00f1o. Aunque es ciudadano salvadore\u00f1o, un juez de inmigraci\u00f3n dijo en 2019 que no pod\u00eda ser enviado de regreso a su pa\u00eds de origen porque tem\u00eda la violencia de las pandillas all\u00ed.<\/p>\n<p>En un correo electr\u00f3nico enviado por Singh a fines de abril a McGuire, \u201cSingh dej\u00f3 claro que el procesamiento penal de \u00c1brego era una \u2018m\u00e1xima prioridad\u2019 para la Oficina del Vicesecretario de Justicia (Blanche)\u201d, escribi\u00f3 el juez.<\/p>\n<p>Un correo electr\u00f3nico de McGuire a mediados de mayo a su personal dec\u00eda que Blanche y uno de sus adjuntos \u201cquer\u00edan que Garc\u00eda fuera acusado cuanto antes\u201d, seg\u00fan la decisi\u00f3n.<\/p>\n<p>\u00c1brego Garc\u00eda fue finalmente tra\u00eddo de regreso a los EE.UU. en junio para enfrentar el caso de tr\u00e1fico de personas. Est\u00e1 en libertad bajo fianza en Maryland. Sus abogados declinaron hacer comentarios sobre la decisi\u00f3n de Crenshaw.<\/p>\n<p>\u201cEl juez Crenshaw est\u00e1 transmitiendo que los documentos que revis\u00f3 revelan que este procesamiento fue iniciado por el Departamento de Justicia\u201d, dijo el juez federal retirado John Jones, quien agreg\u00f3 que este tipo de caso no suele ser iniciado por los l\u00edderes del departamento en Washington.<\/p>\n<p>\u201cAunque las mociones por procesamiento vengativo rara vez se conceden, todo indica que \u00e9sta tendr\u00e1 \u00e9xito\u201d, dijo Jones.<\/p>\n<p>Abrego Garcia ha argumentado previamente que las declaraciones p\u00fablicas de Blanche sobre el caso penal son evidencia de la decisi\u00f3n del Gobierno de perseguirlo por razones ileg\u00edtimas, y Crenshaw dijo en un fallo importante en octubre que esas declaraciones son problem\u00e1ticas para los fiscales.<\/p>\n<p>Los documentos solicitados por la defensa, dijo Crenshaw en el fallo de diciembre, \u201cdeben ser revelados dado que \u00c1brego se basa en las declaraciones p\u00fablicas de Blanche y para permitir que las partes presenten sus argumentos sobre c\u00f3mo estos documentos pueden o no respaldar la moci\u00f3n para desestimar\u201d.<\/p>\n<p>Una audiencia importante sobre el esfuerzo de \u00c1brego Garc\u00eda para que se desestimen los dos cargos est\u00e1 programada para finales de enero. Su juicio, que estaba programado para el pr\u00f3ximo mes, ha sido pospuesto y no se ha fijado una nueva fecha.<\/p>\n<p>The-CNN-Wire<br \/>&trade; &amp; &copy; 2025 Cable News Network, Inc., a Warner Bros. Discovery Company. All rights reserved.<\/p>\n","protected":false},"excerpt":{"rendered":"<p>Archivos internos del Departamento de Justicia \u201csugieren\u201d que altos funcionarios en Washington trabajaron con fiscales federales en Nashville para procesar a Kilmar \u00c1brego Garc\u00eda despu\u00e9s de que \u00e9l luchara contra su deportaci\u00f3n injusta a El Salvador, dijo un juez federal en una reciente decisi\u00f3n desclasificada. La opini\u00f3n del 3 de diciembre del juez de distrito [&hellip;]<\/p>\n","protected":false},"author":0,"featured_media":0,"comment_status":"open","ping_status":"open","sticky":false,"template":"","format":"standard","meta":{"_jetpack_memberships_contains_paid_content":false,"footnotes":""},"categories":[10],"tags":[],"class_list":["post-1469674","post","type-post","status-publish","format-standard","hentry","category-noticias-nacionales","market-global"],"yoast_head":"<!-- This site is optimized with the Yoast SEO plugin v24.4 - https:\/\/yoast.com\/wordpress\/plugins\/seo\/ -->\n<title>Funcionarios del Departamento de Justicia habr\u00edan presionando para presentar cargos penales contra \u00c1brego Garc\u00eda, dice juez - Noticias<\/title>\n<meta name=\"robots\" content=\"index, follow, max-snippet:-1, max-image-preview:large, max-video-preview:-1\" \/>\n<link rel=\"canonical\" href=\"https:\/\/noticiasya.com\/2025\/12\/30\/funcionarios-presionando-cargos-penales-abrego-garcia-trax\/\" \/>\n<meta property=\"og:locale\" content=\"es_ES\" \/>\n<meta property=\"og:type\" content=\"article\" \/>\n<meta property=\"og:title\" content=\"Funcionarios del Departamento de Justicia habr\u00edan presionando para presentar cargos penales contra \u00c1brego Garc\u00eda, dice juez - Noticias\" \/>\n<meta property=\"og:description\" content=\"Archivos internos del Departamento de Justicia \u201csugieren\u201d que altos funcionarios en Washington trabajaron con fiscales federales en Nashville para procesar a Kilmar \u00c1brego Garc\u00eda despu\u00e9s de que \u00e9l luchara contra su deportaci\u00f3n injusta a El Salvador, dijo un juez federal en una reciente decisi\u00f3n desclasificada. La opini\u00f3n del 3 de diciembre del juez de distrito [&hellip;]\" \/>\n<meta property=\"og:url\" content=\"https:\/\/noticiasya.com\/2025\/12\/30\/funcionarios-presionando-cargos-penales-abrego-garcia-trax\/\" \/>\n<meta property=\"og:site_name\" content=\"Noticias\" \/>\n<meta property=\"article:published_time\" content=\"2025-12-30T23:03:44+00:00\" \/>\n<meta name=\"twitter:card\" content=\"summary_large_image\" \/>\n<meta name=\"twitter:label1\" content=\"Est. reading time\" \/>\n\t<meta name=\"twitter:data1\" content=\"5 minutos\" \/>\n<script type=\"application\/ld+json\" class=\"yoast-schema-graph\">{\"@context\":\"https:\/\/schema.org\",\"@graph\":[{\"@type\":\"Article\",\"@id\":\"https:\/\/noticiasya.com\/2025\/12\/30\/funcionarios-presionando-cargos-penales-abrego-garcia-trax\/#article\",\"isPartOf\":{\"@id\":\"https:\/\/noticiasya.com\/2025\/12\/30\/funcionarios-presionando-cargos-penales-abrego-garcia-trax\/\"},\"author\":{\"name\":\"\",\"@id\":\"\"},\"headline\":\"Funcionarios del Departamento de Justicia habr\u00edan presionando para presentar cargos penales contra \u00c1brego Garc\u00eda, dice juez\",\"datePublished\":\"2025-12-30T23:03:44+00:00\",\"mainEntityOfPage\":{\"@id\":\"https:\/\/noticiasya.com\/2025\/12\/30\/funcionarios-presionando-cargos-penales-abrego-garcia-trax\/\"},\"wordCount\":924,\"commentCount\":0,\"publisher\":{\"@id\":\"https:\/\/noticiasya.com\/#organization\"},\"articleSection\":[\"Noticias Nacionales\"],\"inLanguage\":\"es\",\"potentialAction\":[{\"@type\":\"CommentAction\",\"name\":\"Comment\",\"target\":[\"https:\/\/noticiasya.com\/2025\/12\/30\/funcionarios-presionando-cargos-penales-abrego-garcia-trax\/#respond\"]}]},{\"@type\":\"WebPage\",\"@id\":\"https:\/\/noticiasya.com\/2025\/12\/30\/funcionarios-presionando-cargos-penales-abrego-garcia-trax\/\",\"url\":\"https:\/\/noticiasya.com\/2025\/12\/30\/funcionarios-presionando-cargos-penales-abrego-garcia-trax\/\",\"name\":\"Funcionarios del Departamento de Justicia habr\u00edan presionando para presentar cargos penales contra \u00c1brego Garc\u00eda, dice juez - Noticias\",\"isPartOf\":{\"@id\":\"https:\/\/noticiasya.com\/#website\"},\"datePublished\":\"2025-12-30T23:03:44+00:00\",\"breadcrumb\":{\"@id\":\"https:\/\/noticiasya.com\/2025\/12\/30\/funcionarios-presionando-cargos-penales-abrego-garcia-trax\/#breadcrumb\"},\"inLanguage\":\"es\",\"potentialAction\":[{\"@type\":\"ReadAction\",\"target\":[\"https:\/\/noticiasya.com\/2025\/12\/30\/funcionarios-presionando-cargos-penales-abrego-garcia-trax\/\"]}]},{\"@type\":\"BreadcrumbList\",\"@id\":\"https:\/\/noticiasya.com\/2025\/12\/30\/funcionarios-presionando-cargos-penales-abrego-garcia-trax\/#breadcrumb\",\"itemListElement\":[{\"@type\":\"ListItem\",\"position\":1,\"name\":\"Home\",\"item\":\"https:\/\/noticiasya.com\/\"},{\"@type\":\"ListItem\",\"position\":2,\"name\":\"Funcionarios del Departamento de Justicia habr\u00edan presionando para presentar cargos penales contra \u00c1brego Garc\u00eda, dice juez\"}]},{\"@type\":\"WebSite\",\"@id\":\"https:\/\/noticiasya.com\/#website\",\"url\":\"https:\/\/noticiasya.com\/\",\"name\":\"Noticias\",\"description\":\"Lo que importa\",\"publisher\":{\"@id\":\"https:\/\/noticiasya.com\/#organization\"},\"potentialAction\":[{\"@type\":\"SearchAction\",\"target\":{\"@type\":\"EntryPoint\",\"urlTemplate\":\"https:\/\/noticiasya.com\/?s={search_term_string}\"},\"query-input\":{\"@type\":\"PropertyValueSpecification\",\"valueRequired\":true,\"valueName\":\"search_term_string\"}}],\"inLanguage\":\"es\"},{\"@type\":\"Organization\",\"@id\":\"https:\/\/noticiasya.com\/#organization\",\"name\":\"Noticias\",\"url\":\"https:\/\/noticiasya.com\/\",\"logo\":{\"@type\":\"ImageObject\",\"inLanguage\":\"es\",\"@id\":\"https:\/\/noticiasya.com\/#\/schema\/logo\/image\/\",\"url\":\"https:\/\/noticiasya.com\/wp-content\/uploads\/sites\/22\/2023\/12\/logo-nacional.png\",\"contentUrl\":\"https:\/\/noticiasya.com\/wp-content\/uploads\/sites\/22\/2023\/12\/logo-nacional.png\",\"width\":1801,\"height\":691,\"caption\":\"Noticias\"},\"image\":{\"@id\":\"https:\/\/noticiasya.com\/#\/schema\/logo\/image\/\"}}]}<\/script>\n<!-- \/ Yoast SEO plugin. -->","yoast_head_json":{"title":"Funcionarios del Departamento de Justicia habr\u00edan presionando para presentar cargos penales contra \u00c1brego Garc\u00eda, dice juez - Noticias","robots":{"index":"index","follow":"follow","max-snippet":"max-snippet:-1","max-image-preview":"max-image-preview:large","max-video-preview":"max-video-preview:-1"},"canonical":"https:\/\/noticiasya.com\/2025\/12\/30\/funcionarios-presionando-cargos-penales-abrego-garcia-trax\/","og_locale":"es_ES","og_type":"article","og_title":"Funcionarios del Departamento de Justicia habr\u00edan presionando para presentar cargos penales contra \u00c1brego Garc\u00eda, dice juez - Noticias","og_description":"Archivos internos del Departamento de Justicia \u201csugieren\u201d que altos funcionarios en Washington trabajaron con fiscales federales en Nashville para procesar a Kilmar \u00c1brego Garc\u00eda despu\u00e9s de que \u00e9l luchara contra su deportaci\u00f3n injusta a El Salvador, dijo un juez federal en una reciente decisi\u00f3n desclasificada. La opini\u00f3n del 3 de diciembre del juez de distrito [&hellip;]","og_url":"https:\/\/noticiasya.com\/2025\/12\/30\/funcionarios-presionando-cargos-penales-abrego-garcia-trax\/","og_site_name":"Noticias","article_published_time":"2025-12-30T23:03:44+00:00","twitter_card":"summary_large_image","twitter_misc":{"Est. reading time":"5 minutos"},"schema":{"@context":"https:\/\/schema.org","@graph":[{"@type":"Article","@id":"https:\/\/noticiasya.com\/2025\/12\/30\/funcionarios-presionando-cargos-penales-abrego-garcia-trax\/#article","isPartOf":{"@id":"https:\/\/noticiasya.com\/2025\/12\/30\/funcionarios-presionando-cargos-penales-abrego-garcia-trax\/"},"author":{"name":"","@id":""},"headline":"Funcionarios del Departamento de Justicia habr\u00edan presionando para presentar cargos penales contra \u00c1brego Garc\u00eda, dice juez","datePublished":"2025-12-30T23:03:44+00:00","mainEntityOfPage":{"@id":"https:\/\/noticiasya.com\/2025\/12\/30\/funcionarios-presionando-cargos-penales-abrego-garcia-trax\/"},"wordCount":924,"commentCount":0,"publisher":{"@id":"https:\/\/noticiasya.com\/#organization"},"articleSection":["Noticias Nacionales"],"inLanguage":"es","potentialAction":[{"@type":"CommentAction","name":"Comment","target":["https:\/\/noticiasya.com\/2025\/12\/30\/funcionarios-presionando-cargos-penales-abrego-garcia-trax\/#respond"]}]},{"@type":"WebPage","@id":"https:\/\/noticiasya.com\/2025\/12\/30\/funcionarios-presionando-cargos-penales-abrego-garcia-trax\/","url":"https:\/\/noticiasya.com\/2025\/12\/30\/funcionarios-presionando-cargos-penales-abrego-garcia-trax\/","name":"Funcionarios del Departamento de Justicia habr\u00edan presionando para presentar cargos penales contra \u00c1brego Garc\u00eda, dice juez - Noticias","isPartOf":{"@id":"https:\/\/noticiasya.com\/#website"},"datePublished":"2025-12-30T23:03:44+00:00","breadcrumb":{"@id":"https:\/\/noticiasya.com\/2025\/12\/30\/funcionarios-presionando-cargos-penales-abrego-garcia-trax\/#breadcrumb"},"inLanguage":"es","potentialAction":[{"@type":"ReadAction","target":["https:\/\/noticiasya.com\/2025\/12\/30\/funcionarios-presionando-cargos-penales-abrego-garcia-trax\/"]}]},{"@type":"BreadcrumbList","@id":"https:\/\/noticiasya.com\/2025\/12\/30\/funcionarios-presionando-cargos-penales-abrego-garcia-trax\/#breadcrumb","itemListElement":[{"@type":"ListItem","position":1,"name":"Home","item":"https:\/\/noticiasya.com\/"},{"@type":"ListItem","position":2,"name":"Funcionarios del Departamento de Justicia habr\u00edan presionando para presentar cargos penales contra \u00c1brego Garc\u00eda, dice juez"}]},{"@type":"WebSite","@id":"https:\/\/noticiasya.com\/#website","url":"https:\/\/noticiasya.com\/","name":"Noticias","description":"Lo que importa","publisher":{"@id":"https:\/\/noticiasya.com\/#organization"},"potentialAction":[{"@type":"SearchAction","target":{"@type":"EntryPoint","urlTemplate":"https:\/\/noticiasya.com\/?s={search_term_string}"},"query-input":{"@type":"PropertyValueSpecification","valueRequired":true,"valueName":"search_term_string"}}],"inLanguage":"es"},{"@type":"Organization","@id":"https:\/\/noticiasya.com\/#organization","name":"Noticias","url":"https:\/\/noticiasya.com\/","logo":{"@type":"ImageObject","inLanguage":"es","@id":"https:\/\/noticiasya.com\/#\/schema\/logo\/image\/","url":"https:\/\/noticiasya.com\/wp-content\/uploads\/sites\/22\/2023\/12\/logo-nacional.png","contentUrl":"https:\/\/noticiasya.com\/wp-content\/uploads\/sites\/22\/2023\/12\/logo-nacional.png","width":1801,"height":691,"caption":"Noticias"},"image":{"@id":"https:\/\/noticiasya.com\/#\/schema\/logo\/image\/"}}]}},"parsely":{"version":"1.1.0","canonical_url":"https:\/\/noticiasya.com\/midland-odessa\/2025\/12\/30\/funcionarios-presionando-cargos-penales-abrego-garcia-trax\/","smart_links":{"inbound":0,"outbound":0},"traffic_boost_suggestions_count":0,"meta":{"@context":"https:\/\/schema.org","@type":"NewsArticle","headline":"Funcionarios del Departamento de Justicia habr\u00edan presionando para presentar cargos penales contra \u00c1brego Garc\u00eda, dice juez","url":"http:\/\/noticiasya.com\/midland-odessa\/2025\/12\/30\/funcionarios-presionando-cargos-penales-abrego-garcia-trax\/","mainEntityOfPage":{"@type":"WebPage","@id":"http:\/\/noticiasya.com\/midland-odessa\/2025\/12\/30\/funcionarios-presionando-cargos-penales-abrego-garcia-trax\/"},"thumbnailUrl":"","image":{"@type":"ImageObject","url":""},"articleSection":"Noticias Nacionales","author":[],"creator":[],"publisher":{"@type":"Organization","name":"Noticias","logo":""},"keywords":[],"dateCreated":"2025-12-30T23:03:44Z","datePublished":"2025-12-30T23:03:44Z","dateModified":"2025-12-30T23:03:44Z"},"rendered":"<script type=\"application\/ld+json\" class=\"wp-parsely-metadata\">{\"@context\":\"https:\\\/\\\/schema.org\",\"@type\":\"NewsArticle\",\"headline\":\"Funcionarios del Departamento de Justicia habr\\u00edan presionando para presentar cargos penales contra \\u00c1brego Garc\\u00eda, dice juez\",\"url\":\"http:\\\/\\\/noticiasya.com\\\/midland-odessa\\\/2025\\\/12\\\/30\\\/funcionarios-presionando-cargos-penales-abrego-garcia-trax\\\/\",\"mainEntityOfPage\":{\"@type\":\"WebPage\",\"@id\":\"http:\\\/\\\/noticiasya.com\\\/midland-odessa\\\/2025\\\/12\\\/30\\\/funcionarios-presionando-cargos-penales-abrego-garcia-trax\\\/\"},\"thumbnailUrl\":\"\",\"image\":{\"@type\":\"ImageObject\",\"url\":\"\"},\"articleSection\":\"Noticias Nacionales\",\"author\":[],\"creator\":[],\"publisher\":{\"@type\":\"Organization\",\"name\":\"Noticias\",\"logo\":\"\"},\"keywords\":[],\"dateCreated\":\"2025-12-30T23:03:44Z\",\"datePublished\":\"2025-12-30T23:03:44Z\",\"dateModified\":\"2025-12-30T23:03:44Z\"}<\/script>","tracker_url":"https:\/\/cdn.parsely.com\/keys\/noticiasya.com\/p.js"},"jetpack_featured_media_url":"","jetpack-related-posts":[{"id":1473059,"url":"https:\/\/noticiasya.com\/midland-odessa\/2026\/04\/11\/kilmar-abrego-garcia-comentarios-todd-blanche-trax\/","url_meta":{"origin":1469674,"position":0},"title":"El caso de Kilmar \u00c1brego Garc\u00eda podr\u00eda ser desestimado por los comentarios del secretario de Justicia interino Todd Blanche","author":"","date":"abril 11, 2026","format":false,"excerpt":"Mientras Todd Blanche toma las riendas del Departamento de Justicia, un juez federal est\u00e1 a punto de decidir si los comentarios controvertidos hechos el a\u00f1o pasado por el ahora secretario de Justicia interino deber\u00edan llevar al desmoronamiento de uno de los casos penales emblem\u00e1ticos del Gobierno de Trump.Las declaraciones p\u00fablicas\u2026","rel":"","context":"In &quot;Noticias Nacionales&quot;","block_context":{"text":"Noticias Nacionales","link":"https:\/\/noticiasya.com\/midland-odessa\/categoria\/noticias-nacionales"},"img":{"alt_text":"","src":"","width":0,"height":0},"classes":[]},{"id":1467282,"url":"https:\/\/noticiasya.com\/midland-odessa\/2025\/10\/10\/abrego-garcia-mocion-suprimir-declaraciones-arresto-trax\/","url_meta":{"origin":1469674,"position":1},"title":"Kilmar \u00c1brego Garc\u00eda presentar\u00e1 una moci\u00f3n para suprimir declaraciones de su arresto en marzo","author":"","date":"octubre 10, 2025","format":false,"excerpt":"Los abogados de Kilmar \u00c1brego Garc\u00eda afirman que es posible que los agentes federales no le hayan le\u00eddo correctamente sus derechos Miranda tras su arresto en marzo. En una audiencia ante un juez federal en Tennessee, indicaron que planean presentar varias mociones \u2013incluida una sobre posible coacci\u00f3n por parte de\u2026","rel":"","context":"In &quot;Noticias Nacionales&quot;","block_context":{"text":"Noticias Nacionales","link":"https:\/\/noticiasya.com\/midland-odessa\/categoria\/noticias-nacionales"},"img":{"alt_text":"","src":"","width":0,"height":0},"classes":[]},{"id":1463846,"url":"https:\/\/noticiasya.com\/midland-odessa\/2025\/06\/22\/jueza-tennessee-caso-abrego-garcia-juicio-penal-trax\/","url_meta":{"origin":1469674,"position":2},"title":"Jueza afirma que el Departamento de Justicia no logr\u00f3 fundamentar la detenci\u00f3n de \u00c1brego Garc\u00eda antes del juicio penal","author":"","date":"junio 22, 2025","format":false,"excerpt":"Una jueza de Tennessee asegura que el Departamento de Justicia no ha presentado argumentos convincentes para que Kilmar \u00c1brego Garc\u00eda deba permanecer en prisi\u00f3n preventiva, aunque es probable que el hombre, deportado por error y devuelto a Estados Unidos, permanezca bajo custodia federal de inmigraci\u00f3n.\u00c1brego Garc\u00eda se encuentra detenido en\u2026","rel":"","context":"In &quot;Noticias Nacionales&quot;","block_context":{"text":"Noticias Nacionales","link":"https:\/\/noticiasya.com\/midland-odessa\/categoria\/noticias-nacionales"},"img":{"alt_text":"","src":"","width":0,"height":0},"classes":[]},{"id":1471683,"url":"https:\/\/noticiasya.com\/midland-odessa\/2026\/02\/26\/caso-kilmar-abrego-fiscales-caso-sin-venganza-trax\/","url_meta":{"origin":1469674,"position":3},"title":"Giro en el caso de Kilmar \u00c1brego: ahora los fiscales federales deben demostrar que sus acusaciones no fueron una represalia","author":"","date":"febrero 26, 2026","format":false,"excerpt":"Nueve meses despu\u00e9s de que Kilmar \u00c1brego Garc\u00eda \u2014ciudadano salvadore\u00f1o deportado ilegalmente por el Gobierno de Trump\u2014 se convirtiera en acusado en uno de los casos penales m\u00e1s destacados de la administraci\u00f3n, los fiscales se encuentran a la defensiva en la corte, donde intentan convencer a un juez federal de\u2026","rel":"","context":"In &quot;Noticias Nacionales&quot;","block_context":{"text":"Noticias Nacionales","link":"https:\/\/noticiasya.com\/midland-odessa\/categoria\/noticias-nacionales"},"img":{"alt_text":"","src":"","width":0,"height":0},"classes":[]},{"id":1465878,"url":"https:\/\/noticiasya.com\/midland-odessa\/2025\/08\/26\/abrego-garcia-renueva-solicitud-de-asilo-trax\/","url_meta":{"origin":1469674,"position":4},"title":"\u00c1brego Garc\u00eda renueva solicitud de asilo en medio de la disputa por el intento del Gobierno de Trump de volver a deportarlo","author":"","date":"agosto 26, 2025","format":false,"excerpt":"Kilmar \u00c1brego Garc\u00eda, el hombre de Maryland que fue deportado err\u00f3neamente a El Salvador y posteriormente tra\u00eddo de regreso a Estados Unidos para enfrentar cargos criminales federales, ha renovado su solicitud de asilo en Estados Unidos mientras se intensifican los esfuerzos del Gobierno de Trump para deportarlo a Uganda.La solicitud\u2026","rel":"","context":"In &quot;Noticias Nacionales&quot;","block_context":{"text":"Noticias Nacionales","link":"https:\/\/noticiasya.com\/midland-odessa\/categoria\/noticias-nacionales"},"img":{"alt_text":"","src":"","width":0,"height":0},"classes":[]},{"id":1461333,"url":"https:\/\/noticiasya.com\/midland-odessa\/2025\/04\/17\/zar-frontera-deportacion-abrego-garcia-carece-sentido-trax\/","url_meta":{"origin":1469674,"position":5},"title":"El &#171;zar de la frontera&#187; de Trump dice que la orden de 2019 que bloquea la deportaci\u00f3n de \u00c1brego Garc\u00eda &#171;carece de sentido&#187;","author":"","date":"abril 17, 2025","format":false,"excerpt":"El \u201czar de la frontera\u201d del presidente Donald Trump, Tom Homan, argument\u00f3 este jueves que la orden judicial que proh\u00edbe expl\u00edcitamente la deportaci\u00f3n de un hombre de Maryland a su pa\u00eds de origen, El Salvador, \u201ccarece de sentido\u201d porque el Gobierno de Trump design\u00f3 a la pandilla MS-13 como una\u2026","rel":"","context":"In &quot;Noticias Nacionales&quot;","block_context":{"text":"Noticias Nacionales","link":"https:\/\/noticiasya.com\/midland-odessa\/categoria\/noticias-nacionales"},"img":{"alt_text":"","src":"","width":0,"height":0},"classes":[]}],"jetpack_sharing_enabled":true,"_links":{"self":[{"href":"https:\/\/noticiasya.com\/midland-odessa\/wp-json\/wp\/v2\/posts\/1469674","targetHints":{"allow":["GET"]}}],"collection":[{"href":"https:\/\/noticiasya.com\/midland-odessa\/wp-json\/wp\/v2\/posts"}],"about":[{"href":"https:\/\/noticiasya.com\/midland-odessa\/wp-json\/wp\/v2\/types\/post"}],"replies":[{"embeddable":true,"href":"https:\/\/noticiasya.com\/midland-odessa\/wp-json\/wp\/v2\/comments?post=1469674"}],"version-history":[{"count":0,"href":"https:\/\/noticiasya.com\/midland-odessa\/wp-json\/wp\/v2\/posts\/1469674\/revisions"}],"wp:attachment":[{"href":"https:\/\/noticiasya.com\/midland-odessa\/wp-json\/wp\/v2\/media?parent=1469674"}],"wp:term":[{"taxonomy":"category","embeddable":true,"href":"https:\/\/noticiasya.com\/midland-odessa\/wp-json\/wp\/v2\/categories?post=1469674"},{"taxonomy":"post_tag","embeddable":true,"href":"https:\/\/noticiasya.com\/midland-odessa\/wp-json\/wp\/v2\/tags?post=1469674"}],"curies":[{"name":"wp","href":"https:\/\/api.w.org\/{rel}","templated":true}]}}