{"id":1470778,"date":"2026-02-02T17:04:01","date_gmt":"2026-02-03T01:04:01","guid":{"rendered":"https:\/\/noticiasya.com\/2026\/02\/02\/vega-baja-puertorriquenos-celebran-exito-bad-bunny-grammy-super-bowl-orix\/"},"modified":"2026-02-02T17:04:01","modified_gmt":"2026-02-03T01:04:01","slug":"vega-baja-puertorriquenos-celebran-exito-bad-bunny-grammy-super-bowl-orix","status":"publish","type":"post","link":"https:\/\/noticiasya.com\/midland-odessa\/2026\/02\/02\/vega-baja-puertorriquenos-celebran-exito-bad-bunny-grammy-super-bowl-orix\/","title":{"rendered":"Desde Vega Baja, los puertorrique\u00f1os celebran el \u00e9xito de Bad Bunny en los Grammy: &#171;Todav\u00eda siguen hablando de nosotros&#187;"},"content":{"rendered":"<p>En Vega Baja, el municipio donde naci\u00f3 Benito Mart\u00ednez Ocasio (Bad Bunny), el nombre del artista puertorrique\u00f1o se pronuncia como el de uno de los suyos: alguien que habla por su gente, en su idioma, desde su historia. A una semana de encabezar el medio tiempo del Super Bowl y un d\u00eda despu\u00e9s de su <a href=\"https:\/\/cnnespanol.cnn.com\/2026\/02\/02\/entretenimiento\/bad-bunny-critica-ice-premios-grammy-orix\">poderoso mensaje en los Grammy<\/a> contra las acciones de ICE, los vecinos dicen sentirse orgullosos de verlo llevar la identidad boricua a los escenarios internacionales.<\/p>\n<p>\u201cLa pregunta es qu\u00e9 otro premio le vamos a otorgar a Bad Bunny o a Benito, cuando pr\u00e1cticamente ya ha acaparado todos los premios que existen en el planeta Tierra\u201d, dice a CNN Rub\u00e9n Marz\u00e1n, residente de Dorado, un municipio vecino de Vega Baja, en la costa norte de Puerto Rico.<\/p>\n<p>Para Marz\u00e1n, el mayor m\u00e9rito de Bad Bunny no est\u00e1 solo en los premios internacionales, sino en poner a Puerto Rico en el mapa y despertar curiosidad sobre la isla y su cultura en todo el mundo. \u201cPuerto Rico no la ha dejado caer. Todav\u00eda siguen hablando de nosotros\u201d, insiste y recuerda c\u00f3mo personas que nunca hab\u00edan o\u00eddo hablar de la isla ahora quieren conocerla.<\/p>\n<p>Para su gente en Vega Baja, Bad Bunny ha llevado la cultura y las ra\u00edces de Puerto Rico a cada escenario que pisa y esa visibilidad atrajo a miles de visitantes de todo el mundo en el verano de 2025. Los 30 conciertos que Bad Bunny ofreci\u00f3 en el Coliseo de Puerto Rico generaron cerca de <a href=\"https:\/\/cnnespanol.cnn.com\/2025\/09\/13\/latinoamerica\/bad-bunny-impulso-economia-puerto-rico-huracanes-trax\">US$ 200 millones<\/a> para la econom\u00eda de la isla, impulsando el turismo, la hoteler\u00eda y otros sectores locales.<\/p>\n<p>\u201cGente que ni sab\u00eda de Puerto Rico vino para ac\u00e1\u201d, recuerda Nomina Galloza, residente de Vega Baja. Desde all\u00ed observa ahora la reacci\u00f3n negativa de los sectores conservadores en Estados Unidos, <a href=\"https:\/\/cnnespanol.cnn.com\/2025\/10\/04\/eeuu\/bad-bunny-superbowl-maga-orix\">en especial del mundo MAGA<\/a>, ante la idea de que Bad Bunny cante completamente en espa\u00f1ol durante el Super Bowl.<\/p>\n<p>\u201cAhora estamos yendo para el Super Bowl. Eso est\u00e1 s\u00faper porque la gente est\u00e1 criticando de que va a cantar en espa\u00f1ol. Pero, \u00bfsabes qu\u00e9?\u201d, dice Galloza con orgullo, \u201csu m\u00fasica es tan pegajosa que, aunque no entiendas lo que canta, igual te va a gustar\u201d.<\/p>\n<p>La discusi\u00f3n sobre el idioma y la identidad se intensific\u00f3 tras su discurso en los Grammy, donde Bad Bunny hizo historia al ganar el premio a mejor \u00e1lbum urbano por \u201cDeb\u00ed tirar m\u00e1s fotos\u201d, un disco completamente en espa\u00f1ol. En su mensaje, lanz\u00f3 un contundente \u201c\u00a1Fuera ICE!\u201d en ingl\u00e9s y defendi\u00f3 a la comunidad inmigrante. \u201cNo somos salvajes, no somos animales, no somos aliens. Somos humanos y somos americanos\u201d, dijo ante una audiencia que respondi\u00f3 con aplausos.<\/p>\n<p>Adem\u00e1s, Mart\u00ednez Ocasio se llev\u00f3 el premio m\u00e1s importante de la noche: mejor \u00e1lbum del a\u00f1o. Emocionado, volvi\u00f3 al escenario y habl\u00f3 en espa\u00f1ol: \u201cQuiero dedicar este premio a todas las personas que han tenido que dejar su pa\u00eds\u201d. Luego repiti\u00f3 el mensaje en ingl\u00e9s y agreg\u00f3: \u201cPara todos los que han perdido un ser querido y han tenido que seguir adelante. Para todos los latinos que merec\u00edan estar en esta tarima, recogiendo este premio\u201d.<\/p>\n<p>Para muchos en Vega Baja, ese mensaje fue un reflejo de lo que ellos sienten y defienden. \u201c\u00c9l es un \u00eddolo demasiado y muy grande. Esto es inolvidable, algo nuevo para mucha gente latina que no solamente es de Puerto Rico, sino de esos lugares hispanos que escuchan en la m\u00fasica latina y siempre, siempre, siempre, cuando \u00e9l habla y saca un tema, lo pega y lo pega duro\u201d, dice Luis \u00c1lvarez, residente de Yabucoa, en la costa sureste de Puerto Rico.<\/p>\n<p>Otros, como \u00c1ngel Rivera, van m\u00e1s all\u00e1: \u201cLo considero un embajador de Vega Baja, no solo de Puerto Rico. Ha puesto este pueblo en alto\u201d, asegura al destacar que la humildad y las ra\u00edces del artista han sido clave en su trayectoria internacional.<\/p>\n<p>Mientras algunos cuestionan que cantar\u00e1 en espa\u00f1ol en el Super Bowl, en Vega Baja es motivo de orgullo que Bad Bunny lleve sus ra\u00edces consigo al evento m\u00e1s visto de la televisi\u00f3n estadounidense, en un momento cr\u00edtico para la comunidad inmigrante.<\/p>\n<p>The-CNN-Wire<br \/>&trade; &amp; &copy; 2026 Cable News Network, Inc., a Warner Bros. Discovery Company. All rights reserved.<\/p>\n","protected":false},"excerpt":{"rendered":"<p>En Vega Baja, el municipio donde naci\u00f3 Benito Mart\u00ednez Ocasio (Bad Bunny), el nombre del artista puertorrique\u00f1o se pronuncia como el de uno de los suyos: alguien que habla por su gente, en su idioma, desde su historia. A una semana de encabezar el medio tiempo del Super Bowl y un d\u00eda despu\u00e9s de su [&hellip;]<\/p>\n","protected":false},"author":0,"featured_media":0,"comment_status":"open","ping_status":"open","sticky":false,"template":"","format":"standard","meta":{"_jetpack_memberships_contains_paid_content":false,"footnotes":""},"categories":[10],"tags":[],"class_list":["post-1470778","post","type-post","status-publish","format-standard","hentry","category-noticias-nacionales","market-global"],"yoast_head":"<!-- This site is optimized with the Yoast SEO plugin v24.4 - https:\/\/yoast.com\/wordpress\/plugins\/seo\/ -->\n<title>Desde Vega Baja, los puertorrique\u00f1os celebran el \u00e9xito de Bad Bunny en los Grammy: &quot;Todav\u00eda siguen hablando de nosotros&quot; - Noticias<\/title>\n<meta name=\"robots\" content=\"index, follow, max-snippet:-1, max-image-preview:large, max-video-preview:-1\" \/>\n<link rel=\"canonical\" href=\"https:\/\/noticiasya.com\/2026\/02\/02\/vega-baja-puertorriquenos-celebran-exito-bad-bunny-grammy-super-bowl-orix\/\" \/>\n<meta property=\"og:locale\" content=\"es_ES\" \/>\n<meta property=\"og:type\" content=\"article\" \/>\n<meta property=\"og:title\" content=\"Desde Vega Baja, los puertorrique\u00f1os celebran el \u00e9xito de Bad Bunny en los Grammy: &quot;Todav\u00eda siguen hablando de nosotros&quot; - Noticias\" \/>\n<meta property=\"og:description\" content=\"En Vega Baja, el municipio donde naci\u00f3 Benito Mart\u00ednez Ocasio (Bad Bunny), el nombre del artista puertorrique\u00f1o se pronuncia como el de uno de los suyos: alguien que habla por su gente, en su idioma, desde su historia. A una semana de encabezar el medio tiempo del Super Bowl y un d\u00eda despu\u00e9s de su [&hellip;]\" \/>\n<meta property=\"og:url\" content=\"https:\/\/noticiasya.com\/2026\/02\/02\/vega-baja-puertorriquenos-celebran-exito-bad-bunny-grammy-super-bowl-orix\/\" \/>\n<meta property=\"og:site_name\" content=\"Noticias\" \/>\n<meta property=\"article:published_time\" content=\"2026-02-03T01:04:01+00:00\" \/>\n<meta name=\"twitter:card\" content=\"summary_large_image\" \/>\n<meta name=\"twitter:label1\" content=\"Est. reading time\" \/>\n\t<meta name=\"twitter:data1\" content=\"4 minutos\" \/>\n<script type=\"application\/ld+json\" class=\"yoast-schema-graph\">{\"@context\":\"https:\/\/schema.org\",\"@graph\":[{\"@type\":\"Article\",\"@id\":\"https:\/\/noticiasya.com\/2026\/02\/02\/vega-baja-puertorriquenos-celebran-exito-bad-bunny-grammy-super-bowl-orix\/#article\",\"isPartOf\":{\"@id\":\"https:\/\/noticiasya.com\/2026\/02\/02\/vega-baja-puertorriquenos-celebran-exito-bad-bunny-grammy-super-bowl-orix\/\"},\"author\":{\"name\":\"\",\"@id\":\"\"},\"headline\":\"Desde Vega Baja, los puertorrique\u00f1os celebran el \u00e9xito de Bad Bunny en los Grammy: &#171;Todav\u00eda siguen hablando de nosotros&#187;\",\"datePublished\":\"2026-02-03T01:04:01+00:00\",\"mainEntityOfPage\":{\"@id\":\"https:\/\/noticiasya.com\/2026\/02\/02\/vega-baja-puertorriquenos-celebran-exito-bad-bunny-grammy-super-bowl-orix\/\"},\"wordCount\":761,\"commentCount\":0,\"publisher\":{\"@id\":\"https:\/\/noticiasya.com\/#organization\"},\"articleSection\":[\"Noticias Nacionales\"],\"inLanguage\":\"es\",\"potentialAction\":[{\"@type\":\"CommentAction\",\"name\":\"Comment\",\"target\":[\"https:\/\/noticiasya.com\/2026\/02\/02\/vega-baja-puertorriquenos-celebran-exito-bad-bunny-grammy-super-bowl-orix\/#respond\"]}]},{\"@type\":\"WebPage\",\"@id\":\"https:\/\/noticiasya.com\/2026\/02\/02\/vega-baja-puertorriquenos-celebran-exito-bad-bunny-grammy-super-bowl-orix\/\",\"url\":\"https:\/\/noticiasya.com\/2026\/02\/02\/vega-baja-puertorriquenos-celebran-exito-bad-bunny-grammy-super-bowl-orix\/\",\"name\":\"Desde Vega Baja, los puertorrique\u00f1os celebran el \u00e9xito de Bad Bunny en los Grammy: \\\"Todav\u00eda siguen hablando de nosotros\\\" - Noticias\",\"isPartOf\":{\"@id\":\"https:\/\/noticiasya.com\/#website\"},\"datePublished\":\"2026-02-03T01:04:01+00:00\",\"breadcrumb\":{\"@id\":\"https:\/\/noticiasya.com\/2026\/02\/02\/vega-baja-puertorriquenos-celebran-exito-bad-bunny-grammy-super-bowl-orix\/#breadcrumb\"},\"inLanguage\":\"es\",\"potentialAction\":[{\"@type\":\"ReadAction\",\"target\":[\"https:\/\/noticiasya.com\/2026\/02\/02\/vega-baja-puertorriquenos-celebran-exito-bad-bunny-grammy-super-bowl-orix\/\"]}]},{\"@type\":\"BreadcrumbList\",\"@id\":\"https:\/\/noticiasya.com\/2026\/02\/02\/vega-baja-puertorriquenos-celebran-exito-bad-bunny-grammy-super-bowl-orix\/#breadcrumb\",\"itemListElement\":[{\"@type\":\"ListItem\",\"position\":1,\"name\":\"Home\",\"item\":\"https:\/\/noticiasya.com\/\"},{\"@type\":\"ListItem\",\"position\":2,\"name\":\"Desde Vega Baja, los puertorrique\u00f1os celebran el \u00e9xito de Bad Bunny en los Grammy: &#171;Todav\u00eda siguen hablando de nosotros&#187;\"}]},{\"@type\":\"WebSite\",\"@id\":\"https:\/\/noticiasya.com\/#website\",\"url\":\"https:\/\/noticiasya.com\/\",\"name\":\"Noticias\",\"description\":\"Lo que importa\",\"publisher\":{\"@id\":\"https:\/\/noticiasya.com\/#organization\"},\"potentialAction\":[{\"@type\":\"SearchAction\",\"target\":{\"@type\":\"EntryPoint\",\"urlTemplate\":\"https:\/\/noticiasya.com\/?s={search_term_string}\"},\"query-input\":{\"@type\":\"PropertyValueSpecification\",\"valueRequired\":true,\"valueName\":\"search_term_string\"}}],\"inLanguage\":\"es\"},{\"@type\":\"Organization\",\"@id\":\"https:\/\/noticiasya.com\/#organization\",\"name\":\"Noticias\",\"url\":\"https:\/\/noticiasya.com\/\",\"logo\":{\"@type\":\"ImageObject\",\"inLanguage\":\"es\",\"@id\":\"https:\/\/noticiasya.com\/#\/schema\/logo\/image\/\",\"url\":\"https:\/\/noticiasya.com\/wp-content\/uploads\/sites\/22\/2023\/12\/logo-nacional.png\",\"contentUrl\":\"https:\/\/noticiasya.com\/wp-content\/uploads\/sites\/22\/2023\/12\/logo-nacional.png\",\"width\":1801,\"height\":691,\"caption\":\"Noticias\"},\"image\":{\"@id\":\"https:\/\/noticiasya.com\/#\/schema\/logo\/image\/\"}}]}<\/script>\n<!-- \/ Yoast SEO plugin. -->","yoast_head_json":{"title":"Desde Vega Baja, los puertorrique\u00f1os celebran el \u00e9xito de Bad Bunny en los Grammy: \"Todav\u00eda siguen hablando de nosotros\" - Noticias","robots":{"index":"index","follow":"follow","max-snippet":"max-snippet:-1","max-image-preview":"max-image-preview:large","max-video-preview":"max-video-preview:-1"},"canonical":"https:\/\/noticiasya.com\/2026\/02\/02\/vega-baja-puertorriquenos-celebran-exito-bad-bunny-grammy-super-bowl-orix\/","og_locale":"es_ES","og_type":"article","og_title":"Desde Vega Baja, los puertorrique\u00f1os celebran el \u00e9xito de Bad Bunny en los Grammy: \"Todav\u00eda siguen hablando de nosotros\" - Noticias","og_description":"En Vega Baja, el municipio donde naci\u00f3 Benito Mart\u00ednez Ocasio (Bad Bunny), el nombre del artista puertorrique\u00f1o se pronuncia como el de uno de los suyos: alguien que habla por su gente, en su idioma, desde su historia. A una semana de encabezar el medio tiempo del Super Bowl y un d\u00eda despu\u00e9s de su [&hellip;]","og_url":"https:\/\/noticiasya.com\/2026\/02\/02\/vega-baja-puertorriquenos-celebran-exito-bad-bunny-grammy-super-bowl-orix\/","og_site_name":"Noticias","article_published_time":"2026-02-03T01:04:01+00:00","twitter_card":"summary_large_image","twitter_misc":{"Est. reading time":"4 minutos"},"schema":{"@context":"https:\/\/schema.org","@graph":[{"@type":"Article","@id":"https:\/\/noticiasya.com\/2026\/02\/02\/vega-baja-puertorriquenos-celebran-exito-bad-bunny-grammy-super-bowl-orix\/#article","isPartOf":{"@id":"https:\/\/noticiasya.com\/2026\/02\/02\/vega-baja-puertorriquenos-celebran-exito-bad-bunny-grammy-super-bowl-orix\/"},"author":{"name":"","@id":""},"headline":"Desde Vega Baja, los puertorrique\u00f1os celebran el \u00e9xito de Bad Bunny en los Grammy: &#171;Todav\u00eda siguen hablando de nosotros&#187;","datePublished":"2026-02-03T01:04:01+00:00","mainEntityOfPage":{"@id":"https:\/\/noticiasya.com\/2026\/02\/02\/vega-baja-puertorriquenos-celebran-exito-bad-bunny-grammy-super-bowl-orix\/"},"wordCount":761,"commentCount":0,"publisher":{"@id":"https:\/\/noticiasya.com\/#organization"},"articleSection":["Noticias Nacionales"],"inLanguage":"es","potentialAction":[{"@type":"CommentAction","name":"Comment","target":["https:\/\/noticiasya.com\/2026\/02\/02\/vega-baja-puertorriquenos-celebran-exito-bad-bunny-grammy-super-bowl-orix\/#respond"]}]},{"@type":"WebPage","@id":"https:\/\/noticiasya.com\/2026\/02\/02\/vega-baja-puertorriquenos-celebran-exito-bad-bunny-grammy-super-bowl-orix\/","url":"https:\/\/noticiasya.com\/2026\/02\/02\/vega-baja-puertorriquenos-celebran-exito-bad-bunny-grammy-super-bowl-orix\/","name":"Desde Vega Baja, los puertorrique\u00f1os celebran el \u00e9xito de Bad Bunny en los Grammy: \"Todav\u00eda siguen hablando de nosotros\" - Noticias","isPartOf":{"@id":"https:\/\/noticiasya.com\/#website"},"datePublished":"2026-02-03T01:04:01+00:00","breadcrumb":{"@id":"https:\/\/noticiasya.com\/2026\/02\/02\/vega-baja-puertorriquenos-celebran-exito-bad-bunny-grammy-super-bowl-orix\/#breadcrumb"},"inLanguage":"es","potentialAction":[{"@type":"ReadAction","target":["https:\/\/noticiasya.com\/2026\/02\/02\/vega-baja-puertorriquenos-celebran-exito-bad-bunny-grammy-super-bowl-orix\/"]}]},{"@type":"BreadcrumbList","@id":"https:\/\/noticiasya.com\/2026\/02\/02\/vega-baja-puertorriquenos-celebran-exito-bad-bunny-grammy-super-bowl-orix\/#breadcrumb","itemListElement":[{"@type":"ListItem","position":1,"name":"Home","item":"https:\/\/noticiasya.com\/"},{"@type":"ListItem","position":2,"name":"Desde Vega Baja, los puertorrique\u00f1os celebran el \u00e9xito de Bad Bunny en los Grammy: &#171;Todav\u00eda siguen hablando de nosotros&#187;"}]},{"@type":"WebSite","@id":"https:\/\/noticiasya.com\/#website","url":"https:\/\/noticiasya.com\/","name":"Noticias","description":"Lo que importa","publisher":{"@id":"https:\/\/noticiasya.com\/#organization"},"potentialAction":[{"@type":"SearchAction","target":{"@type":"EntryPoint","urlTemplate":"https:\/\/noticiasya.com\/?s={search_term_string}"},"query-input":{"@type":"PropertyValueSpecification","valueRequired":true,"valueName":"search_term_string"}}],"inLanguage":"es"},{"@type":"Organization","@id":"https:\/\/noticiasya.com\/#organization","name":"Noticias","url":"https:\/\/noticiasya.com\/","logo":{"@type":"ImageObject","inLanguage":"es","@id":"https:\/\/noticiasya.com\/#\/schema\/logo\/image\/","url":"https:\/\/noticiasya.com\/wp-content\/uploads\/sites\/22\/2023\/12\/logo-nacional.png","contentUrl":"https:\/\/noticiasya.com\/wp-content\/uploads\/sites\/22\/2023\/12\/logo-nacional.png","width":1801,"height":691,"caption":"Noticias"},"image":{"@id":"https:\/\/noticiasya.com\/#\/schema\/logo\/image\/"}}]}},"parsely":{"version":"1.1.0","canonical_url":"https:\/\/noticiasya.com\/midland-odessa\/2026\/02\/02\/vega-baja-puertorriquenos-celebran-exito-bad-bunny-grammy-super-bowl-orix\/","smart_links":{"inbound":0,"outbound":0},"traffic_boost_suggestions_count":0,"meta":{"@context":"https:\/\/schema.org","@type":"NewsArticle","headline":"Desde Vega Baja, los puertorrique\u00f1os celebran el \u00e9xito de Bad Bunny en los Grammy: &#171;Todav\u00eda siguen hablando de nosotros&#187;","url":"http:\/\/noticiasya.com\/midland-odessa\/2026\/02\/02\/vega-baja-puertorriquenos-celebran-exito-bad-bunny-grammy-super-bowl-orix\/","mainEntityOfPage":{"@type":"WebPage","@id":"http:\/\/noticiasya.com\/midland-odessa\/2026\/02\/02\/vega-baja-puertorriquenos-celebran-exito-bad-bunny-grammy-super-bowl-orix\/"},"thumbnailUrl":"","image":{"@type":"ImageObject","url":""},"articleSection":"Noticias Nacionales","author":[],"creator":[],"publisher":{"@type":"Organization","name":"Noticias","logo":""},"keywords":[],"dateCreated":"2026-02-03T01:04:01Z","datePublished":"2026-02-03T01:04:01Z","dateModified":"2026-02-03T01:04:01Z"},"rendered":"<script type=\"application\/ld+json\" class=\"wp-parsely-metadata\">{\"@context\":\"https:\\\/\\\/schema.org\",\"@type\":\"NewsArticle\",\"headline\":\"Desde Vega Baja, los puertorrique\\u00f1os celebran el \\u00e9xito de Bad Bunny en los Grammy: &#171;Todav\\u00eda siguen hablando de nosotros&#187;\",\"url\":\"http:\\\/\\\/noticiasya.com\\\/midland-odessa\\\/2026\\\/02\\\/02\\\/vega-baja-puertorriquenos-celebran-exito-bad-bunny-grammy-super-bowl-orix\\\/\",\"mainEntityOfPage\":{\"@type\":\"WebPage\",\"@id\":\"http:\\\/\\\/noticiasya.com\\\/midland-odessa\\\/2026\\\/02\\\/02\\\/vega-baja-puertorriquenos-celebran-exito-bad-bunny-grammy-super-bowl-orix\\\/\"},\"thumbnailUrl\":\"\",\"image\":{\"@type\":\"ImageObject\",\"url\":\"\"},\"articleSection\":\"Noticias Nacionales\",\"author\":[],\"creator\":[],\"publisher\":{\"@type\":\"Organization\",\"name\":\"Noticias\",\"logo\":\"\"},\"keywords\":[],\"dateCreated\":\"2026-02-03T01:04:01Z\",\"datePublished\":\"2026-02-03T01:04:01Z\",\"dateModified\":\"2026-02-03T01:04:01Z\"}<\/script>","tracker_url":"https:\/\/cdn.parsely.com\/keys\/noticiasya.com\/p.js"},"jetpack_featured_media_url":"","jetpack-related-posts":[{"id":1470910,"url":"https:\/\/noticiasya.com\/midland-odessa\/2026\/02\/05\/puerto-rico-bad-bunny-simbolo-generacion-dignidad-orix\/","url_meta":{"origin":1470778,"position":0},"title":"&#171;Voy a llevarte pa PR&#187;: c\u00f3mo Bad Bunny se volvi\u00f3 s\u00edmbolo de dignidad de una nueva generaci\u00f3n y de su sue\u00f1o de independencia","author":"","date":"febrero 5, 2026","format":false,"excerpt":"Benito Antonio Mart\u00ednez Ocasio, mejor conocido como Bad Bunny, ser\u00e1 el artista que este a\u00f1o encabece el medio tiempo del Super Bowl, una elecci\u00f3n que desde que se dio a conocer en septiembre ha captado la atenci\u00f3n por su car\u00e1cter in\u00e9dito.Se trata de un cantante que en todo su cat\u00e1logo\u2026","rel":"","context":"In &quot;Noticias Nacionales&quot;","block_context":{"text":"Noticias Nacionales","link":"https:\/\/noticiasya.com\/midland-odessa\/categoria\/noticias-nacionales"},"img":{"alt_text":"","src":"","width":0,"height":0},"classes":[]},{"id":1471390,"url":"https:\/\/noticiasya.com\/midland-odessa\/2026\/02\/18\/bad-bunny-pelicula-bardem-residente-orix\/","url_meta":{"origin":1470778,"position":1},"title":"Bad Bunny protagonizar\u00e1 su primera pel\u00edcula, acompa\u00f1ado de Javier Bardem y bajo la direcci\u00f3n de Ren\u00e9 P\u00e9rez (Residente)","author":"","date":"febrero 18, 2026","format":false,"excerpt":"Tras su \u00e9xito en los Grammy y el show de medio tiempo en el Super Bowl, Bad Bunny dar\u00e1 un nuevo salto en su carrera art\u00edstica al asumir su primer papel protag\u00f3nico en cine en \u201cPORTO RICO\u201d, el largometraje con el que el tambi\u00e9n puertorrique\u00f1o Ren\u00e9 P\u00e9rez Joglar, Residente, debutar\u00e1\u2026","rel":"","context":"In &quot;Noticias Nacionales&quot;","block_context":{"text":"Noticias Nacionales","link":"https:\/\/noticiasya.com\/midland-odessa\/categoria\/noticias-nacionales"},"img":{"alt_text":"","src":"","width":0,"height":0},"classes":[]},{"id":1466418,"url":"https:\/\/noticiasya.com\/midland-odessa\/2025\/09\/13\/bad-bunny-impulso-economia-puerto-rico-huracanes-trax\/","url_meta":{"origin":1470778,"position":2},"title":"C\u00f3mo Bad Bunny dio un impulso a la econom\u00eda de Puerto Rico durante la temporada de huracanes","author":"","date":"septiembre 13, 2025","format":false,"excerpt":"Fue una idea \u201calucinante\u201d, recuerda Jorge P\u00e9rez, dos a\u00f1os despu\u00e9s de escucharla por primera vez: Bad Bunny no iba a hacer una gira por Estados Unidos.En agosto de 2023, P\u00e9rez, funcionario de turismo que administra el Coliseo, la sala de conciertos m\u00e1s grande de la isla, recibi\u00f3 una llamada telef\u00f3nica\u2026","rel":"","context":"In &quot;Noticias Nacionales&quot;","block_context":{"text":"Noticias Nacionales","link":"https:\/\/noticiasya.com\/midland-odessa\/categoria\/noticias-nacionales"},"img":{"alt_text":"","src":"","width":0,"height":0},"classes":[]},{"id":1462707,"url":"https:\/\/noticiasya.com\/midland-odessa\/2025\/05\/23\/shakira-bad-bunny-mas-grande-orix\/","url_meta":{"origin":1470778,"position":3},"title":"\u00bfQui\u00e9n es m\u00e1s grande, Shakira o Bad Bunny? Cualquiera que sea tu respuesta, vuelve a pensar en ella","author":"","date":"mayo 23, 2025","format":false,"excerpt":"Mientras ella se da el lujo de visitar tres veces, en un mismo mes, el programa de variedades de Jimmy Fallon, \u00e9l ha sido, en tres ocasiones, el invitado musical del legendario programa \u201cSaturday Night Live\u201d.Y mientras Shakira anda a toda m\u00e1quina con su gira \u201cLas mujeres ya no lloran\u201d,\u2026","rel":"","context":"In &quot;Noticias Nacionales&quot;","block_context":{"text":"Noticias Nacionales","link":"https:\/\/noticiasya.com\/midland-odessa\/categoria\/noticias-nacionales"},"img":{"alt_text":"","src":"","width":0,"height":0},"classes":[]},{"id":1437339,"url":"https:\/\/noticiasya.com\/midland-odessa\/2023\/02\/17\/kendall-jenner-y-bad-bunny-se-besaron-te-contamos-lo-que-se-sabe\/","url_meta":{"origin":1470778,"position":4},"title":"\u00bfKendall Jenner y Bad Bunny se besaron? Te contamos lo que se sabe","author":"Eduardo Salinas","date":"febrero 17, 2023","format":false,"excerpt":"El Conejo Malo volvi\u00f3 a ser tendencia este viernes y es que seg\u00fan cientos de internautas, el puertorrique\u00f1o podr\u00eda haber retomado su vida amorosa pues fue captado la noche del jueves saliendo de un antro en Los \u00c1ngeles con quien parecer\u00eda ser Kendall Jenner. Seg\u00fan distintos medios internacionales, Benito habr\u00eda\u2026","rel":"","context":"In &quot;Entretenimiento&quot;","block_context":{"text":"Entretenimiento","link":"https:\/\/noticiasya.com\/midland-odessa\/categoria\/entretenimiento"},"img":{"alt_text":"","src":"","width":0,"height":0},"classes":[]},{"id":1471030,"url":"https:\/\/noticiasya.com\/midland-odessa\/2026\/02\/09\/bad-bunny-super-bowl-mensaje-patriotismo-trax\/","url_meta":{"origin":1470778,"position":5},"title":"Bad Bunny redefini\u00f3 lo que significa ser un patriota estadounidense en el show de medio tiempo del Super Bowl","author":"Eduardo Salinas","date":"febrero 9, 2026","format":false,"excerpt":"En poco m\u00e1s de 13 minutos de m\u00fasica, estrellas y simbolismo, la superestrella puertorrique\u00f1a Bad Bunny reescribi\u00f3 lo que significa ser estadounidense en un momento de tensi\u00f3n.Durante meses, sectores conservadores \u2014desde el presidente hacia abajo\u2014 lo han retratado como antiestadounidense. Anoche, Bad Bunny plante\u00f3 otra pregunta: \u00bfy si yo soy\u2026","rel":"","context":"In &quot;Noticias Nacionales&quot;","block_context":{"text":"Noticias Nacionales","link":"https:\/\/noticiasya.com\/midland-odessa\/categoria\/noticias-nacionales"},"img":{"alt_text":"","src":"","width":0,"height":0},"classes":[]}],"jetpack_sharing_enabled":true,"_links":{"self":[{"href":"https:\/\/noticiasya.com\/midland-odessa\/wp-json\/wp\/v2\/posts\/1470778","targetHints":{"allow":["GET"]}}],"collection":[{"href":"https:\/\/noticiasya.com\/midland-odessa\/wp-json\/wp\/v2\/posts"}],"about":[{"href":"https:\/\/noticiasya.com\/midland-odessa\/wp-json\/wp\/v2\/types\/post"}],"replies":[{"embeddable":true,"href":"https:\/\/noticiasya.com\/midland-odessa\/wp-json\/wp\/v2\/comments?post=1470778"}],"version-history":[{"count":0,"href":"https:\/\/noticiasya.com\/midland-odessa\/wp-json\/wp\/v2\/posts\/1470778\/revisions"}],"wp:attachment":[{"href":"https:\/\/noticiasya.com\/midland-odessa\/wp-json\/wp\/v2\/media?parent=1470778"}],"wp:term":[{"taxonomy":"category","embeddable":true,"href":"https:\/\/noticiasya.com\/midland-odessa\/wp-json\/wp\/v2\/categories?post=1470778"},{"taxonomy":"post_tag","embeddable":true,"href":"https:\/\/noticiasya.com\/midland-odessa\/wp-json\/wp\/v2\/tags?post=1470778"}],"curies":[{"name":"wp","href":"https:\/\/api.w.org\/{rel}","templated":true}]}}