{"id":1473487,"date":"2026-04-24T18:03:54","date_gmt":"2026-04-25T01:03:54","guid":{"rendered":"https:\/\/noticiasya.com\/2026\/04\/24\/supernova-genesis-cuando-ver-a-que-hora-netflix-orix\/"},"modified":"2026-04-24T18:03:54","modified_gmt":"2026-04-25T01:03:54","slug":"supernova-genesis-cuando-ver-a-que-hora-netflix-orix","status":"publish","type":"post","link":"https:\/\/noticiasya.com\/midland-odessa\/2026\/04\/24\/supernova-genesis-cuando-ver-a-que-hora-netflix-orix\/","title":{"rendered":"&#171;Supernova: G\u00e9nesis&#187;: qui\u00e9nes pelean, qui\u00e9nes cantan, a qu\u00e9 hora y d\u00f3nde ver el especial"},"content":{"rendered":"<p>El especial \u201cSupernova: G\u00e9nesis\u201d, que marcar\u00e1 la primera transmisi\u00f3n en vivo de Netflix en Latinoam\u00e9rica, se llevar\u00e1 a cabo el domingo 26 de abril y podr\u00e1 verse en m\u00e1s de 190 pa\u00edses.<\/p>\n<p>El evento combinar\u00e1 combates de boxeo entre celebridades e influencers con m\u00fasica y entretenimiento. Se transmitir\u00e1 en vivo desde la Arena Ciudad de M\u00e9xico y estar\u00e1 disponible en la plataforma a partir de las 7:00 pm (horario de la capital mexicana; 9:00 pm en Miami).<\/p>\n<p>Las peleas confirmadas son:<\/p>\n<ul>\n<li>Alana Flores (M\u00e9xico) vs. Flor Vigna (Argentina)<\/li>\n<li>Mario Bautista (M\u00e9xico) vs. Aar\u00f3n Mercury (M\u00e9xico)<\/li>\n<li>Karely Ruiz (M\u00e9xico) vs. Kim Shantal (M\u00e9xico)<\/li>\n<li>V\u00edctor Ordo\u00f1ez \u201cLonche\u201d vs. Guillermo Pe\u00f1a \u201cWillito\u201d (Estados Unidos)<\/li>\n<li>El Abraham (M\u00e9xico) vs. Nando (Venezuela)<\/li>\n<li>Milica (Argentina) vs. Ari Geli (Espa\u00f1a)<\/li>\n<\/ul>\n<p>El cintur\u00f3n de esta edici\u00f3n est\u00e1 dise\u00f1ado en color rojo, con una placa central con el nombre del evento, ba\u00f1ada en oro y con incrustaciones de diamantes y rub\u00edes.<\/p>\n<p>En el apartado musical participar\u00e1n artistas del regional mexicano como Car\u00edn Le\u00f3n y \u00d3scar Mayd\u00f3n, mientras que el g\u00e9nero urbano estar\u00e1 representado por el puertorrique\u00f1o Ozuna.<\/p>\n<p>Adem\u00e1s, la actriz B\u00e1rbara de Regil y el creador de contenido Alexis Omman tendr\u00e1n una participaci\u00f3n especial durante la noche, aunque hasta ahora no se ha detallado cu\u00e1l ser\u00e1 su rol dentro del espect\u00e1culo.<\/p>\n<p>The-CNN-Wire<br \/>&trade; &amp; &copy; 2026 Cable News Network, Inc., a Warner Bros. Discovery Company. All rights reserved.<\/p>\n","protected":false},"excerpt":{"rendered":"<p>El especial \u201cSupernova: G\u00e9nesis\u201d, que marcar\u00e1 la primera transmisi\u00f3n en vivo de Netflix en Latinoam\u00e9rica, se llevar\u00e1 a cabo el domingo 26 de abril y podr\u00e1 verse en m\u00e1s de 190 pa\u00edses. El evento combinar\u00e1 combates de boxeo entre celebridades e influencers con m\u00fasica y entretenimiento. Se transmitir\u00e1 en vivo desde la Arena Ciudad de [&hellip;]<\/p>\n","protected":false},"author":0,"featured_media":0,"comment_status":"open","ping_status":"open","sticky":false,"template":"","format":"standard","meta":{"_jetpack_memberships_contains_paid_content":false,"footnotes":""},"categories":[10],"tags":[],"class_list":["post-1473487","post","type-post","status-publish","format-standard","hentry","category-noticias-nacionales","market-global"],"yoast_head":"<!-- This site is optimized with the Yoast SEO plugin v24.4 - https:\/\/yoast.com\/wordpress\/plugins\/seo\/ -->\n<title>&quot;Supernova: G\u00e9nesis&quot;: qui\u00e9nes pelean, qui\u00e9nes cantan, a qu\u00e9 hora y d\u00f3nde ver el especial - Noticias<\/title>\n<meta name=\"robots\" content=\"index, follow, max-snippet:-1, max-image-preview:large, max-video-preview:-1\" \/>\n<link rel=\"canonical\" href=\"https:\/\/noticiasya.com\/2026\/04\/24\/supernova-genesis-cuando-ver-a-que-hora-netflix-orix\/\" \/>\n<meta property=\"og:locale\" content=\"es_ES\" \/>\n<meta property=\"og:type\" content=\"article\" \/>\n<meta property=\"og:title\" content=\"&quot;Supernova: G\u00e9nesis&quot;: qui\u00e9nes pelean, qui\u00e9nes cantan, a qu\u00e9 hora y d\u00f3nde ver el especial - Noticias\" \/>\n<meta property=\"og:description\" content=\"El especial \u201cSupernova: G\u00e9nesis\u201d, que marcar\u00e1 la primera transmisi\u00f3n en vivo de Netflix en Latinoam\u00e9rica, se llevar\u00e1 a cabo el domingo 26 de abril y podr\u00e1 verse en m\u00e1s de 190 pa\u00edses. El evento combinar\u00e1 combates de boxeo entre celebridades e influencers con m\u00fasica y entretenimiento. Se transmitir\u00e1 en vivo desde la Arena Ciudad de [&hellip;]\" \/>\n<meta property=\"og:url\" content=\"https:\/\/noticiasya.com\/2026\/04\/24\/supernova-genesis-cuando-ver-a-que-hora-netflix-orix\/\" \/>\n<meta property=\"og:site_name\" content=\"Noticias\" \/>\n<meta property=\"article:published_time\" content=\"2026-04-25T01:03:54+00:00\" \/>\n<meta name=\"twitter:card\" content=\"summary_large_image\" \/>\n<meta name=\"twitter:label1\" content=\"Est. reading time\" \/>\n\t<meta name=\"twitter:data1\" content=\"1 minuto\" \/>\n<script type=\"application\/ld+json\" class=\"yoast-schema-graph\">{\"@context\":\"https:\/\/schema.org\",\"@graph\":[{\"@type\":\"Article\",\"@id\":\"https:\/\/noticiasya.com\/2026\/04\/24\/supernova-genesis-cuando-ver-a-que-hora-netflix-orix\/#article\",\"isPartOf\":{\"@id\":\"https:\/\/noticiasya.com\/2026\/04\/24\/supernova-genesis-cuando-ver-a-que-hora-netflix-orix\/\"},\"author\":{\"name\":\"\",\"@id\":\"\"},\"headline\":\"&#171;Supernova: G\u00e9nesis&#187;: qui\u00e9nes pelean, qui\u00e9nes cantan, a qu\u00e9 hora y d\u00f3nde ver el especial\",\"datePublished\":\"2026-04-25T01:03:54+00:00\",\"mainEntityOfPage\":{\"@id\":\"https:\/\/noticiasya.com\/2026\/04\/24\/supernova-genesis-cuando-ver-a-que-hora-netflix-orix\/\"},\"wordCount\":277,\"commentCount\":0,\"publisher\":{\"@id\":\"https:\/\/noticiasya.com\/#organization\"},\"articleSection\":[\"Noticias Nacionales\"],\"inLanguage\":\"es\",\"potentialAction\":[{\"@type\":\"CommentAction\",\"name\":\"Comment\",\"target\":[\"https:\/\/noticiasya.com\/2026\/04\/24\/supernova-genesis-cuando-ver-a-que-hora-netflix-orix\/#respond\"]}]},{\"@type\":\"WebPage\",\"@id\":\"https:\/\/noticiasya.com\/2026\/04\/24\/supernova-genesis-cuando-ver-a-que-hora-netflix-orix\/\",\"url\":\"https:\/\/noticiasya.com\/2026\/04\/24\/supernova-genesis-cuando-ver-a-que-hora-netflix-orix\/\",\"name\":\"\\\"Supernova: G\u00e9nesis\\\": qui\u00e9nes pelean, qui\u00e9nes cantan, a qu\u00e9 hora y d\u00f3nde ver el especial - Noticias\",\"isPartOf\":{\"@id\":\"https:\/\/noticiasya.com\/#website\"},\"datePublished\":\"2026-04-25T01:03:54+00:00\",\"breadcrumb\":{\"@id\":\"https:\/\/noticiasya.com\/2026\/04\/24\/supernova-genesis-cuando-ver-a-que-hora-netflix-orix\/#breadcrumb\"},\"inLanguage\":\"es\",\"potentialAction\":[{\"@type\":\"ReadAction\",\"target\":[\"https:\/\/noticiasya.com\/2026\/04\/24\/supernova-genesis-cuando-ver-a-que-hora-netflix-orix\/\"]}]},{\"@type\":\"BreadcrumbList\",\"@id\":\"https:\/\/noticiasya.com\/2026\/04\/24\/supernova-genesis-cuando-ver-a-que-hora-netflix-orix\/#breadcrumb\",\"itemListElement\":[{\"@type\":\"ListItem\",\"position\":1,\"name\":\"Home\",\"item\":\"https:\/\/noticiasya.com\/\"},{\"@type\":\"ListItem\",\"position\":2,\"name\":\"&#171;Supernova: G\u00e9nesis&#187;: qui\u00e9nes pelean, qui\u00e9nes cantan, a qu\u00e9 hora y d\u00f3nde ver el especial\"}]},{\"@type\":\"WebSite\",\"@id\":\"https:\/\/noticiasya.com\/#website\",\"url\":\"https:\/\/noticiasya.com\/\",\"name\":\"Noticias\",\"description\":\"Lo que importa\",\"publisher\":{\"@id\":\"https:\/\/noticiasya.com\/#organization\"},\"potentialAction\":[{\"@type\":\"SearchAction\",\"target\":{\"@type\":\"EntryPoint\",\"urlTemplate\":\"https:\/\/noticiasya.com\/?s={search_term_string}\"},\"query-input\":{\"@type\":\"PropertyValueSpecification\",\"valueRequired\":true,\"valueName\":\"search_term_string\"}}],\"inLanguage\":\"es\"},{\"@type\":\"Organization\",\"@id\":\"https:\/\/noticiasya.com\/#organization\",\"name\":\"Noticias\",\"url\":\"https:\/\/noticiasya.com\/\",\"logo\":{\"@type\":\"ImageObject\",\"inLanguage\":\"es\",\"@id\":\"https:\/\/noticiasya.com\/#\/schema\/logo\/image\/\",\"url\":\"https:\/\/noticiasya.com\/wp-content\/uploads\/sites\/22\/2023\/12\/logo-nacional.png\",\"contentUrl\":\"https:\/\/noticiasya.com\/wp-content\/uploads\/sites\/22\/2023\/12\/logo-nacional.png\",\"width\":1801,\"height\":691,\"caption\":\"Noticias\"},\"image\":{\"@id\":\"https:\/\/noticiasya.com\/#\/schema\/logo\/image\/\"}}]}<\/script>\n<!-- \/ Yoast SEO plugin. -->","yoast_head_json":{"title":"\"Supernova: G\u00e9nesis\": qui\u00e9nes pelean, qui\u00e9nes cantan, a qu\u00e9 hora y d\u00f3nde ver el especial - Noticias","robots":{"index":"index","follow":"follow","max-snippet":"max-snippet:-1","max-image-preview":"max-image-preview:large","max-video-preview":"max-video-preview:-1"},"canonical":"https:\/\/noticiasya.com\/2026\/04\/24\/supernova-genesis-cuando-ver-a-que-hora-netflix-orix\/","og_locale":"es_ES","og_type":"article","og_title":"\"Supernova: G\u00e9nesis\": qui\u00e9nes pelean, qui\u00e9nes cantan, a qu\u00e9 hora y d\u00f3nde ver el especial - Noticias","og_description":"El especial \u201cSupernova: G\u00e9nesis\u201d, que marcar\u00e1 la primera transmisi\u00f3n en vivo de Netflix en Latinoam\u00e9rica, se llevar\u00e1 a cabo el domingo 26 de abril y podr\u00e1 verse en m\u00e1s de 190 pa\u00edses. El evento combinar\u00e1 combates de boxeo entre celebridades e influencers con m\u00fasica y entretenimiento. Se transmitir\u00e1 en vivo desde la Arena Ciudad de [&hellip;]","og_url":"https:\/\/noticiasya.com\/2026\/04\/24\/supernova-genesis-cuando-ver-a-que-hora-netflix-orix\/","og_site_name":"Noticias","article_published_time":"2026-04-25T01:03:54+00:00","twitter_card":"summary_large_image","twitter_misc":{"Est. reading time":"1 minuto"},"schema":{"@context":"https:\/\/schema.org","@graph":[{"@type":"Article","@id":"https:\/\/noticiasya.com\/2026\/04\/24\/supernova-genesis-cuando-ver-a-que-hora-netflix-orix\/#article","isPartOf":{"@id":"https:\/\/noticiasya.com\/2026\/04\/24\/supernova-genesis-cuando-ver-a-que-hora-netflix-orix\/"},"author":{"name":"","@id":""},"headline":"&#171;Supernova: G\u00e9nesis&#187;: qui\u00e9nes pelean, qui\u00e9nes cantan, a qu\u00e9 hora y d\u00f3nde ver el especial","datePublished":"2026-04-25T01:03:54+00:00","mainEntityOfPage":{"@id":"https:\/\/noticiasya.com\/2026\/04\/24\/supernova-genesis-cuando-ver-a-que-hora-netflix-orix\/"},"wordCount":277,"commentCount":0,"publisher":{"@id":"https:\/\/noticiasya.com\/#organization"},"articleSection":["Noticias Nacionales"],"inLanguage":"es","potentialAction":[{"@type":"CommentAction","name":"Comment","target":["https:\/\/noticiasya.com\/2026\/04\/24\/supernova-genesis-cuando-ver-a-que-hora-netflix-orix\/#respond"]}]},{"@type":"WebPage","@id":"https:\/\/noticiasya.com\/2026\/04\/24\/supernova-genesis-cuando-ver-a-que-hora-netflix-orix\/","url":"https:\/\/noticiasya.com\/2026\/04\/24\/supernova-genesis-cuando-ver-a-que-hora-netflix-orix\/","name":"\"Supernova: G\u00e9nesis\": qui\u00e9nes pelean, qui\u00e9nes cantan, a qu\u00e9 hora y d\u00f3nde ver el especial - Noticias","isPartOf":{"@id":"https:\/\/noticiasya.com\/#website"},"datePublished":"2026-04-25T01:03:54+00:00","breadcrumb":{"@id":"https:\/\/noticiasya.com\/2026\/04\/24\/supernova-genesis-cuando-ver-a-que-hora-netflix-orix\/#breadcrumb"},"inLanguage":"es","potentialAction":[{"@type":"ReadAction","target":["https:\/\/noticiasya.com\/2026\/04\/24\/supernova-genesis-cuando-ver-a-que-hora-netflix-orix\/"]}]},{"@type":"BreadcrumbList","@id":"https:\/\/noticiasya.com\/2026\/04\/24\/supernova-genesis-cuando-ver-a-que-hora-netflix-orix\/#breadcrumb","itemListElement":[{"@type":"ListItem","position":1,"name":"Home","item":"https:\/\/noticiasya.com\/"},{"@type":"ListItem","position":2,"name":"&#171;Supernova: G\u00e9nesis&#187;: qui\u00e9nes pelean, qui\u00e9nes cantan, a qu\u00e9 hora y d\u00f3nde ver el especial"}]},{"@type":"WebSite","@id":"https:\/\/noticiasya.com\/#website","url":"https:\/\/noticiasya.com\/","name":"Noticias","description":"Lo que importa","publisher":{"@id":"https:\/\/noticiasya.com\/#organization"},"potentialAction":[{"@type":"SearchAction","target":{"@type":"EntryPoint","urlTemplate":"https:\/\/noticiasya.com\/?s={search_term_string}"},"query-input":{"@type":"PropertyValueSpecification","valueRequired":true,"valueName":"search_term_string"}}],"inLanguage":"es"},{"@type":"Organization","@id":"https:\/\/noticiasya.com\/#organization","name":"Noticias","url":"https:\/\/noticiasya.com\/","logo":{"@type":"ImageObject","inLanguage":"es","@id":"https:\/\/noticiasya.com\/#\/schema\/logo\/image\/","url":"https:\/\/noticiasya.com\/wp-content\/uploads\/sites\/22\/2023\/12\/logo-nacional.png","contentUrl":"https:\/\/noticiasya.com\/wp-content\/uploads\/sites\/22\/2023\/12\/logo-nacional.png","width":1801,"height":691,"caption":"Noticias"},"image":{"@id":"https:\/\/noticiasya.com\/#\/schema\/logo\/image\/"}}]}},"parsely":{"version":"1.1.0","canonical_url":"https:\/\/noticiasya.com\/midland-odessa\/2026\/04\/24\/supernova-genesis-cuando-ver-a-que-hora-netflix-orix\/","smart_links":{"inbound":0,"outbound":0},"traffic_boost_suggestions_count":0,"meta":{"@context":"https:\/\/schema.org","@type":"NewsArticle","headline":"&#171;Supernova: G\u00e9nesis&#187;: qui\u00e9nes pelean, qui\u00e9nes cantan, a qu\u00e9 hora y d\u00f3nde ver el especial","url":"http:\/\/noticiasya.com\/midland-odessa\/2026\/04\/24\/supernova-genesis-cuando-ver-a-que-hora-netflix-orix\/","mainEntityOfPage":{"@type":"WebPage","@id":"http:\/\/noticiasya.com\/midland-odessa\/2026\/04\/24\/supernova-genesis-cuando-ver-a-que-hora-netflix-orix\/"},"thumbnailUrl":"","image":{"@type":"ImageObject","url":""},"articleSection":"Noticias Nacionales","author":[],"creator":[],"publisher":{"@type":"Organization","name":"Noticias","logo":""},"keywords":[],"dateCreated":"2026-04-25T01:03:54Z","datePublished":"2026-04-25T01:03:54Z","dateModified":"2026-04-25T01:03:54Z"},"rendered":"<script type=\"application\/ld+json\" class=\"wp-parsely-metadata\">{\"@context\":\"https:\\\/\\\/schema.org\",\"@type\":\"NewsArticle\",\"headline\":\"&#171;Supernova: G\\u00e9nesis&#187;: qui\\u00e9nes pelean, qui\\u00e9nes cantan, a qu\\u00e9 hora y d\\u00f3nde ver el especial\",\"url\":\"http:\\\/\\\/noticiasya.com\\\/midland-odessa\\\/2026\\\/04\\\/24\\\/supernova-genesis-cuando-ver-a-que-hora-netflix-orix\\\/\",\"mainEntityOfPage\":{\"@type\":\"WebPage\",\"@id\":\"http:\\\/\\\/noticiasya.com\\\/midland-odessa\\\/2026\\\/04\\\/24\\\/supernova-genesis-cuando-ver-a-que-hora-netflix-orix\\\/\"},\"thumbnailUrl\":\"\",\"image\":{\"@type\":\"ImageObject\",\"url\":\"\"},\"articleSection\":\"Noticias Nacionales\",\"author\":[],\"creator\":[],\"publisher\":{\"@type\":\"Organization\",\"name\":\"Noticias\",\"logo\":\"\"},\"keywords\":[],\"dateCreated\":\"2026-04-25T01:03:54Z\",\"datePublished\":\"2026-04-25T01:03:54Z\",\"dateModified\":\"2026-04-25T01:03:54Z\"}<\/script>","tracker_url":"https:\/\/cdn.parsely.com\/keys\/noticiasya.com\/p.js"},"jetpack_featured_media_url":"","jetpack-related-posts":[{"id":1467964,"url":"https:\/\/noticiasya.com\/midland-odessa\/2025\/11\/02\/mundial-sub-17-formato-calendario-orix\/","url_meta":{"origin":1473487,"position":0},"title":"Comienza el Mundial Sub-17 en Qatar: qui\u00e9nes participan, formato, calendario de los latinoamericanos y m\u00e1s","author":"","date":"noviembre 2, 2025","format":false,"excerpt":"El futbol de selecciones no para. Como si las electrizantes eliminatorias para el Mundial de 2026 no alcanzaran, lleg\u00f3 el Mundial Sub-20, donde M\u00e9xico, Colombia y Argentina fueron protagonistas de un certamen que vio coronarse a la sorprendente Marruecos en Chile. Dos semanas despu\u00e9s, llega el turno de la Copa\u2026","rel":"","context":"In &quot;Noticias Nacionales&quot;","block_context":{"text":"Noticias Nacionales","link":"https:\/\/noticiasya.com\/midland-odessa\/categoria\/noticias-nacionales"},"img":{"alt_text":"","src":"","width":0,"height":0},"classes":[]},{"id":1448775,"url":"https:\/\/noticiasya.com\/midland-odessa\/2024\/05\/02\/canelo-alvarez-vs-jaime-munguia-cartelera-horarios-como-ver-combate-en-vivo-trax\/","url_meta":{"origin":1473487,"position":1},"title":"Canelo \u00c1lvarez vs Jaime Mungu\u00eda: cartelera, horarios y c\u00f3mo ver el combate en vivo","author":"","date":"mayo 2, 2024","format":false,"excerpt":"(CNN Espa\u00f1ol) -- \u00bfListo para las celebraciones del 5 de mayo? Si a\u00fan no lo est\u00e1s, prep\u00e1rate porque los mexicanos Sa\u00fal \"Canelo\" \u00c1lvarez y Jaime Mungu\u00eda s\u00ed.Este fin de semana festivo para los mexicanos \u2014sobre todo para los que viven en Estados Unidos\u2014\u00a0traer\u00e1 consigo la esperada pelea entre Canelo y\u2026","rel":"","context":"In &quot;Noticias Nacionales&quot;","block_context":{"text":"Noticias Nacionales","link":"https:\/\/noticiasya.com\/midland-odessa\/categoria\/noticias-nacionales"},"img":{"alt_text":"","src":"","width":0,"height":0},"classes":[]},{"id":1464863,"url":"https:\/\/noticiasya.com\/midland-odessa\/2025\/07\/25\/velada-ibai-artistas-cuando-es-horarios-donde-ver-orix\/","url_meta":{"origin":1473487,"position":2},"title":"La Velada del A\u00f1o 5 de Ibai Llanos: participantes, artistas, cu\u00e1ndo es, horarios y d\u00f3nde ver","author":"","date":"julio 25, 2025","format":false,"excerpt":"El creador de contenido espa\u00f1ol Ibai Llanos celebrar\u00e1 este s\u00e1bado la quinta edici\u00f3n de La Velada del A\u00f1o, su exitoso evento que combina combates de boxeo entre \u2018streamers\u2019 y actuaciones musicales en vivo. El estadio de La Cartuja, en Sevilla, recibir\u00e1 a 80.000 asistentes con entradas agotadas desde hace diez\u2026","rel":"","context":"In &quot;Noticias Nacionales&quot;","block_context":{"text":"Noticias Nacionales","link":"https:\/\/noticiasya.com\/midland-odessa\/categoria\/noticias-nacionales"},"img":{"alt_text":"","src":"","width":0,"height":0},"classes":[]},{"id":1465534,"url":"https:\/\/noticiasya.com\/midland-odessa\/2025\/08\/15\/ufc-319-duplessis-chimaev-como-ver-orix\/","url_meta":{"origin":1473487,"position":3},"title":"UFC 319 con Du Plessis vs. Chimaev: cartelera, previa, horarios y c\u00f3mo ver por TV e internet","author":"","date":"agosto 15, 2025","format":false,"excerpt":"Con una pelea estelar de lujo, est\u00e1 todo listo para la UFC 319 este s\u00e1bado, en el United Center de Chicago. Se espera que unas 22.000 personas presencien unas de las veladas de artes marciales mixtas m\u00e1s esperadas del a\u00f1o, con 13 combates y el Du Plessis vs. Chimaev como\u2026","rel":"","context":"In &quot;Noticias Nacionales&quot;","block_context":{"text":"Noticias Nacionales","link":"https:\/\/noticiasya.com\/midland-odessa\/categoria\/noticias-nacionales"},"img":{"alt_text":"","src":"","width":0,"height":0},"classes":[]},{"id":1467195,"url":"https:\/\/noticiasya.com\/midland-odessa\/2025\/10\/07\/argentina-nigeria-octavos-mundial-sub20-previa-orix\/","url_meta":{"origin":1473487,"position":4},"title":"Argentina vs. Nigeria, por los octavos de final del Mundial Sub-20: previa, horario y c\u00f3mo ver en vivo por TV e internet","author":"","date":"octubre 7, 2025","format":false,"excerpt":"No hay Mundial sin un Argentina vs. Nigeria. No hay caso. Es una figurita repetida en Copas del Mundo de mayores y juveniles, y tambi\u00e9n en Juegos Ol\u00edmpicos. Este mi\u00e9rcoles, ambas selecciones agregar\u00e1n un nuevo cap\u00edtulo a esta creciente rivalidad futbol\u00edstica, en este caso en un partido v\u00e1lido por los\u2026","rel":"","context":"In &quot;Noticias Nacionales&quot;","block_context":{"text":"Noticias Nacionales","link":"https:\/\/noticiasya.com\/midland-odessa\/categoria\/noticias-nacionales"},"img":{"alt_text":"","src":"","width":0,"height":0},"classes":[]},{"id":1455844,"url":"https:\/\/noticiasya.com\/midland-odessa\/2024\/11\/15\/jake-paul-vs-mike-tyson-cartelera-horarios-como-ver-en-vivo-tv-internet-orix\/","url_meta":{"origin":1473487,"position":5},"title":"Jake Paul vs. Mike Tyson: cartelera, horarios y c\u00f3mo ver en vivo por TV e internet","author":"","date":"noviembre 15, 2024","format":false,"excerpt":"(CNN Espa\u00f1ol) \u2014 La espera de meses termin\u00f3: la pelea entre el youtuber convertido en boxeador Jake Paul y el excampe\u00f3n del mundo Mike Tyson se llevar\u00e1 a cabo esta semana y se podr\u00e1 ver en todo el mundo en Netflix.La pelea, organizada por Most Valuable Promotions (MVP) y Netflix,\u2026","rel":"","context":"In &quot;Noticias Nacionales&quot;","block_context":{"text":"Noticias Nacionales","link":"https:\/\/noticiasya.com\/midland-odessa\/categoria\/noticias-nacionales"},"img":{"alt_text":"","src":"","width":0,"height":0},"classes":[]}],"jetpack_sharing_enabled":true,"_links":{"self":[{"href":"https:\/\/noticiasya.com\/midland-odessa\/wp-json\/wp\/v2\/posts\/1473487","targetHints":{"allow":["GET"]}}],"collection":[{"href":"https:\/\/noticiasya.com\/midland-odessa\/wp-json\/wp\/v2\/posts"}],"about":[{"href":"https:\/\/noticiasya.com\/midland-odessa\/wp-json\/wp\/v2\/types\/post"}],"replies":[{"embeddable":true,"href":"https:\/\/noticiasya.com\/midland-odessa\/wp-json\/wp\/v2\/comments?post=1473487"}],"version-history":[{"count":0,"href":"https:\/\/noticiasya.com\/midland-odessa\/wp-json\/wp\/v2\/posts\/1473487\/revisions"}],"wp:attachment":[{"href":"https:\/\/noticiasya.com\/midland-odessa\/wp-json\/wp\/v2\/media?parent=1473487"}],"wp:term":[{"taxonomy":"category","embeddable":true,"href":"https:\/\/noticiasya.com\/midland-odessa\/wp-json\/wp\/v2\/categories?post=1473487"},{"taxonomy":"post_tag","embeddable":true,"href":"https:\/\/noticiasya.com\/midland-odessa\/wp-json\/wp\/v2\/tags?post=1473487"}],"curies":[{"name":"wp","href":"https:\/\/api.w.org\/{rel}","templated":true}]}}