{"id":1471819,"date":"2026-03-03T09:03:40","date_gmt":"2026-03-03T17:03:40","guid":{"rendered":"https:\/\/noticiasya.com\/2026\/03\/03\/ceo-target-nuevo-plan-ventas-trax\/"},"modified":"2026-03-03T09:03:40","modified_gmt":"2026-03-03T17:03:40","slug":"ceo-target-nuevo-plan-ventas-trax","status":"publish","type":"post","link":"https:\/\/noticiasya.com\/monterey-salinas\/2026\/03\/03\/ceo-target-nuevo-plan-ventas-trax\/","title":{"rendered":"El nuevo CEO de Target presenta un plan para reactivar las ventas"},"content":{"rendered":"<p>El nuevo CEO de Target cree que sumar marcas nuevas y de moda puede ayudar a recuperar a los compradores despu\u00e9s de unos a\u00f1os brutales.<\/p>\n<p>El CEO Michael Fiddelke dijo este martes que Target est\u00e1 comenzando su \u201cpr\u00f3ximo cap\u00edtulo de crecimiento\u201d y que mejorar\u00e1 su oferta de productos y el dise\u00f1o de sus tiendas para recuperar a los compradores. Target aumentar\u00e1 su gasto de capital en un 25 %, hasta US$ 5.000 millones este a\u00f1o, para fortalecer sus operaciones, tecnolog\u00eda y otras \u00e1reas del negocio.<\/p>\n<p>En un evento para inversores celebrado el martes en la sede de Target en Minneapolis, los directivos de la compa\u00f1\u00eda detallaron su plan de reestructuraci\u00f3n.<\/p>\n<p>La compa\u00f1\u00eda planea expandirse con nuevos productos en las \u00e1reas de alimentaci\u00f3n, belleza, ropa y decoraci\u00f3n del hogar. Estas categor\u00edas son cruciales para Target, tanto para generar ingresos como para diferenciarse de la competencia. Target tambi\u00e9n planea establecer alianzas con diferentes proveedores.<\/p>\n<p>En las secciones de belleza de Target, por ejemplo, la compa\u00f1\u00eda est\u00e1 estrenando la popular marca de protector solar Supergoop. Tambi\u00e9n est\u00e1 a\u00f1adiendo m\u00e1s art\u00edculos deportivos y de juegos para ni\u00f1os.<\/p>\n<p>Target no solo necesita renovar sus productos en los estantes. Tambi\u00e9n necesita invertir en mano de obra para abastecerlos, seg\u00fan los analistas minoristas.<\/p>\n<p>Target ha tenido dificultades para mantener las tiendas ordenadas y ciertos productos en los estantes. Los clientes se han quejado de las largas colas en caja y la falta de personal.<\/p>\n<p>\u201cIntentan hacer cosas b\u00e1sicas, como mantenerse a la moda\u201d, afirm\u00f3 Spencer Hanus, analista de Wolfe Research. \u201cNo es ninguna ciencia, pero es dif\u00edcil hacerlo a gran escala en 2.000 tiendas\u201d.<\/p>\n<p>Fiddelke asumi\u00f3 como director ejecutivo de Target el mes pasado. Comenz\u00f3 su carrera en la empresa como pasante en 2003 y ascendi\u00f3 en sus filas.<\/p>\n<p>Target ha enfrentado dificultades en los \u00faltimos a\u00f1os. La compa\u00f1\u00eda ha lidiado con una fuerte competencia de Walmart y Amazon, y tambi\u00e9n ha cometido errores estrat\u00e9gicos. Redujo sus exhibiciones del Pride y dio marcha atr\u00e1s en programas de diversidad, equidad e inclusi\u00f3n (DEI), lo que gener\u00f3 molestia entre algunos de sus clientes liberales.<\/p>\n<p>Las ventas de Target se han estancado y sus acciones han ca\u00eddo casi un 30 % en los \u00faltimos tres a\u00f1os.<\/p>\n<p>La compa\u00f1\u00eda tambi\u00e9n tuvo una temporada navide\u00f1a d\u00e9bil. Las ventas en tiendas abiertas al menos durante un a\u00f1o cayeron un 2,5 % en su trimestre m\u00e1s reciente, inform\u00f3 la empresa este martes.<\/p>\n<p>Sin embargo, la compa\u00f1\u00eda afirma que la situaci\u00f3n comienza a mejorar. Las ventas aumentaron en febrero y la empresa espera que las ventas totales crezcan alrededor de un 2 % este a\u00f1o.<\/p>\n<p>Algunos inversores esperaban que Target eligiera a alguien externo para sanear la empresa, pero la empresa opt\u00f3 por alguien que se quedar\u00eda en Target.<\/p>\n<p>Bill George, miembro de la Escuela de Negocios de Harvard y exmiembro de la junta directiva de Target, afirm\u00f3 que Fiddelke \u201cconoce la empresa al dedillo. Conoce las debilidades y los problemas\u201d.<\/p>\n<p>\u201cCreo que es la persona indicada para reconstruir Target a largo plazo\u201d, afirm\u00f3 George.<\/p>\n<p>The-CNN-Wire<br \/>&trade; &amp; &copy; 2026 Cable News Network, Inc., a Warner Bros. Discovery Company. All rights reserved.<\/p>\n","protected":false},"excerpt":{"rendered":"<p>El nuevo CEO de Target cree que sumar marcas nuevas y de moda puede ayudar a recuperar a los compradores despu\u00e9s de unos a\u00f1os brutales. El CEO Michael Fiddelke dijo este martes que Target est\u00e1 comenzando su \u201cpr\u00f3ximo cap\u00edtulo de crecimiento\u201d y que mejorar\u00e1 su oferta de productos y el dise\u00f1o de sus tiendas para [&hellip;]<\/p>\n","protected":false},"author":0,"featured_media":0,"comment_status":"open","ping_status":"open","sticky":false,"template":"","format":"standard","meta":{"_jetpack_memberships_contains_paid_content":false,"footnotes":""},"categories":[10],"tags":[],"class_list":["post-1471819","post","type-post","status-publish","format-standard","hentry","category-noticias-nacionales","market-global"],"yoast_head":"<!-- This site is optimized with the Yoast SEO plugin v24.4 - https:\/\/yoast.com\/wordpress\/plugins\/seo\/ -->\n<title>El nuevo CEO de Target presenta un plan para reactivar las ventas - Noticias<\/title>\n<meta name=\"robots\" content=\"index, follow, max-snippet:-1, max-image-preview:large, max-video-preview:-1\" \/>\n<link rel=\"canonical\" href=\"https:\/\/noticiasya.com\/2026\/03\/03\/ceo-target-nuevo-plan-ventas-trax\/\" \/>\n<meta property=\"og:locale\" content=\"es_ES\" \/>\n<meta property=\"og:type\" content=\"article\" \/>\n<meta property=\"og:title\" content=\"El nuevo CEO de Target presenta un plan para reactivar las ventas - Noticias\" \/>\n<meta property=\"og:description\" content=\"El nuevo CEO de Target cree que sumar marcas nuevas y de moda puede ayudar a recuperar a los compradores despu\u00e9s de unos a\u00f1os brutales. El CEO Michael Fiddelke dijo este martes que Target est\u00e1 comenzando su \u201cpr\u00f3ximo cap\u00edtulo de crecimiento\u201d y que mejorar\u00e1 su oferta de productos y el dise\u00f1o de sus tiendas para [&hellip;]\" \/>\n<meta property=\"og:url\" content=\"https:\/\/noticiasya.com\/2026\/03\/03\/ceo-target-nuevo-plan-ventas-trax\/\" \/>\n<meta property=\"og:site_name\" content=\"Noticias\" \/>\n<meta property=\"article:published_time\" content=\"2026-03-03T17:03:40+00:00\" \/>\n<meta name=\"twitter:card\" content=\"summary_large_image\" \/>\n<meta name=\"twitter:label1\" content=\"Est. reading time\" \/>\n\t<meta name=\"twitter:data1\" content=\"3 minutos\" \/>\n<script type=\"application\/ld+json\" class=\"yoast-schema-graph\">{\"@context\":\"https:\/\/schema.org\",\"@graph\":[{\"@type\":\"Article\",\"@id\":\"https:\/\/noticiasya.com\/2026\/03\/03\/ceo-target-nuevo-plan-ventas-trax\/#article\",\"isPartOf\":{\"@id\":\"https:\/\/noticiasya.com\/2026\/03\/03\/ceo-target-nuevo-plan-ventas-trax\/\"},\"author\":{\"name\":\"\",\"@id\":\"\"},\"headline\":\"El nuevo CEO de Target presenta un plan para reactivar las ventas\",\"datePublished\":\"2026-03-03T17:03:40+00:00\",\"mainEntityOfPage\":{\"@id\":\"https:\/\/noticiasya.com\/2026\/03\/03\/ceo-target-nuevo-plan-ventas-trax\/\"},\"wordCount\":559,\"commentCount\":0,\"publisher\":{\"@id\":\"https:\/\/noticiasya.com\/#organization\"},\"articleSection\":[\"Noticias Nacionales\"],\"inLanguage\":\"es\",\"potentialAction\":[{\"@type\":\"CommentAction\",\"name\":\"Comment\",\"target\":[\"https:\/\/noticiasya.com\/2026\/03\/03\/ceo-target-nuevo-plan-ventas-trax\/#respond\"]}]},{\"@type\":\"WebPage\",\"@id\":\"https:\/\/noticiasya.com\/2026\/03\/03\/ceo-target-nuevo-plan-ventas-trax\/\",\"url\":\"https:\/\/noticiasya.com\/2026\/03\/03\/ceo-target-nuevo-plan-ventas-trax\/\",\"name\":\"El nuevo CEO de Target presenta un plan para reactivar las ventas - Noticias\",\"isPartOf\":{\"@id\":\"https:\/\/noticiasya.com\/#website\"},\"datePublished\":\"2026-03-03T17:03:40+00:00\",\"breadcrumb\":{\"@id\":\"https:\/\/noticiasya.com\/2026\/03\/03\/ceo-target-nuevo-plan-ventas-trax\/#breadcrumb\"},\"inLanguage\":\"es\",\"potentialAction\":[{\"@type\":\"ReadAction\",\"target\":[\"https:\/\/noticiasya.com\/2026\/03\/03\/ceo-target-nuevo-plan-ventas-trax\/\"]}]},{\"@type\":\"BreadcrumbList\",\"@id\":\"https:\/\/noticiasya.com\/2026\/03\/03\/ceo-target-nuevo-plan-ventas-trax\/#breadcrumb\",\"itemListElement\":[{\"@type\":\"ListItem\",\"position\":1,\"name\":\"Home\",\"item\":\"https:\/\/noticiasya.com\/\"},{\"@type\":\"ListItem\",\"position\":2,\"name\":\"El nuevo CEO de Target presenta un plan para reactivar las ventas\"}]},{\"@type\":\"WebSite\",\"@id\":\"https:\/\/noticiasya.com\/#website\",\"url\":\"https:\/\/noticiasya.com\/\",\"name\":\"Noticias\",\"description\":\"Lo que importa\",\"publisher\":{\"@id\":\"https:\/\/noticiasya.com\/#organization\"},\"potentialAction\":[{\"@type\":\"SearchAction\",\"target\":{\"@type\":\"EntryPoint\",\"urlTemplate\":\"https:\/\/noticiasya.com\/?s={search_term_string}\"},\"query-input\":{\"@type\":\"PropertyValueSpecification\",\"valueRequired\":true,\"valueName\":\"search_term_string\"}}],\"inLanguage\":\"es\"},{\"@type\":\"Organization\",\"@id\":\"https:\/\/noticiasya.com\/#organization\",\"name\":\"Noticias\",\"url\":\"https:\/\/noticiasya.com\/\",\"logo\":{\"@type\":\"ImageObject\",\"inLanguage\":\"es\",\"@id\":\"https:\/\/noticiasya.com\/#\/schema\/logo\/image\/\",\"url\":\"https:\/\/noticiasya.com\/wp-content\/uploads\/sites\/22\/2023\/12\/logo-nacional.png\",\"contentUrl\":\"https:\/\/noticiasya.com\/wp-content\/uploads\/sites\/22\/2023\/12\/logo-nacional.png\",\"width\":1801,\"height\":691,\"caption\":\"Noticias\"},\"image\":{\"@id\":\"https:\/\/noticiasya.com\/#\/schema\/logo\/image\/\"}}]}<\/script>\n<!-- \/ Yoast SEO plugin. -->","yoast_head_json":{"title":"El nuevo CEO de Target presenta un plan para reactivar las ventas - Noticias","robots":{"index":"index","follow":"follow","max-snippet":"max-snippet:-1","max-image-preview":"max-image-preview:large","max-video-preview":"max-video-preview:-1"},"canonical":"https:\/\/noticiasya.com\/2026\/03\/03\/ceo-target-nuevo-plan-ventas-trax\/","og_locale":"es_ES","og_type":"article","og_title":"El nuevo CEO de Target presenta un plan para reactivar las ventas - Noticias","og_description":"El nuevo CEO de Target cree que sumar marcas nuevas y de moda puede ayudar a recuperar a los compradores despu\u00e9s de unos a\u00f1os brutales. El CEO Michael Fiddelke dijo este martes que Target est\u00e1 comenzando su \u201cpr\u00f3ximo cap\u00edtulo de crecimiento\u201d y que mejorar\u00e1 su oferta de productos y el dise\u00f1o de sus tiendas para [&hellip;]","og_url":"https:\/\/noticiasya.com\/2026\/03\/03\/ceo-target-nuevo-plan-ventas-trax\/","og_site_name":"Noticias","article_published_time":"2026-03-03T17:03:40+00:00","twitter_card":"summary_large_image","twitter_misc":{"Est. reading time":"3 minutos"},"schema":{"@context":"https:\/\/schema.org","@graph":[{"@type":"Article","@id":"https:\/\/noticiasya.com\/2026\/03\/03\/ceo-target-nuevo-plan-ventas-trax\/#article","isPartOf":{"@id":"https:\/\/noticiasya.com\/2026\/03\/03\/ceo-target-nuevo-plan-ventas-trax\/"},"author":{"name":"","@id":""},"headline":"El nuevo CEO de Target presenta un plan para reactivar las ventas","datePublished":"2026-03-03T17:03:40+00:00","mainEntityOfPage":{"@id":"https:\/\/noticiasya.com\/2026\/03\/03\/ceo-target-nuevo-plan-ventas-trax\/"},"wordCount":559,"commentCount":0,"publisher":{"@id":"https:\/\/noticiasya.com\/#organization"},"articleSection":["Noticias Nacionales"],"inLanguage":"es","potentialAction":[{"@type":"CommentAction","name":"Comment","target":["https:\/\/noticiasya.com\/2026\/03\/03\/ceo-target-nuevo-plan-ventas-trax\/#respond"]}]},{"@type":"WebPage","@id":"https:\/\/noticiasya.com\/2026\/03\/03\/ceo-target-nuevo-plan-ventas-trax\/","url":"https:\/\/noticiasya.com\/2026\/03\/03\/ceo-target-nuevo-plan-ventas-trax\/","name":"El nuevo CEO de Target presenta un plan para reactivar las ventas - Noticias","isPartOf":{"@id":"https:\/\/noticiasya.com\/#website"},"datePublished":"2026-03-03T17:03:40+00:00","breadcrumb":{"@id":"https:\/\/noticiasya.com\/2026\/03\/03\/ceo-target-nuevo-plan-ventas-trax\/#breadcrumb"},"inLanguage":"es","potentialAction":[{"@type":"ReadAction","target":["https:\/\/noticiasya.com\/2026\/03\/03\/ceo-target-nuevo-plan-ventas-trax\/"]}]},{"@type":"BreadcrumbList","@id":"https:\/\/noticiasya.com\/2026\/03\/03\/ceo-target-nuevo-plan-ventas-trax\/#breadcrumb","itemListElement":[{"@type":"ListItem","position":1,"name":"Home","item":"https:\/\/noticiasya.com\/"},{"@type":"ListItem","position":2,"name":"El nuevo CEO de Target presenta un plan para reactivar las ventas"}]},{"@type":"WebSite","@id":"https:\/\/noticiasya.com\/#website","url":"https:\/\/noticiasya.com\/","name":"Noticias","description":"Lo que importa","publisher":{"@id":"https:\/\/noticiasya.com\/#organization"},"potentialAction":[{"@type":"SearchAction","target":{"@type":"EntryPoint","urlTemplate":"https:\/\/noticiasya.com\/?s={search_term_string}"},"query-input":{"@type":"PropertyValueSpecification","valueRequired":true,"valueName":"search_term_string"}}],"inLanguage":"es"},{"@type":"Organization","@id":"https:\/\/noticiasya.com\/#organization","name":"Noticias","url":"https:\/\/noticiasya.com\/","logo":{"@type":"ImageObject","inLanguage":"es","@id":"https:\/\/noticiasya.com\/#\/schema\/logo\/image\/","url":"https:\/\/noticiasya.com\/wp-content\/uploads\/sites\/22\/2023\/12\/logo-nacional.png","contentUrl":"https:\/\/noticiasya.com\/wp-content\/uploads\/sites\/22\/2023\/12\/logo-nacional.png","width":1801,"height":691,"caption":"Noticias"},"image":{"@id":"https:\/\/noticiasya.com\/#\/schema\/logo\/image\/"}}]}},"parsely":{"version":"1.1.0","canonical_url":"https:\/\/noticiasya.com\/monterey-salinas\/2026\/03\/03\/ceo-target-nuevo-plan-ventas-trax\/","smart_links":{"inbound":0,"outbound":0},"traffic_boost_suggestions_count":0,"meta":{"@context":"https:\/\/schema.org","@type":"NewsArticle","headline":"El nuevo CEO de Target presenta un plan para reactivar las ventas","url":"http:\/\/noticiasya.com\/monterey-salinas\/2026\/03\/03\/ceo-target-nuevo-plan-ventas-trax\/","mainEntityOfPage":{"@type":"WebPage","@id":"http:\/\/noticiasya.com\/monterey-salinas\/2026\/03\/03\/ceo-target-nuevo-plan-ventas-trax\/"},"thumbnailUrl":"","image":{"@type":"ImageObject","url":""},"articleSection":"Noticias Nacionales","author":[],"creator":[],"publisher":{"@type":"Organization","name":"Noticias","logo":""},"keywords":[],"dateCreated":"2026-03-03T17:03:40Z","datePublished":"2026-03-03T17:03:40Z","dateModified":"2026-03-03T17:03:40Z"},"rendered":"<script type=\"application\/ld+json\" class=\"wp-parsely-metadata\">{\"@context\":\"https:\\\/\\\/schema.org\",\"@type\":\"NewsArticle\",\"headline\":\"El nuevo CEO de Target presenta un plan para reactivar las ventas\",\"url\":\"http:\\\/\\\/noticiasya.com\\\/monterey-salinas\\\/2026\\\/03\\\/03\\\/ceo-target-nuevo-plan-ventas-trax\\\/\",\"mainEntityOfPage\":{\"@type\":\"WebPage\",\"@id\":\"http:\\\/\\\/noticiasya.com\\\/monterey-salinas\\\/2026\\\/03\\\/03\\\/ceo-target-nuevo-plan-ventas-trax\\\/\"},\"thumbnailUrl\":\"\",\"image\":{\"@type\":\"ImageObject\",\"url\":\"\"},\"articleSection\":\"Noticias Nacionales\",\"author\":[],\"creator\":[],\"publisher\":{\"@type\":\"Organization\",\"name\":\"Noticias\",\"logo\":\"\"},\"keywords\":[],\"dateCreated\":\"2026-03-03T17:03:40Z\",\"datePublished\":\"2026-03-03T17:03:40Z\",\"dateModified\":\"2026-03-03T17:03:40Z\"}<\/script>","tracker_url":"https:\/\/cdn.parsely.com\/keys\/noticiasya.com\/p.js"},"jetpack_featured_media_url":"","jetpack-related-posts":[{"id":1465687,"url":"https:\/\/noticiasya.com\/monterey-salinas\/2025\/08\/20\/target-ceo-ventas-cornell-trax\/","url_meta":{"origin":1471819,"position":0},"title":"Dimite el CEO de Target debido a la ca\u00edda de las ventas","author":"","date":"agosto 20, 2025","format":false,"excerpt":"El director ejecutivo de Target, Brian Cornell, dejar\u00e1 el cargo despu\u00e9s de 11 a\u00f1os en el minorista, debido a que la compa\u00f1\u00eda enfrenta una ca\u00edda en las ventas y una reacci\u00f3n negativa a su abandono de las pol\u00edticas de diversidad, equidad e inclusi\u00f3n.La salida de Cornell era algo esperado. Algunos\u2026","rel":"","context":"In &quot;Noticias Nacionales&quot;","block_context":{"text":"Noticias Nacionales","link":"https:\/\/noticiasya.com\/monterey-salinas\/categoria\/noticias-nacionales"},"img":{"alt_text":"","src":"","width":0,"height":0},"classes":[]},{"id":1468500,"url":"https:\/\/noticiasya.com\/monterey-salinas\/2025\/11\/19\/target-problemas-economia-trax\/","url_meta":{"origin":1471819,"position":1},"title":"Puede que Target haya tocado fondo","author":"","date":"noviembre 19, 2025","format":false,"excerpt":"Los problemas de Target siguen en aumento.La \u00faltima se\u00f1al de sus dificultades fue el reporte de la compa\u00f1\u00eda de una ca\u00edda en las ventas durante el \u00faltimo trimestre y un recorte de su previsi\u00f3n de ganancias para todo el a\u00f1o este mi\u00e9rcoles. Las ventas de la compa\u00f1\u00eda se han estancado\u2026","rel":"","context":"In &quot;Noticias Nacionales&quot;","block_context":{"text":"Noticias Nacionales","link":"https:\/\/noticiasya.com\/monterey-salinas\/categoria\/noticias-nacionales"},"img":{"alt_text":"","src":"","width":0,"height":0},"classes":[]},{"id":1468575,"url":"https:\/\/noticiasya.com\/monterey-salinas\/2025\/11\/21\/target-walmart-economia-eeuu-trax\/","url_meta":{"origin":1471819,"position":2},"title":"Por qu\u00e9 los estadounidenses est\u00e1n dejando de comprar en Target y optando por Walmart","author":"","date":"noviembre 21, 2025","format":false,"excerpt":"Walmart ha superado con creces a Target en su larga rivalidad.La principal raz\u00f3n: a medida que la vida se vuelve m\u00e1s dif\u00edcil de costear para el estadounidense promedio, los compradores se han vuelto m\u00e1s exigentes con sus gastos y buscan las mejores ofertas. Muchos de estos consumidores sienten que Walmart\u2026","rel":"","context":"In &quot;Noticias Nacionales&quot;","block_context":{"text":"Noticias Nacionales","link":"https:\/\/noticiasya.com\/monterey-salinas\/categoria\/noticias-nacionales"},"img":{"alt_text":"","src":"","width":0,"height":0},"classes":[]},{"id":1459481,"url":"https:\/\/noticiasya.com\/monterey-salinas\/2025\/03\/04\/target-best-buy-precios-subiran-aranceles-trump-trax\/","url_meta":{"origin":1471819,"position":3},"title":"Target y Best Buy dicen que los precios subir\u00e1n por los aranceles de Trump","author":"","date":"marzo 4, 2025","format":false,"excerpt":"Target y Best Buy, dos de los minoristas m\u00e1s grandes de Estados Unidos, advirtieron este martes que los precios aumentar\u00e1n tras los aranceles del presidente de EE.UU., Donald Trump, a los bienes importados de M\u00e9xico, Canad\u00e1 y China.Los aranceles generales de Trump del 25% sobre M\u00e9xico y Canad\u00e1 entraron en\u2026","rel":"","context":"In &quot;Noticias Nacionales&quot;","block_context":{"text":"Noticias Nacionales","link":"https:\/\/noticiasya.com\/monterey-salinas\/categoria\/noticias-nacionales"},"img":{"alt_text":"","src":"","width":0,"height":0},"classes":[]},{"id":1470809,"url":"https:\/\/noticiasya.com\/monterey-salinas\/2026\/02\/03\/pepsico-precio-doritos-cheetos-trax\/","url_meta":{"origin":1471819,"position":4},"title":"PepsiCo rebaja el precio de Doritos, Cheetos y otros snacks un 15%","author":"","date":"febrero 3, 2026","format":false,"excerpt":"PepsiCo, fabricante de marcas populares como Doritos, Lays y Cheetos, rebaj\u00f3 el precio de sus snacks un 15% en respuesta a las quejas de los clientes sobre su encarecimiento.En un comunicado emitido el martes, Rachel Ferdinando, directora ejecutiva de PepsiCo Foods US, afirm\u00f3 que \u201cha pasado el \u00faltimo a\u00f1o escuchando\u2026","rel":"","context":"In &quot;Noticias Nacionales&quot;","block_context":{"text":"Noticias Nacionales","link":"https:\/\/noticiasya.com\/monterey-salinas\/categoria\/noticias-nacionales"},"img":{"alt_text":"","src":"","width":0,"height":0},"classes":[]},{"id":1462660,"url":"https:\/\/noticiasya.com\/monterey-salinas\/2025\/05\/21\/problemas-target-estan-empeorando-trax\/","url_meta":{"origin":1471819,"position":5},"title":"Los problemas de Target est\u00e1n empeorando","author":"","date":"mayo 21, 2025","format":false,"excerpt":"Target ya enfrentaba una protesta p\u00fablica por parte de algunos de sus clientes m\u00e1s leales. Ahora advierte sobre los aranceles.La compa\u00f1\u00eda inform\u00f3 este mi\u00e9rcoles que las ventas cayeron en el \u00faltimo trimestre, impulsadas en parte por la reacci\u00f3n negativa de los clientes ante el retroceso de Target en sus programas\u2026","rel":"","context":"In &quot;Noticias Nacionales&quot;","block_context":{"text":"Noticias Nacionales","link":"https:\/\/noticiasya.com\/monterey-salinas\/categoria\/noticias-nacionales"},"img":{"alt_text":"","src":"","width":0,"height":0},"classes":[]}],"jetpack_sharing_enabled":true,"_links":{"self":[{"href":"https:\/\/noticiasya.com\/monterey-salinas\/wp-json\/wp\/v2\/posts\/1471819","targetHints":{"allow":["GET"]}}],"collection":[{"href":"https:\/\/noticiasya.com\/monterey-salinas\/wp-json\/wp\/v2\/posts"}],"about":[{"href":"https:\/\/noticiasya.com\/monterey-salinas\/wp-json\/wp\/v2\/types\/post"}],"replies":[{"embeddable":true,"href":"https:\/\/noticiasya.com\/monterey-salinas\/wp-json\/wp\/v2\/comments?post=1471819"}],"version-history":[{"count":0,"href":"https:\/\/noticiasya.com\/monterey-salinas\/wp-json\/wp\/v2\/posts\/1471819\/revisions"}],"wp:attachment":[{"href":"https:\/\/noticiasya.com\/monterey-salinas\/wp-json\/wp\/v2\/media?parent=1471819"}],"wp:term":[{"taxonomy":"category","embeddable":true,"href":"https:\/\/noticiasya.com\/monterey-salinas\/wp-json\/wp\/v2\/categories?post=1471819"},{"taxonomy":"post_tag","embeddable":true,"href":"https:\/\/noticiasya.com\/monterey-salinas\/wp-json\/wp\/v2\/tags?post=1471819"}],"curies":[{"name":"wp","href":"https:\/\/api.w.org\/{rel}","templated":true}]}}