{"id":1473572,"date":"2026-04-28T10:03:46","date_gmt":"2026-04-28T17:03:46","guid":{"rendered":"https:\/\/noticiasya.com\/2026\/04\/28\/homenaje-budas-destruidos-talibanes-manhattan-trax\/"},"modified":"2026-04-28T10:03:46","modified_gmt":"2026-04-28T17:03:46","slug":"homenaje-budas-destruidos-talibanes-manhattan-trax","status":"publish","type":"post","link":"https:\/\/noticiasya.com\/monterey-salinas\/2026\/04\/28\/homenaje-budas-destruidos-talibanes-manhattan-trax\/","title":{"rendered":"Un imponente homenaje a los Budas cuyas estatuas fueron destruidas por los talibanes se alza sobre Manhattan"},"content":{"rendered":"<p>Durante el pr\u00f3ximo a\u00f1o y medio, los visitantes del ultramoderno complejo Hudson Yards, en el extremo oeste de Manhattan, se encontrar\u00e1n con un \u00edcono del mundo antiguo. La quinta obra encargada para el pedestal del parque elevado High Line es un homenaje a los Budas de Bamiy\u00e1n, los dos colosos del siglo VI ubicados en el centro de Afganist\u00e1n que <a href=\"https:\/\/www.theartnewspaper.com\/2002\/03\/01\/an-absolute-political-priority-bamiyan-buddhas-may-be-rebuilt?utm_source=CNN&#038;utm_medium=article\">los talibanes dinamitaron<\/a> en 2001.<\/p>\n<p>La nueva escultura es obra del artista vietnamita-estadounidense Tuan Andrew Nguyen y lleva el nombre del apodo que los habitantes del valle de Bamiy\u00e1n dieron al mayor de los dos Budas: \u201cSalsal\u201d, que se traduce como \u201cla luz brilla a trav\u00e9s del universo\u201d.<\/p>\n<p>\u201cEspero que esta obra se convierta en un lugar de reflexi\u00f3n y memoria\u201d, dijo Nguyen sobre su monumento de arenisca de 8,2 metros de altura. \u201cNo pretend\u00eda hablar de este momento, pero lamentablemente guarda relaci\u00f3n con lo que ocurre en las guerras actuales\u201d.<\/p>\n<p>Su escultura no es una r\u00e9plica exacta de ninguno de los Budas de Bamiy\u00e1n, pero est\u00e1 hecha en gran parte del mismo material: arenisca tallada. Las manos de los Budas originales fueron destruidas hace siglos en un acto de iconoclasia; Nguyen ha creado dos manos monumentales de acero que parecen flotar ligeramente separadas de las extremidades de arenisca, sostenidas por varillas. Realizan gestos que simbolizan la valent\u00eda y la compasi\u00f3n, y est\u00e1n fundidas a partir de proyectiles de artiller\u00eda recuperados de Afganist\u00e1n, un proceso vinculado a la pr\u00e1ctica art\u00edstica de Nguyen de convertir municiones sin explotar de la Guerra de Vietnam en recipientes de memoria y sanaci\u00f3n.<\/p>\n<p>\u201cHay muchos paralelismos entre las guerras de Estados Unidos en Afganist\u00e1n y Vietnam\u201d, dijo Nguyen. \u201cLos materiales son fundamentales para mis proyectos. Consideramos la posibilidad de obtener arenisca de Pakist\u00e1n, pero era demasiado complicado. Esta escultura se fundi\u00f3 y tall\u00f3 en Vietnam y luego se trajo aqu\u00ed\u201d.<\/p>\n<p>El contraste entre la arenisca org\u00e1nica y terrosa de \u201cLa luz que brilla a trav\u00e9s del universo\u201d y el acero industrial, el hormig\u00f3n y el vidrio de su entorno evoca una sensaci\u00f3n ligeramente surrealista de viaje en el tiempo. \u201cHay algo tan impactante y evocador en ver una escultura hecha de arenisca\u201d, dijo Cecilia Alemani, directora y curadora principal del programa High Line Art. \u201cNo es algo que estemos acostumbrados a ver en el arte contempor\u00e1neo; pertenece a la historia del arte\u201d.<\/p>\n<p>Tanto Nguyen como Alemani comentaron que cuando se propuso la escultura por primera vez en 2023, el regreso al poder de los talibanes dos a\u00f1os antes y la invasi\u00f3n rusa a gran escala de Ucrania en 2022 eran temas de gran relevancia. Ahora, el proyecto ha adquirido una mayor emotividad en medio de la guerra entre Estados Unidos, Israel e Ir\u00e1n.<\/p>\n<p>\u201cEs intr\u00ednseco a las obras impactantes de arte p\u00fablico que se vuelvan relevantes, o adquieran una nueva relevancia, seg\u00fan las circunstancias\u201d, afirm\u00f3 Alemani. Para los encargos de pedestales, siempre buscamos obras que no solo sean ic\u00f3nicas, sino que tambi\u00e9n tengan la capacidad de ser relevantes en diversos contextos y \u00e9pocas.<\/p>\n<p>El conmovedor, solemne y, en \u00faltima instancia, esperanzador proyecto de Nguyen para el pedestal de High Line \u2014un espacio destacado para el arte p\u00fablico ubicado en la intersecci\u00f3n de la calle 30 Oeste y la D\u00e9cima Avenida\u2014 sigue la estela de proyectos realizados en el mismo lugar por Iv\u00e1n Argote, Pamela Rosenkranz, Sam Durant y Simone Leigh. El proyecto se dinamizar\u00e1 mediante una serie de conferencias mensuales y sesiones de meditaci\u00f3n guiada, la primera de las cuales est\u00e1 programada para el 16 de mayo durante la feria de arte Frieze New York, que se celebrar\u00e1 en The Shed, cerca del recinto.<\/p>\n<p>The-CNN-Wire<br \/>&trade; &amp; &copy; 2026 Cable News Network, Inc., a Warner Bros. Discovery Company. All rights reserved.<\/p>\n","protected":false},"excerpt":{"rendered":"<p>Durante el pr\u00f3ximo a\u00f1o y medio, los visitantes del ultramoderno complejo Hudson Yards, en el extremo oeste de Manhattan, se encontrar\u00e1n con un \u00edcono del mundo antiguo. La quinta obra encargada para el pedestal del parque elevado High Line es un homenaje a los Budas de Bamiy\u00e1n, los dos colosos del siglo VI ubicados en [&hellip;]<\/p>\n","protected":false},"author":0,"featured_media":0,"comment_status":"open","ping_status":"open","sticky":false,"template":"","format":"standard","meta":{"_jetpack_memberships_contains_paid_content":false,"footnotes":""},"categories":[10],"tags":[],"class_list":["post-1473572","post","type-post","status-publish","format-standard","hentry","category-noticias-nacionales","market-global"],"yoast_head":"<!-- This site is optimized with the Yoast SEO plugin v24.4 - https:\/\/yoast.com\/wordpress\/plugins\/seo\/ -->\n<title>Un imponente homenaje a los Budas cuyas estatuas fueron destruidas por los talibanes se alza sobre Manhattan - Noticias<\/title>\n<meta name=\"robots\" content=\"index, follow, max-snippet:-1, max-image-preview:large, max-video-preview:-1\" \/>\n<link rel=\"canonical\" href=\"https:\/\/noticiasya.com\/2026\/04\/28\/homenaje-budas-destruidos-talibanes-manhattan-trax\/\" \/>\n<meta property=\"og:locale\" content=\"es_ES\" \/>\n<meta property=\"og:type\" content=\"article\" \/>\n<meta property=\"og:title\" content=\"Un imponente homenaje a los Budas cuyas estatuas fueron destruidas por los talibanes se alza sobre Manhattan - Noticias\" \/>\n<meta property=\"og:description\" content=\"Durante el pr\u00f3ximo a\u00f1o y medio, los visitantes del ultramoderno complejo Hudson Yards, en el extremo oeste de Manhattan, se encontrar\u00e1n con un \u00edcono del mundo antiguo. La quinta obra encargada para el pedestal del parque elevado High Line es un homenaje a los Budas de Bamiy\u00e1n, los dos colosos del siglo VI ubicados en [&hellip;]\" \/>\n<meta property=\"og:url\" content=\"https:\/\/noticiasya.com\/2026\/04\/28\/homenaje-budas-destruidos-talibanes-manhattan-trax\/\" \/>\n<meta property=\"og:site_name\" content=\"Noticias\" \/>\n<meta property=\"article:published_time\" content=\"2026-04-28T17:03:46+00:00\" \/>\n<meta name=\"twitter:card\" content=\"summary_large_image\" \/>\n<meta name=\"twitter:label1\" content=\"Est. reading time\" \/>\n\t<meta name=\"twitter:data1\" content=\"3 minutos\" \/>\n<script type=\"application\/ld+json\" class=\"yoast-schema-graph\">{\"@context\":\"https:\/\/schema.org\",\"@graph\":[{\"@type\":\"Article\",\"@id\":\"https:\/\/noticiasya.com\/2026\/04\/28\/homenaje-budas-destruidos-talibanes-manhattan-trax\/#article\",\"isPartOf\":{\"@id\":\"https:\/\/noticiasya.com\/2026\/04\/28\/homenaje-budas-destruidos-talibanes-manhattan-trax\/\"},\"author\":{\"name\":\"\",\"@id\":\"\"},\"headline\":\"Un imponente homenaje a los Budas cuyas estatuas fueron destruidas por los talibanes se alza sobre Manhattan\",\"datePublished\":\"2026-04-28T17:03:46+00:00\",\"mainEntityOfPage\":{\"@id\":\"https:\/\/noticiasya.com\/2026\/04\/28\/homenaje-budas-destruidos-talibanes-manhattan-trax\/\"},\"wordCount\":666,\"commentCount\":0,\"publisher\":{\"@id\":\"https:\/\/noticiasya.com\/#organization\"},\"articleSection\":[\"Noticias Nacionales\"],\"inLanguage\":\"es\",\"potentialAction\":[{\"@type\":\"CommentAction\",\"name\":\"Comment\",\"target\":[\"https:\/\/noticiasya.com\/2026\/04\/28\/homenaje-budas-destruidos-talibanes-manhattan-trax\/#respond\"]}]},{\"@type\":\"WebPage\",\"@id\":\"https:\/\/noticiasya.com\/2026\/04\/28\/homenaje-budas-destruidos-talibanes-manhattan-trax\/\",\"url\":\"https:\/\/noticiasya.com\/2026\/04\/28\/homenaje-budas-destruidos-talibanes-manhattan-trax\/\",\"name\":\"Un imponente homenaje a los Budas cuyas estatuas fueron destruidas por los talibanes se alza sobre Manhattan - Noticias\",\"isPartOf\":{\"@id\":\"https:\/\/noticiasya.com\/#website\"},\"datePublished\":\"2026-04-28T17:03:46+00:00\",\"breadcrumb\":{\"@id\":\"https:\/\/noticiasya.com\/2026\/04\/28\/homenaje-budas-destruidos-talibanes-manhattan-trax\/#breadcrumb\"},\"inLanguage\":\"es\",\"potentialAction\":[{\"@type\":\"ReadAction\",\"target\":[\"https:\/\/noticiasya.com\/2026\/04\/28\/homenaje-budas-destruidos-talibanes-manhattan-trax\/\"]}]},{\"@type\":\"BreadcrumbList\",\"@id\":\"https:\/\/noticiasya.com\/2026\/04\/28\/homenaje-budas-destruidos-talibanes-manhattan-trax\/#breadcrumb\",\"itemListElement\":[{\"@type\":\"ListItem\",\"position\":1,\"name\":\"Home\",\"item\":\"https:\/\/noticiasya.com\/\"},{\"@type\":\"ListItem\",\"position\":2,\"name\":\"Un imponente homenaje a los Budas cuyas estatuas fueron destruidas por los talibanes se alza sobre Manhattan\"}]},{\"@type\":\"WebSite\",\"@id\":\"https:\/\/noticiasya.com\/#website\",\"url\":\"https:\/\/noticiasya.com\/\",\"name\":\"Noticias\",\"description\":\"Lo que importa\",\"publisher\":{\"@id\":\"https:\/\/noticiasya.com\/#organization\"},\"potentialAction\":[{\"@type\":\"SearchAction\",\"target\":{\"@type\":\"EntryPoint\",\"urlTemplate\":\"https:\/\/noticiasya.com\/?s={search_term_string}\"},\"query-input\":{\"@type\":\"PropertyValueSpecification\",\"valueRequired\":true,\"valueName\":\"search_term_string\"}}],\"inLanguage\":\"es\"},{\"@type\":\"Organization\",\"@id\":\"https:\/\/noticiasya.com\/#organization\",\"name\":\"Noticias\",\"url\":\"https:\/\/noticiasya.com\/\",\"logo\":{\"@type\":\"ImageObject\",\"inLanguage\":\"es\",\"@id\":\"https:\/\/noticiasya.com\/#\/schema\/logo\/image\/\",\"url\":\"https:\/\/noticiasya.com\/wp-content\/uploads\/sites\/22\/2023\/12\/logo-nacional.png\",\"contentUrl\":\"https:\/\/noticiasya.com\/wp-content\/uploads\/sites\/22\/2023\/12\/logo-nacional.png\",\"width\":1801,\"height\":691,\"caption\":\"Noticias\"},\"image\":{\"@id\":\"https:\/\/noticiasya.com\/#\/schema\/logo\/image\/\"}}]}<\/script>\n<!-- \/ Yoast SEO plugin. -->","yoast_head_json":{"title":"Un imponente homenaje a los Budas cuyas estatuas fueron destruidas por los talibanes se alza sobre Manhattan - Noticias","robots":{"index":"index","follow":"follow","max-snippet":"max-snippet:-1","max-image-preview":"max-image-preview:large","max-video-preview":"max-video-preview:-1"},"canonical":"https:\/\/noticiasya.com\/2026\/04\/28\/homenaje-budas-destruidos-talibanes-manhattan-trax\/","og_locale":"es_ES","og_type":"article","og_title":"Un imponente homenaje a los Budas cuyas estatuas fueron destruidas por los talibanes se alza sobre Manhattan - Noticias","og_description":"Durante el pr\u00f3ximo a\u00f1o y medio, los visitantes del ultramoderno complejo Hudson Yards, en el extremo oeste de Manhattan, se encontrar\u00e1n con un \u00edcono del mundo antiguo. La quinta obra encargada para el pedestal del parque elevado High Line es un homenaje a los Budas de Bamiy\u00e1n, los dos colosos del siglo VI ubicados en [&hellip;]","og_url":"https:\/\/noticiasya.com\/2026\/04\/28\/homenaje-budas-destruidos-talibanes-manhattan-trax\/","og_site_name":"Noticias","article_published_time":"2026-04-28T17:03:46+00:00","twitter_card":"summary_large_image","twitter_misc":{"Est. reading time":"3 minutos"},"schema":{"@context":"https:\/\/schema.org","@graph":[{"@type":"Article","@id":"https:\/\/noticiasya.com\/2026\/04\/28\/homenaje-budas-destruidos-talibanes-manhattan-trax\/#article","isPartOf":{"@id":"https:\/\/noticiasya.com\/2026\/04\/28\/homenaje-budas-destruidos-talibanes-manhattan-trax\/"},"author":{"name":"","@id":""},"headline":"Un imponente homenaje a los Budas cuyas estatuas fueron destruidas por los talibanes se alza sobre Manhattan","datePublished":"2026-04-28T17:03:46+00:00","mainEntityOfPage":{"@id":"https:\/\/noticiasya.com\/2026\/04\/28\/homenaje-budas-destruidos-talibanes-manhattan-trax\/"},"wordCount":666,"commentCount":0,"publisher":{"@id":"https:\/\/noticiasya.com\/#organization"},"articleSection":["Noticias Nacionales"],"inLanguage":"es","potentialAction":[{"@type":"CommentAction","name":"Comment","target":["https:\/\/noticiasya.com\/2026\/04\/28\/homenaje-budas-destruidos-talibanes-manhattan-trax\/#respond"]}]},{"@type":"WebPage","@id":"https:\/\/noticiasya.com\/2026\/04\/28\/homenaje-budas-destruidos-talibanes-manhattan-trax\/","url":"https:\/\/noticiasya.com\/2026\/04\/28\/homenaje-budas-destruidos-talibanes-manhattan-trax\/","name":"Un imponente homenaje a los Budas cuyas estatuas fueron destruidas por los talibanes se alza sobre Manhattan - Noticias","isPartOf":{"@id":"https:\/\/noticiasya.com\/#website"},"datePublished":"2026-04-28T17:03:46+00:00","breadcrumb":{"@id":"https:\/\/noticiasya.com\/2026\/04\/28\/homenaje-budas-destruidos-talibanes-manhattan-trax\/#breadcrumb"},"inLanguage":"es","potentialAction":[{"@type":"ReadAction","target":["https:\/\/noticiasya.com\/2026\/04\/28\/homenaje-budas-destruidos-talibanes-manhattan-trax\/"]}]},{"@type":"BreadcrumbList","@id":"https:\/\/noticiasya.com\/2026\/04\/28\/homenaje-budas-destruidos-talibanes-manhattan-trax\/#breadcrumb","itemListElement":[{"@type":"ListItem","position":1,"name":"Home","item":"https:\/\/noticiasya.com\/"},{"@type":"ListItem","position":2,"name":"Un imponente homenaje a los Budas cuyas estatuas fueron destruidas por los talibanes se alza sobre Manhattan"}]},{"@type":"WebSite","@id":"https:\/\/noticiasya.com\/#website","url":"https:\/\/noticiasya.com\/","name":"Noticias","description":"Lo que importa","publisher":{"@id":"https:\/\/noticiasya.com\/#organization"},"potentialAction":[{"@type":"SearchAction","target":{"@type":"EntryPoint","urlTemplate":"https:\/\/noticiasya.com\/?s={search_term_string}"},"query-input":{"@type":"PropertyValueSpecification","valueRequired":true,"valueName":"search_term_string"}}],"inLanguage":"es"},{"@type":"Organization","@id":"https:\/\/noticiasya.com\/#organization","name":"Noticias","url":"https:\/\/noticiasya.com\/","logo":{"@type":"ImageObject","inLanguage":"es","@id":"https:\/\/noticiasya.com\/#\/schema\/logo\/image\/","url":"https:\/\/noticiasya.com\/wp-content\/uploads\/sites\/22\/2023\/12\/logo-nacional.png","contentUrl":"https:\/\/noticiasya.com\/wp-content\/uploads\/sites\/22\/2023\/12\/logo-nacional.png","width":1801,"height":691,"caption":"Noticias"},"image":{"@id":"https:\/\/noticiasya.com\/#\/schema\/logo\/image\/"}}]}},"parsely":{"version":"1.1.0","canonical_url":"https:\/\/noticiasya.com\/monterey-salinas\/2026\/04\/28\/homenaje-budas-destruidos-talibanes-manhattan-trax\/","smart_links":{"inbound":0,"outbound":0},"traffic_boost_suggestions_count":0,"meta":{"@context":"https:\/\/schema.org","@type":"NewsArticle","headline":"Un imponente homenaje a los Budas cuyas estatuas fueron destruidas por los talibanes se alza sobre Manhattan","url":"http:\/\/noticiasya.com\/monterey-salinas\/2026\/04\/28\/homenaje-budas-destruidos-talibanes-manhattan-trax\/","mainEntityOfPage":{"@type":"WebPage","@id":"http:\/\/noticiasya.com\/monterey-salinas\/2026\/04\/28\/homenaje-budas-destruidos-talibanes-manhattan-trax\/"},"thumbnailUrl":"","image":{"@type":"ImageObject","url":""},"articleSection":"Noticias Nacionales","author":[],"creator":[],"publisher":{"@type":"Organization","name":"Noticias","logo":""},"keywords":[],"dateCreated":"2026-04-28T17:03:46Z","datePublished":"2026-04-28T17:03:46Z","dateModified":"2026-04-28T17:03:46Z"},"rendered":"<script type=\"application\/ld+json\" class=\"wp-parsely-metadata\">{\"@context\":\"https:\\\/\\\/schema.org\",\"@type\":\"NewsArticle\",\"headline\":\"Un imponente homenaje a los Budas cuyas estatuas fueron destruidas por los talibanes se alza sobre Manhattan\",\"url\":\"http:\\\/\\\/noticiasya.com\\\/monterey-salinas\\\/2026\\\/04\\\/28\\\/homenaje-budas-destruidos-talibanes-manhattan-trax\\\/\",\"mainEntityOfPage\":{\"@type\":\"WebPage\",\"@id\":\"http:\\\/\\\/noticiasya.com\\\/monterey-salinas\\\/2026\\\/04\\\/28\\\/homenaje-budas-destruidos-talibanes-manhattan-trax\\\/\"},\"thumbnailUrl\":\"\",\"image\":{\"@type\":\"ImageObject\",\"url\":\"\"},\"articleSection\":\"Noticias Nacionales\",\"author\":[],\"creator\":[],\"publisher\":{\"@type\":\"Organization\",\"name\":\"Noticias\",\"logo\":\"\"},\"keywords\":[],\"dateCreated\":\"2026-04-28T17:03:46Z\",\"datePublished\":\"2026-04-28T17:03:46Z\",\"dateModified\":\"2026-04-28T17:03:46Z\"}<\/script>","tracker_url":"https:\/\/cdn.parsely.com\/keys\/noticiasya.com\/p.js"},"jetpack_featured_media_url":"","jetpack-related-posts":[{"id":1452074,"url":"https:\/\/noticiasya.com\/monterey-salinas\/2024\/08\/22\/talibanes-gente-visite-afganistan-turismo-trax\/","url_meta":{"origin":1473572,"position":0},"title":"Los talibanes dicen que quieren que la gente visite Afganist\u00e1n. As\u00ed es la experiencia","author":"","date":"agosto 22, 2024","format":false,"excerpt":"(CNN) -- Ben Herskowitz estaba de pie sobre una colina con vistas al antiguo paisaje arqueol\u00f3gico de Bamiy\u00e1n, situado entre las altas monta\u00f1as del Hindu Kush. A lo lejos, pod\u00eda ver las blancas monta\u00f1as nevadas, el verdor y los \u00e1rboles en flor que se extienden por el valle afgano de\u2026","rel":"","context":"In &quot;Noticias Nacionales&quot;","block_context":{"text":"Noticias Nacionales","link":"https:\/\/noticiasya.com\/monterey-salinas\/categoria\/noticias-nacionales"},"img":{"alt_text":"","src":"","width":0,"height":0},"classes":[]},{"id":1467378,"url":"https:\/\/noticiasya.com\/monterey-salinas\/2025\/10\/15\/afganistan-pakistan-intercambian-ataques-mortales-trax\/","url_meta":{"origin":1473572,"position":1},"title":"Afganist\u00e1n y Pakist\u00e1n protagonizan sus ataques m\u00e1s mortales en a\u00f1os: qu\u00e9 hay detr\u00e1s de la escalada","author":"","date":"octubre 15, 2025","format":false,"excerpt":"Las tensiones entre Afganist\u00e1n y Pakist\u00e1n han aumentado en los \u00faltimos d\u00edas con el intercambio de disparos mortales entre estos dos vecinos, lo que ha avivado los temores de un conflicto m\u00e1s amplio.Los combates se produjeron tras los ataques del jueves pasado en la capital afgana, Kabul, y en la\u2026","rel":"","context":"In &quot;Noticias Nacionales&quot;","block_context":{"text":"Noticias Nacionales","link":"https:\/\/noticiasya.com\/monterey-salinas\/categoria\/noticias-nacionales"},"img":{"alt_text":"","src":"","width":0,"height":0},"classes":[]},{"id":1460189,"url":"https:\/\/noticiasya.com\/monterey-salinas\/2025\/03\/20\/george-glezmann-talibanes-afganistan-liberado-trax\/","url_meta":{"origin":1473572,"position":2},"title":"Un estadounidense detenido por los talibanes en Afganist\u00e1n es liberado gracias a un acuerdo mediado por Qatar","author":"","date":"marzo 20, 2025","format":false,"excerpt":"Un ciudadano estadounidense que pas\u00f3 m\u00e1s de dos a\u00f1os detenido en Afganist\u00e1n fue liberado este jueves y se encuentra camino a Estados Unidos, seg\u00fan inform\u00f3 el secretario de Estado estadounidense, Marco Rubio.George Glezmann, de 66 a\u00f1os, fue liberado tras semanas de negociaciones lideradas por mediadores catar\u00edes y estadounidenses.\u201cHoy, tras dos\u2026","rel":"","context":"In &quot;Noticias Nacionales&quot;","block_context":{"text":"Noticias Nacionales","link":"https:\/\/noticiasya.com\/monterey-salinas\/categoria\/noticias-nacionales"},"img":{"alt_text":"","src":"","width":0,"height":0},"classes":[]},{"id":1452332,"url":"https:\/\/noticiasya.com\/monterey-salinas\/2024\/09\/01\/saigon-kabul-similitudes-diferencias-vietnam-afganistan-orix\/","url_meta":{"origin":1473572,"position":3},"title":"Saig\u00f3n y Kabul: similitudes y diferencias entre las evacuaciones de Estados Unidos en Vietnam y Afganist\u00e1n","author":"","date":"septiembre 1, 2024","format":false,"excerpt":"(CNN Espa\u00f1ol) -- Dos pa\u00edses, dos contextos y dos tiempos distintos: las im\u00e1genes en agosto de 2021 de la evacuaci\u00f3n de la embajada de Estados Unidos en Kabul, Afganist\u00e1n, y de la desesperaci\u00f3n de las personas que no quieren ser dejadas atr\u00e1s antes el avance de los talibanes, trajo el\u2026","rel":"","context":"In &quot;Noticias Nacionales&quot;","block_context":{"text":"Noticias Nacionales","link":"https:\/\/noticiasya.com\/monterey-salinas\/categoria\/noticias-nacionales"},"img":{"alt_text":"","src":"","width":0,"height":0},"classes":[]},{"id":1451002,"url":"https:\/\/noticiasya.com\/monterey-salinas\/2024\/07\/10\/musica-cortes-pelo-estilo-informe-onu-vida-afganistan-taliban-trax\/","url_meta":{"origin":1473572,"position":4},"title":"Ni m\u00fasica ni cortes de pelo al estilo occidental: Un informe de la ONU detalla la vida en Afganist\u00e1n bajo la moral del Talib\u00e1n","author":"","date":"julio 10, 2024","format":false,"excerpt":"(CNN) --\u00a0 Escuchar m\u00fasica, fumar narguile y cortarse el pelo al estilo occidental son actos punibles bajo el asfixiante gobierno de los talibanes en Afganist\u00e1n, seg\u00fan un nuevo informe de la ONU.La llamada Polic\u00eda de la moral de los talibanes restringi\u00f3 los derechos humanos \u2013dirigi\u00e9ndose desproporcionadamente a mujeres y ni\u00f1as\u2013\u2026","rel":"","context":"In &quot;Noticias Nacionales&quot;","block_context":{"text":"Noticias Nacionales","link":"https:\/\/noticiasya.com\/monterey-salinas\/categoria\/noticias-nacionales"},"img":{"alt_text":"","src":"","width":0,"height":0},"classes":[]},{"id":1453088,"url":"https:\/\/noticiasya.com\/monterey-salinas\/2024\/09\/26\/meryl-streep-afganistan-mujeres-ninas-trax\/","url_meta":{"origin":1473572,"position":5},"title":"Meryl Streep se enfrenta a los talibanes con una historia sobre gatos, ardillas y p\u00e1jaros","author":"","date":"septiembre 26, 2024","format":false,"excerpt":"(CNN) -- Cuando la galardonada actriz Meryl Streep habl\u00f3 al margen de la Asamblea General de las Naciones Unidas sobre gatos, ardillas y p\u00e1jaros, no se refer\u00eda a cazadores y presas.Estaba comparando a los tres con las mujeres y ni\u00f1as de Afganist\u00e1n, y se\u00f1alando que los animales tienen m\u00e1s derechos.\"Un\u2026","rel":"","context":"In &quot;Noticias Nacionales&quot;","block_context":{"text":"Noticias Nacionales","link":"https:\/\/noticiasya.com\/monterey-salinas\/categoria\/noticias-nacionales"},"img":{"alt_text":"","src":"","width":0,"height":0},"classes":[]}],"jetpack_sharing_enabled":true,"_links":{"self":[{"href":"https:\/\/noticiasya.com\/monterey-salinas\/wp-json\/wp\/v2\/posts\/1473572","targetHints":{"allow":["GET"]}}],"collection":[{"href":"https:\/\/noticiasya.com\/monterey-salinas\/wp-json\/wp\/v2\/posts"}],"about":[{"href":"https:\/\/noticiasya.com\/monterey-salinas\/wp-json\/wp\/v2\/types\/post"}],"replies":[{"embeddable":true,"href":"https:\/\/noticiasya.com\/monterey-salinas\/wp-json\/wp\/v2\/comments?post=1473572"}],"version-history":[{"count":0,"href":"https:\/\/noticiasya.com\/monterey-salinas\/wp-json\/wp\/v2\/posts\/1473572\/revisions"}],"wp:attachment":[{"href":"https:\/\/noticiasya.com\/monterey-salinas\/wp-json\/wp\/v2\/media?parent=1473572"}],"wp:term":[{"taxonomy":"category","embeddable":true,"href":"https:\/\/noticiasya.com\/monterey-salinas\/wp-json\/wp\/v2\/categories?post=1473572"},{"taxonomy":"post_tag","embeddable":true,"href":"https:\/\/noticiasya.com\/monterey-salinas\/wp-json\/wp\/v2\/tags?post=1473572"}],"curies":[{"name":"wp","href":"https:\/\/api.w.org\/{rel}","templated":true}]}}