{"id":1450940,"date":"2024-07-07T16:03:43","date_gmt":"2024-07-07T23:03:43","guid":{"rendered":"https:\/\/noticiasya.com\/2024\/07\/07\/funciones-parlamento-presidente-francia-trax\/"},"modified":"2024-07-07T16:03:43","modified_gmt":"2024-07-07T23:03:43","slug":"funciones-parlamento-presidente-francia-trax","status":"publish","type":"post","link":"https:\/\/noticiasya.com\/nacional\/2024\/07\/07\/funciones-parlamento-presidente-francia-trax\/","title":{"rendered":"\u00bfCu\u00e1les son las funciones del Parlamento y del presidente en Francia?"},"content":{"rendered":"<p>(CNN) &#8212; La Asamblea Nacional (el Parlamento) es responsable de aprobar las leyes nacionales, desde las pensiones y la fiscalidad hasta la inmigraci\u00f3n y la educaci\u00f3n.<\/p>\n<p>En tanto, el presidente determina la pol\u00edtica exterior, europea y de defensa del pa\u00eds.<\/p>\n<p>Cuando el presidente y la mayor\u00eda del Parlamento pertenecen al mismo partido, no hay muchos problemas para aprobar leyes. Cuando no es as\u00ed, el gobierno puede paralizarse.<\/p>\n<p>Resultados de las elecciones legislativas en Francia, en vivo: la izquierda del Frente Popular frena a la ultraderecha<\/p>\n<p>Este raro esquema, conocido como &#171;cohabitaci\u00f3n&#187;, no se daba desde el cambio de siglo, cuando el l\u00edder derechista Jacques Chirac se vio obligado a nombrar primer ministro al socialista Lionel Jospin.<\/p>\n<p>Seg\u00fan las proyecciones electorales de la segunda vuelta en Francia, el Nuevo Frente Popular de izquierda obtendr\u00eda entre 172 y 192 esca\u00f1os, muy por debajo de los 289 que le dar\u00edan la mayor\u00eda absoluta; el partido centrista del presidente Macron, Ensemble, obtendr\u00eda entre 150 y 170 esca\u00f1os; y la ultraderechista Agrupaci\u00f3n Nacional de Marine Le Pen quedar\u00eda tercero con entre 132 y 152 esca\u00f1os.<\/p>\n<p>The-CNN-Wire<br \/>&trade; &amp; &copy; 2024 Cable News Network, Inc., a Warner Bros. Discovery Company. All rights reserved.<\/p>\n","protected":false},"excerpt":{"rendered":"<p>(CNN) &#8212; La Asamblea Nacional (el Parlamento) es responsable de aprobar las leyes nacionales, desde las pensiones y la fiscalidad hasta la inmigraci\u00f3n y la educaci\u00f3n. En tanto, el presidente determina la pol\u00edtica exterior, europea y de defensa del pa\u00eds. Cuando el presidente y la mayor\u00eda del Parlamento pertenecen al mismo partido, no hay muchos [&hellip;]<\/p>\n","protected":false},"author":0,"featured_media":0,"comment_status":"open","ping_status":"open","sticky":false,"template":"","format":"standard","meta":{"_jetpack_memberships_contains_paid_content":false,"footnotes":""},"categories":[10],"tags":[],"class_list":["post-1450940","post","type-post","status-publish","format-standard","hentry","category-noticias-nacionales","market-global"],"yoast_head":"<!-- This site is optimized with the Yoast SEO plugin v24.4 - https:\/\/yoast.com\/wordpress\/plugins\/seo\/ -->\n<title>\u00bfCu\u00e1les son las funciones del Parlamento y del presidente en Francia? - Noticias<\/title>\n<meta name=\"robots\" content=\"index, follow, max-snippet:-1, max-image-preview:large, max-video-preview:-1\" \/>\n<link rel=\"canonical\" href=\"https:\/\/noticiasya.com\/2024\/07\/07\/funciones-parlamento-presidente-francia-trax\/\" \/>\n<meta property=\"og:locale\" content=\"es_ES\" \/>\n<meta property=\"og:type\" content=\"article\" \/>\n<meta property=\"og:title\" content=\"\u00bfCu\u00e1les son las funciones del Parlamento y del presidente en Francia? - Noticias\" \/>\n<meta property=\"og:description\" content=\"(CNN) &#8212; La Asamblea Nacional (el Parlamento) es responsable de aprobar las leyes nacionales, desde las pensiones y la fiscalidad hasta la inmigraci\u00f3n y la educaci\u00f3n. En tanto, el presidente determina la pol\u00edtica exterior, europea y de defensa del pa\u00eds. Cuando el presidente y la mayor\u00eda del Parlamento pertenecen al mismo partido, no hay muchos [&hellip;]\" \/>\n<meta property=\"og:url\" content=\"https:\/\/noticiasya.com\/2024\/07\/07\/funciones-parlamento-presidente-francia-trax\/\" \/>\n<meta property=\"og:site_name\" content=\"Noticias\" \/>\n<meta property=\"article:published_time\" content=\"2024-07-07T23:03:43+00:00\" \/>\n<meta name=\"twitter:card\" content=\"summary_large_image\" \/>\n<meta name=\"twitter:label1\" content=\"Est. reading time\" \/>\n\t<meta name=\"twitter:data1\" content=\"1 minuto\" \/>\n<script type=\"application\/ld+json\" class=\"yoast-schema-graph\">{\"@context\":\"https:\/\/schema.org\",\"@graph\":[{\"@type\":\"Article\",\"@id\":\"https:\/\/noticiasya.com\/2024\/07\/07\/funciones-parlamento-presidente-francia-trax\/#article\",\"isPartOf\":{\"@id\":\"https:\/\/noticiasya.com\/2024\/07\/07\/funciones-parlamento-presidente-francia-trax\/\"},\"author\":{\"name\":\"\",\"@id\":\"\"},\"headline\":\"\u00bfCu\u00e1les son las funciones del Parlamento y del presidente en Francia?\",\"datePublished\":\"2024-07-07T23:03:43+00:00\",\"mainEntityOfPage\":{\"@id\":\"https:\/\/noticiasya.com\/2024\/07\/07\/funciones-parlamento-presidente-francia-trax\/\"},\"wordCount\":218,\"commentCount\":0,\"publisher\":{\"@id\":\"https:\/\/noticiasya.com\/#organization\"},\"articleSection\":[\"Noticias Nacionales\"],\"inLanguage\":\"es\",\"potentialAction\":[{\"@type\":\"CommentAction\",\"name\":\"Comment\",\"target\":[\"https:\/\/noticiasya.com\/2024\/07\/07\/funciones-parlamento-presidente-francia-trax\/#respond\"]}]},{\"@type\":\"WebPage\",\"@id\":\"https:\/\/noticiasya.com\/2024\/07\/07\/funciones-parlamento-presidente-francia-trax\/\",\"url\":\"https:\/\/noticiasya.com\/2024\/07\/07\/funciones-parlamento-presidente-francia-trax\/\",\"name\":\"\u00bfCu\u00e1les son las funciones del Parlamento y del presidente en Francia? - Noticias\",\"isPartOf\":{\"@id\":\"https:\/\/noticiasya.com\/#website\"},\"datePublished\":\"2024-07-07T23:03:43+00:00\",\"breadcrumb\":{\"@id\":\"https:\/\/noticiasya.com\/2024\/07\/07\/funciones-parlamento-presidente-francia-trax\/#breadcrumb\"},\"inLanguage\":\"es\",\"potentialAction\":[{\"@type\":\"ReadAction\",\"target\":[\"https:\/\/noticiasya.com\/2024\/07\/07\/funciones-parlamento-presidente-francia-trax\/\"]}]},{\"@type\":\"BreadcrumbList\",\"@id\":\"https:\/\/noticiasya.com\/2024\/07\/07\/funciones-parlamento-presidente-francia-trax\/#breadcrumb\",\"itemListElement\":[{\"@type\":\"ListItem\",\"position\":1,\"name\":\"Home\",\"item\":\"https:\/\/noticiasya.com\/\"},{\"@type\":\"ListItem\",\"position\":2,\"name\":\"\u00bfCu\u00e1les son las funciones del Parlamento y del presidente en Francia?\"}]},{\"@type\":\"WebSite\",\"@id\":\"https:\/\/noticiasya.com\/#website\",\"url\":\"https:\/\/noticiasya.com\/\",\"name\":\"Noticias\",\"description\":\"Lo que importa\",\"publisher\":{\"@id\":\"https:\/\/noticiasya.com\/#organization\"},\"potentialAction\":[{\"@type\":\"SearchAction\",\"target\":{\"@type\":\"EntryPoint\",\"urlTemplate\":\"https:\/\/noticiasya.com\/?s={search_term_string}\"},\"query-input\":{\"@type\":\"PropertyValueSpecification\",\"valueRequired\":true,\"valueName\":\"search_term_string\"}}],\"inLanguage\":\"es\"},{\"@type\":\"Organization\",\"@id\":\"https:\/\/noticiasya.com\/#organization\",\"name\":\"Noticias\",\"url\":\"https:\/\/noticiasya.com\/\",\"logo\":{\"@type\":\"ImageObject\",\"inLanguage\":\"es\",\"@id\":\"https:\/\/noticiasya.com\/#\/schema\/logo\/image\/\",\"url\":\"https:\/\/noticiasya.com\/wp-content\/uploads\/sites\/22\/2023\/12\/logo-nacional.png\",\"contentUrl\":\"https:\/\/noticiasya.com\/wp-content\/uploads\/sites\/22\/2023\/12\/logo-nacional.png\",\"width\":1801,\"height\":691,\"caption\":\"Noticias\"},\"image\":{\"@id\":\"https:\/\/noticiasya.com\/#\/schema\/logo\/image\/\"}}]}<\/script>\n<!-- \/ Yoast SEO plugin. -->","yoast_head_json":{"title":"\u00bfCu\u00e1les son las funciones del Parlamento y del presidente en Francia? - Noticias","robots":{"index":"index","follow":"follow","max-snippet":"max-snippet:-1","max-image-preview":"max-image-preview:large","max-video-preview":"max-video-preview:-1"},"canonical":"https:\/\/noticiasya.com\/2024\/07\/07\/funciones-parlamento-presidente-francia-trax\/","og_locale":"es_ES","og_type":"article","og_title":"\u00bfCu\u00e1les son las funciones del Parlamento y del presidente en Francia? - Noticias","og_description":"(CNN) &#8212; La Asamblea Nacional (el Parlamento) es responsable de aprobar las leyes nacionales, desde las pensiones y la fiscalidad hasta la inmigraci\u00f3n y la educaci\u00f3n. En tanto, el presidente determina la pol\u00edtica exterior, europea y de defensa del pa\u00eds. Cuando el presidente y la mayor\u00eda del Parlamento pertenecen al mismo partido, no hay muchos [&hellip;]","og_url":"https:\/\/noticiasya.com\/2024\/07\/07\/funciones-parlamento-presidente-francia-trax\/","og_site_name":"Noticias","article_published_time":"2024-07-07T23:03:43+00:00","twitter_card":"summary_large_image","twitter_misc":{"Est. reading time":"1 minuto"},"schema":{"@context":"https:\/\/schema.org","@graph":[{"@type":"Article","@id":"https:\/\/noticiasya.com\/2024\/07\/07\/funciones-parlamento-presidente-francia-trax\/#article","isPartOf":{"@id":"https:\/\/noticiasya.com\/2024\/07\/07\/funciones-parlamento-presidente-francia-trax\/"},"author":{"name":"","@id":""},"headline":"\u00bfCu\u00e1les son las funciones del Parlamento y del presidente en Francia?","datePublished":"2024-07-07T23:03:43+00:00","mainEntityOfPage":{"@id":"https:\/\/noticiasya.com\/2024\/07\/07\/funciones-parlamento-presidente-francia-trax\/"},"wordCount":218,"commentCount":0,"publisher":{"@id":"https:\/\/noticiasya.com\/#organization"},"articleSection":["Noticias Nacionales"],"inLanguage":"es","potentialAction":[{"@type":"CommentAction","name":"Comment","target":["https:\/\/noticiasya.com\/2024\/07\/07\/funciones-parlamento-presidente-francia-trax\/#respond"]}]},{"@type":"WebPage","@id":"https:\/\/noticiasya.com\/2024\/07\/07\/funciones-parlamento-presidente-francia-trax\/","url":"https:\/\/noticiasya.com\/2024\/07\/07\/funciones-parlamento-presidente-francia-trax\/","name":"\u00bfCu\u00e1les son las funciones del Parlamento y del presidente en Francia? - Noticias","isPartOf":{"@id":"https:\/\/noticiasya.com\/#website"},"datePublished":"2024-07-07T23:03:43+00:00","breadcrumb":{"@id":"https:\/\/noticiasya.com\/2024\/07\/07\/funciones-parlamento-presidente-francia-trax\/#breadcrumb"},"inLanguage":"es","potentialAction":[{"@type":"ReadAction","target":["https:\/\/noticiasya.com\/2024\/07\/07\/funciones-parlamento-presidente-francia-trax\/"]}]},{"@type":"BreadcrumbList","@id":"https:\/\/noticiasya.com\/2024\/07\/07\/funciones-parlamento-presidente-francia-trax\/#breadcrumb","itemListElement":[{"@type":"ListItem","position":1,"name":"Home","item":"https:\/\/noticiasya.com\/"},{"@type":"ListItem","position":2,"name":"\u00bfCu\u00e1les son las funciones del Parlamento y del presidente en Francia?"}]},{"@type":"WebSite","@id":"https:\/\/noticiasya.com\/#website","url":"https:\/\/noticiasya.com\/","name":"Noticias","description":"Lo que importa","publisher":{"@id":"https:\/\/noticiasya.com\/#organization"},"potentialAction":[{"@type":"SearchAction","target":{"@type":"EntryPoint","urlTemplate":"https:\/\/noticiasya.com\/?s={search_term_string}"},"query-input":{"@type":"PropertyValueSpecification","valueRequired":true,"valueName":"search_term_string"}}],"inLanguage":"es"},{"@type":"Organization","@id":"https:\/\/noticiasya.com\/#organization","name":"Noticias","url":"https:\/\/noticiasya.com\/","logo":{"@type":"ImageObject","inLanguage":"es","@id":"https:\/\/noticiasya.com\/#\/schema\/logo\/image\/","url":"https:\/\/noticiasya.com\/wp-content\/uploads\/sites\/22\/2023\/12\/logo-nacional.png","contentUrl":"https:\/\/noticiasya.com\/wp-content\/uploads\/sites\/22\/2023\/12\/logo-nacional.png","width":1801,"height":691,"caption":"Noticias"},"image":{"@id":"https:\/\/noticiasya.com\/#\/schema\/logo\/image\/"}}]}},"parsely":{"version":"1.1.0","canonical_url":"https:\/\/noticiasya.com\/nacional\/2024\/07\/07\/funciones-parlamento-presidente-francia-trax\/","smart_links":{"inbound":0,"outbound":0},"traffic_boost_suggestions_count":0,"meta":{"@context":"https:\/\/schema.org","@type":"NewsArticle","headline":"\u00bfCu\u00e1les son las funciones del Parlamento y del presidente en Francia?","url":"http:\/\/noticiasya.com\/nacional\/2024\/07\/07\/funciones-parlamento-presidente-francia-trax\/","mainEntityOfPage":{"@type":"WebPage","@id":"http:\/\/noticiasya.com\/nacional\/2024\/07\/07\/funciones-parlamento-presidente-francia-trax\/"},"thumbnailUrl":"","image":{"@type":"ImageObject","url":""},"articleSection":"Noticias Nacionales","author":[],"creator":[],"publisher":{"@type":"Organization","name":"Noticias","logo":""},"keywords":[],"dateCreated":"2024-07-07T23:03:43Z","datePublished":"2024-07-07T23:03:43Z","dateModified":"2024-07-07T23:03:43Z"},"rendered":"<script type=\"application\/ld+json\" class=\"wp-parsely-metadata\">{\"@context\":\"https:\\\/\\\/schema.org\",\"@type\":\"NewsArticle\",\"headline\":\"\\u00bfCu\\u00e1les son las funciones del Parlamento y del presidente en Francia?\",\"url\":\"http:\\\/\\\/noticiasya.com\\\/nacional\\\/2024\\\/07\\\/07\\\/funciones-parlamento-presidente-francia-trax\\\/\",\"mainEntityOfPage\":{\"@type\":\"WebPage\",\"@id\":\"http:\\\/\\\/noticiasya.com\\\/nacional\\\/2024\\\/07\\\/07\\\/funciones-parlamento-presidente-francia-trax\\\/\"},\"thumbnailUrl\":\"\",\"image\":{\"@type\":\"ImageObject\",\"url\":\"\"},\"articleSection\":\"Noticias Nacionales\",\"author\":[],\"creator\":[],\"publisher\":{\"@type\":\"Organization\",\"name\":\"Noticias\",\"logo\":\"\"},\"keywords\":[],\"dateCreated\":\"2024-07-07T23:03:43Z\",\"datePublished\":\"2024-07-07T23:03:43Z\",\"dateModified\":\"2024-07-07T23:03:43Z\"}<\/script>","tracker_url":"https:\/\/cdn.parsely.com\/keys\/noticiasya.com\/p.js"},"jetpack_featured_media_url":"","jetpack-related-posts":[{"id":1450809,"url":"https:\/\/noticiasya.com\/nacional\/2024\/06\/30\/macron-derrota-primera-vuelta-elecciones-legislativas-francia-trax\/","url_meta":{"origin":1450940,"position":0},"title":"La ultraderecha lidera en la primera vuelta de las elecciones legislativas en Francia en un golpe a Macron, seg\u00fan las proyecciones","author":"","date":"junio 30, 2024","format":false,"excerpt":"(CNN) -- El partido ultraderechista Agrupaci\u00f3n Nacional (RN) de Marine Le Pen tom\u00f3 la delantera en la primera vuelta de las elecciones legislativas de Francia de este domingo, seg\u00fan las primeras proyecciones, mientras que el partido del presidente Emmanuel Macron cay\u00f3 al tercer puesto.AN\u00c1LISIS | Por qu\u00e9 la juventud europea\u2026","rel":"","context":"In &quot;Noticias Nacionales&quot;","block_context":{"text":"Noticias Nacionales","link":"https:\/\/noticiasya.com\/nacional\/categoria\/noticias-nacionales"},"img":{"alt_text":"","src":"","width":0,"height":0},"classes":[]},{"id":1450198,"url":"https:\/\/noticiasya.com\/nacional\/2024\/06\/10\/macron-parlamento-francia-elecciones-trax\/","url_meta":{"origin":1450940,"position":1},"title":"\u00bfPor qu\u00e9 Macron disolvi\u00f3 el parlamento de Francia y qu\u00e9 pasar\u00e1 ahora?","author":"","date":"junio 10, 2024","format":false,"excerpt":"Par\u00eds (CNN) -- Fue un golpe contundente y una respuesta impactante.El presidente de Francia, Emmanuel Macron, vio c\u00f3mo su partido ca\u00eda al segundo puesto en las elecciones al Parlamento Europeo celebradas este domingo en Francia, en las que los dos principales partidos de ultraderecha obtuvieron juntos cerca del 40% de\u2026","rel":"","context":"In &quot;Noticias Nacionales&quot;","block_context":{"text":"Noticias Nacionales","link":"https:\/\/noticiasya.com\/nacional\/categoria\/noticias-nacionales"},"img":{"alt_text":"","src":"","width":0,"height":0},"classes":[]},{"id":1451163,"url":"https:\/\/noticiasya.com\/nacional\/2024\/07\/16\/francia-macron-acepta-renuncia-primer-ministro-attal-trax\/","url_meta":{"origin":1450940,"position":2},"title":"El presidente de Francia Emmanuel Macron acepta la renuncia de su primer ministro Gabriel Attal, sin un sucesor a la vista","author":"","date":"julio 16, 2024","format":false,"excerpt":"(CNN) -- El primer ministro franc\u00e9s, Gabriel Attal, renunci\u00f3 este martes, pero permanecer\u00e1 en el cargo para encabezar un gobierno interino.Attal\u00a0 ofreci\u00f3 su renuncia la semana pasada despu\u00e9s de que la alianza centrista Ensemble del presidente Emmanuel Macron fuera derrotada en la segunda vuelta de las elecciones parlamentarias anticipadas de\u2026","rel":"","context":"In &quot;Noticias Nacionales&quot;","block_context":{"text":"Noticias Nacionales","link":"https:\/\/noticiasya.com\/nacional\/categoria\/noticias-nacionales"},"img":{"alt_text":"","src":"","width":0,"height":0},"classes":[]},{"id":1450942,"url":"https:\/\/noticiasya.com\/nacional\/2024\/07\/07\/coalicion-izquierda-nfp-proximo-primer-ministro-francia-trax\/","url_meta":{"origin":1450940,"position":3},"title":"\u00bfQu\u00e9 es la coalici\u00f3n de izquierda NFP y qui\u00e9n ser\u00e1 el pr\u00f3ximo primer ministro de Francia?","author":"","date":"julio 7, 2024","format":false,"excerpt":"(CNN) -- Hace un mes, el Nuevo Frente Popular (NFP) no exist\u00eda. Ahora gan\u00f3 la mayor\u00eda de los esca\u00f1os en el parlamento franc\u00e9s y podr\u00eda proporcionar a Francia su pr\u00f3ximo primer ministro.La coalici\u00f3n de izquierda eligi\u00f3 su nombre en un intento de resucitar el Frente Popular original que impidi\u00f3 que\u2026","rel":"","context":"In &quot;Noticias Nacionales&quot;","block_context":{"text":"Noticias Nacionales","link":"https:\/\/noticiasya.com\/nacional\/categoria\/noticias-nacionales"},"img":{"alt_text":"","src":"","width":0,"height":0},"classes":[]},{"id":1450929,"url":"https:\/\/noticiasya.com\/nacional\/2024\/07\/07\/se-abren-urnas-para-segunda-vuelta-de-las-elecciones-parlamentarias-francia-trax\/","url_meta":{"origin":1450940,"position":4},"title":"Los votantes franceses acuden a las urnas para la crucial segunda vuelta de las elecciones parlamentarias anticipadas","author":"","date":"julio 7, 2024","format":false,"excerpt":"(CNN) -- Los votantes se dirigen a las urnas en toda Francia para votar en la segunda vuelta de una elecci\u00f3n anticipada convocada por el presidente Emmanuel Macron , quien corre el riesgo de perder franjas de sus aliados centristas en el parlamento y verse obligado a pasar los tres\u2026","rel":"","context":"In &quot;Noticias Nacionales&quot;","block_context":{"text":"Noticias Nacionales","link":"https:\/\/noticiasya.com\/nacional\/categoria\/noticias-nacionales"},"img":{"alt_text":"","src":"","width":0,"height":0},"classes":[]},{"id":1456309,"url":"https:\/\/noticiasya.com\/nacional\/2024\/12\/05\/macron-resiste-dimision-primer-ministro-francia-trax\/","url_meta":{"origin":1450940,"position":5},"title":"Macron resiste pedidos de dimisi\u00f3n y promete nombrar un nuevo primer ministro de Francia en unos d\u00edas","author":"","date":"diciembre 5, 2024","format":false,"excerpt":"El presidente de Francia, Emmanuel Macron, dijo que esperaba nombrar un nuevo primer ministro en los pr\u00f3ximos d\u00edas. Lo asegur\u00f3 en un combativo discurso televisado que dio este jueves y que servir\u00e1 poco para aliviar una crisis pol\u00edtica cada vez m\u00e1s profunda.Macron habl\u00f3 un d\u00eda despu\u00e9s de que el primer\u2026","rel":"","context":"In &quot;Noticias Nacionales&quot;","block_context":{"text":"Noticias Nacionales","link":"https:\/\/noticiasya.com\/nacional\/categoria\/noticias-nacionales"},"img":{"alt_text":"","src":"","width":0,"height":0},"classes":[]}],"jetpack_sharing_enabled":true,"_links":{"self":[{"href":"https:\/\/noticiasya.com\/nacional\/wp-json\/wp\/v2\/posts\/1450940","targetHints":{"allow":["GET"]}}],"collection":[{"href":"https:\/\/noticiasya.com\/nacional\/wp-json\/wp\/v2\/posts"}],"about":[{"href":"https:\/\/noticiasya.com\/nacional\/wp-json\/wp\/v2\/types\/post"}],"replies":[{"embeddable":true,"href":"https:\/\/noticiasya.com\/nacional\/wp-json\/wp\/v2\/comments?post=1450940"}],"version-history":[{"count":0,"href":"https:\/\/noticiasya.com\/nacional\/wp-json\/wp\/v2\/posts\/1450940\/revisions"}],"wp:attachment":[{"href":"https:\/\/noticiasya.com\/nacional\/wp-json\/wp\/v2\/media?parent=1450940"}],"wp:term":[{"taxonomy":"category","embeddable":true,"href":"https:\/\/noticiasya.com\/nacional\/wp-json\/wp\/v2\/categories?post=1450940"},{"taxonomy":"post_tag","embeddable":true,"href":"https:\/\/noticiasya.com\/nacional\/wp-json\/wp\/v2\/tags?post=1450940"}],"curies":[{"name":"wp","href":"https:\/\/api.w.org\/{rel}","templated":true}]}}