{"id":1451683,"date":"2024-08-08T10:03:48","date_gmt":"2024-08-08T17:03:48","guid":{"rendered":"https:\/\/noticiasya.com\/2024\/08\/08\/dispositivo-policial-encontrar-carles-puigdemont-orix\/"},"modified":"2024-08-08T10:03:48","modified_gmt":"2024-08-08T17:03:48","slug":"dispositivo-policial-encontrar-carles-puigdemont-orix","status":"publish","type":"post","link":"https:\/\/noticiasya.com\/nacional\/2024\/08\/08\/dispositivo-policial-encontrar-carles-puigdemont-orix\/","title":{"rendered":"Despliegan un dispositivo policial para encontrar a Carles Puigdemont, que se encuentra en paradero desconocido"},"content":{"rendered":"<p>(CNN Espa\u00f1ol) &#8212; El expresidente de la Generalitat de Catalu\u00f1a Carles Puigdemont ha vuelto a desaparecer del espacio p\u00fablico tras hacer una breve aparici\u00f3n en Barcelona a primera hora de la ma\u00f1ana en un acto preparado por la formaci\u00f3n que lidera, Junts per Catalunya.<\/p>\n<p>Ante la expectativa que generaba su llegada, son muchos los que est\u00e1n pendientes de su paradero, incluso las fuerzas policiales de Catalu\u00f1a, los Mossos d\u2019Esquadra, quienes han desplegado un dispositivo para encontrarlo y proceder a su detenci\u00f3n, seg\u00fan confirm\u00f3 a CNN una fuente policial. No obstante, esta fuente no facilit\u00f3 detalles de en qu\u00e9 puntos han desplegado sus agentes ni cu\u00e1ntos efectivos componen el dispositivo.<\/p>\n<p>Con su regreso a Espa\u00f1a tras casi siete a\u00f1os en B\u00e9lgica, Puigdemont pretend\u00eda este juevespresentarse al debate de investidura del socialista Salvador Illa, quien acude como candidato a la presidencia de la Generalitat de Catalu\u00f1a. Sin embargo, hasta el momento no se le ha visto acceder al Parlamento de Catalu\u00f1a para participar de esta sesi\u00f3n plenaria.<\/p>\n<p>El l\u00edder separatista exiliado de Catalu\u00f1a Carles Puigdemont llega mientras su partido separatista de l\u00ednea dura JxCAT ha programado una ceremonia de bienvenida, antes de una votaci\u00f3n de investidura en el Parlamento de Catalu\u00f1a, en Barcelona el 8 de agosto de 2024.(Cr\u00e9dito: MANAURE QUINTERO \/ AFP)<\/p>\n<p>Con su regreso se espera que se pueda producir su detenci\u00f3n, dado que la Justicia espa\u00f1ola mantiene una orden contra \u00e9l, acusado de un delito de malversaci\u00f3n de fondos por la celebraci\u00f3n del referendo independentista de 2017 que, a criterio del Tribunal Supremo, no pudo beneficiarse de la amnist\u00eda aprobada en junio dado que este incurre \u201cplenamente en las dos excepciones que prev\u00e9 la ley para amnistiar delitos de malversaci\u00f3n, que son que se hayan realizado con prop\u00f3sito de obtener un beneficio personal de car\u00e1cter patrimonial y que afecten a los intereses financieros de la Uni\u00f3n Europea\u201d.<\/p>\n<p>Ante la atenci\u00f3n que acapara el expresidente y el riesgo de que lo detengan, el diputado y presidente del grupo parlamentario de Junts per Catalunya, Albert Batet, ha denunciado en el turno de palabra de su formaci\u00f3n que \u201cno se deber\u00eda hacer todo este montaje de \u2018jaulas\u2019 por toda Catalu\u00f1a buscando al presidente Puigdemont. Se deber\u00eda facilitar que los diputados accediesen [a este pleno] para representar los derechos de la ciudadan\u00eda\u201d.<\/p>\n<p>\u201cEsperamos que antes que termine el pleno, el presidente Puigdemont pueda ejercer sus derechos como electo y como diputado de este Parlamento\u201d, a\u00f1adi\u00f3 Batet.<\/p>\n<p>The-CNN-Wire<br \/>&trade; &amp; &copy; 2024 Cable News Network, Inc., a Warner Bros. Discovery Company. All rights reserved.<\/p>\n","protected":false},"excerpt":{"rendered":"<p>(CNN Espa\u00f1ol) &#8212; El expresidente de la Generalitat de Catalu\u00f1a Carles Puigdemont ha vuelto a desaparecer del espacio p\u00fablico tras hacer una breve aparici\u00f3n en Barcelona a primera hora de la ma\u00f1ana en un acto preparado por la formaci\u00f3n que lidera, Junts per Catalunya. Ante la expectativa que generaba su llegada, son muchos los que [&hellip;]<\/p>\n","protected":false},"author":0,"featured_media":0,"comment_status":"open","ping_status":"open","sticky":false,"template":"","format":"standard","meta":{"_jetpack_memberships_contains_paid_content":false,"footnotes":""},"categories":[10],"tags":[],"class_list":["post-1451683","post","type-post","status-publish","format-standard","hentry","category-noticias-nacionales","market-global"],"yoast_head":"<!-- This site is optimized with the Yoast SEO plugin v24.4 - https:\/\/yoast.com\/wordpress\/plugins\/seo\/ -->\n<title>Despliegan un dispositivo policial para encontrar a Carles Puigdemont, que se encuentra en paradero desconocido - Noticias<\/title>\n<meta name=\"robots\" content=\"index, follow, max-snippet:-1, max-image-preview:large, max-video-preview:-1\" \/>\n<link rel=\"canonical\" href=\"https:\/\/noticiasya.com\/2024\/08\/08\/dispositivo-policial-encontrar-carles-puigdemont-orix\/\" \/>\n<meta property=\"og:locale\" content=\"es_ES\" \/>\n<meta property=\"og:type\" content=\"article\" \/>\n<meta property=\"og:title\" content=\"Despliegan un dispositivo policial para encontrar a Carles Puigdemont, que se encuentra en paradero desconocido - Noticias\" \/>\n<meta property=\"og:description\" content=\"(CNN Espa\u00f1ol) &#8212; El expresidente de la Generalitat de Catalu\u00f1a Carles Puigdemont ha vuelto a desaparecer del espacio p\u00fablico tras hacer una breve aparici\u00f3n en Barcelona a primera hora de la ma\u00f1ana en un acto preparado por la formaci\u00f3n que lidera, Junts per Catalunya. Ante la expectativa que generaba su llegada, son muchos los que [&hellip;]\" \/>\n<meta property=\"og:url\" content=\"https:\/\/noticiasya.com\/2024\/08\/08\/dispositivo-policial-encontrar-carles-puigdemont-orix\/\" \/>\n<meta property=\"og:site_name\" content=\"Noticias\" \/>\n<meta property=\"article:published_time\" content=\"2024-08-08T17:03:48+00:00\" \/>\n<meta name=\"twitter:card\" content=\"summary_large_image\" \/>\n<meta name=\"twitter:label1\" content=\"Est. reading time\" \/>\n\t<meta name=\"twitter:data1\" content=\"2 minutos\" \/>\n<script type=\"application\/ld+json\" class=\"yoast-schema-graph\">{\"@context\":\"https:\/\/schema.org\",\"@graph\":[{\"@type\":\"Article\",\"@id\":\"https:\/\/noticiasya.com\/2024\/08\/08\/dispositivo-policial-encontrar-carles-puigdemont-orix\/#article\",\"isPartOf\":{\"@id\":\"https:\/\/noticiasya.com\/2024\/08\/08\/dispositivo-policial-encontrar-carles-puigdemont-orix\/\"},\"author\":{\"name\":\"\",\"@id\":\"\"},\"headline\":\"Despliegan un dispositivo policial para encontrar a Carles Puigdemont, que se encuentra en paradero desconocido\",\"datePublished\":\"2024-08-08T17:03:48+00:00\",\"mainEntityOfPage\":{\"@id\":\"https:\/\/noticiasya.com\/2024\/08\/08\/dispositivo-policial-encontrar-carles-puigdemont-orix\/\"},\"wordCount\":472,\"commentCount\":0,\"publisher\":{\"@id\":\"https:\/\/noticiasya.com\/#organization\"},\"articleSection\":[\"Noticias Nacionales\"],\"inLanguage\":\"es\",\"potentialAction\":[{\"@type\":\"CommentAction\",\"name\":\"Comment\",\"target\":[\"https:\/\/noticiasya.com\/2024\/08\/08\/dispositivo-policial-encontrar-carles-puigdemont-orix\/#respond\"]}]},{\"@type\":\"WebPage\",\"@id\":\"https:\/\/noticiasya.com\/2024\/08\/08\/dispositivo-policial-encontrar-carles-puigdemont-orix\/\",\"url\":\"https:\/\/noticiasya.com\/2024\/08\/08\/dispositivo-policial-encontrar-carles-puigdemont-orix\/\",\"name\":\"Despliegan un dispositivo policial para encontrar a Carles Puigdemont, que se encuentra en paradero desconocido - Noticias\",\"isPartOf\":{\"@id\":\"https:\/\/noticiasya.com\/#website\"},\"datePublished\":\"2024-08-08T17:03:48+00:00\",\"breadcrumb\":{\"@id\":\"https:\/\/noticiasya.com\/2024\/08\/08\/dispositivo-policial-encontrar-carles-puigdemont-orix\/#breadcrumb\"},\"inLanguage\":\"es\",\"potentialAction\":[{\"@type\":\"ReadAction\",\"target\":[\"https:\/\/noticiasya.com\/2024\/08\/08\/dispositivo-policial-encontrar-carles-puigdemont-orix\/\"]}]},{\"@type\":\"BreadcrumbList\",\"@id\":\"https:\/\/noticiasya.com\/2024\/08\/08\/dispositivo-policial-encontrar-carles-puigdemont-orix\/#breadcrumb\",\"itemListElement\":[{\"@type\":\"ListItem\",\"position\":1,\"name\":\"Home\",\"item\":\"https:\/\/noticiasya.com\/\"},{\"@type\":\"ListItem\",\"position\":2,\"name\":\"Despliegan un dispositivo policial para encontrar a Carles Puigdemont, que se encuentra en paradero desconocido\"}]},{\"@type\":\"WebSite\",\"@id\":\"https:\/\/noticiasya.com\/#website\",\"url\":\"https:\/\/noticiasya.com\/\",\"name\":\"Noticias\",\"description\":\"Lo que importa\",\"publisher\":{\"@id\":\"https:\/\/noticiasya.com\/#organization\"},\"potentialAction\":[{\"@type\":\"SearchAction\",\"target\":{\"@type\":\"EntryPoint\",\"urlTemplate\":\"https:\/\/noticiasya.com\/?s={search_term_string}\"},\"query-input\":{\"@type\":\"PropertyValueSpecification\",\"valueRequired\":true,\"valueName\":\"search_term_string\"}}],\"inLanguage\":\"es\"},{\"@type\":\"Organization\",\"@id\":\"https:\/\/noticiasya.com\/#organization\",\"name\":\"Noticias\",\"url\":\"https:\/\/noticiasya.com\/\",\"logo\":{\"@type\":\"ImageObject\",\"inLanguage\":\"es\",\"@id\":\"https:\/\/noticiasya.com\/#\/schema\/logo\/image\/\",\"url\":\"https:\/\/noticiasya.com\/wp-content\/uploads\/sites\/22\/2023\/12\/logo-nacional.png\",\"contentUrl\":\"https:\/\/noticiasya.com\/wp-content\/uploads\/sites\/22\/2023\/12\/logo-nacional.png\",\"width\":1801,\"height\":691,\"caption\":\"Noticias\"},\"image\":{\"@id\":\"https:\/\/noticiasya.com\/#\/schema\/logo\/image\/\"}}]}<\/script>\n<!-- \/ Yoast SEO plugin. -->","yoast_head_json":{"title":"Despliegan un dispositivo policial para encontrar a Carles Puigdemont, que se encuentra en paradero desconocido - Noticias","robots":{"index":"index","follow":"follow","max-snippet":"max-snippet:-1","max-image-preview":"max-image-preview:large","max-video-preview":"max-video-preview:-1"},"canonical":"https:\/\/noticiasya.com\/2024\/08\/08\/dispositivo-policial-encontrar-carles-puigdemont-orix\/","og_locale":"es_ES","og_type":"article","og_title":"Despliegan un dispositivo policial para encontrar a Carles Puigdemont, que se encuentra en paradero desconocido - Noticias","og_description":"(CNN Espa\u00f1ol) &#8212; El expresidente de la Generalitat de Catalu\u00f1a Carles Puigdemont ha vuelto a desaparecer del espacio p\u00fablico tras hacer una breve aparici\u00f3n en Barcelona a primera hora de la ma\u00f1ana en un acto preparado por la formaci\u00f3n que lidera, Junts per Catalunya. Ante la expectativa que generaba su llegada, son muchos los que [&hellip;]","og_url":"https:\/\/noticiasya.com\/2024\/08\/08\/dispositivo-policial-encontrar-carles-puigdemont-orix\/","og_site_name":"Noticias","article_published_time":"2024-08-08T17:03:48+00:00","twitter_card":"summary_large_image","twitter_misc":{"Est. reading time":"2 minutos"},"schema":{"@context":"https:\/\/schema.org","@graph":[{"@type":"Article","@id":"https:\/\/noticiasya.com\/2024\/08\/08\/dispositivo-policial-encontrar-carles-puigdemont-orix\/#article","isPartOf":{"@id":"https:\/\/noticiasya.com\/2024\/08\/08\/dispositivo-policial-encontrar-carles-puigdemont-orix\/"},"author":{"name":"","@id":""},"headline":"Despliegan un dispositivo policial para encontrar a Carles Puigdemont, que se encuentra en paradero desconocido","datePublished":"2024-08-08T17:03:48+00:00","mainEntityOfPage":{"@id":"https:\/\/noticiasya.com\/2024\/08\/08\/dispositivo-policial-encontrar-carles-puigdemont-orix\/"},"wordCount":472,"commentCount":0,"publisher":{"@id":"https:\/\/noticiasya.com\/#organization"},"articleSection":["Noticias Nacionales"],"inLanguage":"es","potentialAction":[{"@type":"CommentAction","name":"Comment","target":["https:\/\/noticiasya.com\/2024\/08\/08\/dispositivo-policial-encontrar-carles-puigdemont-orix\/#respond"]}]},{"@type":"WebPage","@id":"https:\/\/noticiasya.com\/2024\/08\/08\/dispositivo-policial-encontrar-carles-puigdemont-orix\/","url":"https:\/\/noticiasya.com\/2024\/08\/08\/dispositivo-policial-encontrar-carles-puigdemont-orix\/","name":"Despliegan un dispositivo policial para encontrar a Carles Puigdemont, que se encuentra en paradero desconocido - Noticias","isPartOf":{"@id":"https:\/\/noticiasya.com\/#website"},"datePublished":"2024-08-08T17:03:48+00:00","breadcrumb":{"@id":"https:\/\/noticiasya.com\/2024\/08\/08\/dispositivo-policial-encontrar-carles-puigdemont-orix\/#breadcrumb"},"inLanguage":"es","potentialAction":[{"@type":"ReadAction","target":["https:\/\/noticiasya.com\/2024\/08\/08\/dispositivo-policial-encontrar-carles-puigdemont-orix\/"]}]},{"@type":"BreadcrumbList","@id":"https:\/\/noticiasya.com\/2024\/08\/08\/dispositivo-policial-encontrar-carles-puigdemont-orix\/#breadcrumb","itemListElement":[{"@type":"ListItem","position":1,"name":"Home","item":"https:\/\/noticiasya.com\/"},{"@type":"ListItem","position":2,"name":"Despliegan un dispositivo policial para encontrar a Carles Puigdemont, que se encuentra en paradero desconocido"}]},{"@type":"WebSite","@id":"https:\/\/noticiasya.com\/#website","url":"https:\/\/noticiasya.com\/","name":"Noticias","description":"Lo que importa","publisher":{"@id":"https:\/\/noticiasya.com\/#organization"},"potentialAction":[{"@type":"SearchAction","target":{"@type":"EntryPoint","urlTemplate":"https:\/\/noticiasya.com\/?s={search_term_string}"},"query-input":{"@type":"PropertyValueSpecification","valueRequired":true,"valueName":"search_term_string"}}],"inLanguage":"es"},{"@type":"Organization","@id":"https:\/\/noticiasya.com\/#organization","name":"Noticias","url":"https:\/\/noticiasya.com\/","logo":{"@type":"ImageObject","inLanguage":"es","@id":"https:\/\/noticiasya.com\/#\/schema\/logo\/image\/","url":"https:\/\/noticiasya.com\/wp-content\/uploads\/sites\/22\/2023\/12\/logo-nacional.png","contentUrl":"https:\/\/noticiasya.com\/wp-content\/uploads\/sites\/22\/2023\/12\/logo-nacional.png","width":1801,"height":691,"caption":"Noticias"},"image":{"@id":"https:\/\/noticiasya.com\/#\/schema\/logo\/image\/"}}]}},"parsely":{"version":"1.1.0","canonical_url":"https:\/\/noticiasya.com\/nacional\/2024\/08\/08\/dispositivo-policial-encontrar-carles-puigdemont-orix\/","smart_links":{"inbound":0,"outbound":0},"traffic_boost_suggestions_count":0,"meta":{"@context":"https:\/\/schema.org","@type":"NewsArticle","headline":"Despliegan un dispositivo policial para encontrar a Carles Puigdemont, que se encuentra en paradero desconocido","url":"http:\/\/noticiasya.com\/nacional\/2024\/08\/08\/dispositivo-policial-encontrar-carles-puigdemont-orix\/","mainEntityOfPage":{"@type":"WebPage","@id":"http:\/\/noticiasya.com\/nacional\/2024\/08\/08\/dispositivo-policial-encontrar-carles-puigdemont-orix\/"},"thumbnailUrl":"","image":{"@type":"ImageObject","url":""},"articleSection":"Noticias Nacionales","author":[],"creator":[],"publisher":{"@type":"Organization","name":"Noticias","logo":""},"keywords":[],"dateCreated":"2024-08-08T17:03:48Z","datePublished":"2024-08-08T17:03:48Z","dateModified":"2024-08-08T17:03:48Z"},"rendered":"<script type=\"application\/ld+json\" class=\"wp-parsely-metadata\">{\"@context\":\"https:\\\/\\\/schema.org\",\"@type\":\"NewsArticle\",\"headline\":\"Despliegan un dispositivo policial para encontrar a Carles Puigdemont, que se encuentra en paradero desconocido\",\"url\":\"http:\\\/\\\/noticiasya.com\\\/nacional\\\/2024\\\/08\\\/08\\\/dispositivo-policial-encontrar-carles-puigdemont-orix\\\/\",\"mainEntityOfPage\":{\"@type\":\"WebPage\",\"@id\":\"http:\\\/\\\/noticiasya.com\\\/nacional\\\/2024\\\/08\\\/08\\\/dispositivo-policial-encontrar-carles-puigdemont-orix\\\/\"},\"thumbnailUrl\":\"\",\"image\":{\"@type\":\"ImageObject\",\"url\":\"\"},\"articleSection\":\"Noticias Nacionales\",\"author\":[],\"creator\":[],\"publisher\":{\"@type\":\"Organization\",\"name\":\"Noticias\",\"logo\":\"\"},\"keywords\":[],\"dateCreated\":\"2024-08-08T17:03:48Z\",\"datePublished\":\"2024-08-08T17:03:48Z\",\"dateModified\":\"2024-08-08T17:03:48Z\"}<\/script>","tracker_url":"https:\/\/cdn.parsely.com\/keys\/noticiasya.com\/p.js"},"jetpack_featured_media_url":"","jetpack-related-posts":[{"id":1451682,"url":"https:\/\/noticiasya.com\/nacional\/2024\/08\/08\/detienen-agente-mossos-desquadra-escapar-carles-puigdemont-orix\/","url_meta":{"origin":1451683,"position":0},"title":"Detienen a un agente de los Mossos d\u2019Esquadra por ayudar a escapar a Carles Puigdemont","author":"","date":"agosto 8, 2024","format":false,"excerpt":"(CNN Espa\u00f1ol) -- Los Mossos d\u2019Esquadra, la polic\u00eda auton\u00f3mica de Catalu\u00f1a, han detenido a un agente de su propio cuerpo por ayudar al expresidente de la Generalitat de Catalu\u00f1a Carles Puigdemont a evitar su detenci\u00f3n tras reaparecer este jueves por la ma\u00f1ana en Barcelona, se\u00f1al\u00f3 esta fuerza de seguridad en\u2026","rel":"","context":"In &quot;Noticias Nacionales&quot;","block_context":{"text":"Noticias Nacionales","link":"https:\/\/noticiasya.com\/nacional\/categoria\/noticias-nacionales"},"img":{"alt_text":"","src":"","width":0,"height":0},"classes":[]},{"id":1449406,"url":"https:\/\/noticiasya.com\/nacional\/2024\/05\/11\/perfil-carles-puigdemont-quien-es-cargos-investigaciones-presidencia-cataluna-exterior-orix\/","url_meta":{"origin":1451683,"position":1},"title":"\u00bfQui\u00e9n es Carles Puigdemont y qu\u00e9 hizo el l\u00edder independentista que busca la presidencia de Catalu\u00f1a desde el exterior?","author":"","date":"mayo 11, 2024","format":false,"excerpt":"(CNN Espa\u00f1ol) -- Carles Puigdemont es una figura pol\u00e9mica y divisiva en la pol\u00edtica de Espa\u00f1a. De la l\u00ednea m\u00e1s independentista catalana, busca desde el exterior llegar otra vez a la presidencia de la Generalitat de Catalu\u00f1a a pesar de tener un proceso en contra por sus acciones separatistas.El regreso\u2026","rel":"","context":"In &quot;Noticias Nacionales&quot;","block_context":{"text":"Noticias Nacionales","link":"https:\/\/noticiasya.com\/nacional\/categoria\/noticias-nacionales"},"img":{"alt_text":"","src":"","width":0,"height":0},"classes":[]},{"id":1446994,"url":"https:\/\/noticiasya.com\/nacional\/2024\/03\/15\/carles-puigdemont-regresaria-a-espana-este-ano-aun-a-riesgo-de-que-lo-detengan-confirmo-su-abogado\/","url_meta":{"origin":1451683,"position":2},"title":"Carles Puigdemont regresar\u00eda a Espa\u00f1a este a\u00f1o aun a riesgo de que lo detengan, confirm\u00f3 su abogado","author":"","date":"marzo 15, 2024","format":false,"excerpt":"(CNN Espa\u00f1ol) \u2013\u2013 Carles Puigdemont, expresidente de la Generalitat de Catalu\u00f1a, estar\u00eda dispuesto a volver a Espa\u00f1a a lo largo de los pr\u00f3ximos meses aun a riesgo de ser detenido, dijo este viernes su abogado, Gonzalo Boye, en una entrevista radial concedida a la emisora RAC1.Este movimiento lo propici\u00f3 la\u2026","rel":"","context":"In &quot;Noticias Nacionales&quot;","block_context":{"text":"Noticias Nacionales","link":"https:\/\/noticiasya.com\/nacional\/categoria\/noticias-nacionales"},"img":{"alt_text":"","src":"","width":0,"height":0},"classes":[]},{"id":1447255,"url":"https:\/\/noticiasya.com\/nacional\/2024\/03\/22\/carles-puigdemont-elecciones-cataluna-parlamento-orix\/","url_meta":{"origin":1451683,"position":3},"title":"Carles Puigdemont se presentar\u00e1 a las elecciones al Parlamento de Catalu\u00f1a del 12 de mayo","author":"","date":"marzo 22, 2024","format":false,"excerpt":"(CNN Espa\u00f1ol) \u2013\u2013 El expresidente de la Generalitat de Catalu\u00f1a Carles Puigdemont anunci\u00f3 este jueves que se presentar\u00e1 a las elecciones al Parlamento de Catalu\u00f1a del pr\u00f3ximo 12 de mayo.\u201cNo solo se trata de optar a las elecciones. Se trata de proponer mi candidatura a la restituci\u00f3n de la presidencia\u2026","rel":"","context":"In &quot;Noticias Nacionales&quot;","block_context":{"text":"Noticias Nacionales","link":"https:\/\/noticiasya.com\/nacional\/categoria\/noticias-nacionales"},"img":{"alt_text":"","src":"","width":0,"height":0},"classes":[]},{"id":1449437,"url":"https:\/\/noticiasya.com\/nacional\/2024\/05\/13\/analisis-quien-podria-gobernar-cataluna-claves-que-arrojan-resultados-elecciones-parlamento-autonomico-orix\/","url_meta":{"origin":1451683,"position":4},"title":"AN\u00c1LISIS | \u00bfQui\u00e9n podr\u00eda gobernar en Catalu\u00f1a? Estas son las claves que arrojan los resultados de las elecciones al Parlamento auton\u00f3mico","author":"","date":"mayo 13, 2024","format":false,"excerpt":"(CNN Espa\u00f1ol) -- El Partido de los Socialistas de Catalu\u00f1a, asociado al Partido Socialista Obrero Espa\u00f1ol, fue la fuerza m\u00e1s votada este domingo en las elecciones parlamentarias. Con 42 esca\u00f1os, el candidato de esta formaci\u00f3n para presidir la Generalitat, Salvador Illa, parte con una posici\u00f3n aventajada para intentar hacerse con\u2026","rel":"","context":"In &quot;Noticias Nacionales&quot;","block_context":{"text":"Noticias Nacionales","link":"https:\/\/noticiasya.com\/nacional\/categoria\/noticias-nacionales"},"img":{"alt_text":"","src":"","width":0,"height":0},"classes":[]},{"id":1449421,"url":"https:\/\/noticiasya.com\/nacional\/2024\/05\/12\/partido-socialista-cataluna-vence-elecciones-parlamento-autonomico-orix\/","url_meta":{"origin":1451683,"position":5},"title":"Partido Socialista de Catalu\u00f1a vence en elecciones del Parlamento auton\u00f3mico","author":"","date":"mayo 12, 2024","format":false,"excerpt":"(CNN Espa\u00f1ol) -- El Partido Socialista de Catalu\u00f1a (PSC), liderado por Salvador Illa, ha quedado como la fuerza m\u00e1s votada en las elecciones al Parlamento de la comunidad aut\u00f3noma realizadas este domingo, seg\u00fan datos facilitados por la Generalitat de Catalunya.Con un 99,48% de los votos escrutados, el PSC logr\u00f3 sacar\u2026","rel":"","context":"In &quot;Noticias Nacionales&quot;","block_context":{"text":"Noticias Nacionales","link":"https:\/\/noticiasya.com\/nacional\/categoria\/noticias-nacionales"},"img":{"alt_text":"","src":"","width":0,"height":0},"classes":[]}],"jetpack_sharing_enabled":true,"_links":{"self":[{"href":"https:\/\/noticiasya.com\/nacional\/wp-json\/wp\/v2\/posts\/1451683","targetHints":{"allow":["GET"]}}],"collection":[{"href":"https:\/\/noticiasya.com\/nacional\/wp-json\/wp\/v2\/posts"}],"about":[{"href":"https:\/\/noticiasya.com\/nacional\/wp-json\/wp\/v2\/types\/post"}],"replies":[{"embeddable":true,"href":"https:\/\/noticiasya.com\/nacional\/wp-json\/wp\/v2\/comments?post=1451683"}],"version-history":[{"count":0,"href":"https:\/\/noticiasya.com\/nacional\/wp-json\/wp\/v2\/posts\/1451683\/revisions"}],"wp:attachment":[{"href":"https:\/\/noticiasya.com\/nacional\/wp-json\/wp\/v2\/media?parent=1451683"}],"wp:term":[{"taxonomy":"category","embeddable":true,"href":"https:\/\/noticiasya.com\/nacional\/wp-json\/wp\/v2\/categories?post=1451683"},{"taxonomy":"post_tag","embeddable":true,"href":"https:\/\/noticiasya.com\/nacional\/wp-json\/wp\/v2\/tags?post=1451683"}],"curies":[{"name":"wp","href":"https:\/\/api.w.org\/{rel}","templated":true}]}}