{"id":1459024,"date":"2025-02-21T07:03:45","date_gmt":"2025-02-21T15:03:45","guid":{"rendered":"https:\/\/noticiasya.com\/2025\/02\/21\/rory-branker-periodista-detencion-venezuela-orix\/"},"modified":"2025-02-21T07:03:45","modified_gmt":"2025-02-21T15:03:45","slug":"rory-branker-periodista-detencion-venezuela-orix","status":"publish","type":"post","link":"https:\/\/noticiasya.com\/nacional\/2025\/02\/21\/rory-branker-periodista-detencion-venezuela-orix\/","title":{"rendered":"Denuncian la detencio\u0301n del periodista Rory Branker en Venezuela"},"content":{"rendered":"<p>La Relator\u00eda Especial para la Libertad de Expresi\u00f3n de la Comisi\u00f3n Interamericana de Derechos Humanos (CIDH) y organizaciones no gubernamentales de Venezuela denunciaron el jueves la detenci\u00f3n del periodista Rory Branker en el pa\u00eds sudamericano.<\/p>\n<p>En su cuenta de X, la Relator\u00eda <a href=\"https:\/\/x.com\/RELE_CIDH\/status\/1892751421512040793\">pidi\u00f3 la liberaci\u00f3n de Branker<\/a>, periodista del medio digital La Patilla, y que se garantice su salud e integridad.<\/p>\n<p>La Patilla report\u00f3 la detenci\u00f3n el jueves. Asegur\u00f3 que Branker fue detenido por funcionarios del Servicio Bolivariano de Inteligencia (SEBIN) y que fue trasladado a la sede del Helicoide ubicada en el oeste de Caracas. Dijo que el comunicador social habi\u0301a sido amenazado y que los funcionarios habri\u0301an regresado a su residencia, de donde se habri\u0301an llevado dos computadoras port\u00e1tiles.<\/p>\n<p>CNN se comunic\u00f3 con el Ministerio de Comunicacio\u0301n e Informacio\u0301n y con la Fiscali\u0301a General de la Repu\u0301blica para obtener m\u00e1s informaci\u00f3n, pero hasta ahora no ha habido respuesta.<\/p>\n<p>El Sindicato Nacional de Trabajadores de la Prensa y el Colegio Nacional de Periodistas de Venezuela se sumaron a la denuncia sobre el caso. En sus cuentas de X, agregaron que se desconocen las razones de dicha detencio\u0301n.<\/p>\n<p>CNN esta\u0301 intentando comunicarse con la familia y con los abogados de Branker.<\/p>\n<p>The-CNN-Wire<br \/>&trade; &amp; &copy; 2025 Cable News Network, Inc., a Warner Bros. Discovery Company. All rights reserved.<\/p>\n","protected":false},"excerpt":{"rendered":"<p>La Relator\u00eda Especial para la Libertad de Expresi\u00f3n de la Comisi\u00f3n Interamericana de Derechos Humanos (CIDH) y organizaciones no gubernamentales de Venezuela denunciaron el jueves la detenci\u00f3n del periodista Rory Branker en el pa\u00eds sudamericano. En su cuenta de X, la Relator\u00eda pidi\u00f3 la liberaci\u00f3n de Branker, periodista del medio digital La Patilla, y que [&hellip;]<\/p>\n","protected":false},"author":0,"featured_media":0,"comment_status":"open","ping_status":"open","sticky":false,"template":"","format":"standard","meta":{"_jetpack_memberships_contains_paid_content":false,"footnotes":""},"categories":[10],"tags":[],"class_list":["post-1459024","post","type-post","status-publish","format-standard","hentry","category-noticias-nacionales","market-global"],"yoast_head":"<!-- This site is optimized with the Yoast SEO plugin v24.4 - https:\/\/yoast.com\/wordpress\/plugins\/seo\/ -->\n<title>Denuncian la detencio\u0301n del periodista Rory Branker en Venezuela - Noticias<\/title>\n<meta name=\"robots\" content=\"index, follow, max-snippet:-1, max-image-preview:large, max-video-preview:-1\" \/>\n<link rel=\"canonical\" href=\"https:\/\/noticiasya.com\/2025\/02\/21\/rory-branker-periodista-detencion-venezuela-orix\/\" \/>\n<meta property=\"og:locale\" content=\"es_ES\" \/>\n<meta property=\"og:type\" content=\"article\" \/>\n<meta property=\"og:title\" content=\"Denuncian la detencio\u0301n del periodista Rory Branker en Venezuela - Noticias\" \/>\n<meta property=\"og:description\" content=\"La Relator\u00eda Especial para la Libertad de Expresi\u00f3n de la Comisi\u00f3n Interamericana de Derechos Humanos (CIDH) y organizaciones no gubernamentales de Venezuela denunciaron el jueves la detenci\u00f3n del periodista Rory Branker en el pa\u00eds sudamericano. En su cuenta de X, la Relator\u00eda pidi\u00f3 la liberaci\u00f3n de Branker, periodista del medio digital La Patilla, y que [&hellip;]\" \/>\n<meta property=\"og:url\" content=\"https:\/\/noticiasya.com\/2025\/02\/21\/rory-branker-periodista-detencion-venezuela-orix\/\" \/>\n<meta property=\"og:site_name\" content=\"Noticias\" \/>\n<meta property=\"article:published_time\" content=\"2025-02-21T15:03:45+00:00\" \/>\n<meta name=\"twitter:card\" content=\"summary_large_image\" \/>\n<meta name=\"twitter:label1\" content=\"Est. reading time\" \/>\n\t<meta name=\"twitter:data1\" content=\"1 minuto\" \/>\n<script type=\"application\/ld+json\" class=\"yoast-schema-graph\">{\"@context\":\"https:\/\/schema.org\",\"@graph\":[{\"@type\":\"Article\",\"@id\":\"https:\/\/noticiasya.com\/2025\/02\/21\/rory-branker-periodista-detencion-venezuela-orix\/#article\",\"isPartOf\":{\"@id\":\"https:\/\/noticiasya.com\/2025\/02\/21\/rory-branker-periodista-detencion-venezuela-orix\/\"},\"author\":{\"name\":\"\",\"@id\":\"\"},\"headline\":\"Denuncian la detencio\u0301n del periodista Rory Branker en Venezuela\",\"datePublished\":\"2025-02-21T15:03:45+00:00\",\"mainEntityOfPage\":{\"@id\":\"https:\/\/noticiasya.com\/2025\/02\/21\/rory-branker-periodista-detencion-venezuela-orix\/\"},\"wordCount\":246,\"commentCount\":0,\"publisher\":{\"@id\":\"https:\/\/noticiasya.com\/#organization\"},\"articleSection\":[\"Noticias Nacionales\"],\"inLanguage\":\"es\",\"potentialAction\":[{\"@type\":\"CommentAction\",\"name\":\"Comment\",\"target\":[\"https:\/\/noticiasya.com\/2025\/02\/21\/rory-branker-periodista-detencion-venezuela-orix\/#respond\"]}]},{\"@type\":\"WebPage\",\"@id\":\"https:\/\/noticiasya.com\/2025\/02\/21\/rory-branker-periodista-detencion-venezuela-orix\/\",\"url\":\"https:\/\/noticiasya.com\/2025\/02\/21\/rory-branker-periodista-detencion-venezuela-orix\/\",\"name\":\"Denuncian la detencio\u0301n del periodista Rory Branker en Venezuela - Noticias\",\"isPartOf\":{\"@id\":\"https:\/\/noticiasya.com\/#website\"},\"datePublished\":\"2025-02-21T15:03:45+00:00\",\"breadcrumb\":{\"@id\":\"https:\/\/noticiasya.com\/2025\/02\/21\/rory-branker-periodista-detencion-venezuela-orix\/#breadcrumb\"},\"inLanguage\":\"es\",\"potentialAction\":[{\"@type\":\"ReadAction\",\"target\":[\"https:\/\/noticiasya.com\/2025\/02\/21\/rory-branker-periodista-detencion-venezuela-orix\/\"]}]},{\"@type\":\"BreadcrumbList\",\"@id\":\"https:\/\/noticiasya.com\/2025\/02\/21\/rory-branker-periodista-detencion-venezuela-orix\/#breadcrumb\",\"itemListElement\":[{\"@type\":\"ListItem\",\"position\":1,\"name\":\"Home\",\"item\":\"https:\/\/noticiasya.com\/\"},{\"@type\":\"ListItem\",\"position\":2,\"name\":\"Denuncian la detencio\u0301n del periodista Rory Branker en Venezuela\"}]},{\"@type\":\"WebSite\",\"@id\":\"https:\/\/noticiasya.com\/#website\",\"url\":\"https:\/\/noticiasya.com\/\",\"name\":\"Noticias\",\"description\":\"Lo que importa\",\"publisher\":{\"@id\":\"https:\/\/noticiasya.com\/#organization\"},\"potentialAction\":[{\"@type\":\"SearchAction\",\"target\":{\"@type\":\"EntryPoint\",\"urlTemplate\":\"https:\/\/noticiasya.com\/?s={search_term_string}\"},\"query-input\":{\"@type\":\"PropertyValueSpecification\",\"valueRequired\":true,\"valueName\":\"search_term_string\"}}],\"inLanguage\":\"es\"},{\"@type\":\"Organization\",\"@id\":\"https:\/\/noticiasya.com\/#organization\",\"name\":\"Noticias\",\"url\":\"https:\/\/noticiasya.com\/\",\"logo\":{\"@type\":\"ImageObject\",\"inLanguage\":\"es\",\"@id\":\"https:\/\/noticiasya.com\/#\/schema\/logo\/image\/\",\"url\":\"https:\/\/noticiasya.com\/wp-content\/uploads\/sites\/22\/2023\/12\/logo-nacional.png\",\"contentUrl\":\"https:\/\/noticiasya.com\/wp-content\/uploads\/sites\/22\/2023\/12\/logo-nacional.png\",\"width\":1801,\"height\":691,\"caption\":\"Noticias\"},\"image\":{\"@id\":\"https:\/\/noticiasya.com\/#\/schema\/logo\/image\/\"}}]}<\/script>\n<!-- \/ Yoast SEO plugin. -->","yoast_head_json":{"title":"Denuncian la detencio\u0301n del periodista Rory Branker en Venezuela - Noticias","robots":{"index":"index","follow":"follow","max-snippet":"max-snippet:-1","max-image-preview":"max-image-preview:large","max-video-preview":"max-video-preview:-1"},"canonical":"https:\/\/noticiasya.com\/2025\/02\/21\/rory-branker-periodista-detencion-venezuela-orix\/","og_locale":"es_ES","og_type":"article","og_title":"Denuncian la detencio\u0301n del periodista Rory Branker en Venezuela - Noticias","og_description":"La Relator\u00eda Especial para la Libertad de Expresi\u00f3n de la Comisi\u00f3n Interamericana de Derechos Humanos (CIDH) y organizaciones no gubernamentales de Venezuela denunciaron el jueves la detenci\u00f3n del periodista Rory Branker en el pa\u00eds sudamericano. En su cuenta de X, la Relator\u00eda pidi\u00f3 la liberaci\u00f3n de Branker, periodista del medio digital La Patilla, y que [&hellip;]","og_url":"https:\/\/noticiasya.com\/2025\/02\/21\/rory-branker-periodista-detencion-venezuela-orix\/","og_site_name":"Noticias","article_published_time":"2025-02-21T15:03:45+00:00","twitter_card":"summary_large_image","twitter_misc":{"Est. reading time":"1 minuto"},"schema":{"@context":"https:\/\/schema.org","@graph":[{"@type":"Article","@id":"https:\/\/noticiasya.com\/2025\/02\/21\/rory-branker-periodista-detencion-venezuela-orix\/#article","isPartOf":{"@id":"https:\/\/noticiasya.com\/2025\/02\/21\/rory-branker-periodista-detencion-venezuela-orix\/"},"author":{"name":"","@id":""},"headline":"Denuncian la detencio\u0301n del periodista Rory Branker en Venezuela","datePublished":"2025-02-21T15:03:45+00:00","mainEntityOfPage":{"@id":"https:\/\/noticiasya.com\/2025\/02\/21\/rory-branker-periodista-detencion-venezuela-orix\/"},"wordCount":246,"commentCount":0,"publisher":{"@id":"https:\/\/noticiasya.com\/#organization"},"articleSection":["Noticias Nacionales"],"inLanguage":"es","potentialAction":[{"@type":"CommentAction","name":"Comment","target":["https:\/\/noticiasya.com\/2025\/02\/21\/rory-branker-periodista-detencion-venezuela-orix\/#respond"]}]},{"@type":"WebPage","@id":"https:\/\/noticiasya.com\/2025\/02\/21\/rory-branker-periodista-detencion-venezuela-orix\/","url":"https:\/\/noticiasya.com\/2025\/02\/21\/rory-branker-periodista-detencion-venezuela-orix\/","name":"Denuncian la detencio\u0301n del periodista Rory Branker en Venezuela - Noticias","isPartOf":{"@id":"https:\/\/noticiasya.com\/#website"},"datePublished":"2025-02-21T15:03:45+00:00","breadcrumb":{"@id":"https:\/\/noticiasya.com\/2025\/02\/21\/rory-branker-periodista-detencion-venezuela-orix\/#breadcrumb"},"inLanguage":"es","potentialAction":[{"@type":"ReadAction","target":["https:\/\/noticiasya.com\/2025\/02\/21\/rory-branker-periodista-detencion-venezuela-orix\/"]}]},{"@type":"BreadcrumbList","@id":"https:\/\/noticiasya.com\/2025\/02\/21\/rory-branker-periodista-detencion-venezuela-orix\/#breadcrumb","itemListElement":[{"@type":"ListItem","position":1,"name":"Home","item":"https:\/\/noticiasya.com\/"},{"@type":"ListItem","position":2,"name":"Denuncian la detencio\u0301n del periodista Rory Branker en Venezuela"}]},{"@type":"WebSite","@id":"https:\/\/noticiasya.com\/#website","url":"https:\/\/noticiasya.com\/","name":"Noticias","description":"Lo que importa","publisher":{"@id":"https:\/\/noticiasya.com\/#organization"},"potentialAction":[{"@type":"SearchAction","target":{"@type":"EntryPoint","urlTemplate":"https:\/\/noticiasya.com\/?s={search_term_string}"},"query-input":{"@type":"PropertyValueSpecification","valueRequired":true,"valueName":"search_term_string"}}],"inLanguage":"es"},{"@type":"Organization","@id":"https:\/\/noticiasya.com\/#organization","name":"Noticias","url":"https:\/\/noticiasya.com\/","logo":{"@type":"ImageObject","inLanguage":"es","@id":"https:\/\/noticiasya.com\/#\/schema\/logo\/image\/","url":"https:\/\/noticiasya.com\/wp-content\/uploads\/sites\/22\/2023\/12\/logo-nacional.png","contentUrl":"https:\/\/noticiasya.com\/wp-content\/uploads\/sites\/22\/2023\/12\/logo-nacional.png","width":1801,"height":691,"caption":"Noticias"},"image":{"@id":"https:\/\/noticiasya.com\/#\/schema\/logo\/image\/"}}]}},"parsely":{"version":"1.1.0","canonical_url":"https:\/\/noticiasya.com\/nacional\/2025\/02\/21\/rory-branker-periodista-detencion-venezuela-orix\/","smart_links":{"inbound":0,"outbound":0},"traffic_boost_suggestions_count":0,"meta":{"@context":"https:\/\/schema.org","@type":"NewsArticle","headline":"Denuncian la detencio\u0301n del periodista Rory Branker en Venezuela","url":"http:\/\/noticiasya.com\/nacional\/2025\/02\/21\/rory-branker-periodista-detencion-venezuela-orix\/","mainEntityOfPage":{"@type":"WebPage","@id":"http:\/\/noticiasya.com\/nacional\/2025\/02\/21\/rory-branker-periodista-detencion-venezuela-orix\/"},"thumbnailUrl":"","image":{"@type":"ImageObject","url":""},"articleSection":"Noticias Nacionales","author":[],"creator":[],"publisher":{"@type":"Organization","name":"Noticias","logo":""},"keywords":[],"dateCreated":"2025-02-21T15:03:45Z","datePublished":"2025-02-21T15:03:45Z","dateModified":"2025-02-21T15:03:45Z"},"rendered":"<script type=\"application\/ld+json\" class=\"wp-parsely-metadata\">{\"@context\":\"https:\\\/\\\/schema.org\",\"@type\":\"NewsArticle\",\"headline\":\"Denuncian la detencio\\u0301n del periodista Rory Branker en Venezuela\",\"url\":\"http:\\\/\\\/noticiasya.com\\\/nacional\\\/2025\\\/02\\\/21\\\/rory-branker-periodista-detencion-venezuela-orix\\\/\",\"mainEntityOfPage\":{\"@type\":\"WebPage\",\"@id\":\"http:\\\/\\\/noticiasya.com\\\/nacional\\\/2025\\\/02\\\/21\\\/rory-branker-periodista-detencion-venezuela-orix\\\/\"},\"thumbnailUrl\":\"\",\"image\":{\"@type\":\"ImageObject\",\"url\":\"\"},\"articleSection\":\"Noticias Nacionales\",\"author\":[],\"creator\":[],\"publisher\":{\"@type\":\"Organization\",\"name\":\"Noticias\",\"logo\":\"\"},\"keywords\":[],\"dateCreated\":\"2025-02-21T15:03:45Z\",\"datePublished\":\"2025-02-21T15:03:45Z\",\"dateModified\":\"2025-02-21T15:03:45Z\"}<\/script>","tracker_url":"https:\/\/cdn.parsely.com\/keys\/noticiasya.com\/p.js"},"jetpack_featured_media_url":"","jetpack-related-posts":[{"id":1459310,"url":"https:\/\/noticiasya.com\/nacional\/2025\/02\/27\/periodista-venezolano-rory-branker-paradero-detencion-orix\/","url_meta":{"origin":1459024,"position":0},"title":"Familiares del periodista venezolano Rory Branker dicen que desconocen su paradero a una semana de su detenci\u00f3n","author":"","date":"febrero 27, 2025","format":false,"excerpt":"Cheryl Ann Branker, la madre del periodista venezolano Rory Branker, asegur\u00f3 que en una semana no ha podido comunicarse con su hijo y que hasta el momento desconoce el paradero del comunicador que trabaja para el portal digital LaPatilla.com.\u201cYo quisiera saber d\u00f3nde est\u00e1 mi hijo Rory Daniel Branker porque tengo\u2026","rel":"","context":"In &quot;Noticias Nacionales&quot;","block_context":{"text":"Noticias Nacionales","link":"https:\/\/noticiasya.com\/nacional\/categoria\/noticias-nacionales"},"img":{"alt_text":"","src":"","width":0,"height":0},"classes":[]},{"id":1452144,"url":"https:\/\/noticiasya.com\/nacional\/2024\/08\/25\/gremio-de-trabajadores-de-la-prensa-de-venezuela-denuncia-detencion-de-la-periodista-carmela-longo\/","url_meta":{"origin":1459024,"position":1},"title":"Gremio de trabajadores de la Prensa de Venezuela denuncia detenci\u00f3n de la periodista Carmela Longo","author":"","date":"agosto 25, 2024","format":false,"excerpt":"(CNN Espa\u00f1ol) \u2013\u2013 El Sindicato Nacional de Trabajadores de la Prensa de Venezuela (SNTP) denunci\u00f3 este domingo la detenci\u00f3n de la periodista Carmela Longo luego de que oficiales de la Polic\u00eda Nacional Bolivariana allanaran su domicilio en Caracas.Longo, seg\u00fan el reporte del Sindicato, fue detenida junto con su hijo, sin\u2026","rel":"","context":"In &quot;Noticias Nacionales&quot;","block_context":{"text":"Noticias Nacionales","link":"https:\/\/noticiasya.com\/nacional\/categoria\/noticias-nacionales"},"img":{"alt_text":"","src":"","width":0,"height":0},"classes":[]},{"id":1450636,"url":"https:\/\/noticiasya.com\/nacional\/2024\/06\/23\/detencion-periodista-venezolana-charito-rojas-acusaciones-estafa-orix\/","url_meta":{"origin":1459024,"position":2},"title":"Solicitan detenci\u00f3n de la periodista venezolana &#171;Charito&#187; Rojas por acusaciones de estafa","author":"","date":"junio 23, 2024","format":false,"excerpt":"(CNN Espa\u00f1ol) -- La Fiscal\u00eda General de Venezuela solicit\u00f3 a un tribunal que emita orden de aprehensi\u00f3n para la periodista Mar\u00eda del Rosario \u201cCharito\u201d Rojas, inform\u00f3 a CNN una fuente con conocimiento del caso.El Ministerio P\u00fablico no se ha pronunciado oficialmente, pero la fuente consultada le dijo a CNN que\u2026","rel":"","context":"In &quot;Noticias Nacionales&quot;","block_context":{"text":"Noticias Nacionales","link":"https:\/\/noticiasya.com\/nacional\/categoria\/noticias-nacionales"},"img":{"alt_text":"","src":"","width":0,"height":0},"classes":[]},{"id":1455774,"url":"https:\/\/noticiasya.com\/nacional\/2024\/11\/12\/audiencia-periodista-ana-carolina-guaita-venezuela-orix\/","url_meta":{"origin":1459024,"position":3},"title":"Colegio Nacional de Periodistas condena pase a juicio de Ana Carolina Guaita, reportera digital acusada de terrorismo e instigaci\u00f3n al odio","author":"","date":"noviembre 12, 2024","format":false,"excerpt":"(CNN Espa\u00f1ol) -- El Colegio Nacional de Periodistas (CNP) inform\u00f3 en sus redes sociales que este lunes concluy\u00f3 la audiencia de la periodista del medio digital La patilla.com, Ana Carolina Guaita, en la que se determin\u00f3 que pasar\u00e1 a juicio acusado de instigaci\u00f3n al odio, terrorismo y obstrucci\u00f3n de la\u2026","rel":"","context":"In &quot;Noticias Nacionales&quot;","block_context":{"text":"Noticias Nacionales","link":"https:\/\/noticiasya.com\/nacional\/categoria\/noticias-nacionales"},"img":{"alt_text":"","src":"","width":0,"height":0},"classes":[]},{"id":1463611,"url":"https:\/\/noticiasya.com\/nacional\/2025\/06\/16\/ice-orden-detencion-migratoria-periodista-salvadoreno-mario-guevara-orix\/","url_meta":{"origin":1459024,"position":4},"title":"ICE emite orden de detenci\u00f3n migratoria contra periodista salvadore\u00f1o Mario Guevara, arrestado durante protestas en Atlanta","author":"","date":"junio 16, 2025","format":false,"excerpt":"Las autoridades federales de inmigraci\u00f3n de Estados Unidos emitieron una orden de detenci\u00f3n migratoria contra el periodista salvadore\u00f1o Mario Guevara, popular en redes sociales desde hace varios a\u00f1os por documentar redadas migratorias y quien fue detenido el fin de semana durante una protesta en la ciudad de Doraville, en el\u2026","rel":"","context":"In &quot;Noticias Nacionales&quot;","block_context":{"text":"Noticias Nacionales","link":"https:\/\/noticiasya.com\/nacional\/categoria\/noticias-nacionales"},"img":{"alt_text":"","src":"","width":0,"height":0},"classes":[]},{"id":1468289,"url":"https:\/\/noticiasya.com\/nacional\/2025\/11\/13\/periodista-britanico-sami-hamdi-regresa-ice-trax\/","url_meta":{"origin":1459024,"position":5},"title":"El periodista brit\u00e1nico Sami Hamdi regresa a casa tras m\u00e1s de dos semanas detenido por ICE en EE.UU.","author":"","date":"noviembre 13, 2025","format":false,"excerpt":"El periodista brit\u00e1nico Sami Hamdi, que estuvo detenido por agentes de inmigraci\u00f3n estadounidenses durante m\u00e1s de dos semanas, regresar\u00e1 al Reino Unido este jueves, seg\u00fan informaron Hamdi y su equipo legal en un comunicado.El periodista y comentarista, residente en Londres, fue detenido por el Servicio de Inmigraci\u00f3n y Control de\u2026","rel":"","context":"In &quot;Noticias Nacionales&quot;","block_context":{"text":"Noticias Nacionales","link":"https:\/\/noticiasya.com\/nacional\/categoria\/noticias-nacionales"},"img":{"alt_text":"","src":"","width":0,"height":0},"classes":[]}],"jetpack_sharing_enabled":true,"_links":{"self":[{"href":"https:\/\/noticiasya.com\/nacional\/wp-json\/wp\/v2\/posts\/1459024","targetHints":{"allow":["GET"]}}],"collection":[{"href":"https:\/\/noticiasya.com\/nacional\/wp-json\/wp\/v2\/posts"}],"about":[{"href":"https:\/\/noticiasya.com\/nacional\/wp-json\/wp\/v2\/types\/post"}],"replies":[{"embeddable":true,"href":"https:\/\/noticiasya.com\/nacional\/wp-json\/wp\/v2\/comments?post=1459024"}],"version-history":[{"count":0,"href":"https:\/\/noticiasya.com\/nacional\/wp-json\/wp\/v2\/posts\/1459024\/revisions"}],"wp:attachment":[{"href":"https:\/\/noticiasya.com\/nacional\/wp-json\/wp\/v2\/media?parent=1459024"}],"wp:term":[{"taxonomy":"category","embeddable":true,"href":"https:\/\/noticiasya.com\/nacional\/wp-json\/wp\/v2\/categories?post=1459024"},{"taxonomy":"post_tag","embeddable":true,"href":"https:\/\/noticiasya.com\/nacional\/wp-json\/wp\/v2\/tags?post=1459024"}],"curies":[{"name":"wp","href":"https:\/\/api.w.org\/{rel}","templated":true}]}}