{"id":1473485,"date":"2026-04-24T18:03:53","date_gmt":"2026-04-25T01:03:53","guid":{"rendered":"https:\/\/noticiasya.com\/2026\/04\/24\/carlos-alcaraz-baja-roland-garros-lesion-orix\/"},"modified":"2026-04-24T18:03:53","modified_gmt":"2026-04-25T01:03:53","slug":"carlos-alcaraz-baja-roland-garros-lesion-orix","status":"publish","type":"post","link":"https:\/\/noticiasya.com\/nacional\/2026\/04\/24\/carlos-alcaraz-baja-roland-garros-lesion-orix\/","title":{"rendered":"Carlos Alcaraz se baja de Roland Garros por lesi\u00f3n. \u00bfCu\u00e1ndo regresa a las canchas?"},"content":{"rendered":"<p>El mundo del tenis recibi\u00f3 un golpe inesperado despu\u00e9s de que Carlos Alcaraz anunci\u00f3 que no estar\u00e1 en Roland Garros.<\/p>\n<p>El propio tenista espa\u00f1ol confirm\u00f3 la noticia a trav\u00e9s de sus redes sociales, lo que encendi\u00f3 las alarmas entre los aficionados del deporte blanco, no solo por la magnitud del torneo, sino por lo que implica este momento de la temporada.<\/p>\n<p>La lesi\u00f3n del murciano, localizada en la mu\u00f1eca, a\u00fan no ha sido completamente diagnosticada, lo que a\u00f1ade incertidumbre a su recuperaci\u00f3n. Este factor es clave, ya que, sin un parte m\u00e9dico definitivo, cualquier estimaci\u00f3n sobre su regreso resulta meramente especulativa. En el tenis, las lesiones de mu\u00f1eca pueden variar desde molestias leves hasta problemas que requieren meses de rehabilitaci\u00f3n.<\/p>\n<p>Para dimensionar el panorama, es inevitable mirar antecedentes. Rafael Nadal sufri\u00f3 en 2014 una lesi\u00f3n similar en la mu\u00f1eca derecha mientras entrenaba. En su caso, se trat\u00f3 de una desinserci\u00f3n parcial de la vaina del tend\u00f3n cubital posterior, una dolencia que, aunque delicada, no requiri\u00f3 cirug\u00eda. Ese precedente abre una ventana de optimismo, siempre y cuando la situaci\u00f3n de Alcaraz no sea m\u00e1s grave de lo esperado.<\/p>\n<p>En t\u00e9rminos deportivos, la baja representa un impacto considerable. Alcaraz no solo se perder\u00e1 dos torneos clave como el Masters de Roma y Roland Garros, sino que adem\u00e1s dejar\u00e1 escapar alrededor de 3.000 puntos en el ranking ATP, una cifra que podr\u00eda afectar seriamente su posici\u00f3n.<\/p>\n<p>Actualmente,<a href=\"https:\/\/www.atptour.com\/en\/rankings\/singles\"> ubicado como n\u00famero dos del mundo<\/a>, el espa\u00f1ol ve c\u00f3mo su principal rival, Jannik Sinner, tendr\u00e1 la oportunidad de ampliar la distancia en la cima del ranking.<\/p>\n<p>Adem\u00e1s, la preocupaci\u00f3n no termina en Par\u00eds. Wimbledon se disputa apenas unas semanas despu\u00e9s de Roland Garros, lo que deja en duda la presencia del espa\u00f1ol en el tercer Grand Slam del a\u00f1o. Si la recuperaci\u00f3n se extiende m\u00e1s de lo previsto, el calendario podr\u00eda complicarse a\u00fan m\u00e1s para uno de los jugadores m\u00e1s dominantes de la nueva generaci\u00f3n.<\/p>\n<p>La ausencia de Alcaraz tambi\u00e9n modifica el panorama competitivo en Roland Garros. Sin el vigente campe\u00f3n, el torneo pierde a una de sus m\u00e1ximas figuras. Por ahora, el enfoque del equipo del espa\u00f1ol es claro: priorizar la salud para que vuelva en plenitud de condiciones.<\/p>\n<p>En un deporte tan exigente como el tenis, apresurar una recuperaci\u00f3n puede traer consecuencias mayores. Alcaraz, con apenas 22 a\u00f1os, tiene todav\u00eda una larga carrera por delante y cada decisi\u00f3n cuenta.<\/p>\n<p>El tiempo ser\u00e1 el \u00fanico que d\u00e9 respuestas. Mientras tanto, el tenis se queda sin una de sus principales estrellas en uno de los escenarios m\u00e1s importantes del circuito, a la espera de que el joven talento espa\u00f1ol pueda regresar m\u00e1s fuerte y recuperar el terreno perdido.<\/p>\n<p>The-CNN-Wire<br \/>&trade; &amp; &copy; 2026 Cable News Network, Inc., a Warner Bros. Discovery Company. All rights reserved.<\/p>\n","protected":false},"excerpt":{"rendered":"<p>El mundo del tenis recibi\u00f3 un golpe inesperado despu\u00e9s de que Carlos Alcaraz anunci\u00f3 que no estar\u00e1 en Roland Garros. El propio tenista espa\u00f1ol confirm\u00f3 la noticia a trav\u00e9s de sus redes sociales, lo que encendi\u00f3 las alarmas entre los aficionados del deporte blanco, no solo por la magnitud del torneo, sino por lo que [&hellip;]<\/p>\n","protected":false},"author":0,"featured_media":0,"comment_status":"open","ping_status":"open","sticky":false,"template":"","format":"standard","meta":{"_jetpack_memberships_contains_paid_content":false,"footnotes":""},"categories":[10],"tags":[],"class_list":["post-1473485","post","type-post","status-publish","format-standard","hentry","category-noticias-nacionales","market-global"],"yoast_head":"<!-- This site is optimized with the Yoast SEO plugin v24.4 - https:\/\/yoast.com\/wordpress\/plugins\/seo\/ -->\n<title>Carlos Alcaraz se baja de Roland Garros por lesi\u00f3n. \u00bfCu\u00e1ndo regresa a las canchas? - Noticias<\/title>\n<meta name=\"robots\" content=\"index, follow, max-snippet:-1, max-image-preview:large, max-video-preview:-1\" \/>\n<link rel=\"canonical\" href=\"https:\/\/noticiasya.com\/2026\/04\/24\/carlos-alcaraz-baja-roland-garros-lesion-orix\/\" \/>\n<meta property=\"og:locale\" content=\"es_ES\" \/>\n<meta property=\"og:type\" content=\"article\" \/>\n<meta property=\"og:title\" content=\"Carlos Alcaraz se baja de Roland Garros por lesi\u00f3n. \u00bfCu\u00e1ndo regresa a las canchas? - Noticias\" \/>\n<meta property=\"og:description\" content=\"El mundo del tenis recibi\u00f3 un golpe inesperado despu\u00e9s de que Carlos Alcaraz anunci\u00f3 que no estar\u00e1 en Roland Garros. El propio tenista espa\u00f1ol confirm\u00f3 la noticia a trav\u00e9s de sus redes sociales, lo que encendi\u00f3 las alarmas entre los aficionados del deporte blanco, no solo por la magnitud del torneo, sino por lo que [&hellip;]\" \/>\n<meta property=\"og:url\" content=\"https:\/\/noticiasya.com\/2026\/04\/24\/carlos-alcaraz-baja-roland-garros-lesion-orix\/\" \/>\n<meta property=\"og:site_name\" content=\"Noticias\" \/>\n<meta property=\"article:published_time\" content=\"2026-04-25T01:03:53+00:00\" \/>\n<meta name=\"twitter:card\" content=\"summary_large_image\" \/>\n<meta name=\"twitter:label1\" content=\"Est. reading time\" \/>\n\t<meta name=\"twitter:data1\" content=\"3 minutos\" \/>\n<script type=\"application\/ld+json\" class=\"yoast-schema-graph\">{\"@context\":\"https:\/\/schema.org\",\"@graph\":[{\"@type\":\"Article\",\"@id\":\"https:\/\/noticiasya.com\/2026\/04\/24\/carlos-alcaraz-baja-roland-garros-lesion-orix\/#article\",\"isPartOf\":{\"@id\":\"https:\/\/noticiasya.com\/2026\/04\/24\/carlos-alcaraz-baja-roland-garros-lesion-orix\/\"},\"author\":{\"name\":\"\",\"@id\":\"\"},\"headline\":\"Carlos Alcaraz se baja de Roland Garros por lesi\u00f3n. \u00bfCu\u00e1ndo regresa a las canchas?\",\"datePublished\":\"2026-04-25T01:03:53+00:00\",\"mainEntityOfPage\":{\"@id\":\"https:\/\/noticiasya.com\/2026\/04\/24\/carlos-alcaraz-baja-roland-garros-lesion-orix\/\"},\"wordCount\":522,\"commentCount\":0,\"publisher\":{\"@id\":\"https:\/\/noticiasya.com\/#organization\"},\"articleSection\":[\"Noticias Nacionales\"],\"inLanguage\":\"es\",\"potentialAction\":[{\"@type\":\"CommentAction\",\"name\":\"Comment\",\"target\":[\"https:\/\/noticiasya.com\/2026\/04\/24\/carlos-alcaraz-baja-roland-garros-lesion-orix\/#respond\"]}]},{\"@type\":\"WebPage\",\"@id\":\"https:\/\/noticiasya.com\/2026\/04\/24\/carlos-alcaraz-baja-roland-garros-lesion-orix\/\",\"url\":\"https:\/\/noticiasya.com\/2026\/04\/24\/carlos-alcaraz-baja-roland-garros-lesion-orix\/\",\"name\":\"Carlos Alcaraz se baja de Roland Garros por lesi\u00f3n. \u00bfCu\u00e1ndo regresa a las canchas? - Noticias\",\"isPartOf\":{\"@id\":\"https:\/\/noticiasya.com\/#website\"},\"datePublished\":\"2026-04-25T01:03:53+00:00\",\"breadcrumb\":{\"@id\":\"https:\/\/noticiasya.com\/2026\/04\/24\/carlos-alcaraz-baja-roland-garros-lesion-orix\/#breadcrumb\"},\"inLanguage\":\"es\",\"potentialAction\":[{\"@type\":\"ReadAction\",\"target\":[\"https:\/\/noticiasya.com\/2026\/04\/24\/carlos-alcaraz-baja-roland-garros-lesion-orix\/\"]}]},{\"@type\":\"BreadcrumbList\",\"@id\":\"https:\/\/noticiasya.com\/2026\/04\/24\/carlos-alcaraz-baja-roland-garros-lesion-orix\/#breadcrumb\",\"itemListElement\":[{\"@type\":\"ListItem\",\"position\":1,\"name\":\"Home\",\"item\":\"https:\/\/noticiasya.com\/\"},{\"@type\":\"ListItem\",\"position\":2,\"name\":\"Carlos Alcaraz se baja de Roland Garros por lesi\u00f3n. \u00bfCu\u00e1ndo regresa a las canchas?\"}]},{\"@type\":\"WebSite\",\"@id\":\"https:\/\/noticiasya.com\/#website\",\"url\":\"https:\/\/noticiasya.com\/\",\"name\":\"Noticias\",\"description\":\"Lo que importa\",\"publisher\":{\"@id\":\"https:\/\/noticiasya.com\/#organization\"},\"potentialAction\":[{\"@type\":\"SearchAction\",\"target\":{\"@type\":\"EntryPoint\",\"urlTemplate\":\"https:\/\/noticiasya.com\/?s={search_term_string}\"},\"query-input\":{\"@type\":\"PropertyValueSpecification\",\"valueRequired\":true,\"valueName\":\"search_term_string\"}}],\"inLanguage\":\"es\"},{\"@type\":\"Organization\",\"@id\":\"https:\/\/noticiasya.com\/#organization\",\"name\":\"Noticias\",\"url\":\"https:\/\/noticiasya.com\/\",\"logo\":{\"@type\":\"ImageObject\",\"inLanguage\":\"es\",\"@id\":\"https:\/\/noticiasya.com\/#\/schema\/logo\/image\/\",\"url\":\"https:\/\/noticiasya.com\/wp-content\/uploads\/sites\/22\/2023\/12\/logo-nacional.png\",\"contentUrl\":\"https:\/\/noticiasya.com\/wp-content\/uploads\/sites\/22\/2023\/12\/logo-nacional.png\",\"width\":1801,\"height\":691,\"caption\":\"Noticias\"},\"image\":{\"@id\":\"https:\/\/noticiasya.com\/#\/schema\/logo\/image\/\"}}]}<\/script>\n<!-- \/ Yoast SEO plugin. -->","yoast_head_json":{"title":"Carlos Alcaraz se baja de Roland Garros por lesi\u00f3n. \u00bfCu\u00e1ndo regresa a las canchas? - Noticias","robots":{"index":"index","follow":"follow","max-snippet":"max-snippet:-1","max-image-preview":"max-image-preview:large","max-video-preview":"max-video-preview:-1"},"canonical":"https:\/\/noticiasya.com\/2026\/04\/24\/carlos-alcaraz-baja-roland-garros-lesion-orix\/","og_locale":"es_ES","og_type":"article","og_title":"Carlos Alcaraz se baja de Roland Garros por lesi\u00f3n. \u00bfCu\u00e1ndo regresa a las canchas? - Noticias","og_description":"El mundo del tenis recibi\u00f3 un golpe inesperado despu\u00e9s de que Carlos Alcaraz anunci\u00f3 que no estar\u00e1 en Roland Garros. El propio tenista espa\u00f1ol confirm\u00f3 la noticia a trav\u00e9s de sus redes sociales, lo que encendi\u00f3 las alarmas entre los aficionados del deporte blanco, no solo por la magnitud del torneo, sino por lo que [&hellip;]","og_url":"https:\/\/noticiasya.com\/2026\/04\/24\/carlos-alcaraz-baja-roland-garros-lesion-orix\/","og_site_name":"Noticias","article_published_time":"2026-04-25T01:03:53+00:00","twitter_card":"summary_large_image","twitter_misc":{"Est. reading time":"3 minutos"},"schema":{"@context":"https:\/\/schema.org","@graph":[{"@type":"Article","@id":"https:\/\/noticiasya.com\/2026\/04\/24\/carlos-alcaraz-baja-roland-garros-lesion-orix\/#article","isPartOf":{"@id":"https:\/\/noticiasya.com\/2026\/04\/24\/carlos-alcaraz-baja-roland-garros-lesion-orix\/"},"author":{"name":"","@id":""},"headline":"Carlos Alcaraz se baja de Roland Garros por lesi\u00f3n. \u00bfCu\u00e1ndo regresa a las canchas?","datePublished":"2026-04-25T01:03:53+00:00","mainEntityOfPage":{"@id":"https:\/\/noticiasya.com\/2026\/04\/24\/carlos-alcaraz-baja-roland-garros-lesion-orix\/"},"wordCount":522,"commentCount":0,"publisher":{"@id":"https:\/\/noticiasya.com\/#organization"},"articleSection":["Noticias Nacionales"],"inLanguage":"es","potentialAction":[{"@type":"CommentAction","name":"Comment","target":["https:\/\/noticiasya.com\/2026\/04\/24\/carlos-alcaraz-baja-roland-garros-lesion-orix\/#respond"]}]},{"@type":"WebPage","@id":"https:\/\/noticiasya.com\/2026\/04\/24\/carlos-alcaraz-baja-roland-garros-lesion-orix\/","url":"https:\/\/noticiasya.com\/2026\/04\/24\/carlos-alcaraz-baja-roland-garros-lesion-orix\/","name":"Carlos Alcaraz se baja de Roland Garros por lesi\u00f3n. \u00bfCu\u00e1ndo regresa a las canchas? - Noticias","isPartOf":{"@id":"https:\/\/noticiasya.com\/#website"},"datePublished":"2026-04-25T01:03:53+00:00","breadcrumb":{"@id":"https:\/\/noticiasya.com\/2026\/04\/24\/carlos-alcaraz-baja-roland-garros-lesion-orix\/#breadcrumb"},"inLanguage":"es","potentialAction":[{"@type":"ReadAction","target":["https:\/\/noticiasya.com\/2026\/04\/24\/carlos-alcaraz-baja-roland-garros-lesion-orix\/"]}]},{"@type":"BreadcrumbList","@id":"https:\/\/noticiasya.com\/2026\/04\/24\/carlos-alcaraz-baja-roland-garros-lesion-orix\/#breadcrumb","itemListElement":[{"@type":"ListItem","position":1,"name":"Home","item":"https:\/\/noticiasya.com\/"},{"@type":"ListItem","position":2,"name":"Carlos Alcaraz se baja de Roland Garros por lesi\u00f3n. \u00bfCu\u00e1ndo regresa a las canchas?"}]},{"@type":"WebSite","@id":"https:\/\/noticiasya.com\/#website","url":"https:\/\/noticiasya.com\/","name":"Noticias","description":"Lo que importa","publisher":{"@id":"https:\/\/noticiasya.com\/#organization"},"potentialAction":[{"@type":"SearchAction","target":{"@type":"EntryPoint","urlTemplate":"https:\/\/noticiasya.com\/?s={search_term_string}"},"query-input":{"@type":"PropertyValueSpecification","valueRequired":true,"valueName":"search_term_string"}}],"inLanguage":"es"},{"@type":"Organization","@id":"https:\/\/noticiasya.com\/#organization","name":"Noticias","url":"https:\/\/noticiasya.com\/","logo":{"@type":"ImageObject","inLanguage":"es","@id":"https:\/\/noticiasya.com\/#\/schema\/logo\/image\/","url":"https:\/\/noticiasya.com\/wp-content\/uploads\/sites\/22\/2023\/12\/logo-nacional.png","contentUrl":"https:\/\/noticiasya.com\/wp-content\/uploads\/sites\/22\/2023\/12\/logo-nacional.png","width":1801,"height":691,"caption":"Noticias"},"image":{"@id":"https:\/\/noticiasya.com\/#\/schema\/logo\/image\/"}}]}},"parsely":{"version":"1.1.0","canonical_url":"https:\/\/noticiasya.com\/nacional\/2026\/04\/24\/carlos-alcaraz-baja-roland-garros-lesion-orix\/","smart_links":{"inbound":0,"outbound":0},"traffic_boost_suggestions_count":0,"meta":{"@context":"https:\/\/schema.org","@type":"NewsArticle","headline":"Carlos Alcaraz se baja de Roland Garros por lesi\u00f3n. \u00bfCu\u00e1ndo regresa a las canchas?","url":"http:\/\/noticiasya.com\/nacional\/2026\/04\/24\/carlos-alcaraz-baja-roland-garros-lesion-orix\/","mainEntityOfPage":{"@type":"WebPage","@id":"http:\/\/noticiasya.com\/nacional\/2026\/04\/24\/carlos-alcaraz-baja-roland-garros-lesion-orix\/"},"thumbnailUrl":"","image":{"@type":"ImageObject","url":""},"articleSection":"Noticias Nacionales","author":[],"creator":[],"publisher":{"@type":"Organization","name":"Noticias","logo":""},"keywords":[],"dateCreated":"2026-04-25T01:03:53Z","datePublished":"2026-04-25T01:03:53Z","dateModified":"2026-04-25T01:03:53Z"},"rendered":"<script type=\"application\/ld+json\" class=\"wp-parsely-metadata\">{\"@context\":\"https:\\\/\\\/schema.org\",\"@type\":\"NewsArticle\",\"headline\":\"Carlos Alcaraz se baja de Roland Garros por lesi\\u00f3n. \\u00bfCu\\u00e1ndo regresa a las canchas?\",\"url\":\"http:\\\/\\\/noticiasya.com\\\/nacional\\\/2026\\\/04\\\/24\\\/carlos-alcaraz-baja-roland-garros-lesion-orix\\\/\",\"mainEntityOfPage\":{\"@type\":\"WebPage\",\"@id\":\"http:\\\/\\\/noticiasya.com\\\/nacional\\\/2026\\\/04\\\/24\\\/carlos-alcaraz-baja-roland-garros-lesion-orix\\\/\"},\"thumbnailUrl\":\"\",\"image\":{\"@type\":\"ImageObject\",\"url\":\"\"},\"articleSection\":\"Noticias Nacionales\",\"author\":[],\"creator\":[],\"publisher\":{\"@type\":\"Organization\",\"name\":\"Noticias\",\"logo\":\"\"},\"keywords\":[],\"dateCreated\":\"2026-04-25T01:03:53Z\",\"datePublished\":\"2026-04-25T01:03:53Z\",\"dateModified\":\"2026-04-25T01:03:53Z\"}<\/script>","tracker_url":"https:\/\/cdn.parsely.com\/keys\/noticiasya.com\/p.js"},"jetpack_featured_media_url":"","jetpack-related-posts":[{"id":1452315,"url":"https:\/\/noticiasya.com\/nacional\/2024\/08\/31\/se-ha-producido-otra-gran-sorpresa-en-el-us-open\/","url_meta":{"origin":1473485,"position":0},"title":"Otra gran sorpresa sacude el US Open","author":"","date":"agosto 31, 2024","format":false,"excerpt":"(CNN) -- Una noche despu\u00e9s de que el No. 3 Carlos Alcaraz fuera sorprendido por el no sembrado Botic van de Zandschulp en sets corridos, el No. 2 Novak Djokovic ha sido eliminado por el No. 28 australiano Alexei Popyrin en la tercera ronda en el Estadio Arthur Ashe.Popyrin se\u2026","rel":"","context":"In &quot;Noticias Nacionales&quot;","block_context":{"text":"Noticias Nacionales","link":"https:\/\/noticiasya.com\/nacional\/categoria\/noticias-nacionales"},"img":{"alt_text":"","src":"","width":0,"height":0},"classes":[]},{"id":1470126,"url":"https:\/\/noticiasya.com\/nacional\/2026\/01\/15\/roger-federer-rivalidad-tenis-alcaraz-sinner-orix\/","url_meta":{"origin":1473485,"position":1},"title":"Roger Federer se rinde ante la nueva rivalidad del tenis: Alcaraz vs. Sinner","author":"","date":"enero 15, 2026","format":false,"excerpt":"El suizo Roger Federer es una voz autorizada para hablar de lo que ocurre dentro del planeta tenis.El exn\u00famero 1 del mundo y ganador de 20 t\u00edtulos de torneos Grand Slam es considerado por muchos como uno de los jugadores m\u00e1s importantes de la historia del deporte blanco. Adem\u00e1s, el\u2026","rel":"","context":"In &quot;Noticias Nacionales&quot;","block_context":{"text":"Noticias Nacionales","link":"https:\/\/noticiasya.com\/nacional\/categoria\/noticias-nacionales"},"img":{"alt_text":"","src":"","width":0,"height":0},"classes":[]},{"id":1463348,"url":"https:\/\/noticiasya.com\/nacional\/2025\/06\/08\/carlos-alcaraz-roland-garros-remontada-sinner-trax\/","url_meta":{"origin":1473485,"position":2},"title":"Carlos Alcaraz gana Roland Garros en una hist\u00f3rica remontada para derrotar a Jannik Sinner","author":"","date":"junio 8, 2025","format":false,"excerpt":"Carlos Alcaraz protagoniz\u00f3 una extraordinaria remontada para ganar la final masculina de Roland Garros el domingo, derrotando al n\u00famero 1 del mundo Jannik Sinner por 4-6, 6-7 (4), 6-4, 7-6 (3), 7-6 (2).En la final m\u00e1s larga de la historia del torneo, el espa\u00f1ol demostr\u00f3 una incre\u00edble determinaci\u00f3n para defenderse\u2026","rel":"","context":"In &quot;Noticias Nacionales&quot;","block_context":{"text":"Noticias Nacionales","link":"https:\/\/noticiasya.com\/nacional\/categoria\/noticias-nacionales"},"img":{"alt_text":"","src":"","width":0,"height":0},"classes":[]},{"id":1470098,"url":"https:\/\/noticiasya.com\/nacional\/2026\/01\/14\/abierto-australia-favoritos-tenis-sinner-alcaraz-sabalenka-orix\/","url_meta":{"origin":1473485,"position":3},"title":"Abierto de Australia: grandes favoritos y el &#171;bromance&#187; de Alcaraz y Sinner antes de entablar sus &#171;batallas&#187; en la cancha","author":"","date":"enero 14, 2026","format":false,"excerpt":"El Abierto de Australia est\u00e1 en marcha en Melbourne con los partidos clasificatorios. Sin embargo, la pr\u00f3xima semana ser\u00e1 cuando Jannik Sinner y Carlos Alcaraz reanuden su rivalidad en el primer Grand Slam del a\u00f1o, cuando comience la acci\u00f3n del cuadro principal y pensando en que hipot\u00e9ticamente el n\u00famero uno\u2026","rel":"","context":"In &quot;Noticias Nacionales&quot;","block_context":{"text":"Noticias Nacionales","link":"https:\/\/noticiasya.com\/nacional\/categoria\/noticias-nacionales"},"img":{"alt_text":"","src":"","width":0,"height":0},"classes":[]},{"id":1469595,"url":"https:\/\/noticiasya.com\/nacional\/2025\/12\/26\/tenis-en-2025-alcaraz-vs-sinner-aryna-sabalenka\/","url_meta":{"origin":1473485,"position":4},"title":"El tenis en 2025: Alcaraz y Sinner alimentan una \u00e9pica rivalidad, mientras Sabalenka parece no tener competencia","author":"","date":"diciembre 26, 2025","format":false,"excerpt":"El tenis masculino fue una lucha de dos. Dos grandes protagonistas en el circuito de la ATP que escriben sus nombres en el r\u00f3tulo de invencibles. Se trata del espa\u00f1ol Carlos Alcaraz y el italiano Jannik Sinner.Ambos se repartieron por segundo a\u00f1o consecutivo los principales torneos del calendario, incluidos los\u2026","rel":"","context":"In &quot;Noticias Nacionales&quot;","block_context":{"text":"Noticias Nacionales","link":"https:\/\/noticiasya.com\/nacional\/categoria\/noticias-nacionales"},"img":{"alt_text":"","src":"","width":0,"height":0},"classes":[]},{"id":1464815,"url":"https:\/\/noticiasya.com\/nacional\/2025\/07\/24\/jannik-sinner-entrenador-fisico-suspension-dopaje-trax\/","url_meta":{"origin":1473485,"position":5},"title":"Jannik Sinner vuelve a contratar al preparador f\u00edsico que hab\u00eda despedido previamente tras una suspensi\u00f3n por dopaje","author":"","date":"julio 24, 2025","format":false,"excerpt":"Jannik Sinner volvi\u00f3 a nombrar al preparador f\u00edsico Umberto Ferrara en su equipo de entrenadores despu\u00e9s de haberlo dejado de lado durante la reciente suspensi\u00f3n por dopaje.Sinner cumpli\u00f3 una suspensi\u00f3n de tres meses a principios de este a\u00f1o despu\u00e9s de dar positivo dos veces por la sustancia prohibida Clostebol, un\u2026","rel":"","context":"In &quot;Noticias Nacionales&quot;","block_context":{"text":"Noticias Nacionales","link":"https:\/\/noticiasya.com\/nacional\/categoria\/noticias-nacionales"},"img":{"alt_text":"","src":"","width":0,"height":0},"classes":[]}],"jetpack_sharing_enabled":true,"_links":{"self":[{"href":"https:\/\/noticiasya.com\/nacional\/wp-json\/wp\/v2\/posts\/1473485","targetHints":{"allow":["GET"]}}],"collection":[{"href":"https:\/\/noticiasya.com\/nacional\/wp-json\/wp\/v2\/posts"}],"about":[{"href":"https:\/\/noticiasya.com\/nacional\/wp-json\/wp\/v2\/types\/post"}],"replies":[{"embeddable":true,"href":"https:\/\/noticiasya.com\/nacional\/wp-json\/wp\/v2\/comments?post=1473485"}],"version-history":[{"count":0,"href":"https:\/\/noticiasya.com\/nacional\/wp-json\/wp\/v2\/posts\/1473485\/revisions"}],"wp:attachment":[{"href":"https:\/\/noticiasya.com\/nacional\/wp-json\/wp\/v2\/media?parent=1473485"}],"wp:term":[{"taxonomy":"category","embeddable":true,"href":"https:\/\/noticiasya.com\/nacional\/wp-json\/wp\/v2\/categories?post=1473485"},{"taxonomy":"post_tag","embeddable":true,"href":"https:\/\/noticiasya.com\/nacional\/wp-json\/wp\/v2\/tags?post=1473485"}],"curies":[{"name":"wp","href":"https:\/\/api.w.org\/{rel}","templated":true}]}}