{"id":1473486,"date":"2026-04-24T18:03:53","date_gmt":"2026-04-25T01:03:53","guid":{"rendered":"https:\/\/noticiasya.com\/2026\/04\/24\/quien-fue-celeste-rivas-hernandez-d4vd-muerte-trax\/"},"modified":"2026-04-24T18:03:53","modified_gmt":"2026-04-25T01:03:53","slug":"quien-fue-celeste-rivas-hernandez-d4vd-muerte-trax","status":"publish","type":"post","link":"https:\/\/noticiasya.com\/nacional\/2026\/04\/24\/quien-fue-celeste-rivas-hernandez-d4vd-muerte-trax\/","title":{"rendered":"\u00bfQui\u00e9n fue Celeste Rivas Hern\u00e1ndez, la chica de 14 a\u00f1os por cuya muerte se acusa al cantante d4vid?"},"content":{"rendered":"<p>La unida y familiar ciudad de Lake Elsinore, en el condado de Riverside, se encuentra a unos 110 kil\u00f3metros al sureste, un mundo aparte del brillo y el glamour de Hollywood Hills.<\/p>\n<p>Celeste Rivas Hern\u00e1ndez creci\u00f3 en Lake Elsinore, donde era una habitual de la tienda de la esquina calle abajo de su casa. Los vecinos a\u00fan la recuerdan paseando con su mochila y su largo cabello negro rizado sobre su figura de 1,57 metros.<\/p>\n<p>Kayleigh Cortez, una vecina, record\u00f3 la primera vez que vio a Celeste hace tres a\u00f1os.<\/p>\n<p>\u201cYo dije: \u2018Oh, mira a esa ni\u00f1a. Ten\u00eda rizos grandes y hermosos. Es una ni\u00f1a peque\u00f1a hermosa\u2019\u201d, record\u00f3 Cortez.<\/p>\n<p>La siguiente vez que Cortez vio a Celeste fue cuando su foto apareci\u00f3 en las noticias despu\u00e9s de que su cuerpo desmembrado y en descomposici\u00f3n fuera descubierto en el maletero de un Tesla propiedad del cantante de alt-pop que se hace llamar d4vd. El auto estaba estacionado en una calle del exclusivo vecindario de Hollywood Hills, donde el artista, cuyo nombre legal es David Anthony Burke, hab\u00eda alquilado una casa multimillonaria en las colinas bajo el ic\u00f3nico letrero de Hollywood.<\/p>\n<p>Su cuerpo fue hallado un d\u00eda despu\u00e9s de lo que habr\u00eda sido su cumplea\u00f1os n\u00famero 15.<\/p>\n<p>\u201cHollywood siempre atraer\u00e1 a los ni\u00f1os\u201d, dijo Cortez, de 36 a\u00f1os, que tiene una hija de 14. \u201cConocer a una celebridad o hacer algo fuera de lo normal es genial para cualquier adolescente. Lake Elsinore es peque\u00f1o. Es bastante tranquilo. No es un lugar bullicioso\u201d.<\/p>\n<p>Aproximadamente un a\u00f1o despu\u00e9s de que Cortez viera por primera vez a Celeste en la calle, familiares y amigos comenzaron a reportar a la ni\u00f1a como desaparecida, a partir de principios de 2024. Ella y d4vd aparecieron juntos en una transmisi\u00f3n en vivo de Twitch en enero. Entre entonces y marzo de 2024, \u00e9l fue fotografiado baj\u00e1ndose de un Tesla negro cerca de la casa de la estudiante de s\u00e9ptimo grado.<\/p>\n<p>Celeste tambi\u00e9n fue fotografiada entre bastidores en uno de sus conciertos en Los \u00c1ngeles en junio de 2024. Fue vista con vida por \u00faltima vez yendo a la casa de d4vd en abril de 2025.<\/p>\n<p>Ten\u00eda 13 a\u00f1os en ese momento, una adolescente vista en fotos ampliamente difundidas con rizos gruesos y oscuros que resaltan su sonrisa suave.<\/p>\n<p>Le encantaba Hello Kitty, y el cartel de persona desaparecida en Lake Elsinore dec\u00eda que fue vista por \u00faltima vez usando pantuflas de Hello Kitty.<\/p>\n<p>\u201cNo quiero que la recuerden como una ni\u00f1a rebelde o una fugitiva\u201d, dijo Cortez, quien inici\u00f3 y cuida un monumento improvisado afuera de la casa donde Celeste viv\u00eda con su familia.<\/p>\n<p>\u201cEra una hija, una hermana, una amiga. Era una ni\u00f1a que solo intentaba entender la vida, y no llega a crecer\u201d, dijo Cortez. \u201cNo pudo casarse ni tener hijos porque alguien se lo arrebat\u00f3\u201d.<\/p>\n<p>El lunes, <a href=\"https:\/\/cnnespanol.cnn.com\/2026\/04\/21\/eeuu\/tiempo-cargos-d4vd-celeste-rivas-trax\">tras una investigaci\u00f3n de varios meses<\/a>, Burke, de 21 a\u00f1os, <a href=\"https:\/\/cnnespanol.cnn.com\/2026\/04\/20\/eeuu\/d4vd-asesinato-rivas-tesla-trax\">se declar\u00f3 inocente<\/a> de homicidio premeditado. El fiscal de distrito de Los \u00c1ngeles a\u00f1adi\u00f3 \u201ccircunstancias especiales\u201d al cargo, lo que hace que la sentencia sea elegible para la pena de muerte. Los fiscales dicen que tuvo una relaci\u00f3n sexual con la menor y la mat\u00f3 despu\u00e9s de que ella amenazara con exponerlo. Presuntamente particip\u00f3 en \u201cabuso sexual continuo\u201d de Celeste desde septiembre de 2023 hasta septiembre de 2024, de acuerdo con una denuncia penal.<\/p>\n<p>Blair Berk, una de las abogadas de d4vd, escribi\u00f3 en un comunicado el lunes: \u201cLa evidencia real en este caso mostrar\u00e1 que David Burke no asesin\u00f3 a Celeste Rivas Hern\u00e1ndez y que \u00e9l no fue la causa de su muerte. Defenderemos en\u00e9rgicamente la inocencia de David\u201d.<\/p>\n<p>Celeste muri\u00f3 por \u201cm\u00faltiples lesiones penetrantes\u201d, seg\u00fan un <a href=\"https:\/\/cnnespanol.cnn.com\/2026\/04\/23\/eeuu\/d4vd-celeste-rivas-hernandez-autopsia-trax\">informe de autopsia<\/a> publicado el mi\u00e9rcoles. Ten\u00eda heridas en el pecho y el abdomen que \u201cpueden representar lesiones por fuerza cortante\u201d, dijo la oficina del m\u00e9dico forense del condado de Los \u00c1ngeles en el informe.<\/p>\n<p>Se encontr\u00f3 un tatuaje que dec\u00eda \u201cShhh\u2026.\u201d en el interior de su dedo \u00edndice derecho, de acuerdo con el informe de la autopsia, similar al tatuaje que d4vd tiene en el dedo.<\/p>\n<p>Dos dedos fueron seccionados y faltaban de su otra mano.<\/p>\n<p>Desde que el cuerpo desmembrado de Celeste fue descubierto en el Tesla de Burke, la mayor parte de la cobertura noticiosa del caso se ha centrado en la incipiente <a href=\"https:\/\/cnnespanol.cnn.com\/2025\/09\/23\/entretenimiento\/eliminan-fechas-gira-d4vd-hallazgo-cuerpo-joven-ap\">sensaci\u00f3n musical <\/a>conocida por su legi\u00f3n de fans, en su mayor\u00eda j\u00f3venes, como d4vd.<\/p>\n<p>Sin embargo, la breve vida de Celeste ha recibido relativamente poca atenci\u00f3n.<\/p>\n<p>La familia de Celeste se ha mantenido en gran medida fuera de la vista p\u00fablica desde que se descubri\u00f3 su cuerpo.<\/p>\n<p>En un comunicado, el abogado de la familia dijo que los padres, Jes\u00fas Rivas y Mercedes Mart\u00ednez, pidieron privacidad mientras lloran la p\u00e9rdida de su hija.<\/p>\n<p>\u201cLa familia Rivas Hern\u00e1ndez est\u00e1 comprometida a garantizar que la voz de Celeste sea escuchada y que su memoria sea honrada a lo largo de este proceso\u201d, dijo el abogado de la familia, Patrick Steinfeld.<\/p>\n<p>\u201cCeleste era una chica hermosa y fuerte a la que le encantaba cantar y bailar\u201d, dijo la familia en un comunicado.<\/p>\n<p>\u201cLa queremos much\u00edsimo y ella siempre nos dec\u00eda que nos quer\u00eda\u201d, a\u00f1adieron. \u201cLa extra\u00f1amos profundamente. Lo \u00fanico que queremos es justicia para Celeste\u201d.<\/p>\n<p>Tras la publicaci\u00f3n del informe de la autopsia el mi\u00e9rcoles, Steinfeld afirm\u00f3 que los hallazgos han causado un \u201cprofundo dolor emocional\u201d a los seres queridos de Celeste.<\/p>\n<p>\u201cLa familia Rivas Hern\u00e1ndez est\u00e1 absolutamente devastada por los hallazgos contenidos en el informe del m\u00e9dico forense sobre la horrible y espantosa muerte de su amada hija\u201d, dice el comunicado. \u201cSolicitan respetuosamente privacidad, comprensi\u00f3n y paciencia mientras procesan esta informaci\u00f3n\u201d.<\/p>\n<p>Por ahora, amigos y vecinos honran la memoria de Celeste en el monumento que Cortez inici\u00f3 con una sola foto de la ni\u00f1a y algunas flores. Ahora incluye flores frescas, animales de peluche, juguetes, velas y un enorme letrero que dice: \u201cJusticia para Celeste Rivas\u201d. Los vecinos se detienen para presentar sus respetos, a menudo dejando flores y otros recuerdos.<\/p>\n<p>\u201cEn cada festividad le hago algo, como para el D\u00eda de San Valent\u00edn, para Navidad, y simplemente lo pongo ah\u00ed. Se ha convertido como en una labor de amor para m\u00ed\u201d, dijo Cortez.<\/p>\n<p>Un d\u00eda, un hombre que Cortez cree que es un t\u00edo de Celeste sali\u00f3 de la casa de la chica y se arrodill\u00f3 ante el monumento, sollozando inconsolablemente, dijo. Los familiares siempre le hacen a Cortez el gesto de decir \u201cgracias\u201d con los labios cuando pasan en coche.<\/p>\n<p>\u201cEste monumento es sobre Celeste y sobre su legado y su impacto\u201d, dijo Cortez.<\/p>\n<p>Su breve vida ha tenido un impacto en muchos residentes de Lake Elsinore, incluido Elie Naddaf, quien es due\u00f1o de una tienda en la esquina a unas pocas puertas de donde viv\u00eda Celeste.<\/p>\n<p>\u201cSiento como si la conociera de toda la vida, durante 11 a\u00f1os aqu\u00ed\u201d, dijo Naddaf.<\/p>\n<p>Takis y refresco eran sus meriendas favoritas por la tarde, record\u00f3. En los d\u00edas lluviosos, Naddaf preparaba chocolate caliente para Celeste y otros ni\u00f1os que esperaban el autob\u00fas escolar.<\/p>\n<p>\u201cNo sabes el futuro, hacia d\u00f3nde iba con esta chica\u201d, lament\u00f3. \u201cNo sabes cu\u00e1l era su sue\u00f1o\u2026 Todo esto le fue arrebatado, a ella, a su familia\u201d.<\/p>\n<p>Naddaf asegur\u00f3 que mantuvo a su hija de 17 a\u00f1os fuera de la escuela durante aproximadamente una semana despu\u00e9s de enterarse de la muerte de Celeste. Quer\u00eda \u201csimplemente pasar tiempo con ella y hablar con ella\u201d sobre los muchos riesgos que enfrentan los adolescentes.<\/p>\n<p>Cortez dijo que ella y su hija hablan de Celeste casi todos los d\u00edas.<\/p>\n<p>\u201cSus amigos son muy protectores con Celeste y con su nombre porque ella no est\u00e1 aqu\u00ed para defenderse\u201d, dijo.<\/p>\n<p>The-CNN-Wire<br \/>&trade; &amp; &copy; 2026 Cable News Network, Inc., a Warner Bros. Discovery Company. All rights reserved.<\/p>\n","protected":false},"excerpt":{"rendered":"<p>La unida y familiar ciudad de Lake Elsinore, en el condado de Riverside, se encuentra a unos 110 kil\u00f3metros al sureste, un mundo aparte del brillo y el glamour de Hollywood Hills. Celeste Rivas Hern\u00e1ndez creci\u00f3 en Lake Elsinore, donde era una habitual de la tienda de la esquina calle abajo de su casa. Los [&hellip;]<\/p>\n","protected":false},"author":0,"featured_media":0,"comment_status":"open","ping_status":"open","sticky":false,"template":"","format":"standard","meta":{"_jetpack_memberships_contains_paid_content":false,"footnotes":""},"categories":[10],"tags":[],"class_list":["post-1473486","post","type-post","status-publish","format-standard","hentry","category-noticias-nacionales","market-global"],"yoast_head":"<!-- This site is optimized with the Yoast SEO plugin v24.4 - https:\/\/yoast.com\/wordpress\/plugins\/seo\/ -->\n<title>\u00bfQui\u00e9n fue Celeste Rivas Hern\u00e1ndez, la chica de 14 a\u00f1os por cuya muerte se acusa al cantante d4vid? - Noticias<\/title>\n<meta name=\"robots\" content=\"index, follow, max-snippet:-1, max-image-preview:large, max-video-preview:-1\" \/>\n<link rel=\"canonical\" href=\"https:\/\/noticiasya.com\/2026\/04\/24\/quien-fue-celeste-rivas-hernandez-d4vd-muerte-trax\/\" \/>\n<meta property=\"og:locale\" content=\"es_ES\" \/>\n<meta property=\"og:type\" content=\"article\" \/>\n<meta property=\"og:title\" content=\"\u00bfQui\u00e9n fue Celeste Rivas Hern\u00e1ndez, la chica de 14 a\u00f1os por cuya muerte se acusa al cantante d4vid? - Noticias\" \/>\n<meta property=\"og:description\" content=\"La unida y familiar ciudad de Lake Elsinore, en el condado de Riverside, se encuentra a unos 110 kil\u00f3metros al sureste, un mundo aparte del brillo y el glamour de Hollywood Hills. Celeste Rivas Hern\u00e1ndez creci\u00f3 en Lake Elsinore, donde era una habitual de la tienda de la esquina calle abajo de su casa. Los [&hellip;]\" \/>\n<meta property=\"og:url\" content=\"https:\/\/noticiasya.com\/2026\/04\/24\/quien-fue-celeste-rivas-hernandez-d4vd-muerte-trax\/\" \/>\n<meta property=\"og:site_name\" content=\"Noticias\" \/>\n<meta property=\"article:published_time\" content=\"2026-04-25T01:03:53+00:00\" \/>\n<meta name=\"twitter:card\" content=\"summary_large_image\" \/>\n<meta name=\"twitter:label1\" content=\"Est. reading time\" \/>\n\t<meta name=\"twitter:data1\" content=\"7 minutos\" \/>\n<script type=\"application\/ld+json\" class=\"yoast-schema-graph\">{\"@context\":\"https:\/\/schema.org\",\"@graph\":[{\"@type\":\"Article\",\"@id\":\"https:\/\/noticiasya.com\/2026\/04\/24\/quien-fue-celeste-rivas-hernandez-d4vd-muerte-trax\/#article\",\"isPartOf\":{\"@id\":\"https:\/\/noticiasya.com\/2026\/04\/24\/quien-fue-celeste-rivas-hernandez-d4vd-muerte-trax\/\"},\"author\":{\"name\":\"\",\"@id\":\"\"},\"headline\":\"\u00bfQui\u00e9n fue Celeste Rivas Hern\u00e1ndez, la chica de 14 a\u00f1os por cuya muerte se acusa al cantante d4vid?\",\"datePublished\":\"2026-04-25T01:03:53+00:00\",\"mainEntityOfPage\":{\"@id\":\"https:\/\/noticiasya.com\/2026\/04\/24\/quien-fue-celeste-rivas-hernandez-d4vd-muerte-trax\/\"},\"wordCount\":1383,\"commentCount\":0,\"publisher\":{\"@id\":\"https:\/\/noticiasya.com\/#organization\"},\"articleSection\":[\"Noticias Nacionales\"],\"inLanguage\":\"es\",\"potentialAction\":[{\"@type\":\"CommentAction\",\"name\":\"Comment\",\"target\":[\"https:\/\/noticiasya.com\/2026\/04\/24\/quien-fue-celeste-rivas-hernandez-d4vd-muerte-trax\/#respond\"]}]},{\"@type\":\"WebPage\",\"@id\":\"https:\/\/noticiasya.com\/2026\/04\/24\/quien-fue-celeste-rivas-hernandez-d4vd-muerte-trax\/\",\"url\":\"https:\/\/noticiasya.com\/2026\/04\/24\/quien-fue-celeste-rivas-hernandez-d4vd-muerte-trax\/\",\"name\":\"\u00bfQui\u00e9n fue Celeste Rivas Hern\u00e1ndez, la chica de 14 a\u00f1os por cuya muerte se acusa al cantante d4vid? - Noticias\",\"isPartOf\":{\"@id\":\"https:\/\/noticiasya.com\/#website\"},\"datePublished\":\"2026-04-25T01:03:53+00:00\",\"breadcrumb\":{\"@id\":\"https:\/\/noticiasya.com\/2026\/04\/24\/quien-fue-celeste-rivas-hernandez-d4vd-muerte-trax\/#breadcrumb\"},\"inLanguage\":\"es\",\"potentialAction\":[{\"@type\":\"ReadAction\",\"target\":[\"https:\/\/noticiasya.com\/2026\/04\/24\/quien-fue-celeste-rivas-hernandez-d4vd-muerte-trax\/\"]}]},{\"@type\":\"BreadcrumbList\",\"@id\":\"https:\/\/noticiasya.com\/2026\/04\/24\/quien-fue-celeste-rivas-hernandez-d4vd-muerte-trax\/#breadcrumb\",\"itemListElement\":[{\"@type\":\"ListItem\",\"position\":1,\"name\":\"Home\",\"item\":\"https:\/\/noticiasya.com\/\"},{\"@type\":\"ListItem\",\"position\":2,\"name\":\"\u00bfQui\u00e9n fue Celeste Rivas Hern\u00e1ndez, la chica de 14 a\u00f1os por cuya muerte se acusa al cantante d4vid?\"}]},{\"@type\":\"WebSite\",\"@id\":\"https:\/\/noticiasya.com\/#website\",\"url\":\"https:\/\/noticiasya.com\/\",\"name\":\"Noticias\",\"description\":\"Lo que importa\",\"publisher\":{\"@id\":\"https:\/\/noticiasya.com\/#organization\"},\"potentialAction\":[{\"@type\":\"SearchAction\",\"target\":{\"@type\":\"EntryPoint\",\"urlTemplate\":\"https:\/\/noticiasya.com\/?s={search_term_string}\"},\"query-input\":{\"@type\":\"PropertyValueSpecification\",\"valueRequired\":true,\"valueName\":\"search_term_string\"}}],\"inLanguage\":\"es\"},{\"@type\":\"Organization\",\"@id\":\"https:\/\/noticiasya.com\/#organization\",\"name\":\"Noticias\",\"url\":\"https:\/\/noticiasya.com\/\",\"logo\":{\"@type\":\"ImageObject\",\"inLanguage\":\"es\",\"@id\":\"https:\/\/noticiasya.com\/#\/schema\/logo\/image\/\",\"url\":\"https:\/\/noticiasya.com\/wp-content\/uploads\/sites\/22\/2023\/12\/logo-nacional.png\",\"contentUrl\":\"https:\/\/noticiasya.com\/wp-content\/uploads\/sites\/22\/2023\/12\/logo-nacional.png\",\"width\":1801,\"height\":691,\"caption\":\"Noticias\"},\"image\":{\"@id\":\"https:\/\/noticiasya.com\/#\/schema\/logo\/image\/\"}}]}<\/script>\n<!-- \/ Yoast SEO plugin. -->","yoast_head_json":{"title":"\u00bfQui\u00e9n fue Celeste Rivas Hern\u00e1ndez, la chica de 14 a\u00f1os por cuya muerte se acusa al cantante d4vid? - Noticias","robots":{"index":"index","follow":"follow","max-snippet":"max-snippet:-1","max-image-preview":"max-image-preview:large","max-video-preview":"max-video-preview:-1"},"canonical":"https:\/\/noticiasya.com\/2026\/04\/24\/quien-fue-celeste-rivas-hernandez-d4vd-muerte-trax\/","og_locale":"es_ES","og_type":"article","og_title":"\u00bfQui\u00e9n fue Celeste Rivas Hern\u00e1ndez, la chica de 14 a\u00f1os por cuya muerte se acusa al cantante d4vid? - Noticias","og_description":"La unida y familiar ciudad de Lake Elsinore, en el condado de Riverside, se encuentra a unos 110 kil\u00f3metros al sureste, un mundo aparte del brillo y el glamour de Hollywood Hills. Celeste Rivas Hern\u00e1ndez creci\u00f3 en Lake Elsinore, donde era una habitual de la tienda de la esquina calle abajo de su casa. Los [&hellip;]","og_url":"https:\/\/noticiasya.com\/2026\/04\/24\/quien-fue-celeste-rivas-hernandez-d4vd-muerte-trax\/","og_site_name":"Noticias","article_published_time":"2026-04-25T01:03:53+00:00","twitter_card":"summary_large_image","twitter_misc":{"Est. reading time":"7 minutos"},"schema":{"@context":"https:\/\/schema.org","@graph":[{"@type":"Article","@id":"https:\/\/noticiasya.com\/2026\/04\/24\/quien-fue-celeste-rivas-hernandez-d4vd-muerte-trax\/#article","isPartOf":{"@id":"https:\/\/noticiasya.com\/2026\/04\/24\/quien-fue-celeste-rivas-hernandez-d4vd-muerte-trax\/"},"author":{"name":"","@id":""},"headline":"\u00bfQui\u00e9n fue Celeste Rivas Hern\u00e1ndez, la chica de 14 a\u00f1os por cuya muerte se acusa al cantante d4vid?","datePublished":"2026-04-25T01:03:53+00:00","mainEntityOfPage":{"@id":"https:\/\/noticiasya.com\/2026\/04\/24\/quien-fue-celeste-rivas-hernandez-d4vd-muerte-trax\/"},"wordCount":1383,"commentCount":0,"publisher":{"@id":"https:\/\/noticiasya.com\/#organization"},"articleSection":["Noticias Nacionales"],"inLanguage":"es","potentialAction":[{"@type":"CommentAction","name":"Comment","target":["https:\/\/noticiasya.com\/2026\/04\/24\/quien-fue-celeste-rivas-hernandez-d4vd-muerte-trax\/#respond"]}]},{"@type":"WebPage","@id":"https:\/\/noticiasya.com\/2026\/04\/24\/quien-fue-celeste-rivas-hernandez-d4vd-muerte-trax\/","url":"https:\/\/noticiasya.com\/2026\/04\/24\/quien-fue-celeste-rivas-hernandez-d4vd-muerte-trax\/","name":"\u00bfQui\u00e9n fue Celeste Rivas Hern\u00e1ndez, la chica de 14 a\u00f1os por cuya muerte se acusa al cantante d4vid? - Noticias","isPartOf":{"@id":"https:\/\/noticiasya.com\/#website"},"datePublished":"2026-04-25T01:03:53+00:00","breadcrumb":{"@id":"https:\/\/noticiasya.com\/2026\/04\/24\/quien-fue-celeste-rivas-hernandez-d4vd-muerte-trax\/#breadcrumb"},"inLanguage":"es","potentialAction":[{"@type":"ReadAction","target":["https:\/\/noticiasya.com\/2026\/04\/24\/quien-fue-celeste-rivas-hernandez-d4vd-muerte-trax\/"]}]},{"@type":"BreadcrumbList","@id":"https:\/\/noticiasya.com\/2026\/04\/24\/quien-fue-celeste-rivas-hernandez-d4vd-muerte-trax\/#breadcrumb","itemListElement":[{"@type":"ListItem","position":1,"name":"Home","item":"https:\/\/noticiasya.com\/"},{"@type":"ListItem","position":2,"name":"\u00bfQui\u00e9n fue Celeste Rivas Hern\u00e1ndez, la chica de 14 a\u00f1os por cuya muerte se acusa al cantante d4vid?"}]},{"@type":"WebSite","@id":"https:\/\/noticiasya.com\/#website","url":"https:\/\/noticiasya.com\/","name":"Noticias","description":"Lo que importa","publisher":{"@id":"https:\/\/noticiasya.com\/#organization"},"potentialAction":[{"@type":"SearchAction","target":{"@type":"EntryPoint","urlTemplate":"https:\/\/noticiasya.com\/?s={search_term_string}"},"query-input":{"@type":"PropertyValueSpecification","valueRequired":true,"valueName":"search_term_string"}}],"inLanguage":"es"},{"@type":"Organization","@id":"https:\/\/noticiasya.com\/#organization","name":"Noticias","url":"https:\/\/noticiasya.com\/","logo":{"@type":"ImageObject","inLanguage":"es","@id":"https:\/\/noticiasya.com\/#\/schema\/logo\/image\/","url":"https:\/\/noticiasya.com\/wp-content\/uploads\/sites\/22\/2023\/12\/logo-nacional.png","contentUrl":"https:\/\/noticiasya.com\/wp-content\/uploads\/sites\/22\/2023\/12\/logo-nacional.png","width":1801,"height":691,"caption":"Noticias"},"image":{"@id":"https:\/\/noticiasya.com\/#\/schema\/logo\/image\/"}}]}},"parsely":{"version":"1.1.0","canonical_url":"https:\/\/noticiasya.com\/nacional\/2026\/04\/24\/quien-fue-celeste-rivas-hernandez-d4vd-muerte-trax\/","smart_links":{"inbound":0,"outbound":0},"traffic_boost_suggestions_count":0,"meta":{"@context":"https:\/\/schema.org","@type":"NewsArticle","headline":"\u00bfQui\u00e9n fue Celeste Rivas Hern\u00e1ndez, la chica de 14 a\u00f1os por cuya muerte se acusa al cantante d4vid?","url":"http:\/\/noticiasya.com\/nacional\/2026\/04\/24\/quien-fue-celeste-rivas-hernandez-d4vd-muerte-trax\/","mainEntityOfPage":{"@type":"WebPage","@id":"http:\/\/noticiasya.com\/nacional\/2026\/04\/24\/quien-fue-celeste-rivas-hernandez-d4vd-muerte-trax\/"},"thumbnailUrl":"","image":{"@type":"ImageObject","url":""},"articleSection":"Noticias Nacionales","author":[],"creator":[],"publisher":{"@type":"Organization","name":"Noticias","logo":""},"keywords":[],"dateCreated":"2026-04-25T01:03:53Z","datePublished":"2026-04-25T01:03:53Z","dateModified":"2026-04-25T01:03:53Z"},"rendered":"<script type=\"application\/ld+json\" class=\"wp-parsely-metadata\">{\"@context\":\"https:\\\/\\\/schema.org\",\"@type\":\"NewsArticle\",\"headline\":\"\\u00bfQui\\u00e9n fue Celeste Rivas Hern\\u00e1ndez, la chica de 14 a\\u00f1os por cuya muerte se acusa al cantante d4vid?\",\"url\":\"http:\\\/\\\/noticiasya.com\\\/nacional\\\/2026\\\/04\\\/24\\\/quien-fue-celeste-rivas-hernandez-d4vd-muerte-trax\\\/\",\"mainEntityOfPage\":{\"@type\":\"WebPage\",\"@id\":\"http:\\\/\\\/noticiasya.com\\\/nacional\\\/2026\\\/04\\\/24\\\/quien-fue-celeste-rivas-hernandez-d4vd-muerte-trax\\\/\"},\"thumbnailUrl\":\"\",\"image\":{\"@type\":\"ImageObject\",\"url\":\"\"},\"articleSection\":\"Noticias Nacionales\",\"author\":[],\"creator\":[],\"publisher\":{\"@type\":\"Organization\",\"name\":\"Noticias\",\"logo\":\"\"},\"keywords\":[],\"dateCreated\":\"2026-04-25T01:03:53Z\",\"datePublished\":\"2026-04-25T01:03:53Z\",\"dateModified\":\"2026-04-25T01:03:53Z\"}<\/script>","tracker_url":"https:\/\/cdn.parsely.com\/keys\/noticiasya.com\/p.js"},"jetpack_featured_media_url":"","jetpack-related-posts":[{"id":1473337,"url":"https:\/\/noticiasya.com\/nacional\/2026\/04\/20\/d4vd-asesinato-rivas-tesla-trax\/","url_meta":{"origin":1473486,"position":0},"title":"Acusan de asesinato a d4vd por la muerte de la adolescente cuyo cuerpo fue hallado en el Tesla del artista","author":"","date":"abril 20, 2026","format":false,"excerpt":"David Anthony Burke, m\u00e1s conocido como el artista de pop alternativo d4vd, est\u00e1 siendo acusado en relaci\u00f3n con el homicidio de Celeste Rivas Hern\u00e1ndez, de 14 a\u00f1os, siete meses despu\u00e9s de que el cuerpo en descomposici\u00f3n de la ni\u00f1a fuera descubierto en su Tesla aparentemente abandonado, seg\u00fan anunci\u00f3 el lunes\u2026","rel":"","context":"In &quot;Noticias Nacionales&quot;","block_context":{"text":"Noticias Nacionales","link":"https:\/\/noticiasya.com\/nacional\/categoria\/noticias-nacionales"},"img":{"alt_text":"","src":"","width":0,"height":0},"classes":[]},{"id":1473297,"url":"https:\/\/noticiasya.com\/nacional\/2026\/04\/18\/d4vd-asesinato-celeste-rivas-hernandez-trax\/","url_meta":{"origin":1473486,"position":1},"title":"Un autom\u00f3vil abandonado, una fotograf\u00eda y una ni\u00f1a desaparecida: \u00bfQu\u00e9 llev\u00f3 al arresto de d4vd bajo sospecha de asesinato?","author":"","date":"abril 18, 2026","format":false,"excerpt":"Meses despu\u00e9s de que el cuerpo de una ni\u00f1a fuera hallado en el maletero de su coche abandonado, el cantante d4vd fue arrestado cerca del dep\u00f3sito de veh\u00edculos de Los \u00c1ngeles donde se descubrieron sus restos.La fiscal\u00eda ahora evaluar\u00e1 si presenta cargos penales contra el artista de pop alternativo de\u2026","rel":"","context":"In &quot;Noticias Nacionales&quot;","block_context":{"text":"Noticias Nacionales","link":"https:\/\/noticiasya.com\/nacional\/categoria\/noticias-nacionales"},"img":{"alt_text":"","src":"","width":0,"height":0},"classes":[]},{"id":1473426,"url":"https:\/\/noticiasya.com\/nacional\/2026\/04\/23\/d4vd-celeste-rivas-hernandez-autopsia-trax\/","url_meta":{"origin":1473486,"position":2},"title":"Autopsia de Celeste Rivas Hern\u00e1ndez confirma que muri\u00f3 por m\u00faltiples heridas penetrantes. El cantante d4vd est\u00e1 acusado","author":"","date":"abril 23, 2026","format":false,"excerpt":"La joven de 14 a\u00f1os que, seg\u00fan la acusaci\u00f3n, fue asesinada y desmembrada por el cantante d4vd muri\u00f3 por \u201cm\u00faltiples heridas penetrantes\u201d, seg\u00fan una autopsia publicada el mi\u00e9rcolesLos hallazgos arrojan m\u00e1s luz sobre la muerte de Celeste Rivas Hern\u00e1ndez, meses despu\u00e9s de que la adolescente fuera encontrada en el maletero\u2026","rel":"","context":"In &quot;Noticias Nacionales&quot;","block_context":{"text":"Noticias Nacionales","link":"https:\/\/noticiasya.com\/nacional\/categoria\/noticias-nacionales"},"img":{"alt_text":"","src":"","width":0,"height":0},"classes":[]},{"id":1473449,"url":"https:\/\/noticiasya.com\/nacional\/2026\/04\/23\/pornografia-infantil-d4vd-asesinato-trax\/","url_meta":{"origin":1473486,"position":3},"title":"Hallan pornograf\u00eda infantil entre las pruebas en el caso contra el cantante d4vd, acusado de asesinar a una ni\u00f1a de 14 a\u00f1os","author":"","date":"abril 23, 2026","format":false,"excerpt":"La pornograf\u00eda infantil figura entre las pruebas clave que, seg\u00fan los fiscales de Los \u00c1ngeles, reforzar\u00e1n su caso contra el cantante de alt-pop d4vd, quien ha sido acusado de asesinato y abuso sexual prolongado de una ni\u00f1a en edad de escuela secundaria cuyos restos fueron hallados el a\u00f1o pasado en\u2026","rel":"","context":"In &quot;Noticias Nacionales&quot;","block_context":{"text":"Noticias Nacionales","link":"https:\/\/noticiasya.com\/nacional\/categoria\/noticias-nacionales"},"img":{"alt_text":"","src":"","width":0,"height":0},"classes":[]},{"id":1455100,"url":"https:\/\/noticiasya.com\/nacional\/2024\/10\/15\/como-donde-ver-cometa-visita-cada-80-000-anios-orix\/","url_meta":{"origin":1473486,"position":4},"title":"\u00bfC\u00f3mo y d\u00f3nde ver el cometa que nos visita una vez cada 80.000 a\u00f1os?","author":"","date":"octubre 15, 2024","format":false,"excerpt":"(CNN Espa\u00f1ol) -- El cometa llamado C\/2023 A3 Tsuchinshan-ATLAS es el espect\u00e1culo celeste de octubre que los amantes de la astronom\u00eda en el hemisferio norte no se querr\u00e1n perder, ya que es algo que no se repetir\u00e1 en 80.000 a\u00f1os.Este cometa fue descubierto recientemente: en 2023, observadores del Observatorio Tsuchinshan\u2026","rel":"","context":"In &quot;Noticias Nacionales&quot;","block_context":{"text":"Noticias Nacionales","link":"https:\/\/noticiasya.com\/nacional\/categoria\/noticias-nacionales"},"img":{"alt_text":"","src":"","width":0,"height":0},"classes":[]},{"id":1473460,"url":"https:\/\/noticiasya.com\/nacional\/2026\/04\/24\/5-cosas-24-de-abril-orix\/","url_meta":{"origin":1473486,"position":5},"title":"Las 5 cosas que debes saber este 24 de abril","author":"","date":"abril 24, 2026","format":false,"excerpt":"Victoria dem\u00f3crata en Virginia impulsa a republicanos a presionar a Ron DeSantis para redise\u00f1ar distritos en Florida. El manejo del caso Epstein, bajo la lupa. Meta anuncia que despedir\u00e1 al 10 % de su plantilla. Esto es lo que debes saber para comenzar el d\u00eda. Primero la verdad.Suscr\u00edbete aqu\u00ed para\u2026","rel":"","context":"In &quot;Noticias Nacionales&quot;","block_context":{"text":"Noticias Nacionales","link":"https:\/\/noticiasya.com\/nacional\/categoria\/noticias-nacionales"},"img":{"alt_text":"","src":"","width":0,"height":0},"classes":[]}],"jetpack_sharing_enabled":true,"_links":{"self":[{"href":"https:\/\/noticiasya.com\/nacional\/wp-json\/wp\/v2\/posts\/1473486","targetHints":{"allow":["GET"]}}],"collection":[{"href":"https:\/\/noticiasya.com\/nacional\/wp-json\/wp\/v2\/posts"}],"about":[{"href":"https:\/\/noticiasya.com\/nacional\/wp-json\/wp\/v2\/types\/post"}],"replies":[{"embeddable":true,"href":"https:\/\/noticiasya.com\/nacional\/wp-json\/wp\/v2\/comments?post=1473486"}],"version-history":[{"count":0,"href":"https:\/\/noticiasya.com\/nacional\/wp-json\/wp\/v2\/posts\/1473486\/revisions"}],"wp:attachment":[{"href":"https:\/\/noticiasya.com\/nacional\/wp-json\/wp\/v2\/media?parent=1473486"}],"wp:term":[{"taxonomy":"category","embeddable":true,"href":"https:\/\/noticiasya.com\/nacional\/wp-json\/wp\/v2\/categories?post=1473486"},{"taxonomy":"post_tag","embeddable":true,"href":"https:\/\/noticiasya.com\/nacional\/wp-json\/wp\/v2\/tags?post=1473486"}],"curies":[{"name":"wp","href":"https:\/\/api.w.org\/{rel}","templated":true}]}}