{"id":1473489,"date":"2026-04-24T18:03:54","date_gmt":"2026-04-25T01:03:54","guid":{"rendered":"https:\/\/noticiasya.com\/2026\/04\/24\/microsoft-jubilacion-voluntaria-trax\/"},"modified":"2026-04-24T18:03:54","modified_gmt":"2026-04-25T01:03:54","slug":"microsoft-jubilacion-voluntaria-trax","status":"publish","type":"post","link":"https:\/\/noticiasya.com\/nacional\/2026\/04\/24\/microsoft-jubilacion-voluntaria-trax\/","title":{"rendered":"Microsoft busca reducir el tama\u00f1o de su plantilla con un programa in\u00e9dito de jubilaci\u00f3n anticipada"},"content":{"rendered":"<p>Microsoft ofrece a cerca del 7 % de su plantilla en Estados Unidos la opci\u00f3n de jubilarse anticipadamente, el m\u00e1s reciente intento de una importante empresa tecnol\u00f3gica de reducir su tama\u00f1o mientras incrementa las inversiones en inteligencia artificial.<\/p>\n<p>El programa de jubilaci\u00f3n \u00fanica, pionera en la empresa, estar\u00e1 disponible para los empleados cuya edad y a\u00f1os de servicio sumen 70 o m\u00e1s, inform\u00f3 Microsoft.<\/p>\n<p><a href=\"https:\/\/www.cnbc.com\/2026\/04\/23\/microsoft-plans-first-voluntary-retirement-program-for-us-employees.html\">CNBC<\/a> y Bloomberg informaron primero sobre las jubilaciones voluntarias, que la empresa confirm\u00f3 a CNN.<\/p>\n<p>Podr\u00e1n participar los empleados con rango de director s\u00e9nior o inferior, y Microsoft planea notificar a los empleados elegibles el 7 de mayo.<\/p>\n<p>Las acciones de Microsoft (MSFT) cayeron casi un 4 % el jueves, d\u00eda en que la empresa inform\u00f3 a los empleados sobre el programa.<\/p>\n<p>Los gigantes tecnol\u00f3gicos han realizado importantes recortes de personal durante el \u00faltimo a\u00f1o en respuesta al impacto de la IA tanto en la fuerza laboral como en la industria tecnol\u00f3gica en general. <a href=\"https:\/\/cnnespanol.cnn.com\/2026\/04\/23\/economia\/meta-recortara-personal-ia-trax\">Meta<\/a> anunci\u00f3 el jueves que recortar\u00eda el 10 % de su plantilla, o aproximadamente 8.000 puestos, para operar de manera m\u00e1s eficiente y compensar otras inversiones. <a href=\"https:\/\/cnnespanol.cnn.com\/2026\/01\/28\/economia\/amazon-anuncia-despido-16-000-empleados-trax\">Amazon elimin\u00f3<\/a> 30.000 puestos de trabajo en dos rondas de despidos en enero y octubre. Y la empresa financiera Block recort\u00f3 un asombroso 40 % de su personal a principios de este a\u00f1o porque \u201cun equipo significativamente m\u00e1s peque\u00f1o\u201d puede \u201chacer m\u00e1s y hacerlo mejor\u201d con herramientas de IA.<\/p>\n<p>Microsoft, al igual que otras empresas tecnol\u00f3gicas, ha invertido fuertemente en infraestructura y herramientas de IA. Gast\u00f3 US $ 37.500 millones en gastos relacionados con centros de datos e infraestructura en el trimestre que termin\u00f3 en diciembre.<\/p>\n<p>Algunos l\u00edderes tecnol\u00f3gicos afirman que la IA les ha permitido lograr m\u00e1s con equipos m\u00e1s peque\u00f1os, gracias en parte a la capacidad de la IA para escribir c\u00f3digo.<br \/>Microsoft se encuentra entre las muchas empresas que ofrecen a los desarrolladores agentes de programaci\u00f3n que pueden trabajar en su nombre.<\/p>\n<p>Las indemnizaciones voluntarias llegan despu\u00e9s de que Microsoft despidiera a alrededor de 9.000 trabajadores el verano pasado, el mayor recorte desde 2023.<\/p>\n<p>El CEO de Microsoft, Satya Nadella, dijo que las tres prioridades empresariales de la compa\u00f1\u00eda son la seguridad, la calidad y la transformaci\u00f3n de IA en un <a href=\"https:\/\/blogs.microsoft.com\/blog\/2025\/07\/24\/recommitting-to-our-why-what-and-how\/\">memorando<\/a> sobre los despidos de julio del a\u00f1o pasado.<\/p>\n<p>\u201cEste cambio de plataforma est\u00e1 remodelando no solo los productos que construimos y los modelos de negocio bajo los que operamos, sino tambi\u00e9n c\u00f3mo estamos estructurados y c\u00f3mo trabajamos juntos cada d\u00eda\u201d, escribi\u00f3. \u201cA veces puede sentirse desordenado, pero la transformaci\u00f3n siempre lo es\u201d.<\/p>\n<p>The-CNN-Wire<br \/>&trade; &amp; &copy; 2026 Cable News Network, Inc., a Warner Bros. Discovery Company. All rights reserved.<\/p>\n","protected":false},"excerpt":{"rendered":"<p>Microsoft ofrece a cerca del 7 % de su plantilla en Estados Unidos la opci\u00f3n de jubilarse anticipadamente, el m\u00e1s reciente intento de una importante empresa tecnol\u00f3gica de reducir su tama\u00f1o mientras incrementa las inversiones en inteligencia artificial. El programa de jubilaci\u00f3n \u00fanica, pionera en la empresa, estar\u00e1 disponible para los empleados cuya edad y [&hellip;]<\/p>\n","protected":false},"author":0,"featured_media":0,"comment_status":"open","ping_status":"open","sticky":false,"template":"","format":"standard","meta":{"_jetpack_memberships_contains_paid_content":false,"footnotes":""},"categories":[10],"tags":[],"class_list":["post-1473489","post","type-post","status-publish","format-standard","hentry","category-noticias-nacionales","market-global"],"yoast_head":"<!-- This site is optimized with the Yoast SEO plugin v24.4 - https:\/\/yoast.com\/wordpress\/plugins\/seo\/ -->\n<title>Microsoft busca reducir el tama\u00f1o de su plantilla con un programa in\u00e9dito de jubilaci\u00f3n anticipada - Noticias<\/title>\n<meta name=\"robots\" content=\"index, follow, max-snippet:-1, max-image-preview:large, max-video-preview:-1\" \/>\n<link rel=\"canonical\" href=\"https:\/\/noticiasya.com\/2026\/04\/24\/microsoft-jubilacion-voluntaria-trax\/\" \/>\n<meta property=\"og:locale\" content=\"es_ES\" \/>\n<meta property=\"og:type\" content=\"article\" \/>\n<meta property=\"og:title\" content=\"Microsoft busca reducir el tama\u00f1o de su plantilla con un programa in\u00e9dito de jubilaci\u00f3n anticipada - Noticias\" \/>\n<meta property=\"og:description\" content=\"Microsoft ofrece a cerca del 7 % de su plantilla en Estados Unidos la opci\u00f3n de jubilarse anticipadamente, el m\u00e1s reciente intento de una importante empresa tecnol\u00f3gica de reducir su tama\u00f1o mientras incrementa las inversiones en inteligencia artificial. El programa de jubilaci\u00f3n \u00fanica, pionera en la empresa, estar\u00e1 disponible para los empleados cuya edad y [&hellip;]\" \/>\n<meta property=\"og:url\" content=\"https:\/\/noticiasya.com\/2026\/04\/24\/microsoft-jubilacion-voluntaria-trax\/\" \/>\n<meta property=\"og:site_name\" content=\"Noticias\" \/>\n<meta property=\"article:published_time\" content=\"2026-04-25T01:03:54+00:00\" \/>\n<meta name=\"twitter:card\" content=\"summary_large_image\" \/>\n<meta name=\"twitter:label1\" content=\"Est. reading time\" \/>\n\t<meta name=\"twitter:data1\" content=\"2 minutos\" \/>\n<script type=\"application\/ld+json\" class=\"yoast-schema-graph\">{\"@context\":\"https:\/\/schema.org\",\"@graph\":[{\"@type\":\"Article\",\"@id\":\"https:\/\/noticiasya.com\/2026\/04\/24\/microsoft-jubilacion-voluntaria-trax\/#article\",\"isPartOf\":{\"@id\":\"https:\/\/noticiasya.com\/2026\/04\/24\/microsoft-jubilacion-voluntaria-trax\/\"},\"author\":{\"name\":\"\",\"@id\":\"\"},\"headline\":\"Microsoft busca reducir el tama\u00f1o de su plantilla con un programa in\u00e9dito de jubilaci\u00f3n anticipada\",\"datePublished\":\"2026-04-25T01:03:54+00:00\",\"mainEntityOfPage\":{\"@id\":\"https:\/\/noticiasya.com\/2026\/04\/24\/microsoft-jubilacion-voluntaria-trax\/\"},\"wordCount\":475,\"commentCount\":0,\"publisher\":{\"@id\":\"https:\/\/noticiasya.com\/#organization\"},\"articleSection\":[\"Noticias Nacionales\"],\"inLanguage\":\"es\",\"potentialAction\":[{\"@type\":\"CommentAction\",\"name\":\"Comment\",\"target\":[\"https:\/\/noticiasya.com\/2026\/04\/24\/microsoft-jubilacion-voluntaria-trax\/#respond\"]}]},{\"@type\":\"WebPage\",\"@id\":\"https:\/\/noticiasya.com\/2026\/04\/24\/microsoft-jubilacion-voluntaria-trax\/\",\"url\":\"https:\/\/noticiasya.com\/2026\/04\/24\/microsoft-jubilacion-voluntaria-trax\/\",\"name\":\"Microsoft busca reducir el tama\u00f1o de su plantilla con un programa in\u00e9dito de jubilaci\u00f3n anticipada - Noticias\",\"isPartOf\":{\"@id\":\"https:\/\/noticiasya.com\/#website\"},\"datePublished\":\"2026-04-25T01:03:54+00:00\",\"breadcrumb\":{\"@id\":\"https:\/\/noticiasya.com\/2026\/04\/24\/microsoft-jubilacion-voluntaria-trax\/#breadcrumb\"},\"inLanguage\":\"es\",\"potentialAction\":[{\"@type\":\"ReadAction\",\"target\":[\"https:\/\/noticiasya.com\/2026\/04\/24\/microsoft-jubilacion-voluntaria-trax\/\"]}]},{\"@type\":\"BreadcrumbList\",\"@id\":\"https:\/\/noticiasya.com\/2026\/04\/24\/microsoft-jubilacion-voluntaria-trax\/#breadcrumb\",\"itemListElement\":[{\"@type\":\"ListItem\",\"position\":1,\"name\":\"Home\",\"item\":\"https:\/\/noticiasya.com\/\"},{\"@type\":\"ListItem\",\"position\":2,\"name\":\"Microsoft busca reducir el tama\u00f1o de su plantilla con un programa in\u00e9dito de jubilaci\u00f3n anticipada\"}]},{\"@type\":\"WebSite\",\"@id\":\"https:\/\/noticiasya.com\/#website\",\"url\":\"https:\/\/noticiasya.com\/\",\"name\":\"Noticias\",\"description\":\"Lo que importa\",\"publisher\":{\"@id\":\"https:\/\/noticiasya.com\/#organization\"},\"potentialAction\":[{\"@type\":\"SearchAction\",\"target\":{\"@type\":\"EntryPoint\",\"urlTemplate\":\"https:\/\/noticiasya.com\/?s={search_term_string}\"},\"query-input\":{\"@type\":\"PropertyValueSpecification\",\"valueRequired\":true,\"valueName\":\"search_term_string\"}}],\"inLanguage\":\"es\"},{\"@type\":\"Organization\",\"@id\":\"https:\/\/noticiasya.com\/#organization\",\"name\":\"Noticias\",\"url\":\"https:\/\/noticiasya.com\/\",\"logo\":{\"@type\":\"ImageObject\",\"inLanguage\":\"es\",\"@id\":\"https:\/\/noticiasya.com\/#\/schema\/logo\/image\/\",\"url\":\"https:\/\/noticiasya.com\/wp-content\/uploads\/sites\/22\/2023\/12\/logo-nacional.png\",\"contentUrl\":\"https:\/\/noticiasya.com\/wp-content\/uploads\/sites\/22\/2023\/12\/logo-nacional.png\",\"width\":1801,\"height\":691,\"caption\":\"Noticias\"},\"image\":{\"@id\":\"https:\/\/noticiasya.com\/#\/schema\/logo\/image\/\"}}]}<\/script>\n<!-- \/ Yoast SEO plugin. -->","yoast_head_json":{"title":"Microsoft busca reducir el tama\u00f1o de su plantilla con un programa in\u00e9dito de jubilaci\u00f3n anticipada - Noticias","robots":{"index":"index","follow":"follow","max-snippet":"max-snippet:-1","max-image-preview":"max-image-preview:large","max-video-preview":"max-video-preview:-1"},"canonical":"https:\/\/noticiasya.com\/2026\/04\/24\/microsoft-jubilacion-voluntaria-trax\/","og_locale":"es_ES","og_type":"article","og_title":"Microsoft busca reducir el tama\u00f1o de su plantilla con un programa in\u00e9dito de jubilaci\u00f3n anticipada - Noticias","og_description":"Microsoft ofrece a cerca del 7 % de su plantilla en Estados Unidos la opci\u00f3n de jubilarse anticipadamente, el m\u00e1s reciente intento de una importante empresa tecnol\u00f3gica de reducir su tama\u00f1o mientras incrementa las inversiones en inteligencia artificial. El programa de jubilaci\u00f3n \u00fanica, pionera en la empresa, estar\u00e1 disponible para los empleados cuya edad y [&hellip;]","og_url":"https:\/\/noticiasya.com\/2026\/04\/24\/microsoft-jubilacion-voluntaria-trax\/","og_site_name":"Noticias","article_published_time":"2026-04-25T01:03:54+00:00","twitter_card":"summary_large_image","twitter_misc":{"Est. reading time":"2 minutos"},"schema":{"@context":"https:\/\/schema.org","@graph":[{"@type":"Article","@id":"https:\/\/noticiasya.com\/2026\/04\/24\/microsoft-jubilacion-voluntaria-trax\/#article","isPartOf":{"@id":"https:\/\/noticiasya.com\/2026\/04\/24\/microsoft-jubilacion-voluntaria-trax\/"},"author":{"name":"","@id":""},"headline":"Microsoft busca reducir el tama\u00f1o de su plantilla con un programa in\u00e9dito de jubilaci\u00f3n anticipada","datePublished":"2026-04-25T01:03:54+00:00","mainEntityOfPage":{"@id":"https:\/\/noticiasya.com\/2026\/04\/24\/microsoft-jubilacion-voluntaria-trax\/"},"wordCount":475,"commentCount":0,"publisher":{"@id":"https:\/\/noticiasya.com\/#organization"},"articleSection":["Noticias Nacionales"],"inLanguage":"es","potentialAction":[{"@type":"CommentAction","name":"Comment","target":["https:\/\/noticiasya.com\/2026\/04\/24\/microsoft-jubilacion-voluntaria-trax\/#respond"]}]},{"@type":"WebPage","@id":"https:\/\/noticiasya.com\/2026\/04\/24\/microsoft-jubilacion-voluntaria-trax\/","url":"https:\/\/noticiasya.com\/2026\/04\/24\/microsoft-jubilacion-voluntaria-trax\/","name":"Microsoft busca reducir el tama\u00f1o de su plantilla con un programa in\u00e9dito de jubilaci\u00f3n anticipada - Noticias","isPartOf":{"@id":"https:\/\/noticiasya.com\/#website"},"datePublished":"2026-04-25T01:03:54+00:00","breadcrumb":{"@id":"https:\/\/noticiasya.com\/2026\/04\/24\/microsoft-jubilacion-voluntaria-trax\/#breadcrumb"},"inLanguage":"es","potentialAction":[{"@type":"ReadAction","target":["https:\/\/noticiasya.com\/2026\/04\/24\/microsoft-jubilacion-voluntaria-trax\/"]}]},{"@type":"BreadcrumbList","@id":"https:\/\/noticiasya.com\/2026\/04\/24\/microsoft-jubilacion-voluntaria-trax\/#breadcrumb","itemListElement":[{"@type":"ListItem","position":1,"name":"Home","item":"https:\/\/noticiasya.com\/"},{"@type":"ListItem","position":2,"name":"Microsoft busca reducir el tama\u00f1o de su plantilla con un programa in\u00e9dito de jubilaci\u00f3n anticipada"}]},{"@type":"WebSite","@id":"https:\/\/noticiasya.com\/#website","url":"https:\/\/noticiasya.com\/","name":"Noticias","description":"Lo que importa","publisher":{"@id":"https:\/\/noticiasya.com\/#organization"},"potentialAction":[{"@type":"SearchAction","target":{"@type":"EntryPoint","urlTemplate":"https:\/\/noticiasya.com\/?s={search_term_string}"},"query-input":{"@type":"PropertyValueSpecification","valueRequired":true,"valueName":"search_term_string"}}],"inLanguage":"es"},{"@type":"Organization","@id":"https:\/\/noticiasya.com\/#organization","name":"Noticias","url":"https:\/\/noticiasya.com\/","logo":{"@type":"ImageObject","inLanguage":"es","@id":"https:\/\/noticiasya.com\/#\/schema\/logo\/image\/","url":"https:\/\/noticiasya.com\/wp-content\/uploads\/sites\/22\/2023\/12\/logo-nacional.png","contentUrl":"https:\/\/noticiasya.com\/wp-content\/uploads\/sites\/22\/2023\/12\/logo-nacional.png","width":1801,"height":691,"caption":"Noticias"},"image":{"@id":"https:\/\/noticiasya.com\/#\/schema\/logo\/image\/"}}]}},"parsely":{"version":"1.1.0","canonical_url":"https:\/\/noticiasya.com\/nacional\/2026\/04\/24\/microsoft-jubilacion-voluntaria-trax\/","smart_links":{"inbound":0,"outbound":0},"traffic_boost_suggestions_count":0,"meta":{"@context":"https:\/\/schema.org","@type":"NewsArticle","headline":"Microsoft busca reducir el tama\u00f1o de su plantilla con un programa in\u00e9dito de jubilaci\u00f3n anticipada","url":"http:\/\/noticiasya.com\/nacional\/2026\/04\/24\/microsoft-jubilacion-voluntaria-trax\/","mainEntityOfPage":{"@type":"WebPage","@id":"http:\/\/noticiasya.com\/nacional\/2026\/04\/24\/microsoft-jubilacion-voluntaria-trax\/"},"thumbnailUrl":"","image":{"@type":"ImageObject","url":""},"articleSection":"Noticias Nacionales","author":[],"creator":[],"publisher":{"@type":"Organization","name":"Noticias","logo":""},"keywords":[],"dateCreated":"2026-04-25T01:03:54Z","datePublished":"2026-04-25T01:03:54Z","dateModified":"2026-04-25T01:03:54Z"},"rendered":"<script type=\"application\/ld+json\" class=\"wp-parsely-metadata\">{\"@context\":\"https:\\\/\\\/schema.org\",\"@type\":\"NewsArticle\",\"headline\":\"Microsoft busca reducir el tama\\u00f1o de su plantilla con un programa in\\u00e9dito de jubilaci\\u00f3n anticipada\",\"url\":\"http:\\\/\\\/noticiasya.com\\\/nacional\\\/2026\\\/04\\\/24\\\/microsoft-jubilacion-voluntaria-trax\\\/\",\"mainEntityOfPage\":{\"@type\":\"WebPage\",\"@id\":\"http:\\\/\\\/noticiasya.com\\\/nacional\\\/2026\\\/04\\\/24\\\/microsoft-jubilacion-voluntaria-trax\\\/\"},\"thumbnailUrl\":\"\",\"image\":{\"@type\":\"ImageObject\",\"url\":\"\"},\"articleSection\":\"Noticias Nacionales\",\"author\":[],\"creator\":[],\"publisher\":{\"@type\":\"Organization\",\"name\":\"Noticias\",\"logo\":\"\"},\"keywords\":[],\"dateCreated\":\"2026-04-25T01:03:54Z\",\"datePublished\":\"2026-04-25T01:03:54Z\",\"dateModified\":\"2026-04-25T01:03:54Z\"}<\/script>","tracker_url":"https:\/\/cdn.parsely.com\/keys\/noticiasya.com\/p.js"},"jetpack_featured_media_url":"","jetpack-related-posts":[{"id":1464161,"url":"https:\/\/noticiasya.com\/nacional\/2025\/07\/02\/microsoft-despedira-9000-empleados-recorte-trax\/","url_meta":{"origin":1473489,"position":0},"title":"Microsoft despedir\u00e1 a unos 9.000 empleados en su mayor recorte desde 2023","author":"","date":"julio 2, 2025","format":false,"excerpt":"Microsoft est\u00e1 despidiendo a miles de empleados, en su tercera ronda de recortes en los \u00faltimos meses, confirm\u00f3 la empresa este mi\u00e9rcoles.La reducci\u00f3n de personal afectar\u00e1 a menos del 4 % de la fuerza laboral total de la compa\u00f1\u00eda, es decir, a unos 9.000 trabajadores, seg\u00fan un portavoz de la\u2026","rel":"","context":"In &quot;Noticias Nacionales&quot;","block_context":{"text":"Noticias Nacionales","link":"https:\/\/noticiasya.com\/nacional\/categoria\/noticias-nacionales"},"img":{"alt_text":"","src":"","width":0,"height":0},"classes":[]},{"id":1444353,"url":"https:\/\/noticiasya.com\/nacional\/2024\/01\/24\/ebay-despide-a-1-000-empleados-alrededor-del-9-de-su-plantilla\/","url_meta":{"origin":1473489,"position":1},"title":"eBay despide a 1.000 empleados, alrededor del 9% de su plantilla","author":"","date":"enero 24, 2024","format":false,"excerpt":"(CNN) --\u00a0 eBay est\u00e1 eliminando 1.000 puestos, alrededor del 9% de sus empleados de tiempo completo, anunci\u00f3 en l\u00ednea este martes el director ejecutivo de la compa\u00f1\u00eda.La empresa tambi\u00e9n planea reducir sus contratos con su \u201cfuerza laboral alternativa\u201d en los pr\u00f3ximos meses.El director ejecutivo, Jamie Iannone, cit\u00f3 el \"entorno macroecon\u00f3mico\u2026","rel":"","context":"In &quot;Noticias Nacionales&quot;","block_context":{"text":"Noticias Nacionales","link":"https:\/\/noticiasya.com\/nacional\/categoria\/noticias-nacionales"},"img":{"alt_text":"","src":"","width":0,"height":0},"classes":[]},{"id":1458339,"url":"https:\/\/noticiasya.com\/nacional\/2025\/02\/06\/fecha-limite-trabajadores-federales-oferta-renuncia-trump-trax\/","url_meta":{"origin":1473489,"position":2},"title":"Se acerca el plazo l\u00edmite para que los trabajadores federales acepten la oferta de renuncia del Gobierno de Trump","author":"","date":"febrero 6, 2025","format":false,"excerpt":"Los trabajadores federales elegibles deben decidir antes de las 11:59 p.m., hora de Miami, de este jueves si aceptan la oferta de renuncia diferida del Gobierno de Donald Trump, que les permitir\u00e1 dejar sus empleos, pero cobrar hasta finales de septiembre.Al menos 40.000 empleados ya aceptaron el acuerdo, dijo un\u2026","rel":"","context":"In &quot;Noticias Nacionales&quot;","block_context":{"text":"Noticias Nacionales","link":"https:\/\/noticiasya.com\/nacional\/categoria\/noticias-nacionales"},"img":{"alt_text":"","src":"","width":0,"height":0},"classes":[]},{"id":1462196,"url":"https:\/\/noticiasya.com\/nacional\/2025\/05\/10\/republicanos-camara-de-representantes-recortes-pensiones-trax\/","url_meta":{"origin":1473489,"position":3},"title":"Los republicanos de la C\u00e1mara de Representantes impulsan recortes a las pensiones","author":"","date":"mayo 10, 2025","format":false,"excerpt":"Tras meses de lidiar con la campa\u00f1a del Gobierno de Trump por reducir la plantilla federal, los empleados p\u00fablicos se enfrentan ahora a la posibilidad de otro cambio importante que podr\u00eda empujar a a\u00fan m\u00e1s trabajadores a abandonar sus puestos de trabajo.Los republicanos de la C\u00e1mara de Representantes buscan realizar\u2026","rel":"","context":"In &quot;Noticias Nacionales&quot;","block_context":{"text":"Noticias Nacionales","link":"https:\/\/noticiasya.com\/nacional\/categoria\/noticias-nacionales"},"img":{"alt_text":"","src":"","width":0,"height":0},"classes":[]},{"id":1443608,"url":"https:\/\/noticiasya.com\/nacional\/2024\/01\/12\/citigroup-despedira-a-20-000-empleados\/","url_meta":{"origin":1473489,"position":4},"title":"Citigroup despedir\u00e1 a 20.000 empleados","author":"","date":"enero 12, 2024","format":false,"excerpt":"(CNN) -- Citigroup despedir\u00e1 a 20.000 empleados durante los pr\u00f3ximos dos a\u00f1os, inform\u00f3 este viernes el director financiero Mark Mason. Los recortes ocurren despu\u00e9s de que la compa\u00f1\u00eda reportara una p\u00e9rdida neta de US$ 1.800 millones en el cuarto trimestre de 2023, su peor trimestre en 15 a\u00f1os.El banco espera\u2026","rel":"","context":"In &quot;Noticias Nacionales&quot;","block_context":{"text":"Noticias Nacionales","link":"https:\/\/noticiasya.com\/nacional\/categoria\/noticias-nacionales"},"img":{"alt_text":"","src":"","width":0,"height":0},"classes":[]},{"id":1471713,"url":"https:\/\/noticiasya.com\/nacional\/2026\/02\/27\/block-despide-casi-mitad-personal-debido-ia-trax\/","url_meta":{"origin":1473489,"position":5},"title":"Block despide a casi la mitad de su personal debido a la IA. Su CEO afirma que la mayor\u00eda de las empresas har\u00e1n lo mismo","author":"","date":"febrero 27, 2026","format":false,"excerpt":"Block, la empresa detr\u00e1s de Square, Cash App y Afterpay, reducir\u00e1 su plantilla en un 40 %. El motivo: \u201cherramientas de inteligencia\u201d, seg\u00fan una carta del cofundador Jack Dorsey dirigida a los accionistas.Dorsey cree que la mayor\u00eda de las empresas seguir\u00e1n su ejemplo en el futuro cercano.La empresa est\u00e1 despidiendo\u2026","rel":"","context":"In &quot;Noticias Nacionales&quot;","block_context":{"text":"Noticias Nacionales","link":"https:\/\/noticiasya.com\/nacional\/categoria\/noticias-nacionales"},"img":{"alt_text":"","src":"","width":0,"height":0},"classes":[]}],"jetpack_sharing_enabled":true,"_links":{"self":[{"href":"https:\/\/noticiasya.com\/nacional\/wp-json\/wp\/v2\/posts\/1473489","targetHints":{"allow":["GET"]}}],"collection":[{"href":"https:\/\/noticiasya.com\/nacional\/wp-json\/wp\/v2\/posts"}],"about":[{"href":"https:\/\/noticiasya.com\/nacional\/wp-json\/wp\/v2\/types\/post"}],"replies":[{"embeddable":true,"href":"https:\/\/noticiasya.com\/nacional\/wp-json\/wp\/v2\/comments?post=1473489"}],"version-history":[{"count":0,"href":"https:\/\/noticiasya.com\/nacional\/wp-json\/wp\/v2\/posts\/1473489\/revisions"}],"wp:attachment":[{"href":"https:\/\/noticiasya.com\/nacional\/wp-json\/wp\/v2\/media?parent=1473489"}],"wp:term":[{"taxonomy":"category","embeddable":true,"href":"https:\/\/noticiasya.com\/nacional\/wp-json\/wp\/v2\/categories?post=1473489"},{"taxonomy":"post_tag","embeddable":true,"href":"https:\/\/noticiasya.com\/nacional\/wp-json\/wp\/v2\/tags?post=1473489"}],"curies":[{"name":"wp","href":"https:\/\/api.w.org\/{rel}","templated":true}]}}