{"id":1473688,"date":"2026-04-30T15:03:53","date_gmt":"2026-04-30T22:03:53","guid":{"rendered":"https:\/\/noticiasya.com\/2026\/04\/30\/ruben-ochoa-gobernador-sinaloa-acusado-orix\/"},"modified":"2026-04-30T15:03:53","modified_gmt":"2026-04-30T22:03:53","slug":"ruben-ochoa-gobernador-sinaloa-acusado-orix","status":"publish","type":"post","link":"https:\/\/noticiasya.com\/nacional\/2026\/04\/30\/ruben-ochoa-gobernador-sinaloa-acusado-orix\/","title":{"rendered":"Qui\u00e9n es Rub\u00e9n Rocha, el gobernador de Sinaloa acusado de narcotr\u00e1fico por EE.UU."},"content":{"rendered":"<p>La carrera del gobernador de Sinaloa, Rub\u00e9n Rocha Moya, un acad\u00e9mico curtido en la administraci\u00f3n universitaria y que pas\u00f3 por varios partidos del espectro pol\u00edtico hasta dar el gran salto con la coalici\u00f3n izquierdista encabezada por Morena, dio un vuelco esta semana cuando el funcionario fue <a href=\"https:\/\/cnnespanol.cnn.com\/2026\/04\/29\/mexico\/acusacion-gobernador-sinaloa-ruben-rocha-orix\">acusado por el Departamento de Justicia de Estados Unidos<\/a> por cargos de narcotr\u00e1fico y armas.<\/p>\n<p>Rocha Moya, de 76 a\u00f1os, dijo este mi\u00e9rcoles que rechaza \u201ccateg\u00f3rica y absolutamente\u201d las imputaciones en su contra y que estas \u201ccarecen de veracidad y fundamento alguno\u201d.<\/p>\n<p>Por su parte, la presidenta de M\u00e9xico, Claudia Sheinbaum, del mismo partido que Rocha Moya, <a href=\"https:\/\/cnnespanol.cnn.com\/2026\/04\/30\/mexico\/sheinbaum-acusacion-gobernador-sinaloa-eeuu-pruebas-orix\">dijo este jueves que solo proceder\u00e1<\/a> contra el gobernador \u201csi existen pruebas contundentes\u201d y consider\u00f3 que si no hay evidencias quedar\u00eda claro que el objetivo de Estados Unidos \u201ces pol\u00edtico\u201d.<\/p>\n<p>Rocha, licenciado como profesor de Educaci\u00f3n Media, realiz\u00f3 tambi\u00e9n una maestr\u00eda en Ciencias de la Educaci\u00f3n por la Universidad Aut\u00f3noma de Quer\u00e9taro (UAQ) y un doctorado en Ciencias Sociales por la Universidad Aut\u00f3noma de Sinaloa (UAS), <a href=\"http:\/\/www.sil.gobernacion.gob.mx\/Librerias\/pp_PerfilLegislador.php?Referencia=9225189#Perfil\">seg\u00fan su hoja de vida<\/a>.<\/p>\n<p>Entre 1993 y 1997, fue rector de la UAS, instituci\u00f3n en la que previamente ya hab\u00eda fungido como secretario general.<\/p>\n<p>Desde entonces, e incluso antes, Rocha Moya ya hab\u00eda buscado ser gobernador de Sinaloa. En 1986, fue candidato a la gubernatura del estado por una coalici\u00f3n de partidos de izquierda llamada Movimiento Popular Sinaloense (MPS). Rocha Moya qued\u00f3 en un lejano tercer lugar con apenas el 1,67 % de los votos, eclipsado por el Partido Revolucionario Institucional (PRI, que tuvo m\u00e1s del 66 % de los votos) y el Partido Acci\u00f3n Nacional (PAN, con casi el 28 %). El pol\u00edtico denunci\u00f3 fraude en el proceso m\u00e1s amplio de elecciones en el estado, como se puede constatar en el <a href=\"https:\/\/es.scribd.com\/document\/579172045\/FALD#fullscreen=1&#038;from_embed=&#038;page=118\">libro de su autor\u00eda<\/a> \u201cFraude a la democracia: Las elecciones en Sinaloa, 1986\u201d, publicado un a\u00f1o despu\u00e9s de la contienda.<\/p>\n<p>En 1998, Rocha Moya se volvi\u00f3 a postular a la gubernatura y qued\u00f3 nuevamente en <a href=\"https:\/\/www.ieesinaloa.mx\/wp-content\/uploads\/ProcesosElectorales\/1998\/2.-Memoria-Proceso-Electoral-Local-19981.pdf\">tercer lugar de la elecci\u00f3n<\/a>, esta vez como candidato del Partido de la Revoluci\u00f3n Democr\u00e1tica (PRD), organizaci\u00f3n pol\u00edtica de izquierda hoy extinta que fue fundada, entre otros, por el expresidente Andr\u00e9s Manuel L\u00f3pez Obrador.<\/p>\n<p>A partir de 2005, se desempe\u00f1\u00f3 como coordinador de asesores del gobernador de Sinaloa, que en ese entonces era el priista Jes\u00fas Aguilar Padilla. Dicho cargo lo ocup\u00f3 hasta el final de la gesti\u00f3n de Aguilar Padilla en 2010.<\/p>\n<p>En 2013, durante la presidencia del priista Enrique Pe\u00f1a Nieto, Rocha Moya inici\u00f3 su cargo como subdirector de Capacitaci\u00f3n del Instituto de Seguridad y Servicios Sociales de los Trabajadores del Estado (ISSSTE).<\/p>\n<p>Ha escrito m\u00e1s de una decena de libros en tem\u00e1ticas diversas como pol\u00edtica, educaci\u00f3n (\u201cPedagog\u00eda del anhelo. Una vida en las normales rurales\u201d, de 2015) y narcotr\u00e1fico (la novela \u201cEl disimulo: as\u00ed naci\u00f3 el narco\u201d, de 2013), un tema que hoy lo tiene bajo una acusaci\u00f3n formal de las autoridades estadounidenses.<\/p>\n<p>\u201cEn general (\u2018El disimulo\u2019) trata del narcotr\u00e1fico. Pretendo yo, a trav\u00e9s de una historia general y una serie de historias particulares, hablar, describir el modus operandi de las bandas del narcotr\u00e1fico\u201d, dijo Rocha Moya en <a href=\"https:\/\/www.youtube.com\/watch?v=j3NSpoRuHG0\">entrevista<\/a> con un medio local al presentar su novela.<\/p>\n<p>Rocha Moya ha trabajado en todo el espectro pol\u00edtico mexicano. En las d\u00e9cadas de 1980 (MPS) y 1990 (PRD), se volc\u00f3 a la izquierda, mientras que desde 2005 su preferencia se fue con el PRI, partido con el que trabaj\u00f3 de cerca por su cargo con Aguilar Padilla y luego en el ISSSTE.<\/p>\n<p>Su cargo en el ISSSTE lo ocup\u00f3 hasta 2017. Ese mismo a\u00f1o, labor\u00f3 como <a href=\"https:\/\/saludsinaloa.gob.mx\/wp-content\/uploads\/2018\/transparencia\/Plan-Estatal-de-Desarrollo-Sinaloa-2017-2021.pdf\">coordinador de asesores<\/a> en el estado de Sinaloa bajo el mandato del gobernador priista Quirino Ordaz Coppel, actual <a href=\"https:\/\/portales.sre.gob.mx\/directorio\/index.php\/embajadas-de-mexico-en-el-exterior\/espana\">embajador de M\u00e9xico en Espa\u00f1a<\/a>. Tambi\u00e9n ese a\u00f1o, volvi\u00f3 a la izquierda con Morena, partido fundado por L\u00f3pez Obrador, al ocupar el encargo de coordinador estatal de dicha fuerza pol\u00edtica en Sinaloa.<\/p>\n<p>Al a\u00f1o siguiente, Rocha Moya e Imelda Castro compitieron en las <a href=\"https:\/\/computos2018-entidad.ine.mx\/#\/senadurias\/entidad\/detalle\/1\/2\/2\/1?entidad=25\">elecciones<\/a> generales por un puesto en el Senado como candidatos de la coalici\u00f3n Juntos Haremos Historia que era encabezada por Morena \u2014misma coalici\u00f3n que llev\u00f3 a L\u00f3pez Obrador a la presidencia ese a\u00f1o luego de dos intentos consecutivos fallidos\u2014. Rocha Moya y Castro arrasaron en dicha elecci\u00f3n con m\u00e1s del 46 % de los votos, con lo cual se convirtieron en senadores desde 2018.<\/p>\n<p>En 2021, Rocha Moya se postul\u00f3 a gobernador de Sinaloa como candidato com\u00fan del Partido Sinaloense y Morena. Los c\u00f3mputos oficiales le dieron la <a href=\"https:\/\/www.ieesinaloa.mx\/?boletines-de-prensa=aprueban-computos-estatales-de-eleccion-a-gubernatura-y-asignan-diputados-de-representacion-proporcional\">victoria<\/a> con m\u00e1s del 56 % de los votos, aunque se registraron <a href=\"https:\/\/teesin.org.mx\/wp-content\/uploads\/2021\/07\/TESIN-INC-06-2021.pdf\">denuncias<\/a> de los candidatos opositores por \u201cprivaci\u00f3n de la libertad y amenazas a simpatizantes\u201d, as\u00ed como por \u201camenazas del narco\u201d. A pesar de las denuncias, el Tribunal Electoral del Estado de Sinaloa <a href=\"https:\/\/teesin.org.mx\/wp-content\/uploads\/2021\/07\/TESIN-INC-06-2021.pdf\">confirm\u00f3<\/a> los resultados a favor de Rocha Moya.<\/p>\n<p>La acusaci\u00f3n que Estados Unidos hizo p\u00fablica este mi\u00e9rcoles retoma el desarrollo de los comicios de ese a\u00f1o y las posibles irregularidades en ellos. Seg\u00fan el documento, Rocha Moya sostuvo reuniones con l\u00edderes de Los Chapitos, una fracci\u00f3n del poderoso Cartel de Sinaloa que presuntamente prometi\u00f3 apoyarlo a cambio de recibir respaldo para poder realizar actividades il\u00edcitas.<\/p>\n<p>\u201cPara respaldar la elecci\u00f3n de Rocha Moya, los l\u00edderes de Los Chapitos, entre otros aspectos, ordenaron a los miembros de Los Chapitos que robaran las papeletas con votos de los oponentes de Rocha Moya, y que secuestraran e intimidaran a los candidatos de la oposici\u00f3n\u201d, dice.<\/p>\n<p>Est\u00e1 previsto que el mandato de Rocha Moya como gobernador de Sinaloa termine en 2027.<\/p>\n<p>A lo largo de su mandato como gobernador, Rocha Moya ha recibido se\u00f1alamientos por problemas en Sinaloa como los altos \u00edndices de violencia y la operaci\u00f3n de grupos criminales. Algunos de esos se\u00f1alamientos aumentaron a mediados de 2024 luego de la captura de Ismael \u201cel Mayo\u201d Zambada, l\u00edder del cartel que se declar\u00f3 culpable en Estados Unidos y espera sentencia.<\/p>\n<p>La detenci\u00f3n del \u201cMayo\u201d, quien dice haber sido traicionado por los hijos de Joaqu\u00edn \u201cel Chapo\u201d Guzm\u00e1n, otro capo ya condenado a cadena perpetua en Estados Unidos, desat\u00f3 enfrentamientos entre fracciones rivales del cartel que han incrementado los homicidios en Sinaloa.<\/p>\n<p>Rocha niega haber tenido alguna relaci\u00f3n con el arresto del \u201cMayo\u201d y, en agosto de 2024, fue defendido por el entonces presidente L\u00f3pez Obrador.<\/p>\n<p>\u201cNosotros le tenemos toda la confianza al maestro Rocha, toda la confianza al gobernador Rub\u00e9n Rocha Moya de Sinaloa, y lo felicito porque da la cara\u201d, dijo L\u00f3pez Obrador entonces durante un acto p\u00fablico.<\/p>\n<p>La acusaci\u00f3n contra Rocha, quien podr\u00eda enfrentar una pena que va de 40 a\u00f1os de prisi\u00f3n a la cadena perpetua si es hallado culpable, sostiene que el gobernador y otros nueve acusados se aliaron con el Cartel de Sinaloa, uno de los m\u00e1s poderosos del continente, \u201cpara importar cantidades masivas de narc\u00f3ticos a Estados Unidos\u201d.<\/p>\n<p>El Departamento de Justicia de Estados Unidos afirma que Los Chapitos apoyaron a Rocha desde que fue candidato y presuntamente se reunieron con \u00e9l. \u201cRocha Moya ha permitido que Los Chapitos operen con impunidad en Sinaloa\u201d, dice la acusaci\u00f3n.<\/p>\n<p>Rocha dijo en X que la acusaci\u00f3n representa \u201cun ataque\u201d contra la \u201ccuarta transformaci\u00f3n\u201d, el movimiento que abandera Morena.<\/p>\n<p>El partido, por su parte, ha puesto en duda las acusaciones de Estados Unidos y dice que conf\u00eda en que las autoridades mexicanas podr\u00e1n esclarecer la situaci\u00f3n. \u201cMorena refrenda su confianza en la actuaci\u00f3n de la Fiscal\u00eda General de la Rep\u00fablica, sabiendo que cualquier decisi\u00f3n se tomar\u00e1 con responsabilidad, conforme a derecho y en defensa de nuestra soberan\u00eda\u201d, dijo <a href=\"https:\/\/morena.org\/en-mexico-defendemos-nuestra-soberania-y-el-estado-de-derecho\/\">en un comunicado<\/a> emitido por la noche del mi\u00e9rcoles.<\/p>\n<p>The-CNN-Wire<br \/>&trade; &amp; &copy; 2026 Cable News Network, Inc., a Warner Bros. Discovery Company. All rights reserved.<\/p>\n","protected":false},"excerpt":{"rendered":"<p>La carrera del gobernador de Sinaloa, Rub\u00e9n Rocha Moya, un acad\u00e9mico curtido en la administraci\u00f3n universitaria y que pas\u00f3 por varios partidos del espectro pol\u00edtico hasta dar el gran salto con la coalici\u00f3n izquierdista encabezada por Morena, dio un vuelco esta semana cuando el funcionario fue acusado por el Departamento de Justicia de Estados Unidos [&hellip;]<\/p>\n","protected":false},"author":0,"featured_media":0,"comment_status":"open","ping_status":"open","sticky":false,"template":"","format":"standard","meta":{"_jetpack_memberships_contains_paid_content":false,"footnotes":""},"categories":[10],"tags":[],"class_list":["post-1473688","post","type-post","status-publish","format-standard","hentry","category-noticias-nacionales","market-global"],"yoast_head":"<!-- This site is optimized with the Yoast SEO plugin v24.4 - https:\/\/yoast.com\/wordpress\/plugins\/seo\/ -->\n<title>Qui\u00e9n es Rub\u00e9n Rocha, el gobernador de Sinaloa acusado de narcotr\u00e1fico por EE.UU. - Noticias<\/title>\n<meta name=\"robots\" content=\"index, follow, max-snippet:-1, max-image-preview:large, max-video-preview:-1\" \/>\n<link rel=\"canonical\" href=\"https:\/\/noticiasya.com\/2026\/04\/30\/ruben-ochoa-gobernador-sinaloa-acusado-orix\/\" \/>\n<meta property=\"og:locale\" content=\"es_ES\" \/>\n<meta property=\"og:type\" content=\"article\" \/>\n<meta property=\"og:title\" content=\"Qui\u00e9n es Rub\u00e9n Rocha, el gobernador de Sinaloa acusado de narcotr\u00e1fico por EE.UU. - Noticias\" \/>\n<meta property=\"og:description\" content=\"La carrera del gobernador de Sinaloa, Rub\u00e9n Rocha Moya, un acad\u00e9mico curtido en la administraci\u00f3n universitaria y que pas\u00f3 por varios partidos del espectro pol\u00edtico hasta dar el gran salto con la coalici\u00f3n izquierdista encabezada por Morena, dio un vuelco esta semana cuando el funcionario fue acusado por el Departamento de Justicia de Estados Unidos [&hellip;]\" \/>\n<meta property=\"og:url\" content=\"https:\/\/noticiasya.com\/2026\/04\/30\/ruben-ochoa-gobernador-sinaloa-acusado-orix\/\" \/>\n<meta property=\"og:site_name\" content=\"Noticias\" \/>\n<meta property=\"article:published_time\" content=\"2026-04-30T22:03:53+00:00\" \/>\n<meta name=\"twitter:card\" content=\"summary_large_image\" \/>\n<meta name=\"twitter:label1\" content=\"Est. reading time\" \/>\n\t<meta name=\"twitter:data1\" content=\"7 minutos\" \/>\n<script type=\"application\/ld+json\" class=\"yoast-schema-graph\">{\"@context\":\"https:\/\/schema.org\",\"@graph\":[{\"@type\":\"Article\",\"@id\":\"https:\/\/noticiasya.com\/2026\/04\/30\/ruben-ochoa-gobernador-sinaloa-acusado-orix\/#article\",\"isPartOf\":{\"@id\":\"https:\/\/noticiasya.com\/2026\/04\/30\/ruben-ochoa-gobernador-sinaloa-acusado-orix\/\"},\"author\":{\"name\":\"\",\"@id\":\"\"},\"headline\":\"Qui\u00e9n es Rub\u00e9n Rocha, el gobernador de Sinaloa acusado de narcotr\u00e1fico por EE.UU.\",\"datePublished\":\"2026-04-30T22:03:53+00:00\",\"mainEntityOfPage\":{\"@id\":\"https:\/\/noticiasya.com\/2026\/04\/30\/ruben-ochoa-gobernador-sinaloa-acusado-orix\/\"},\"wordCount\":1368,\"commentCount\":0,\"publisher\":{\"@id\":\"https:\/\/noticiasya.com\/#organization\"},\"articleSection\":[\"Noticias Nacionales\"],\"inLanguage\":\"es\",\"potentialAction\":[{\"@type\":\"CommentAction\",\"name\":\"Comment\",\"target\":[\"https:\/\/noticiasya.com\/2026\/04\/30\/ruben-ochoa-gobernador-sinaloa-acusado-orix\/#respond\"]}]},{\"@type\":\"WebPage\",\"@id\":\"https:\/\/noticiasya.com\/2026\/04\/30\/ruben-ochoa-gobernador-sinaloa-acusado-orix\/\",\"url\":\"https:\/\/noticiasya.com\/2026\/04\/30\/ruben-ochoa-gobernador-sinaloa-acusado-orix\/\",\"name\":\"Qui\u00e9n es Rub\u00e9n Rocha, el gobernador de Sinaloa acusado de narcotr\u00e1fico por EE.UU. - Noticias\",\"isPartOf\":{\"@id\":\"https:\/\/noticiasya.com\/#website\"},\"datePublished\":\"2026-04-30T22:03:53+00:00\",\"breadcrumb\":{\"@id\":\"https:\/\/noticiasya.com\/2026\/04\/30\/ruben-ochoa-gobernador-sinaloa-acusado-orix\/#breadcrumb\"},\"inLanguage\":\"es\",\"potentialAction\":[{\"@type\":\"ReadAction\",\"target\":[\"https:\/\/noticiasya.com\/2026\/04\/30\/ruben-ochoa-gobernador-sinaloa-acusado-orix\/\"]}]},{\"@type\":\"BreadcrumbList\",\"@id\":\"https:\/\/noticiasya.com\/2026\/04\/30\/ruben-ochoa-gobernador-sinaloa-acusado-orix\/#breadcrumb\",\"itemListElement\":[{\"@type\":\"ListItem\",\"position\":1,\"name\":\"Home\",\"item\":\"https:\/\/noticiasya.com\/\"},{\"@type\":\"ListItem\",\"position\":2,\"name\":\"Qui\u00e9n es Rub\u00e9n Rocha, el gobernador de Sinaloa acusado de narcotr\u00e1fico por EE.UU.\"}]},{\"@type\":\"WebSite\",\"@id\":\"https:\/\/noticiasya.com\/#website\",\"url\":\"https:\/\/noticiasya.com\/\",\"name\":\"Noticias\",\"description\":\"Lo que importa\",\"publisher\":{\"@id\":\"https:\/\/noticiasya.com\/#organization\"},\"potentialAction\":[{\"@type\":\"SearchAction\",\"target\":{\"@type\":\"EntryPoint\",\"urlTemplate\":\"https:\/\/noticiasya.com\/?s={search_term_string}\"},\"query-input\":{\"@type\":\"PropertyValueSpecification\",\"valueRequired\":true,\"valueName\":\"search_term_string\"}}],\"inLanguage\":\"es\"},{\"@type\":\"Organization\",\"@id\":\"https:\/\/noticiasya.com\/#organization\",\"name\":\"Noticias\",\"url\":\"https:\/\/noticiasya.com\/\",\"logo\":{\"@type\":\"ImageObject\",\"inLanguage\":\"es\",\"@id\":\"https:\/\/noticiasya.com\/#\/schema\/logo\/image\/\",\"url\":\"https:\/\/noticiasya.com\/wp-content\/uploads\/sites\/22\/2023\/12\/logo-nacional.png\",\"contentUrl\":\"https:\/\/noticiasya.com\/wp-content\/uploads\/sites\/22\/2023\/12\/logo-nacional.png\",\"width\":1801,\"height\":691,\"caption\":\"Noticias\"},\"image\":{\"@id\":\"https:\/\/noticiasya.com\/#\/schema\/logo\/image\/\"}}]}<\/script>\n<!-- \/ Yoast SEO plugin. -->","yoast_head_json":{"title":"Qui\u00e9n es Rub\u00e9n Rocha, el gobernador de Sinaloa acusado de narcotr\u00e1fico por EE.UU. - Noticias","robots":{"index":"index","follow":"follow","max-snippet":"max-snippet:-1","max-image-preview":"max-image-preview:large","max-video-preview":"max-video-preview:-1"},"canonical":"https:\/\/noticiasya.com\/2026\/04\/30\/ruben-ochoa-gobernador-sinaloa-acusado-orix\/","og_locale":"es_ES","og_type":"article","og_title":"Qui\u00e9n es Rub\u00e9n Rocha, el gobernador de Sinaloa acusado de narcotr\u00e1fico por EE.UU. - Noticias","og_description":"La carrera del gobernador de Sinaloa, Rub\u00e9n Rocha Moya, un acad\u00e9mico curtido en la administraci\u00f3n universitaria y que pas\u00f3 por varios partidos del espectro pol\u00edtico hasta dar el gran salto con la coalici\u00f3n izquierdista encabezada por Morena, dio un vuelco esta semana cuando el funcionario fue acusado por el Departamento de Justicia de Estados Unidos [&hellip;]","og_url":"https:\/\/noticiasya.com\/2026\/04\/30\/ruben-ochoa-gobernador-sinaloa-acusado-orix\/","og_site_name":"Noticias","article_published_time":"2026-04-30T22:03:53+00:00","twitter_card":"summary_large_image","twitter_misc":{"Est. reading time":"7 minutos"},"schema":{"@context":"https:\/\/schema.org","@graph":[{"@type":"Article","@id":"https:\/\/noticiasya.com\/2026\/04\/30\/ruben-ochoa-gobernador-sinaloa-acusado-orix\/#article","isPartOf":{"@id":"https:\/\/noticiasya.com\/2026\/04\/30\/ruben-ochoa-gobernador-sinaloa-acusado-orix\/"},"author":{"name":"","@id":""},"headline":"Qui\u00e9n es Rub\u00e9n Rocha, el gobernador de Sinaloa acusado de narcotr\u00e1fico por EE.UU.","datePublished":"2026-04-30T22:03:53+00:00","mainEntityOfPage":{"@id":"https:\/\/noticiasya.com\/2026\/04\/30\/ruben-ochoa-gobernador-sinaloa-acusado-orix\/"},"wordCount":1368,"commentCount":0,"publisher":{"@id":"https:\/\/noticiasya.com\/#organization"},"articleSection":["Noticias Nacionales"],"inLanguage":"es","potentialAction":[{"@type":"CommentAction","name":"Comment","target":["https:\/\/noticiasya.com\/2026\/04\/30\/ruben-ochoa-gobernador-sinaloa-acusado-orix\/#respond"]}]},{"@type":"WebPage","@id":"https:\/\/noticiasya.com\/2026\/04\/30\/ruben-ochoa-gobernador-sinaloa-acusado-orix\/","url":"https:\/\/noticiasya.com\/2026\/04\/30\/ruben-ochoa-gobernador-sinaloa-acusado-orix\/","name":"Qui\u00e9n es Rub\u00e9n Rocha, el gobernador de Sinaloa acusado de narcotr\u00e1fico por EE.UU. - Noticias","isPartOf":{"@id":"https:\/\/noticiasya.com\/#website"},"datePublished":"2026-04-30T22:03:53+00:00","breadcrumb":{"@id":"https:\/\/noticiasya.com\/2026\/04\/30\/ruben-ochoa-gobernador-sinaloa-acusado-orix\/#breadcrumb"},"inLanguage":"es","potentialAction":[{"@type":"ReadAction","target":["https:\/\/noticiasya.com\/2026\/04\/30\/ruben-ochoa-gobernador-sinaloa-acusado-orix\/"]}]},{"@type":"BreadcrumbList","@id":"https:\/\/noticiasya.com\/2026\/04\/30\/ruben-ochoa-gobernador-sinaloa-acusado-orix\/#breadcrumb","itemListElement":[{"@type":"ListItem","position":1,"name":"Home","item":"https:\/\/noticiasya.com\/"},{"@type":"ListItem","position":2,"name":"Qui\u00e9n es Rub\u00e9n Rocha, el gobernador de Sinaloa acusado de narcotr\u00e1fico por EE.UU."}]},{"@type":"WebSite","@id":"https:\/\/noticiasya.com\/#website","url":"https:\/\/noticiasya.com\/","name":"Noticias","description":"Lo que importa","publisher":{"@id":"https:\/\/noticiasya.com\/#organization"},"potentialAction":[{"@type":"SearchAction","target":{"@type":"EntryPoint","urlTemplate":"https:\/\/noticiasya.com\/?s={search_term_string}"},"query-input":{"@type":"PropertyValueSpecification","valueRequired":true,"valueName":"search_term_string"}}],"inLanguage":"es"},{"@type":"Organization","@id":"https:\/\/noticiasya.com\/#organization","name":"Noticias","url":"https:\/\/noticiasya.com\/","logo":{"@type":"ImageObject","inLanguage":"es","@id":"https:\/\/noticiasya.com\/#\/schema\/logo\/image\/","url":"https:\/\/noticiasya.com\/wp-content\/uploads\/sites\/22\/2023\/12\/logo-nacional.png","contentUrl":"https:\/\/noticiasya.com\/wp-content\/uploads\/sites\/22\/2023\/12\/logo-nacional.png","width":1801,"height":691,"caption":"Noticias"},"image":{"@id":"https:\/\/noticiasya.com\/#\/schema\/logo\/image\/"}}]}},"parsely":{"version":"1.1.0","canonical_url":"https:\/\/noticiasya.com\/nacional\/2026\/04\/30\/ruben-ochoa-gobernador-sinaloa-acusado-orix\/","smart_links":{"inbound":0,"outbound":0},"traffic_boost_suggestions_count":0,"meta":{"@context":"https:\/\/schema.org","@type":"NewsArticle","headline":"Qui\u00e9n es Rub\u00e9n Rocha, el gobernador de Sinaloa acusado de narcotr\u00e1fico por EE.UU.","url":"http:\/\/noticiasya.com\/nacional\/2026\/04\/30\/ruben-ochoa-gobernador-sinaloa-acusado-orix\/","mainEntityOfPage":{"@type":"WebPage","@id":"http:\/\/noticiasya.com\/nacional\/2026\/04\/30\/ruben-ochoa-gobernador-sinaloa-acusado-orix\/"},"thumbnailUrl":"","image":{"@type":"ImageObject","url":""},"articleSection":"Noticias Nacionales","author":[],"creator":[],"publisher":{"@type":"Organization","name":"Noticias","logo":""},"keywords":[],"dateCreated":"2026-04-30T22:03:53Z","datePublished":"2026-04-30T22:03:53Z","dateModified":"2026-04-30T22:03:53Z"},"rendered":"<script type=\"application\/ld+json\" class=\"wp-parsely-metadata\">{\"@context\":\"https:\\\/\\\/schema.org\",\"@type\":\"NewsArticle\",\"headline\":\"Qui\\u00e9n es Rub\\u00e9n Rocha, el gobernador de Sinaloa acusado de narcotr\\u00e1fico por EE.UU.\",\"url\":\"http:\\\/\\\/noticiasya.com\\\/nacional\\\/2026\\\/04\\\/30\\\/ruben-ochoa-gobernador-sinaloa-acusado-orix\\\/\",\"mainEntityOfPage\":{\"@type\":\"WebPage\",\"@id\":\"http:\\\/\\\/noticiasya.com\\\/nacional\\\/2026\\\/04\\\/30\\\/ruben-ochoa-gobernador-sinaloa-acusado-orix\\\/\"},\"thumbnailUrl\":\"\",\"image\":{\"@type\":\"ImageObject\",\"url\":\"\"},\"articleSection\":\"Noticias Nacionales\",\"author\":[],\"creator\":[],\"publisher\":{\"@type\":\"Organization\",\"name\":\"Noticias\",\"logo\":\"\"},\"keywords\":[],\"dateCreated\":\"2026-04-30T22:03:53Z\",\"datePublished\":\"2026-04-30T22:03:53Z\",\"dateModified\":\"2026-04-30T22:03:53Z\"}<\/script>","tracker_url":"https:\/\/cdn.parsely.com\/keys\/noticiasya.com\/p.js"},"jetpack_featured_media_url":"","jetpack-related-posts":[{"id":1473675,"url":"https:\/\/noticiasya.com\/nacional\/2026\/04\/30\/sheinbaum-acusacion-gobernador-sinaloa-eeuu-pruebas-orix\/","url_meta":{"origin":1473688,"position":0},"title":"Tras acusaci\u00f3n de EE.UU. contra el gobernador de Sinaloa, Sheinbaum exige pruebas y advierte contra injerencias extranjeras","author":"","date":"abril 30, 2026","format":false,"excerpt":"La presidenta de M\u00e9xico, Claudia Sheinbaum, asegur\u00f3 este jueves que no van a \u201cproteger a nadie\u201d pero que \u201ctiene que haber pruebas\u201d, al referirse a la acusaci\u00f3n de Estados Unidos contra el gobernador de Sinaloa y otros funcionarios mexicanos por presuntos v\u00ednculos con el narcotr\u00e1fico.\u201cSolo si existen pruebas contundentes se\u2026","rel":"","context":"In &quot;Noticias Nacionales&quot;","block_context":{"text":"Noticias Nacionales","link":"https:\/\/noticiasya.com\/nacional\/categoria\/noticias-nacionales"},"img":{"alt_text":"","src":"","width":0,"height":0},"classes":[]},{"id":1473644,"url":"https:\/\/noticiasya.com\/nacional\/2026\/04\/29\/acusacion-gobernador-sinaloa-ruben-rocha-orix\/","url_meta":{"origin":1473688,"position":1},"title":"Estados Unidos acusa al gobernador de Sinaloa de narcotr\u00e1fico y posesi\u00f3n de armas","author":"","date":"abril 29, 2026","format":false,"excerpt":"El Gobierno de Estados Unidos acus\u00f3 al gobernador del estado mexicano de Sinaloa, Rub\u00e9n Rocha, de cargos de narcotr\u00e1fico, posesi\u00f3n ilegal de armas y conspiraci\u00f3n para poseer armas, inform\u00f3 este mi\u00e9rcoles el Departamento de Justicia en un comunicado.La acusaci\u00f3n contra Rocha, quien podr\u00eda enfrentar una pena que va de 40\u2026","rel":"","context":"In &quot;Noticias Nacionales&quot;","block_context":{"text":"Noticias Nacionales","link":"https:\/\/noticiasya.com\/nacional\/categoria\/noticias-nacionales"},"img":{"alt_text":"","src":"","width":0,"height":0},"classes":[]},{"id":1452610,"url":"https:\/\/noticiasya.com\/nacional\/2024\/09\/12\/gobernador-sinaloa-suspension-clases-cinco-municipios-violencia-orix\/","url_meta":{"origin":1473688,"position":2},"title":"Gobernador de Sinaloa ordena la suspensi\u00f3n de clases en cinco municipios y de los festejos por la independencia debido a la violencia","author":"","date":"septiembre 12, 2024","format":false,"excerpt":"(CNN Espa\u00f1ol) -- El gobernador de Sinaloa, Rub\u00e9n Rocha Moya, anunci\u00f3 este jueves la suspensi\u00f3n de clases en todos los niveles en cinco municipios de su estado, en el noroeste del pa\u00eds, entre ellos la capital, Culiac\u00e1n, y de los festejos por el Grito del 15 de septiembre, debido a\u2026","rel":"","context":"In &quot;Noticias Nacionales&quot;","block_context":{"text":"Noticias Nacionales","link":"https:\/\/noticiasya.com\/nacional\/categoria\/noticias-nacionales"},"img":{"alt_text":"","src":"","width":0,"height":0},"classes":[]},{"id":1473690,"url":"https:\/\/noticiasya.com\/nacional\/2026\/04\/30\/estados-unidos-acusa-gobernador-sinaloa-chapitos-orix\/","url_meta":{"origin":1473688,"position":3},"title":"EE.UU. acusa al gobernador de Sinaloa y nueve funcionarios de v\u00ednculos con los Chapitos: esto sabemos","author":"","date":"abril 30, 2026","format":false,"excerpt":"La acusaci\u00f3n del Departamento de Justicia de EE.UU. ha colocado en el centro de la atenci\u00f3n internacional al gobernador de Sinaloa, Rub\u00e9n Rocha Moya, y a nueve funcionarios y exfuncionarios por su presunta colaboraci\u00f3n, seg\u00fan la Casa Blanca, con el Cartel de Sinaloa, particularmente con Los Chapitos, la facci\u00f3n del\u2026","rel":"","context":"In &quot;Noticias Nacionales&quot;","block_context":{"text":"Noticias Nacionales","link":"https:\/\/noticiasya.com\/nacional\/categoria\/noticias-nacionales"},"img":{"alt_text":"","src":"","width":0,"height":0},"classes":[]},{"id":1452674,"url":"https:\/\/noticiasya.com\/nacional\/2024\/09\/14\/violencia-sinaloa-muertos-ultimas-24-horas-trax\/","url_meta":{"origin":1473688,"position":4},"title":"La violencia en Sinaloa deja al menos siete muertos en las \u00faltimas 24 horas, seg\u00fan fiscal\u00eda","author":"","date":"septiembre 14, 2024","format":false,"excerpt":"(CNN) --\u00a0 Al menos siete personas han muerto en las \u00faltimas 24 horas en Sinaloa, en el noroeste de M\u00e9xico, seg\u00fan inform\u00f3 el viernes la fiscal\u00eda del estado.Sinaloa, y en particular su capital, Culiac\u00e1n, y sus alrededores, enfrentan un aumento en la violencia desde el lunes 9 de septiembre debido\u2026","rel":"","context":"In &quot;Noticias Nacionales&quot;","block_context":{"text":"Noticias Nacionales","link":"https:\/\/noticiasya.com\/nacional\/categoria\/noticias-nacionales"},"img":{"alt_text":"","src":"","width":0,"height":0},"classes":[]},{"id":1466471,"url":"https:\/\/noticiasya.com\/nacional\/2025\/09\/15\/sinaloa-cancela-festejos-grito-independencia-violencia-orix\/","url_meta":{"origin":1473688,"position":5},"title":"Sinaloa cancela festejos por el Grito de Independencia en medio de la creciente violencia","author":"","date":"septiembre 15, 2025","format":false,"excerpt":"El Grito de la Independencia en Sinaloa, M\u00e9xico, se conmemorar\u00e1 solo con un acto c\u00edvico. El gobernador del estado, Rub\u00e9n Rocha Moya, anunci\u00f3 este domingo la cancelaci\u00f3n de los festejos patrios, en medio de la ola de violencia que se vive en la regi\u00f3n.\u201cComo gobernador de Sinaloa, honrando mi deber\u2026","rel":"","context":"In &quot;Noticias Nacionales&quot;","block_context":{"text":"Noticias Nacionales","link":"https:\/\/noticiasya.com\/nacional\/categoria\/noticias-nacionales"},"img":{"alt_text":"","src":"","width":0,"height":0},"classes":[]}],"jetpack_sharing_enabled":true,"_links":{"self":[{"href":"https:\/\/noticiasya.com\/nacional\/wp-json\/wp\/v2\/posts\/1473688","targetHints":{"allow":["GET"]}}],"collection":[{"href":"https:\/\/noticiasya.com\/nacional\/wp-json\/wp\/v2\/posts"}],"about":[{"href":"https:\/\/noticiasya.com\/nacional\/wp-json\/wp\/v2\/types\/post"}],"replies":[{"embeddable":true,"href":"https:\/\/noticiasya.com\/nacional\/wp-json\/wp\/v2\/comments?post=1473688"}],"version-history":[{"count":0,"href":"https:\/\/noticiasya.com\/nacional\/wp-json\/wp\/v2\/posts\/1473688\/revisions"}],"wp:attachment":[{"href":"https:\/\/noticiasya.com\/nacional\/wp-json\/wp\/v2\/media?parent=1473688"}],"wp:term":[{"taxonomy":"category","embeddable":true,"href":"https:\/\/noticiasya.com\/nacional\/wp-json\/wp\/v2\/categories?post=1473688"},{"taxonomy":"post_tag","embeddable":true,"href":"https:\/\/noticiasya.com\/nacional\/wp-json\/wp\/v2\/tags?post=1473688"}],"curies":[{"name":"wp","href":"https:\/\/api.w.org\/{rel}","templated":true}]}}