{"id":1473689,"date":"2026-04-30T17:03:44","date_gmt":"2026-05-01T00:03:44","guid":{"rendered":"https:\/\/noticiasya.com\/2026\/04\/30\/carnicero-bucha-rusia-bomba-trax\/"},"modified":"2026-04-30T17:03:44","modified_gmt":"2026-05-01T00:03:44","slug":"carnicero-bucha-rusia-bomba-trax","status":"publish","type":"post","link":"https:\/\/noticiasya.com\/nacional\/2026\/04\/30\/carnicero-bucha-rusia-bomba-trax\/","title":{"rendered":"Bomba que mat\u00f3 a un militar ruso podr\u00eda haber tenido como objetivo al &#171;Carnicero de Bucha&#187;"},"content":{"rendered":"<p>Una bomba que mat\u00f3 a un militar en una remota ciudad de Rusia probablemente ten\u00eda como objetivo a un notorio comandante ruso conocido como el \u201cCarnicero de Bucha\u201d, seg\u00fan medios rusos y ucranianos, as\u00ed como blogueros militares.<\/p>\n<p>Las autoridades rusas dijeron que el ataque con bomba ocurrido el martes en la regi\u00f3n oriental de Khabarovsk dej\u00f3 una persona muerta y varias heridas.<\/p>\n<p>Medios rusos y blogueros militares reportaron que la persona que muri\u00f3 era un militar con rango de teniente coronel y a\u00f1adieron que el ataque ocurri\u00f3 dentro de un cuartel militar cerrado.<\/p>\n<p>VChK-OGPU, un conocido bloguero militar ruso, dijo que el verdadero objetivo era el mayor general Azatbek Omurbekov, involucrado en algunas de las peores masacres contra civiles cometidas por militares rusos en Ucrania.<\/p>\n<p>Omurbekov estaba al mando de la 64\u00aa Brigada Independiente de Fusileros Motorizados de la Guardia, que oper\u00f3 en la regi\u00f3n de Kyiv durante las primeras semanas de la invasi\u00f3n a gran escala de Rusia contra Ucrania.<\/p>\n<p>La unidad fue se\u00f1alada por el Ministerio de Defensa de Ucrania como criminal de guerra despu\u00e9s de que se descubrieran cad\u00e1veres de civiles y fosas comunes tras la retirada de las fuerzas rusas de la regi\u00f3n.<\/p>\n<p>Poco despu\u00e9s del anuncio, el presidente de Rusia, Vladimir Putin, otorg\u00f3 un t\u00edtulo honor\u00edfico a la brigada.<\/p>\n<p>Posteriormente, toda la unidad y Omurbekov personalmente fueron sancionados por Estados Unidos, la Uni\u00f3n Europea y cerca de una docena de aliados de Ucrania por su participaci\u00f3n en \u201cgraves violaciones de derechos humanos\u201d en Ucrania.<\/p>\n<p>Un tribunal en Khabarovsk inform\u00f3 este jueves que tres personas involucradas en el atentado y en lo que describi\u00f3 como \u201cla desestabilizaci\u00f3n de organismos gubernamentales\u201d quedaron bajo custodia, una de ellas en ausencia.<\/p>\n<p>Ucrania no ha comentado sobre el ataque.<\/p>\n<p>De confirmarse, Omurbekov ser\u00eda apenas la m\u00e1s reciente figura de alto rango de las fuerzas militares y servicios de seguridad rusos en ser objetivo de ataques.<\/p>\n<p>A un general ruso que se desempe\u00f1aba como subjefe de la inteligencia militar rusa le dispararon y result\u00f3 gravemente herido en Mosc\u00fa en febrero, mientras que otros dos murieron en atentados con carros bomba en Mosc\u00fa: uno en diciembre y otro en abril del a\u00f1o pasado. Funcionarios rusos se\u00f1alaron a Ucrania como responsable. Kyiv no ha comentado sobre esos incidentes.<\/p>\n<p>The-CNN-Wire<br \/>&trade; &amp; &copy; 2026 Cable News Network, Inc., a Warner Bros. Discovery Company. All rights reserved.<\/p>\n","protected":false},"excerpt":{"rendered":"<p>Una bomba que mat\u00f3 a un militar en una remota ciudad de Rusia probablemente ten\u00eda como objetivo a un notorio comandante ruso conocido como el \u201cCarnicero de Bucha\u201d, seg\u00fan medios rusos y ucranianos, as\u00ed como blogueros militares. Las autoridades rusas dijeron que el ataque con bomba ocurrido el martes en la regi\u00f3n oriental de Khabarovsk [&hellip;]<\/p>\n","protected":false},"author":0,"featured_media":0,"comment_status":"open","ping_status":"open","sticky":false,"template":"","format":"standard","meta":{"_jetpack_memberships_contains_paid_content":false,"footnotes":""},"categories":[10],"tags":[],"class_list":["post-1473689","post","type-post","status-publish","format-standard","hentry","category-noticias-nacionales","market-global"],"yoast_head":"<!-- This site is optimized with the Yoast SEO plugin v24.4 - https:\/\/yoast.com\/wordpress\/plugins\/seo\/ -->\n<title>Bomba que mat\u00f3 a un militar ruso podr\u00eda haber tenido como objetivo al &quot;Carnicero de Bucha&quot; - Noticias<\/title>\n<meta name=\"robots\" content=\"index, follow, max-snippet:-1, max-image-preview:large, max-video-preview:-1\" \/>\n<link rel=\"canonical\" href=\"https:\/\/noticiasya.com\/2026\/04\/30\/carnicero-bucha-rusia-bomba-trax\/\" \/>\n<meta property=\"og:locale\" content=\"es_ES\" \/>\n<meta property=\"og:type\" content=\"article\" \/>\n<meta property=\"og:title\" content=\"Bomba que mat\u00f3 a un militar ruso podr\u00eda haber tenido como objetivo al &quot;Carnicero de Bucha&quot; - Noticias\" \/>\n<meta property=\"og:description\" content=\"Una bomba que mat\u00f3 a un militar en una remota ciudad de Rusia probablemente ten\u00eda como objetivo a un notorio comandante ruso conocido como el \u201cCarnicero de Bucha\u201d, seg\u00fan medios rusos y ucranianos, as\u00ed como blogueros militares. Las autoridades rusas dijeron que el ataque con bomba ocurrido el martes en la regi\u00f3n oriental de Khabarovsk [&hellip;]\" \/>\n<meta property=\"og:url\" content=\"https:\/\/noticiasya.com\/2026\/04\/30\/carnicero-bucha-rusia-bomba-trax\/\" \/>\n<meta property=\"og:site_name\" content=\"Noticias\" \/>\n<meta property=\"article:published_time\" content=\"2026-05-01T00:03:44+00:00\" \/>\n<meta name=\"twitter:card\" content=\"summary_large_image\" \/>\n<meta name=\"twitter:label1\" content=\"Est. reading time\" \/>\n\t<meta name=\"twitter:data1\" content=\"2 minutos\" \/>\n<script type=\"application\/ld+json\" class=\"yoast-schema-graph\">{\"@context\":\"https:\/\/schema.org\",\"@graph\":[{\"@type\":\"Article\",\"@id\":\"https:\/\/noticiasya.com\/2026\/04\/30\/carnicero-bucha-rusia-bomba-trax\/#article\",\"isPartOf\":{\"@id\":\"https:\/\/noticiasya.com\/2026\/04\/30\/carnicero-bucha-rusia-bomba-trax\/\"},\"author\":{\"name\":\"\",\"@id\":\"\"},\"headline\":\"Bomba que mat\u00f3 a un militar ruso podr\u00eda haber tenido como objetivo al &#171;Carnicero de Bucha&#187;\",\"datePublished\":\"2026-05-01T00:03:44+00:00\",\"mainEntityOfPage\":{\"@id\":\"https:\/\/noticiasya.com\/2026\/04\/30\/carnicero-bucha-rusia-bomba-trax\/\"},\"wordCount\":428,\"commentCount\":0,\"publisher\":{\"@id\":\"https:\/\/noticiasya.com\/#organization\"},\"articleSection\":[\"Noticias Nacionales\"],\"inLanguage\":\"es\",\"potentialAction\":[{\"@type\":\"CommentAction\",\"name\":\"Comment\",\"target\":[\"https:\/\/noticiasya.com\/2026\/04\/30\/carnicero-bucha-rusia-bomba-trax\/#respond\"]}]},{\"@type\":\"WebPage\",\"@id\":\"https:\/\/noticiasya.com\/2026\/04\/30\/carnicero-bucha-rusia-bomba-trax\/\",\"url\":\"https:\/\/noticiasya.com\/2026\/04\/30\/carnicero-bucha-rusia-bomba-trax\/\",\"name\":\"Bomba que mat\u00f3 a un militar ruso podr\u00eda haber tenido como objetivo al \\\"Carnicero de Bucha\\\" - Noticias\",\"isPartOf\":{\"@id\":\"https:\/\/noticiasya.com\/#website\"},\"datePublished\":\"2026-05-01T00:03:44+00:00\",\"breadcrumb\":{\"@id\":\"https:\/\/noticiasya.com\/2026\/04\/30\/carnicero-bucha-rusia-bomba-trax\/#breadcrumb\"},\"inLanguage\":\"es\",\"potentialAction\":[{\"@type\":\"ReadAction\",\"target\":[\"https:\/\/noticiasya.com\/2026\/04\/30\/carnicero-bucha-rusia-bomba-trax\/\"]}]},{\"@type\":\"BreadcrumbList\",\"@id\":\"https:\/\/noticiasya.com\/2026\/04\/30\/carnicero-bucha-rusia-bomba-trax\/#breadcrumb\",\"itemListElement\":[{\"@type\":\"ListItem\",\"position\":1,\"name\":\"Home\",\"item\":\"https:\/\/noticiasya.com\/\"},{\"@type\":\"ListItem\",\"position\":2,\"name\":\"Bomba que mat\u00f3 a un militar ruso podr\u00eda haber tenido como objetivo al &#171;Carnicero de Bucha&#187;\"}]},{\"@type\":\"WebSite\",\"@id\":\"https:\/\/noticiasya.com\/#website\",\"url\":\"https:\/\/noticiasya.com\/\",\"name\":\"Noticias\",\"description\":\"Lo que importa\",\"publisher\":{\"@id\":\"https:\/\/noticiasya.com\/#organization\"},\"potentialAction\":[{\"@type\":\"SearchAction\",\"target\":{\"@type\":\"EntryPoint\",\"urlTemplate\":\"https:\/\/noticiasya.com\/?s={search_term_string}\"},\"query-input\":{\"@type\":\"PropertyValueSpecification\",\"valueRequired\":true,\"valueName\":\"search_term_string\"}}],\"inLanguage\":\"es\"},{\"@type\":\"Organization\",\"@id\":\"https:\/\/noticiasya.com\/#organization\",\"name\":\"Noticias\",\"url\":\"https:\/\/noticiasya.com\/\",\"logo\":{\"@type\":\"ImageObject\",\"inLanguage\":\"es\",\"@id\":\"https:\/\/noticiasya.com\/#\/schema\/logo\/image\/\",\"url\":\"https:\/\/noticiasya.com\/wp-content\/uploads\/sites\/22\/2023\/12\/logo-nacional.png\",\"contentUrl\":\"https:\/\/noticiasya.com\/wp-content\/uploads\/sites\/22\/2023\/12\/logo-nacional.png\",\"width\":1801,\"height\":691,\"caption\":\"Noticias\"},\"image\":{\"@id\":\"https:\/\/noticiasya.com\/#\/schema\/logo\/image\/\"}}]}<\/script>\n<!-- \/ Yoast SEO plugin. -->","yoast_head_json":{"title":"Bomba que mat\u00f3 a un militar ruso podr\u00eda haber tenido como objetivo al \"Carnicero de Bucha\" - Noticias","robots":{"index":"index","follow":"follow","max-snippet":"max-snippet:-1","max-image-preview":"max-image-preview:large","max-video-preview":"max-video-preview:-1"},"canonical":"https:\/\/noticiasya.com\/2026\/04\/30\/carnicero-bucha-rusia-bomba-trax\/","og_locale":"es_ES","og_type":"article","og_title":"Bomba que mat\u00f3 a un militar ruso podr\u00eda haber tenido como objetivo al \"Carnicero de Bucha\" - Noticias","og_description":"Una bomba que mat\u00f3 a un militar en una remota ciudad de Rusia probablemente ten\u00eda como objetivo a un notorio comandante ruso conocido como el \u201cCarnicero de Bucha\u201d, seg\u00fan medios rusos y ucranianos, as\u00ed como blogueros militares. Las autoridades rusas dijeron que el ataque con bomba ocurrido el martes en la regi\u00f3n oriental de Khabarovsk [&hellip;]","og_url":"https:\/\/noticiasya.com\/2026\/04\/30\/carnicero-bucha-rusia-bomba-trax\/","og_site_name":"Noticias","article_published_time":"2026-05-01T00:03:44+00:00","twitter_card":"summary_large_image","twitter_misc":{"Est. reading time":"2 minutos"},"schema":{"@context":"https:\/\/schema.org","@graph":[{"@type":"Article","@id":"https:\/\/noticiasya.com\/2026\/04\/30\/carnicero-bucha-rusia-bomba-trax\/#article","isPartOf":{"@id":"https:\/\/noticiasya.com\/2026\/04\/30\/carnicero-bucha-rusia-bomba-trax\/"},"author":{"name":"","@id":""},"headline":"Bomba que mat\u00f3 a un militar ruso podr\u00eda haber tenido como objetivo al &#171;Carnicero de Bucha&#187;","datePublished":"2026-05-01T00:03:44+00:00","mainEntityOfPage":{"@id":"https:\/\/noticiasya.com\/2026\/04\/30\/carnicero-bucha-rusia-bomba-trax\/"},"wordCount":428,"commentCount":0,"publisher":{"@id":"https:\/\/noticiasya.com\/#organization"},"articleSection":["Noticias Nacionales"],"inLanguage":"es","potentialAction":[{"@type":"CommentAction","name":"Comment","target":["https:\/\/noticiasya.com\/2026\/04\/30\/carnicero-bucha-rusia-bomba-trax\/#respond"]}]},{"@type":"WebPage","@id":"https:\/\/noticiasya.com\/2026\/04\/30\/carnicero-bucha-rusia-bomba-trax\/","url":"https:\/\/noticiasya.com\/2026\/04\/30\/carnicero-bucha-rusia-bomba-trax\/","name":"Bomba que mat\u00f3 a un militar ruso podr\u00eda haber tenido como objetivo al \"Carnicero de Bucha\" - Noticias","isPartOf":{"@id":"https:\/\/noticiasya.com\/#website"},"datePublished":"2026-05-01T00:03:44+00:00","breadcrumb":{"@id":"https:\/\/noticiasya.com\/2026\/04\/30\/carnicero-bucha-rusia-bomba-trax\/#breadcrumb"},"inLanguage":"es","potentialAction":[{"@type":"ReadAction","target":["https:\/\/noticiasya.com\/2026\/04\/30\/carnicero-bucha-rusia-bomba-trax\/"]}]},{"@type":"BreadcrumbList","@id":"https:\/\/noticiasya.com\/2026\/04\/30\/carnicero-bucha-rusia-bomba-trax\/#breadcrumb","itemListElement":[{"@type":"ListItem","position":1,"name":"Home","item":"https:\/\/noticiasya.com\/"},{"@type":"ListItem","position":2,"name":"Bomba que mat\u00f3 a un militar ruso podr\u00eda haber tenido como objetivo al &#171;Carnicero de Bucha&#187;"}]},{"@type":"WebSite","@id":"https:\/\/noticiasya.com\/#website","url":"https:\/\/noticiasya.com\/","name":"Noticias","description":"Lo que importa","publisher":{"@id":"https:\/\/noticiasya.com\/#organization"},"potentialAction":[{"@type":"SearchAction","target":{"@type":"EntryPoint","urlTemplate":"https:\/\/noticiasya.com\/?s={search_term_string}"},"query-input":{"@type":"PropertyValueSpecification","valueRequired":true,"valueName":"search_term_string"}}],"inLanguage":"es"},{"@type":"Organization","@id":"https:\/\/noticiasya.com\/#organization","name":"Noticias","url":"https:\/\/noticiasya.com\/","logo":{"@type":"ImageObject","inLanguage":"es","@id":"https:\/\/noticiasya.com\/#\/schema\/logo\/image\/","url":"https:\/\/noticiasya.com\/wp-content\/uploads\/sites\/22\/2023\/12\/logo-nacional.png","contentUrl":"https:\/\/noticiasya.com\/wp-content\/uploads\/sites\/22\/2023\/12\/logo-nacional.png","width":1801,"height":691,"caption":"Noticias"},"image":{"@id":"https:\/\/noticiasya.com\/#\/schema\/logo\/image\/"}}]}},"parsely":{"version":"1.1.0","canonical_url":"https:\/\/noticiasya.com\/nacional\/2026\/04\/30\/carnicero-bucha-rusia-bomba-trax\/","smart_links":{"inbound":0,"outbound":0},"traffic_boost_suggestions_count":0,"meta":{"@context":"https:\/\/schema.org","@type":"NewsArticle","headline":"Bomba que mat\u00f3 a un militar ruso podr\u00eda haber tenido como objetivo al &#171;Carnicero de Bucha&#187;","url":"http:\/\/noticiasya.com\/nacional\/2026\/04\/30\/carnicero-bucha-rusia-bomba-trax\/","mainEntityOfPage":{"@type":"WebPage","@id":"http:\/\/noticiasya.com\/nacional\/2026\/04\/30\/carnicero-bucha-rusia-bomba-trax\/"},"thumbnailUrl":"","image":{"@type":"ImageObject","url":""},"articleSection":"Noticias Nacionales","author":[],"creator":[],"publisher":{"@type":"Organization","name":"Noticias","logo":""},"keywords":[],"dateCreated":"2026-05-01T00:03:44Z","datePublished":"2026-05-01T00:03:44Z","dateModified":"2026-05-01T00:03:44Z"},"rendered":"<script type=\"application\/ld+json\" class=\"wp-parsely-metadata\">{\"@context\":\"https:\\\/\\\/schema.org\",\"@type\":\"NewsArticle\",\"headline\":\"Bomba que mat\\u00f3 a un militar ruso podr\\u00eda haber tenido como objetivo al &#171;Carnicero de Bucha&#187;\",\"url\":\"http:\\\/\\\/noticiasya.com\\\/nacional\\\/2026\\\/04\\\/30\\\/carnicero-bucha-rusia-bomba-trax\\\/\",\"mainEntityOfPage\":{\"@type\":\"WebPage\",\"@id\":\"http:\\\/\\\/noticiasya.com\\\/nacional\\\/2026\\\/04\\\/30\\\/carnicero-bucha-rusia-bomba-trax\\\/\"},\"thumbnailUrl\":\"\",\"image\":{\"@type\":\"ImageObject\",\"url\":\"\"},\"articleSection\":\"Noticias Nacionales\",\"author\":[],\"creator\":[],\"publisher\":{\"@type\":\"Organization\",\"name\":\"Noticias\",\"logo\":\"\"},\"keywords\":[],\"dateCreated\":\"2026-05-01T00:03:44Z\",\"datePublished\":\"2026-05-01T00:03:44Z\",\"dateModified\":\"2026-05-01T00:03:44Z\"}<\/script>","tracker_url":"https:\/\/cdn.parsely.com\/keys\/noticiasya.com\/p.js"},"jetpack_featured_media_url":"","jetpack-related-posts":[{"id":1469535,"url":"https:\/\/noticiasya.com\/nacional\/2025\/12\/24\/explosion-moscu-mata-dos-policias-trax\/","url_meta":{"origin":1473689,"position":0},"title":"Una explosi\u00f3n en Mosc\u00fa mata a dos polic\u00edas, d\u00edas despu\u00e9s del aparente homicidio de un general","author":"","date":"diciembre 24, 2025","format":false,"excerpt":"Dos polic\u00edas y una tercera persona murieron la madrugada del mi\u00e9rcoles por una bomba en Mosc\u00fa, cerca del lugar donde hace dos d\u00edas ocurri\u00f3 un atentado con veh\u00edculo con explosivos que mat\u00f3 a un alto general ruso.Dos agentes se acercaron a una persona sospechosa que deton\u00f3 un dispositivo explosivo cerca\u2026","rel":"","context":"In &quot;Noticias Nacionales&quot;","block_context":{"text":"Noticias Nacionales","link":"https:\/\/noticiasya.com\/nacional\/categoria\/noticias-nacionales"},"img":{"alt_text":"","src":"","width":0,"height":0},"classes":[]},{"id":1459687,"url":"https:\/\/noticiasya.com\/nacional\/2025\/03\/09\/rusia-amenaza-kursk-ucrania-trax\/","url_meta":{"origin":1473689,"position":1},"title":"Rusia avanza en Kursk, amenazando la \u00fanica baza negociadora territorial de Ucrania","author":"","date":"marzo 9, 2025","format":false,"excerpt":"La presencia de Ucrania en la regi\u00f3n rusa de Kursk se ha deteriorado dr\u00e1sticamente y su avance amenaza la \u00fanica baza territorial de Kyiv en un momento crucial de la guerra.Los blogueros militares de ambos bandos afirman que Ucrania est\u00e1 a la defensiva: hay informes que indican que las fuerzas\u2026","rel":"","context":"In &quot;Noticias Nacionales&quot;","block_context":{"text":"Noticias Nacionales","link":"https:\/\/noticiasya.com\/nacional\/categoria\/noticias-nacionales"},"img":{"alt_text":"","src":"","width":0,"height":0},"classes":[]},{"id":1469483,"url":"https:\/\/noticiasya.com\/nacional\/2025\/12\/22\/ucrania-rusia-general-ruso-muerto-trax\/","url_meta":{"origin":1473689,"position":2},"title":"General ruso muere en un atentado con coche bomba en Mosc\u00fa, seg\u00fan las autoridades","author":"","date":"diciembre 22, 2025","format":false,"excerpt":"Un general ruso muri\u00f3 en un aparente atentado con coche bomba en Mosc\u00fa, y las autoridades culpan a Ucrania por el \u00faltimo asesinato de un alto oficial militar.El teniente general Fanil Sarvarov, que dirig\u00eda el departamento de entrenamiento operativo de las fuerzas armadas, muri\u00f3 despu\u00e9s de que un artefacto explosivo\u2026","rel":"","context":"In &quot;Noticias Nacionales&quot;","block_context":{"text":"Noticias Nacionales","link":"https:\/\/noticiasya.com\/nacional\/categoria\/noticias-nacionales"},"img":{"alt_text":"","src":"","width":0,"height":0},"classes":[]},{"id":1456697,"url":"https:\/\/noticiasya.com\/nacional\/2024\/12\/18\/rusia-detiene-ciudadano-uzbeko-muerte-bomba-general-ruso-trax\/","url_meta":{"origin":1473689,"position":3},"title":"Rusia detiene a un ciudadano uzbeko por el atentado con bomba que mat\u00f3 a general de alto rango","author":"","date":"diciembre 18, 2024","format":false,"excerpt":"Un ciudadano uzbeko de 29 a\u00f1os fue detenido por presuntamente colocar la bomba que mat\u00f3 a un alto general ruso y a su asistente, inform\u00f3 este mi\u00e9rcoles el Comit\u00e9 de Investigaci\u00f3n Ruso.El teniente general Igor Kirillov, que dirig\u00eda las fuerzas de protecci\u00f3n radiol\u00f3gica, biol\u00f3gica y qu\u00edmica de Rusia, muri\u00f3 al\u2026","rel":"","context":"In &quot;Noticias Nacionales&quot;","block_context":{"text":"Noticias Nacionales","link":"https:\/\/noticiasya.com\/nacional\/categoria\/noticias-nacionales"},"img":{"alt_text":"","src":"","width":0,"height":0},"classes":[]},{"id":1452324,"url":"https:\/\/noticiasya.com\/nacional\/2024\/08\/31\/bombardeo-ruso-jarkiv-seis-muertos-100-heridos-trax\/","url_meta":{"origin":1473689,"position":4},"title":"Un bombardeo ruso en la ciudad ucraniana de J\u00e1rkiv deja al menos ocho muertos y m\u00e1s de 100 heridos","author":"","date":"agosto 31, 2024","format":false,"excerpt":"(CNN) --Las autoridades declarararon este s\u00e1bado un d\u00eda de luto en la ciudad ucraniana de J\u00e1rkiv, mientras los equipos de rescate y emergencia concluyen sus operaciones tras un ataque con bomba ruso que mat\u00f3 al menos a seis civiles, incluido un ni\u00f1o en un parque infantil.Al menos 97 personas resultaron\u2026","rel":"","context":"In &quot;Noticias Nacionales&quot;","block_context":{"text":"Noticias Nacionales","link":"https:\/\/noticiasya.com\/nacional\/categoria\/noticias-nacionales"},"img":{"alt_text":"","src":"","width":0,"height":0},"classes":[]},{"id":1468334,"url":"https:\/\/noticiasya.com\/nacional\/2025\/11\/14\/rusia-complot-asesinato-ucrania-ataques-kyiv-trax\/","url_meta":{"origin":1473689,"position":5},"title":"Rusia afirm\u00f3 haber frustrado un complot de asesinato de Ucrania mientras mort\u00edferos ataques nocturnos azotaban a Kyiv","author":"","date":"noviembre 14, 2025","format":false,"excerpt":"El servicio de seguridad ruso afirm\u00f3 haber frustrado un complot de Ucrania para asesinar a un alto funcionario del Kremlin dentro de Rusia, mientras el supuesto objetivo visitaba un cementerio.La afirmaci\u00f3n del Servicio Federal de Seguridad de Rusia (FSB, por sus siglas) se produjo mientras los residentes de Kyiv sufr\u00edan\u2026","rel":"","context":"In &quot;Noticias Nacionales&quot;","block_context":{"text":"Noticias Nacionales","link":"https:\/\/noticiasya.com\/nacional\/categoria\/noticias-nacionales"},"img":{"alt_text":"","src":"","width":0,"height":0},"classes":[]}],"jetpack_sharing_enabled":true,"_links":{"self":[{"href":"https:\/\/noticiasya.com\/nacional\/wp-json\/wp\/v2\/posts\/1473689","targetHints":{"allow":["GET"]}}],"collection":[{"href":"https:\/\/noticiasya.com\/nacional\/wp-json\/wp\/v2\/posts"}],"about":[{"href":"https:\/\/noticiasya.com\/nacional\/wp-json\/wp\/v2\/types\/post"}],"replies":[{"embeddable":true,"href":"https:\/\/noticiasya.com\/nacional\/wp-json\/wp\/v2\/comments?post=1473689"}],"version-history":[{"count":0,"href":"https:\/\/noticiasya.com\/nacional\/wp-json\/wp\/v2\/posts\/1473689\/revisions"}],"wp:attachment":[{"href":"https:\/\/noticiasya.com\/nacional\/wp-json\/wp\/v2\/media?parent=1473689"}],"wp:term":[{"taxonomy":"category","embeddable":true,"href":"https:\/\/noticiasya.com\/nacional\/wp-json\/wp\/v2\/categories?post=1473689"},{"taxonomy":"post_tag","embeddable":true,"href":"https:\/\/noticiasya.com\/nacional\/wp-json\/wp\/v2\/tags?post=1473689"}],"curies":[{"name":"wp","href":"https:\/\/api.w.org\/{rel}","templated":true}]}}