{"id":1473690,"date":"2026-04-30T17:03:45","date_gmt":"2026-05-01T00:03:45","guid":{"rendered":"https:\/\/noticiasya.com\/2026\/04\/30\/estados-unidos-acusa-gobernador-sinaloa-chapitos-orix\/"},"modified":"2026-04-30T17:03:45","modified_gmt":"2026-05-01T00:03:45","slug":"estados-unidos-acusa-gobernador-sinaloa-chapitos-orix","status":"publish","type":"post","link":"https:\/\/noticiasya.com\/nacional\/2026\/04\/30\/estados-unidos-acusa-gobernador-sinaloa-chapitos-orix\/","title":{"rendered":"EE.UU. acusa al gobernador de Sinaloa y nueve funcionarios de v\u00ednculos con los Chapitos: esto sabemos"},"content":{"rendered":"<p>La acusaci\u00f3n del Departamento de Justicia de EE.UU. ha colocado en el centro de la atenci\u00f3n internacional al gobernador de Sinaloa, Rub\u00e9n Rocha Moya, y a nueve funcionarios y exfuncionarios por su presunta colaboraci\u00f3n, seg\u00fan la Casa Blanca, con el Cartel de Sinaloa, particularmente con Los Chapitos, la facci\u00f3n del cartel liderada por los hijos de Joaqu\u00edn \u201cEl Chapo\u201d Guzm\u00e1n, condenado a cadena perpetua en Estados Unidos.<\/p>\n<p>De acuerdo con los<a href=\"https:\/\/www.justice.gov\/usao-sdny\/media\/1438611\/dl\"> fiscales estadounidenses<\/a>, los acusados se habr\u00edan aliado con uno de los carteles m\u00e1s poderosos del continente para facilitar el tr\u00e1fico de drogas hacia territorio estadounidense durante a\u00f1os, a cambio de sobornos y protecci\u00f3n pol\u00edtica.<\/p>\n<p>Algunos de los se\u00f1alados pertenecen o han pertenecido al partido gobernante, Morena, lo que a\u00f1ade presi\u00f3n a la presidenta Claudia Sheinbaum en un momento delicado de la relaci\u00f3n con el Gobierno de Donald Trump. Sheinbaum <a href=\"https:\/\/cnnespanol.cnn.com\/2026\/04\/30\/mexico\/sheinbaum-acusacion-gobernador-sinaloa-eeuu-pruebas-orix\">asegur\u00f3<\/a> que no van a \u201cproteger a nadie\u201d pero que \u201ctiene que haber pruebas\u201d.<\/p>\n<p>Algunos de los acusados han rechazado los se\u00f1alamientos. En M\u00e9xico, la Fiscal\u00eda General de la Rep\u00fablica inform\u00f3 que ya recibi\u00f3 solicitudes de detenci\u00f3n con fines de extradici\u00f3n, que ser\u00e1n revisadas para determinar si tienen sustento legal.<\/p>\n<p>Esto es lo que se sabe del caso.<\/p>\n<p>La acusaci\u00f3n contra Rocha Moya, quien podr\u00eda enfrentar una pena que va de 40 a\u00f1os de prisi\u00f3n a la cadena perpetua si es hallado culpable, tambi\u00e9n incluye a otras nueve personas, entre las que hay funcionarios y exfuncionarios vinculados a instituciones de seguridad, procuraci\u00f3n de justicia y cargos pol\u00edticos en Sinaloa. El gobernador neg\u00f3 \u201ccateg\u00f3rica y absolutamente\u201d los se\u00f1alamientos.<\/p>\n<p>Entre los se\u00f1alados tambi\u00e9n se encuentra Enrique Inzunza C\u00e1zarez, actual senador por Morena, quien ocupo previamente el cargo de secretario general del gobierno de Sinaloa bajo el mandato de Rocha. Inzunza tambi\u00e9n rechaz\u00f3 los se\u00f1alamientos. \u201cRechazo enf\u00e1tica y firmemente las imputaciones, por falsas y dolosas\u201d,<a href=\"https:\/\/x.com\/InzunzaCazarez\/status\/2049583166818570443\"> escribi\u00f3 el senador en su cuenta de X. <\/a><\/p>\n<p>El Departamento de Justicia se\u00f1ala adem\u00e1s a D\u00e1maso Castro Saavedra, vicefiscal general de la Fiscal\u00eda estatal, cargo que ocupa desde octubre de 2021. La Fiscal\u00eda de Sinaloa <a href=\"https:\/\/www.facebook.com\/share\/p\/1HDM1E8p3W\/\">respondi\u00f3 en un comunicado<\/a> que cualquier procedimiento debe apegarse a la Constituci\u00f3n, al debido proceso y al principio de presunci\u00f3n de inocencia.<\/p>\n<p>El alcalde de Culiac\u00e1n, Juan de Dios G\u00e1mez Mend\u00edvil, tambi\u00e9n acusado por los fiscales estadounidenses sostuvo que los se\u00f1alamientos \u201cno tienen fundamento\u201d y defendi\u00f3 su actuaci\u00f3n en el servicio p\u00fablico, <a href=\"https:\/\/x.com\/JuandDiosGamez\/status\/2049589093059731721\">en un mensaje en su cuenta de X.<\/a><\/p>\n<p>Entre los demas acusados figuran expolic\u00edas y funcionarios y exfuncionarios p\u00fablicos del estado.<\/p>\n<p>Estados Unidos ha presentado al Gobierno de Sinaloa encabezado por Rocha Moya como un aliado operativo del grupo criminal liderado hist\u00f3ricamente por El Chapo e Ismael \u201cEl Mayo\u201d Zambada, ambos en prisi\u00f3n en Estados Unidos. Los intensos enfrentamientos entre los seguidores del Mayo \u2014conocidos como los Mayitos\u2014 y los aliados del Chapo tienen a los sinaloenses <a href=\"https:\/\/cnnespanol.cnn.com\/2025\/08\/18\/mexico\/guerra-carteles-sinaloa-homicidios-mayo-orix\">atrapados en medio de una guerra sangrienta desde 2024.<\/a><\/p>\n<p>El documento judicial <a href=\"https:\/\/www.justice.gov\/usao-sdny\/media\/1438611\/dl\" rel=\"noopener noreferrer\" target=\"_blank\">sostiene <\/a>que funcionarios p\u00fablicos \u201cabusaron de su autoridad\u201d para beneficiar al cartel, sometiendo a v\u00edctimas a amenazas y violencia, y recibiendo sobornos a cambio de protecci\u00f3n.<\/p>\n<p>\u201cEstos pol\u00edticos y agentes del orden p\u00fablico han abusado de su autoridad en beneficio del cartel, han expuesto y sometido a las v\u00edctimas a amenazas y violencia, y han vendido sus cargos a cambio de sobornos cuantiosos\u201d, se lee en el documento.<\/p>\n<p>De acuerdo con los fiscales, algunos polic\u00edas incluso habr\u00edan participado directamente en actos criminales, incluidos secuestros y homicidios de personas sospechosas de colaborar con autoridades estadounidenses.<\/p>\n<p>La acusaci\u00f3n tambi\u00e9n se\u00f1ala que los implicados protegieron a l\u00edderes del cartel frente a investigaciones y detenciones, filtraron informaci\u00f3n sensible de fuerzas de seguridad, ordenaron a corporaciones policiales resguardar cargamentos de droga, facilitaron el env\u00edo de fentanilo, coca\u00edna, hero\u00edna y metanfetamina a Estados Unidos.<\/p>\n<p>El gobernador de Sinaloa fue acusado de cargos de narcotr\u00e1fico, posesi\u00f3n ilegal de armas y conspiraci\u00f3n para poseer armas. L<a href=\"https:\/\/www.justice.gov\/usao-sdny\/media\/1438611\/dl\">a acusaci\u00f3n<\/a> dice que Los Chapitos lo apoyaron desde que fue candidato a gobernador y que Rocha presuntamente acudi\u00f3 a reuniones con l\u00edderes de ese grupo delictivo y prometi\u00f3 apoyarlos.<\/p>\n<p>\u201cRocha Moya ha permitido que Los Chapitos operen con impunidad en Sinaloa. Entre otras cosas, Rocha Moya ha permitido a los l\u00edderes de Los Chapitos colocar a otros funcionarios corruptos en puestos de poder en el gobierno estatal y local de Sinaloa, as\u00ed como en determinadas agencias estatales y locales encargadas del orden p\u00fablico. A su vez, los funcionarios alineados con Los Chapitos en la administraci\u00f3n de Rocha Moya han protegido a Los Chapitos y sus operaciones de tr\u00e1fico de drogas\u201d, menciona el documento.<\/p>\n<p>Rocha rechaz\u00f3 las acusaciones <a href=\"https:\/\/x.com\/rochamoya_\/status\/2049577651501723859\">en un mensaje publicado en X<\/a>, en el que asegur\u00f3 que esto representa \u201cun ataque\u201d contra la \u201ccuarta transformaci\u00f3n\u201d, el movimiento que abandera el partido oficialista Morena.<\/p>\n<p>\u201cRechazo categ\u00f3rica y absolutamente las imputaciones formuladas en mi contra por la Fiscal\u00eda Federal del Distrito Sur de Nueva York, ya que carecen de veracidad y fundamento alguno. Y as\u00ed se demostrar\u00e1, con toda contundencia, en el momento oportuno\u201d, dijo.<\/p>\n<p>\u201c(La acusaci\u00f3n) se inscribe en una perversa estrategia para violentar el orden constitucional, espec\u00edficamente la soberan\u00eda nacional que preconiza el art\u00edculo 40 de la Constituci\u00f3n Pol\u00edtica de los Estados Unidos Mexicanos, que nuestro movimiento defiende como principio invariable e innegociable\u201d, agreg\u00f3.<\/p>\n<p>La presidenta Claudia Sheinbaum ha adoptado una postura cautelosa. Este lunes <a href=\"https:\/\/cnnespanol.cnn.com\/2025\/08\/18\/mexico\/guerra-carteles-sinaloa-homicidios-mayo-orix\">asegur\u00f3<\/a> que su Gobierno no va a \u201cproteger a nadie\u201d pero que \u201ctiene que haber pruebas\u201d.<\/p>\n<p>\u201cSolo si existen pruebas contundentes se va a proceder contra\u201d Rocha Moya, dijo la mandataria. \u201cSi no existen pruebas contundentes, es evidente que el objetivo es pol\u00edtico\u201d, a\u00f1adi\u00f3 Sheinbaum en su conferencia de prensa matutina.<\/p>\n<p>El gobierno mexicano ha enfatizado adem\u00e1s la importancia de la soberan\u00eda nacional y de que cualquier procedimiento se realice conforme a la ley mexicana.<\/p>\n<p>\u201cDebe quedar sumamente claro: bajo ning\u00fan motivo vamos a permitir la intromisi\u00f3n o injerencia de un gobierno extranjero en las decisiones que le competen exclusivamente al pueblo de M\u00e9xico\u201d, dijo la presidenta.<\/p>\n<p>La presidenta de M\u00e9xico explic\u00f3 que la Fiscal\u00eda General de la Rep\u00fablica proceder\u00e1 a analizar la documentaci\u00f3n recibida desde EE.UU. Para \u201cestablecer con toda exactitud si existen los elementos probatorios necesarios para tal fin y en su caso, sobre la viabilidad de la solicitud\u201d de extradici\u00f3n de Rocha y otros funcionarios se\u00f1alados en la acusaci\u00f3n.<\/p>\n<p>El embajador de EE.UU. en M\u00e9xico, Ronald Johnson, evit\u00f3 referirse directamente al caso, pero<a href=\"https:\/\/x.com\/USAmbMex\/status\/2049563802459689003\"> se\u00f1al\u00f3 en un comunicado<\/a> difundido en redes sociles que la corrupci\u00f3n facilita las actividades criminales y debe ser combatida.<\/p>\n<p>Sus declaraciones fueron consideradas \u201cdesafortunadas\u201d por la presidenta Sheinbaum, quien rechaz\u00f3 cualquier se\u00f1al que pueda interpretarse como injerencia.<\/p>\n<p>Las acusaciones surgen en un momento especialmente delicado para la relaci\u00f3n entre M\u00e9xico y Estados Unidos, marcada por nuevas tensiones tras la muerte de dos agentes de la CIA en un operativo en Chihuahua.<\/p>\n<p>El caso coincide adem\u00e1s con una creciente presi\u00f3n del gobierno de Donald Trump para que M\u00e9xico intensifique sus acciones contra los c\u00e1rteles del narcotr\u00e1fico. El propio Trump ha planteado la posibilidad de que fuerzas estadounidenses realicen operaciones en territorio mexicano, una idea que la presidenta Sheinbaum ha rechazado de forma reiterada, al considerarla una violaci\u00f3n a la soberan\u00eda nacional.<\/p>\n<p>The-CNN-Wire<br \/>&trade; &amp; &copy; 2026 Cable News Network, Inc., a Warner Bros. Discovery Company. All rights reserved.<\/p>\n","protected":false},"excerpt":{"rendered":"<p>La acusaci\u00f3n del Departamento de Justicia de EE.UU. ha colocado en el centro de la atenci\u00f3n internacional al gobernador de Sinaloa, Rub\u00e9n Rocha Moya, y a nueve funcionarios y exfuncionarios por su presunta colaboraci\u00f3n, seg\u00fan la Casa Blanca, con el Cartel de Sinaloa, particularmente con Los Chapitos, la facci\u00f3n del cartel liderada por los hijos [&hellip;]<\/p>\n","protected":false},"author":0,"featured_media":0,"comment_status":"open","ping_status":"open","sticky":false,"template":"","format":"standard","meta":{"_jetpack_memberships_contains_paid_content":false,"footnotes":""},"categories":[10],"tags":[],"class_list":["post-1473690","post","type-post","status-publish","format-standard","hentry","category-noticias-nacionales","market-global"],"yoast_head":"<!-- This site is optimized with the Yoast SEO plugin v24.4 - https:\/\/yoast.com\/wordpress\/plugins\/seo\/ -->\n<title>EE.UU. acusa al gobernador de Sinaloa y nueve funcionarios de v\u00ednculos con los Chapitos: esto sabemos - Noticias<\/title>\n<meta name=\"robots\" content=\"index, follow, max-snippet:-1, max-image-preview:large, max-video-preview:-1\" \/>\n<link rel=\"canonical\" href=\"https:\/\/noticiasya.com\/2026\/04\/30\/estados-unidos-acusa-gobernador-sinaloa-chapitos-orix\/\" \/>\n<meta property=\"og:locale\" content=\"es_ES\" \/>\n<meta property=\"og:type\" content=\"article\" \/>\n<meta property=\"og:title\" content=\"EE.UU. acusa al gobernador de Sinaloa y nueve funcionarios de v\u00ednculos con los Chapitos: esto sabemos - Noticias\" \/>\n<meta property=\"og:description\" content=\"La acusaci\u00f3n del Departamento de Justicia de EE.UU. ha colocado en el centro de la atenci\u00f3n internacional al gobernador de Sinaloa, Rub\u00e9n Rocha Moya, y a nueve funcionarios y exfuncionarios por su presunta colaboraci\u00f3n, seg\u00fan la Casa Blanca, con el Cartel de Sinaloa, particularmente con Los Chapitos, la facci\u00f3n del cartel liderada por los hijos [&hellip;]\" \/>\n<meta property=\"og:url\" content=\"https:\/\/noticiasya.com\/2026\/04\/30\/estados-unidos-acusa-gobernador-sinaloa-chapitos-orix\/\" \/>\n<meta property=\"og:site_name\" content=\"Noticias\" \/>\n<meta property=\"article:published_time\" content=\"2026-05-01T00:03:45+00:00\" \/>\n<meta name=\"twitter:card\" content=\"summary_large_image\" \/>\n<meta name=\"twitter:label1\" content=\"Est. reading time\" \/>\n\t<meta name=\"twitter:data1\" content=\"7 minutos\" \/>\n<script type=\"application\/ld+json\" class=\"yoast-schema-graph\">{\"@context\":\"https:\/\/schema.org\",\"@graph\":[{\"@type\":\"Article\",\"@id\":\"https:\/\/noticiasya.com\/2026\/04\/30\/estados-unidos-acusa-gobernador-sinaloa-chapitos-orix\/#article\",\"isPartOf\":{\"@id\":\"https:\/\/noticiasya.com\/2026\/04\/30\/estados-unidos-acusa-gobernador-sinaloa-chapitos-orix\/\"},\"author\":{\"name\":\"\",\"@id\":\"\"},\"headline\":\"EE.UU. acusa al gobernador de Sinaloa y nueve funcionarios de v\u00ednculos con los Chapitos: esto sabemos\",\"datePublished\":\"2026-05-01T00:03:45+00:00\",\"mainEntityOfPage\":{\"@id\":\"https:\/\/noticiasya.com\/2026\/04\/30\/estados-unidos-acusa-gobernador-sinaloa-chapitos-orix\/\"},\"wordCount\":1330,\"commentCount\":0,\"publisher\":{\"@id\":\"https:\/\/noticiasya.com\/#organization\"},\"articleSection\":[\"Noticias Nacionales\"],\"inLanguage\":\"es\",\"potentialAction\":[{\"@type\":\"CommentAction\",\"name\":\"Comment\",\"target\":[\"https:\/\/noticiasya.com\/2026\/04\/30\/estados-unidos-acusa-gobernador-sinaloa-chapitos-orix\/#respond\"]}]},{\"@type\":\"WebPage\",\"@id\":\"https:\/\/noticiasya.com\/2026\/04\/30\/estados-unidos-acusa-gobernador-sinaloa-chapitos-orix\/\",\"url\":\"https:\/\/noticiasya.com\/2026\/04\/30\/estados-unidos-acusa-gobernador-sinaloa-chapitos-orix\/\",\"name\":\"EE.UU. acusa al gobernador de Sinaloa y nueve funcionarios de v\u00ednculos con los Chapitos: esto sabemos - Noticias\",\"isPartOf\":{\"@id\":\"https:\/\/noticiasya.com\/#website\"},\"datePublished\":\"2026-05-01T00:03:45+00:00\",\"breadcrumb\":{\"@id\":\"https:\/\/noticiasya.com\/2026\/04\/30\/estados-unidos-acusa-gobernador-sinaloa-chapitos-orix\/#breadcrumb\"},\"inLanguage\":\"es\",\"potentialAction\":[{\"@type\":\"ReadAction\",\"target\":[\"https:\/\/noticiasya.com\/2026\/04\/30\/estados-unidos-acusa-gobernador-sinaloa-chapitos-orix\/\"]}]},{\"@type\":\"BreadcrumbList\",\"@id\":\"https:\/\/noticiasya.com\/2026\/04\/30\/estados-unidos-acusa-gobernador-sinaloa-chapitos-orix\/#breadcrumb\",\"itemListElement\":[{\"@type\":\"ListItem\",\"position\":1,\"name\":\"Home\",\"item\":\"https:\/\/noticiasya.com\/\"},{\"@type\":\"ListItem\",\"position\":2,\"name\":\"EE.UU. acusa al gobernador de Sinaloa y nueve funcionarios de v\u00ednculos con los Chapitos: esto sabemos\"}]},{\"@type\":\"WebSite\",\"@id\":\"https:\/\/noticiasya.com\/#website\",\"url\":\"https:\/\/noticiasya.com\/\",\"name\":\"Noticias\",\"description\":\"Lo que importa\",\"publisher\":{\"@id\":\"https:\/\/noticiasya.com\/#organization\"},\"potentialAction\":[{\"@type\":\"SearchAction\",\"target\":{\"@type\":\"EntryPoint\",\"urlTemplate\":\"https:\/\/noticiasya.com\/?s={search_term_string}\"},\"query-input\":{\"@type\":\"PropertyValueSpecification\",\"valueRequired\":true,\"valueName\":\"search_term_string\"}}],\"inLanguage\":\"es\"},{\"@type\":\"Organization\",\"@id\":\"https:\/\/noticiasya.com\/#organization\",\"name\":\"Noticias\",\"url\":\"https:\/\/noticiasya.com\/\",\"logo\":{\"@type\":\"ImageObject\",\"inLanguage\":\"es\",\"@id\":\"https:\/\/noticiasya.com\/#\/schema\/logo\/image\/\",\"url\":\"https:\/\/noticiasya.com\/wp-content\/uploads\/sites\/22\/2023\/12\/logo-nacional.png\",\"contentUrl\":\"https:\/\/noticiasya.com\/wp-content\/uploads\/sites\/22\/2023\/12\/logo-nacional.png\",\"width\":1801,\"height\":691,\"caption\":\"Noticias\"},\"image\":{\"@id\":\"https:\/\/noticiasya.com\/#\/schema\/logo\/image\/\"}}]}<\/script>\n<!-- \/ Yoast SEO plugin. -->","yoast_head_json":{"title":"EE.UU. acusa al gobernador de Sinaloa y nueve funcionarios de v\u00ednculos con los Chapitos: esto sabemos - Noticias","robots":{"index":"index","follow":"follow","max-snippet":"max-snippet:-1","max-image-preview":"max-image-preview:large","max-video-preview":"max-video-preview:-1"},"canonical":"https:\/\/noticiasya.com\/2026\/04\/30\/estados-unidos-acusa-gobernador-sinaloa-chapitos-orix\/","og_locale":"es_ES","og_type":"article","og_title":"EE.UU. acusa al gobernador de Sinaloa y nueve funcionarios de v\u00ednculos con los Chapitos: esto sabemos - Noticias","og_description":"La acusaci\u00f3n del Departamento de Justicia de EE.UU. ha colocado en el centro de la atenci\u00f3n internacional al gobernador de Sinaloa, Rub\u00e9n Rocha Moya, y a nueve funcionarios y exfuncionarios por su presunta colaboraci\u00f3n, seg\u00fan la Casa Blanca, con el Cartel de Sinaloa, particularmente con Los Chapitos, la facci\u00f3n del cartel liderada por los hijos [&hellip;]","og_url":"https:\/\/noticiasya.com\/2026\/04\/30\/estados-unidos-acusa-gobernador-sinaloa-chapitos-orix\/","og_site_name":"Noticias","article_published_time":"2026-05-01T00:03:45+00:00","twitter_card":"summary_large_image","twitter_misc":{"Est. reading time":"7 minutos"},"schema":{"@context":"https:\/\/schema.org","@graph":[{"@type":"Article","@id":"https:\/\/noticiasya.com\/2026\/04\/30\/estados-unidos-acusa-gobernador-sinaloa-chapitos-orix\/#article","isPartOf":{"@id":"https:\/\/noticiasya.com\/2026\/04\/30\/estados-unidos-acusa-gobernador-sinaloa-chapitos-orix\/"},"author":{"name":"","@id":""},"headline":"EE.UU. acusa al gobernador de Sinaloa y nueve funcionarios de v\u00ednculos con los Chapitos: esto sabemos","datePublished":"2026-05-01T00:03:45+00:00","mainEntityOfPage":{"@id":"https:\/\/noticiasya.com\/2026\/04\/30\/estados-unidos-acusa-gobernador-sinaloa-chapitos-orix\/"},"wordCount":1330,"commentCount":0,"publisher":{"@id":"https:\/\/noticiasya.com\/#organization"},"articleSection":["Noticias Nacionales"],"inLanguage":"es","potentialAction":[{"@type":"CommentAction","name":"Comment","target":["https:\/\/noticiasya.com\/2026\/04\/30\/estados-unidos-acusa-gobernador-sinaloa-chapitos-orix\/#respond"]}]},{"@type":"WebPage","@id":"https:\/\/noticiasya.com\/2026\/04\/30\/estados-unidos-acusa-gobernador-sinaloa-chapitos-orix\/","url":"https:\/\/noticiasya.com\/2026\/04\/30\/estados-unidos-acusa-gobernador-sinaloa-chapitos-orix\/","name":"EE.UU. acusa al gobernador de Sinaloa y nueve funcionarios de v\u00ednculos con los Chapitos: esto sabemos - Noticias","isPartOf":{"@id":"https:\/\/noticiasya.com\/#website"},"datePublished":"2026-05-01T00:03:45+00:00","breadcrumb":{"@id":"https:\/\/noticiasya.com\/2026\/04\/30\/estados-unidos-acusa-gobernador-sinaloa-chapitos-orix\/#breadcrumb"},"inLanguage":"es","potentialAction":[{"@type":"ReadAction","target":["https:\/\/noticiasya.com\/2026\/04\/30\/estados-unidos-acusa-gobernador-sinaloa-chapitos-orix\/"]}]},{"@type":"BreadcrumbList","@id":"https:\/\/noticiasya.com\/2026\/04\/30\/estados-unidos-acusa-gobernador-sinaloa-chapitos-orix\/#breadcrumb","itemListElement":[{"@type":"ListItem","position":1,"name":"Home","item":"https:\/\/noticiasya.com\/"},{"@type":"ListItem","position":2,"name":"EE.UU. acusa al gobernador de Sinaloa y nueve funcionarios de v\u00ednculos con los Chapitos: esto sabemos"}]},{"@type":"WebSite","@id":"https:\/\/noticiasya.com\/#website","url":"https:\/\/noticiasya.com\/","name":"Noticias","description":"Lo que importa","publisher":{"@id":"https:\/\/noticiasya.com\/#organization"},"potentialAction":[{"@type":"SearchAction","target":{"@type":"EntryPoint","urlTemplate":"https:\/\/noticiasya.com\/?s={search_term_string}"},"query-input":{"@type":"PropertyValueSpecification","valueRequired":true,"valueName":"search_term_string"}}],"inLanguage":"es"},{"@type":"Organization","@id":"https:\/\/noticiasya.com\/#organization","name":"Noticias","url":"https:\/\/noticiasya.com\/","logo":{"@type":"ImageObject","inLanguage":"es","@id":"https:\/\/noticiasya.com\/#\/schema\/logo\/image\/","url":"https:\/\/noticiasya.com\/wp-content\/uploads\/sites\/22\/2023\/12\/logo-nacional.png","contentUrl":"https:\/\/noticiasya.com\/wp-content\/uploads\/sites\/22\/2023\/12\/logo-nacional.png","width":1801,"height":691,"caption":"Noticias"},"image":{"@id":"https:\/\/noticiasya.com\/#\/schema\/logo\/image\/"}}]}},"parsely":{"version":"1.1.0","canonical_url":"https:\/\/noticiasya.com\/nacional\/2026\/04\/30\/estados-unidos-acusa-gobernador-sinaloa-chapitos-orix\/","smart_links":{"inbound":0,"outbound":0},"traffic_boost_suggestions_count":0,"meta":{"@context":"https:\/\/schema.org","@type":"NewsArticle","headline":"EE.UU. acusa al gobernador de Sinaloa y nueve funcionarios de v\u00ednculos con los Chapitos: esto sabemos","url":"http:\/\/noticiasya.com\/nacional\/2026\/04\/30\/estados-unidos-acusa-gobernador-sinaloa-chapitos-orix\/","mainEntityOfPage":{"@type":"WebPage","@id":"http:\/\/noticiasya.com\/nacional\/2026\/04\/30\/estados-unidos-acusa-gobernador-sinaloa-chapitos-orix\/"},"thumbnailUrl":"","image":{"@type":"ImageObject","url":""},"articleSection":"Noticias Nacionales","author":[],"creator":[],"publisher":{"@type":"Organization","name":"Noticias","logo":""},"keywords":[],"dateCreated":"2026-05-01T00:03:45Z","datePublished":"2026-05-01T00:03:45Z","dateModified":"2026-05-01T00:03:45Z"},"rendered":"<script type=\"application\/ld+json\" class=\"wp-parsely-metadata\">{\"@context\":\"https:\\\/\\\/schema.org\",\"@type\":\"NewsArticle\",\"headline\":\"EE.UU. acusa al gobernador de Sinaloa y nueve funcionarios de v\\u00ednculos con los Chapitos: esto sabemos\",\"url\":\"http:\\\/\\\/noticiasya.com\\\/nacional\\\/2026\\\/04\\\/30\\\/estados-unidos-acusa-gobernador-sinaloa-chapitos-orix\\\/\",\"mainEntityOfPage\":{\"@type\":\"WebPage\",\"@id\":\"http:\\\/\\\/noticiasya.com\\\/nacional\\\/2026\\\/04\\\/30\\\/estados-unidos-acusa-gobernador-sinaloa-chapitos-orix\\\/\"},\"thumbnailUrl\":\"\",\"image\":{\"@type\":\"ImageObject\",\"url\":\"\"},\"articleSection\":\"Noticias Nacionales\",\"author\":[],\"creator\":[],\"publisher\":{\"@type\":\"Organization\",\"name\":\"Noticias\",\"logo\":\"\"},\"keywords\":[],\"dateCreated\":\"2026-05-01T00:03:45Z\",\"datePublished\":\"2026-05-01T00:03:45Z\",\"dateModified\":\"2026-05-01T00:03:45Z\"}<\/script>","tracker_url":"https:\/\/cdn.parsely.com\/keys\/noticiasya.com\/p.js"},"jetpack_featured_media_url":"","jetpack-related-posts":[{"id":1473675,"url":"https:\/\/noticiasya.com\/nacional\/2026\/04\/30\/sheinbaum-acusacion-gobernador-sinaloa-eeuu-pruebas-orix\/","url_meta":{"origin":1473690,"position":0},"title":"Tras acusaci\u00f3n de EE.UU. contra el gobernador de Sinaloa, Sheinbaum exige pruebas y advierte contra injerencias extranjeras","author":"","date":"abril 30, 2026","format":false,"excerpt":"La presidenta de M\u00e9xico, Claudia Sheinbaum, asegur\u00f3 este jueves que no van a \u201cproteger a nadie\u201d pero que \u201ctiene que haber pruebas\u201d, al referirse a la acusaci\u00f3n de Estados Unidos contra el gobernador de Sinaloa y otros funcionarios mexicanos por presuntos v\u00ednculos con el narcotr\u00e1fico.\u201cSolo si existen pruebas contundentes se\u2026","rel":"","context":"In &quot;Noticias Nacionales&quot;","block_context":{"text":"Noticias Nacionales","link":"https:\/\/noticiasya.com\/nacional\/categoria\/noticias-nacionales"},"img":{"alt_text":"","src":"","width":0,"height":0},"classes":[]},{"id":1473644,"url":"https:\/\/noticiasya.com\/nacional\/2026\/04\/29\/acusacion-gobernador-sinaloa-ruben-rocha-orix\/","url_meta":{"origin":1473690,"position":1},"title":"Estados Unidos acusa al gobernador de Sinaloa de narcotr\u00e1fico y posesi\u00f3n de armas","author":"","date":"abril 29, 2026","format":false,"excerpt":"El Gobierno de Estados Unidos acus\u00f3 al gobernador del estado mexicano de Sinaloa, Rub\u00e9n Rocha, de cargos de narcotr\u00e1fico, posesi\u00f3n ilegal de armas y conspiraci\u00f3n para poseer armas, inform\u00f3 este mi\u00e9rcoles el Departamento de Justicia en un comunicado.La acusaci\u00f3n contra Rocha, quien podr\u00eda enfrentar una pena que va de 40\u2026","rel":"","context":"In &quot;Noticias Nacionales&quot;","block_context":{"text":"Noticias Nacionales","link":"https:\/\/noticiasya.com\/nacional\/categoria\/noticias-nacionales"},"img":{"alt_text":"","src":"","width":0,"height":0},"classes":[]},{"id":1449763,"url":"https:\/\/noticiasya.com\/nacional\/2024\/05\/25\/quien-es-nestor-isidro-perez-salas-nini-presunto-jefe-seguridad-cartel-los-chapitos-orix\/","url_meta":{"origin":1473690,"position":2},"title":"\u00bfQui\u00e9n es N\u00e9stor Isidro P\u00e9rez \u201cEl Nini\u201d, presunto jefe de seguridad del cartel Los Chapitos?","author":"","date":"mayo 25, 2024","format":false,"excerpt":"(CNN Espa\u00f1ol) --\u00a0N\u00e9stor Isidro P\u00e9rez Salas, \u201cNini\u201d, es se\u00f1alado como presunto jefe de seguridad del cartel mexicano Los Chapitos, por lo que su extradici\u00f3n a Estados Unidos anunciada este s\u00e1bado, medio a\u00f1o despu\u00e9s de su arresto, es un nuevo golpe para la organizaci\u00f3n delictiva.Nini fue arrestado en noviembre en el\u2026","rel":"","context":"In &quot;Noticias Nacionales&quot;","block_context":{"text":"Noticias Nacionales","link":"https:\/\/noticiasya.com\/nacional\/categoria\/noticias-nacionales"},"img":{"alt_text":"","src":"","width":0,"height":0},"classes":[]},{"id":1467151,"url":"https:\/\/noticiasya.com\/nacional\/2025\/10\/06\/eeuu-sanciona-cartel-sinaloa-chapitos-fentanilo-orix\/","url_meta":{"origin":1473690,"position":3},"title":"EE.UU. sanciona a individuos y empresas a los que relaciona con el C\u00e1rtel de Sinaloa y el suministro de fentanilo","author":"","date":"octubre 6, 2025","format":false,"excerpt":"El Departamento del Tesoro de Estados Unidos anunci\u00f3 este lunes sanciones contra ocho mexicanos y 12 empresas de M\u00e9xico a las que se\u00f1ala por presuntos v\u00ednculos con la facci\u00f3n Los Chapitos del C\u00e1rtel de Sinaloa, como parte de una red que supuestamente provee precursores qu\u00edmicos de fentanilo il\u00edcito.Las autoridades estadounidenses\u2026","rel":"","context":"In &quot;Noticias Nacionales&quot;","block_context":{"text":"Noticias Nacionales","link":"https:\/\/noticiasya.com\/nacional\/categoria\/noticias-nacionales"},"img":{"alt_text":"","src":"","width":0,"height":0},"classes":[]},{"id":1473688,"url":"https:\/\/noticiasya.com\/nacional\/2026\/04\/30\/ruben-ochoa-gobernador-sinaloa-acusado-orix\/","url_meta":{"origin":1473690,"position":4},"title":"Qui\u00e9n es Rub\u00e9n Rocha, el gobernador de Sinaloa acusado de narcotr\u00e1fico por EE.UU.","author":"","date":"abril 30, 2026","format":false,"excerpt":"La carrera del gobernador de Sinaloa, Rub\u00e9n Rocha Moya, un acad\u00e9mico curtido en la administraci\u00f3n universitaria y que pas\u00f3 por varios partidos del espectro pol\u00edtico hasta dar el gran salto con la coalici\u00f3n izquierdista encabezada por Morena, dio un vuelco esta semana cuando el funcionario fue acusado por el Departamento\u2026","rel":"","context":"In &quot;Noticias Nacionales&quot;","block_context":{"text":"Noticias Nacionales","link":"https:\/\/noticiasya.com\/nacional\/categoria\/noticias-nacionales"},"img":{"alt_text":"","src":"","width":0,"height":0},"classes":[]},{"id":1458994,"url":"https:\/\/noticiasya.com\/nacional\/2025\/02\/20\/detienen-sinaloa-alias-200-los-chapitos-orix\/","url_meta":{"origin":1473690,"position":5},"title":"Detienen en Sinaloa a alias &#171;El 200&#187;, presunto jefe de seguridad del l\u00edder de Los Chapitos","author":"","date":"febrero 20, 2025","format":false,"excerpt":"Autoridades mexicanas detuvieron a un hombre identificado como alias \u201cEl 200\u201d, a quien se\u00f1alan como el jefe de la seguridad del l\u00edder de la organizaci\u00f3n criminal Los Chapitos, una facci\u00f3n del c\u00e1rtel de Sinaloa, inform\u00f3 la Secretar\u00eda de Seguridad y Protecci\u00f3n Ciudadana este jueves en un comunicado conjunto del Gabinete\u2026","rel":"","context":"In &quot;Noticias Nacionales&quot;","block_context":{"text":"Noticias Nacionales","link":"https:\/\/noticiasya.com\/nacional\/categoria\/noticias-nacionales"},"img":{"alt_text":"","src":"","width":0,"height":0},"classes":[]}],"jetpack_sharing_enabled":true,"_links":{"self":[{"href":"https:\/\/noticiasya.com\/nacional\/wp-json\/wp\/v2\/posts\/1473690","targetHints":{"allow":["GET"]}}],"collection":[{"href":"https:\/\/noticiasya.com\/nacional\/wp-json\/wp\/v2\/posts"}],"about":[{"href":"https:\/\/noticiasya.com\/nacional\/wp-json\/wp\/v2\/types\/post"}],"replies":[{"embeddable":true,"href":"https:\/\/noticiasya.com\/nacional\/wp-json\/wp\/v2\/comments?post=1473690"}],"version-history":[{"count":0,"href":"https:\/\/noticiasya.com\/nacional\/wp-json\/wp\/v2\/posts\/1473690\/revisions"}],"wp:attachment":[{"href":"https:\/\/noticiasya.com\/nacional\/wp-json\/wp\/v2\/media?parent=1473690"}],"wp:term":[{"taxonomy":"category","embeddable":true,"href":"https:\/\/noticiasya.com\/nacional\/wp-json\/wp\/v2\/categories?post=1473690"},{"taxonomy":"post_tag","embeddable":true,"href":"https:\/\/noticiasya.com\/nacional\/wp-json\/wp\/v2\/tags?post=1473690"}],"curies":[{"name":"wp","href":"https:\/\/api.w.org\/{rel}","templated":true}]}}