{"id":1473691,"date":"2026-04-30T17:03:45","date_gmt":"2026-05-01T00:03:45","guid":{"rendered":"https:\/\/noticiasya.com\/2026\/04\/30\/guillermo-ochoa-sexto-mundial-retiro-orix\/"},"modified":"2026-04-30T17:03:45","modified_gmt":"2026-05-01T00:03:45","slug":"guillermo-ochoa-sexto-mundial-retiro-orix","status":"publish","type":"post","link":"https:\/\/noticiasya.com\/nacional\/2026\/04\/30\/guillermo-ochoa-sexto-mundial-retiro-orix\/","title":{"rendered":"Guillermo Ochoa confirm\u00f3 que jugar\u00e1 su sexto Mundial con M\u00e9xico y que luego se retirar\u00e1"},"content":{"rendered":"<p>Hablar de Guillermo Ochoa es hablar de una de las figuras m\u00e1s representativas en la historia del f\u00fatbol mexicano. El guardameta jalisciense volvi\u00f3 a colocarse en el centro de la conversaci\u00f3n luego de confirmar, de manera indirecta, que disputar\u00e1 su sexto Mundial y que se retirar\u00e1 al finalizar el certamen.<\/p>\n<p>El portero republic\u00f3 una publicaci\u00f3n del periodista italiano Fabrizio Romano, en la que se revelaba dicha informaci\u00f3n. As\u00ed, el propio Ochoa dej\u00f3 entrever el cierre de una trayectoria marcada por la constancia, con actuaciones memorables que el mundo pudo ver en la m\u00e1xima fiesta del f\u00fatbol mundial.<\/p>\n<p>Desde su debut profesional con el Club Am\u00e9rica en 2004, Ochoa dej\u00f3 claro que ten\u00eda condiciones poco comunes para un portero mexicano. Su agilidad, reflejos y personalidad lo llevaron r\u00e1pidamente a consolidarse en el m\u00e1ximo nivel con las \u00c1guilas. Su salto al f\u00fatbol europeo con el AC Ajaccio de la Ligue 1 de Francia marc\u00f3 un antes y un despu\u00e9s, pues se convirti\u00f3 en el primer portero mexicano en jugar en Europa. Su impacto fue tal que incluso apareci\u00f3 en la lista del Bal\u00f3n de Oro de 2007, un logro in\u00e9dito para un arquero mexicano.<\/p>\n<p>En la selecci\u00f3n nacional, su historia es a\u00fan m\u00e1s impresionante. Ochoa ya ha sido parte de cinco Copas del Mundo: Alemania 2006, Sud\u00e1frica 2010, Brasil 2014, Rusia 2018 y Qatar 2022. Su actuaci\u00f3n ante Brasil en 2014, con atajadas extraordinarias, es considerada una de las mejores exhibiciones de un portero en la historia de los mundiales. En ese partido naci\u00f3 su leyenda, y desde entonces ha sido figura del Tri en cada Copa del Mundo que particip\u00f3.<\/p>\n<p>Con su pr\u00f3xima participaci\u00f3n, Ochoa se unir\u00e1 a un grupo selecto de leyendas como Cristiano Ronaldo y Lionel Messi, al convertirse en los \u00fanicos futbolistas en disputar seis Copas del Mundo. Un logro que dimensiona el nivel competitivo que ha mantenido a lo largo de dos d\u00e9cadas.<\/p>\n<p>El palmar\u00e9s de Guillermo Ochoa con la selecci\u00f3n mexicana es igualmente sobresaliente. Es el jugador con m\u00e1s t\u00edtulos en la historia del combinado nacional, destacando seis conquistas de la Copa Oro, adem\u00e1s de la Liga de Naciones 2024-25. A esto se suma la medalla de bronce obtenida en los Juegos Ol\u00edmpicos de Tokio 2020, donde fue l\u00edder de una generaci\u00f3n que volvi\u00f3 a subir al podio ol\u00edmpico tras el oro obtenido en Londres 2012.<\/p>\n<p>En lo individual, los n\u00fameros tambi\u00e9n respaldan su legado. Ochoa es uno de los porteros con m\u00e1s porter\u00edas a cero en partidos internacionales, ha sido l\u00edder en atajadas en m\u00faltiples ligas europeas y posee r\u00e9cords en Francia, Espa\u00f1a e Italia. Pero en lo que m\u00e1s se ha destacado el mexicano es en aparecer en momentos clave con su liderazgo y grandes atajadas, que lo han mantenido en la conversaci\u00f3n mundial, pese a nunca haber jugado en los llamados equipos \u201cgrandes\u201d de Europa.<\/p>\n<p>M\u00e1s all\u00e1 de las estad\u00edsticas, Guillermo Ochoa representa perseverancia. Desde ser tercer portero en su primer Mundial hasta convertirse en capit\u00e1n y referente absoluto, su carrera es ejemplo de disciplina y resiliencia. Incluso momentos complicados, como el episodio del clembuterol en 2011 (del que fue exonerado) que le impidi\u00f3 ser fichado por el PSG de Francia \u2014dicho por \u00e9l mismo \u2014, no frenaron su crecimiento.<\/p>\n<p>Hoy, el anuncio de su retiro tras su sexto Mundial empieza a marcar el fin de una era en el TrI, con la despedida de un s\u00edmbolo para el f\u00fatbol latinoamericano y, en particular, para el mexicano, al que defendi\u00f3 con orgullo. Cuando finalmente cuelgue los guantes, su nombre quedar\u00e1 inscrito, sin duda, entre los m\u00e1s grandes en la historia del f\u00fatbol mexicano.<\/p>\n<p>The-CNN-Wire<br \/>&trade; &amp; &copy; 2026 Cable News Network, Inc., a Warner Bros. Discovery Company. All rights reserved.<\/p>\n","protected":false},"excerpt":{"rendered":"<p>Hablar de Guillermo Ochoa es hablar de una de las figuras m\u00e1s representativas en la historia del f\u00fatbol mexicano. El guardameta jalisciense volvi\u00f3 a colocarse en el centro de la conversaci\u00f3n luego de confirmar, de manera indirecta, que disputar\u00e1 su sexto Mundial y que se retirar\u00e1 al finalizar el certamen. El portero republic\u00f3 una publicaci\u00f3n [&hellip;]<\/p>\n","protected":false},"author":0,"featured_media":0,"comment_status":"open","ping_status":"open","sticky":false,"template":"","format":"standard","meta":{"_jetpack_memberships_contains_paid_content":false,"footnotes":""},"categories":[10],"tags":[],"class_list":["post-1473691","post","type-post","status-publish","format-standard","hentry","category-noticias-nacionales","market-global"],"yoast_head":"<!-- This site is optimized with the Yoast SEO plugin v24.4 - https:\/\/yoast.com\/wordpress\/plugins\/seo\/ -->\n<title>Guillermo Ochoa confirm\u00f3 que jugar\u00e1 su sexto Mundial con M\u00e9xico y que luego se retirar\u00e1 - Noticias<\/title>\n<meta name=\"robots\" content=\"index, follow, max-snippet:-1, max-image-preview:large, max-video-preview:-1\" \/>\n<link rel=\"canonical\" href=\"https:\/\/noticiasya.com\/2026\/04\/30\/guillermo-ochoa-sexto-mundial-retiro-orix\/\" \/>\n<meta property=\"og:locale\" content=\"es_ES\" \/>\n<meta property=\"og:type\" content=\"article\" \/>\n<meta property=\"og:title\" content=\"Guillermo Ochoa confirm\u00f3 que jugar\u00e1 su sexto Mundial con M\u00e9xico y que luego se retirar\u00e1 - Noticias\" \/>\n<meta property=\"og:description\" content=\"Hablar de Guillermo Ochoa es hablar de una de las figuras m\u00e1s representativas en la historia del f\u00fatbol mexicano. El guardameta jalisciense volvi\u00f3 a colocarse en el centro de la conversaci\u00f3n luego de confirmar, de manera indirecta, que disputar\u00e1 su sexto Mundial y que se retirar\u00e1 al finalizar el certamen. El portero republic\u00f3 una publicaci\u00f3n [&hellip;]\" \/>\n<meta property=\"og:url\" content=\"https:\/\/noticiasya.com\/2026\/04\/30\/guillermo-ochoa-sexto-mundial-retiro-orix\/\" \/>\n<meta property=\"og:site_name\" content=\"Noticias\" \/>\n<meta property=\"article:published_time\" content=\"2026-05-01T00:03:45+00:00\" \/>\n<meta name=\"twitter:card\" content=\"summary_large_image\" \/>\n<meta name=\"twitter:label1\" content=\"Est. reading time\" \/>\n\t<meta name=\"twitter:data1\" content=\"3 minutos\" \/>\n<script type=\"application\/ld+json\" class=\"yoast-schema-graph\">{\"@context\":\"https:\/\/schema.org\",\"@graph\":[{\"@type\":\"Article\",\"@id\":\"https:\/\/noticiasya.com\/2026\/04\/30\/guillermo-ochoa-sexto-mundial-retiro-orix\/#article\",\"isPartOf\":{\"@id\":\"https:\/\/noticiasya.com\/2026\/04\/30\/guillermo-ochoa-sexto-mundial-retiro-orix\/\"},\"author\":{\"name\":\"\",\"@id\":\"\"},\"headline\":\"Guillermo Ochoa confirm\u00f3 que jugar\u00e1 su sexto Mundial con M\u00e9xico y que luego se retirar\u00e1\",\"datePublished\":\"2026-05-01T00:03:45+00:00\",\"mainEntityOfPage\":{\"@id\":\"https:\/\/noticiasya.com\/2026\/04\/30\/guillermo-ochoa-sexto-mundial-retiro-orix\/\"},\"wordCount\":668,\"commentCount\":0,\"publisher\":{\"@id\":\"https:\/\/noticiasya.com\/#organization\"},\"articleSection\":[\"Noticias Nacionales\"],\"inLanguage\":\"es\",\"potentialAction\":[{\"@type\":\"CommentAction\",\"name\":\"Comment\",\"target\":[\"https:\/\/noticiasya.com\/2026\/04\/30\/guillermo-ochoa-sexto-mundial-retiro-orix\/#respond\"]}]},{\"@type\":\"WebPage\",\"@id\":\"https:\/\/noticiasya.com\/2026\/04\/30\/guillermo-ochoa-sexto-mundial-retiro-orix\/\",\"url\":\"https:\/\/noticiasya.com\/2026\/04\/30\/guillermo-ochoa-sexto-mundial-retiro-orix\/\",\"name\":\"Guillermo Ochoa confirm\u00f3 que jugar\u00e1 su sexto Mundial con M\u00e9xico y que luego se retirar\u00e1 - Noticias\",\"isPartOf\":{\"@id\":\"https:\/\/noticiasya.com\/#website\"},\"datePublished\":\"2026-05-01T00:03:45+00:00\",\"breadcrumb\":{\"@id\":\"https:\/\/noticiasya.com\/2026\/04\/30\/guillermo-ochoa-sexto-mundial-retiro-orix\/#breadcrumb\"},\"inLanguage\":\"es\",\"potentialAction\":[{\"@type\":\"ReadAction\",\"target\":[\"https:\/\/noticiasya.com\/2026\/04\/30\/guillermo-ochoa-sexto-mundial-retiro-orix\/\"]}]},{\"@type\":\"BreadcrumbList\",\"@id\":\"https:\/\/noticiasya.com\/2026\/04\/30\/guillermo-ochoa-sexto-mundial-retiro-orix\/#breadcrumb\",\"itemListElement\":[{\"@type\":\"ListItem\",\"position\":1,\"name\":\"Home\",\"item\":\"https:\/\/noticiasya.com\/\"},{\"@type\":\"ListItem\",\"position\":2,\"name\":\"Guillermo Ochoa confirm\u00f3 que jugar\u00e1 su sexto Mundial con M\u00e9xico y que luego se retirar\u00e1\"}]},{\"@type\":\"WebSite\",\"@id\":\"https:\/\/noticiasya.com\/#website\",\"url\":\"https:\/\/noticiasya.com\/\",\"name\":\"Noticias\",\"description\":\"Lo que importa\",\"publisher\":{\"@id\":\"https:\/\/noticiasya.com\/#organization\"},\"potentialAction\":[{\"@type\":\"SearchAction\",\"target\":{\"@type\":\"EntryPoint\",\"urlTemplate\":\"https:\/\/noticiasya.com\/?s={search_term_string}\"},\"query-input\":{\"@type\":\"PropertyValueSpecification\",\"valueRequired\":true,\"valueName\":\"search_term_string\"}}],\"inLanguage\":\"es\"},{\"@type\":\"Organization\",\"@id\":\"https:\/\/noticiasya.com\/#organization\",\"name\":\"Noticias\",\"url\":\"https:\/\/noticiasya.com\/\",\"logo\":{\"@type\":\"ImageObject\",\"inLanguage\":\"es\",\"@id\":\"https:\/\/noticiasya.com\/#\/schema\/logo\/image\/\",\"url\":\"https:\/\/noticiasya.com\/wp-content\/uploads\/sites\/22\/2023\/12\/logo-nacional.png\",\"contentUrl\":\"https:\/\/noticiasya.com\/wp-content\/uploads\/sites\/22\/2023\/12\/logo-nacional.png\",\"width\":1801,\"height\":691,\"caption\":\"Noticias\"},\"image\":{\"@id\":\"https:\/\/noticiasya.com\/#\/schema\/logo\/image\/\"}}]}<\/script>\n<!-- \/ Yoast SEO plugin. -->","yoast_head_json":{"title":"Guillermo Ochoa confirm\u00f3 que jugar\u00e1 su sexto Mundial con M\u00e9xico y que luego se retirar\u00e1 - Noticias","robots":{"index":"index","follow":"follow","max-snippet":"max-snippet:-1","max-image-preview":"max-image-preview:large","max-video-preview":"max-video-preview:-1"},"canonical":"https:\/\/noticiasya.com\/2026\/04\/30\/guillermo-ochoa-sexto-mundial-retiro-orix\/","og_locale":"es_ES","og_type":"article","og_title":"Guillermo Ochoa confirm\u00f3 que jugar\u00e1 su sexto Mundial con M\u00e9xico y que luego se retirar\u00e1 - Noticias","og_description":"Hablar de Guillermo Ochoa es hablar de una de las figuras m\u00e1s representativas en la historia del f\u00fatbol mexicano. El guardameta jalisciense volvi\u00f3 a colocarse en el centro de la conversaci\u00f3n luego de confirmar, de manera indirecta, que disputar\u00e1 su sexto Mundial y que se retirar\u00e1 al finalizar el certamen. El portero republic\u00f3 una publicaci\u00f3n [&hellip;]","og_url":"https:\/\/noticiasya.com\/2026\/04\/30\/guillermo-ochoa-sexto-mundial-retiro-orix\/","og_site_name":"Noticias","article_published_time":"2026-05-01T00:03:45+00:00","twitter_card":"summary_large_image","twitter_misc":{"Est. reading time":"3 minutos"},"schema":{"@context":"https:\/\/schema.org","@graph":[{"@type":"Article","@id":"https:\/\/noticiasya.com\/2026\/04\/30\/guillermo-ochoa-sexto-mundial-retiro-orix\/#article","isPartOf":{"@id":"https:\/\/noticiasya.com\/2026\/04\/30\/guillermo-ochoa-sexto-mundial-retiro-orix\/"},"author":{"name":"","@id":""},"headline":"Guillermo Ochoa confirm\u00f3 que jugar\u00e1 su sexto Mundial con M\u00e9xico y que luego se retirar\u00e1","datePublished":"2026-05-01T00:03:45+00:00","mainEntityOfPage":{"@id":"https:\/\/noticiasya.com\/2026\/04\/30\/guillermo-ochoa-sexto-mundial-retiro-orix\/"},"wordCount":668,"commentCount":0,"publisher":{"@id":"https:\/\/noticiasya.com\/#organization"},"articleSection":["Noticias Nacionales"],"inLanguage":"es","potentialAction":[{"@type":"CommentAction","name":"Comment","target":["https:\/\/noticiasya.com\/2026\/04\/30\/guillermo-ochoa-sexto-mundial-retiro-orix\/#respond"]}]},{"@type":"WebPage","@id":"https:\/\/noticiasya.com\/2026\/04\/30\/guillermo-ochoa-sexto-mundial-retiro-orix\/","url":"https:\/\/noticiasya.com\/2026\/04\/30\/guillermo-ochoa-sexto-mundial-retiro-orix\/","name":"Guillermo Ochoa confirm\u00f3 que jugar\u00e1 su sexto Mundial con M\u00e9xico y que luego se retirar\u00e1 - Noticias","isPartOf":{"@id":"https:\/\/noticiasya.com\/#website"},"datePublished":"2026-05-01T00:03:45+00:00","breadcrumb":{"@id":"https:\/\/noticiasya.com\/2026\/04\/30\/guillermo-ochoa-sexto-mundial-retiro-orix\/#breadcrumb"},"inLanguage":"es","potentialAction":[{"@type":"ReadAction","target":["https:\/\/noticiasya.com\/2026\/04\/30\/guillermo-ochoa-sexto-mundial-retiro-orix\/"]}]},{"@type":"BreadcrumbList","@id":"https:\/\/noticiasya.com\/2026\/04\/30\/guillermo-ochoa-sexto-mundial-retiro-orix\/#breadcrumb","itemListElement":[{"@type":"ListItem","position":1,"name":"Home","item":"https:\/\/noticiasya.com\/"},{"@type":"ListItem","position":2,"name":"Guillermo Ochoa confirm\u00f3 que jugar\u00e1 su sexto Mundial con M\u00e9xico y que luego se retirar\u00e1"}]},{"@type":"WebSite","@id":"https:\/\/noticiasya.com\/#website","url":"https:\/\/noticiasya.com\/","name":"Noticias","description":"Lo que importa","publisher":{"@id":"https:\/\/noticiasya.com\/#organization"},"potentialAction":[{"@type":"SearchAction","target":{"@type":"EntryPoint","urlTemplate":"https:\/\/noticiasya.com\/?s={search_term_string}"},"query-input":{"@type":"PropertyValueSpecification","valueRequired":true,"valueName":"search_term_string"}}],"inLanguage":"es"},{"@type":"Organization","@id":"https:\/\/noticiasya.com\/#organization","name":"Noticias","url":"https:\/\/noticiasya.com\/","logo":{"@type":"ImageObject","inLanguage":"es","@id":"https:\/\/noticiasya.com\/#\/schema\/logo\/image\/","url":"https:\/\/noticiasya.com\/wp-content\/uploads\/sites\/22\/2023\/12\/logo-nacional.png","contentUrl":"https:\/\/noticiasya.com\/wp-content\/uploads\/sites\/22\/2023\/12\/logo-nacional.png","width":1801,"height":691,"caption":"Noticias"},"image":{"@id":"https:\/\/noticiasya.com\/#\/schema\/logo\/image\/"}}]}},"parsely":{"version":"1.1.0","canonical_url":"https:\/\/noticiasya.com\/nacional\/2026\/04\/30\/guillermo-ochoa-sexto-mundial-retiro-orix\/","smart_links":{"inbound":0,"outbound":0},"traffic_boost_suggestions_count":0,"meta":{"@context":"https:\/\/schema.org","@type":"NewsArticle","headline":"Guillermo Ochoa confirm\u00f3 que jugar\u00e1 su sexto Mundial con M\u00e9xico y que luego se retirar\u00e1","url":"http:\/\/noticiasya.com\/nacional\/2026\/04\/30\/guillermo-ochoa-sexto-mundial-retiro-orix\/","mainEntityOfPage":{"@type":"WebPage","@id":"http:\/\/noticiasya.com\/nacional\/2026\/04\/30\/guillermo-ochoa-sexto-mundial-retiro-orix\/"},"thumbnailUrl":"","image":{"@type":"ImageObject","url":""},"articleSection":"Noticias Nacionales","author":[],"creator":[],"publisher":{"@type":"Organization","name":"Noticias","logo":""},"keywords":[],"dateCreated":"2026-05-01T00:03:45Z","datePublished":"2026-05-01T00:03:45Z","dateModified":"2026-05-01T00:03:45Z"},"rendered":"<script type=\"application\/ld+json\" class=\"wp-parsely-metadata\">{\"@context\":\"https:\\\/\\\/schema.org\",\"@type\":\"NewsArticle\",\"headline\":\"Guillermo Ochoa confirm\\u00f3 que jugar\\u00e1 su sexto Mundial con M\\u00e9xico y que luego se retirar\\u00e1\",\"url\":\"http:\\\/\\\/noticiasya.com\\\/nacional\\\/2026\\\/04\\\/30\\\/guillermo-ochoa-sexto-mundial-retiro-orix\\\/\",\"mainEntityOfPage\":{\"@type\":\"WebPage\",\"@id\":\"http:\\\/\\\/noticiasya.com\\\/nacional\\\/2026\\\/04\\\/30\\\/guillermo-ochoa-sexto-mundial-retiro-orix\\\/\"},\"thumbnailUrl\":\"\",\"image\":{\"@type\":\"ImageObject\",\"url\":\"\"},\"articleSection\":\"Noticias Nacionales\",\"author\":[],\"creator\":[],\"publisher\":{\"@type\":\"Organization\",\"name\":\"Noticias\",\"logo\":\"\"},\"keywords\":[],\"dateCreated\":\"2026-05-01T00:03:45Z\",\"datePublished\":\"2026-05-01T00:03:45Z\",\"dateModified\":\"2026-05-01T00:03:45Z\"}<\/script>","tracker_url":"https:\/\/cdn.parsely.com\/keys\/noticiasya.com\/p.js"},"jetpack_featured_media_url":"","jetpack-related-posts":[{"id":1450592,"url":"https:\/\/noticiasya.com\/nacional\/2024\/06\/21\/por-que-guillermo-memo-ochoa-no-fue-america-2024-mexico-orix\/","url_meta":{"origin":1473691,"position":0},"title":"\u00bfPor qu\u00e9 Guillermo\u00a0&#171;Memo&#187; Ochoa\u00a0no fue a la Copa Am\u00e9rica 2024?","author":"","date":"junio 21, 2024","format":false,"excerpt":"(CNN Espa\u00f1ol) -- El guardameta mexicano Guillermo \"Memo\" Ochoa es toda una leyenda en la historia de la selecci\u00f3n tricolor, por lo que llam\u00f3 la atenci\u00f3n su ausencia en la pr\u00f3xima edici\u00f3n de la Copa Am\u00e9rica, que ya comenz\u00f3 en Estados Unidos.El oriundo de la ciudad de Guadalajara ha jugado\u2026","rel":"","context":"In &quot;Noticias Nacionales&quot;","block_context":{"text":"Noticias Nacionales","link":"https:\/\/noticiasya.com\/nacional\/categoria\/noticias-nacionales"},"img":{"alt_text":"","src":"","width":0,"height":0},"classes":[]},{"id":1456005,"url":"https:\/\/noticiasya.com\/nacional\/2024\/11\/21\/detienen-lider-cjng-mencho-departamento-justicia-ee-uu-trax\/","url_meta":{"origin":1473691,"position":1},"title":"Detienen en California a l\u00edder del CJNG y yerno del Mencho que fingi\u00f3 su muerte, seg\u00fan el Depto. de Justicia de EE.UU.","author":"","date":"noviembre 21, 2024","format":false,"excerpt":"(CNN) --\u00a0 Un miembro de alto rango de un c\u00e1rtel de droga mexicano -que supuestamente fingi\u00f3 su muerte y ha estado viviendo en California con un nombre falso- enfrenta ahora cargos federales, seg\u00fan anunci\u00f3 este jueves el Departamento de Justicia de Estados Unidos.Cristian Fernando Guti\u00e9rrez-Ochoa, miembro del C\u00e1rtel de Jalisco\u2026","rel":"","context":"In &quot;Noticias Nacionales&quot;","block_context":{"text":"Noticias Nacionales","link":"https:\/\/noticiasya.com\/nacional\/categoria\/noticias-nacionales"},"img":{"alt_text":"","src":"","width":0,"height":0},"classes":[]},{"id":1473262,"url":"https:\/\/noticiasya.com\/nacional\/2026\/04\/16\/andre-pierre-gignac-futbol-mexicano-tigres-orix\/","url_meta":{"origin":1473691,"position":2},"title":"Qui\u00e9n es Andr\u00e9 Pierre-Gignac y por qu\u00e9 su llegada al f\u00fatbol mexicano fue un hito para Tigres","author":"","date":"abril 16, 2026","format":false,"excerpt":"Hablar de Andr\u00e9-Pierre Gignac es hablar de una de las m\u00e1ximas leyendas en el f\u00fatbol mexicano. No se trata \u00fanicamente de n\u00fameros, sino de impacto, identidad y legado. Su llegada a los Tigres en el Apertura 2015 marc\u00f3 un antes y un despu\u00e9s tanto para el club como para la\u2026","rel":"","context":"In &quot;Noticias Nacionales&quot;","block_context":{"text":"Noticias Nacionales","link":"https:\/\/noticiasya.com\/nacional\/categoria\/noticias-nacionales"},"img":{"alt_text":"","src":"","width":0,"height":0},"classes":[]},{"id":1466881,"url":"https:\/\/noticiasya.com\/nacional\/2025\/09\/26\/defensores-inmigrantes-arresto-migrante-colombiano-iowa-trax\/","url_meta":{"origin":1473691,"position":3},"title":"Defensores de inmigrantes denuncian que agentes del ICE arrestaron a migrante colombiano en un supermercado de Iowa","author":"","date":"septiembre 26, 2025","format":false,"excerpt":"El grupo de defensa de inmigrantes Escucha Mi Voz protest\u00f3 por el arresto el jueves de uno de sus miembros, el migrante colombiano Jorge Elieser Gonz\u00e1lez Ochoa, en la ciudad de Iowa, alegando que agentes del Servicio de Inmigraci\u00f3n y Control de Aduanas (ICE, por sus siglas en ingl\u00e9s) vestidos\u2026","rel":"","context":"In &quot;Noticias Nacionales&quot;","block_context":{"text":"Noticias Nacionales","link":"https:\/\/noticiasya.com\/nacional\/categoria\/noticias-nacionales"},"img":{"alt_text":"","src":"","width":0,"height":0},"classes":[]},{"id":1473617,"url":"https:\/\/noticiasya.com\/nacional\/2026\/04\/28\/javier-aguirre-prelista-convocados-mexico-orix\/","url_meta":{"origin":1473691,"position":4},"title":"Los convocados por Javier Aguirre para el Mundial 2026: el uno por uno de la Liga MX, con ausentes y sorpresas","author":"","date":"abril 28, 2026","format":false,"excerpt":"El f\u00fatbol mexicano ya activ\u00f3 su modo Copa del Mundo. O por lo menos as\u00ed lo hizo el director t\u00e9cnico de la selecci\u00f3n mexicana, Javier Aguirre, quien este martes dio a conocer una prelista de futbolistas que iniciar\u00e1n una concentraci\u00f3n a poco m\u00e1s de un mes de la inauguraci\u00f3n mundialista.La\u2026","rel":"","context":"In &quot;Noticias Nacionales&quot;","block_context":{"text":"Noticias Nacionales","link":"https:\/\/noticiasya.com\/nacional\/categoria\/noticias-nacionales"},"img":{"alt_text":"","src":"","width":0,"height":0},"classes":[]},{"id":1456900,"url":"https:\/\/noticiasya.com\/nacional\/2024\/12\/23\/fabio-ochoa-cartel-medellin-bogota-condena-orix\/","url_meta":{"origin":1473691,"position":5},"title":"Fabio Ochoa, excapo del cartel de Medell\u00edn, lleg\u00f3 a Colombia tras cumplir condena en Estados Unidos","author":"","date":"diciembre 23, 2024","format":false,"excerpt":"El narcotraficante Fabio Ochoa V\u00e1squez lleg\u00f3 este lunes en la tarde al aeropuerto El Dorado de Bogot\u00e1 desde Estados Unidos tras cumplir una condena en ese pa\u00eds por delitos de trata de personas, conspiraci\u00f3n y distribuci\u00f3n de coca\u00edna, inform\u00f3 Migraci\u00f3n Colombia en una publicaci\u00f3n de su cuenta de X.Ochoa, antiguo\u2026","rel":"","context":"In &quot;Noticias Nacionales&quot;","block_context":{"text":"Noticias Nacionales","link":"https:\/\/noticiasya.com\/nacional\/categoria\/noticias-nacionales"},"img":{"alt_text":"","src":"","width":0,"height":0},"classes":[]}],"jetpack_sharing_enabled":true,"_links":{"self":[{"href":"https:\/\/noticiasya.com\/nacional\/wp-json\/wp\/v2\/posts\/1473691","targetHints":{"allow":["GET"]}}],"collection":[{"href":"https:\/\/noticiasya.com\/nacional\/wp-json\/wp\/v2\/posts"}],"about":[{"href":"https:\/\/noticiasya.com\/nacional\/wp-json\/wp\/v2\/types\/post"}],"replies":[{"embeddable":true,"href":"https:\/\/noticiasya.com\/nacional\/wp-json\/wp\/v2\/comments?post=1473691"}],"version-history":[{"count":0,"href":"https:\/\/noticiasya.com\/nacional\/wp-json\/wp\/v2\/posts\/1473691\/revisions"}],"wp:attachment":[{"href":"https:\/\/noticiasya.com\/nacional\/wp-json\/wp\/v2\/media?parent=1473691"}],"wp:term":[{"taxonomy":"category","embeddable":true,"href":"https:\/\/noticiasya.com\/nacional\/wp-json\/wp\/v2\/categories?post=1473691"},{"taxonomy":"post_tag","embeddable":true,"href":"https:\/\/noticiasya.com\/nacional\/wp-json\/wp\/v2\/tags?post=1473691"}],"curies":[{"name":"wp","href":"https:\/\/api.w.org\/{rel}","templated":true}]}}