{"id":1473697,"date":"2026-04-30T23:03:44","date_gmt":"2026-05-01T06:03:44","guid":{"rendered":"https:\/\/noticiasya.com\/2026\/04\/30\/trump-aval-congreso-guerra-iran-trax\/"},"modified":"2026-04-30T23:03:44","modified_gmt":"2026-05-01T06:03:44","slug":"trump-aval-congreso-guerra-iran-trax","status":"publish","type":"post","link":"https:\/\/noticiasya.com\/nacional\/2026\/04\/30\/trump-aval-congreso-guerra-iran-trax\/","title":{"rendered":"Trump deber\u00eda obtener aval del Congreso cuando la guerra con Ir\u00e1n cumpla 60 d\u00edas. Los legisladores no coinciden en la fecha"},"content":{"rendered":"<p>Una ley de la \u00e9poca de la guerra de Vietnam estipula que el Congreso debe aprobar la guerra contra Ir\u00e1n una vez <a href=\"https:\/\/www.cnn.com\/2026\/04\/25\/politics\/war-powers-act-trump-iran-war-congress-analysis\">transcurridos 60 d\u00edas de conflicto.<\/a> El \u00fanico problema es que los legisladores no logran ponerse de acuerdo sobre cu\u00e1ndo vence ese plazo. Y ahora se han marchado de Washington.<\/p>\n<p>Seg\u00fan la Ley de Poderes de Guerra de 1973, el presidente dispone de 60 d\u00edas para emprender acciones militares en respuesta a una amenaza inminente o un ataque contra Estados Unidos si el Congreso no ha autorizado la guerra.<\/p>\n<p>Sin autorizaci\u00f3n expl\u00edcita del Congreso, la ley establece que, una vez transcurrido ese plazo, el presidente deber\u00e1 cesar el uso de las Fuerzas Armadas de Estados Unidos.<\/p>\n<p>Muchos legisladores consideran que el viernes 1 de mayo marca los 60 d\u00edas transcurridos desde que el presidente Donald Trump notific\u00f3 al Congreso el inicio de las hostilidades el 2 de marzo.<\/p>\n<p>Algunos senadores republicanos argumentan que esto deber\u00eda marcar un punto de inflexi\u00f3n en el que el Congreso debe intervenir y autorizar el conflicto o, al menos, ejercer una mayor supervisi\u00f3n.<\/p>\n<p>Otros, en cambio, insisten en que el presidente puede extender unilateralmente la intervenci\u00f3n militar estadounidense por otros 30 d\u00edas. Adem\u00e1s, algunos republicanos sostienen que los d\u00edas de alto el fuego no se contabilizan en el total.<\/p>\n<p>Este desacuerdo a\u00f1ade un nuevo elemento de incertidumbre a un conflicto que ya plantea interrogantes sobre el papel del Congreso a la hora de limitar los poderes b\u00e9licos del presidente en el extranjero.<\/p>\n<p>El alcance de dichos poderes ha sido objeto de un intenso debate entre los legisladores desde que comenz\u00f3 la guerra a principios de este a\u00f1o.<\/p>\n<p>\u201cEstamos en un alto el fuego en este momento, lo que, seg\u00fan entendemos, significa que el plazo de 60 d\u00edas se detiene o se suspende\u201d, <a href=\"https:\/\/www.cnn.com\/2026\/04\/30\/world\/live-news\/iran-war-news?post-id=cmolqi9zk0001356uleb71koq\">manifest\u00f3 el secretario de Defensa, Pete Hegseth, a los senadores<\/a> el jueves.<\/p>\n<p>El senador republicano de Carolina del Norte, Thom Tillis, cuestion\u00f3 posteriormente el argumento de Hegseth. \u201cMe pareci\u00f3 que la resoluci\u00f3n sobre los poderes de guerra establece que en 60 d\u00edas hay que tomar medidas\u201d, indic\u00f3, y a\u00f1adi\u00f3 que para cuando los legisladores regresen de un receso de una semana, \u201cdebemos empezar a hablar con la administraci\u00f3n y, en cooperaci\u00f3n con ella, obtener una autorizaci\u00f3n para el uso de la fuerza militar para que el pueblo estadounidense entienda que el Congreso apoya lo que el presidente est\u00e1 tratando de hacer\u201d.<\/p>\n<p>Mientras tanto, algunos dem\u00f3cratas en el Congreso argumentan que el plazo de 60 d\u00edas ni siquiera se puede aplicar a este conflicto, alegando que al comienzo de la guerra no exist\u00eda una amenaza inminente por parte de Ir\u00e1n.<\/p>\n<p>\u201cEn mi opini\u00f3n, esta guerra fue ilegal desde el principio, porque no hubo ning\u00fan ataque contra Estados Unidos ni ninguna amenaza inminente de ataque. Incluso bajo la Ley de Poderes de Guerra, el presidente no dispone de 60 d\u00edas para declarar la guerra sin la aprobaci\u00f3n del Congreso en ausencia de cualquier tipo de amenaza inminente\u201d, declar\u00f3 el senador Adam Schiff.<\/p>\n<p>El senador dem\u00f3crata de California ha formado parte de un grupo de miembros de la oposici\u00f3n en la c\u00e1mara alta que han forzado votaciones semanales sobre una medida que requerir\u00eda la aprobaci\u00f3n del Congreso para futuras acciones militares contra Ir\u00e1n.<\/p>\n<p>Su sexto intento fracas\u00f3 en el pleno del Senado el jueves por la tarde, pero, por primera vez, la senadora republicana de Maine, Susan Collins, y el senador republicano de Kentucky, Rand Paul, votaron con los dem\u00f3cratas.<\/p>\n<p>En un comunicado, Collins afirm\u00f3: \u201cLa Constituci\u00f3n otorga al Congreso un papel esencial en las decisiones sobre la guerra y la paz, y la Ley de Poderes de Guerra establece un plazo claro de 60 d\u00edas para que el Congreso autorice o ponga fin a la participaci\u00f3n de Estados Unidos en hostilidades en el extranjero\u201d.<\/p>\n<p>\u201cCualquier acci\u00f3n militar futura contra Ir\u00e1n debe tener una misi\u00f3n clara, objetivos alcanzables y una estrategia definida para poner fin al conflicto. Vot\u00e9 a favor de suspender estas hostilidades militares por el momento, hasta que se presenten argumentos que lo justifiquen\u201d, continu\u00f3.<\/p>\n<p>Otros legisladores se remiten a una cl\u00e1usula de pr\u00f3rroga de 30 d\u00edas en la ley de 1973, insistiendo en que el presidente puede continuar la guerra sin la aprobaci\u00f3n del Congreso.<\/p>\n<p>Seg\u00fan esta ley, Trump puede extender el plazo de 60 d\u00edas por otros 30 si argumenta que la acci\u00f3n militar continua es necesaria para garantizar la seguridad de los militares durante la retirada de la guerra.<\/p>\n<p>\u201cCreo que se espera que tenga la posibilidad de extenderlo por 30 d\u00edas\u201d, declar\u00f3 el senador Mike Rounds de Dakota del Sur, miembro de la Comisi\u00f3n de Servicios Armados del Senado. \u201cMe sorprender\u00eda que no solicitara una pr\u00f3rroga de 30 d\u00edas. Durante ese per\u00edodo, haremos preguntas\u201d.<\/p>\n<p>El l\u00edder de la mayor\u00eda del Senado, John Thune, quien controla qu\u00e9 medidas pueden someterse a votaci\u00f3n, indic\u00f3 el jueves que su c\u00e1mara no votar\u00e1 sobre la autorizaci\u00f3n de la guerra en un futuro pr\u00f3ximo. \u201cEstamos escuchando atentamente lo que dicen los miembros de nuestra bancada, y por el momento no veo esa posibilidad\u201d, declar\u00f3. \u201cHasta ahora, no he o\u00eddo nada al respecto\u201d.<\/p>\n<p>La senadora Lisa Murkowski anunci\u00f3 el jueves que planea presentar una medida sobre si autorizar formalmente la guerra si no ve un \u201cplan cre\u00edble\u201d de la Casa Blanca la pr\u00f3xima semana.<\/p>\n<p>\u201cNo acepto que debamos emprender acciones militares indefinidas sin una direcci\u00f3n clara ni rendici\u00f3n de cuentas. El Congreso tiene un papel que desempe\u00f1ar, y debe asumir esa responsabilidad, esa obligaci\u00f3n que la Constituci\u00f3n nos impone\u201d, declar\u00f3 la republicana de Alaska en su intervenci\u00f3n ante el pleno.<\/p>\n<p>Afirm\u00f3 que presentar\u00e1 su propuesta \u2014conocida como autorizaci\u00f3n para el uso de la fuerza militar (AUMF, por sus siglas en ingl\u00e9s)\u2014 cuando el Senado regrese del receso la semana del 11 de mayo, si la administraci\u00f3n no presenta dicho plan.<\/p>\n<p>Murkowski a\u00f1adi\u00f3 que apoya firmemente a sus tropas. Sin embargo, recalc\u00f3 que el Congreso debe cumplir con su funci\u00f3n constitucional de declarar la guerra y ejercer la supervisi\u00f3n conforme a la Constituci\u00f3n.<\/p>\n<p>Para el senador republicano de Missouri, Josh Hawley, \u201cestamos en un punto de inflexi\u00f3n\u201d en la guerra.<\/p>\n<p>\u201cComo saben, seg\u00fan la ley, la administraci\u00f3n tiene la facultad de solicitar 30 d\u00edas adicionales y puede certificar ese marco legal si est\u00e1 lista para reducir su presencia militar. As\u00ed que tienen algunas opciones. Veamos qu\u00e9 sucede. Pero creo que es necesario seguir ese marco\u201d, coment\u00f3. \u201cEntonces, estamos en un punto de inflexi\u00f3n, creo que la pelota est\u00e1 en el tejado de la administraci\u00f3n, pero veamos qu\u00e9 sucede\u201d.<\/p>\n<p>Mientras tanto, el senador Tim Kaine se burl\u00f3 de la idea de que algunos de sus colegas republicanos consideren los 90 d\u00edas como un punto de inflexi\u00f3n. \u201cLuego ser\u00e1n 120 d\u00edas, y despu\u00e9s ser\u00e1 para siempre. \u00bfPor qu\u00e9 no dejamos que Donald Trump libre la guerra contra quien sea en el mundo durante el tiempo que quiera? Eso es lo que muchos har\u00edan\u201d, se\u00f1al\u00f3 el dem\u00f3crata de Virginia.<\/p>\n<p>\u201cSolo espero que algunos defiendan su responsabilidad constitucional. Y no creo que la extensi\u00f3n de 60 a 90 d\u00edas sea autom\u00e1tica. Primero, la Casa Blanca no la ha solicitado. Segundo, creo que hay ciertos criterios que deben cumplirse para permitir la extensi\u00f3n\u201d, agreg\u00f3.<\/p>\n<p>Schiff coincidi\u00f3, diciendo: \u201cNo espero que lo haga, porque eso le obligar\u00eda a declarar que retirar\u00e1 sus fuerzas en el plazo de 30 d\u00edas. Y me cuesta imaginar que se comprometa a ello\u201d. Adem\u00e1s, desestim\u00f3 el argumento de que el alto el fuego detiene el c\u00f3mputo del plazo de 60 d\u00edas. \u201cNo es as\u00ed\u201d, declar\u00f3 a CNN.<\/p>\n<p>Al pregunt\u00e1rsele sobre la b\u00fasqueda de flexibilidad por parte de sus colegas republicanos en el marco de la Ley de Poderes de Guerra, Schiff respondi\u00f3: \u201cCreo que est\u00e1n divididos entre el reconocimiento de que la Constituci\u00f3n y la ley les exigen poner fin a esta guerra y la preocupaci\u00f3n por enfrentarse directamente al presidente\u201d.<\/p>\n<p>The-CNN-Wire<br \/>&trade; &amp; &copy; 2026 Cable News Network, Inc., a Warner Bros. Discovery Company. All rights reserved.<\/p>\n","protected":false},"excerpt":{"rendered":"<p>Una ley de la \u00e9poca de la guerra de Vietnam estipula que el Congreso debe aprobar la guerra contra Ir\u00e1n una vez transcurridos 60 d\u00edas de conflicto. El \u00fanico problema es que los legisladores no logran ponerse de acuerdo sobre cu\u00e1ndo vence ese plazo. Y ahora se han marchado de Washington. Seg\u00fan la Ley de [&hellip;]<\/p>\n","protected":false},"author":0,"featured_media":0,"comment_status":"open","ping_status":"open","sticky":false,"template":"","format":"standard","meta":{"_jetpack_memberships_contains_paid_content":false,"footnotes":""},"categories":[10],"tags":[],"class_list":["post-1473697","post","type-post","status-publish","format-standard","hentry","category-noticias-nacionales","market-global"],"yoast_head":"<!-- This site is optimized with the Yoast SEO plugin v24.4 - https:\/\/yoast.com\/wordpress\/plugins\/seo\/ -->\n<title>Trump deber\u00eda obtener aval del Congreso cuando la guerra con Ir\u00e1n cumpla 60 d\u00edas. Los legisladores no coinciden en la fecha - Noticias<\/title>\n<meta name=\"robots\" content=\"index, follow, max-snippet:-1, max-image-preview:large, max-video-preview:-1\" \/>\n<link rel=\"canonical\" href=\"https:\/\/noticiasya.com\/2026\/04\/30\/trump-aval-congreso-guerra-iran-trax\/\" \/>\n<meta property=\"og:locale\" content=\"es_ES\" \/>\n<meta property=\"og:type\" content=\"article\" \/>\n<meta property=\"og:title\" content=\"Trump deber\u00eda obtener aval del Congreso cuando la guerra con Ir\u00e1n cumpla 60 d\u00edas. Los legisladores no coinciden en la fecha - Noticias\" \/>\n<meta property=\"og:description\" content=\"Una ley de la \u00e9poca de la guerra de Vietnam estipula que el Congreso debe aprobar la guerra contra Ir\u00e1n una vez transcurridos 60 d\u00edas de conflicto. El \u00fanico problema es que los legisladores no logran ponerse de acuerdo sobre cu\u00e1ndo vence ese plazo. Y ahora se han marchado de Washington. Seg\u00fan la Ley de [&hellip;]\" \/>\n<meta property=\"og:url\" content=\"https:\/\/noticiasya.com\/2026\/04\/30\/trump-aval-congreso-guerra-iran-trax\/\" \/>\n<meta property=\"og:site_name\" content=\"Noticias\" \/>\n<meta property=\"article:published_time\" content=\"2026-05-01T06:03:44+00:00\" \/>\n<meta name=\"twitter:card\" content=\"summary_large_image\" \/>\n<meta name=\"twitter:label1\" content=\"Est. reading time\" \/>\n\t<meta name=\"twitter:data1\" content=\"7 minutos\" \/>\n<script type=\"application\/ld+json\" class=\"yoast-schema-graph\">{\"@context\":\"https:\/\/schema.org\",\"@graph\":[{\"@type\":\"Article\",\"@id\":\"https:\/\/noticiasya.com\/2026\/04\/30\/trump-aval-congreso-guerra-iran-trax\/#article\",\"isPartOf\":{\"@id\":\"https:\/\/noticiasya.com\/2026\/04\/30\/trump-aval-congreso-guerra-iran-trax\/\"},\"author\":{\"name\":\"\",\"@id\":\"\"},\"headline\":\"Trump deber\u00eda obtener aval del Congreso cuando la guerra con Ir\u00e1n cumpla 60 d\u00edas. Los legisladores no coinciden en la fecha\",\"datePublished\":\"2026-05-01T06:03:44+00:00\",\"mainEntityOfPage\":{\"@id\":\"https:\/\/noticiasya.com\/2026\/04\/30\/trump-aval-congreso-guerra-iran-trax\/\"},\"wordCount\":1427,\"commentCount\":0,\"publisher\":{\"@id\":\"https:\/\/noticiasya.com\/#organization\"},\"articleSection\":[\"Noticias Nacionales\"],\"inLanguage\":\"es\",\"potentialAction\":[{\"@type\":\"CommentAction\",\"name\":\"Comment\",\"target\":[\"https:\/\/noticiasya.com\/2026\/04\/30\/trump-aval-congreso-guerra-iran-trax\/#respond\"]}]},{\"@type\":\"WebPage\",\"@id\":\"https:\/\/noticiasya.com\/2026\/04\/30\/trump-aval-congreso-guerra-iran-trax\/\",\"url\":\"https:\/\/noticiasya.com\/2026\/04\/30\/trump-aval-congreso-guerra-iran-trax\/\",\"name\":\"Trump deber\u00eda obtener aval del Congreso cuando la guerra con Ir\u00e1n cumpla 60 d\u00edas. Los legisladores no coinciden en la fecha - Noticias\",\"isPartOf\":{\"@id\":\"https:\/\/noticiasya.com\/#website\"},\"datePublished\":\"2026-05-01T06:03:44+00:00\",\"breadcrumb\":{\"@id\":\"https:\/\/noticiasya.com\/2026\/04\/30\/trump-aval-congreso-guerra-iran-trax\/#breadcrumb\"},\"inLanguage\":\"es\",\"potentialAction\":[{\"@type\":\"ReadAction\",\"target\":[\"https:\/\/noticiasya.com\/2026\/04\/30\/trump-aval-congreso-guerra-iran-trax\/\"]}]},{\"@type\":\"BreadcrumbList\",\"@id\":\"https:\/\/noticiasya.com\/2026\/04\/30\/trump-aval-congreso-guerra-iran-trax\/#breadcrumb\",\"itemListElement\":[{\"@type\":\"ListItem\",\"position\":1,\"name\":\"Home\",\"item\":\"https:\/\/noticiasya.com\/\"},{\"@type\":\"ListItem\",\"position\":2,\"name\":\"Trump deber\u00eda obtener aval del Congreso cuando la guerra con Ir\u00e1n cumpla 60 d\u00edas. Los legisladores no coinciden en la fecha\"}]},{\"@type\":\"WebSite\",\"@id\":\"https:\/\/noticiasya.com\/#website\",\"url\":\"https:\/\/noticiasya.com\/\",\"name\":\"Noticias\",\"description\":\"Lo que importa\",\"publisher\":{\"@id\":\"https:\/\/noticiasya.com\/#organization\"},\"potentialAction\":[{\"@type\":\"SearchAction\",\"target\":{\"@type\":\"EntryPoint\",\"urlTemplate\":\"https:\/\/noticiasya.com\/?s={search_term_string}\"},\"query-input\":{\"@type\":\"PropertyValueSpecification\",\"valueRequired\":true,\"valueName\":\"search_term_string\"}}],\"inLanguage\":\"es\"},{\"@type\":\"Organization\",\"@id\":\"https:\/\/noticiasya.com\/#organization\",\"name\":\"Noticias\",\"url\":\"https:\/\/noticiasya.com\/\",\"logo\":{\"@type\":\"ImageObject\",\"inLanguage\":\"es\",\"@id\":\"https:\/\/noticiasya.com\/#\/schema\/logo\/image\/\",\"url\":\"https:\/\/noticiasya.com\/wp-content\/uploads\/sites\/22\/2023\/12\/logo-nacional.png\",\"contentUrl\":\"https:\/\/noticiasya.com\/wp-content\/uploads\/sites\/22\/2023\/12\/logo-nacional.png\",\"width\":1801,\"height\":691,\"caption\":\"Noticias\"},\"image\":{\"@id\":\"https:\/\/noticiasya.com\/#\/schema\/logo\/image\/\"}}]}<\/script>\n<!-- \/ Yoast SEO plugin. -->","yoast_head_json":{"title":"Trump deber\u00eda obtener aval del Congreso cuando la guerra con Ir\u00e1n cumpla 60 d\u00edas. Los legisladores no coinciden en la fecha - Noticias","robots":{"index":"index","follow":"follow","max-snippet":"max-snippet:-1","max-image-preview":"max-image-preview:large","max-video-preview":"max-video-preview:-1"},"canonical":"https:\/\/noticiasya.com\/2026\/04\/30\/trump-aval-congreso-guerra-iran-trax\/","og_locale":"es_ES","og_type":"article","og_title":"Trump deber\u00eda obtener aval del Congreso cuando la guerra con Ir\u00e1n cumpla 60 d\u00edas. Los legisladores no coinciden en la fecha - Noticias","og_description":"Una ley de la \u00e9poca de la guerra de Vietnam estipula que el Congreso debe aprobar la guerra contra Ir\u00e1n una vez transcurridos 60 d\u00edas de conflicto. El \u00fanico problema es que los legisladores no logran ponerse de acuerdo sobre cu\u00e1ndo vence ese plazo. Y ahora se han marchado de Washington. Seg\u00fan la Ley de [&hellip;]","og_url":"https:\/\/noticiasya.com\/2026\/04\/30\/trump-aval-congreso-guerra-iran-trax\/","og_site_name":"Noticias","article_published_time":"2026-05-01T06:03:44+00:00","twitter_card":"summary_large_image","twitter_misc":{"Est. reading time":"7 minutos"},"schema":{"@context":"https:\/\/schema.org","@graph":[{"@type":"Article","@id":"https:\/\/noticiasya.com\/2026\/04\/30\/trump-aval-congreso-guerra-iran-trax\/#article","isPartOf":{"@id":"https:\/\/noticiasya.com\/2026\/04\/30\/trump-aval-congreso-guerra-iran-trax\/"},"author":{"name":"","@id":""},"headline":"Trump deber\u00eda obtener aval del Congreso cuando la guerra con Ir\u00e1n cumpla 60 d\u00edas. Los legisladores no coinciden en la fecha","datePublished":"2026-05-01T06:03:44+00:00","mainEntityOfPage":{"@id":"https:\/\/noticiasya.com\/2026\/04\/30\/trump-aval-congreso-guerra-iran-trax\/"},"wordCount":1427,"commentCount":0,"publisher":{"@id":"https:\/\/noticiasya.com\/#organization"},"articleSection":["Noticias Nacionales"],"inLanguage":"es","potentialAction":[{"@type":"CommentAction","name":"Comment","target":["https:\/\/noticiasya.com\/2026\/04\/30\/trump-aval-congreso-guerra-iran-trax\/#respond"]}]},{"@type":"WebPage","@id":"https:\/\/noticiasya.com\/2026\/04\/30\/trump-aval-congreso-guerra-iran-trax\/","url":"https:\/\/noticiasya.com\/2026\/04\/30\/trump-aval-congreso-guerra-iran-trax\/","name":"Trump deber\u00eda obtener aval del Congreso cuando la guerra con Ir\u00e1n cumpla 60 d\u00edas. Los legisladores no coinciden en la fecha - Noticias","isPartOf":{"@id":"https:\/\/noticiasya.com\/#website"},"datePublished":"2026-05-01T06:03:44+00:00","breadcrumb":{"@id":"https:\/\/noticiasya.com\/2026\/04\/30\/trump-aval-congreso-guerra-iran-trax\/#breadcrumb"},"inLanguage":"es","potentialAction":[{"@type":"ReadAction","target":["https:\/\/noticiasya.com\/2026\/04\/30\/trump-aval-congreso-guerra-iran-trax\/"]}]},{"@type":"BreadcrumbList","@id":"https:\/\/noticiasya.com\/2026\/04\/30\/trump-aval-congreso-guerra-iran-trax\/#breadcrumb","itemListElement":[{"@type":"ListItem","position":1,"name":"Home","item":"https:\/\/noticiasya.com\/"},{"@type":"ListItem","position":2,"name":"Trump deber\u00eda obtener aval del Congreso cuando la guerra con Ir\u00e1n cumpla 60 d\u00edas. Los legisladores no coinciden en la fecha"}]},{"@type":"WebSite","@id":"https:\/\/noticiasya.com\/#website","url":"https:\/\/noticiasya.com\/","name":"Noticias","description":"Lo que importa","publisher":{"@id":"https:\/\/noticiasya.com\/#organization"},"potentialAction":[{"@type":"SearchAction","target":{"@type":"EntryPoint","urlTemplate":"https:\/\/noticiasya.com\/?s={search_term_string}"},"query-input":{"@type":"PropertyValueSpecification","valueRequired":true,"valueName":"search_term_string"}}],"inLanguage":"es"},{"@type":"Organization","@id":"https:\/\/noticiasya.com\/#organization","name":"Noticias","url":"https:\/\/noticiasya.com\/","logo":{"@type":"ImageObject","inLanguage":"es","@id":"https:\/\/noticiasya.com\/#\/schema\/logo\/image\/","url":"https:\/\/noticiasya.com\/wp-content\/uploads\/sites\/22\/2023\/12\/logo-nacional.png","contentUrl":"https:\/\/noticiasya.com\/wp-content\/uploads\/sites\/22\/2023\/12\/logo-nacional.png","width":1801,"height":691,"caption":"Noticias"},"image":{"@id":"https:\/\/noticiasya.com\/#\/schema\/logo\/image\/"}}]}},"parsely":{"version":"1.1.0","canonical_url":"https:\/\/noticiasya.com\/nacional\/2026\/04\/30\/trump-aval-congreso-guerra-iran-trax\/","smart_links":{"inbound":0,"outbound":0},"traffic_boost_suggestions_count":0,"meta":{"@context":"https:\/\/schema.org","@type":"NewsArticle","headline":"Trump deber\u00eda obtener aval del Congreso cuando la guerra con Ir\u00e1n cumpla 60 d\u00edas. Los legisladores no coinciden en la fecha","url":"http:\/\/noticiasya.com\/nacional\/2026\/04\/30\/trump-aval-congreso-guerra-iran-trax\/","mainEntityOfPage":{"@type":"WebPage","@id":"http:\/\/noticiasya.com\/nacional\/2026\/04\/30\/trump-aval-congreso-guerra-iran-trax\/"},"thumbnailUrl":"","image":{"@type":"ImageObject","url":""},"articleSection":"Noticias Nacionales","author":[],"creator":[],"publisher":{"@type":"Organization","name":"Noticias","logo":""},"keywords":[],"dateCreated":"2026-05-01T06:03:44Z","datePublished":"2026-05-01T06:03:44Z","dateModified":"2026-05-01T06:03:44Z"},"rendered":"<script type=\"application\/ld+json\" class=\"wp-parsely-metadata\">{\"@context\":\"https:\\\/\\\/schema.org\",\"@type\":\"NewsArticle\",\"headline\":\"Trump deber\\u00eda obtener aval del Congreso cuando la guerra con Ir\\u00e1n cumpla 60 d\\u00edas. Los legisladores no coinciden en la fecha\",\"url\":\"http:\\\/\\\/noticiasya.com\\\/nacional\\\/2026\\\/04\\\/30\\\/trump-aval-congreso-guerra-iran-trax\\\/\",\"mainEntityOfPage\":{\"@type\":\"WebPage\",\"@id\":\"http:\\\/\\\/noticiasya.com\\\/nacional\\\/2026\\\/04\\\/30\\\/trump-aval-congreso-guerra-iran-trax\\\/\"},\"thumbnailUrl\":\"\",\"image\":{\"@type\":\"ImageObject\",\"url\":\"\"},\"articleSection\":\"Noticias Nacionales\",\"author\":[],\"creator\":[],\"publisher\":{\"@type\":\"Organization\",\"name\":\"Noticias\",\"logo\":\"\"},\"keywords\":[],\"dateCreated\":\"2026-05-01T06:03:44Z\",\"datePublished\":\"2026-05-01T06:03:44Z\",\"dateModified\":\"2026-05-01T06:03:44Z\"}<\/script>","tracker_url":"https:\/\/cdn.parsely.com\/keys\/noticiasya.com\/p.js"},"jetpack_featured_media_url":"","jetpack-related-posts":[{"id":1473496,"url":"https:\/\/noticiasya.com\/nacional\/2026\/04\/25\/ley-60-dias-guerras-no-autorizadas-trump-trax\/","url_meta":{"origin":1473697,"position":0},"title":"Una ley establece un l\u00edmite de 60 d\u00edas para las guerras no autorizadas. \u00bfLa respetar\u00e1 Trump?","author":"","date":"abril 25, 2026","format":false,"excerpt":"Una ley posterior a la guerra de Vietnam impone un plazo de 60 d\u00edas para el uso de la fuerza militar sin autorizaci\u00f3n del Congreso.La guerra en Ir\u00e1n, para la cual la administraci\u00f3n Trump no solicit\u00f3 aprobaci\u00f3n, cumple ese plazo de 60 d\u00edas el 1 de mayo, seg\u00fan el texto\u2026","rel":"","context":"In &quot;Noticias Nacionales&quot;","block_context":{"text":"Noticias Nacionales","link":"https:\/\/noticiasya.com\/nacional\/categoria\/noticias-nacionales"},"img":{"alt_text":"","src":"","width":0,"height":0},"classes":[]},{"id":1471881,"url":"https:\/\/noticiasya.com\/nacional\/2026\/03\/04\/porque-congreso-no-declara-guerra-iran-trax\/","url_meta":{"origin":1473697,"position":1},"title":"\u00bfPor qu\u00e9 el Congreso de EE.UU. no declara la guerra a Ir\u00e1n?","author":"","date":"marzo 4, 2026","format":false,"excerpt":"Desde luego que se trata de una \u201cguerra\u201d cuando dos pa\u00edses atacan a un tercero, matan a su l\u00edder y tratan de destruir su ej\u00e9rcito, como han hecho Estados Unidos e Israel con Ir\u00e1n.Pero, en la extra\u00f1a manera en que los l\u00edderes estadounidenses modernos danzan alrededor de la Constituci\u00f3n de\u2026","rel":"","context":"In &quot;Noticias Nacionales&quot;","block_context":{"text":"Noticias Nacionales","link":"https:\/\/noticiasya.com\/nacional\/categoria\/noticias-nacionales"},"img":{"alt_text":"","src":"","width":0,"height":0},"classes":[]},{"id":1467963,"url":"https:\/\/noticiasya.com\/nacional\/2025\/11\/02\/congreso-trump-aprobacion-ataques-militares-caribe-pacifico-trax\/","url_meta":{"origin":1473697,"position":2},"title":"Departamento de Justicia dice al Congreso que Trump no necesita su aprobaci\u00f3n para atacar supuestas lanchas de narcotr\u00e1fico","author":"","date":"noviembre 2, 2025","format":false,"excerpt":"Un alto funcionario del Departamento de Justicia de EE.UU. inform\u00f3 al Congreso que el Gobierno de Trump puede continuar ejecutando ataques militares letales contra presuntos narcotraficantes sin la aprobaci\u00f3n del Congreso y que la administraci\u00f3n no est\u00e1 sujeta a una ley de poderes de guerra que tiene d\u00e9cadas de antig\u00fcedad,\u2026","rel":"","context":"In &quot;Noticias Nacionales&quot;","block_context":{"text":"Noticias Nacionales","link":"https:\/\/noticiasya.com\/nacional\/categoria\/noticias-nacionales"},"img":{"alt_text":"","src":"","width":0,"height":0},"classes":[]},{"id":1463753,"url":"https:\/\/noticiasya.com\/nacional\/2025\/06\/19\/puede-trump-autorizar-ataques-iran-trax\/","url_meta":{"origin":1473697,"position":3},"title":"\u00bfPuede Trump autorizar ataques contra Ir\u00e1n?","author":"","date":"junio 19, 2025","format":false,"excerpt":"La pregunta que se plantea la Casa Blanca mientras el presidente Donald Trump considera un ataque ofensivo contra Ir\u00e1n es: \u00bflo har\u00e1 o no?Sin embargo, esto pasa por alto algo que deber\u00eda abordarse antes y que ha recibido poca atenci\u00f3n: \u00bfpuede hacerlo?Legisladores de ambos partidos \u2014aunque principalmente dem\u00f3cratas en este\u2026","rel":"","context":"In &quot;Noticias Nacionales&quot;","block_context":{"text":"Noticias Nacionales","link":"https:\/\/noticiasya.com\/nacional\/categoria\/noticias-nacionales"},"img":{"alt_text":"","src":"","width":0,"height":0},"classes":[]},{"id":1470051,"url":"https:\/\/noticiasya.com\/nacional\/2026\/01\/13\/memorando-legal-clasificado-trump-maduro-trax\/","url_meta":{"origin":1473697,"position":4},"title":"Memorando legal clasificado sostiene que Trump no estaba limitado por leyes de EE.UU. o internacionales en captura de Maduro","author":"","date":"enero 13, 2026","format":false,"excerpt":"Un nuevo dictamen legal clasificado elaborado por el Departamento de Justicia sostiene que el presidente de EE.UU. Donald Trump no estaba limitado por la legislaci\u00f3n interna cuando aprob\u00f3 la operaci\u00f3n de Estados Unidos para capturar al entonces presidente de Venezuela, Nicol\u00e1s Maduro, debido a su autoridad constitucional como comandante en\u2026","rel":"","context":"In &quot;Noticias Nacionales&quot;","block_context":{"text":"Noticias Nacionales","link":"https:\/\/noticiasya.com\/nacional\/categoria\/noticias-nacionales"},"img":{"alt_text":"","src":"","width":0,"height":0},"classes":[]},{"id":1459713,"url":"https:\/\/noticiasya.com\/nacional\/2025\/03\/10\/nueva-fase-trumpa-prueba-critica-congreso-trax\/","url_meta":{"origin":1473697,"position":5},"title":"La presidencia de Trump entra en una nueva fase con una prueba cr\u00edtica de su poder en el Congreso","author":"","date":"marzo 10, 2025","format":false,"excerpt":"La segunda presidencia de Donald Trump tomar\u00e1 un camino novedoso esta semana, cuando recurrir\u00e1 al Congreso para consagrar parte de su esfuerzo por transformar el pa\u00eds, despu\u00e9s de semanas de ejercer un vasto y cuestionable poder ejecutivo.Los republicanos de la C\u00e1mara de Representantes esperan votar un proyecto de ley para\u2026","rel":"","context":"In &quot;Noticias Nacionales&quot;","block_context":{"text":"Noticias Nacionales","link":"https:\/\/noticiasya.com\/nacional\/categoria\/noticias-nacionales"},"img":{"alt_text":"","src":"","width":0,"height":0},"classes":[]}],"jetpack_sharing_enabled":true,"_links":{"self":[{"href":"https:\/\/noticiasya.com\/nacional\/wp-json\/wp\/v2\/posts\/1473697","targetHints":{"allow":["GET"]}}],"collection":[{"href":"https:\/\/noticiasya.com\/nacional\/wp-json\/wp\/v2\/posts"}],"about":[{"href":"https:\/\/noticiasya.com\/nacional\/wp-json\/wp\/v2\/types\/post"}],"replies":[{"embeddable":true,"href":"https:\/\/noticiasya.com\/nacional\/wp-json\/wp\/v2\/comments?post=1473697"}],"version-history":[{"count":0,"href":"https:\/\/noticiasya.com\/nacional\/wp-json\/wp\/v2\/posts\/1473697\/revisions"}],"wp:attachment":[{"href":"https:\/\/noticiasya.com\/nacional\/wp-json\/wp\/v2\/media?parent=1473697"}],"wp:term":[{"taxonomy":"category","embeddable":true,"href":"https:\/\/noticiasya.com\/nacional\/wp-json\/wp\/v2\/categories?post=1473697"},{"taxonomy":"post_tag","embeddable":true,"href":"https:\/\/noticiasya.com\/nacional\/wp-json\/wp\/v2\/tags?post=1473697"}],"curies":[{"name":"wp","href":"https:\/\/api.w.org\/{rel}","templated":true}]}}