{"id":1473705,"date":"2026-05-01T05:03:50","date_gmt":"2026-05-01T12:03:50","guid":{"rendered":"https:\/\/noticiasya.com\/2026\/05\/01\/derechos-seguridad-salvador-bukele-orix\/"},"modified":"2026-05-01T05:03:50","modified_gmt":"2026-05-01T12:03:50","slug":"derechos-seguridad-salvador-bukele-orix","status":"publish","type":"post","link":"https:\/\/noticiasya.com\/nacional\/2026\/05\/01\/derechos-seguridad-salvador-bukele-orix\/","title":{"rendered":"Hasta d\u00f3nde est\u00e1n dispuestos los salvadore\u00f1os a aceptar medidas extremas de Bukele con tal de vivir en calma"},"content":{"rendered":"<p>Para los defensores de los derechos humanos, la mejora en los niveles de seguridad en El Salvador tiene un alto precio: el deterioro de la democracia y el respeto a la ley. Sin embargo, reconocen que el Gobierno del presidente Nayib Bukele cuenta con respaldo ciudadano.<\/p>\n<p>Medidas como el r\u00e9gimen de excepci\u00f3n, vigente desde marzo de 2022, y las m\u00e1s recientes reformas a la Constituci\u00f3n, que permiten sentenciar a una persona a cadena <a href=\"https:\/\/cnnespanol.cnn.com\/2026\/04\/16\/latinoamerica\/el-salvador-cadena-perpetua-menores-hasta-12-anios-bukele-orix\">perpetua desde los 12 a\u00f1os p<\/a>or delitos como homicidio, feminicidio o violaci\u00f3n, cuentan con la aprobaci\u00f3n ciudadana, al menos \u201chasta que no toca a alguien cercano o a un familiar\u201d, dice Abraham \u00c1brego, miembro de la ONG Cristosal, un destacado grupo de derechos humanos cr\u00edtico de Bukele que desde el verano de 2025 opera desde el exilio.<\/p>\n<p>\u00c1brego sostiene que la \u201ctendencia\u201d de demandar medidas dr\u00e1sticas no es nueva y que muchos desconocen la importancia del respeto a la legalidad. \u201cMuchas veces cuando ya tienen a un familiar a quien le aplican ese tipo de reglas, ah\u00ed es donde ya le puede parecer injusto\u201d, explica por tel\u00e9fono desde Guatemala.<\/p>\n<p>Los miembros de Cristosal se <a href=\"https:\/\/cnnespanol.cnn.com\/2025\/06\/04\/latinoamerica\/ruth-lopez-pide-ser-enjuiciada-el-salvador-orix\">autoexiliaron<\/a>, en julio de 2025, tras la detenci\u00f3n de Ruth L\u00f3pez, activista por los derechos humanos y miembro de esta organizaci\u00f3n.<\/p>\n<p>El reclamo de la ciudadan\u00eda por medidas dr\u00e1sticas contra el crimen, en un pa\u00eds que vivi\u00f3 altos \u00edndices de violencia durante a\u00f1os, no es nuevo. \u00c1brego dice que durante la presidencia de Francisco Flores (1999-2004) muchos apoyaron el denominado plan \u201cmano dura\u201d, que buscaba controlar a las pandillas. Lo mismo ocurri\u00f3, sostiene, con el plan \u201csuper mano dura\u201d, que lanz\u00f3 durante su mandado El\u00edas Antonio Saca (2004-2009). \u201cLo de demandar medidas dr\u00e1sticas ya lo hemos visto con la mano dura, reformas penales para aumentar las penas y muchas veces lo hacen los partidos pol\u00edticos porque tiene r\u00e9ditos electorales, es muy popular\u201d. Tanto el plan Mano Dura de Flores como el S\u00faper Mano Dura de Saca contemplaban operativos combinados entre Polic\u00eda y el Ej\u00e9rcito para detener a miembros de pandillas. Sin embargo, estos grupos siguieron creciendo y ganando control del territorio.<\/p>\n<p>El Salvador vive un contexto complejo, dice a CNN  Juan Ram\u00f3n Maldonado, director de la Escuela de Comunicaci\u00f3n de la Universidad Don Bosco y analista pol\u00edtico. \u201cLos salvadore\u00f1os no hemos sido educados para entender la Constituci\u00f3n, mis derechos y libertades. Entonces, lo que la gente quiere es vivir s u d\u00eda a d\u00eda y ese d\u00eda a d\u00eda ahora es bajo un ambiente seguro, de resultados\u201d, explica.<\/p>\n<p>Maldonado se refiere a que muchos salvadore\u00f1os dicen que dejaron de ser extorsionados por las pandillas para dejarlos entrar y salir de sus casas, y que ya no deben huir por el acoso de estos grupos. Ahora sienten que pueden entrar a cualquier territorio sin temor a ser asaltados o asesinados por miembros de pandillas o al menos con menores probabilidades de que eso ocurra.<\/p>\n<p>\u201cEn El Salvador no tenemos cultura de paz. Vivimos el autoritarismo militar, una guerra civil y la crisis por las pandillas. Por eso ahora que tenemos estos altos niveles de seguridad la gente no valora aspectos como la democracia\u201d, sostiene Maldonado.<\/p>\n<p>El cambio, en la seguridad se refleja en n\u00fameros concretos. El r\u00e9gimen de excepci\u00f3n ha permitido, seg\u00fan el Gobierno, <a href=\"https:\/\/cnnespanol.cnn.com\/2026\/04\/16\/latinoamerica\/el-salvador-cadena-perpetua-menores-hasta-12-anios-bukele-orix\">la captura<\/a> de m\u00e1s de 91.000 personas, aunque luego liberaron a m\u00e1s de 7.000 tras comprobarse que no ten\u00edan v\u00ednculos con pandillas. Muchos de los que siguen detenidos est\u00e1n a la espera de un juicio. El Salvador, afirman las autoridades, ha pasado de ser un pa\u00eds violento a uno de los m\u00e1s seguros del hemisferio.<\/p>\n<p>Su implementaci\u00f3n, sin embargo, ha sido criticada por organismos como Amnist\u00eda Internacional y Human Rights Watch, por considerar que permite violaciones a derechos humanos y hasta tortura, se\u00f1alamientos rechazados por la administraci\u00f3n Bukele.<\/p>\n<p>\u201cSe ha notado la diferencia\u201d, sostiene Miguel \u00c1ngel Rodr\u00edguez, un residente de San Salvador, quien dice apoyar las medidas implementadas por el presidente Bukele, mientras camina en el centro hist\u00f3rico de la capital.<a href=\"https:\/\/cnnespanol.cnn.com\/2024\/02\/01\/crimen-homicidios-bukele-el-salvador-analisis-orix\/\"> Sondeos realizados<\/a> por el Instituto Universitario de Opini\u00f3n P\u00fablica de la Universidad Centroamericana Jos\u00e9 Sime\u00f3n Ca\u00f1as y de Crisis Group han reflejado el apoyo ciudadano a las medidas.<\/p>\n<p>El r\u00e9gimen de excepci\u00f3n, que ya tiene cuatro a\u00f1os en el pa\u00eds, mantiene suspendidas garant\u00edas constitucionales. Ampl\u00eda de 72 horas a 15 d\u00edas la detenci\u00f3n provisional y permite al Estado la intervenci\u00f3n de las telecomunicaciones sin la autorizaci\u00f3n de un juez.<\/p>\n<p>Las <a href=\"https:\/\/cnnespanol.cnn.com\/2026\/04\/16\/latinoamerica\/el-salvador-cadena-perpetua-menores-hasta-12-anios-bukele-orix\">reformas a la Constituci\u00f3n,<\/a> que desde el domingo permiten que una persona detenida y que sea condenada por delitos como homicidio, feminicidio y violaci\u00f3n pueda ser sentenciada a cadena perpetua desde los 12 a\u00f1os, tambi\u00e9n cuentan con respaldo, aunque no de forma un\u00e1nime.<\/p>\n<p>\u201cEstar rehabilitando a una persona creo que ser\u00eda lo correcto, pero lastimosamente aqu\u00ed en el pa\u00eds ya se trat\u00f3 de esa manera y se lleg\u00f3 a un caso que hubo m\u00e1s violencia\u201d, agrega Rodr\u00edguez, en alusi\u00f3n .Rodr\u00edguez se refiere a los diferentes programas gubernamentales y privados que en el pasado fueron implementados para reinsertar, sin \u00e9xito, a la sociedad a miembros de pandillas.<\/p>\n<p>\u201cEso para m\u00ed no est\u00e1 bien\u201d, dice con respecto a las nuevas reformas Ana Reyes, otra ciudadana salvadore\u00f1a. \u201cHay otros m\u00e9todos, porque no tiene que ser as\u00ed\u201d, considera Reyes.<\/p>\n<p>A la hora de aplicar la justicia, El Salvador tambi\u00e9n ha recibido fuertes cr\u00edticas. La semana pasada se llev\u00f3 a cabo <a href=\"https:\/\/cnnespanol.cnn.com\/2026\/04\/16\/latinoamerica\/el-salvador-cadena-perpetua-menores-hasta-12-anios-bukele-orix\">un juicio masivo<\/a> contra casi 500 presuntos pandilleros. Las im\u00e1genes de las personas rapadas, vestidas de blanco, una al lado de otra en el mismo penal en el que est\u00e1n detenidos, despertaron cuestionamientos entre organismos de derechos humanos sobre garant\u00edas de acceso a la defensa legal y de que se haga un juicio justo.<\/p>\n<p>Bukele respondi\u00f3 a estas cr\u00edticas redoblando la apuesta: no solo defendi\u00f3 el proceso, sino que lo compar\u00f3 con los Juicios de N\u00faremberg, en los que dirigentes del gobierno nazi fueron enjuiciados por cr\u00edmenes de guerra y contra la humanidad tras la Segunda Guerra Mundial. En ese juicio, jefes militares y pol\u00edticos fueron llevados ante la justicia por las masacres y ejecuciones masivas cometidas durante la guerra.<\/p>\n<p>\u201cEstos son los \u2018presuntos miembros de pandillas\u2019 de los que hablan algunos medios internacionales. Los mismos a los que ciertas ONG llaman \u2018civiles\u2019 y defienden con tanta insistencia. No fueron \u2018presuntos pandilleros\u2019 para sus v\u00edctimas. No fueron \u2018civiles\u2019 para las comunidades que vivieron bajo su control durante d\u00e9cadas\u201d, escribi\u00f3 Bukele en sus redes sociales.<\/p>\n<p>\u201cNosotros no inventamos ese principio. Se llama \u2018responsabilidad de mando\u2019, y se aplic\u00f3 en Europa durante los Juicios de N\u00faremberg\u201d, plante\u00f3 el mandatario.<\/p>\n<p>La administraci\u00f3n de Bukele ha dicho que continuar\u00e1 con este tipo de medidas, sin importar las cr\u00edticas locales e internacionales. El autoproclamado \u201cdictador cool\u201d sostiene su firmeza amparado en su popularidad, que se mantiene con en el tiempo.<\/p>\n<p>Desde que asumi\u00f3 el poder en 2019, San Salvador, que se hab\u00eda convertido en \u201cla capital mundial del crimen\u201d, con un r\u00e9cord de casi un homicidio por hora registrado en 2016, fue transform\u00e1ndose de a poco en una ciudad habitable nuevamente.<\/p>\n<p>Muchos salvadore\u00f1os que se hab\u00edan visto forzados a emigrar en busca de paz <a href=\"https:\/\/www.cnn.com\/2024\/09\/12\/americas\/el-salvador-returners-bukele-crackdown\">regresaron<\/a> e incluso pudieron reabrir sus negocios.<\/p>\n<p>The-CNN-Wire<br \/>&trade; &amp; &copy; 2026 Cable News Network, Inc., a Warner Bros. Discovery Company. All rights reserved.<\/p>\n","protected":false},"excerpt":{"rendered":"<p>Para los defensores de los derechos humanos, la mejora en los niveles de seguridad en El Salvador tiene un alto precio: el deterioro de la democracia y el respeto a la ley. Sin embargo, reconocen que el Gobierno del presidente Nayib Bukele cuenta con respaldo ciudadano. Medidas como el r\u00e9gimen de excepci\u00f3n, vigente desde marzo [&hellip;]<\/p>\n","protected":false},"author":0,"featured_media":0,"comment_status":"open","ping_status":"open","sticky":false,"template":"","format":"standard","meta":{"_jetpack_memberships_contains_paid_content":false,"footnotes":""},"categories":[10],"tags":[],"class_list":["post-1473705","post","type-post","status-publish","format-standard","hentry","category-noticias-nacionales","market-global"],"yoast_head":"<!-- This site is optimized with the Yoast SEO plugin v24.4 - https:\/\/yoast.com\/wordpress\/plugins\/seo\/ -->\n<title>Hasta d\u00f3nde est\u00e1n dispuestos los salvadore\u00f1os a aceptar medidas extremas de Bukele con tal de vivir en calma - Noticias<\/title>\n<meta name=\"robots\" content=\"index, follow, max-snippet:-1, max-image-preview:large, max-video-preview:-1\" \/>\n<link rel=\"canonical\" href=\"https:\/\/noticiasya.com\/2026\/05\/01\/derechos-seguridad-salvador-bukele-orix\/\" \/>\n<meta property=\"og:locale\" content=\"es_ES\" \/>\n<meta property=\"og:type\" content=\"article\" \/>\n<meta property=\"og:title\" content=\"Hasta d\u00f3nde est\u00e1n dispuestos los salvadore\u00f1os a aceptar medidas extremas de Bukele con tal de vivir en calma - Noticias\" \/>\n<meta property=\"og:description\" content=\"Para los defensores de los derechos humanos, la mejora en los niveles de seguridad en El Salvador tiene un alto precio: el deterioro de la democracia y el respeto a la ley. Sin embargo, reconocen que el Gobierno del presidente Nayib Bukele cuenta con respaldo ciudadano. Medidas como el r\u00e9gimen de excepci\u00f3n, vigente desde marzo [&hellip;]\" \/>\n<meta property=\"og:url\" content=\"https:\/\/noticiasya.com\/2026\/05\/01\/derechos-seguridad-salvador-bukele-orix\/\" \/>\n<meta property=\"og:site_name\" content=\"Noticias\" \/>\n<meta property=\"article:published_time\" content=\"2026-05-01T12:03:50+00:00\" \/>\n<meta name=\"twitter:card\" content=\"summary_large_image\" \/>\n<meta name=\"twitter:label1\" content=\"Est. reading time\" \/>\n\t<meta name=\"twitter:data1\" content=\"6 minutos\" \/>\n<script type=\"application\/ld+json\" class=\"yoast-schema-graph\">{\"@context\":\"https:\/\/schema.org\",\"@graph\":[{\"@type\":\"Article\",\"@id\":\"https:\/\/noticiasya.com\/2026\/05\/01\/derechos-seguridad-salvador-bukele-orix\/#article\",\"isPartOf\":{\"@id\":\"https:\/\/noticiasya.com\/2026\/05\/01\/derechos-seguridad-salvador-bukele-orix\/\"},\"author\":{\"name\":\"\",\"@id\":\"\"},\"headline\":\"Hasta d\u00f3nde est\u00e1n dispuestos los salvadore\u00f1os a aceptar medidas extremas de Bukele con tal de vivir en calma\",\"datePublished\":\"2026-05-01T12:03:50+00:00\",\"mainEntityOfPage\":{\"@id\":\"https:\/\/noticiasya.com\/2026\/05\/01\/derechos-seguridad-salvador-bukele-orix\/\"},\"wordCount\":1305,\"commentCount\":0,\"publisher\":{\"@id\":\"https:\/\/noticiasya.com\/#organization\"},\"articleSection\":[\"Noticias Nacionales\"],\"inLanguage\":\"es\",\"potentialAction\":[{\"@type\":\"CommentAction\",\"name\":\"Comment\",\"target\":[\"https:\/\/noticiasya.com\/2026\/05\/01\/derechos-seguridad-salvador-bukele-orix\/#respond\"]}]},{\"@type\":\"WebPage\",\"@id\":\"https:\/\/noticiasya.com\/2026\/05\/01\/derechos-seguridad-salvador-bukele-orix\/\",\"url\":\"https:\/\/noticiasya.com\/2026\/05\/01\/derechos-seguridad-salvador-bukele-orix\/\",\"name\":\"Hasta d\u00f3nde est\u00e1n dispuestos los salvadore\u00f1os a aceptar medidas extremas de Bukele con tal de vivir en calma - Noticias\",\"isPartOf\":{\"@id\":\"https:\/\/noticiasya.com\/#website\"},\"datePublished\":\"2026-05-01T12:03:50+00:00\",\"breadcrumb\":{\"@id\":\"https:\/\/noticiasya.com\/2026\/05\/01\/derechos-seguridad-salvador-bukele-orix\/#breadcrumb\"},\"inLanguage\":\"es\",\"potentialAction\":[{\"@type\":\"ReadAction\",\"target\":[\"https:\/\/noticiasya.com\/2026\/05\/01\/derechos-seguridad-salvador-bukele-orix\/\"]}]},{\"@type\":\"BreadcrumbList\",\"@id\":\"https:\/\/noticiasya.com\/2026\/05\/01\/derechos-seguridad-salvador-bukele-orix\/#breadcrumb\",\"itemListElement\":[{\"@type\":\"ListItem\",\"position\":1,\"name\":\"Home\",\"item\":\"https:\/\/noticiasya.com\/\"},{\"@type\":\"ListItem\",\"position\":2,\"name\":\"Hasta d\u00f3nde est\u00e1n dispuestos los salvadore\u00f1os a aceptar medidas extremas de Bukele con tal de vivir en calma\"}]},{\"@type\":\"WebSite\",\"@id\":\"https:\/\/noticiasya.com\/#website\",\"url\":\"https:\/\/noticiasya.com\/\",\"name\":\"Noticias\",\"description\":\"Lo que importa\",\"publisher\":{\"@id\":\"https:\/\/noticiasya.com\/#organization\"},\"potentialAction\":[{\"@type\":\"SearchAction\",\"target\":{\"@type\":\"EntryPoint\",\"urlTemplate\":\"https:\/\/noticiasya.com\/?s={search_term_string}\"},\"query-input\":{\"@type\":\"PropertyValueSpecification\",\"valueRequired\":true,\"valueName\":\"search_term_string\"}}],\"inLanguage\":\"es\"},{\"@type\":\"Organization\",\"@id\":\"https:\/\/noticiasya.com\/#organization\",\"name\":\"Noticias\",\"url\":\"https:\/\/noticiasya.com\/\",\"logo\":{\"@type\":\"ImageObject\",\"inLanguage\":\"es\",\"@id\":\"https:\/\/noticiasya.com\/#\/schema\/logo\/image\/\",\"url\":\"https:\/\/noticiasya.com\/wp-content\/uploads\/sites\/22\/2023\/12\/logo-nacional.png\",\"contentUrl\":\"https:\/\/noticiasya.com\/wp-content\/uploads\/sites\/22\/2023\/12\/logo-nacional.png\",\"width\":1801,\"height\":691,\"caption\":\"Noticias\"},\"image\":{\"@id\":\"https:\/\/noticiasya.com\/#\/schema\/logo\/image\/\"}}]}<\/script>\n<!-- \/ Yoast SEO plugin. -->","yoast_head_json":{"title":"Hasta d\u00f3nde est\u00e1n dispuestos los salvadore\u00f1os a aceptar medidas extremas de Bukele con tal de vivir en calma - Noticias","robots":{"index":"index","follow":"follow","max-snippet":"max-snippet:-1","max-image-preview":"max-image-preview:large","max-video-preview":"max-video-preview:-1"},"canonical":"https:\/\/noticiasya.com\/2026\/05\/01\/derechos-seguridad-salvador-bukele-orix\/","og_locale":"es_ES","og_type":"article","og_title":"Hasta d\u00f3nde est\u00e1n dispuestos los salvadore\u00f1os a aceptar medidas extremas de Bukele con tal de vivir en calma - Noticias","og_description":"Para los defensores de los derechos humanos, la mejora en los niveles de seguridad en El Salvador tiene un alto precio: el deterioro de la democracia y el respeto a la ley. Sin embargo, reconocen que el Gobierno del presidente Nayib Bukele cuenta con respaldo ciudadano. Medidas como el r\u00e9gimen de excepci\u00f3n, vigente desde marzo [&hellip;]","og_url":"https:\/\/noticiasya.com\/2026\/05\/01\/derechos-seguridad-salvador-bukele-orix\/","og_site_name":"Noticias","article_published_time":"2026-05-01T12:03:50+00:00","twitter_card":"summary_large_image","twitter_misc":{"Est. reading time":"6 minutos"},"schema":{"@context":"https:\/\/schema.org","@graph":[{"@type":"Article","@id":"https:\/\/noticiasya.com\/2026\/05\/01\/derechos-seguridad-salvador-bukele-orix\/#article","isPartOf":{"@id":"https:\/\/noticiasya.com\/2026\/05\/01\/derechos-seguridad-salvador-bukele-orix\/"},"author":{"name":"","@id":""},"headline":"Hasta d\u00f3nde est\u00e1n dispuestos los salvadore\u00f1os a aceptar medidas extremas de Bukele con tal de vivir en calma","datePublished":"2026-05-01T12:03:50+00:00","mainEntityOfPage":{"@id":"https:\/\/noticiasya.com\/2026\/05\/01\/derechos-seguridad-salvador-bukele-orix\/"},"wordCount":1305,"commentCount":0,"publisher":{"@id":"https:\/\/noticiasya.com\/#organization"},"articleSection":["Noticias Nacionales"],"inLanguage":"es","potentialAction":[{"@type":"CommentAction","name":"Comment","target":["https:\/\/noticiasya.com\/2026\/05\/01\/derechos-seguridad-salvador-bukele-orix\/#respond"]}]},{"@type":"WebPage","@id":"https:\/\/noticiasya.com\/2026\/05\/01\/derechos-seguridad-salvador-bukele-orix\/","url":"https:\/\/noticiasya.com\/2026\/05\/01\/derechos-seguridad-salvador-bukele-orix\/","name":"Hasta d\u00f3nde est\u00e1n dispuestos los salvadore\u00f1os a aceptar medidas extremas de Bukele con tal de vivir en calma - Noticias","isPartOf":{"@id":"https:\/\/noticiasya.com\/#website"},"datePublished":"2026-05-01T12:03:50+00:00","breadcrumb":{"@id":"https:\/\/noticiasya.com\/2026\/05\/01\/derechos-seguridad-salvador-bukele-orix\/#breadcrumb"},"inLanguage":"es","potentialAction":[{"@type":"ReadAction","target":["https:\/\/noticiasya.com\/2026\/05\/01\/derechos-seguridad-salvador-bukele-orix\/"]}]},{"@type":"BreadcrumbList","@id":"https:\/\/noticiasya.com\/2026\/05\/01\/derechos-seguridad-salvador-bukele-orix\/#breadcrumb","itemListElement":[{"@type":"ListItem","position":1,"name":"Home","item":"https:\/\/noticiasya.com\/"},{"@type":"ListItem","position":2,"name":"Hasta d\u00f3nde est\u00e1n dispuestos los salvadore\u00f1os a aceptar medidas extremas de Bukele con tal de vivir en calma"}]},{"@type":"WebSite","@id":"https:\/\/noticiasya.com\/#website","url":"https:\/\/noticiasya.com\/","name":"Noticias","description":"Lo que importa","publisher":{"@id":"https:\/\/noticiasya.com\/#organization"},"potentialAction":[{"@type":"SearchAction","target":{"@type":"EntryPoint","urlTemplate":"https:\/\/noticiasya.com\/?s={search_term_string}"},"query-input":{"@type":"PropertyValueSpecification","valueRequired":true,"valueName":"search_term_string"}}],"inLanguage":"es"},{"@type":"Organization","@id":"https:\/\/noticiasya.com\/#organization","name":"Noticias","url":"https:\/\/noticiasya.com\/","logo":{"@type":"ImageObject","inLanguage":"es","@id":"https:\/\/noticiasya.com\/#\/schema\/logo\/image\/","url":"https:\/\/noticiasya.com\/wp-content\/uploads\/sites\/22\/2023\/12\/logo-nacional.png","contentUrl":"https:\/\/noticiasya.com\/wp-content\/uploads\/sites\/22\/2023\/12\/logo-nacional.png","width":1801,"height":691,"caption":"Noticias"},"image":{"@id":"https:\/\/noticiasya.com\/#\/schema\/logo\/image\/"}}]}},"parsely":{"version":"1.1.0","canonical_url":"https:\/\/noticiasya.com\/nacional\/2026\/05\/01\/derechos-seguridad-salvador-bukele-orix\/","smart_links":{"inbound":0,"outbound":0},"traffic_boost_suggestions_count":0,"meta":{"@context":"https:\/\/schema.org","@type":"NewsArticle","headline":"Hasta d\u00f3nde est\u00e1n dispuestos los salvadore\u00f1os a aceptar medidas extremas de Bukele con tal de vivir en calma","url":"http:\/\/noticiasya.com\/nacional\/2026\/05\/01\/derechos-seguridad-salvador-bukele-orix\/","mainEntityOfPage":{"@type":"WebPage","@id":"http:\/\/noticiasya.com\/nacional\/2026\/05\/01\/derechos-seguridad-salvador-bukele-orix\/"},"thumbnailUrl":"","image":{"@type":"ImageObject","url":""},"articleSection":"Noticias Nacionales","author":[],"creator":[],"publisher":{"@type":"Organization","name":"Noticias","logo":""},"keywords":[],"dateCreated":"2026-05-01T12:03:50Z","datePublished":"2026-05-01T12:03:50Z","dateModified":"2026-05-01T12:03:50Z"},"rendered":"<script type=\"application\/ld+json\" class=\"wp-parsely-metadata\">{\"@context\":\"https:\\\/\\\/schema.org\",\"@type\":\"NewsArticle\",\"headline\":\"Hasta d\\u00f3nde est\\u00e1n dispuestos los salvadore\\u00f1os a aceptar medidas extremas de Bukele con tal de vivir en calma\",\"url\":\"http:\\\/\\\/noticiasya.com\\\/nacional\\\/2026\\\/05\\\/01\\\/derechos-seguridad-salvador-bukele-orix\\\/\",\"mainEntityOfPage\":{\"@type\":\"WebPage\",\"@id\":\"http:\\\/\\\/noticiasya.com\\\/nacional\\\/2026\\\/05\\\/01\\\/derechos-seguridad-salvador-bukele-orix\\\/\"},\"thumbnailUrl\":\"\",\"image\":{\"@type\":\"ImageObject\",\"url\":\"\"},\"articleSection\":\"Noticias Nacionales\",\"author\":[],\"creator\":[],\"publisher\":{\"@type\":\"Organization\",\"name\":\"Noticias\",\"logo\":\"\"},\"keywords\":[],\"dateCreated\":\"2026-05-01T12:03:50Z\",\"datePublished\":\"2026-05-01T12:03:50Z\",\"dateModified\":\"2026-05-01T12:03:50Z\"}<\/script>","tracker_url":"https:\/\/cdn.parsely.com\/keys\/noticiasya.com\/p.js"},"jetpack_featured_media_url":"","jetpack-related-posts":[{"id":1464728,"url":"https:\/\/noticiasya.com\/nacional\/2025\/07\/21\/investigacion-bukele-denuncias-migrantes-maltrato-cecot-el-salvador-orix\/","url_meta":{"origin":1473705,"position":0},"title":"Venezuela abre investigaci\u00f3n contra Bukele tras denuncias de migrantes sobre presunto maltrato en prisi\u00f3n de El Salvador","author":"","date":"julio 21, 2025","format":false,"excerpt":"El Ministerio P\u00fablico de Venezuela difundi\u00f3 este lunes en conferencia de prensa los que present\u00f3 como testimonios de migrantes venezolanos que llegaron al pa\u00eds por el intercambio de prisioneros con Estados Unidos el pasado viernes y quienes, seg\u00fan esas grabaciones, denuncian maltratos durante su estad\u00eda en la c\u00e1rcel de m\u00e1xima\u2026","rel":"","context":"In &quot;Noticias Nacionales&quot;","block_context":{"text":"Noticias Nacionales","link":"https:\/\/noticiasya.com\/nacional\/categoria\/noticias-nacionales"},"img":{"alt_text":"","src":"","width":0,"height":0},"classes":[]},{"id":1463112,"url":"https:\/\/noticiasya.com\/nacional\/2025\/06\/02\/gobierno-bukele-cecot-denuncias-autoritarismo-cercania-trump-orix\/","url_meta":{"origin":1473705,"position":1},"title":"Bukele en el poder: el Cecot, denuncias de autoritarismo y la cercan\u00eda con Trump, bajo la lupa","author":"","date":"junio 2, 2025","format":false,"excerpt":"El freno a la violencia de las pandillas en las calles de El Salvador hizo que el accionar del presidente Nayib Bukele se convirtiera en una especie de \u201cmodelo\u201d que algunos pa\u00edses quieren imitar. Pero mientras se regodea de sus v\u00ednculos con el mandatario estadounidense Donald Trump, recibe y encarcela\u2026","rel":"","context":"In &quot;Noticias Nacionales&quot;","block_context":{"text":"Noticias Nacionales","link":"https:\/\/noticiasya.com\/nacional\/categoria\/noticias-nacionales"},"img":{"alt_text":"","src":"","width":0,"height":0},"classes":[]},{"id":1460240,"url":"https:\/\/noticiasya.com\/nacional\/2025\/03\/21\/el-salvador-violacione-derechos-humanos-venezolanos-deportados-orix\/","url_meta":{"origin":1473705,"position":2},"title":"El Salvador dice que se podr\u00edan revisar posibles violaciones de derechos humanos de venezolanos deportados por EE.UU.","author":"","date":"marzo 21, 2025","format":false,"excerpt":"Las familias de varios venezolanos deportados de Estados Unidos a El Salvador que, a trav\u00e9s de fotos y videos creen haber identificado a sus parientes, pueden buscar el apoyo de la Comisi\u00f3n de Derechos Humanos y Libertad de Expresi\u00f3n de El Salvador, dijo a CNN su titular, Andr\u00e9s Guzm\u00e1n.Por \u00f3rdenes\u2026","rel":"","context":"In &quot;Noticias Nacionales&quot;","block_context":{"text":"Noticias Nacionales","link":"https:\/\/noticiasya.com\/nacional\/categoria\/noticias-nacionales"},"img":{"alt_text":"","src":"","width":0,"height":0},"classes":[]},{"id":1467050,"url":"https:\/\/noticiasya.com\/nacional\/2025\/10\/02\/la-asociacion-de-periodistas-de-el-salvador-deja-el-pais-por-ley-de-agentes-extranjeros-impulsada-por-bukele\/","url_meta":{"origin":1473705,"position":3},"title":"La Asociaci\u00f3n de Periodistas de El Salvador deja el pa\u00eds por la Ley de Agentes Extranjeros impulsada por Bukele","author":"","date":"octubre 2, 2025","format":false,"excerpt":"La Asociaci\u00f3n de Periodistas de El Salvador (APES) inform\u00f3 este mi\u00e9rcoles que traslad\u00f3 fuera del pa\u00eds su personer\u00eda jur\u00eddica ante \u201cla necesidad urgente de trabajar sin limitaciones ni presiones\u201d en la naci\u00f3n centroamericana.La organizaci\u00f3n explic\u00f3 en un comunicado que la decisi\u00f3n pasa por las \u201crestricciones y desaf\u00edos\u201d en el espacio\u2026","rel":"","context":"In &quot;Noticias Nacionales&quot;","block_context":{"text":"Noticias Nacionales","link":"https:\/\/noticiasya.com\/nacional\/categoria\/noticias-nacionales"},"img":{"alt_text":"","src":"","width":0,"height":0},"classes":[]},{"id":1460203,"url":"https:\/\/noticiasya.com\/nacional\/2025\/03\/20\/que-ganan-el-salvador-bukele-deportados-ee-uu-orix\/","url_meta":{"origin":1473705,"position":4},"title":"\u00bfQu\u00e9 ganan El Salvador y Bukele recibiendo deportados de EE.UU.?","author":"","date":"marzo 20, 2025","format":false,"excerpt":"Con las cabezas rapadas, encorvados y esposados de pies y manos. As\u00ed ingresaron al Centro de Confinamiento de Terrorismo (Cecot) de El Salvador los 261 inmigrantes deportados por Estados Unidos bajo \u00f3rdenes del presidente Donald Trump.Funcionarios estadounidenses describieron a algunos de los expulsados como presuntos miembros de la organizaci\u00f3n criminal\u2026","rel":"","context":"In &quot;Noticias Nacionales&quot;","block_context":{"text":"Noticias Nacionales","link":"https:\/\/noticiasya.com\/nacional\/categoria\/noticias-nacionales"},"img":{"alt_text":"","src":"","width":0,"height":0},"classes":[]},{"id":1461592,"url":"https:\/\/noticiasya.com\/nacional\/2025\/04\/24\/modelo-bukele-simpatizantes-replicarlo-no-facil-orix\/","url_meta":{"origin":1473705,"position":5},"title":"El modelo Bukele tiene simpatizantes, pero replicarlo no es tan f\u00e1cil","author":"","date":"abril 24, 2025","format":false,"excerpt":"El presidente de El Salvador, Nayib Bukele, ha publicado en X que su modelo de seguridad es f\u00e1cil de replicar, incluso en pa\u00edses como M\u00e9xico.\u201c28 de los 32 estados de M\u00e9xico tienen una poblaci\u00f3n igual o menor a la de El Salvador.\u00bfPor qu\u00e9, entonces, no pueden resolver el tema de\u2026","rel":"","context":"In &quot;Noticias Nacionales&quot;","block_context":{"text":"Noticias Nacionales","link":"https:\/\/noticiasya.com\/nacional\/categoria\/noticias-nacionales"},"img":{"alt_text":"","src":"","width":0,"height":0},"classes":[]}],"jetpack_sharing_enabled":true,"_links":{"self":[{"href":"https:\/\/noticiasya.com\/nacional\/wp-json\/wp\/v2\/posts\/1473705","targetHints":{"allow":["GET"]}}],"collection":[{"href":"https:\/\/noticiasya.com\/nacional\/wp-json\/wp\/v2\/posts"}],"about":[{"href":"https:\/\/noticiasya.com\/nacional\/wp-json\/wp\/v2\/types\/post"}],"replies":[{"embeddable":true,"href":"https:\/\/noticiasya.com\/nacional\/wp-json\/wp\/v2\/comments?post=1473705"}],"version-history":[{"count":0,"href":"https:\/\/noticiasya.com\/nacional\/wp-json\/wp\/v2\/posts\/1473705\/revisions"}],"wp:attachment":[{"href":"https:\/\/noticiasya.com\/nacional\/wp-json\/wp\/v2\/media?parent=1473705"}],"wp:term":[{"taxonomy":"category","embeddable":true,"href":"https:\/\/noticiasya.com\/nacional\/wp-json\/wp\/v2\/categories?post=1473705"},{"taxonomy":"post_tag","embeddable":true,"href":"https:\/\/noticiasya.com\/nacional\/wp-json\/wp\/v2\/tags?post=1473705"}],"curies":[{"name":"wp","href":"https:\/\/api.w.org\/{rel}","templated":true}]}}