{"id":1473706,"date":"2026-05-01T05:03:50","date_gmt":"2026-05-01T12:03:50","guid":{"rendered":"https:\/\/noticiasya.com\/2026\/05\/01\/analisis-panorama-candidatos-democratas-presidencia-de-ee-uu-trax\/"},"modified":"2026-05-01T05:03:50","modified_gmt":"2026-05-01T12:03:50","slug":"analisis-panorama-candidatos-democratas-presidencia-de-ee-uu-trax","status":"publish","type":"post","link":"https:\/\/noticiasya.com\/nacional\/2026\/05\/01\/analisis-panorama-candidatos-democratas-presidencia-de-ee-uu-trax\/","title":{"rendered":"\u00bfQu\u00e9 ha cambiado en el panorama de los candidatos dem\u00f3cratas a la presidencia de EE.UU. en 2028? Kamala Harris"},"content":{"rendered":"<p>Todav\u00eda es demasiado pronto para empezar a analizar en profundidad la carrera presidencial de 2028 en EE.UU., pero algunos posibles candidatos ya est\u00e1n dando pasos importantes.<\/p>\n<p>Hablo peri\u00f3dicamente con <a href=\"https:\/\/www.cnn.com\/profiles\/isaac-dovere\">Edward-Isaac Dovere de CNN<\/a> sobre c\u00f3mo est\u00e1 cambiando la contienda entre los dem\u00f3cratas y qu\u00e9 podemos esperar. A continuaci\u00f3n, presentamos nuestra \u00faltima conversaci\u00f3n, transcrita y editada para mayor claridad y fluidez.<\/p>\n<p><strong>WOLF:<\/strong> La \u00faltima vez que hablamos fue a finales del a\u00f1o pasado. \u00bfQu\u00e9 ha cambiado?<\/p>\n<p><strong>DOVERE:<\/strong> Lo que quiz\u00e1s m\u00e1s ha cambiado el ambiente de las primeras impresiones es que Kamala Harris ha hecho un par de comentarios que sugieren que se toma m\u00e1s en serio la idea de volver a presentarse de lo que la mayor\u00eda de la gente pensaba.<\/p>\n<p>Si se presenta, ser\u00eda un factor importante en la contienda. No creo que ganar\u00eda la nominaci\u00f3n f\u00e1cilmente. Pero para cualquiera que est\u00e9 pensando en postularse, la contienda es diferente si Harris participa que si no, por varias razones.<\/p>\n<p>Obviamente, ella era la candidata y la exvicepresidenta, as\u00ed que inevitablemente la contienda se centrar\u00eda en ella, tal como sucedi\u00f3 en las primarias republicanas de 2024 con Donald Trump y en las dem\u00f3cratas de 2020 con Joe Biden.<\/p>\n<p>No siempre funciona. En 2008, la contienda dem\u00f3crata se centr\u00f3 en Hillary Clinton desde el principio, y obviamente no fue nominada. Pero la din\u00e1mica ser\u00eda muy diferente a la de una contienda m\u00e1s abierta.<\/p>\n<p>Una de las razones por las que la campa\u00f1a se centrar\u00eda en ella es que podr\u00eda contar con un fuerte apoyo de los votantes negros, especialmente de las mujeres negras de las generaciones millennial y baby boomer.<\/p>\n<p>Estas son votantes bastante confiables y comprometidas en las primarias dem\u00f3cratas. Por ahora, no sabemos si se presentar\u00e1, y todo son especulaciones.<\/p>\n<p><strong>WOLF:<\/strong> Pero perdi\u00f3 en 2024. \u00bfCreen las personas inteligentes del Partido Dem\u00f3crata que existe un argumento convincente de que ella podr\u00eda entusiasmar a la gente, sacarla a votar y superar el mal sabor de boca que les dej\u00f3 la derrota ante Trump, que seg\u00fan ellos ser\u00eda apocal\u00edptica?<\/p>\n<p><strong>DOVERE:<\/strong> Tendr\u00eda que presentar ese argumento. Y hasta ahora, no lo ha hecho del todo. Una de las cosas que repet\u00eda constantemente durante la campa\u00f1a de 2024 era: \u201cNo vamos a dar marcha atr\u00e1s\u201d.<\/p>\n<p>Y eso podr\u00eda perjudicarla esta vez si decide presentarse en serio. Tendr\u00eda que presentar un argumento proactivo y con visi\u00f3n de futuro. Lleva unos seis o siete meses en la <a href=\"https:\/\/www.cnn.com\/2026\/03\/26\/politics\/kamala-harris-democratic-events-south\">gira de presentaci\u00f3n de su libro<\/a>, reuni\u00e9ndose con mucha gente y hablando con mucha gente. No sabemos qu\u00e9 resultado dar\u00e1.<\/p>\n<p><strong>WOLF:<\/strong> Un par de posibles candidatos tienen libros publicados. Es casi un requisito indispensable para postularse. \u00bfQui\u00e9n est\u00e1 ganando la contienda editorial?<\/p>\n<p><strong>DOVERE:<\/strong> (El gobernador de California) Gavin Newsom vendi\u00f3 muchos libros, pero lo que tambi\u00e9n descubrimos gracias a algunos reportajes <a href=\"https:\/\/www.nytimes.com\/2026\/04\/16\/us\/politics\/newsom-book-donors.html\">del New York Times<\/a> es que muchos de esos libros fueron comprados por entidades pol\u00edticas de Gavin Newsom y luego se distribuyeron entre simpatizantes que eran donantes.<\/p>\n<p>Kamala Harris tambi\u00e9n <a href=\"https:\/\/www.cnn.com\/2025\/12\/10\/politics\/kamala-harris-2026-tour\">vendi\u00f3 muchos libros<\/a>, aunque creo que no tenemos las cifras exactas.<\/p>\n<p>No fueron comprados por un comit\u00e9 de acci\u00f3n pol\u00edtica (PAC) para ella, sino que muchos estuvieron vinculados a la venta de entradas para los eventos de la gira de presentaci\u00f3n del libro. Esos han sido los que m\u00e1s \u00e9xito han tenido.<\/p>\n<p>El libro de Josh Shapiro (gobernador de Pensilvania) tuvo cierta <a href=\"https:\/\/www.cnn.com\/2026\/01\/08\/politics\/josh-shapiro-pennsylvania-election\">repercusi\u00f3n<\/a> cuando se public\u00f3, pero no se vendi\u00f3 masivamente. <a href=\"https:\/\/www.cnn.com\/2026\/03\/25\/politics\/video\/inside-politics-cory-booker-memoir-stand\">El libro de Cory Booker<\/a> sali\u00f3 a la venta justo cuando comenz\u00f3 la guerra con Ir\u00e1n, lo cual fue una mala coincidencia tanto para \u00e9l como para sus planes de gira promocional.<\/p>\n<p>Pr\u00f3ximamente se publicar\u00e1 un libro de Chris Murphy (senador de Connecticut). Tim Walz (gobernador de Minnesota) tambi\u00e9n ha anunciado que escribir\u00e1 un libro, aunque no creo que Walz se presente a la presidencia.<\/p>\n<p><strong>WOLF:<\/strong> Newsom parec\u00eda estar en todas partes durante un tiempo, encontrando la manera de aparecer en las noticias y provocando a Trump. \u00bfHa perdido fuerza? \u00bfEst\u00e1 la gente cansada de \u00e9l? \u00bfD\u00f3nde est\u00e1?<\/p>\n<p><strong>DOVERE:<\/strong> Newsom no ha tenido un enfrentamiento importante con Trump en un par de meses, que es probablemente lo que usted percibe. Eso no significa necesariamente que haya perdido impulso.<\/p>\n<p>En la medida en que cualquier encuesta realizada dos a\u00f1os antes de las primarias tenga alguna relevancia, su reconocimiento de nombre se mantiene consistentemente alto. Mucha gente que est\u00e1 pensando en la contienda, aunque no lo admita en voz alta, dir\u00e1 que es el favorito. No s\u00e9 qu\u00e9 significa ser el favorito en este momento.<\/p>\n<p>\u00bfPodr\u00eda la complicada contienda para suceder a Newsom como gobernador ser un problema?<\/p>\n<p><strong>WOLF:<\/strong> La contienda para reemplazar a Newsom como gobernador de California es, <a href=\"https:\/\/www.cnn.com\/2026\/04\/17\/politics\/swalwell-steyer-newsom-california-governor-election-analysis\">objetivamente, un caos<\/a> en este momento para los dem\u00f3cratas. \u00bfLe perjudicar\u00e1 eso?<\/p>\n<p><strong>DOVERE:<\/strong> La gente de Newsom cree que est\u00e1n en buena posici\u00f3n siempre y cuando un dem\u00f3crata quede entre los dos primeros el 2 de junio, en cuyo caso creen que un estado con una fuerte tendencia dem\u00f3crata se unir\u00e1 en torno a quienquiera que sea ese candidato, aunque hasta ahora, los californianos y el propio Newsom, <a href=\"https:\/\/www.cnn.com\/2026\/04\/15\/politics\/gavin-newsom-california-governor-eric-swalwell\">como he informado<\/a>, se han mostrado un poco indiferentes respecto a sus opciones.<\/p>\n<p>Si dos republicanos avanzan, y por lo tanto un republicano se convierte en el pr\u00f3ximo gobernador de California \u2014lo cual podr\u00eda suceder, dado el desempe\u00f1o de Steve Hilton y Chad Bianco en las encuestas\u2014 eso probablemente representar\u00eda un problema para Newsom en muchos sentidos, tanto por la imagen que proyectar\u00eda como por las investigaciones que podr\u00edan iniciarse en su contra posteriormente.<\/p>\n<p>Newsom y su equipo ciertamente ven eso como un problema potencial, y lo que me han dicho es que \u00e9l se muestra reacio a intervenir en la contienda a menos que realmente vea que es probable que se dirija hacia un riesgo para lo que se ha llamado un monopolio dem\u00f3crata para los dos puestos principales, y cree que podr\u00eda cambiar eso sustancialmente.<\/p>\n<p><strong>WOLF:<\/strong> Si Harris es la excandidata y Newsom es la persona que muchos consideran la favorita, \u00bfcu\u00e1l es el siguiente nivel?<\/p>\n<p><strong>DOVERE:<\/strong> No creo que sea \u00fatil pensar en t\u00e9rminos de niveles. Es muy, muy pronto. Pero hay un par de personas que han estado tratando de mantenerse ocupadas de diferentes maneras:<\/p>\n<p>Pete Buttigieg se ha mantenido activo, participando en numerosos encuentros con votantes en lugares que claramente buscan mantener el entusiasmo dem\u00f3crata y, al mismo tiempo, mantenerse presente en el debate p\u00fablico. Ha tenido un par de entrevistas destacadas que lo han hecho popular en Twitter, como suele ser habitual entre los dem\u00f3cratas.<\/p>\n<p>Hace aproximadamente un mes estuve en Chicago para las primarias al Senado de Estados Unidos en Illinois, que se hab\u00edan convertido en una especie de prueba indirecta para el gobernador de Illinois, JB Pritzker, y para ver c\u00f3mo ser\u00eda su gasto y si su equipo era s\u00f3lido. Sin duda, las cosas le salieron bien.<\/p>\n<p>Veremos a lo largo del a\u00f1o c\u00f3mo se definen realmente los distintos niveles, pero son diferentes. La gente est\u00e1 haciendo las cosas de maneras diferentes. Shapiro ha mantenido un perfil relativamente bajo mientras se centra en su campa\u00f1a de reelecci\u00f3n y en lograr que varios dem\u00f3cratas sean elegidos al Congreso, seg\u00fan espera.<\/p>\n<p>Rahm Emanuel (exsecretario de la Casa Blanca y exalcalde de Chicago), al igual que Buttigieg, no desempe\u00f1a ning\u00fan cargo pol\u00edtico ni gubernamental en la actualidad, pero Emanuel est\u00e1 proponiendo ideas constantemente para intentar influir en el debate p\u00fablico y generar conversaci\u00f3n sobre \u00e9l.<\/p>\n<p>Por ahora, muchos pol\u00edticos lo consideran interesante, pero poco probable que llegue a concretarse.<\/p>\n<p>Vivimos en un mundo donde el presidente de Estados Unidos, por segunda vez en la historia, cumple un mandato no consecutivo.<\/p>\n<p>Fue una estrella de la telerrealidad, sometido a juicio pol\u00edtico dos veces y condenado por delitos, y luego logr\u00f3 ser reelegido presidente. As\u00ed que, en mi opini\u00f3n, la cuesti\u00f3n de qui\u00e9n es un candidato serio o cre\u00edble es un tema que merece un an\u00e1lisis diferente de cara a 2028.<\/p>\n<p>Tanto como periodista como ciudadano que intenta asimilar la situaci\u00f3n, trato de no decir: \u201cEsta persona est\u00e1 en mejor forma que aquella\u201d. Parafraseando una frase que suele circular en Twitter, por estas fechas, durante la campa\u00f1a presidencial de 2004, Joe Lieberman lideraba todas las encuestas.<\/p>\n<p>(Nota: En realidad, las encuestas eran m\u00e1s complejas, pero Lieberman estaba obteniendo buenos resultados. Tambi\u00e9n es cierto que, en este punto del ciclo electoral presidencial de 2016, las encuestas generalmente ni siquiera inclu\u00edan a Trump).<\/p>\n<p><strong>WOLF:<\/strong> Lo que parec\u00eda hacer viable a Lieberman al principio de las primarias era que hab\u00eda sido compa\u00f1ero de f\u00f3rmula de Al Gore en 2000. Adem\u00e1s, finalmente, <a href=\"https:\/\/www.cnn.com\/2008\/POLITICS\/09\/03\/rnc.democrat.reaction\/index.html\">se desvincul\u00f3 del Partido Dem\u00f3crata<\/a>. Era centrista. \u00bfHay alguien que se est\u00e9 moviendo hacia el centro del partido, o todos se est\u00e1n inclinando hacia la izquierda?<\/p>\n<p><strong>DOVERE:<\/strong> Otra cosa que estamos viendo en el debate pol\u00edtico general es que t\u00e9rminos como \u201cizquierda\u201d, \u201cderecha\u201d o \u201cprogresista\u201d se est\u00e1n confundiendo. Lo que define a un progresista es, en cierto modo, algo subjetivo hoy en d\u00eda.<\/p>\n<p>En las primarias dem\u00f3cratas de 2020, b\u00e1sicamente, si apoyabas <a href=\"https:\/\/www.cnn.com\/2026\/04\/12\/politics\/medicare-for-all-health-care-cost-elections-analysis\">Medicare para Todos<\/a>, eras progresista, y si no, eras moderado. No est\u00e1 claro si habr\u00e1 un tema determinante en las primarias dem\u00f3cratas de 2028.<\/p>\n<p>Algo que ya estamos viendo es que el apoyo a Israel se est\u00e1 convirtiendo en un tema progresista\/moderado, lo cual representa un cambio importante en la pol\u00edtica estadounidense y en la del Partido Dem\u00f3crata. Nunca antes hab\u00eda sido el \u00e1rbitro de lo que es progresista frente a lo que es moderado.<\/p>\n<p><strong>WOLF:<\/strong> \u00bfA qu\u00e9 distancia estamos de que la gente anuncie sus campa\u00f1as electorales?<\/p>\n<p><strong>DOVERE:<\/strong> Elizabeth Warren anunci\u00f3 su candidatura el 31 de diciembre de 2018; Joe Biden no lo hizo hasta abril de 2019. As\u00ed que tenemos tiempo. Pero lo importante no es tanto el d\u00eda del anuncio, sino lo que se haga, sobre todo si terminamos con una docena, incluso hasta dos docenas de candidatos.<\/p>\n<p>El aspecto econ\u00f3mico de las campa\u00f1as electorales podr\u00eda cambiar en la econom\u00eda de la atenci\u00f3n.<\/p>\n<p><strong>WOLF:<\/strong> La forma en que fluye el dinero y ad\u00f3nde va est\u00e1 cambiando. \u00bfC\u00f3mo afectar\u00e1 esto a los dem\u00f3cratas? \u00bfEl gasto real se realizar\u00e1 fuera de la estructura tradicional de las campa\u00f1as electorales?<\/p>\n<p><strong>DOVERE:<\/strong> Varios activistas y posibles candidatos me han hablado expl\u00edcitamente de esto, como lo que sucedi\u00f3 con la campa\u00f1a para alcalde de Zohran Mamdani en Nueva York.<\/p>\n<p>Dejando de lado su ideolog\u00eda pol\u00edtica o los detalles de la contienda, no gast\u00f3 mucho dinero en su campa\u00f1a. Lo logr\u00f3 mediante videos virales en redes sociales y otras actividades \u2014eventos, b\u00fasquedas del tesoro, ese tipo de cosas\u2014 que captaron la atenci\u00f3n y generaron una cobertura medi\u00e1tica que le permiti\u00f3 operar con un presupuesto reducido.<\/p>\n<p>Hay un republicano muy prominente en la ciudad de Nueva York que, la noche anterior a las elecciones a la alcald\u00eda en noviembre, me llam\u00f3 y me dijo: \u201cTenemos que averiguar de d\u00f3nde viene todo el dinero que est\u00e1 financiando esta campa\u00f1a\u201d. Y yo le dije: \u201cNo, no hay dinero secreto. Simplemente se consigue a trav\u00e9s de las redes sociales\u201d.<\/p>\n<p>As\u00ed que ser\u00e1 una combinaci\u00f3n de cu\u00e1nto recauden; todo este dinero externo que fluir\u00e1 de todo tipo de lugares, incluidas empresas de IA y otros grupos que est\u00e1n gastando mucho; y luego lo que puedan hacer para maximizar su lugar en la econom\u00eda de la atenci\u00f3n.<\/p>\n<p><strong>WOLF:<\/strong> Podr\u00edan ser las primeras elecciones sin un miembro de la generaci\u00f3n del baby boom o de la generaci\u00f3n anterior, como Trump o Biden.<\/p>\n<p><strong>DOVERE:<\/strong> Ninguno de los candidatos que se barajan tiene m\u00e1s de 70 a\u00f1os, lo que excluye a la mayor\u00eda de los baby boomers. As\u00ed que s\u00ed, habr\u00e1 cierto relevo generacional, al menos en el liderazgo del partido. Y algunos de estos candidatos podr\u00edan ser mucho m\u00e1s j\u00f3venes, \u00bfverdad? Buttigieg, de 44 a\u00f1os, es el m\u00e1s joven de los que se barajan seriamente.<\/p>\n<p>Excepto Alexandria Ocasio-Cortez (representante de Nueva York), que ya habr\u00eda superado los 35 a\u00f1os, edad l\u00edmite para ser elegible. Es evidente que irradia entusiasmo y su ideolog\u00eda pol\u00edtica goza de consenso, pero tambi\u00e9n posee una clara juventud que contrasta con quienes han liderado el partido en los \u00faltimos a\u00f1os.<\/p>\n<p><strong>WOLF:<\/strong> Quiz\u00e1s sea la dem\u00f3crata que m\u00e1s opiniones encontradas genera. Los republicanos la han estado demonizando durante a\u00f1os.<\/p>\n<p><strong>DOVERE:<\/strong> Pero tambi\u00e9n es extremadamente popular entre mucha gente de la base del Partido Dem\u00f3crata. Es alguien que podr\u00edas poner en la lista junto a Kamala Harris y Gavin Newsom.<\/p>\n<p>Cualquier dem\u00f3crata que estuviera pensando en postularse a la presidencia estar\u00eda desesperado por tener el tipo de apoyo que ella tiene en las encuestas. Pero tambi\u00e9n est\u00e1 bastante arraigada en la opini\u00f3n p\u00fablica y en las impresiones que tienen de ella, les guste o no.<\/p>\n<p>Pero si nos encontramos en un panorama donde, para cuando lleguemos a las primarias, haya cinco o seis candidatos serios, como los hubo en 2020, y ella obtiene m\u00e1s del 30 por ciento de los votos, eso la colocar\u00e1 en una posici\u00f3n fuerte.<\/p>\n<p>Pero Ocasio-Cortez podr\u00eda postularse para uno de tres cargos: la reelecci\u00f3n a la C\u00e1mara de Representantes, el esca\u00f1o en el Senado que actualmente ocupa Chuck Schumer en Nueva York o la presidencia.<\/p>\n<p><strong>WOLF:<\/strong> \u00bfHay alguien que te haya sorprendido \u00faltimamente?<\/p>\n<p><strong>DOVERE:<\/strong> Estuve en Nueva Orleans para un evento del Comit\u00e9 Nacional Dem\u00f3crata, y el exalcalde Mitch Landrieu se levant\u00f3 y dio un discurso que vi, y luego dio otros discursos que otras personas vieron, y de repente qued\u00f3 claro que estaba empezando a <a href=\"https:\/\/www.cnn.com\/2026\/04\/19\/politics\/mitch-landrieu-president-new-orleans-mayor-2028\">pensar seriamente<\/a> en postularse a la presidencia.<\/p>\n<p>Creo que estamos en este momento de calma, en general, en el que la gente empieza a tomarse en serio sus propias deliberaciones internas.<\/p>\n<p>Sin revelar demasiados detalles de conversaciones privadas, varios de los posibles candidatos han empezado a preguntarme si realmente creo que esta persona se va a postular y aquella otra lo est\u00e1 considerando. Est\u00e1n tratando de sacar provecho de esto, y veremos a qu\u00e9 conduce.<\/p>\n<p>Otro tema: el gobernador de Maryland, Wes Moore, me coment\u00f3 hace un par de meses cu\u00e1nto se iba a esforzar para que el proyecto de ley de redistribuci\u00f3n de distritos se aprobara en la legislatura de Maryland.<\/p>\n<p>La sesi\u00f3n termin\u00f3 en Maryland y el proyecto de ley nunca se tramit\u00f3, y \u00e9l lo dej\u00f3 en el olvido. Muchos lo vieron como una de las muchas pruebas que Moore tendr\u00eda por delante.<\/p>\n<p>Otro factor que est\u00e1 empa\u00f1ando la situaci\u00f3n pol\u00edtica de muchos es la guerra. La pr\u00f3xima vez que hablemos de esto, creo que veremos se\u00f1ales m\u00e1s claras sobre las posturas que se est\u00e1n adoptando.<\/p>\n<p>The-CNN-Wire<br \/>&trade; &amp; &copy; 2026 Cable News Network, Inc., a Warner Bros. Discovery Company. All rights reserved.<\/p>\n","protected":false},"excerpt":{"rendered":"<p>Todav\u00eda es demasiado pronto para empezar a analizar en profundidad la carrera presidencial de 2028 en EE.UU., pero algunos posibles candidatos ya est\u00e1n dando pasos importantes. Hablo peri\u00f3dicamente con Edward-Isaac Dovere de CNN sobre c\u00f3mo est\u00e1 cambiando la contienda entre los dem\u00f3cratas y qu\u00e9 podemos esperar. A continuaci\u00f3n, presentamos nuestra \u00faltima conversaci\u00f3n, transcrita y editada [&hellip;]<\/p>\n","protected":false},"author":0,"featured_media":0,"comment_status":"open","ping_status":"open","sticky":false,"template":"","format":"standard","meta":{"_jetpack_memberships_contains_paid_content":false,"footnotes":""},"categories":[10],"tags":[],"class_list":["post-1473706","post","type-post","status-publish","format-standard","hentry","category-noticias-nacionales","market-global"],"yoast_head":"<!-- This site is optimized with the Yoast SEO plugin v24.4 - https:\/\/yoast.com\/wordpress\/plugins\/seo\/ -->\n<title>\u00bfQu\u00e9 ha cambiado en el panorama de los candidatos dem\u00f3cratas a la presidencia de EE.UU. en 2028? Kamala Harris - Noticias<\/title>\n<meta name=\"robots\" content=\"index, follow, max-snippet:-1, max-image-preview:large, max-video-preview:-1\" \/>\n<link rel=\"canonical\" href=\"https:\/\/noticiasya.com\/2026\/05\/01\/analisis-panorama-candidatos-democratas-presidencia-de-ee-uu-trax\/\" \/>\n<meta property=\"og:locale\" content=\"es_ES\" \/>\n<meta property=\"og:type\" content=\"article\" \/>\n<meta property=\"og:title\" content=\"\u00bfQu\u00e9 ha cambiado en el panorama de los candidatos dem\u00f3cratas a la presidencia de EE.UU. en 2028? Kamala Harris - Noticias\" \/>\n<meta property=\"og:description\" content=\"Todav\u00eda es demasiado pronto para empezar a analizar en profundidad la carrera presidencial de 2028 en EE.UU., pero algunos posibles candidatos ya est\u00e1n dando pasos importantes. Hablo peri\u00f3dicamente con Edward-Isaac Dovere de CNN sobre c\u00f3mo est\u00e1 cambiando la contienda entre los dem\u00f3cratas y qu\u00e9 podemos esperar. A continuaci\u00f3n, presentamos nuestra \u00faltima conversaci\u00f3n, transcrita y editada [&hellip;]\" \/>\n<meta property=\"og:url\" content=\"https:\/\/noticiasya.com\/2026\/05\/01\/analisis-panorama-candidatos-democratas-presidencia-de-ee-uu-trax\/\" \/>\n<meta property=\"og:site_name\" content=\"Noticias\" \/>\n<meta property=\"article:published_time\" content=\"2026-05-01T12:03:50+00:00\" \/>\n<meta name=\"twitter:card\" content=\"summary_large_image\" \/>\n<meta name=\"twitter:label1\" content=\"Est. reading time\" \/>\n\t<meta name=\"twitter:data1\" content=\"13 minutos\" \/>\n<script type=\"application\/ld+json\" class=\"yoast-schema-graph\">{\"@context\":\"https:\/\/schema.org\",\"@graph\":[{\"@type\":\"Article\",\"@id\":\"https:\/\/noticiasya.com\/2026\/05\/01\/analisis-panorama-candidatos-democratas-presidencia-de-ee-uu-trax\/#article\",\"isPartOf\":{\"@id\":\"https:\/\/noticiasya.com\/2026\/05\/01\/analisis-panorama-candidatos-democratas-presidencia-de-ee-uu-trax\/\"},\"author\":{\"name\":\"\",\"@id\":\"\"},\"headline\":\"\u00bfQu\u00e9 ha cambiado en el panorama de los candidatos dem\u00f3cratas a la presidencia de EE.UU. en 2028? Kamala Harris\",\"datePublished\":\"2026-05-01T12:03:50+00:00\",\"mainEntityOfPage\":{\"@id\":\"https:\/\/noticiasya.com\/2026\/05\/01\/analisis-panorama-candidatos-democratas-presidencia-de-ee-uu-trax\/\"},\"wordCount\":2614,\"commentCount\":0,\"publisher\":{\"@id\":\"https:\/\/noticiasya.com\/#organization\"},\"articleSection\":[\"Noticias Nacionales\"],\"inLanguage\":\"es\",\"potentialAction\":[{\"@type\":\"CommentAction\",\"name\":\"Comment\",\"target\":[\"https:\/\/noticiasya.com\/2026\/05\/01\/analisis-panorama-candidatos-democratas-presidencia-de-ee-uu-trax\/#respond\"]}]},{\"@type\":\"WebPage\",\"@id\":\"https:\/\/noticiasya.com\/2026\/05\/01\/analisis-panorama-candidatos-democratas-presidencia-de-ee-uu-trax\/\",\"url\":\"https:\/\/noticiasya.com\/2026\/05\/01\/analisis-panorama-candidatos-democratas-presidencia-de-ee-uu-trax\/\",\"name\":\"\u00bfQu\u00e9 ha cambiado en el panorama de los candidatos dem\u00f3cratas a la presidencia de EE.UU. en 2028? Kamala Harris - Noticias\",\"isPartOf\":{\"@id\":\"https:\/\/noticiasya.com\/#website\"},\"datePublished\":\"2026-05-01T12:03:50+00:00\",\"breadcrumb\":{\"@id\":\"https:\/\/noticiasya.com\/2026\/05\/01\/analisis-panorama-candidatos-democratas-presidencia-de-ee-uu-trax\/#breadcrumb\"},\"inLanguage\":\"es\",\"potentialAction\":[{\"@type\":\"ReadAction\",\"target\":[\"https:\/\/noticiasya.com\/2026\/05\/01\/analisis-panorama-candidatos-democratas-presidencia-de-ee-uu-trax\/\"]}]},{\"@type\":\"BreadcrumbList\",\"@id\":\"https:\/\/noticiasya.com\/2026\/05\/01\/analisis-panorama-candidatos-democratas-presidencia-de-ee-uu-trax\/#breadcrumb\",\"itemListElement\":[{\"@type\":\"ListItem\",\"position\":1,\"name\":\"Home\",\"item\":\"https:\/\/noticiasya.com\/\"},{\"@type\":\"ListItem\",\"position\":2,\"name\":\"\u00bfQu\u00e9 ha cambiado en el panorama de los candidatos dem\u00f3cratas a la presidencia de EE.UU. en 2028? Kamala Harris\"}]},{\"@type\":\"WebSite\",\"@id\":\"https:\/\/noticiasya.com\/#website\",\"url\":\"https:\/\/noticiasya.com\/\",\"name\":\"Noticias\",\"description\":\"Lo que importa\",\"publisher\":{\"@id\":\"https:\/\/noticiasya.com\/#organization\"},\"potentialAction\":[{\"@type\":\"SearchAction\",\"target\":{\"@type\":\"EntryPoint\",\"urlTemplate\":\"https:\/\/noticiasya.com\/?s={search_term_string}\"},\"query-input\":{\"@type\":\"PropertyValueSpecification\",\"valueRequired\":true,\"valueName\":\"search_term_string\"}}],\"inLanguage\":\"es\"},{\"@type\":\"Organization\",\"@id\":\"https:\/\/noticiasya.com\/#organization\",\"name\":\"Noticias\",\"url\":\"https:\/\/noticiasya.com\/\",\"logo\":{\"@type\":\"ImageObject\",\"inLanguage\":\"es\",\"@id\":\"https:\/\/noticiasya.com\/#\/schema\/logo\/image\/\",\"url\":\"https:\/\/noticiasya.com\/wp-content\/uploads\/sites\/22\/2023\/12\/logo-nacional.png\",\"contentUrl\":\"https:\/\/noticiasya.com\/wp-content\/uploads\/sites\/22\/2023\/12\/logo-nacional.png\",\"width\":1801,\"height\":691,\"caption\":\"Noticias\"},\"image\":{\"@id\":\"https:\/\/noticiasya.com\/#\/schema\/logo\/image\/\"}}]}<\/script>\n<!-- \/ Yoast SEO plugin. -->","yoast_head_json":{"title":"\u00bfQu\u00e9 ha cambiado en el panorama de los candidatos dem\u00f3cratas a la presidencia de EE.UU. en 2028? Kamala Harris - Noticias","robots":{"index":"index","follow":"follow","max-snippet":"max-snippet:-1","max-image-preview":"max-image-preview:large","max-video-preview":"max-video-preview:-1"},"canonical":"https:\/\/noticiasya.com\/2026\/05\/01\/analisis-panorama-candidatos-democratas-presidencia-de-ee-uu-trax\/","og_locale":"es_ES","og_type":"article","og_title":"\u00bfQu\u00e9 ha cambiado en el panorama de los candidatos dem\u00f3cratas a la presidencia de EE.UU. en 2028? Kamala Harris - Noticias","og_description":"Todav\u00eda es demasiado pronto para empezar a analizar en profundidad la carrera presidencial de 2028 en EE.UU., pero algunos posibles candidatos ya est\u00e1n dando pasos importantes. Hablo peri\u00f3dicamente con Edward-Isaac Dovere de CNN sobre c\u00f3mo est\u00e1 cambiando la contienda entre los dem\u00f3cratas y qu\u00e9 podemos esperar. A continuaci\u00f3n, presentamos nuestra \u00faltima conversaci\u00f3n, transcrita y editada [&hellip;]","og_url":"https:\/\/noticiasya.com\/2026\/05\/01\/analisis-panorama-candidatos-democratas-presidencia-de-ee-uu-trax\/","og_site_name":"Noticias","article_published_time":"2026-05-01T12:03:50+00:00","twitter_card":"summary_large_image","twitter_misc":{"Est. reading time":"13 minutos"},"schema":{"@context":"https:\/\/schema.org","@graph":[{"@type":"Article","@id":"https:\/\/noticiasya.com\/2026\/05\/01\/analisis-panorama-candidatos-democratas-presidencia-de-ee-uu-trax\/#article","isPartOf":{"@id":"https:\/\/noticiasya.com\/2026\/05\/01\/analisis-panorama-candidatos-democratas-presidencia-de-ee-uu-trax\/"},"author":{"name":"","@id":""},"headline":"\u00bfQu\u00e9 ha cambiado en el panorama de los candidatos dem\u00f3cratas a la presidencia de EE.UU. en 2028? Kamala Harris","datePublished":"2026-05-01T12:03:50+00:00","mainEntityOfPage":{"@id":"https:\/\/noticiasya.com\/2026\/05\/01\/analisis-panorama-candidatos-democratas-presidencia-de-ee-uu-trax\/"},"wordCount":2614,"commentCount":0,"publisher":{"@id":"https:\/\/noticiasya.com\/#organization"},"articleSection":["Noticias Nacionales"],"inLanguage":"es","potentialAction":[{"@type":"CommentAction","name":"Comment","target":["https:\/\/noticiasya.com\/2026\/05\/01\/analisis-panorama-candidatos-democratas-presidencia-de-ee-uu-trax\/#respond"]}]},{"@type":"WebPage","@id":"https:\/\/noticiasya.com\/2026\/05\/01\/analisis-panorama-candidatos-democratas-presidencia-de-ee-uu-trax\/","url":"https:\/\/noticiasya.com\/2026\/05\/01\/analisis-panorama-candidatos-democratas-presidencia-de-ee-uu-trax\/","name":"\u00bfQu\u00e9 ha cambiado en el panorama de los candidatos dem\u00f3cratas a la presidencia de EE.UU. en 2028? Kamala Harris - Noticias","isPartOf":{"@id":"https:\/\/noticiasya.com\/#website"},"datePublished":"2026-05-01T12:03:50+00:00","breadcrumb":{"@id":"https:\/\/noticiasya.com\/2026\/05\/01\/analisis-panorama-candidatos-democratas-presidencia-de-ee-uu-trax\/#breadcrumb"},"inLanguage":"es","potentialAction":[{"@type":"ReadAction","target":["https:\/\/noticiasya.com\/2026\/05\/01\/analisis-panorama-candidatos-democratas-presidencia-de-ee-uu-trax\/"]}]},{"@type":"BreadcrumbList","@id":"https:\/\/noticiasya.com\/2026\/05\/01\/analisis-panorama-candidatos-democratas-presidencia-de-ee-uu-trax\/#breadcrumb","itemListElement":[{"@type":"ListItem","position":1,"name":"Home","item":"https:\/\/noticiasya.com\/"},{"@type":"ListItem","position":2,"name":"\u00bfQu\u00e9 ha cambiado en el panorama de los candidatos dem\u00f3cratas a la presidencia de EE.UU. en 2028? Kamala Harris"}]},{"@type":"WebSite","@id":"https:\/\/noticiasya.com\/#website","url":"https:\/\/noticiasya.com\/","name":"Noticias","description":"Lo que importa","publisher":{"@id":"https:\/\/noticiasya.com\/#organization"},"potentialAction":[{"@type":"SearchAction","target":{"@type":"EntryPoint","urlTemplate":"https:\/\/noticiasya.com\/?s={search_term_string}"},"query-input":{"@type":"PropertyValueSpecification","valueRequired":true,"valueName":"search_term_string"}}],"inLanguage":"es"},{"@type":"Organization","@id":"https:\/\/noticiasya.com\/#organization","name":"Noticias","url":"https:\/\/noticiasya.com\/","logo":{"@type":"ImageObject","inLanguage":"es","@id":"https:\/\/noticiasya.com\/#\/schema\/logo\/image\/","url":"https:\/\/noticiasya.com\/wp-content\/uploads\/sites\/22\/2023\/12\/logo-nacional.png","contentUrl":"https:\/\/noticiasya.com\/wp-content\/uploads\/sites\/22\/2023\/12\/logo-nacional.png","width":1801,"height":691,"caption":"Noticias"},"image":{"@id":"https:\/\/noticiasya.com\/#\/schema\/logo\/image\/"}}]}},"parsely":{"version":"1.1.0","canonical_url":"https:\/\/noticiasya.com\/nacional\/2026\/05\/01\/analisis-panorama-candidatos-democratas-presidencia-de-ee-uu-trax\/","smart_links":{"inbound":0,"outbound":0},"traffic_boost_suggestions_count":0,"meta":{"@context":"https:\/\/schema.org","@type":"NewsArticle","headline":"\u00bfQu\u00e9 ha cambiado en el panorama de los candidatos dem\u00f3cratas a la presidencia de EE.UU. en 2028? Kamala Harris","url":"http:\/\/noticiasya.com\/nacional\/2026\/05\/01\/analisis-panorama-candidatos-democratas-presidencia-de-ee-uu-trax\/","mainEntityOfPage":{"@type":"WebPage","@id":"http:\/\/noticiasya.com\/nacional\/2026\/05\/01\/analisis-panorama-candidatos-democratas-presidencia-de-ee-uu-trax\/"},"thumbnailUrl":"","image":{"@type":"ImageObject","url":""},"articleSection":"Noticias Nacionales","author":[],"creator":[],"publisher":{"@type":"Organization","name":"Noticias","logo":""},"keywords":[],"dateCreated":"2026-05-01T12:03:50Z","datePublished":"2026-05-01T12:03:50Z","dateModified":"2026-05-01T12:03:50Z"},"rendered":"<script type=\"application\/ld+json\" class=\"wp-parsely-metadata\">{\"@context\":\"https:\\\/\\\/schema.org\",\"@type\":\"NewsArticle\",\"headline\":\"\\u00bfQu\\u00e9 ha cambiado en el panorama de los candidatos dem\\u00f3cratas a la presidencia de EE.UU. en 2028? Kamala Harris\",\"url\":\"http:\\\/\\\/noticiasya.com\\\/nacional\\\/2026\\\/05\\\/01\\\/analisis-panorama-candidatos-democratas-presidencia-de-ee-uu-trax\\\/\",\"mainEntityOfPage\":{\"@type\":\"WebPage\",\"@id\":\"http:\\\/\\\/noticiasya.com\\\/nacional\\\/2026\\\/05\\\/01\\\/analisis-panorama-candidatos-democratas-presidencia-de-ee-uu-trax\\\/\"},\"thumbnailUrl\":\"\",\"image\":{\"@type\":\"ImageObject\",\"url\":\"\"},\"articleSection\":\"Noticias Nacionales\",\"author\":[],\"creator\":[],\"publisher\":{\"@type\":\"Organization\",\"name\":\"Noticias\",\"logo\":\"\"},\"keywords\":[],\"dateCreated\":\"2026-05-01T12:03:50Z\",\"datePublished\":\"2026-05-01T12:03:50Z\",\"dateModified\":\"2026-05-01T12:03:50Z\"}<\/script>","tracker_url":"https:\/\/cdn.parsely.com\/keys\/noticiasya.com\/p.js"},"jetpack_featured_media_url":"","jetpack-related-posts":[{"id":1453272,"url":"https:\/\/noticiasya.com\/nacional\/2024\/10\/01\/quien-es-tim-walz-vicepresidente-kamala-perfil-orix\/","url_meta":{"origin":1473706,"position":0},"title":"\u00bfQui\u00e9n es Tim Walz, el aspirante dem\u00f3crata a vicepresidente de Kamala Harris?","author":"","date":"octubre 1, 2024","format":false,"excerpt":"(CNN Espa\u00f1ol) -- El gobernador de Minnesota, Tim Walz, elegido como compa\u00f1ero de f\u00f3rmula de Kamala Harris, pas\u00f3 m\u00e1s de dos d\u00e9cadas en la Guardia Nacional del Ej\u00e9rcito \u2014tuvo un despliegue en el extranjero despu\u00e9s de los ataques del 11 de septiembre\u2014, trabaj\u00f3 como educador y entrenador y derrot\u00f3 sorprendentemente\u2026","rel":"","context":"In &quot;Noticias Nacionales&quot;","block_context":{"text":"Noticias Nacionales","link":"https:\/\/noticiasya.com\/nacional\/categoria\/noticias-nacionales"},"img":{"alt_text":"","src":"","width":0,"height":0},"classes":[]},{"id":1456635,"url":"https:\/\/noticiasya.com\/nacional\/2024\/12\/15\/harris-futuro-candidata-gobernadora-california-trax\/","url_meta":{"origin":1473706,"position":1},"title":"Harris eval\u00faa postularse a gobernadora de California, lo que excluir\u00eda su candidatura presidencial en 2028","author":"","date":"diciembre 15, 2024","format":false,"excerpt":"Los principales asesores y personas cercanas a Kamala Harris est\u00e1n divididos sobre si deber\u00eda regresar a casa para postularse a la gobernaci\u00f3n de California en 2026, y todo se reduce a si creen que podr\u00eda ganar la designaci\u00f3n dem\u00f3crata para presidente en una primaria competitiva esperada en 2028.Algunos creen que\u2026","rel":"","context":"In &quot;Noticias Nacionales&quot;","block_context":{"text":"Noticias Nacionales","link":"https:\/\/noticiasya.com\/nacional\/categoria\/noticias-nacionales"},"img":{"alt_text":"","src":"","width":0,"height":0},"classes":[]},{"id":1452948,"url":"https:\/\/noticiasya.com\/nacional\/2024\/09\/23\/trump-mas-salvaje-carrera-casa-blanca-incierta-trax\/","url_meta":{"origin":1473706,"position":2},"title":"AN\u00c1LISIS | Trump se est\u00e1 volviendo cada vez m\u00e1s salvaje, pero la carrera por la Casa Blanca sigue siendo incierta","author":"","date":"septiembre 23, 2024","format":false,"excerpt":"(CNN) -- Los dem\u00f3cratas apostaron el destino de la Casa Blanca bajo la premisa de que una vez que los votantes recuerden el caos y la divisi\u00f3n de la presidencia de Donald Trump , \u00e9ste sufrir\u00e1 una ca\u00edda que definir\u00e1 sus elecciones.Las semanas de ret\u00f3rica extravagante del expresidente revivieron los\u2026","rel":"","context":"In &quot;Noticias Nacionales&quot;","block_context":{"text":"Noticias Nacionales","link":"https:\/\/noticiasya.com\/nacional\/categoria\/noticias-nacionales"},"img":{"alt_text":"","src":"","width":0,"height":0},"classes":[]},{"id":1451508,"url":"https:\/\/noticiasya.com\/nacional\/2024\/07\/30\/harris-anuncio-eleccion-vicepresidencia-aspirantes-principales-trax\/","url_meta":{"origin":1473706,"position":3},"title":"Harris se acerca al anuncio de su elecci\u00f3n para la vicepresidencia mientras su equipo eval\u00faa a los aspirantes principales","author":"","date":"julio 30, 2024","format":false,"excerpt":"(CNN) --\u00a0Kamala Harris se encuentra en pleno proceso de elecci\u00f3n de su compa\u00f1ero de f\u00f3rmula para la vicepresidencia, y su campa\u00f1a prev\u00e9 un anuncio en los pr\u00f3ximos d\u00edas al que seguir\u00eda inmediatamente una gira conjunta por una serie de estados disputados.Harris, lanzada abruptamente al papel de candidata presidencial hace menos\u2026","rel":"","context":"In &quot;Noticias Nacionales&quot;","block_context":{"text":"Noticias Nacionales","link":"https:\/\/noticiasya.com\/nacional\/categoria\/noticias-nacionales"},"img":{"alt_text":"","src":"","width":0,"height":0},"classes":[]},{"id":1455038,"url":"https:\/\/noticiasya.com\/nacional\/2024\/10\/11\/obama-intenta-cerrar-trato-harris-pensilvania-trax\/","url_meta":{"origin":1473706,"position":4},"title":"AN\u00c1LISIS | Obama, el &#171;hombre de la esperanza y el cambio&#187;, intenta cerrar un trato para Harris","author":"","date":"octubre 11, 2024","format":false,"excerpt":"CNN)-- Hace exactamente 16 a\u00f1os, un Barack Obama de aspecto imposiblemente joven recorr\u00eda Ohio en una gira en autob\u00fas, electrizando a grandes multitudes y \"cerrando el trato\" rotundamente de su aplastante victoria electoral de 2008.Este jueves, en otra noche de octubre, el expresidente de 63 a\u00f1os volv\u00eda al escenario, con\u2026","rel":"","context":"In &quot;Noticias Nacionales&quot;","block_context":{"text":"Noticias Nacionales","link":"https:\/\/noticiasya.com\/nacional\/categoria\/noticias-nacionales"},"img":{"alt_text":"","src":"","width":0,"height":0},"classes":[]},{"id":1451430,"url":"https:\/\/noticiasya.com\/nacional\/2024\/07\/26\/lanzamiento-campana-kamala-harris-cambio-carrera-presidencial-2024-trax\/","url_meta":{"origin":1473706,"position":5},"title":"C\u00f3mo el lanzamiento de campa\u00f1a de Kamala Harris, a una velocidad extrema, ha cambiado la carrera presidencial de 2024","author":"","date":"julio 26, 2024","format":false,"excerpt":"(CNN) -- Los cinco d\u00edas transcurridos desde el lanzamiento a toda velocidad de la campa\u00f1a de la vicepresidenta Kamala Harris han transformado la carrera para 2024 y han dado a los dem\u00f3cratas nuevas esperanzas de evitar una segunda presidencia de Donald Trump.En las redes sociales han surgido memes a favor\u2026","rel":"","context":"In &quot;Noticias Nacionales&quot;","block_context":{"text":"Noticias Nacionales","link":"https:\/\/noticiasya.com\/nacional\/categoria\/noticias-nacionales"},"img":{"alt_text":"","src":"","width":0,"height":0},"classes":[]}],"jetpack_sharing_enabled":true,"_links":{"self":[{"href":"https:\/\/noticiasya.com\/nacional\/wp-json\/wp\/v2\/posts\/1473706","targetHints":{"allow":["GET"]}}],"collection":[{"href":"https:\/\/noticiasya.com\/nacional\/wp-json\/wp\/v2\/posts"}],"about":[{"href":"https:\/\/noticiasya.com\/nacional\/wp-json\/wp\/v2\/types\/post"}],"replies":[{"embeddable":true,"href":"https:\/\/noticiasya.com\/nacional\/wp-json\/wp\/v2\/comments?post=1473706"}],"version-history":[{"count":0,"href":"https:\/\/noticiasya.com\/nacional\/wp-json\/wp\/v2\/posts\/1473706\/revisions"}],"wp:attachment":[{"href":"https:\/\/noticiasya.com\/nacional\/wp-json\/wp\/v2\/media?parent=1473706"}],"wp:term":[{"taxonomy":"category","embeddable":true,"href":"https:\/\/noticiasya.com\/nacional\/wp-json\/wp\/v2\/categories?post=1473706"},{"taxonomy":"post_tag","embeddable":true,"href":"https:\/\/noticiasya.com\/nacional\/wp-json\/wp\/v2\/tags?post=1473706"}],"curies":[{"name":"wp","href":"https:\/\/api.w.org\/{rel}","templated":true}]}}