{"id":1470747,"date":"2026-02-02T02:03:51","date_gmt":"2026-02-02T10:03:51","guid":{"rendered":"https:\/\/noticiasya.com\/2026\/02\/02\/trump-criticas-grammys-epstein-y-groenlandia-trax\/"},"modified":"2026-02-02T02:03:51","modified_gmt":"2026-02-02T10:03:51","slug":"trump-criticas-grammys-epstein-y-groenlandia-trax","status":"publish","type":"post","link":"https:\/\/noticiasya.com\/palm-springs\/2026\/02\/02\/trump-criticas-grammys-epstein-y-groenlandia-trax\/","title":{"rendered":"Donald Trump responde a las cr\u00edticas en los Grammys sobre Epstein y Groenlandia"},"content":{"rendered":"<p>El presidente Donald Trump respondi\u00f3 a las cr\u00edticas del domingo por parte del presentador de los Grammy, Trevor Noah, sobre su amistad con el delincuente sexual convicto y financiero ca\u00eddo en desgracia Jeffrey Epstein.<\/p>\n<p>\u201cNoah dijo, INCORRECTAMENTE sobre m\u00ed, que Donald Trump y Bill Clinton pasaron tiempo en la Isla Epstein. \u00a1\u00a1\u00a1INCORRECTO!!! No puedo hablar por Bill, pero nunca he estado en la Isla Epstein ni en ning\u00fan lugar cercano, y hasta la declaraci\u00f3n falsa y difamatoria de esta noche, nunca me hab\u00edan acusado de estar all\u00ed, ni siquiera por los medios de comunicaci\u00f3n que propagan noticias falsas\u201d, escribi\u00f3 Trump en su Truth Social la madrugada del lunes.<\/p>\n<p>Estos comentarios se producen despu\u00e9s de que el Departamento de Justicia publicara m\u00e1s de 3 millones de p\u00e1ginas de archivos el viernes, incluyendo algunos que contienen referencias a Trump, al expresidente Bill Clinton y a otros.<\/p>\n<p>Trump neg\u00f3 durante mucho tiempo cualquier irregularidad relacionada con Epstein o cualquier acusaci\u00f3n de conducta sexual inapropiada. El a\u00f1o pasado, Trump declar\u00f3 haber rechazado una invitaci\u00f3n de Epstein para visitar su isla, en lo que \u00e9l llam\u00f3 un momento de buen juicio.<\/p>\n<p>\u201cNunca tuve el privilegio de ir a su isla, y la rechac\u00e9. Mucha gente de Palm Beach fue invitada a su isla. En uno de mis mejores momentos, la rechac\u00e9. No quer\u00eda ir a su isla\u201d, declar\u00f3 Trump a la prensa durante un viaje a Escocia el pasado julio.<\/p>\n<p>Clinton tambi\u00e9n ha negado haber visitado la isla de Epstein y haber cometido cualquier delito, como inform\u00f3 CNN.<\/p>\n<p>The-CNN-Wire<br \/>&trade; &amp; &copy; 2026 Cable News Network, Inc., a Warner Bros. Discovery Company. All rights reserved.<\/p>\n","protected":false},"excerpt":{"rendered":"<p>El presidente Donald Trump respondi\u00f3 a las cr\u00edticas del domingo por parte del presentador de los Grammy, Trevor Noah, sobre su amistad con el delincuente sexual convicto y financiero ca\u00eddo en desgracia Jeffrey Epstein. \u201cNoah dijo, INCORRECTAMENTE sobre m\u00ed, que Donald Trump y Bill Clinton pasaron tiempo en la Isla Epstein. \u00a1\u00a1\u00a1INCORRECTO!!! No puedo hablar [&hellip;]<\/p>\n","protected":false},"author":0,"featured_media":0,"comment_status":"open","ping_status":"open","sticky":false,"template":"","format":"standard","meta":{"_jetpack_memberships_contains_paid_content":false,"footnotes":""},"categories":[10],"tags":[],"class_list":["post-1470747","post","type-post","status-publish","format-standard","hentry","category-noticias-nacionales","market-global"],"yoast_head":"<!-- This site is optimized with the Yoast SEO plugin v24.4 - https:\/\/yoast.com\/wordpress\/plugins\/seo\/ -->\n<title>Donald Trump responde a las cr\u00edticas en los Grammys sobre Epstein y Groenlandia - Noticias<\/title>\n<meta name=\"robots\" content=\"index, follow, max-snippet:-1, max-image-preview:large, max-video-preview:-1\" \/>\n<link rel=\"canonical\" href=\"https:\/\/noticiasya.com\/2026\/02\/02\/trump-criticas-grammys-epstein-y-groenlandia-trax\/\" \/>\n<meta property=\"og:locale\" content=\"es_ES\" \/>\n<meta property=\"og:type\" content=\"article\" \/>\n<meta property=\"og:title\" content=\"Donald Trump responde a las cr\u00edticas en los Grammys sobre Epstein y Groenlandia - Noticias\" \/>\n<meta property=\"og:description\" content=\"El presidente Donald Trump respondi\u00f3 a las cr\u00edticas del domingo por parte del presentador de los Grammy, Trevor Noah, sobre su amistad con el delincuente sexual convicto y financiero ca\u00eddo en desgracia Jeffrey Epstein. \u201cNoah dijo, INCORRECTAMENTE sobre m\u00ed, que Donald Trump y Bill Clinton pasaron tiempo en la Isla Epstein. \u00a1\u00a1\u00a1INCORRECTO!!! No puedo hablar [&hellip;]\" \/>\n<meta property=\"og:url\" content=\"https:\/\/noticiasya.com\/2026\/02\/02\/trump-criticas-grammys-epstein-y-groenlandia-trax\/\" \/>\n<meta property=\"og:site_name\" content=\"Noticias\" \/>\n<meta property=\"article:published_time\" content=\"2026-02-02T10:03:51+00:00\" \/>\n<meta name=\"twitter:card\" content=\"summary_large_image\" \/>\n<meta name=\"twitter:label1\" content=\"Est. reading time\" \/>\n\t<meta name=\"twitter:data1\" content=\"1 minuto\" \/>\n<script type=\"application\/ld+json\" class=\"yoast-schema-graph\">{\"@context\":\"https:\/\/schema.org\",\"@graph\":[{\"@type\":\"Article\",\"@id\":\"https:\/\/noticiasya.com\/2026\/02\/02\/trump-criticas-grammys-epstein-y-groenlandia-trax\/#article\",\"isPartOf\":{\"@id\":\"https:\/\/noticiasya.com\/2026\/02\/02\/trump-criticas-grammys-epstein-y-groenlandia-trax\/\"},\"author\":{\"name\":\"\",\"@id\":\"\"},\"headline\":\"Donald Trump responde a las cr\u00edticas en los Grammys sobre Epstein y Groenlandia\",\"datePublished\":\"2026-02-02T10:03:51+00:00\",\"mainEntityOfPage\":{\"@id\":\"https:\/\/noticiasya.com\/2026\/02\/02\/trump-criticas-grammys-epstein-y-groenlandia-trax\/\"},\"wordCount\":296,\"commentCount\":0,\"publisher\":{\"@id\":\"https:\/\/noticiasya.com\/#organization\"},\"articleSection\":[\"Noticias Nacionales\"],\"inLanguage\":\"es\",\"potentialAction\":[{\"@type\":\"CommentAction\",\"name\":\"Comment\",\"target\":[\"https:\/\/noticiasya.com\/2026\/02\/02\/trump-criticas-grammys-epstein-y-groenlandia-trax\/#respond\"]}]},{\"@type\":\"WebPage\",\"@id\":\"https:\/\/noticiasya.com\/2026\/02\/02\/trump-criticas-grammys-epstein-y-groenlandia-trax\/\",\"url\":\"https:\/\/noticiasya.com\/2026\/02\/02\/trump-criticas-grammys-epstein-y-groenlandia-trax\/\",\"name\":\"Donald Trump responde a las cr\u00edticas en los Grammys sobre Epstein y Groenlandia - Noticias\",\"isPartOf\":{\"@id\":\"https:\/\/noticiasya.com\/#website\"},\"datePublished\":\"2026-02-02T10:03:51+00:00\",\"breadcrumb\":{\"@id\":\"https:\/\/noticiasya.com\/2026\/02\/02\/trump-criticas-grammys-epstein-y-groenlandia-trax\/#breadcrumb\"},\"inLanguage\":\"es\",\"potentialAction\":[{\"@type\":\"ReadAction\",\"target\":[\"https:\/\/noticiasya.com\/2026\/02\/02\/trump-criticas-grammys-epstein-y-groenlandia-trax\/\"]}]},{\"@type\":\"BreadcrumbList\",\"@id\":\"https:\/\/noticiasya.com\/2026\/02\/02\/trump-criticas-grammys-epstein-y-groenlandia-trax\/#breadcrumb\",\"itemListElement\":[{\"@type\":\"ListItem\",\"position\":1,\"name\":\"Home\",\"item\":\"https:\/\/noticiasya.com\/\"},{\"@type\":\"ListItem\",\"position\":2,\"name\":\"Donald Trump responde a las cr\u00edticas en los Grammys sobre Epstein y Groenlandia\"}]},{\"@type\":\"WebSite\",\"@id\":\"https:\/\/noticiasya.com\/#website\",\"url\":\"https:\/\/noticiasya.com\/\",\"name\":\"Noticias\",\"description\":\"Lo que importa\",\"publisher\":{\"@id\":\"https:\/\/noticiasya.com\/#organization\"},\"potentialAction\":[{\"@type\":\"SearchAction\",\"target\":{\"@type\":\"EntryPoint\",\"urlTemplate\":\"https:\/\/noticiasya.com\/?s={search_term_string}\"},\"query-input\":{\"@type\":\"PropertyValueSpecification\",\"valueRequired\":true,\"valueName\":\"search_term_string\"}}],\"inLanguage\":\"es\"},{\"@type\":\"Organization\",\"@id\":\"https:\/\/noticiasya.com\/#organization\",\"name\":\"Noticias\",\"url\":\"https:\/\/noticiasya.com\/\",\"logo\":{\"@type\":\"ImageObject\",\"inLanguage\":\"es\",\"@id\":\"https:\/\/noticiasya.com\/#\/schema\/logo\/image\/\",\"url\":\"https:\/\/noticiasya.com\/wp-content\/uploads\/sites\/22\/2023\/12\/logo-nacional.png\",\"contentUrl\":\"https:\/\/noticiasya.com\/wp-content\/uploads\/sites\/22\/2023\/12\/logo-nacional.png\",\"width\":1801,\"height\":691,\"caption\":\"Noticias\"},\"image\":{\"@id\":\"https:\/\/noticiasya.com\/#\/schema\/logo\/image\/\"}}]}<\/script>\n<!-- \/ Yoast SEO plugin. -->","yoast_head_json":{"title":"Donald Trump responde a las cr\u00edticas en los Grammys sobre Epstein y Groenlandia - Noticias","robots":{"index":"index","follow":"follow","max-snippet":"max-snippet:-1","max-image-preview":"max-image-preview:large","max-video-preview":"max-video-preview:-1"},"canonical":"https:\/\/noticiasya.com\/2026\/02\/02\/trump-criticas-grammys-epstein-y-groenlandia-trax\/","og_locale":"es_ES","og_type":"article","og_title":"Donald Trump responde a las cr\u00edticas en los Grammys sobre Epstein y Groenlandia - Noticias","og_description":"El presidente Donald Trump respondi\u00f3 a las cr\u00edticas del domingo por parte del presentador de los Grammy, Trevor Noah, sobre su amistad con el delincuente sexual convicto y financiero ca\u00eddo en desgracia Jeffrey Epstein. \u201cNoah dijo, INCORRECTAMENTE sobre m\u00ed, que Donald Trump y Bill Clinton pasaron tiempo en la Isla Epstein. \u00a1\u00a1\u00a1INCORRECTO!!! No puedo hablar [&hellip;]","og_url":"https:\/\/noticiasya.com\/2026\/02\/02\/trump-criticas-grammys-epstein-y-groenlandia-trax\/","og_site_name":"Noticias","article_published_time":"2026-02-02T10:03:51+00:00","twitter_card":"summary_large_image","twitter_misc":{"Est. reading time":"1 minuto"},"schema":{"@context":"https:\/\/schema.org","@graph":[{"@type":"Article","@id":"https:\/\/noticiasya.com\/2026\/02\/02\/trump-criticas-grammys-epstein-y-groenlandia-trax\/#article","isPartOf":{"@id":"https:\/\/noticiasya.com\/2026\/02\/02\/trump-criticas-grammys-epstein-y-groenlandia-trax\/"},"author":{"name":"","@id":""},"headline":"Donald Trump responde a las cr\u00edticas en los Grammys sobre Epstein y Groenlandia","datePublished":"2026-02-02T10:03:51+00:00","mainEntityOfPage":{"@id":"https:\/\/noticiasya.com\/2026\/02\/02\/trump-criticas-grammys-epstein-y-groenlandia-trax\/"},"wordCount":296,"commentCount":0,"publisher":{"@id":"https:\/\/noticiasya.com\/#organization"},"articleSection":["Noticias Nacionales"],"inLanguage":"es","potentialAction":[{"@type":"CommentAction","name":"Comment","target":["https:\/\/noticiasya.com\/2026\/02\/02\/trump-criticas-grammys-epstein-y-groenlandia-trax\/#respond"]}]},{"@type":"WebPage","@id":"https:\/\/noticiasya.com\/2026\/02\/02\/trump-criticas-grammys-epstein-y-groenlandia-trax\/","url":"https:\/\/noticiasya.com\/2026\/02\/02\/trump-criticas-grammys-epstein-y-groenlandia-trax\/","name":"Donald Trump responde a las cr\u00edticas en los Grammys sobre Epstein y Groenlandia - Noticias","isPartOf":{"@id":"https:\/\/noticiasya.com\/#website"},"datePublished":"2026-02-02T10:03:51+00:00","breadcrumb":{"@id":"https:\/\/noticiasya.com\/2026\/02\/02\/trump-criticas-grammys-epstein-y-groenlandia-trax\/#breadcrumb"},"inLanguage":"es","potentialAction":[{"@type":"ReadAction","target":["https:\/\/noticiasya.com\/2026\/02\/02\/trump-criticas-grammys-epstein-y-groenlandia-trax\/"]}]},{"@type":"BreadcrumbList","@id":"https:\/\/noticiasya.com\/2026\/02\/02\/trump-criticas-grammys-epstein-y-groenlandia-trax\/#breadcrumb","itemListElement":[{"@type":"ListItem","position":1,"name":"Home","item":"https:\/\/noticiasya.com\/"},{"@type":"ListItem","position":2,"name":"Donald Trump responde a las cr\u00edticas en los Grammys sobre Epstein y Groenlandia"}]},{"@type":"WebSite","@id":"https:\/\/noticiasya.com\/#website","url":"https:\/\/noticiasya.com\/","name":"Noticias","description":"Lo que importa","publisher":{"@id":"https:\/\/noticiasya.com\/#organization"},"potentialAction":[{"@type":"SearchAction","target":{"@type":"EntryPoint","urlTemplate":"https:\/\/noticiasya.com\/?s={search_term_string}"},"query-input":{"@type":"PropertyValueSpecification","valueRequired":true,"valueName":"search_term_string"}}],"inLanguage":"es"},{"@type":"Organization","@id":"https:\/\/noticiasya.com\/#organization","name":"Noticias","url":"https:\/\/noticiasya.com\/","logo":{"@type":"ImageObject","inLanguage":"es","@id":"https:\/\/noticiasya.com\/#\/schema\/logo\/image\/","url":"https:\/\/noticiasya.com\/wp-content\/uploads\/sites\/22\/2023\/12\/logo-nacional.png","contentUrl":"https:\/\/noticiasya.com\/wp-content\/uploads\/sites\/22\/2023\/12\/logo-nacional.png","width":1801,"height":691,"caption":"Noticias"},"image":{"@id":"https:\/\/noticiasya.com\/#\/schema\/logo\/image\/"}}]}},"parsely":{"version":"1.1.0","canonical_url":"https:\/\/noticiasya.com\/palm-springs\/2026\/02\/02\/trump-criticas-grammys-epstein-y-groenlandia-trax\/","smart_links":{"inbound":0,"outbound":0},"traffic_boost_suggestions_count":0,"meta":{"@context":"https:\/\/schema.org","@type":"NewsArticle","headline":"Donald Trump responde a las cr\u00edticas en los Grammys sobre Epstein y Groenlandia","url":"http:\/\/noticiasya.com\/palm-springs\/2026\/02\/02\/trump-criticas-grammys-epstein-y-groenlandia-trax\/","mainEntityOfPage":{"@type":"WebPage","@id":"http:\/\/noticiasya.com\/palm-springs\/2026\/02\/02\/trump-criticas-grammys-epstein-y-groenlandia-trax\/"},"thumbnailUrl":"","image":{"@type":"ImageObject","url":""},"articleSection":"Noticias Nacionales","author":[],"creator":[],"publisher":{"@type":"Organization","name":"Noticias","logo":""},"keywords":[],"dateCreated":"2026-02-02T10:03:51Z","datePublished":"2026-02-02T10:03:51Z","dateModified":"2026-02-02T10:03:51Z"},"rendered":"<script type=\"application\/ld+json\" class=\"wp-parsely-metadata\">{\"@context\":\"https:\\\/\\\/schema.org\",\"@type\":\"NewsArticle\",\"headline\":\"Donald Trump responde a las cr\\u00edticas en los Grammys sobre Epstein y Groenlandia\",\"url\":\"http:\\\/\\\/noticiasya.com\\\/palm-springs\\\/2026\\\/02\\\/02\\\/trump-criticas-grammys-epstein-y-groenlandia-trax\\\/\",\"mainEntityOfPage\":{\"@type\":\"WebPage\",\"@id\":\"http:\\\/\\\/noticiasya.com\\\/palm-springs\\\/2026\\\/02\\\/02\\\/trump-criticas-grammys-epstein-y-groenlandia-trax\\\/\"},\"thumbnailUrl\":\"\",\"image\":{\"@type\":\"ImageObject\",\"url\":\"\"},\"articleSection\":\"Noticias Nacionales\",\"author\":[],\"creator\":[],\"publisher\":{\"@type\":\"Organization\",\"name\":\"Noticias\",\"logo\":\"\"},\"keywords\":[],\"dateCreated\":\"2026-02-02T10:03:51Z\",\"datePublished\":\"2026-02-02T10:03:51Z\",\"dateModified\":\"2026-02-02T10:03:51Z\"}<\/script>","tracker_url":"https:\/\/cdn.parsely.com\/keys\/noticiasya.com\/p.js"},"jetpack_featured_media_url":"","jetpack-related-posts":[{"id":1443507,"url":"https:\/\/noticiasya.com\/palm-springs\/2024\/01\/11\/que-revelaron-y-que-no-los-documentos-sobre-jeffrey-epstein\/","url_meta":{"origin":1470747,"position":0},"title":"\u00bfQu\u00e9 revelaron (y qu\u00e9 no) los documentos sobre Jeffrey Epstein?","author":"","date":"enero 11, 2024","format":false,"excerpt":"(CNN) -- Durante los \u00faltimos d\u00edas, cientos de documentos de una demanda relacionada con Jeffrey Epstein se hicieron p\u00fablicos por primera vez. El conjunto m\u00e1s reciente de esos documentos se revel\u00f3 este martes.El alcance total de la supuesta actividad criminal de Jeffrey Epstein sigue envuelto en un velo de misterio\u2026","rel":"","context":"In &quot;Noticias Nacionales&quot;","block_context":{"text":"Noticias Nacionales","link":"https:\/\/noticiasya.com\/palm-springs\/categoria\/noticias-nacionales"},"img":{"alt_text":"","src":"","width":0,"height":0},"classes":[]},{"id":1447398,"url":"https:\/\/noticiasya.com\/palm-springs\/2024\/03\/26\/lo-que-aprendimos-y-lo-que-no-documentos-revelados-jeffrey-epstein-trax\/","url_meta":{"origin":1470747,"position":1},"title":"\u00bfQu\u00e9 revelaron (y qu\u00e9 no) los documentos sobre Jeffrey Epstein?","author":"","date":"marzo 26, 2024","format":false,"excerpt":"(CNN) -- Durante los \u00faltimos d\u00edas, cientos de documentos de una demanda relacionada con Jeffrey Epstein se hicieron p\u00fablicos por primera vez. El conjunto m\u00e1s reciente de esos documentos se revel\u00f3 este martes.El alcance total de la supuesta actividad criminal de Jeffrey Epstein sigue envuelto en un velo de misterio\u2026","rel":"","context":"In &quot;Noticias Nacionales&quot;","block_context":{"text":"Noticias Nacionales","link":"https:\/\/noticiasya.com\/palm-springs\/categoria\/noticias-nacionales"},"img":{"alt_text":"","src":"","width":0,"height":0},"classes":[]},{"id":1464932,"url":"https:\/\/noticiasya.com\/palm-springs\/2025\/07\/28\/trump-epstein-relacion-escandalo-escocia-trax\/","url_meta":{"origin":1470747,"position":2},"title":"Un Trump frustrado da m\u00e1s detalles sobre su relaci\u00f3n con Epstein, mientras el esc\u00e1ndalo lo sigue al extranjero","author":"","date":"julio 28, 2025","format":false,"excerpt":"Hostigado por preguntas sobre el esc\u00e1ndalo de Jeffrey Epstein incluso desde Escocia, el presidente Donald Trump volvi\u00f3 a intentar distanciarse del delincuente sexual y ofreci\u00f3 una de sus explicaciones personales m\u00e1s detalladas hasta la fecha sobre su antigua relaci\u00f3n con el desacreditado financiero.Mientras estaba sentado junto a un primer ministro\u2026","rel":"","context":"In &quot;Noticias Nacionales&quot;","block_context":{"text":"Noticias Nacionales","link":"https:\/\/noticiasya.com\/palm-springs\/categoria\/noticias-nacionales"},"img":{"alt_text":"","src":"","width":0,"height":0},"classes":[]},{"id":1464472,"url":"https:\/\/noticiasya.com\/palm-springs\/2025\/07\/12\/trump-defiende-bondi-criticas-maga-epstein-trax\/","url_meta":{"origin":1470747,"position":3},"title":"Trump defiende a Bondi ante las cr\u00edticas de MAGA por su manejo de la investigaci\u00f3n de Epstein","author":"","date":"julio 12, 2025","format":false,"excerpt":"El presidente de EE.UU., Donald Trump, ofreci\u00f3 una defensa contundente de la secretaria de Justicia, Pam Bondi, este s\u00e1bado, en medio de las cr\u00edticas de algunos de sus partidarios por la publicaci\u00f3n de un memorando sobre el acusado de tr\u00e1fico sexual Jeffrey Epstein, escribiendo en Truth Social que Bondi est\u00e1\u2026","rel":"","context":"In &quot;Noticias Nacionales&quot;","block_context":{"text":"Noticias Nacionales","link":"https:\/\/noticiasya.com\/palm-springs\/categoria\/noticias-nacionales"},"img":{"alt_text":"","src":"","width":0,"height":0},"classes":[]},{"id":1465775,"url":"https:\/\/noticiasya.com\/palm-springs\/2025\/08\/22\/conclusiones-entrevista-ghislaine-maxwell-departamento-justicia-trax\/","url_meta":{"origin":1470747,"position":4},"title":"Conclusiones de la entrevista entre Ghislaine Maxwell y el Departamento de Justicia","author":"","date":"agosto 22, 2025","format":false,"excerpt":"El Departamento de Justicia public\u00f3 este viernes las esperadas transcripciones de una entrevista realizada semanas atr\u00e1s con Ghislaine Maxwell, colaboradora convicta de Jeffrey Epstein.La entrevista a Maxwell fue una de las dos medidas que la Casa Blanca tom\u00f3 para intentar calmar la indignaci\u00f3n por su manejo de los archivos de\u2026","rel":"","context":"In &quot;Noticias Nacionales&quot;","block_context":{"text":"Noticias Nacionales","link":"https:\/\/noticiasya.com\/palm-springs\/categoria\/noticias-nacionales"},"img":{"alt_text":"","src":"","width":0,"height":0},"classes":[]},{"id":1473005,"url":"https:\/\/noticiasya.com\/palm-springs\/2026\/04\/09\/melania-trump-epstein-congreso-audiencia-victimas-trax\/","url_meta":{"origin":1470747,"position":5},"title":"Melania Trump arremete contra &#171;mentiras&#187; que la vinculan con Epstein y pide al Congreso una audiencia para las v\u00edctimas","author":"","date":"abril 9, 2026","format":false,"excerpt":"Melania Trump arremeti\u00f3 contra \u201cmentiras que me vinculan con el despreciable Jeffrey Epstein\u201d en unas declaraciones extraordinarias y poco frecuentes desde la Casa Blanca este jueves, en un intento por distanciarse del delincuente sexual condenado. Al mismo tiempo, pidi\u00f3 al Congreso que realice audiencias p\u00fablicas para que sus v\u00edctimas puedan\u2026","rel":"","context":"In &quot;Noticias Nacionales&quot;","block_context":{"text":"Noticias Nacionales","link":"https:\/\/noticiasya.com\/palm-springs\/categoria\/noticias-nacionales"},"img":{"alt_text":"","src":"","width":0,"height":0},"classes":[]}],"jetpack_sharing_enabled":true,"_links":{"self":[{"href":"https:\/\/noticiasya.com\/palm-springs\/wp-json\/wp\/v2\/posts\/1470747","targetHints":{"allow":["GET"]}}],"collection":[{"href":"https:\/\/noticiasya.com\/palm-springs\/wp-json\/wp\/v2\/posts"}],"about":[{"href":"https:\/\/noticiasya.com\/palm-springs\/wp-json\/wp\/v2\/types\/post"}],"replies":[{"embeddable":true,"href":"https:\/\/noticiasya.com\/palm-springs\/wp-json\/wp\/v2\/comments?post=1470747"}],"version-history":[{"count":0,"href":"https:\/\/noticiasya.com\/palm-springs\/wp-json\/wp\/v2\/posts\/1470747\/revisions"}],"wp:attachment":[{"href":"https:\/\/noticiasya.com\/palm-springs\/wp-json\/wp\/v2\/media?parent=1470747"}],"wp:term":[{"taxonomy":"category","embeddable":true,"href":"https:\/\/noticiasya.com\/palm-springs\/wp-json\/wp\/v2\/categories?post=1470747"},{"taxonomy":"post_tag","embeddable":true,"href":"https:\/\/noticiasya.com\/palm-springs\/wp-json\/wp\/v2\/tags?post=1470747"}],"curies":[{"name":"wp","href":"https:\/\/api.w.org\/{rel}","templated":true}]}}