{"id":1471843,"date":"2026-03-03T18:03:49","date_gmt":"2026-03-04T02:03:49","guid":{"rendered":"https:\/\/noticiasya.com\/2026\/03\/03\/howard-lutnick-acepta-declarar-voluntariamente-epstein-trax\/"},"modified":"2026-03-03T18:03:49","modified_gmt":"2026-03-04T02:03:49","slug":"howard-lutnick-acepta-declarar-voluntariamente-epstein-trax","status":"publish","type":"post","link":"https:\/\/noticiasya.com\/phoenix\/2026\/03\/03\/howard-lutnick-acepta-declarar-voluntariamente-epstein-trax\/","title":{"rendered":"El secretario de Comercio de Trump, Howard Lutnick, acepta declarar voluntariamente sobre su relaci\u00f3n con Jeffrey Epstein"},"content":{"rendered":"<p>El secretario de Comercio, Howard Lutnick, acept\u00f3 presentarse de manera voluntaria ante la Comisi\u00f3n de Supervisi\u00f3n de la C\u00e1mara de Representantes para hablar sobre su relaci\u00f3n con <a href=\"https:\/\/cnnespanol.cnn.com\/2026\/02\/11\/eeuu\/tachaduras-archivos-epstein-analisis-trax\">Jeffrey Epstein<\/a>, lo que genera un enfrentamiento entre los republicanos del Congreso y el Gobierno de Trump, que ha intentado minimizar los v\u00ednculos de Lutnick con el fallecido delincuente sexual condenado.<\/p>\n<p>\u201cEl secretario Lutnick ha aceptado proactivamente comparecer de manera voluntaria\u201d, dijo el presidente de la Comisi\u00f3n de Supervisi\u00f3n, James Comer, en un comunicado. \u201cElogio su compromiso demostrado con la transparencia y agradezco su disposici\u00f3n a colaborar con la Comisi\u00f3n. Espero su testimonio\u201d.<\/p>\n<p>A\u00fan no se ha fijado una fecha para la comparecencia de Lutnick, pero se espera que sea anunciada pronto, dijo a CNN una fuente familiarizada con el proceso .<\/p>\n<p>Si la comisi\u00f3n, liderada por los republicanos, no hubiera actuado, la representante republicana Nancy Mace planeaba forzar unilateralmente un voto para emitir una citaci\u00f3n a Lutnick durante la audiencia del panel el mi\u00e9rcoles, indic\u00f3 a CNN una fuente cercana al proceso, lo que sugiere que hab\u00eda inter\u00e9s bipartidista en que Lutnick testificara sobre sus interacciones con Epstein.<\/p>\n<p>Aunque Lutnick ha afirmado haber cortado v\u00ednculos con Epstein en 2005, el Departamento de Justicia recientemente public\u00f3 documentos que sugieren lo contrario.<\/p>\n<p>Como CNN<a href=\"https:\/\/cnnespanol.cnn.com\/2026\/02\/03\/eeuu\/famosos-archivos-epstein-musk-gates-allen-trax\"> ha informado<\/a>, Lutnick intent\u00f3 invitar a Epstein a un evento de recaudaci\u00f3n de fondos pol\u00edtico para Hillary Clinton en 2015. Tambi\u00e9n busc\u00f3 las coordenadas para que su capit\u00e1n de barco se encontrara con Epstein en 2012, presumiblemente en su isla del Caribe.<\/p>\n<p>Lutnick <a href=\"https:\/\/www.youtube.com\/watch?v=x8_s4Z2TQAE&#038;list=PLHY8kGYAi5RLEf4OwozbCSlyF3wJoqcOB\">dijo en una entrevista el a\u00f1o pasado<\/a> que, tras un encuentro en 2005 en la casa de Epstein, se sinti\u00f3 inc\u00f3modo y prometi\u00f3 que \u201cnunca volver\u00e9 a estar en la misma habitaci\u00f3n con esa persona repugnante\u201d. Sin embargo, <a href=\"https:\/\/cnnespanol.cnn.com\/2025\/12\/21\/eeuu\/que-contienen-archivos-epstein-publicados-trax\">los documentos revelan<\/a> que Lutnick intent\u00f3 reunirse o comunicarse con Epstein varias veces desde 2005, incluso despu\u00e9s de que Epstein se declarara culpable en 2008 por la procuraci\u00f3n de una menor para prostituci\u00f3n.<\/p>\n<p>CNN ha contactado a la Casa Blanca para obtener comentarios sobre la comparecencia prevista.<\/p>\n<p>En enero, se pregunt\u00f3 a Donald Trump sobre Lutnick y el director ejecutivo de Tesla, Elon Musk, tras la \u00faltima filtraci\u00f3n de documentos relacionados con Epstein. \u201cEstoy seguro de que est\u00e1n bien. De lo contrario, habr\u00eda sido un titular importante\u201d, dijo el presidente en ese momento.<\/p>\n<p>Un portavoz del Departamento de Comercio declar\u00f3 a CNN el mes pasado que \u201cel secretario Lutnick tuvo interacciones limitadas con el se\u00f1or Epstein en presencia de su esposa y nunca ha sido acusado de conducta indebida\u201d.<\/p>\n<p>The-CNN-Wire<br \/>&trade; &amp; &copy; 2026 Cable News Network, Inc., a Warner Bros. Discovery Company. All rights reserved.<\/p>\n","protected":false},"excerpt":{"rendered":"<p>El secretario de Comercio, Howard Lutnick, acept\u00f3 presentarse de manera voluntaria ante la Comisi\u00f3n de Supervisi\u00f3n de la C\u00e1mara de Representantes para hablar sobre su relaci\u00f3n con Jeffrey Epstein, lo que genera un enfrentamiento entre los republicanos del Congreso y el Gobierno de Trump, que ha intentado minimizar los v\u00ednculos de Lutnick con el fallecido [&hellip;]<\/p>\n","protected":false},"author":0,"featured_media":0,"comment_status":"open","ping_status":"open","sticky":false,"template":"","format":"standard","meta":{"_jetpack_memberships_contains_paid_content":false,"footnotes":""},"categories":[10],"tags":[],"class_list":["post-1471843","post","type-post","status-publish","format-standard","hentry","category-noticias-nacionales","market-global"],"yoast_head":"<!-- This site is optimized with the Yoast SEO plugin v24.4 - https:\/\/yoast.com\/wordpress\/plugins\/seo\/ -->\n<title>El secretario de Comercio de Trump, Howard Lutnick, acepta declarar voluntariamente sobre su relaci\u00f3n con Jeffrey Epstein - Noticias<\/title>\n<meta name=\"robots\" content=\"index, follow, max-snippet:-1, max-image-preview:large, max-video-preview:-1\" \/>\n<link rel=\"canonical\" href=\"https:\/\/noticiasya.com\/2026\/03\/03\/howard-lutnick-acepta-declarar-voluntariamente-epstein-trax\/\" \/>\n<meta property=\"og:locale\" content=\"es_ES\" \/>\n<meta property=\"og:type\" content=\"article\" \/>\n<meta property=\"og:title\" content=\"El secretario de Comercio de Trump, Howard Lutnick, acepta declarar voluntariamente sobre su relaci\u00f3n con Jeffrey Epstein - Noticias\" \/>\n<meta property=\"og:description\" content=\"El secretario de Comercio, Howard Lutnick, acept\u00f3 presentarse de manera voluntaria ante la Comisi\u00f3n de Supervisi\u00f3n de la C\u00e1mara de Representantes para hablar sobre su relaci\u00f3n con Jeffrey Epstein, lo que genera un enfrentamiento entre los republicanos del Congreso y el Gobierno de Trump, que ha intentado minimizar los v\u00ednculos de Lutnick con el fallecido [&hellip;]\" \/>\n<meta property=\"og:url\" content=\"https:\/\/noticiasya.com\/2026\/03\/03\/howard-lutnick-acepta-declarar-voluntariamente-epstein-trax\/\" \/>\n<meta property=\"og:site_name\" content=\"Noticias\" \/>\n<meta property=\"article:published_time\" content=\"2026-03-04T02:03:49+00:00\" \/>\n<meta name=\"twitter:card\" content=\"summary_large_image\" \/>\n<meta name=\"twitter:label1\" content=\"Est. reading time\" \/>\n\t<meta name=\"twitter:data1\" content=\"2 minutos\" \/>\n<script type=\"application\/ld+json\" class=\"yoast-schema-graph\">{\"@context\":\"https:\/\/schema.org\",\"@graph\":[{\"@type\":\"Article\",\"@id\":\"https:\/\/noticiasya.com\/2026\/03\/03\/howard-lutnick-acepta-declarar-voluntariamente-epstein-trax\/#article\",\"isPartOf\":{\"@id\":\"https:\/\/noticiasya.com\/2026\/03\/03\/howard-lutnick-acepta-declarar-voluntariamente-epstein-trax\/\"},\"author\":{\"name\":\"\",\"@id\":\"\"},\"headline\":\"El secretario de Comercio de Trump, Howard Lutnick, acepta declarar voluntariamente sobre su relaci\u00f3n con Jeffrey Epstein\",\"datePublished\":\"2026-03-04T02:03:49+00:00\",\"mainEntityOfPage\":{\"@id\":\"https:\/\/noticiasya.com\/2026\/03\/03\/howard-lutnick-acepta-declarar-voluntariamente-epstein-trax\/\"},\"wordCount\":477,\"commentCount\":0,\"publisher\":{\"@id\":\"https:\/\/noticiasya.com\/#organization\"},\"articleSection\":[\"Noticias Nacionales\"],\"inLanguage\":\"es\",\"potentialAction\":[{\"@type\":\"CommentAction\",\"name\":\"Comment\",\"target\":[\"https:\/\/noticiasya.com\/2026\/03\/03\/howard-lutnick-acepta-declarar-voluntariamente-epstein-trax\/#respond\"]}]},{\"@type\":\"WebPage\",\"@id\":\"https:\/\/noticiasya.com\/2026\/03\/03\/howard-lutnick-acepta-declarar-voluntariamente-epstein-trax\/\",\"url\":\"https:\/\/noticiasya.com\/2026\/03\/03\/howard-lutnick-acepta-declarar-voluntariamente-epstein-trax\/\",\"name\":\"El secretario de Comercio de Trump, Howard Lutnick, acepta declarar voluntariamente sobre su relaci\u00f3n con Jeffrey Epstein - Noticias\",\"isPartOf\":{\"@id\":\"https:\/\/noticiasya.com\/#website\"},\"datePublished\":\"2026-03-04T02:03:49+00:00\",\"breadcrumb\":{\"@id\":\"https:\/\/noticiasya.com\/2026\/03\/03\/howard-lutnick-acepta-declarar-voluntariamente-epstein-trax\/#breadcrumb\"},\"inLanguage\":\"es\",\"potentialAction\":[{\"@type\":\"ReadAction\",\"target\":[\"https:\/\/noticiasya.com\/2026\/03\/03\/howard-lutnick-acepta-declarar-voluntariamente-epstein-trax\/\"]}]},{\"@type\":\"BreadcrumbList\",\"@id\":\"https:\/\/noticiasya.com\/2026\/03\/03\/howard-lutnick-acepta-declarar-voluntariamente-epstein-trax\/#breadcrumb\",\"itemListElement\":[{\"@type\":\"ListItem\",\"position\":1,\"name\":\"Home\",\"item\":\"https:\/\/noticiasya.com\/\"},{\"@type\":\"ListItem\",\"position\":2,\"name\":\"El secretario de Comercio de Trump, Howard Lutnick, acepta declarar voluntariamente sobre su relaci\u00f3n con Jeffrey Epstein\"}]},{\"@type\":\"WebSite\",\"@id\":\"https:\/\/noticiasya.com\/#website\",\"url\":\"https:\/\/noticiasya.com\/\",\"name\":\"Noticias\",\"description\":\"Lo que importa\",\"publisher\":{\"@id\":\"https:\/\/noticiasya.com\/#organization\"},\"potentialAction\":[{\"@type\":\"SearchAction\",\"target\":{\"@type\":\"EntryPoint\",\"urlTemplate\":\"https:\/\/noticiasya.com\/?s={search_term_string}\"},\"query-input\":{\"@type\":\"PropertyValueSpecification\",\"valueRequired\":true,\"valueName\":\"search_term_string\"}}],\"inLanguage\":\"es\"},{\"@type\":\"Organization\",\"@id\":\"https:\/\/noticiasya.com\/#organization\",\"name\":\"Noticias\",\"url\":\"https:\/\/noticiasya.com\/\",\"logo\":{\"@type\":\"ImageObject\",\"inLanguage\":\"es\",\"@id\":\"https:\/\/noticiasya.com\/#\/schema\/logo\/image\/\",\"url\":\"https:\/\/noticiasya.com\/wp-content\/uploads\/sites\/22\/2023\/12\/logo-nacional.png\",\"contentUrl\":\"https:\/\/noticiasya.com\/wp-content\/uploads\/sites\/22\/2023\/12\/logo-nacional.png\",\"width\":1801,\"height\":691,\"caption\":\"Noticias\"},\"image\":{\"@id\":\"https:\/\/noticiasya.com\/#\/schema\/logo\/image\/\"}}]}<\/script>\n<!-- \/ Yoast SEO plugin. -->","yoast_head_json":{"title":"El secretario de Comercio de Trump, Howard Lutnick, acepta declarar voluntariamente sobre su relaci\u00f3n con Jeffrey Epstein - Noticias","robots":{"index":"index","follow":"follow","max-snippet":"max-snippet:-1","max-image-preview":"max-image-preview:large","max-video-preview":"max-video-preview:-1"},"canonical":"https:\/\/noticiasya.com\/2026\/03\/03\/howard-lutnick-acepta-declarar-voluntariamente-epstein-trax\/","og_locale":"es_ES","og_type":"article","og_title":"El secretario de Comercio de Trump, Howard Lutnick, acepta declarar voluntariamente sobre su relaci\u00f3n con Jeffrey Epstein - Noticias","og_description":"El secretario de Comercio, Howard Lutnick, acept\u00f3 presentarse de manera voluntaria ante la Comisi\u00f3n de Supervisi\u00f3n de la C\u00e1mara de Representantes para hablar sobre su relaci\u00f3n con Jeffrey Epstein, lo que genera un enfrentamiento entre los republicanos del Congreso y el Gobierno de Trump, que ha intentado minimizar los v\u00ednculos de Lutnick con el fallecido [&hellip;]","og_url":"https:\/\/noticiasya.com\/2026\/03\/03\/howard-lutnick-acepta-declarar-voluntariamente-epstein-trax\/","og_site_name":"Noticias","article_published_time":"2026-03-04T02:03:49+00:00","twitter_card":"summary_large_image","twitter_misc":{"Est. reading time":"2 minutos"},"schema":{"@context":"https:\/\/schema.org","@graph":[{"@type":"Article","@id":"https:\/\/noticiasya.com\/2026\/03\/03\/howard-lutnick-acepta-declarar-voluntariamente-epstein-trax\/#article","isPartOf":{"@id":"https:\/\/noticiasya.com\/2026\/03\/03\/howard-lutnick-acepta-declarar-voluntariamente-epstein-trax\/"},"author":{"name":"","@id":""},"headline":"El secretario de Comercio de Trump, Howard Lutnick, acepta declarar voluntariamente sobre su relaci\u00f3n con Jeffrey Epstein","datePublished":"2026-03-04T02:03:49+00:00","mainEntityOfPage":{"@id":"https:\/\/noticiasya.com\/2026\/03\/03\/howard-lutnick-acepta-declarar-voluntariamente-epstein-trax\/"},"wordCount":477,"commentCount":0,"publisher":{"@id":"https:\/\/noticiasya.com\/#organization"},"articleSection":["Noticias Nacionales"],"inLanguage":"es","potentialAction":[{"@type":"CommentAction","name":"Comment","target":["https:\/\/noticiasya.com\/2026\/03\/03\/howard-lutnick-acepta-declarar-voluntariamente-epstein-trax\/#respond"]}]},{"@type":"WebPage","@id":"https:\/\/noticiasya.com\/2026\/03\/03\/howard-lutnick-acepta-declarar-voluntariamente-epstein-trax\/","url":"https:\/\/noticiasya.com\/2026\/03\/03\/howard-lutnick-acepta-declarar-voluntariamente-epstein-trax\/","name":"El secretario de Comercio de Trump, Howard Lutnick, acepta declarar voluntariamente sobre su relaci\u00f3n con Jeffrey Epstein - Noticias","isPartOf":{"@id":"https:\/\/noticiasya.com\/#website"},"datePublished":"2026-03-04T02:03:49+00:00","breadcrumb":{"@id":"https:\/\/noticiasya.com\/2026\/03\/03\/howard-lutnick-acepta-declarar-voluntariamente-epstein-trax\/#breadcrumb"},"inLanguage":"es","potentialAction":[{"@type":"ReadAction","target":["https:\/\/noticiasya.com\/2026\/03\/03\/howard-lutnick-acepta-declarar-voluntariamente-epstein-trax\/"]}]},{"@type":"BreadcrumbList","@id":"https:\/\/noticiasya.com\/2026\/03\/03\/howard-lutnick-acepta-declarar-voluntariamente-epstein-trax\/#breadcrumb","itemListElement":[{"@type":"ListItem","position":1,"name":"Home","item":"https:\/\/noticiasya.com\/"},{"@type":"ListItem","position":2,"name":"El secretario de Comercio de Trump, Howard Lutnick, acepta declarar voluntariamente sobre su relaci\u00f3n con Jeffrey Epstein"}]},{"@type":"WebSite","@id":"https:\/\/noticiasya.com\/#website","url":"https:\/\/noticiasya.com\/","name":"Noticias","description":"Lo que importa","publisher":{"@id":"https:\/\/noticiasya.com\/#organization"},"potentialAction":[{"@type":"SearchAction","target":{"@type":"EntryPoint","urlTemplate":"https:\/\/noticiasya.com\/?s={search_term_string}"},"query-input":{"@type":"PropertyValueSpecification","valueRequired":true,"valueName":"search_term_string"}}],"inLanguage":"es"},{"@type":"Organization","@id":"https:\/\/noticiasya.com\/#organization","name":"Noticias","url":"https:\/\/noticiasya.com\/","logo":{"@type":"ImageObject","inLanguage":"es","@id":"https:\/\/noticiasya.com\/#\/schema\/logo\/image\/","url":"https:\/\/noticiasya.com\/wp-content\/uploads\/sites\/22\/2023\/12\/logo-nacional.png","contentUrl":"https:\/\/noticiasya.com\/wp-content\/uploads\/sites\/22\/2023\/12\/logo-nacional.png","width":1801,"height":691,"caption":"Noticias"},"image":{"@id":"https:\/\/noticiasya.com\/#\/schema\/logo\/image\/"}}]}},"parsely":{"version":"1.1.0","canonical_url":"https:\/\/noticiasya.com\/phoenix\/2026\/03\/03\/howard-lutnick-acepta-declarar-voluntariamente-epstein-trax\/","smart_links":{"inbound":0,"outbound":0},"traffic_boost_suggestions_count":0,"meta":{"@context":"https:\/\/schema.org","@type":"NewsArticle","headline":"El secretario de Comercio de Trump, Howard Lutnick, acepta declarar voluntariamente sobre su relaci\u00f3n con Jeffrey Epstein","url":"http:\/\/noticiasya.com\/phoenix\/2026\/03\/03\/howard-lutnick-acepta-declarar-voluntariamente-epstein-trax\/","mainEntityOfPage":{"@type":"WebPage","@id":"http:\/\/noticiasya.com\/phoenix\/2026\/03\/03\/howard-lutnick-acepta-declarar-voluntariamente-epstein-trax\/"},"thumbnailUrl":"","image":{"@type":"ImageObject","url":""},"articleSection":"Noticias Nacionales","author":[],"creator":[],"publisher":{"@type":"Organization","name":"Noticias","logo":""},"keywords":[],"dateCreated":"2026-03-04T02:03:49Z","datePublished":"2026-03-04T02:03:49Z","dateModified":"2026-03-04T02:03:49Z"},"rendered":"<script type=\"application\/ld+json\" class=\"wp-parsely-metadata\">{\"@context\":\"https:\\\/\\\/schema.org\",\"@type\":\"NewsArticle\",\"headline\":\"El secretario de Comercio de Trump, Howard Lutnick, acepta declarar voluntariamente sobre su relaci\\u00f3n con Jeffrey Epstein\",\"url\":\"http:\\\/\\\/noticiasya.com\\\/phoenix\\\/2026\\\/03\\\/03\\\/howard-lutnick-acepta-declarar-voluntariamente-epstein-trax\\\/\",\"mainEntityOfPage\":{\"@type\":\"WebPage\",\"@id\":\"http:\\\/\\\/noticiasya.com\\\/phoenix\\\/2026\\\/03\\\/03\\\/howard-lutnick-acepta-declarar-voluntariamente-epstein-trax\\\/\"},\"thumbnailUrl\":\"\",\"image\":{\"@type\":\"ImageObject\",\"url\":\"\"},\"articleSection\":\"Noticias Nacionales\",\"author\":[],\"creator\":[],\"publisher\":{\"@type\":\"Organization\",\"name\":\"Noticias\",\"logo\":\"\"},\"keywords\":[],\"dateCreated\":\"2026-03-04T02:03:49Z\",\"datePublished\":\"2026-03-04T02:03:49Z\",\"dateModified\":\"2026-03-04T02:03:49Z\"}<\/script>","tracker_url":"https:\/\/cdn.parsely.com\/keys\/noticiasya.com\/p.js"},"jetpack_featured_media_url":"","jetpack-related-posts":[{"id":1471737,"url":"https:\/\/noticiasya.com\/phoenix\/2026\/02\/27\/foto-lutnick-isla-epstein-testifique-trax\/","url_meta":{"origin":1471843,"position":0},"title":"La aparici\u00f3n de una foto en la isla de Epstein genera nuevos llamados para que Lutnick testifique","author":"","date":"febrero 27, 2026","format":false,"excerpt":"Miembros del Congreso est\u00e1n planteando preguntas despu\u00e9s de que una fotograf\u00eda que, seg\u00fan dicen, muestra al secretario de Comercio, Howard Lutnick, junto a Jeffrey Epstein en la isla privada del difunto delincuente sexual convicto fuera retirada brevemente del sitio web del Departamento de Justicia (DOJ, por sus siglas en ingl\u00e9s).La\u2026","rel":"","context":"In &quot;Noticias Nacionales&quot;","block_context":{"text":"Noticias Nacionales","link":"https:\/\/noticiasya.com\/phoenix\/categoria\/noticias-nacionales"},"img":{"alt_text":"","src":"","width":0,"height":0},"classes":[]},{"id":1471885,"url":"https:\/\/noticiasya.com\/phoenix\/2026\/03\/04\/congreso-cita-pam-bondi-investigacion-epstein-trax\/","url_meta":{"origin":1471843,"position":1},"title":"El Congreso cita a la secretaria de Justicia Pam Bondi por la investigaci\u00f3n sobre Epstein","author":"","date":"marzo 4, 2026","format":false,"excerpt":"La Comisi\u00f3n de Supervisi\u00f3n de la C\u00e1mara de Representantes, liderada por los republicanos, vot\u00f3 para citar a la secretaria de Justicia de Estados Unidos, Pam Bondi, para que declare sobre su papel en la divulgaci\u00f3n de los archivos de Jeffrey Epstein como parte de la investigaci\u00f3n de la comisi\u00f3n sobre\u2026","rel":"","context":"In &quot;Noticias Nacionales&quot;","block_context":{"text":"Noticias Nacionales","link":"https:\/\/noticiasya.com\/phoenix\/categoria\/noticias-nacionales"},"img":{"alt_text":"","src":"","width":0,"height":0},"classes":[]},{"id":1471056,"url":"https:\/\/noticiasya.com\/phoenix\/2026\/02\/10\/analisis-democratas-involucran-guerra-clases-epstein-trax\/","url_meta":{"origin":1471843,"position":2},"title":"Los dem\u00f3cratas se involucran en la guerra de clases del caso Epstein","author":"","date":"febrero 10, 2026","format":false,"excerpt":"El senador Jon Ossoff incorpor\u00f3 los archivos de Epstein a un nuevo y potente argumento pol\u00edtico durante un mitin en Atlanta el fin de semana.\u201cEsta es la clase Epstein que Gobierna nuestro pa\u00eds\u201d, se\u00f1al\u00f3 Ossoff el s\u00e1bado y a\u00f1adi\u00f3 la extrema riqueza del gabinete del presidente Donald Trump. \u201cSon las\u2026","rel":"","context":"In &quot;Noticias Nacionales&quot;","block_context":{"text":"Noticias Nacionales","link":"https:\/\/noticiasya.com\/phoenix\/categoria\/noticias-nacionales"},"img":{"alt_text":"","src":"","width":0,"height":0},"classes":[]},{"id":1471095,"url":"https:\/\/noticiasya.com\/phoenix\/2026\/02\/11\/analisis-interrogatorio-lutnick-muestra-trump-futuro-sombrio-trax\/","url_meta":{"origin":1471843,"position":3},"title":"El interrogatorio de Lutnick en el Senado de EE.UU. muestra a Trump un adelanto de un posible futuro sombr\u00edo","author":"","date":"febrero 11, 2026","format":false,"excerpt":"No es de extra\u00f1ar que el presidente Donald Trump est\u00e9 tan preocupado por las elecciones intermedias.Un d\u00eda dif\u00edcil para algunos de sus principales funcionarios y prioridades pol\u00edticas en el Capitolio hacen presagiar un futuro posiblemente miserable para la Casa Blanca.Si los dem\u00f3cratas recuperan la C\u00e1mara de Representantes en noviembre \u2014o\u2026","rel":"","context":"In &quot;Noticias Nacionales&quot;","block_context":{"text":"Noticias Nacionales","link":"https:\/\/noticiasya.com\/phoenix\/categoria\/noticias-nacionales"},"img":{"alt_text":"","src":"","width":0,"height":0},"classes":[]},{"id":1459438,"url":"https:\/\/noticiasya.com\/phoenix\/2025\/03\/03\/secretario-comercio-trump-esquema-arancelario-mexico-canada-trax\/","url_meta":{"origin":1471843,"position":4},"title":"Trump podr\u00eda considerar un esquema arancelario diferente para M\u00e9xico y Canad\u00e1, dice secretario de Comercio a CNN","author":"","date":"marzo 3, 2025","format":false,"excerpt":"Horas antes de la fecha l\u00edmite de las 12:01 a.m. ET para la entrada en vigor de los aranceles del 25% a las importaciones de M\u00e9xico y Canad\u00e1, as\u00ed como un arancel adicional del 10% a las importaciones chinas, el secretario de Comercio Howard Lutnick dijo este lunes que el\u2026","rel":"","context":"In &quot;Noticias Nacionales&quot;","block_context":{"text":"Noticias Nacionales","link":"https:\/\/noticiasya.com\/phoenix\/categoria\/noticias-nacionales"},"img":{"alt_text":"","src":"","width":0,"height":0},"classes":[]},{"id":1459491,"url":"https:\/\/noticiasya.com\/phoenix\/2025\/03\/04\/acuerdo-comercial-mexico-canada-aranceles-lutnick-trax\/","url_meta":{"origin":1471843,"position":5},"title":"EE.UU. podr\u00eda anunciar acuerdo comercial con M\u00e9xico y Canad\u00e1 tras imponer elevados aranceles, dice secretario de Comercio","author":"","date":"marzo 4, 2025","format":false,"excerpt":"El secretario de Comercio de EE.UU., Howard Lutnick, dijo este martes que el presidente Donald Trump podr\u00eda anunciar un acuerdo comercial con M\u00e9xico y Canad\u00e1 tan pronto como ma\u00f1ana, solo un d\u00eda despu\u00e9s de que EE.UU. impusiera aranceles punitivos a las dos naciones y desatara grav\u00e1menes de represalia.\u201cCreo que va\u2026","rel":"","context":"In &quot;Noticias Nacionales&quot;","block_context":{"text":"Noticias Nacionales","link":"https:\/\/noticiasya.com\/phoenix\/categoria\/noticias-nacionales"},"img":{"alt_text":"","src":"","width":0,"height":0},"classes":[]}],"jetpack_sharing_enabled":true,"_links":{"self":[{"href":"https:\/\/noticiasya.com\/phoenix\/wp-json\/wp\/v2\/posts\/1471843","targetHints":{"allow":["GET"]}}],"collection":[{"href":"https:\/\/noticiasya.com\/phoenix\/wp-json\/wp\/v2\/posts"}],"about":[{"href":"https:\/\/noticiasya.com\/phoenix\/wp-json\/wp\/v2\/types\/post"}],"replies":[{"embeddable":true,"href":"https:\/\/noticiasya.com\/phoenix\/wp-json\/wp\/v2\/comments?post=1471843"}],"version-history":[{"count":0,"href":"https:\/\/noticiasya.com\/phoenix\/wp-json\/wp\/v2\/posts\/1471843\/revisions"}],"wp:attachment":[{"href":"https:\/\/noticiasya.com\/phoenix\/wp-json\/wp\/v2\/media?parent=1471843"}],"wp:term":[{"taxonomy":"category","embeddable":true,"href":"https:\/\/noticiasya.com\/phoenix\/wp-json\/wp\/v2\/categories?post=1471843"},{"taxonomy":"post_tag","embeddable":true,"href":"https:\/\/noticiasya.com\/phoenix\/wp-json\/wp\/v2\/tags?post=1471843"}],"curies":[{"name":"wp","href":"https:\/\/api.w.org\/{rel}","templated":true}]}}