{"id":1450098,"date":"2024-06-06T13:03:47","date_gmt":"2024-06-06T20:03:47","guid":{"rendered":"https:\/\/noticiasya.com\/2024\/06\/06\/concentracion-poder-constitucion-dominio-morena-congreso-orix\/"},"modified":"2024-06-06T13:03:47","modified_gmt":"2024-06-06T20:03:47","slug":"concentracion-poder-constitucion-dominio-morena-congreso-orix","status":"publish","type":"post","link":"https:\/\/noticiasya.com\/san-angelo\/2024\/06\/06\/concentracion-poder-constitucion-dominio-morena-congreso-orix\/","title":{"rendered":"AN\u00c1LISIS | Constituci\u00f3n y Poder Judicial en riesgo por dominio de Morena en el Congreso de M\u00e9xico"},"content":{"rendered":"<p>(CNN Espa\u00f1ol) &#8212; El oficialista Morena y sus aliados, los partidos del Trabajo (PT) y Verde Ecologista (PVEM), se perfilan para ser la fuerza mayoritaria en el Congreso mexicano, tanto en la C\u00e1mara de Diputados como en el Senado, por los siguientes tres a\u00f1os.<\/p>\n<p>Analistas consultados por CNN coincidieron en que esta mayor\u00eda calificada tendr\u00eda implicaciones importantes pues permitir\u00eda al partido gobernante modificar la Constituci\u00f3n y llevar a cabo reformas significativas sin la necesidad del apoyo de la oposici\u00f3n.<\/p>\n<p>En M\u00e9xico, la C\u00e1mara de Diputados se compone por 500 miembros, de los cuales 300 son por mayor\u00eda relativa, a trav\u00e9s del voto directo; y 200 de representaci\u00f3n proporcional, tambi\u00e9n llamados plurinominales. El Senado se integra por 128 legisladores, 64 electos por voto directo, 32 por primera minor\u00eda y 32 por representaci\u00f3n proporcional.<\/p>\n<p>Para tener mayor\u00eda calificada y aprobar reformas a la Constituci\u00f3n y algunos nombramientos, se necesitan dos terceras partes de los legisladores presentes en el pleno de cada C\u00e1mara. Para aprobar leyes solo se requiere mayor\u00eda absoluta: 50% m\u00e1s 1 de los legisladores presentes en la sesi\u00f3n.<\/p>\n<p>De la hegemon\u00eda del PRI al dominio de Morena: as\u00ed ha cambiado el mapa electoral en M\u00e9xico<\/p>\n<p>En Diputados se necesitan 334 votos para obtener una mayor\u00eda calificada, o un n\u00famero menor dependiendo del total de asistentes a la sesi\u00f3n; en el Senado, se requieren 85 de los 128 legisladores para alcanzar dicha mayor\u00eda.<\/p>\n<p>De acuerdo con los resultados de los conteos r\u00e1pidos publicados por el Instituto Nacional Electoral (INE) el domingo por la noche, Morena y sus aliados tendr\u00edan entre 346 y 380 diputados de mayor\u00eda relativa, m\u00e1s los plurinominales; y en el Senado entre 76 y 88 legisladores, m\u00e1s los plurinominales.<\/p>\n<p>Qu\u00e9 sectores puede afectar la mayor\u00eda en el Congreso<\/p>\n<p>Los analistas consultados coinciden en que los sectores que podr\u00edan verse afectados son: el energ\u00e9tico, el Poder Judicial y los \u00f3rganos aut\u00f3nomos.<\/p>\n<p>\u201cVan a seguramente buscar eliminar algunos de los \u00f3rganos constitucionales aut\u00f3nomos, reformar el Poder Judicial. El principal riesgo es el entorno, justo a los l\u00edmites y equilibrios del poder\u201d, dice Arturo Espinosa Silis, director de la consultor\u00eda Strategia Electoral.<\/p>\n<p>Enrique C\u00e1rdenas S\u00e1nchez, presidente del comit\u00e9 ejecutivo de la organizaci\u00f3n civil Signos Vitales, coincide, y alerta sobre las posibles reformas que Morena y sus aliados podr\u00edan implementar; entre ellas est\u00e1n la eliminaci\u00f3n de los diputados plurinominales, que reducir\u00eda la pluralidad en el Congreso, y la militarizaci\u00f3n permanente, con los militares controlando no solo la seguridad p\u00fablica, sino tambi\u00e9n aduanas, aeropuertos y puertos.<\/p>\n<p>As\u00ed fue la votaci\u00f3n por partidos para Senado y C\u00e1mara de Diputados en las elecciones de M\u00e9xico 2024: cifras y porcentajes en cada estado<\/p>\n<p>Aunque el mayor riesgo, se\u00f1alan ambos analistas, estar\u00eda en la reforma del Poder Judicial, que implicar\u00eda la elecci\u00f3n popular de jueces y magistrados, incluyendo ministros de la Suprema Corte, una propuesta hecha por el presidente Andr\u00e9s Manuel L\u00f3pez Obrador.<\/p>\n<p>\u201cLo que impl\u00edcitamente traer\u00eda una incorporaci\u00f3n de la parte pol\u00edtica a la cuesti\u00f3n judicial y, por tanto, indirectamente, una mayor sujeci\u00f3n de la Corte al Poder Ejecutivo\u201d, advierte C\u00e1rdenas S\u00e1nchez.<\/p>\n<p>Tambi\u00e9n menciona los riesgos asociados a la reforma energ\u00e9tica y la posible desaparici\u00f3n de organismos aut\u00f3nomos como el Instituto Nacional de Transparencia, Acceso a la Informaci\u00f3n y Protecci\u00f3n de Datos Personales (INAI), lo que limitar\u00eda el acceso a la informaci\u00f3n p\u00fablica.<\/p>\n<p>\u201cEl equilibrio entre poderes pr\u00e1cticamente se eliminar\u00eda\u201d, dijo.<\/p>\n<p>Reformas constitucionales propuestas por el presidente<\/p>\n<p>L\u00f3pez Obrador present\u00f3 el 5 de febrero una lista de 20 iniciativas de reformas constitucionales, entre ellas estaba la del Poder Judicial y la propuesta para desaparecer siete organismos aut\u00f3nomos.<\/p>\n<p>L\u00f3pez Obrador asegura que hay duplicidad de funciones entre estos organismos aut\u00f3nomos y algunas secretar\u00edas de Estado, por lo que representan un gasto para el erario.<\/p>\n<p>El mandatario ha calificado a los organismos como \u201cfacciosos, onerosos, antipopulares\u201d. De acuerdo con el presidente, su extinci\u00f3n generar\u00e1 ahorros que se utilizar\u00e1n para pagar las pensiones de los trabajadores.<\/p>\n<p>Entre los organismos aut\u00f3nomos que se propone eliminar est\u00e1n: el Instituto Federal de Telecomunicaciones; el INAI; el Consejo Nacional de Evaluaci\u00f3n de la Pol\u00edtica de Desarrollo Social; y las comisiones Federal de Competencia Econ\u00f3mica, Reguladora de Energ\u00eda, Nacional de Hidrocarburos y Nacional para la Mejora Continua de la Educaci\u00f3n.<\/p>\n<p>Este es el poder que podr\u00edan tener los aliados de Sheinbaum en el Congreso<\/p>\n<p>\u201cLa eliminaci\u00f3n de estos contrapesos constitucionales (los \u00f3rganos aut\u00f3nomos) que han sido creados justamente para contener el excesivo poder del Ejecutivo le restan posibilidades a la ciudadan\u00eda de poder tener una contenci\u00f3n del Poder Ejecutivo, lo que ver\u00edamos es una concentraci\u00f3n much\u00edsimo m\u00e1s hacendada, much\u00edsimo m\u00e1s fuerte, del poder en una sola persona\u201d, dice C\u00e1rdenas.<\/p>\n<p>Esto, advierte, har\u00eda que el pa\u00eds pasara de tener una constituci\u00f3n liberal, como la actual, a una m\u00e1s de corte populista, que centre el poder en una sola persona.<\/p>\n<p>La nueva legislatura inicia funciones el 1 de septiembre, mientras que Claudia Sheinbaum toma posesi\u00f3n como presidenta el 1 de octubre. Eso le deja un mes al presidente L\u00f3pez Obrador para impulsar sus reformas con el nuevo Congreso.<\/p>\n<p>Sobre la posibilidad de que el presidente L\u00f3pez Obrador logre que se aprueben todas las reformas en ese periodo de tiempo, Espinosa Silis comenta que, aunque podr\u00eda ser posible, \u201cel inicio de una nueva legislatura es lento, si hacen un proceso de aprobaci\u00f3n expr\u00e9s, se las pueden declarar inconstitucionales\u201d.<\/p>\n<p>Y agrega: \u201cSacar 20 reformas constitucionales en un mes en el que la Legislatura apenas inicia, creo que se ve un poco apresurado\u201d.<\/p>\n<p>Adem\u00e1s, se\u00f1ala que la relaci\u00f3n entre Claudia Sheinbaum y L\u00f3pez Obrador ser\u00e1 crucial para determinar c\u00f3mo se proceder\u00e1 con estas reformas.<\/p>\n<p>\u201cClaudia en la campa\u00f1a dijo que apoyaba (las reformas), pero, bueno, hay que ver hasta d\u00f3nde las apoya. Hay que observar cu\u00e1l va a ser el di\u00e1logo y la relaci\u00f3n entre ellos: si Claudia va a distanciarse de algunas de las pol\u00edticas de L\u00f3pez Obrador o si va a hacer totalmente leal y seguir exactamente el mismo camino sin un solo cambio, sin un solo ajuste, sin una sola revisi\u00f3n\u201d, agrega Espinosa Silis.<\/p>\n<p>\u00bfLa oposici\u00f3n puede hacer algo?<\/p>\n<p>Respecto al papel de la oposici\u00f3n, conformada por los partidos Revolucionario Institucional (PRI), de la Revoluci\u00f3n Democr\u00e1tica (PRD), Acci\u00f3n Nacional (PAN) y Movimiento Ciudadano, Espinosa Silis asegura que tienen pocas opciones efectivas para frenar las reformas de Morena.<\/p>\n<p>Una de las pocas jugadas posibles ser\u00eda atraer a algunos diputados o senadores de Morena a sus filas, pero si pasa lo contrario, y legisladores de estos partidos se cambian a Morena, \u201cimplicar\u00eda que podr\u00edan aprobar las reformas del presidente\u201d, expone el director de Strategia Electoral.<\/p>\n<p>Tambi\u00e9n sugiere que, si la oposici\u00f3n tiene mayor\u00eda en m\u00e1s de 17 congresos locales, podr\u00edan detener algunas reformas constitucionales.<\/p>\n<p>Cuando el Congreso de la Uni\u00f3n aprueba una reforma constitucional, \u00e9sta debe ser aprobada por al menos 17 congresos locales, como lo marca el art\u00edculo 135 de la Constituci\u00f3n.<\/p>\n<p>C\u00e1rdenas tambi\u00e9n se\u00f1ala que es importante el papel que tendr\u00e1 la sociedad civil. \u201cSer\u00e1 fundamental ver qu\u00e9 puede hacer para presionar, para marcar al Gobierno en los movimientos que haga\u201d, dijo.<\/p>\n<p>Otro punto importante, dice Espinosa Silis, es ver c\u00f3mo se desarrollar\u00e1 la relaci\u00f3n entre Sheinbaum y L\u00f3pez Obrador en los pr\u00f3ximos meses, ya que esto influir\u00e1 en la direcci\u00f3n que tome el nuevo Gobierno. \u201cEste es un per\u00edodo en el que de facto hay dos presidencias, hay que ver c\u00f3mo se acomodan estos equilibrios internos del poder en el Gobierno\u201d.<\/p>\n<p>The-CNN-Wire<br \/>&trade; &amp; &copy; 2024 Cable News Network, Inc., a Warner Bros. Discovery Company. All rights reserved.<\/p>\n","protected":false},"excerpt":{"rendered":"<p>(CNN Espa\u00f1ol) &#8212; El oficialista Morena y sus aliados, los partidos del Trabajo (PT) y Verde Ecologista (PVEM), se perfilan para ser la fuerza mayoritaria en el Congreso mexicano, tanto en la C\u00e1mara de Diputados como en el Senado, por los siguientes tres a\u00f1os. Analistas consultados por CNN coincidieron en que esta mayor\u00eda calificada tendr\u00eda [&hellip;]<\/p>\n","protected":false},"author":0,"featured_media":0,"comment_status":"open","ping_status":"open","sticky":false,"template":"","format":"standard","meta":{"_jetpack_memberships_contains_paid_content":false,"footnotes":""},"categories":[10],"tags":[],"class_list":["post-1450098","post","type-post","status-publish","format-standard","hentry","category-noticias-nacionales","market-global"],"yoast_head":"<!-- This site is optimized with the Yoast SEO plugin v24.4 - https:\/\/yoast.com\/wordpress\/plugins\/seo\/ -->\n<title>AN\u00c1LISIS | Constituci\u00f3n y Poder Judicial en riesgo por dominio de Morena en el Congreso de M\u00e9xico - Noticias<\/title>\n<meta name=\"robots\" content=\"index, follow, max-snippet:-1, max-image-preview:large, max-video-preview:-1\" \/>\n<link rel=\"canonical\" href=\"https:\/\/noticiasya.com\/2024\/06\/06\/concentracion-poder-constitucion-dominio-morena-congreso-orix\/\" \/>\n<meta property=\"og:locale\" content=\"es_ES\" \/>\n<meta property=\"og:type\" content=\"article\" \/>\n<meta property=\"og:title\" content=\"AN\u00c1LISIS | Constituci\u00f3n y Poder Judicial en riesgo por dominio de Morena en el Congreso de M\u00e9xico - Noticias\" \/>\n<meta property=\"og:description\" content=\"(CNN Espa\u00f1ol) &#8212; El oficialista Morena y sus aliados, los partidos del Trabajo (PT) y Verde Ecologista (PVEM), se perfilan para ser la fuerza mayoritaria en el Congreso mexicano, tanto en la C\u00e1mara de Diputados como en el Senado, por los siguientes tres a\u00f1os. Analistas consultados por CNN coincidieron en que esta mayor\u00eda calificada tendr\u00eda [&hellip;]\" \/>\n<meta property=\"og:url\" content=\"https:\/\/noticiasya.com\/2024\/06\/06\/concentracion-poder-constitucion-dominio-morena-congreso-orix\/\" \/>\n<meta property=\"og:site_name\" content=\"Noticias\" \/>\n<meta property=\"article:published_time\" content=\"2024-06-06T20:03:47+00:00\" \/>\n<meta name=\"twitter:card\" content=\"summary_large_image\" \/>\n<meta name=\"twitter:label1\" content=\"Est. reading time\" \/>\n\t<meta name=\"twitter:data1\" content=\"7 minutos\" \/>\n<script type=\"application\/ld+json\" class=\"yoast-schema-graph\">{\"@context\":\"https:\/\/schema.org\",\"@graph\":[{\"@type\":\"Article\",\"@id\":\"https:\/\/noticiasya.com\/2024\/06\/06\/concentracion-poder-constitucion-dominio-morena-congreso-orix\/#article\",\"isPartOf\":{\"@id\":\"https:\/\/noticiasya.com\/2024\/06\/06\/concentracion-poder-constitucion-dominio-morena-congreso-orix\/\"},\"author\":{\"name\":\"\",\"@id\":\"\"},\"headline\":\"AN\u00c1LISIS | Constituci\u00f3n y Poder Judicial en riesgo por dominio de Morena en el Congreso de M\u00e9xico\",\"datePublished\":\"2024-06-06T20:03:47+00:00\",\"mainEntityOfPage\":{\"@id\":\"https:\/\/noticiasya.com\/2024\/06\/06\/concentracion-poder-constitucion-dominio-morena-congreso-orix\/\"},\"wordCount\":1389,\"commentCount\":0,\"publisher\":{\"@id\":\"https:\/\/noticiasya.com\/#organization\"},\"articleSection\":[\"Noticias Nacionales\"],\"inLanguage\":\"es\",\"potentialAction\":[{\"@type\":\"CommentAction\",\"name\":\"Comment\",\"target\":[\"https:\/\/noticiasya.com\/2024\/06\/06\/concentracion-poder-constitucion-dominio-morena-congreso-orix\/#respond\"]}]},{\"@type\":\"WebPage\",\"@id\":\"https:\/\/noticiasya.com\/2024\/06\/06\/concentracion-poder-constitucion-dominio-morena-congreso-orix\/\",\"url\":\"https:\/\/noticiasya.com\/2024\/06\/06\/concentracion-poder-constitucion-dominio-morena-congreso-orix\/\",\"name\":\"AN\u00c1LISIS | Constituci\u00f3n y Poder Judicial en riesgo por dominio de Morena en el Congreso de M\u00e9xico - Noticias\",\"isPartOf\":{\"@id\":\"https:\/\/noticiasya.com\/#website\"},\"datePublished\":\"2024-06-06T20:03:47+00:00\",\"breadcrumb\":{\"@id\":\"https:\/\/noticiasya.com\/2024\/06\/06\/concentracion-poder-constitucion-dominio-morena-congreso-orix\/#breadcrumb\"},\"inLanguage\":\"es\",\"potentialAction\":[{\"@type\":\"ReadAction\",\"target\":[\"https:\/\/noticiasya.com\/2024\/06\/06\/concentracion-poder-constitucion-dominio-morena-congreso-orix\/\"]}]},{\"@type\":\"BreadcrumbList\",\"@id\":\"https:\/\/noticiasya.com\/2024\/06\/06\/concentracion-poder-constitucion-dominio-morena-congreso-orix\/#breadcrumb\",\"itemListElement\":[{\"@type\":\"ListItem\",\"position\":1,\"name\":\"Home\",\"item\":\"https:\/\/noticiasya.com\/\"},{\"@type\":\"ListItem\",\"position\":2,\"name\":\"AN\u00c1LISIS | Constituci\u00f3n y Poder Judicial en riesgo por dominio de Morena en el Congreso de M\u00e9xico\"}]},{\"@type\":\"WebSite\",\"@id\":\"https:\/\/noticiasya.com\/#website\",\"url\":\"https:\/\/noticiasya.com\/\",\"name\":\"Noticias\",\"description\":\"Lo que importa\",\"publisher\":{\"@id\":\"https:\/\/noticiasya.com\/#organization\"},\"potentialAction\":[{\"@type\":\"SearchAction\",\"target\":{\"@type\":\"EntryPoint\",\"urlTemplate\":\"https:\/\/noticiasya.com\/?s={search_term_string}\"},\"query-input\":{\"@type\":\"PropertyValueSpecification\",\"valueRequired\":true,\"valueName\":\"search_term_string\"}}],\"inLanguage\":\"es\"},{\"@type\":\"Organization\",\"@id\":\"https:\/\/noticiasya.com\/#organization\",\"name\":\"Noticias\",\"url\":\"https:\/\/noticiasya.com\/\",\"logo\":{\"@type\":\"ImageObject\",\"inLanguage\":\"es\",\"@id\":\"https:\/\/noticiasya.com\/#\/schema\/logo\/image\/\",\"url\":\"https:\/\/noticiasya.com\/wp-content\/uploads\/sites\/22\/2023\/12\/logo-nacional.png\",\"contentUrl\":\"https:\/\/noticiasya.com\/wp-content\/uploads\/sites\/22\/2023\/12\/logo-nacional.png\",\"width\":1801,\"height\":691,\"caption\":\"Noticias\"},\"image\":{\"@id\":\"https:\/\/noticiasya.com\/#\/schema\/logo\/image\/\"}}]}<\/script>\n<!-- \/ Yoast SEO plugin. -->","yoast_head_json":{"title":"AN\u00c1LISIS | Constituci\u00f3n y Poder Judicial en riesgo por dominio de Morena en el Congreso de M\u00e9xico - Noticias","robots":{"index":"index","follow":"follow","max-snippet":"max-snippet:-1","max-image-preview":"max-image-preview:large","max-video-preview":"max-video-preview:-1"},"canonical":"https:\/\/noticiasya.com\/2024\/06\/06\/concentracion-poder-constitucion-dominio-morena-congreso-orix\/","og_locale":"es_ES","og_type":"article","og_title":"AN\u00c1LISIS | Constituci\u00f3n y Poder Judicial en riesgo por dominio de Morena en el Congreso de M\u00e9xico - Noticias","og_description":"(CNN Espa\u00f1ol) &#8212; El oficialista Morena y sus aliados, los partidos del Trabajo (PT) y Verde Ecologista (PVEM), se perfilan para ser la fuerza mayoritaria en el Congreso mexicano, tanto en la C\u00e1mara de Diputados como en el Senado, por los siguientes tres a\u00f1os. Analistas consultados por CNN coincidieron en que esta mayor\u00eda calificada tendr\u00eda [&hellip;]","og_url":"https:\/\/noticiasya.com\/2024\/06\/06\/concentracion-poder-constitucion-dominio-morena-congreso-orix\/","og_site_name":"Noticias","article_published_time":"2024-06-06T20:03:47+00:00","twitter_card":"summary_large_image","twitter_misc":{"Est. reading time":"7 minutos"},"schema":{"@context":"https:\/\/schema.org","@graph":[{"@type":"Article","@id":"https:\/\/noticiasya.com\/2024\/06\/06\/concentracion-poder-constitucion-dominio-morena-congreso-orix\/#article","isPartOf":{"@id":"https:\/\/noticiasya.com\/2024\/06\/06\/concentracion-poder-constitucion-dominio-morena-congreso-orix\/"},"author":{"name":"","@id":""},"headline":"AN\u00c1LISIS | Constituci\u00f3n y Poder Judicial en riesgo por dominio de Morena en el Congreso de M\u00e9xico","datePublished":"2024-06-06T20:03:47+00:00","mainEntityOfPage":{"@id":"https:\/\/noticiasya.com\/2024\/06\/06\/concentracion-poder-constitucion-dominio-morena-congreso-orix\/"},"wordCount":1389,"commentCount":0,"publisher":{"@id":"https:\/\/noticiasya.com\/#organization"},"articleSection":["Noticias Nacionales"],"inLanguage":"es","potentialAction":[{"@type":"CommentAction","name":"Comment","target":["https:\/\/noticiasya.com\/2024\/06\/06\/concentracion-poder-constitucion-dominio-morena-congreso-orix\/#respond"]}]},{"@type":"WebPage","@id":"https:\/\/noticiasya.com\/2024\/06\/06\/concentracion-poder-constitucion-dominio-morena-congreso-orix\/","url":"https:\/\/noticiasya.com\/2024\/06\/06\/concentracion-poder-constitucion-dominio-morena-congreso-orix\/","name":"AN\u00c1LISIS | Constituci\u00f3n y Poder Judicial en riesgo por dominio de Morena en el Congreso de M\u00e9xico - Noticias","isPartOf":{"@id":"https:\/\/noticiasya.com\/#website"},"datePublished":"2024-06-06T20:03:47+00:00","breadcrumb":{"@id":"https:\/\/noticiasya.com\/2024\/06\/06\/concentracion-poder-constitucion-dominio-morena-congreso-orix\/#breadcrumb"},"inLanguage":"es","potentialAction":[{"@type":"ReadAction","target":["https:\/\/noticiasya.com\/2024\/06\/06\/concentracion-poder-constitucion-dominio-morena-congreso-orix\/"]}]},{"@type":"BreadcrumbList","@id":"https:\/\/noticiasya.com\/2024\/06\/06\/concentracion-poder-constitucion-dominio-morena-congreso-orix\/#breadcrumb","itemListElement":[{"@type":"ListItem","position":1,"name":"Home","item":"https:\/\/noticiasya.com\/"},{"@type":"ListItem","position":2,"name":"AN\u00c1LISIS | Constituci\u00f3n y Poder Judicial en riesgo por dominio de Morena en el Congreso de M\u00e9xico"}]},{"@type":"WebSite","@id":"https:\/\/noticiasya.com\/#website","url":"https:\/\/noticiasya.com\/","name":"Noticias","description":"Lo que importa","publisher":{"@id":"https:\/\/noticiasya.com\/#organization"},"potentialAction":[{"@type":"SearchAction","target":{"@type":"EntryPoint","urlTemplate":"https:\/\/noticiasya.com\/?s={search_term_string}"},"query-input":{"@type":"PropertyValueSpecification","valueRequired":true,"valueName":"search_term_string"}}],"inLanguage":"es"},{"@type":"Organization","@id":"https:\/\/noticiasya.com\/#organization","name":"Noticias","url":"https:\/\/noticiasya.com\/","logo":{"@type":"ImageObject","inLanguage":"es","@id":"https:\/\/noticiasya.com\/#\/schema\/logo\/image\/","url":"https:\/\/noticiasya.com\/wp-content\/uploads\/sites\/22\/2023\/12\/logo-nacional.png","contentUrl":"https:\/\/noticiasya.com\/wp-content\/uploads\/sites\/22\/2023\/12\/logo-nacional.png","width":1801,"height":691,"caption":"Noticias"},"image":{"@id":"https:\/\/noticiasya.com\/#\/schema\/logo\/image\/"}}]}},"parsely":{"version":"1.1.0","canonical_url":"https:\/\/noticiasya.com\/san-angelo\/2024\/06\/06\/concentracion-poder-constitucion-dominio-morena-congreso-orix\/","smart_links":{"inbound":0,"outbound":0},"traffic_boost_suggestions_count":0,"meta":{"@context":"https:\/\/schema.org","@type":"NewsArticle","headline":"AN\u00c1LISIS | Constituci\u00f3n y Poder Judicial en riesgo por dominio de Morena en el Congreso de M\u00e9xico","url":"http:\/\/noticiasya.com\/san-angelo\/2024\/06\/06\/concentracion-poder-constitucion-dominio-morena-congreso-orix\/","mainEntityOfPage":{"@type":"WebPage","@id":"http:\/\/noticiasya.com\/san-angelo\/2024\/06\/06\/concentracion-poder-constitucion-dominio-morena-congreso-orix\/"},"thumbnailUrl":"","image":{"@type":"ImageObject","url":""},"articleSection":"Noticias Nacionales","author":[],"creator":[],"publisher":{"@type":"Organization","name":"Noticias","logo":""},"keywords":[],"dateCreated":"2024-06-06T20:03:47Z","datePublished":"2024-06-06T20:03:47Z","dateModified":"2024-06-06T20:03:47Z"},"rendered":"<script type=\"application\/ld+json\" class=\"wp-parsely-metadata\">{\"@context\":\"https:\\\/\\\/schema.org\",\"@type\":\"NewsArticle\",\"headline\":\"AN\\u00c1LISIS | Constituci\\u00f3n y Poder Judicial en riesgo por dominio de Morena en el Congreso de M\\u00e9xico\",\"url\":\"http:\\\/\\\/noticiasya.com\\\/san-angelo\\\/2024\\\/06\\\/06\\\/concentracion-poder-constitucion-dominio-morena-congreso-orix\\\/\",\"mainEntityOfPage\":{\"@type\":\"WebPage\",\"@id\":\"http:\\\/\\\/noticiasya.com\\\/san-angelo\\\/2024\\\/06\\\/06\\\/concentracion-poder-constitucion-dominio-morena-congreso-orix\\\/\"},\"thumbnailUrl\":\"\",\"image\":{\"@type\":\"ImageObject\",\"url\":\"\"},\"articleSection\":\"Noticias Nacionales\",\"author\":[],\"creator\":[],\"publisher\":{\"@type\":\"Organization\",\"name\":\"Noticias\",\"logo\":\"\"},\"keywords\":[],\"dateCreated\":\"2024-06-06T20:03:47Z\",\"datePublished\":\"2024-06-06T20:03:47Z\",\"dateModified\":\"2024-06-06T20:03:47Z\"}<\/script>","tracker_url":"https:\/\/cdn.parsely.com\/keys\/noticiasya.com\/p.js"},"jetpack_featured_media_url":"","jetpack-related-posts":[{"id":1452278,"url":"https:\/\/noticiasya.com\/san-angelo\/2024\/08\/29\/morena-mayoria-calificada-congreso-tribunal-electoral-orix\/","url_meta":{"origin":1450098,"position":0},"title":"Morena consigue mayor\u00eda calificada en el Congreso tras aprobaci\u00f3n del Tribunal Electoral","author":"","date":"agosto 29, 2024","format":false,"excerpt":"(CNN Espa\u00f1ol) -- La Sala Superior del Tribunal Electoral del Poder Judicial de la Federaci\u00f3n (TEPJF) aprob\u00f3 este mi\u00e9rcoles, con cuatro votos a favor y uno en contra, el proyecto que confirma la mayor\u00eda calificada del partido en el poder Morena y sus aliados \u2014Verde Ecologista y Partido\u00a0del Trabajo\u2014 en\u2026","rel":"","context":"In &quot;Noticias Nacionales&quot;","block_context":{"text":"Noticias Nacionales","link":"https:\/\/noticiasya.com\/san-angelo\/categoria\/noticias-nacionales"},"img":{"alt_text":"","src":"","width":0,"height":0},"classes":[]},{"id":1452123,"url":"https:\/\/noticiasya.com\/san-angelo\/2024\/08\/24\/ine-mayoria-calificada-oficialismo-camara-de-diputados-orix\/","url_meta":{"origin":1450098,"position":1},"title":"El Instituto Nacional Electoral aprueba mayor\u00eda calificada para el oficialismo en la C\u00e1mara de Diputados","author":"","date":"agosto 24, 2024","format":false,"excerpt":"(CNN Espa\u00f1ol) -- El partido oficialista Morena y sus aliados obtuvieron este viernes la mayor\u00eda calificada en la C\u00e1mara de Diputados, con un proyecto aprobado en el Consejo General del Instituto Nacional Electoral de M\u00e9xico, INE, que le otorga 364 de 500 bancas para la pr\u00f3xima Legislatura que inicia el\u2026","rel":"","context":"In &quot;Noticias Nacionales&quot;","block_context":{"text":"Noticias Nacionales","link":"https:\/\/noticiasya.com\/san-angelo\/categoria\/noticias-nacionales"},"img":{"alt_text":"","src":"","width":0,"height":0},"classes":[]},{"id":1471730,"url":"https:\/\/noticiasya.com\/san-angelo\/2026\/02\/27\/sheinbaum-reforma-electoral-que-busca-claves-orix\/","url_meta":{"origin":1450098,"position":2},"title":"Las claves de la reforma electoral de Sheinbaum: qu\u00e9 busca y cu\u00e1les son las cr\u00edticas","author":"","date":"febrero 27, 2026","format":false,"excerpt":"La presidenta de M\u00e9xico, Claudia Sheinbaum, present\u00f3 este mi\u00e9rcoles su propuesta de reforma electoral, una iniciativa que ha despertado cr\u00edticas tanto entre la oposici\u00f3n como entre algunos aliados del oficialista Morena.Para elaborar este proyecto, Sheinbaum nombr\u00f3 en agosto una comisi\u00f3n especial con la tarea de trabajar con legisladores, acad\u00e9micos y\u2026","rel":"","context":"In &quot;Noticias Nacionales&quot;","block_context":{"text":"Noticias Nacionales","link":"https:\/\/noticiasya.com\/san-angelo\/categoria\/noticias-nacionales"},"img":{"alt_text":"","src":"","width":0,"height":0},"classes":[]},{"id":1455497,"url":"https:\/\/noticiasya.com\/san-angelo\/2024\/10\/31\/congreso-mexicano-declara-validez-de-la-reforma-de-supremacia-constitucional-tras-aval-en-mayoria-de-legislaturas-estatales\/","url_meta":{"origin":1450098,"position":3},"title":"Congreso mexicano declara validez de la reforma de supremac\u00eda constitucional tras aval en mayor\u00eda de legislaturas estatales","author":"","date":"octubre 31, 2024","format":false,"excerpt":"(CNN Espa\u00f1ol) -- Las C\u00e1maras de Diputados y Senadores avalaron este jueves la enmienda de supremac\u00eda constitucional, que blinda las reformas a la Constituci\u00f3n Nacional de cualquier amparo, controversia y acci\u00f3n de inconstitucionalidad, incluida la pol\u00e9mica reforma judicial, tras alcanzar los votos aprobatorios de 23 legislaturas estatales, informaron ambas c\u00e1maras\u2026","rel":"","context":"In &quot;Noticias Nacionales&quot;","block_context":{"text":"Noticias Nacionales","link":"https:\/\/noticiasya.com\/san-angelo\/categoria\/noticias-nacionales"},"img":{"alt_text":"","src":"","width":0,"height":0},"classes":[]},{"id":1472585,"url":"https:\/\/noticiasya.com\/san-angelo\/2026\/03\/26\/senado-aprueba-plan-b-reforma-electoral-sheinbaum-cambio-revocacion-mandato-orix\/","url_meta":{"origin":1450098,"position":4},"title":"Senado aprueba el &#171;plan B&#187; de reforma electoral de Sheinbaum con un cambio respecto a la revocaci\u00f3n de mandato","author":"","date":"marzo 26, 2026","format":false,"excerpt":"El Senado de M\u00e9xico aprob\u00f3 este mi\u00e9rcoles por la noche el \u201cplan B\u201d de reforma electoral de la presidenta Claudia Sheinbaum, con una sola modificaci\u00f3n respecto a la revocaci\u00f3n de mandato presidencial.El dictamen del proyecto de Sheinbaum, que busca realizar modificaciones en algunos art\u00edculos de la Constituci\u00f3n, fue aprobado por\u2026","rel":"","context":"In &quot;Noticias Nacionales&quot;","block_context":{"text":"Noticias Nacionales","link":"https:\/\/noticiasya.com\/san-angelo\/categoria\/noticias-nacionales"},"img":{"alt_text":"","src":"","width":0,"height":0},"classes":[]},{"id":1457833,"url":"https:\/\/noticiasya.com\/san-angelo\/2025\/01\/24\/sheinbaum-reforma-prohibir-maiz-transgenico-orix\/","url_meta":{"origin":1450098,"position":5},"title":"Sheinbaum formaliza su reforma para prohibir la siembra de ma\u00edz transg\u00e9nico en M\u00e9xico","author":"","date":"enero 24, 2025","format":false,"excerpt":"La presidenta de M\u00e9xico, Claudia Sheinbaum, envi\u00f3 al Congreso este jueves una propuesta de reforma a la Constituci\u00f3n para prohibir la siembra de ma\u00edz transg\u00e9nico en el pa\u00eds, una medida que, dice, es necesaria para proteger la diversidad gen\u00e9tica de esta planta.El documento, publicado en la Gaceta Parlamentaria, plantea modificar\u2026","rel":"","context":"In &quot;Noticias Nacionales&quot;","block_context":{"text":"Noticias Nacionales","link":"https:\/\/noticiasya.com\/san-angelo\/categoria\/noticias-nacionales"},"img":{"alt_text":"","src":"","width":0,"height":0},"classes":[]}],"jetpack_sharing_enabled":true,"_links":{"self":[{"href":"https:\/\/noticiasya.com\/san-angelo\/wp-json\/wp\/v2\/posts\/1450098","targetHints":{"allow":["GET"]}}],"collection":[{"href":"https:\/\/noticiasya.com\/san-angelo\/wp-json\/wp\/v2\/posts"}],"about":[{"href":"https:\/\/noticiasya.com\/san-angelo\/wp-json\/wp\/v2\/types\/post"}],"replies":[{"embeddable":true,"href":"https:\/\/noticiasya.com\/san-angelo\/wp-json\/wp\/v2\/comments?post=1450098"}],"version-history":[{"count":0,"href":"https:\/\/noticiasya.com\/san-angelo\/wp-json\/wp\/v2\/posts\/1450098\/revisions"}],"wp:attachment":[{"href":"https:\/\/noticiasya.com\/san-angelo\/wp-json\/wp\/v2\/media?parent=1450098"}],"wp:term":[{"taxonomy":"category","embeddable":true,"href":"https:\/\/noticiasya.com\/san-angelo\/wp-json\/wp\/v2\/categories?post=1450098"},{"taxonomy":"post_tag","embeddable":true,"href":"https:\/\/noticiasya.com\/san-angelo\/wp-json\/wp\/v2\/tags?post=1450098"}],"curies":[{"name":"wp","href":"https:\/\/api.w.org\/{rel}","templated":true}]}}