{"id":1443226,"date":"2024-01-06T00:33:32","date_gmt":"2024-01-06T08:33:32","guid":{"rendered":"https:\/\/wordpress-vip.entravision.com\/noticias\/?p=1443226"},"modified":"2024-01-06T00:33:32","modified_gmt":"2024-01-06T08:33:32","slug":"por-que-los-asientos-reclinables-estan-desapareciendo-de-los-aviones","status":"publish","type":"post","link":"https:\/\/noticiasya.com\/san-diego\/2024\/01\/06\/por-que-los-asientos-reclinables-estan-desapareciendo-de-los-aviones\/","title":{"rendered":"Por qu\u00e9 los asientos reclinables est\u00e1n desapareciendo de los aviones"},"content":{"rendered":"<p>(CNN) &#8212; El bot\u00f3n de reclinaci\u00f3n de los asientos de los aviones es tan controvertido que ha inspirado toda una microindustria de dispositivos para evitar que el pasajero de adelante se incline sobre tu espacio.<\/p>\n<p>Hubo un tiempo en que todos los asientos de clase turista de las aerol\u00edneas llevaban incorporado el bot\u00f3n de reclinaci\u00f3n. Hoy en d\u00eda, hay modelos de asientos que simplemente no tienen esa opci\u00f3n.<\/p>\n<p>\u00bfQu\u00e9 hizo desaparecer a los asientos reclinables en algunos lugares? \u00bfEs algo bueno o malo? Solo porque un pasajero pueda reclinar su asiento, \u00bfdeber\u00eda hacerlo?<\/p>\n<p>Como ocurre con muchas cosas en el sector de la aviaci\u00f3n, depende de a qui\u00e9n le preguntes.<\/p>\n<p>Hablemos de c\u00f3mo funciona la reclinaci\u00f3n: en su forma m\u00e1s b\u00e1sica, hay un mecanismo oculto en la estructura bajo el coj\u00edn del asiento que contiene un pivote, los cables que lo conectan al bot\u00f3n del reposabrazos y un recipiente neum\u00e1tico que devuelve el asiento a la posici\u00f3n vertical. Los fabricantes de asientos lo llaman cinem\u00e1tica: las partes que se mueven.<\/p>\n<p>Para las aerol\u00edneas, esto representa un costo, en primer lugar de mantenimiento: cualquier tipo de mecanismo es propenso a romperse, ya sea por el desgaste normal o porque los pasajeros no tratan con delicadeza a los aviones.<\/p>\n<p>En segundo lugar, es un costo de peso, porque estos mecanismos pueden sumar peso al avi\u00f3n r\u00e1pidamente. Hoy en d\u00eda, los asientos de avi\u00f3n m\u00e1s modernos y ligeros pesan entre 7 y 10 kilos por pasajero. Cualquier peso que pueda ahorrarse supone reducir el combustible necesario para transportarlo.<\/p>\n<p>Y en tercer lugar, y en cierto modo lo m\u00e1s importante, es un costo de interrupci\u00f3n, porque si los pasajeros se pelean por la etiqueta de reclinaci\u00f3n de los asientos, los auxiliares de vuelo tienen que hacer de monitores, como si se tratara del patio escolar. En algunos casos, los pasajeros se han puesto tan revoltosos que incluso se han tenido que desviar vuelos por motivos de seguridad.<\/p>\n<p>Cada cent\u00edmetro cuenta<\/p>\n<p>Aunque puedas reclinarte, no todo el mundo cree que debes hacerlo. Cr\u00e9dito: Kumar Sriskandan\/Alamy Stock Photo<\/p>\n<p>\u00bfY si los asientos no fueran reclinables?<\/p>\n<p>A finales de la d\u00e9cada de 2000, una nueva generaci\u00f3n de asientos superligeros de alta ingenier\u00eda empez\u00f3 a irrumpir en el mercado, y parte de lo que los hac\u00eda superligeros era que no ten\u00edan funci\u00f3n de reclinado. A alg\u00fan genio del marketing se le ocurri\u00f3 llamarlos &#171;prerreclinados&#187;, fijando el respaldo en un \u00e1ngulo intermedio entre totalmente erguido y ligeramente reclinado.<\/p>\n<p>Al principio, se destinaban sobre todo a las compa\u00f1\u00edas de bajo costo. Estas aerol\u00edneas, que suelen operar vuelos de pocas horas, son famosas por eliminar todo lo superfluo de sus operaciones.<\/p>\n<p>Una de las primeras aerol\u00edneas en adoptarlos fue la brit\u00e1nica Jet2, una compa\u00f1\u00eda europea de paquetes vacacionales, que en 2009 eligi\u00f3 un asiento prerreclinado del entonces incipiente fabricante de asientos Acro que revolucion\u00f3 la forma en que las aerol\u00edneas piensan los asientos.<\/p>\n<p>El asiento de Acro, entonces llamado Clark y ahora Serie 3, era diferente en varios aspectos clave.<\/p>\n<p>La falta de reclinaci\u00f3n era uno de ellos, pero otro era la forma innovadora en que el asiento se esculp\u00eda creando una forma de \u201ccubo\u201d c\u00f3ncavo dijo a partir del asiento y el respaldo.<\/p>\n<p>Desde atr\u00e1s, esta forma significaba que los pasajeros m\u00e1s altos pod\u00edan colocar sus rodillas a ambos lados del &#171;cubo&#187;, ganando un par de cent\u00edmetros de espacio.<\/p>\n<p>Ese par de cent\u00edmetros realmente importa. En un avi\u00f3n de clase econ\u00f3mica con un solo pasillo, como un Boeing 737 o un Airbus A320, hay unas 30 filas, y los asientos de la generaci\u00f3n anterior ten\u00edan una separaci\u00f3n de unos 76 cent\u00edmetros, es decir, el espacio entre un punto de un asiento y el mismo punto del asiento de enfrente.<\/p>\n<p>Si una aerol\u00ednea puede ahorrar 2,5 cm de espacio por fila, eso equivale a 76 cm en todo el avi\u00f3n, lo que equivale a toda una fila extra de asientos.<\/p>\n<p>Estos desconocidos se enamoraron en un avi\u00f3n en Navidad<\/p>\n<p>En poco m\u00e1s de una d\u00e9cada, varios fabricantes de asientos han innovado con los asientos prerreclinables y otras formas de ahorrar espacio.<\/p>\n<p>Uno de los mejor considerados es el fabricante alem\u00e1n de asientos Recaro, conocido fuera de la aviaci\u00f3n por sus asientos para autos de carreras. Adem\u00e1s de asientos completos de clase turista para vuelos de larga distancia, con reclinaci\u00f3n y bandeja abatible, Recaro Aircraft Seating tambi\u00e9n ofrece asientos reclinados para vuelos m\u00e1s cortos.<\/p>\n<p>El auge de los prerreclinables<\/p>\n<p>Sustituir los asientos reclinables por &#171;prerreclinables&#187; puede significar menos pasajeros enfadados. Cr\u00e9dito: Stefan Kruijer\/Airbus\/p202106006<\/p>\n<p>&#171;La aerol\u00ednea puede elegir una posici\u00f3n predefinida del \u00e1ngulo del respaldo de 15 o 18 grados en el proceso de configuraci\u00f3n del asiento&#187;, explica Mark Hiller, director ejecutivo de Recaro. &#171;Esto ayuda a proporcionar m\u00e1s comodidad mediante el aumento del \u00e1ngulo del respaldo o a cumplir con disposiciones especiales con recuentos espec\u00edficos de pasajeros&#187;.<\/p>\n<p>&#171;La principal ventaja es un mayor espacio vital, ya que la reclinaci\u00f3n no interfiere en el espacio vital del pasajero. Adem\u00e1s, el bajo costo total, menos piezas m\u00f3viles en el asiento, mayor fiabilidad y mantenimiento simplificado, y el bajo peso y costo, al no requerir mecanismos, cinem\u00e1tica, etc&#187;.<\/p>\n<p>Las disposiciones especiales que menciona Hiller suelen ser lo que el sector denomina &#171;max pax&#187;, es decir, el n\u00famero m\u00e1ximo de pasajeros certificado para un avi\u00f3n. Actualmente son 244 pasajeros en un Airbus A321neo de fuselaje estrecho, un avi\u00f3n en el que algunas aerol\u00edneas con amplios asientos de clase business en la parte delantera tienen menos de 150 pasajeros.<\/p>\n<p>\u00bfEst\u00e1 bien reclinar tu asiento en el avi\u00f3n? El gran debate sobre la silla reclinada<\/p>\n<p>Deber\u00eda ser obvio que una versi\u00f3n de 244 asientos de ese avi\u00f3n, o incluso una con 230 o m\u00e1s, no va a ser la m\u00e1s espaciosa.<\/p>\n<p>Pero en los \u00faltimos a\u00f1os, los fabricantes de asientos han encontrado formas de hacer que parezca que hay m\u00e1s espacio para las rodillas: adelgazando el respaldo, desplazando la estructura para que no estorbe a las rodillas y mejorando el espacio para las espinillas.<\/p>\n<p>En los \u00faltimos a\u00f1os, los asientos estilizados que antes se utilizaban sobre todo en las aerol\u00edneas de bajo costo se han abierto paso tambi\u00e9n en las de servicio completo, sobre todo porque estas compiten directamente con las de bajo costo.<\/p>\n<p>Los asientos prerreclinables podr\u00edan ser una ventaja en los vuelos de corta distancia. Cr\u00e9dito: Adobe Stock<\/p>\n<p>Una de las formas en que lo est\u00e1n haciendo es ofrecer a los pasajeros de economy-plus asientos con espacio extra para las piernas en la parte delantera de la cabina, que podr\u00eda tener un modelo de asiento m\u00e1s completo con reclinaci\u00f3n y tomas de corriente AC, con un costo adicional, mientras que en la clase turista normal podr\u00eda estar prerreclinado y no tener conexiones o solo una toma USB.<\/p>\n<p>Estas cabinas se llaman h\u00edbridas, as\u00ed que pon atenci\u00f3n la pr\u00f3xima vez que subas a un avi\u00f3n: el color de la tela del asiento puede cambiar de una fila a otra, el reposacabezas m\u00f3vil puede desaparecer o el revestimiento del asiento puede pasar de tela a piel.<\/p>\n<p>Entonces, \u00bfson los asientos prerreclinables una ventaja o un inconveniente?<\/p>\n<p>Llevo una d\u00e9cada y media cubriendo esta industria como periodista y m\u00e1s de 40 a\u00f1os volando. A fin de cuentas, he llegado a la conclusi\u00f3n de que son positivos cuando se utilizan principalmente en vuelos de corta distancia de un par de horas, sobre todo porque evitan posibles peleas con la persona de delante y de detr\u00e1s.<\/p>\n<p>Los vuelos de larga distancia, sin embargo, son diferentes, y la reclinaci\u00f3n en estos asientos est\u00e1 aqu\u00ed para quedarse, pero con la ventaja a\u00f1adida del espacio extra para las espinillas desarrollado para los asientos prerreclinados.<\/p>\n<p>Solo tienes que ser cort\u00e9s en el avi\u00f3n y mirar detr\u00e1s de ti antes de reclinarte, reclinarte lenta y suavemente, y poner el respaldo en posici\u00f3n vertical cuando todo el mundo est\u00e9 comiendo, de preferencia sin necesidad de que te lo pida la tripulaci\u00f3n.<\/p>\n<p>Nota del editor: este art\u00edculo fue publicado originalmente en 2023.<\/p>\n<p>The-CNN-Wire<br \/>\u2122 &amp; \u00a9 2024 Cable News Network, Inc., a Warner Bros. Discovery Company. All rights reserved.<\/p>\n","protected":false},"excerpt":{"rendered":"<p>(CNN) &#8212; El bot\u00f3n de reclinaci\u00f3n de los asientos de los aviones es tan controvertido que ha inspirado toda una microindustria de dispositivos para evitar que el pasajero de adelante se incline sobre tu espacio. Hubo un tiempo en que todos los asientos de clase turista de las aerol\u00edneas llevaban incorporado el bot\u00f3n de reclinaci\u00f3n. [&hellip;]<\/p>\n","protected":false},"author":0,"featured_media":0,"comment_status":"open","ping_status":"open","sticky":false,"template":"","format":"standard","meta":{"_jetpack_memberships_contains_paid_content":false,"footnotes":""},"categories":[10],"tags":[],"class_list":["post-1443226","post","type-post","status-publish","format-standard","hentry","category-noticias-nacionales","market-global"],"yoast_head":"<!-- This site is optimized with the Yoast SEO plugin v24.4 - https:\/\/yoast.com\/wordpress\/plugins\/seo\/ -->\n<title>Por qu\u00e9 los asientos reclinables est\u00e1n desapareciendo de los aviones - Noticias<\/title>\n<meta name=\"robots\" content=\"index, follow, max-snippet:-1, max-image-preview:large, max-video-preview:-1\" \/>\n<link rel=\"canonical\" href=\"https:\/\/noticiasya.com\/2024\/01\/06\/por-que-los-asientos-reclinables-estan-desapareciendo-de-los-aviones\/\" \/>\n<meta property=\"og:locale\" content=\"es_ES\" \/>\n<meta property=\"og:type\" content=\"article\" \/>\n<meta property=\"og:title\" content=\"Por qu\u00e9 los asientos reclinables est\u00e1n desapareciendo de los aviones - Noticias\" \/>\n<meta property=\"og:description\" content=\"(CNN) &#8212; El bot\u00f3n de reclinaci\u00f3n de los asientos de los aviones es tan controvertido que ha inspirado toda una microindustria de dispositivos para evitar que el pasajero de adelante se incline sobre tu espacio. Hubo un tiempo en que todos los asientos de clase turista de las aerol\u00edneas llevaban incorporado el bot\u00f3n de reclinaci\u00f3n. [&hellip;]\" \/>\n<meta property=\"og:url\" content=\"https:\/\/noticiasya.com\/2024\/01\/06\/por-que-los-asientos-reclinables-estan-desapareciendo-de-los-aviones\/\" \/>\n<meta property=\"og:site_name\" content=\"Noticias\" \/>\n<meta property=\"article:published_time\" content=\"2024-01-06T08:33:32+00:00\" \/>\n<meta name=\"twitter:card\" content=\"summary_large_image\" \/>\n<meta name=\"twitter:label1\" content=\"Est. reading time\" \/>\n\t<meta name=\"twitter:data1\" content=\"7 minutos\" \/>\n<script type=\"application\/ld+json\" class=\"yoast-schema-graph\">{\"@context\":\"https:\/\/schema.org\",\"@graph\":[{\"@type\":\"Article\",\"@id\":\"https:\/\/noticiasya.com\/2024\/01\/06\/por-que-los-asientos-reclinables-estan-desapareciendo-de-los-aviones\/#article\",\"isPartOf\":{\"@id\":\"https:\/\/noticiasya.com\/2024\/01\/06\/por-que-los-asientos-reclinables-estan-desapareciendo-de-los-aviones\/\"},\"author\":{\"name\":\"\",\"@id\":\"\"},\"headline\":\"Por qu\u00e9 los asientos reclinables est\u00e1n desapareciendo de los aviones\",\"datePublished\":\"2024-01-06T08:33:32+00:00\",\"mainEntityOfPage\":{\"@id\":\"https:\/\/noticiasya.com\/2024\/01\/06\/por-que-los-asientos-reclinables-estan-desapareciendo-de-los-aviones\/\"},\"wordCount\":1454,\"commentCount\":0,\"publisher\":{\"@id\":\"https:\/\/noticiasya.com\/#organization\"},\"articleSection\":[\"Noticias Nacionales\"],\"inLanguage\":\"es\",\"potentialAction\":[{\"@type\":\"CommentAction\",\"name\":\"Comment\",\"target\":[\"https:\/\/noticiasya.com\/2024\/01\/06\/por-que-los-asientos-reclinables-estan-desapareciendo-de-los-aviones\/#respond\"]}]},{\"@type\":\"WebPage\",\"@id\":\"https:\/\/noticiasya.com\/2024\/01\/06\/por-que-los-asientos-reclinables-estan-desapareciendo-de-los-aviones\/\",\"url\":\"https:\/\/noticiasya.com\/2024\/01\/06\/por-que-los-asientos-reclinables-estan-desapareciendo-de-los-aviones\/\",\"name\":\"Por qu\u00e9 los asientos reclinables est\u00e1n desapareciendo de los aviones - Noticias\",\"isPartOf\":{\"@id\":\"https:\/\/noticiasya.com\/#website\"},\"datePublished\":\"2024-01-06T08:33:32+00:00\",\"breadcrumb\":{\"@id\":\"https:\/\/noticiasya.com\/2024\/01\/06\/por-que-los-asientos-reclinables-estan-desapareciendo-de-los-aviones\/#breadcrumb\"},\"inLanguage\":\"es\",\"potentialAction\":[{\"@type\":\"ReadAction\",\"target\":[\"https:\/\/noticiasya.com\/2024\/01\/06\/por-que-los-asientos-reclinables-estan-desapareciendo-de-los-aviones\/\"]}]},{\"@type\":\"BreadcrumbList\",\"@id\":\"https:\/\/noticiasya.com\/2024\/01\/06\/por-que-los-asientos-reclinables-estan-desapareciendo-de-los-aviones\/#breadcrumb\",\"itemListElement\":[{\"@type\":\"ListItem\",\"position\":1,\"name\":\"Home\",\"item\":\"https:\/\/noticiasya.com\/\"},{\"@type\":\"ListItem\",\"position\":2,\"name\":\"Por qu\u00e9 los asientos reclinables est\u00e1n desapareciendo de los aviones\"}]},{\"@type\":\"WebSite\",\"@id\":\"https:\/\/noticiasya.com\/#website\",\"url\":\"https:\/\/noticiasya.com\/\",\"name\":\"Noticias\",\"description\":\"Lo que importa\",\"publisher\":{\"@id\":\"https:\/\/noticiasya.com\/#organization\"},\"potentialAction\":[{\"@type\":\"SearchAction\",\"target\":{\"@type\":\"EntryPoint\",\"urlTemplate\":\"https:\/\/noticiasya.com\/?s={search_term_string}\"},\"query-input\":{\"@type\":\"PropertyValueSpecification\",\"valueRequired\":true,\"valueName\":\"search_term_string\"}}],\"inLanguage\":\"es\"},{\"@type\":\"Organization\",\"@id\":\"https:\/\/noticiasya.com\/#organization\",\"name\":\"Noticias\",\"url\":\"https:\/\/noticiasya.com\/\",\"logo\":{\"@type\":\"ImageObject\",\"inLanguage\":\"es\",\"@id\":\"https:\/\/noticiasya.com\/#\/schema\/logo\/image\/\",\"url\":\"https:\/\/noticiasya.com\/wp-content\/uploads\/sites\/22\/2023\/12\/logo-nacional.png\",\"contentUrl\":\"https:\/\/noticiasya.com\/wp-content\/uploads\/sites\/22\/2023\/12\/logo-nacional.png\",\"width\":1801,\"height\":691,\"caption\":\"Noticias\"},\"image\":{\"@id\":\"https:\/\/noticiasya.com\/#\/schema\/logo\/image\/\"}}]}<\/script>\n<!-- \/ Yoast SEO plugin. -->","yoast_head_json":{"title":"Por qu\u00e9 los asientos reclinables est\u00e1n desapareciendo de los aviones - Noticias","robots":{"index":"index","follow":"follow","max-snippet":"max-snippet:-1","max-image-preview":"max-image-preview:large","max-video-preview":"max-video-preview:-1"},"canonical":"https:\/\/noticiasya.com\/2024\/01\/06\/por-que-los-asientos-reclinables-estan-desapareciendo-de-los-aviones\/","og_locale":"es_ES","og_type":"article","og_title":"Por qu\u00e9 los asientos reclinables est\u00e1n desapareciendo de los aviones - Noticias","og_description":"(CNN) &#8212; El bot\u00f3n de reclinaci\u00f3n de los asientos de los aviones es tan controvertido que ha inspirado toda una microindustria de dispositivos para evitar que el pasajero de adelante se incline sobre tu espacio. Hubo un tiempo en que todos los asientos de clase turista de las aerol\u00edneas llevaban incorporado el bot\u00f3n de reclinaci\u00f3n. [&hellip;]","og_url":"https:\/\/noticiasya.com\/2024\/01\/06\/por-que-los-asientos-reclinables-estan-desapareciendo-de-los-aviones\/","og_site_name":"Noticias","article_published_time":"2024-01-06T08:33:32+00:00","twitter_card":"summary_large_image","twitter_misc":{"Est. reading time":"7 minutos"},"schema":{"@context":"https:\/\/schema.org","@graph":[{"@type":"Article","@id":"https:\/\/noticiasya.com\/2024\/01\/06\/por-que-los-asientos-reclinables-estan-desapareciendo-de-los-aviones\/#article","isPartOf":{"@id":"https:\/\/noticiasya.com\/2024\/01\/06\/por-que-los-asientos-reclinables-estan-desapareciendo-de-los-aviones\/"},"author":{"name":"","@id":""},"headline":"Por qu\u00e9 los asientos reclinables est\u00e1n desapareciendo de los aviones","datePublished":"2024-01-06T08:33:32+00:00","mainEntityOfPage":{"@id":"https:\/\/noticiasya.com\/2024\/01\/06\/por-que-los-asientos-reclinables-estan-desapareciendo-de-los-aviones\/"},"wordCount":1454,"commentCount":0,"publisher":{"@id":"https:\/\/noticiasya.com\/#organization"},"articleSection":["Noticias Nacionales"],"inLanguage":"es","potentialAction":[{"@type":"CommentAction","name":"Comment","target":["https:\/\/noticiasya.com\/2024\/01\/06\/por-que-los-asientos-reclinables-estan-desapareciendo-de-los-aviones\/#respond"]}]},{"@type":"WebPage","@id":"https:\/\/noticiasya.com\/2024\/01\/06\/por-que-los-asientos-reclinables-estan-desapareciendo-de-los-aviones\/","url":"https:\/\/noticiasya.com\/2024\/01\/06\/por-que-los-asientos-reclinables-estan-desapareciendo-de-los-aviones\/","name":"Por qu\u00e9 los asientos reclinables est\u00e1n desapareciendo de los aviones - Noticias","isPartOf":{"@id":"https:\/\/noticiasya.com\/#website"},"datePublished":"2024-01-06T08:33:32+00:00","breadcrumb":{"@id":"https:\/\/noticiasya.com\/2024\/01\/06\/por-que-los-asientos-reclinables-estan-desapareciendo-de-los-aviones\/#breadcrumb"},"inLanguage":"es","potentialAction":[{"@type":"ReadAction","target":["https:\/\/noticiasya.com\/2024\/01\/06\/por-que-los-asientos-reclinables-estan-desapareciendo-de-los-aviones\/"]}]},{"@type":"BreadcrumbList","@id":"https:\/\/noticiasya.com\/2024\/01\/06\/por-que-los-asientos-reclinables-estan-desapareciendo-de-los-aviones\/#breadcrumb","itemListElement":[{"@type":"ListItem","position":1,"name":"Home","item":"https:\/\/noticiasya.com\/"},{"@type":"ListItem","position":2,"name":"Por qu\u00e9 los asientos reclinables est\u00e1n desapareciendo de los aviones"}]},{"@type":"WebSite","@id":"https:\/\/noticiasya.com\/#website","url":"https:\/\/noticiasya.com\/","name":"Noticias","description":"Lo que importa","publisher":{"@id":"https:\/\/noticiasya.com\/#organization"},"potentialAction":[{"@type":"SearchAction","target":{"@type":"EntryPoint","urlTemplate":"https:\/\/noticiasya.com\/?s={search_term_string}"},"query-input":{"@type":"PropertyValueSpecification","valueRequired":true,"valueName":"search_term_string"}}],"inLanguage":"es"},{"@type":"Organization","@id":"https:\/\/noticiasya.com\/#organization","name":"Noticias","url":"https:\/\/noticiasya.com\/","logo":{"@type":"ImageObject","inLanguage":"es","@id":"https:\/\/noticiasya.com\/#\/schema\/logo\/image\/","url":"https:\/\/noticiasya.com\/wp-content\/uploads\/sites\/22\/2023\/12\/logo-nacional.png","contentUrl":"https:\/\/noticiasya.com\/wp-content\/uploads\/sites\/22\/2023\/12\/logo-nacional.png","width":1801,"height":691,"caption":"Noticias"},"image":{"@id":"https:\/\/noticiasya.com\/#\/schema\/logo\/image\/"}}]}},"parsely":{"version":"1.1.0","canonical_url":"https:\/\/noticiasya.com\/san-diego\/2024\/01\/06\/por-que-los-asientos-reclinables-estan-desapareciendo-de-los-aviones\/","smart_links":{"inbound":0,"outbound":0},"traffic_boost_suggestions_count":0,"meta":{"@context":"https:\/\/schema.org","@type":"NewsArticle","headline":"Por qu\u00e9 los asientos reclinables est\u00e1n desapareciendo de los aviones","url":"http:\/\/noticiasya.com\/san-diego\/2024\/01\/06\/por-que-los-asientos-reclinables-estan-desapareciendo-de-los-aviones\/","mainEntityOfPage":{"@type":"WebPage","@id":"http:\/\/noticiasya.com\/san-diego\/2024\/01\/06\/por-que-los-asientos-reclinables-estan-desapareciendo-de-los-aviones\/"},"thumbnailUrl":"","image":{"@type":"ImageObject","url":""},"articleSection":"Noticias Nacionales","author":[],"creator":[],"publisher":{"@type":"Organization","name":"Noticias","logo":""},"keywords":[],"dateCreated":"2024-01-06T08:33:32Z","datePublished":"2024-01-06T08:33:32Z","dateModified":"2024-01-06T08:33:32Z"},"rendered":"<script type=\"application\/ld+json\" class=\"wp-parsely-metadata\">{\"@context\":\"https:\\\/\\\/schema.org\",\"@type\":\"NewsArticle\",\"headline\":\"Por qu\\u00e9 los asientos reclinables est\\u00e1n desapareciendo de los aviones\",\"url\":\"http:\\\/\\\/noticiasya.com\\\/san-diego\\\/2024\\\/01\\\/06\\\/por-que-los-asientos-reclinables-estan-desapareciendo-de-los-aviones\\\/\",\"mainEntityOfPage\":{\"@type\":\"WebPage\",\"@id\":\"http:\\\/\\\/noticiasya.com\\\/san-diego\\\/2024\\\/01\\\/06\\\/por-que-los-asientos-reclinables-estan-desapareciendo-de-los-aviones\\\/\"},\"thumbnailUrl\":\"\",\"image\":{\"@type\":\"ImageObject\",\"url\":\"\"},\"articleSection\":\"Noticias Nacionales\",\"author\":[],\"creator\":[],\"publisher\":{\"@type\":\"Organization\",\"name\":\"Noticias\",\"logo\":\"\"},\"keywords\":[],\"dateCreated\":\"2024-01-06T08:33:32Z\",\"datePublished\":\"2024-01-06T08:33:32Z\",\"dateModified\":\"2024-01-06T08:33:32Z\"}<\/script>","tracker_url":"https:\/\/cdn.parsely.com\/keys\/noticiasya.com\/p.js"},"jetpack_featured_media_url":"","jetpack-related-posts":[{"id":1449802,"url":"https:\/\/noticiasya.com\/san-diego\/2024\/05\/28\/asiento-avion-doble-nivel-primera-clase-trax\/","url_meta":{"origin":1443226,"position":0},"title":"El asiento de avi\u00f3n de dos pisos est\u00e1 de regreso. Esta vez, en versi\u00f3n de primera clase","author":"","date":"mayo 28, 2024","format":false,"excerpt":"Hamburgo, Alemania (CNN) -- Es el dise\u00f1o de asiento de avi\u00f3n que origin\u00f3 miles de memes, desencaden\u00f3 una tormenta medi\u00e1tica y se convirti\u00f3 en sin\u00f3nimo de innovaci\u00f3n en la aviaci\u00f3n, para bien o para mal.Y ahora el asiento de avi\u00f3n de dos pisos est\u00e1 de regreso, aunque esta vez con\u2026","rel":"","context":"In &quot;Noticias Nacionales&quot;","block_context":{"text":"Noticias Nacionales","link":"https:\/\/noticiasya.com\/san-diego\/categoria\/noticias-nacionales"},"img":{"alt_text":"","src":"","width":0,"height":0},"classes":[]},{"id":1450027,"url":"https:\/\/noticiasya.com\/san-diego\/2024\/06\/04\/asientos-avion-enorme-pantalla-tv-trax\/","url_meta":{"origin":1443226,"position":1},"title":"Un nuevo dise\u00f1o de asientos de clase ejecutiva de avi\u00f3n tiene una enorme pantalla de TV de 45 pulgadas","author":"","date":"junio 4, 2024","format":false,"excerpt":"(CNN) -- Ahora que llevamos dispositivos personales con pantallas 4K de alta resoluci\u00f3n en nuestros bolsillos, las pantallas de los respaldos de los aviones pueden parecer un poco decepcionantes.Incluso si optaste por los asientos m\u00e1s caros del avi\u00f3n, es probable que la pantalla incorporada en la cabina sea de peor\u2026","rel":"","context":"In &quot;Noticias Nacionales&quot;","block_context":{"text":"Noticias Nacionales","link":"https:\/\/noticiasya.com\/san-diego\/categoria\/noticias-nacionales"},"img":{"alt_text":"","src":"","width":0,"height":0},"classes":[]},{"id":1473129,"url":"https:\/\/noticiasya.com\/san-diego\/2026\/04\/14\/asientos-doble-nivel-diseno-aviones-trax\/","url_meta":{"origin":1443226,"position":2},"title":"El asiento de doble nivel para aviones regresa con el &#171;dise\u00f1o definitivo&#187;, seg\u00fan su creador","author":"","date":"abril 14, 2026","format":false,"excerpt":"El concepto de asiento de avi\u00f3n de doble nivel est\u00e1 de vuelta, esta vez en lo que el dise\u00f1ador Alejandro N\u00fa\u00f1ez Vicente denomina la \u201cforma definitiva\u201d.Presentado inicialmente como proyecto universitario en 2020 y posteriormente como prototipo en 2022, este dise\u00f1o de doble nivel \u2014llamado Chaise Longue\u2014 ha generado un gran\u2026","rel":"","context":"In &quot;Noticias Nacionales&quot;","block_context":{"text":"Noticias Nacionales","link":"https:\/\/noticiasya.com\/san-diego\/categoria\/noticias-nacionales"},"img":{"alt_text":"","src":"","width":0,"height":0},"classes":[]},{"id":1442800,"url":"https:\/\/noticiasya.com\/san-diego\/2023\/12\/28\/que-viene-para-la-aviacion-en-2024-nuevos-aviones-asientos-y-mejores-aeropuertos\/","url_meta":{"origin":1443226,"position":3},"title":"\u00bfQu\u00e9 viene para la aviaci\u00f3n en 2024? Nuevos aviones, asientos y mejores aeropuertos","author":"","date":"diciembre 28, 2023","format":false,"excerpt":"(CNN) -- En 2024 los pasajeros volar\u00e1n con aerol\u00edneas que est\u00e1n poniendo en marcha sus planes posteriores al cierre por pandemia de covid-19. Eso incluye nuevos y relucientes aviones con dise\u00f1os novedosos de asientos que podr\u00edan llegar muy pronto.Una serie de nuevos aeropuertos y terminales cambiar\u00e1n las reglas del juego\u2026","rel":"","context":"In &quot;Noticias Nacionales&quot;","block_context":{"text":"Noticias Nacionales","link":"https:\/\/noticiasya.com\/san-diego\/categoria\/noticias-nacionales"},"img":{"alt_text":"","src":"","width":0,"height":0},"classes":[]},{"id":1414836,"url":"https:\/\/noticiasya.com\/san-diego\/2022\/07\/22\/bomberos-de-edinburg-estaran-inspeccionando-los-asientos-para-ninos\/","url_meta":{"origin":1443226,"position":4},"title":"Bomberos de Edinburg estar\u00e1n inspeccionando los asientos para ni\u00f1os","author":"agomez","date":"julio 22, 2022","format":false,"excerpt":"Esta es una oportunidad para saber correctamente si el asiento de su hijo est\u00e1 bien instalado en su coche","rel":"","context":"In &quot;Comunidad&quot;","block_context":{"text":"Comunidad","link":"https:\/\/noticiasya.com\/san-diego\/categoria\/comunidad"},"img":{"alt_text":"","src":"","width":0,"height":0},"classes":[]},{"id":1457232,"url":"https:\/\/noticiasya.com\/san-diego\/2025\/01\/05\/sobrevivientes-ultimos-accidentes-parte-traser-avion-que-nos-dice-eso-seguridad-trax\/","url_meta":{"origin":1443226,"position":5},"title":"Los sobrevivientes de \u00faltimos accidentes se sentaban en la parte trasera del avi\u00f3n. \u00bfQu\u00e9 significa eso?","author":"agomez","date":"enero 5, 2025","format":false,"excerpt":"Mira las fotograf\u00edas de los dos accidentes a\u00e9reos fatales de las \u00faltimas dos semanas y, en medio del horror y la angustia, un pensamiento podr\u00eda venir a la mente de los viajeros frecuentes.El viejo adagio de los viajeros frecuentes es que sentarse en la parte trasera del avi\u00f3n es m\u00e1s\u2026","rel":"","context":"In &quot;Noticias Nacionales&quot;","block_context":{"text":"Noticias Nacionales","link":"https:\/\/noticiasya.com\/san-diego\/categoria\/noticias-nacionales"},"img":{"alt_text":"","src":"","width":0,"height":0},"classes":[]}],"jetpack_sharing_enabled":true,"_links":{"self":[{"href":"https:\/\/noticiasya.com\/san-diego\/wp-json\/wp\/v2\/posts\/1443226","targetHints":{"allow":["GET"]}}],"collection":[{"href":"https:\/\/noticiasya.com\/san-diego\/wp-json\/wp\/v2\/posts"}],"about":[{"href":"https:\/\/noticiasya.com\/san-diego\/wp-json\/wp\/v2\/types\/post"}],"replies":[{"embeddable":true,"href":"https:\/\/noticiasya.com\/san-diego\/wp-json\/wp\/v2\/comments?post=1443226"}],"version-history":[{"count":1,"href":"https:\/\/noticiasya.com\/san-diego\/wp-json\/wp\/v2\/posts\/1443226\/revisions"}],"predecessor-version":[{"id":1443242,"href":"https:\/\/noticiasya.com\/san-diego\/wp-json\/wp\/v2\/posts\/1443226\/revisions\/1443242"}],"wp:attachment":[{"href":"https:\/\/noticiasya.com\/san-diego\/wp-json\/wp\/v2\/media?parent=1443226"}],"wp:term":[{"taxonomy":"category","embeddable":true,"href":"https:\/\/noticiasya.com\/san-diego\/wp-json\/wp\/v2\/categories?post=1443226"},{"taxonomy":"post_tag","embeddable":true,"href":"https:\/\/noticiasya.com\/san-diego\/wp-json\/wp\/v2\/tags?post=1443226"}],"curies":[{"name":"wp","href":"https:\/\/api.w.org\/{rel}","templated":true}]}}