{"id":1443229,"date":"2024-01-06T01:33:37","date_gmt":"2024-01-06T09:33:37","guid":{"rendered":"https:\/\/wordpress-vip.entravision.com\/noticias\/?p=1443229"},"modified":"2024-01-06T01:33:37","modified_gmt":"2024-01-06T09:33:37","slug":"juez-de-ecuador-dicta-prision-preventiva-contra-exvicepresidente-glas-por-caso-manabi","status":"publish","type":"post","link":"https:\/\/noticiasya.com\/san-diego\/2024\/01\/06\/juez-de-ecuador-dicta-prision-preventiva-contra-exvicepresidente-glas-por-caso-manabi\/","title":{"rendered":"Juez de Ecuador dicta prisi\u00f3n preventiva contra exvicepresidente Glas por caso Manab\u00ed"},"content":{"rendered":"<p>(CNN en Espa\u00f1ol) &#8212; Un juez acept\u00f3 este viernes el pedido de la Fiscal\u00eda de Ecuador para dictar prisi\u00f3n preventiva al exvicepresidente Jorge Glas en relaci\u00f3n con el caso de la reconstrucci\u00f3n de Manab\u00ed, inform\u00f3 la Fiscal\u00eda en su cuenta de la red social X (antes Twitter).<\/p>\n<p>\u201c#CasoReconstrucci\u00f3nDeManab\u00ed: Juez acoge el pedido \u2013legalmente fundamentado\u2013 de #Fiscal\u00edaEc y dicta prisi\u00f3n preventiva contra Jorge G. y Carlos B., mientras que a Pablo O. le dispone prohibici\u00f3n de salida del pa\u00eds y presentaci\u00f3n peri\u00f3dica\u201d, explic\u00f3 la Fiscal\u00eda en su cuenta de X.<\/p>\n<p>En diciembre pasado, Glas acudi\u00f3 a la embajada de M\u00e9xico en Ecuador en calidad de &#171;hu\u00e9sped&#187; y solicit\u00f3 asilo el d\u00eda 20 de ese mes, alegando &#171;persecuci\u00f3n pol\u00edtica&#187; por parte de las autoridades judiciales de su pa\u00eds, seg\u00fan dijo su abogado.<\/p>\n<p>\u00bfDe qu\u00e9 acusan al exvicepresidente de Ecuador Jorge Glas?<\/p>\n<p>Glas, que sirvi\u00f3 bajo los mandatos de Rafael Correa y Len\u00edn Moreno, fue condenado por los delitos de asociaci\u00f3n il\u00edcita (2017) y cohecho agravado (2020) en conexi\u00f3n con la trama Odebrecht, por los que fue sentenciado a seis y ocho a\u00f1os de prisi\u00f3n respectivamente. En noviembre de 2022, sali\u00f3 de prisi\u00f3n despu\u00e9s de cuatro a\u00f1os y medio de c\u00e1rcel tras un recurso de h\u00e1beas corpus que present\u00f3 su abogado y que le otorg\u00f3 la libertad provisional por cumplimiento parcial de su condena.<\/p>\n<p>Varios casos judiciales giran en torno al exvicepresidente Glas, que se ha declarado inocente de las acusaciones en su contra.<\/p>\n<p>En primera instancia est\u00e1 el caso conocido como Reconstrucci\u00f3n de Manab\u00ed en el que Glas deber\u00e1 responder por el presunto delito de peculado, seg\u00fan dijo este 18 de diciembre la fiscal general de Ecuador, Diana Salazar, en el programa Conclusiones de CNN en Espa\u00f1ol.<\/p>\n<p>Seg\u00fan la fiscal, el exvicepresidente fue citado a rendir una versi\u00f3n ante la Fiscal\u00eda por este caso, en la que el juez le va a formular cargos por peculado, pero, aclar\u00f3 Salazar, por este caso no tiene una orden de detenci\u00f3n.<\/p>\n<p>En el caso de Reconstrucci\u00f3n Manab\u00ed, Glas (junto a otros acusados) debe responder por presuntamente haber cometido peculado por mal uso de recursos p\u00fablicos. Seg\u00fan la Fiscal\u00eda, los hechos ocurrieron durante su gesti\u00f3n como presidente del Comit\u00e9 para la reconstrucci\u00f3n y reactivaci\u00f3n productiva del empleo, que se cre\u00f3 despu\u00e9s del terremoto de magnitud 7,8 que sacudi\u00f3 la regi\u00f3n de Manab\u00ed, al norte de Ecuador, en abril 2016. Ese a\u00f1o se expidi\u00f3 la Ley org\u00e1nica de solidaridad y corresponsabilidad ciudadana, cuyo objetivo era reconstruir y reactivar econ\u00f3micamente las zonas costeras del pa\u00eds afectadas por el sismo.<\/p>\n<p>En 2019, la Contralor\u00eda General de Ecuador determin\u00f3 presuntas irregularidades en un contrato firmado en marzo de 2017 con el que se adjudic\u00f3 la obra de la v\u00eda Manta-Colisa de 22 kil\u00f3metros por un costo de m\u00e1s de US$ 68 millones con dineros de ese fondo. La Fiscal\u00eda dijo que esa carretera no cumpl\u00eda con los ejes propuestos por la Ley de solidaridad \u2014emergencia, reconstrucci\u00f3n y reactivaci\u00f3n\u2014 pero que aun as\u00ed fue adjudicado.<\/p>\n<p>La fiscal general explic\u00f3 los fundamentos de esa acusaci\u00f3n en un mensaje que public\u00f3 en Twitter, ahora X, el 1 de junio de 2023, se\u00f1alando que esa carretera fue establecida como prioritaria &#171;sin tomar en cuenta que exist\u00edan 587 proyectos para reconstrucci\u00f3n de infraestructura p\u00fablica de vivienda, salud y educaci\u00f3n, que requer\u00edan atenci\u00f3n inmediata despu\u00e9s del terremoto&#187;.<\/p>\n<p>The-CNN-Wire<br \/>\u2122 &amp; \u00a9 2024 Cable News Network, Inc., a Warner Bros. Discovery Company. All rights reserved.<\/p>\n","protected":false},"excerpt":{"rendered":"<p>(CNN en Espa\u00f1ol) &#8212; Un juez acept\u00f3 este viernes el pedido de la Fiscal\u00eda de Ecuador para dictar prisi\u00f3n preventiva al exvicepresidente Jorge Glas en relaci\u00f3n con el caso de la reconstrucci\u00f3n de Manab\u00ed, inform\u00f3 la Fiscal\u00eda en su cuenta de la red social X (antes Twitter). \u201c#CasoReconstrucci\u00f3nDeManab\u00ed: Juez acoge el pedido \u2013legalmente fundamentado\u2013 de [&hellip;]<\/p>\n","protected":false},"author":0,"featured_media":0,"comment_status":"open","ping_status":"open","sticky":false,"template":"","format":"standard","meta":{"_jetpack_memberships_contains_paid_content":false,"footnotes":""},"categories":[10],"tags":[],"class_list":["post-1443229","post","type-post","status-publish","format-standard","hentry","category-noticias-nacionales","market-global"],"yoast_head":"<!-- This site is optimized with the Yoast SEO plugin v24.4 - https:\/\/yoast.com\/wordpress\/plugins\/seo\/ -->\n<title>Juez de Ecuador dicta prisi\u00f3n preventiva contra exvicepresidente Glas por caso Manab\u00ed - Noticias<\/title>\n<meta name=\"robots\" content=\"index, follow, max-snippet:-1, max-image-preview:large, max-video-preview:-1\" \/>\n<link rel=\"canonical\" href=\"https:\/\/noticiasya.com\/2024\/01\/06\/juez-de-ecuador-dicta-prision-preventiva-contra-exvicepresidente-glas-por-caso-manabi\/\" \/>\n<meta property=\"og:locale\" content=\"es_ES\" \/>\n<meta property=\"og:type\" content=\"article\" \/>\n<meta property=\"og:title\" content=\"Juez de Ecuador dicta prisi\u00f3n preventiva contra exvicepresidente Glas por caso Manab\u00ed - Noticias\" \/>\n<meta property=\"og:description\" content=\"(CNN en Espa\u00f1ol) &#8212; Un juez acept\u00f3 este viernes el pedido de la Fiscal\u00eda de Ecuador para dictar prisi\u00f3n preventiva al exvicepresidente Jorge Glas en relaci\u00f3n con el caso de la reconstrucci\u00f3n de Manab\u00ed, inform\u00f3 la Fiscal\u00eda en su cuenta de la red social X (antes Twitter). \u201c#CasoReconstrucci\u00f3nDeManab\u00ed: Juez acoge el pedido \u2013legalmente fundamentado\u2013 de [&hellip;]\" \/>\n<meta property=\"og:url\" content=\"https:\/\/noticiasya.com\/2024\/01\/06\/juez-de-ecuador-dicta-prision-preventiva-contra-exvicepresidente-glas-por-caso-manabi\/\" \/>\n<meta property=\"og:site_name\" content=\"Noticias\" \/>\n<meta property=\"article:published_time\" content=\"2024-01-06T09:33:37+00:00\" \/>\n<meta name=\"twitter:card\" content=\"summary_large_image\" \/>\n<meta name=\"twitter:label1\" content=\"Est. reading time\" \/>\n\t<meta name=\"twitter:data1\" content=\"3 minutos\" \/>\n<script type=\"application\/ld+json\" class=\"yoast-schema-graph\">{\"@context\":\"https:\/\/schema.org\",\"@graph\":[{\"@type\":\"Article\",\"@id\":\"https:\/\/noticiasya.com\/2024\/01\/06\/juez-de-ecuador-dicta-prision-preventiva-contra-exvicepresidente-glas-por-caso-manabi\/#article\",\"isPartOf\":{\"@id\":\"https:\/\/noticiasya.com\/2024\/01\/06\/juez-de-ecuador-dicta-prision-preventiva-contra-exvicepresidente-glas-por-caso-manabi\/\"},\"author\":{\"name\":\"\",\"@id\":\"\"},\"headline\":\"Juez de Ecuador dicta prisi\u00f3n preventiva contra exvicepresidente Glas por caso Manab\u00ed\",\"datePublished\":\"2024-01-06T09:33:37+00:00\",\"mainEntityOfPage\":{\"@id\":\"https:\/\/noticiasya.com\/2024\/01\/06\/juez-de-ecuador-dicta-prision-preventiva-contra-exvicepresidente-glas-por-caso-manabi\/\"},\"wordCount\":633,\"commentCount\":0,\"publisher\":{\"@id\":\"https:\/\/noticiasya.com\/#organization\"},\"articleSection\":[\"Noticias Nacionales\"],\"inLanguage\":\"es\",\"potentialAction\":[{\"@type\":\"CommentAction\",\"name\":\"Comment\",\"target\":[\"https:\/\/noticiasya.com\/2024\/01\/06\/juez-de-ecuador-dicta-prision-preventiva-contra-exvicepresidente-glas-por-caso-manabi\/#respond\"]}]},{\"@type\":\"WebPage\",\"@id\":\"https:\/\/noticiasya.com\/2024\/01\/06\/juez-de-ecuador-dicta-prision-preventiva-contra-exvicepresidente-glas-por-caso-manabi\/\",\"url\":\"https:\/\/noticiasya.com\/2024\/01\/06\/juez-de-ecuador-dicta-prision-preventiva-contra-exvicepresidente-glas-por-caso-manabi\/\",\"name\":\"Juez de Ecuador dicta prisi\u00f3n preventiva contra exvicepresidente Glas por caso Manab\u00ed - Noticias\",\"isPartOf\":{\"@id\":\"https:\/\/noticiasya.com\/#website\"},\"datePublished\":\"2024-01-06T09:33:37+00:00\",\"breadcrumb\":{\"@id\":\"https:\/\/noticiasya.com\/2024\/01\/06\/juez-de-ecuador-dicta-prision-preventiva-contra-exvicepresidente-glas-por-caso-manabi\/#breadcrumb\"},\"inLanguage\":\"es\",\"potentialAction\":[{\"@type\":\"ReadAction\",\"target\":[\"https:\/\/noticiasya.com\/2024\/01\/06\/juez-de-ecuador-dicta-prision-preventiva-contra-exvicepresidente-glas-por-caso-manabi\/\"]}]},{\"@type\":\"BreadcrumbList\",\"@id\":\"https:\/\/noticiasya.com\/2024\/01\/06\/juez-de-ecuador-dicta-prision-preventiva-contra-exvicepresidente-glas-por-caso-manabi\/#breadcrumb\",\"itemListElement\":[{\"@type\":\"ListItem\",\"position\":1,\"name\":\"Home\",\"item\":\"https:\/\/noticiasya.com\/\"},{\"@type\":\"ListItem\",\"position\":2,\"name\":\"Juez de Ecuador dicta prisi\u00f3n preventiva contra exvicepresidente Glas por caso Manab\u00ed\"}]},{\"@type\":\"WebSite\",\"@id\":\"https:\/\/noticiasya.com\/#website\",\"url\":\"https:\/\/noticiasya.com\/\",\"name\":\"Noticias\",\"description\":\"Lo que importa\",\"publisher\":{\"@id\":\"https:\/\/noticiasya.com\/#organization\"},\"potentialAction\":[{\"@type\":\"SearchAction\",\"target\":{\"@type\":\"EntryPoint\",\"urlTemplate\":\"https:\/\/noticiasya.com\/?s={search_term_string}\"},\"query-input\":{\"@type\":\"PropertyValueSpecification\",\"valueRequired\":true,\"valueName\":\"search_term_string\"}}],\"inLanguage\":\"es\"},{\"@type\":\"Organization\",\"@id\":\"https:\/\/noticiasya.com\/#organization\",\"name\":\"Noticias\",\"url\":\"https:\/\/noticiasya.com\/\",\"logo\":{\"@type\":\"ImageObject\",\"inLanguage\":\"es\",\"@id\":\"https:\/\/noticiasya.com\/#\/schema\/logo\/image\/\",\"url\":\"https:\/\/noticiasya.com\/wp-content\/uploads\/sites\/22\/2023\/12\/logo-nacional.png\",\"contentUrl\":\"https:\/\/noticiasya.com\/wp-content\/uploads\/sites\/22\/2023\/12\/logo-nacional.png\",\"width\":1801,\"height\":691,\"caption\":\"Noticias\"},\"image\":{\"@id\":\"https:\/\/noticiasya.com\/#\/schema\/logo\/image\/\"}}]}<\/script>\n<!-- \/ Yoast SEO plugin. -->","yoast_head_json":{"title":"Juez de Ecuador dicta prisi\u00f3n preventiva contra exvicepresidente Glas por caso Manab\u00ed - Noticias","robots":{"index":"index","follow":"follow","max-snippet":"max-snippet:-1","max-image-preview":"max-image-preview:large","max-video-preview":"max-video-preview:-1"},"canonical":"https:\/\/noticiasya.com\/2024\/01\/06\/juez-de-ecuador-dicta-prision-preventiva-contra-exvicepresidente-glas-por-caso-manabi\/","og_locale":"es_ES","og_type":"article","og_title":"Juez de Ecuador dicta prisi\u00f3n preventiva contra exvicepresidente Glas por caso Manab\u00ed - Noticias","og_description":"(CNN en Espa\u00f1ol) &#8212; Un juez acept\u00f3 este viernes el pedido de la Fiscal\u00eda de Ecuador para dictar prisi\u00f3n preventiva al exvicepresidente Jorge Glas en relaci\u00f3n con el caso de la reconstrucci\u00f3n de Manab\u00ed, inform\u00f3 la Fiscal\u00eda en su cuenta de la red social X (antes Twitter). \u201c#CasoReconstrucci\u00f3nDeManab\u00ed: Juez acoge el pedido \u2013legalmente fundamentado\u2013 de [&hellip;]","og_url":"https:\/\/noticiasya.com\/2024\/01\/06\/juez-de-ecuador-dicta-prision-preventiva-contra-exvicepresidente-glas-por-caso-manabi\/","og_site_name":"Noticias","article_published_time":"2024-01-06T09:33:37+00:00","twitter_card":"summary_large_image","twitter_misc":{"Est. reading time":"3 minutos"},"schema":{"@context":"https:\/\/schema.org","@graph":[{"@type":"Article","@id":"https:\/\/noticiasya.com\/2024\/01\/06\/juez-de-ecuador-dicta-prision-preventiva-contra-exvicepresidente-glas-por-caso-manabi\/#article","isPartOf":{"@id":"https:\/\/noticiasya.com\/2024\/01\/06\/juez-de-ecuador-dicta-prision-preventiva-contra-exvicepresidente-glas-por-caso-manabi\/"},"author":{"name":"","@id":""},"headline":"Juez de Ecuador dicta prisi\u00f3n preventiva contra exvicepresidente Glas por caso Manab\u00ed","datePublished":"2024-01-06T09:33:37+00:00","mainEntityOfPage":{"@id":"https:\/\/noticiasya.com\/2024\/01\/06\/juez-de-ecuador-dicta-prision-preventiva-contra-exvicepresidente-glas-por-caso-manabi\/"},"wordCount":633,"commentCount":0,"publisher":{"@id":"https:\/\/noticiasya.com\/#organization"},"articleSection":["Noticias Nacionales"],"inLanguage":"es","potentialAction":[{"@type":"CommentAction","name":"Comment","target":["https:\/\/noticiasya.com\/2024\/01\/06\/juez-de-ecuador-dicta-prision-preventiva-contra-exvicepresidente-glas-por-caso-manabi\/#respond"]}]},{"@type":"WebPage","@id":"https:\/\/noticiasya.com\/2024\/01\/06\/juez-de-ecuador-dicta-prision-preventiva-contra-exvicepresidente-glas-por-caso-manabi\/","url":"https:\/\/noticiasya.com\/2024\/01\/06\/juez-de-ecuador-dicta-prision-preventiva-contra-exvicepresidente-glas-por-caso-manabi\/","name":"Juez de Ecuador dicta prisi\u00f3n preventiva contra exvicepresidente Glas por caso Manab\u00ed - Noticias","isPartOf":{"@id":"https:\/\/noticiasya.com\/#website"},"datePublished":"2024-01-06T09:33:37+00:00","breadcrumb":{"@id":"https:\/\/noticiasya.com\/2024\/01\/06\/juez-de-ecuador-dicta-prision-preventiva-contra-exvicepresidente-glas-por-caso-manabi\/#breadcrumb"},"inLanguage":"es","potentialAction":[{"@type":"ReadAction","target":["https:\/\/noticiasya.com\/2024\/01\/06\/juez-de-ecuador-dicta-prision-preventiva-contra-exvicepresidente-glas-por-caso-manabi\/"]}]},{"@type":"BreadcrumbList","@id":"https:\/\/noticiasya.com\/2024\/01\/06\/juez-de-ecuador-dicta-prision-preventiva-contra-exvicepresidente-glas-por-caso-manabi\/#breadcrumb","itemListElement":[{"@type":"ListItem","position":1,"name":"Home","item":"https:\/\/noticiasya.com\/"},{"@type":"ListItem","position":2,"name":"Juez de Ecuador dicta prisi\u00f3n preventiva contra exvicepresidente Glas por caso Manab\u00ed"}]},{"@type":"WebSite","@id":"https:\/\/noticiasya.com\/#website","url":"https:\/\/noticiasya.com\/","name":"Noticias","description":"Lo que importa","publisher":{"@id":"https:\/\/noticiasya.com\/#organization"},"potentialAction":[{"@type":"SearchAction","target":{"@type":"EntryPoint","urlTemplate":"https:\/\/noticiasya.com\/?s={search_term_string}"},"query-input":{"@type":"PropertyValueSpecification","valueRequired":true,"valueName":"search_term_string"}}],"inLanguage":"es"},{"@type":"Organization","@id":"https:\/\/noticiasya.com\/#organization","name":"Noticias","url":"https:\/\/noticiasya.com\/","logo":{"@type":"ImageObject","inLanguage":"es","@id":"https:\/\/noticiasya.com\/#\/schema\/logo\/image\/","url":"https:\/\/noticiasya.com\/wp-content\/uploads\/sites\/22\/2023\/12\/logo-nacional.png","contentUrl":"https:\/\/noticiasya.com\/wp-content\/uploads\/sites\/22\/2023\/12\/logo-nacional.png","width":1801,"height":691,"caption":"Noticias"},"image":{"@id":"https:\/\/noticiasya.com\/#\/schema\/logo\/image\/"}}]}},"parsely":{"version":"1.1.0","canonical_url":"https:\/\/noticiasya.com\/san-diego\/2024\/01\/06\/juez-de-ecuador-dicta-prision-preventiva-contra-exvicepresidente-glas-por-caso-manabi\/","smart_links":{"inbound":0,"outbound":0},"traffic_boost_suggestions_count":0,"meta":{"@context":"https:\/\/schema.org","@type":"NewsArticle","headline":"Juez de Ecuador dicta prisi\u00f3n preventiva contra exvicepresidente Glas por caso Manab\u00ed","url":"http:\/\/noticiasya.com\/san-diego\/2024\/01\/06\/juez-de-ecuador-dicta-prision-preventiva-contra-exvicepresidente-glas-por-caso-manabi\/","mainEntityOfPage":{"@type":"WebPage","@id":"http:\/\/noticiasya.com\/san-diego\/2024\/01\/06\/juez-de-ecuador-dicta-prision-preventiva-contra-exvicepresidente-glas-por-caso-manabi\/"},"thumbnailUrl":"","image":{"@type":"ImageObject","url":""},"articleSection":"Noticias Nacionales","author":[],"creator":[],"publisher":{"@type":"Organization","name":"Noticias","logo":""},"keywords":[],"dateCreated":"2024-01-06T09:33:37Z","datePublished":"2024-01-06T09:33:37Z","dateModified":"2024-01-06T09:33:37Z"},"rendered":"<script type=\"application\/ld+json\" class=\"wp-parsely-metadata\">{\"@context\":\"https:\\\/\\\/schema.org\",\"@type\":\"NewsArticle\",\"headline\":\"Juez de Ecuador dicta prisi\\u00f3n preventiva contra exvicepresidente Glas por caso Manab\\u00ed\",\"url\":\"http:\\\/\\\/noticiasya.com\\\/san-diego\\\/2024\\\/01\\\/06\\\/juez-de-ecuador-dicta-prision-preventiva-contra-exvicepresidente-glas-por-caso-manabi\\\/\",\"mainEntityOfPage\":{\"@type\":\"WebPage\",\"@id\":\"http:\\\/\\\/noticiasya.com\\\/san-diego\\\/2024\\\/01\\\/06\\\/juez-de-ecuador-dicta-prision-preventiva-contra-exvicepresidente-glas-por-caso-manabi\\\/\"},\"thumbnailUrl\":\"\",\"image\":{\"@type\":\"ImageObject\",\"url\":\"\"},\"articleSection\":\"Noticias Nacionales\",\"author\":[],\"creator\":[],\"publisher\":{\"@type\":\"Organization\",\"name\":\"Noticias\",\"logo\":\"\"},\"keywords\":[],\"dateCreated\":\"2024-01-06T09:33:37Z\",\"datePublished\":\"2024-01-06T09:33:37Z\",\"dateModified\":\"2024-01-06T09:33:37Z\"}<\/script>","tracker_url":"https:\/\/cdn.parsely.com\/keys\/noticiasya.com\/p.js"},"jetpack_featured_media_url":"","jetpack-related-posts":[{"id":1446479,"url":"https:\/\/noticiasya.com\/san-diego\/2024\/03\/04\/juez-ecuador-dicta-prision-preventiva-exvicepresidente-glas-orix\/","url_meta":{"origin":1443229,"position":0},"title":"Juez de Ecuador dicta prisi\u00f3n preventiva para exvicepresidente Jorge Glas por caso \u201cReconstrucci\u00f3n de Manab\u00ed\u201d","author":"","date":"marzo 4, 2024","format":false,"excerpt":"(CNN en Espa\u00f1ol) -- El juez Luis Rivera, de \u00a0la Corte Nacional de Justicia, acept\u00f3 este viernes el pedido de la Fiscal\u00eda de Ecuador para dictar prisi\u00f3n preventiva al exvicepresidente Jorge Glas en relaci\u00f3n con el caso de la reconstrucci\u00f3n de Manab\u00ed, inform\u00f3 la Fiscal\u00eda en su cuenta de la\u2026","rel":"","context":"In &quot;Noticias Nacionales&quot;","block_context":{"text":"Noticias Nacionales","link":"https:\/\/noticiasya.com\/san-diego\/categoria\/noticias-nacionales"},"img":{"alt_text":"","src":"","width":0,"height":0},"classes":[]},{"id":1446476,"url":"https:\/\/noticiasya.com\/san-diego\/2024\/03\/04\/jorge-glas-ecuador-embajada-mexico-orix\/","url_meta":{"origin":1443229,"position":1},"title":"Ecuador pide a M\u00e9xico consentimiento para ingresar a su embajada en Quito a capturar a Jorge Glas","author":"","date":"marzo 4, 2024","format":false,"excerpt":"(CNN Espa\u00f1ol) \u2013\u2013 Dos meses y medio despu\u00e9s de que el exvicepresidente de Ecuador Jorge Glas ingres\u00f3 a la embajada de M\u00e9xico en Quito en calidad de hu\u00e9sped, el Ministerio de Relaciones Exteriores ecuatoriano pidi\u00f3 \u2013\u2013a trav\u00e9s de una carta enviada a la delegaci\u00f3n diplom\u00e1tica mexicana\u2013\u2013\u2013autorizaci\u00f3n para que la fuerza\u2026","rel":"","context":"In &quot;Noticias Nacionales&quot;","block_context":{"text":"Noticias Nacionales","link":"https:\/\/noticiasya.com\/san-diego\/categoria\/noticias-nacionales"},"img":{"alt_text":"","src":"","width":0,"height":0},"classes":[]},{"id":1448713,"url":"https:\/\/noticiasya.com\/san-diego\/2024\/04\/30\/fiscalia-ecuador-extraer-informacion-dispositivos-jorge-glas-embajada-mexicana-orix\/","url_meta":{"origin":1443229,"position":2},"title":"Fiscal\u00eda de Ecuador podr\u00e1 extraer informaci\u00f3n de dispositivos de Jorge Glas recuperados tras captura en la embajada mexicana","author":"","date":"abril 30, 2024","format":false,"excerpt":"(CNN Espa\u00f1ol) -- El exvicepresidente de Ecuador, Jorge Glas, no logr\u00f3 evitar que dos de sus celulares y una tableta incautados por la Polic\u00eda Nacional durante el allanamiento en la embajada de M\u00e9xico en Quito sean registrados y analizados por peritos de la Fiscal\u00eda General del Estado.As\u00ed lo determin\u00f3 el\u2026","rel":"","context":"In &quot;Noticias Nacionales&quot;","block_context":{"text":"Noticias Nacionales","link":"https:\/\/noticiasya.com\/san-diego\/categoria\/noticias-nacionales"},"img":{"alt_text":"","src":"","width":0,"height":0},"classes":[]},{"id":1446485,"url":"https:\/\/noticiasya.com\/san-diego\/2024\/03\/04\/jorge-glas-de-que-acusan-exvicepresidente-ecuador-orix\/","url_meta":{"origin":1443229,"position":3},"title":"\u00bfDe qu\u00e9 acusan al exvicepresidente de Ecuador Jorge Glas?","author":"","date":"marzo 4, 2024","format":false,"excerpt":"(CNN Espa\u00f1ol) -- El exvicepresidente de Ecuador Jorge Glas acudi\u00f3 a la embajada de M\u00e9xico en Ecuador en calidad de \"hu\u00e9sped\" y solicit\u00f3 asilo este 20 de diciembre, alegando \"persecuci\u00f3n pol\u00edtica\" por parte de las autoridades judiciales de su pa\u00eds, seg\u00fan dijo su abogado.Glas, que sirvi\u00f3 bajo los mandatos de\u2026","rel":"","context":"In &quot;Noticias Nacionales&quot;","block_context":{"text":"Noticias Nacionales","link":"https:\/\/noticiasya.com\/san-diego\/categoria\/noticias-nacionales"},"img":{"alt_text":"","src":"","width":0,"height":0},"classes":[]},{"id":1447936,"url":"https:\/\/noticiasya.com\/san-diego\/2024\/04\/10\/jorge-glas-exvicepresidente-de-ecuador-inicia-huelga-de-hambre-dice-un-miembro-de-su-equipo-a-cnn\/","url_meta":{"origin":1443229,"position":4},"title":"Jorge Glas, exvicepresidente de Ecuador, inicia huelga de hambre, dice un miembro de su equipo a CNN","author":"","date":"abril 10, 2024","format":false,"excerpt":"(CNN Espa\u00f1ol) \u2013\u2013 El exvicepresidente de Ecuador Jorge Glas, recluido en la c\u00e1rcel de m\u00e1xima seguridad de La Roca en Guayaquil desde el s\u00e1bado, empez\u00f3 una huelga de hambre este mi\u00e9rcoles, seg\u00fan confirm\u00f3 un miembro de su equipo a CNN.\u201cEst\u00e1 en un hueco, sin luz\u201d, dijo la fuente a CNN.\u00bfQui\u00e9n\u2026","rel":"","context":"In &quot;Noticias Nacionales&quot;","block_context":{"text":"Noticias Nacionales","link":"https:\/\/noticiasya.com\/san-diego\/categoria\/noticias-nacionales"},"img":{"alt_text":"","src":"","width":0,"height":0},"classes":[]},{"id":1446215,"url":"https:\/\/noticiasya.com\/san-diego\/2024\/03\/02\/canciller-alicia-barcena-mexico-no-dara-acceso-embajada-arrestar-jorge-glas-orix\/","url_meta":{"origin":1443229,"position":5},"title":"Canciller Alicia B\u00e1rcena dice que M\u00e9xico no dar\u00e1 acceso a su embajada en Quito para arrestar a Jorge Glas","author":"","date":"marzo 2, 2024","format":false,"excerpt":"(CNN Espa\u00f1ol) --\u00a0La canciller de M\u00e9xico Alicia B\u00e1rcena Ibarra dijo este viernes que su Gobierno no le permitir\u00e1 a las autoridades ecuatorianas entrar a la embajada mexicana en Quito para arrestar al exvicepresidente Jorge Glas, a quien buscan por su presunta participaci\u00f3n en un caso de peculado, del cual el\u2026","rel":"","context":"In &quot;Noticias Nacionales&quot;","block_context":{"text":"Noticias Nacionales","link":"https:\/\/noticiasya.com\/san-diego\/categoria\/noticias-nacionales"},"img":{"alt_text":"","src":"","width":0,"height":0},"classes":[]}],"jetpack_sharing_enabled":true,"_links":{"self":[{"href":"https:\/\/noticiasya.com\/san-diego\/wp-json\/wp\/v2\/posts\/1443229","targetHints":{"allow":["GET"]}}],"collection":[{"href":"https:\/\/noticiasya.com\/san-diego\/wp-json\/wp\/v2\/posts"}],"about":[{"href":"https:\/\/noticiasya.com\/san-diego\/wp-json\/wp\/v2\/types\/post"}],"replies":[{"embeddable":true,"href":"https:\/\/noticiasya.com\/san-diego\/wp-json\/wp\/v2\/comments?post=1443229"}],"version-history":[{"count":1,"href":"https:\/\/noticiasya.com\/san-diego\/wp-json\/wp\/v2\/posts\/1443229\/revisions"}],"predecessor-version":[{"id":1443245,"href":"https:\/\/noticiasya.com\/san-diego\/wp-json\/wp\/v2\/posts\/1443229\/revisions\/1443245"}],"wp:attachment":[{"href":"https:\/\/noticiasya.com\/san-diego\/wp-json\/wp\/v2\/media?parent=1443229"}],"wp:term":[{"taxonomy":"category","embeddable":true,"href":"https:\/\/noticiasya.com\/san-diego\/wp-json\/wp\/v2\/categories?post=1443229"},{"taxonomy":"post_tag","embeddable":true,"href":"https:\/\/noticiasya.com\/san-diego\/wp-json\/wp\/v2\/tags?post=1443229"}],"curies":[{"name":"wp","href":"https:\/\/api.w.org\/{rel}","templated":true}]}}