{"id":1443994,"date":"2024-01-17T12:33:32","date_gmt":"2024-01-17T20:33:32","guid":{"rendered":"https:\/\/wordpress-vip.entravision.com\/noticias\/?p=1443994"},"modified":"2024-01-17T12:33:32","modified_gmt":"2024-01-17T20:33:32","slug":"uniqlo-demanda-a-shein-por-supuestamente-copiar-su-bolso-viral-2","status":"publish","type":"post","link":"https:\/\/noticiasya.com\/san-diego\/2024\/01\/17\/uniqlo-demanda-a-shein-por-supuestamente-copiar-su-bolso-viral-2\/","title":{"rendered":"Uniqlo demanda a Shein por supuestamente copiar su bolso viral"},"content":{"rendered":"<p>(CNN) &#8212; La marca japonesa Uniqlo est\u00e1 demandando a Shein por acusaciones de que el minorista chino de moda r\u00e1pida est\u00e1 vendiendo imitaciones de su bolso de hombro viral.<\/p>\n<p>Fast Retailing, el gigante japon\u00e9s propietario de Uniqlo y Theory, dijo en un comunicado que la forma de los &#171;productos de imitaci\u00f3n&#187; que vende Shein &#171;se parece mucho&#187; al mini bolso de hombro redondo de Uniqlo, que se volvi\u00f3 viral en TikTok y otras plataformas de redes sociales en 2022 y 2023, hasta el punto de agotarse varias veces.<\/p>\n<p>El bolso en forma de media luna, que se lleva cruzado sobre el torso y tiene un precio de solo US$ 20, fue tan popular que apareci\u00f3 en los titulares de los medios de comunicaci\u00f3n de todo el mundo y obtuvo el primer puesto en la clasificaci\u00f3n de los productos m\u00e1s populares de la empresa de tecnolog\u00eda de moda Lyst en el primer trimestre de 2023.<\/p>\n<p>Una mujer pasa junto a un estante del mini bolso de hombro redondo viral en una tienda Uniqlo en Tokio, Jap\u00f3n, el 16 de enero de 2024.Richard A. Brooks\/AFP\/Getty Images<\/p>\n<p>Pero la popularidad del art\u00edculo tambi\u00e9n inspir\u00f3 una ola de productos imitaciones, lo que llev\u00f3 a Uniqlo a advertir en su sitio web que estaba investigando supuestas copias y que podr\u00eda emprender acciones legales.<\/p>\n<p>Su demanda contra Shein se present\u00f3 en Tokio el 28 de diciembre y nombr\u00f3 a tres de los operadores de la marca (Roadget Business Pte, Fashion Choice Pte y Shein Japan), seg\u00fan el comunicado de Fast Retailing.<\/p>\n<p>Exige el \u201ccese inmediato de las ventas de los productos de imitaci\u00f3n, y la compensaci\u00f3n por los da\u00f1os sufridos por la Compa\u00f1\u00eda como consecuencia de estas ventas\u201d<\/p>\n<p>El comunicado a\u00f1ade que la venta de estas falsificaciones socav\u00f3 &#171;significativamente&#187; la confianza de los clientes en &#171;la calidad de la marca Uniqlo y sus productos&#187;, y que Fast Retailing adopta una &#171;postura decidida&#187; contra cualquier infracci\u00f3n de su propiedad intelectual.<\/p>\n<p>En una declaraci\u00f3n a CNN, un portavoz de Shein dijo que la compa\u00f1\u00eda estaba &#171;actualmente investigando este asunto&#187;.<\/p>\n<p>&#171;Shein respeta los derechos de propiedad intelectual de otros y toma en serio todas las reclamaciones de infracci\u00f3n&#187;, afirm\u00f3.<\/p>\n<p>El bolso de hombro comenz\u00f3 a circular por primera vez en TikTok en 2022 y continu\u00f3 ganando popularidad hasta 2023, y los creadores de videos elogiaron su versatilidad, amplitud y asequibilidad.<\/p>\n<p>Los TikToks m\u00e1s virales sobre el bolso acumularon millones de visitas, desde consejos de estilo hasta videos de &#171;qu\u00e9 hay en mi bolso&#187;, unboxings y rese\u00f1as de art\u00edculos. Hasta el mi\u00e9rcoles, el hashtag #uniqlobag en TikTok ha acumulado m\u00e1s de 133,2 millones de visitas.<\/p>\n<p>En un informe para inversores del tercer trimestre de 2023, Fast Retailer le dio cr\u00e9dito al bolso de hombro por despertar \u201cun inter\u00e9s considerable en las redes sociales\u201d y ampliar su base de clientes entre mujeres y compradores m\u00e1s j\u00f3venes.<\/p>\n<p>Esta no es la primera vez que Shein se enfrenta a acciones legales o controversias. El a\u00f1o pasado, tres dise\u00f1adores gr\u00e1ficos demandaron al minorista en Estados Unidos por presunta infracci\u00f3n de derechos de autor y extorsi\u00f3n, alegando que Shein hab\u00eda vendido copias exactas de sus dise\u00f1os.<\/p>\n<p>En ese momento, un portavoz de Shein dijo que la compa\u00f1\u00eda &#171;nos defender\u00eda en\u00e9rgicamente contra esta demanda y cualquier reclamo que no tenga fundamento&#187;.<\/p>\n<p>Y en diciembre, Shein tambi\u00e9n fue demandada por su rival Temu, tambi\u00e9n un sitio de comercio electr\u00f3nico de propiedad china, que alegaba que Shein hab\u00eda utilizado t\u00e1cticas agresivas e ilegales para frustrar la competencia, el \u00faltimo acontecimiento en una lucha legal en curso entre los dos.<\/p>\n<p>The-CNN-Wire<br \/>\u2122 &amp; \u00a9 2024 Cable News Network, Inc., a Warner Bros. Discovery Company. All rights reserved.<\/p>\n","protected":false},"excerpt":{"rendered":"<p>(CNN) &#8212; La marca japonesa Uniqlo est\u00e1 demandando a Shein por acusaciones de que el minorista chino de moda r\u00e1pida est\u00e1 vendiendo imitaciones de su bolso de hombro viral. Fast Retailing, el gigante japon\u00e9s propietario de Uniqlo y Theory, dijo en un comunicado que la forma de los &#171;productos de imitaci\u00f3n&#187; que vende Shein &#171;se [&hellip;]<\/p>\n","protected":false},"author":0,"featured_media":0,"comment_status":"open","ping_status":"open","sticky":false,"template":"","format":"standard","meta":{"_jetpack_memberships_contains_paid_content":false,"footnotes":""},"categories":[10],"tags":[],"class_list":["post-1443994","post","type-post","status-publish","format-standard","hentry","category-noticias-nacionales","market-global"],"yoast_head":"<!-- This site is optimized with the Yoast SEO plugin v24.4 - https:\/\/yoast.com\/wordpress\/plugins\/seo\/ -->\n<title>Uniqlo demanda a Shein por supuestamente copiar su bolso viral - Noticias<\/title>\n<meta name=\"robots\" content=\"index, follow, max-snippet:-1, max-image-preview:large, max-video-preview:-1\" \/>\n<link rel=\"canonical\" href=\"https:\/\/noticiasya.com\/el-centro\/2024\/01\/17\/uniqlo-demanda-a-shein-por-supuestamente-copiar-su-bolso-viral-2\/\" \/>\n<meta property=\"og:locale\" content=\"es_ES\" \/>\n<meta property=\"og:type\" content=\"article\" \/>\n<meta property=\"og:title\" content=\"Uniqlo demanda a Shein por supuestamente copiar su bolso viral - Noticias\" \/>\n<meta property=\"og:description\" content=\"(CNN) &#8212; La marca japonesa Uniqlo est\u00e1 demandando a Shein por acusaciones de que el minorista chino de moda r\u00e1pida est\u00e1 vendiendo imitaciones de su bolso de hombro viral. Fast Retailing, el gigante japon\u00e9s propietario de Uniqlo y Theory, dijo en un comunicado que la forma de los &#171;productos de imitaci\u00f3n&#187; que vende Shein &#171;se [&hellip;]\" \/>\n<meta property=\"og:url\" content=\"https:\/\/noticiasya.com\/el-centro\/2024\/01\/17\/uniqlo-demanda-a-shein-por-supuestamente-copiar-su-bolso-viral-2\/\" \/>\n<meta property=\"og:site_name\" content=\"Noticias\" \/>\n<meta property=\"article:published_time\" content=\"2024-01-17T20:33:32+00:00\" \/>\n<meta name=\"twitter:card\" content=\"summary_large_image\" \/>\n<meta name=\"twitter:label1\" content=\"Est. reading time\" \/>\n\t<meta name=\"twitter:data1\" content=\"3 minutos\" \/>\n<script type=\"application\/ld+json\" class=\"yoast-schema-graph\">{\"@context\":\"https:\/\/schema.org\",\"@graph\":[{\"@type\":\"Article\",\"@id\":\"https:\/\/noticiasya.com\/el-centro\/2024\/01\/17\/uniqlo-demanda-a-shein-por-supuestamente-copiar-su-bolso-viral-2\/#article\",\"isPartOf\":{\"@id\":\"https:\/\/noticiasya.com\/el-centro\/2024\/01\/17\/uniqlo-demanda-a-shein-por-supuestamente-copiar-su-bolso-viral-2\/\"},\"author\":{\"name\":\"\",\"@id\":\"\"},\"headline\":\"Uniqlo demanda a Shein por supuestamente copiar su bolso viral\",\"datePublished\":\"2024-01-17T20:33:32+00:00\",\"mainEntityOfPage\":{\"@id\":\"https:\/\/noticiasya.com\/el-centro\/2024\/01\/17\/uniqlo-demanda-a-shein-por-supuestamente-copiar-su-bolso-viral-2\/\"},\"wordCount\":652,\"commentCount\":0,\"publisher\":{\"@id\":\"https:\/\/noticiasya.com\/#organization\"},\"articleSection\":[\"Noticias Nacionales\"],\"inLanguage\":\"es\",\"potentialAction\":[{\"@type\":\"CommentAction\",\"name\":\"Comment\",\"target\":[\"https:\/\/noticiasya.com\/el-centro\/2024\/01\/17\/uniqlo-demanda-a-shein-por-supuestamente-copiar-su-bolso-viral-2\/#respond\"]}]},{\"@type\":\"WebPage\",\"@id\":\"https:\/\/noticiasya.com\/el-centro\/2024\/01\/17\/uniqlo-demanda-a-shein-por-supuestamente-copiar-su-bolso-viral-2\/\",\"url\":\"https:\/\/noticiasya.com\/el-centro\/2024\/01\/17\/uniqlo-demanda-a-shein-por-supuestamente-copiar-su-bolso-viral-2\/\",\"name\":\"Uniqlo demanda a Shein por supuestamente copiar su bolso viral - Noticias\",\"isPartOf\":{\"@id\":\"https:\/\/noticiasya.com\/#website\"},\"datePublished\":\"2024-01-17T20:33:32+00:00\",\"breadcrumb\":{\"@id\":\"https:\/\/noticiasya.com\/el-centro\/2024\/01\/17\/uniqlo-demanda-a-shein-por-supuestamente-copiar-su-bolso-viral-2\/#breadcrumb\"},\"inLanguage\":\"es\",\"potentialAction\":[{\"@type\":\"ReadAction\",\"target\":[\"https:\/\/noticiasya.com\/el-centro\/2024\/01\/17\/uniqlo-demanda-a-shein-por-supuestamente-copiar-su-bolso-viral-2\/\"]}]},{\"@type\":\"BreadcrumbList\",\"@id\":\"https:\/\/noticiasya.com\/el-centro\/2024\/01\/17\/uniqlo-demanda-a-shein-por-supuestamente-copiar-su-bolso-viral-2\/#breadcrumb\",\"itemListElement\":[{\"@type\":\"ListItem\",\"position\":1,\"name\":\"Home\",\"item\":\"https:\/\/noticiasya.com\/\"},{\"@type\":\"ListItem\",\"position\":2,\"name\":\"Uniqlo demanda a Shein por supuestamente copiar su bolso viral\"}]},{\"@type\":\"WebSite\",\"@id\":\"https:\/\/noticiasya.com\/#website\",\"url\":\"https:\/\/noticiasya.com\/\",\"name\":\"Noticias\",\"description\":\"Lo que importa\",\"publisher\":{\"@id\":\"https:\/\/noticiasya.com\/#organization\"},\"potentialAction\":[{\"@type\":\"SearchAction\",\"target\":{\"@type\":\"EntryPoint\",\"urlTemplate\":\"https:\/\/noticiasya.com\/?s={search_term_string}\"},\"query-input\":{\"@type\":\"PropertyValueSpecification\",\"valueRequired\":true,\"valueName\":\"search_term_string\"}}],\"inLanguage\":\"es\"},{\"@type\":\"Organization\",\"@id\":\"https:\/\/noticiasya.com\/#organization\",\"name\":\"Noticias\",\"url\":\"https:\/\/noticiasya.com\/\",\"logo\":{\"@type\":\"ImageObject\",\"inLanguage\":\"es\",\"@id\":\"https:\/\/noticiasya.com\/#\/schema\/logo\/image\/\",\"url\":\"https:\/\/noticiasya.com\/wp-content\/uploads\/sites\/22\/2023\/12\/logo-nacional.png\",\"contentUrl\":\"https:\/\/noticiasya.com\/wp-content\/uploads\/sites\/22\/2023\/12\/logo-nacional.png\",\"width\":1801,\"height\":691,\"caption\":\"Noticias\"},\"image\":{\"@id\":\"https:\/\/noticiasya.com\/#\/schema\/logo\/image\/\"}}]}<\/script>\n<!-- \/ Yoast SEO plugin. -->","yoast_head_json":{"title":"Uniqlo demanda a Shein por supuestamente copiar su bolso viral - Noticias","robots":{"index":"index","follow":"follow","max-snippet":"max-snippet:-1","max-image-preview":"max-image-preview:large","max-video-preview":"max-video-preview:-1"},"canonical":"https:\/\/noticiasya.com\/el-centro\/2024\/01\/17\/uniqlo-demanda-a-shein-por-supuestamente-copiar-su-bolso-viral-2\/","og_locale":"es_ES","og_type":"article","og_title":"Uniqlo demanda a Shein por supuestamente copiar su bolso viral - Noticias","og_description":"(CNN) &#8212; La marca japonesa Uniqlo est\u00e1 demandando a Shein por acusaciones de que el minorista chino de moda r\u00e1pida est\u00e1 vendiendo imitaciones de su bolso de hombro viral. Fast Retailing, el gigante japon\u00e9s propietario de Uniqlo y Theory, dijo en un comunicado que la forma de los &#171;productos de imitaci\u00f3n&#187; que vende Shein &#171;se [&hellip;]","og_url":"https:\/\/noticiasya.com\/el-centro\/2024\/01\/17\/uniqlo-demanda-a-shein-por-supuestamente-copiar-su-bolso-viral-2\/","og_site_name":"Noticias","article_published_time":"2024-01-17T20:33:32+00:00","twitter_card":"summary_large_image","twitter_misc":{"Est. reading time":"3 minutos"},"schema":{"@context":"https:\/\/schema.org","@graph":[{"@type":"Article","@id":"https:\/\/noticiasya.com\/el-centro\/2024\/01\/17\/uniqlo-demanda-a-shein-por-supuestamente-copiar-su-bolso-viral-2\/#article","isPartOf":{"@id":"https:\/\/noticiasya.com\/el-centro\/2024\/01\/17\/uniqlo-demanda-a-shein-por-supuestamente-copiar-su-bolso-viral-2\/"},"author":{"name":"","@id":""},"headline":"Uniqlo demanda a Shein por supuestamente copiar su bolso viral","datePublished":"2024-01-17T20:33:32+00:00","mainEntityOfPage":{"@id":"https:\/\/noticiasya.com\/el-centro\/2024\/01\/17\/uniqlo-demanda-a-shein-por-supuestamente-copiar-su-bolso-viral-2\/"},"wordCount":652,"commentCount":0,"publisher":{"@id":"https:\/\/noticiasya.com\/#organization"},"articleSection":["Noticias Nacionales"],"inLanguage":"es","potentialAction":[{"@type":"CommentAction","name":"Comment","target":["https:\/\/noticiasya.com\/el-centro\/2024\/01\/17\/uniqlo-demanda-a-shein-por-supuestamente-copiar-su-bolso-viral-2\/#respond"]}]},{"@type":"WebPage","@id":"https:\/\/noticiasya.com\/el-centro\/2024\/01\/17\/uniqlo-demanda-a-shein-por-supuestamente-copiar-su-bolso-viral-2\/","url":"https:\/\/noticiasya.com\/el-centro\/2024\/01\/17\/uniqlo-demanda-a-shein-por-supuestamente-copiar-su-bolso-viral-2\/","name":"Uniqlo demanda a Shein por supuestamente copiar su bolso viral - Noticias","isPartOf":{"@id":"https:\/\/noticiasya.com\/#website"},"datePublished":"2024-01-17T20:33:32+00:00","breadcrumb":{"@id":"https:\/\/noticiasya.com\/el-centro\/2024\/01\/17\/uniqlo-demanda-a-shein-por-supuestamente-copiar-su-bolso-viral-2\/#breadcrumb"},"inLanguage":"es","potentialAction":[{"@type":"ReadAction","target":["https:\/\/noticiasya.com\/el-centro\/2024\/01\/17\/uniqlo-demanda-a-shein-por-supuestamente-copiar-su-bolso-viral-2\/"]}]},{"@type":"BreadcrumbList","@id":"https:\/\/noticiasya.com\/el-centro\/2024\/01\/17\/uniqlo-demanda-a-shein-por-supuestamente-copiar-su-bolso-viral-2\/#breadcrumb","itemListElement":[{"@type":"ListItem","position":1,"name":"Home","item":"https:\/\/noticiasya.com\/"},{"@type":"ListItem","position":2,"name":"Uniqlo demanda a Shein por supuestamente copiar su bolso viral"}]},{"@type":"WebSite","@id":"https:\/\/noticiasya.com\/#website","url":"https:\/\/noticiasya.com\/","name":"Noticias","description":"Lo que importa","publisher":{"@id":"https:\/\/noticiasya.com\/#organization"},"potentialAction":[{"@type":"SearchAction","target":{"@type":"EntryPoint","urlTemplate":"https:\/\/noticiasya.com\/?s={search_term_string}"},"query-input":{"@type":"PropertyValueSpecification","valueRequired":true,"valueName":"search_term_string"}}],"inLanguage":"es"},{"@type":"Organization","@id":"https:\/\/noticiasya.com\/#organization","name":"Noticias","url":"https:\/\/noticiasya.com\/","logo":{"@type":"ImageObject","inLanguage":"es","@id":"https:\/\/noticiasya.com\/#\/schema\/logo\/image\/","url":"https:\/\/noticiasya.com\/wp-content\/uploads\/sites\/22\/2023\/12\/logo-nacional.png","contentUrl":"https:\/\/noticiasya.com\/wp-content\/uploads\/sites\/22\/2023\/12\/logo-nacional.png","width":1801,"height":691,"caption":"Noticias"},"image":{"@id":"https:\/\/noticiasya.com\/#\/schema\/logo\/image\/"}}]}},"parsely":{"version":"1.1.0","canonical_url":"https:\/\/noticiasya.com\/san-diego\/2024\/01\/17\/uniqlo-demanda-a-shein-por-supuestamente-copiar-su-bolso-viral-2\/","smart_links":{"inbound":0,"outbound":0},"traffic_boost_suggestions_count":0,"meta":{"@context":"https:\/\/schema.org","@type":"NewsArticle","headline":"Uniqlo demanda a Shein por supuestamente copiar su bolso viral","url":"http:\/\/noticiasya.com\/san-diego\/2024\/01\/17\/uniqlo-demanda-a-shein-por-supuestamente-copiar-su-bolso-viral-2\/","mainEntityOfPage":{"@type":"WebPage","@id":"http:\/\/noticiasya.com\/san-diego\/2024\/01\/17\/uniqlo-demanda-a-shein-por-supuestamente-copiar-su-bolso-viral-2\/"},"thumbnailUrl":"","image":{"@type":"ImageObject","url":""},"articleSection":"Noticias Nacionales","author":[],"creator":[],"publisher":{"@type":"Organization","name":"Noticias","logo":""},"keywords":[],"dateCreated":"2024-01-17T20:33:32Z","datePublished":"2024-01-17T20:33:32Z","dateModified":"2024-01-17T20:33:32Z"},"rendered":"<script type=\"application\/ld+json\" class=\"wp-parsely-metadata\">{\"@context\":\"https:\\\/\\\/schema.org\",\"@type\":\"NewsArticle\",\"headline\":\"Uniqlo demanda a Shein por supuestamente copiar su bolso viral\",\"url\":\"http:\\\/\\\/noticiasya.com\\\/san-diego\\\/2024\\\/01\\\/17\\\/uniqlo-demanda-a-shein-por-supuestamente-copiar-su-bolso-viral-2\\\/\",\"mainEntityOfPage\":{\"@type\":\"WebPage\",\"@id\":\"http:\\\/\\\/noticiasya.com\\\/san-diego\\\/2024\\\/01\\\/17\\\/uniqlo-demanda-a-shein-por-supuestamente-copiar-su-bolso-viral-2\\\/\"},\"thumbnailUrl\":\"\",\"image\":{\"@type\":\"ImageObject\",\"url\":\"\"},\"articleSection\":\"Noticias Nacionales\",\"author\":[],\"creator\":[],\"publisher\":{\"@type\":\"Organization\",\"name\":\"Noticias\",\"logo\":\"\"},\"keywords\":[],\"dateCreated\":\"2024-01-17T20:33:32Z\",\"datePublished\":\"2024-01-17T20:33:32Z\",\"dateModified\":\"2024-01-17T20:33:32Z\"}<\/script>","tracker_url":"https:\/\/cdn.parsely.com\/keys\/noticiasya.com\/p.js"},"jetpack_featured_media_url":"","jetpack-related-posts":[{"id":1443982,"url":"https:\/\/noticiasya.com\/san-diego\/2024\/01\/17\/uniqlo-demanda-a-shein-por-supuestamente-copiar-su-bolso-viral\/","url_meta":{"origin":1443994,"position":0},"title":"Uniqlo demanda a Shein por supuestamente copiar su bolso viral","author":"","date":"enero 17, 2024","format":false,"excerpt":"(CNN) -- La marca japonesa Uniqlo est\u00e1 demandando a Shein por acusaciones de que el minorista chino de moda r\u00e1pida est\u00e1 vendiendo imitaciones de su bolso de hombro viral.Fast Retailing, el gigante japon\u00e9s propietario de Uniqlo y Theory, dijo en un comunicado que la forma de los \"productos de imitaci\u00f3n\"\u2026","rel":"","context":"In &quot;Noticias Nacionales&quot;","block_context":{"text":"Noticias Nacionales","link":"https:\/\/noticiasya.com\/san-diego\/categoria\/noticias-nacionales"},"img":{"alt_text":"","src":"","width":0,"height":0},"classes":[]},{"id":1463254,"url":"https:\/\/noticiasya.com\/san-diego\/2025\/06\/05\/bolso-original-hermes-jane-birkin-venta-trax\/","url_meta":{"origin":1443994,"position":1},"title":"Subastar\u00e1n el bolso original de Herm\u00e8s de Jane Birkin","author":"","date":"junio 5, 2025","format":false,"excerpt":"El bolso Birkin original de Herm\u00e8s, que sirvi\u00f3 como modelo para uno de los s\u00edmbolos de estatus m\u00e1s codiciados entre celebridades, ser\u00e1 subastado en Par\u00eds el pr\u00f3ximo mes.Este bolso espacioso, cosido a mano con t\u00e9cnica de guarnicionero e inspirado en la actriz y cantante Jane Birkin \u2014fallecida en 2023\u2014 encabezar\u00e1\u2026","rel":"","context":"In &quot;Noticias Nacionales&quot;","block_context":{"text":"Noticias Nacionales","link":"https:\/\/noticiasya.com\/san-diego\/categoria\/noticias-nacionales"},"img":{"alt_text":"","src":"","width":0,"height":0},"classes":[]},{"id":1464398,"url":"https:\/\/noticiasya.com\/san-diego\/2025\/07\/10\/bolso-hermes-original-jane-birkin-subasta-trax\/","url_meta":{"origin":1443994,"position":2},"title":"El bolso Herm\u00e8s original de Jane Birkin se vende por US$ 10 millones","author":"","date":"julio 10, 2025","format":false,"excerpt":"Desgastado, rayado y manchado, este bolso Birkin de cuero negro se acaba de vender por 8,6 millones de euros (US$ 10 millones), con gastos incluidos, y se convirti\u00f3 en el bolso m\u00e1s caro jam\u00e1s subastado. El precio base de la subasta fue de 7 millones de euros (US$ 8,2 millones\u2026","rel":"","context":"In &quot;Noticias Nacionales&quot;","block_context":{"text":"Noticias Nacionales","link":"https:\/\/noticiasya.com\/san-diego\/categoria\/noticias-nacionales"},"img":{"alt_text":"","src":"","width":0,"height":0},"classes":[]},{"id":1409481,"url":"https:\/\/noticiasya.com\/san-diego\/2022\/06\/28\/video-elogian-a-adolescente-por-regresar-bolso-con-dinero-a-mujer-de-chula-vista\/","url_meta":{"origin":1443994,"position":3},"title":"VIDEO: Elogian a adolescente por regresar bolso con dinero a mujer de Chula Vista","author":"agomez","date":"junio 28, 2022","format":false,"excerpt":"Adri\u00e1n Rodr\u00edguez encontr\u00f3 un bolso en el carrito de una tienda Ralphs e inmediatamente lo tom\u00f3.","rel":"","context":"In &quot;Comunidad&quot;","block_context":{"text":"Comunidad","link":"https:\/\/noticiasya.com\/san-diego\/categoria\/comunidad"},"img":{"alt_text":"","src":"","width":0,"height":0},"classes":[]},{"id":1458902,"url":"https:\/\/noticiasya.com\/san-diego\/2025\/02\/19\/quienes-ganan-quienes-pierden-impuestos-shein-temu-trax\/","url_meta":{"origin":1443994,"position":4},"title":"Qui\u00e9nes ganan y qui\u00e9nes pierden con los impuestos a productos de plataformas como Shein, Temu y otras","author":"agomez","date":"febrero 19, 2025","format":false,"excerpt":"Desde hace seis a\u00f1os, Guadalupe vende ropa y otros art\u00edculos de procedencia China por internet. Las ganancias son para los gastos de ella y de su hija, adem\u00e1s de reinvertir en mercanc\u00eda.Pero desde el 1 de enero el Gobierno de M\u00e9xico aplica un 19% de impuesto por importaci\u00f3n si la\u2026","rel":"","context":"In &quot;Noticias Nacionales&quot;","block_context":{"text":"Noticias Nacionales","link":"https:\/\/noticiasya.com\/san-diego\/categoria\/noticias-nacionales"},"img":{"alt_text":"","src":"","width":0,"height":0},"classes":[]},{"id":1461805,"url":"https:\/\/noticiasya.com\/san-diego\/2025\/04\/30\/temu-y-shein-clientes-desesperados-trax\/","url_meta":{"origin":1443994,"position":5},"title":"Los clientes de Temu y Shein en EE.UU. est\u00e1n desesperados, pero dicen no tener otra opci\u00f3n","author":"","date":"abril 30, 2025","format":false,"excerpt":"Rena Scott, enfermera jubilada de Virginia, suele tener entre 10 y 12 pedidos activos de Temu en todo momento.Esta mujer de 64 a\u00f1os ha comprado casi todo lo imaginable en la p\u00e1gina web china. Tiene cuatro camisetas en su carrito y compra con regularidad art\u00edculos de manualidades como lana y\u2026","rel":"","context":"In &quot;Noticias Nacionales&quot;","block_context":{"text":"Noticias Nacionales","link":"https:\/\/noticiasya.com\/san-diego\/categoria\/noticias-nacionales"},"img":{"alt_text":"","src":"","width":0,"height":0},"classes":[]}],"jetpack_sharing_enabled":true,"_links":{"self":[{"href":"https:\/\/noticiasya.com\/san-diego\/wp-json\/wp\/v2\/posts\/1443994","targetHints":{"allow":["GET"]}}],"collection":[{"href":"https:\/\/noticiasya.com\/san-diego\/wp-json\/wp\/v2\/posts"}],"about":[{"href":"https:\/\/noticiasya.com\/san-diego\/wp-json\/wp\/v2\/types\/post"}],"replies":[{"embeddable":true,"href":"https:\/\/noticiasya.com\/san-diego\/wp-json\/wp\/v2\/comments?post=1443994"}],"version-history":[{"count":1,"href":"https:\/\/noticiasya.com\/san-diego\/wp-json\/wp\/v2\/posts\/1443994\/revisions"}],"predecessor-version":[{"id":1444019,"href":"https:\/\/noticiasya.com\/san-diego\/wp-json\/wp\/v2\/posts\/1443994\/revisions\/1444019"}],"wp:attachment":[{"href":"https:\/\/noticiasya.com\/san-diego\/wp-json\/wp\/v2\/media?parent=1443994"}],"wp:term":[{"taxonomy":"category","embeddable":true,"href":"https:\/\/noticiasya.com\/san-diego\/wp-json\/wp\/v2\/categories?post=1443994"},{"taxonomy":"post_tag","embeddable":true,"href":"https:\/\/noticiasya.com\/san-diego\/wp-json\/wp\/v2\/tags?post=1443994"}],"curies":[{"name":"wp","href":"https:\/\/api.w.org\/{rel}","templated":true}]}}