{"id":1473519,"date":"2026-04-26T10:03:38","date_gmt":"2026-04-26T17:03:38","guid":{"rendered":"https:\/\/noticiasya.com\/2026\/04\/26\/incendios-forestales-chile-nueva-era-trax\/"},"modified":"2026-04-26T10:03:38","modified_gmt":"2026-04-26T17:03:38","slug":"incendios-forestales-chile-nueva-era-trax","status":"publish","type":"post","link":"https:\/\/noticiasya.com\/san-diego\/2026\/04\/26\/incendios-forestales-chile-nueva-era-trax\/","title":{"rendered":"El mundo entr\u00f3 en una nueva era de incendios y este caso mostr\u00f3 lo dif\u00edciles que son de combatir"},"content":{"rendered":"<p>Bastaron 20 minutos para que d\u00e9cadas de recuerdos familiares se convirtieran en humo y cenizas. Claudia Matamala, de 34 a\u00f1os, rompi\u00f3 en llanto al relatar c\u00f3mo las llamas envolvieron la casa de sus padres en la localidad portuaria de Lirqu\u00e9n, en el centro de Chile, donde se hab\u00eda refugiado despu\u00e9s de que su propia vivienda fuera destruida por otro incendio forestal, apenas cinco semanas antes.<\/p>\n<p>Matamala hab\u00eda percibido olor a humo al caer la tarde; en menos de cinco horas, las llamas alcanzaron la casa. El ritmo de destrucci\u00f3n era aterrador. El incendio consumi\u00f3 la vivienda antes de descender por la colina y devastar el vecindario siguiente. \u201cTodo ocurri\u00f3 en cuesti\u00f3n de minutos\u201d, dijo Matamala.<\/p>\n<p>El 16 de enero, una serie de devastadores incendios forestales se desataron en la provincia de Concepci\u00f3n, en el centro de Chile, destruyendo m\u00e1s de 1.750 viviendas en cuesti\u00f3n de horas, seg\u00fan datos de teledetecci\u00f3n compartidos con CNN por las compa\u00f1\u00edas satelitales ICEYE y Vantor.<\/p>\n<p>Al menos 21 personas murieron y m\u00e1s de 300 resultaron heridas, seg\u00fan las autoridades chilenas, que dijeron que las llamas arrasaron m\u00e1s de 74.000 acres en dos d\u00edas. En cuesti\u00f3n de horas, el Gobierno declar\u00f3 el \u201cestado de cat\u00e1strofe\u201d y solicit\u00f3 asistencia internacional para combatir los incendios.<\/p>\n<p>Los incendios forestales catastr\u00f3ficos no son nuevos en Chile, pero los de este a\u00f1o destacan por la rapidez con la que se propagaron las llamas, que consum\u00edan en promedio casi 10 hect\u00e1reas por minuto. \u201cDe una situaci\u00f3n relativamente controlada pasamos a un frente de fuego mucho m\u00e1s amplio en solo unas horas\u201d, dijo en ese momento a AFP Javier Fuchslocher, delegado presidencial provincial de la regi\u00f3n del Biob\u00edo, donde se concentraron los incendios.<\/p>\n<p>El infierno en Chile fue alimentado por el calor extremo, con temperaturas que superaron los 100 grados Fahrenheit (37,8 \u00b0C), y condiciones inusualmente secas, pero tambi\u00e9n estuvo impulsado por cambios causados por el ser humano en el paisaje. La expansi\u00f3n urbana sin control ha llevado las viviendas hasta los l\u00edmites de zonas boscosas propensas a incendios, y los bosques industriales plantados por la industria maderera han convertido las laderas en verdaderos polvorines.<\/p>\n<p>CNN habl\u00f3 con sobrevivientes del incendio, bomberos y expertos para entender c\u00f3mo los incendios se propagaron con tanta rapidez, y tambi\u00e9n analiz\u00f3 datos de vuelos y de teledetecci\u00f3n para mapear las operaciones a\u00e9reas de combate del fuego. El panorama que surge es el de incendios de avance r\u00e1pido que arrasaron barrios enteros y resultaron excepcionalmente dif\u00edciles de contener.<\/p>\n<p>Lo ocurrido en Chile no es un caso aislado. A medida que se acelera la crisis clim\u00e1tica y crecen las poblaciones urbanas, los incendios forestales en todo el mundo se est\u00e1n volviendo m\u00e1s grandes, m\u00e1s intensos y m\u00e1s dif\u00edciles de combatir, dijeron expertos a CNN. El planeta est\u00e1 entrando en una nueva era del fuego y no est\u00e1 preparado.<\/p>\n<p>Muchos de los sobrevivientes de los incendios de enero quedaron impactados por la intensidad y la velocidad de las llamas. \u201cRealmente atacaron muchas zonas al mismo tiempo\u201d, dijo Crist\u00f3bal Rebolledo, residente de Penco, una ciudad cercana afectada por los incendios. \u201cCuando llegaron a la primera casa de nuestra calle, b\u00e1sicamente solo pudimos salir corriendo para intentar salvar lo que pudi\u00e9ramos\u201d.<\/p>\n<p>Para cuando los incendios alcanzaron los suburbios de Concepci\u00f3n, en la madrugada del 18 de enero, ya se hab\u00edan expandido m\u00e1s de 35 veces respecto a su extensi\u00f3n de apenas horas antes, seg\u00fan el an\u00e1lisis de CNN de datos de teledetecci\u00f3n recopilados por la NASA.<\/p>\n<p>La intensidad de las llamas y el humo resultante, sumado a que el incendio se propag\u00f3 en gran medida durante la noche, dificultaron la estrategia a\u00e9rea de combate. Incluso con 37 aeronaves \u2014adem\u00e1s de los recursos en tierra\u2014, los bomberos no pudieron salvar grandes zonas de Penco y Lirqu\u00e9n, donde viv\u00edan Matamala y Rebolledo. Barrios enteros quedaron reducidos a cenizas.<\/p>\n<p>CNN analiz\u00f3 datos de cerca de 1.200 trayectos de vuelos de combate de incendios en Concepci\u00f3n durante dos semanas, en el punto m\u00e1s cr\u00edtico de los incendios. Estos muestran c\u00f3mo los aviones cisterna no pudieron acceder a algunas de las zonas m\u00e1s densamente pobladas, como Lirqu\u00e9n.<\/p>\n<p>Un piloto que particip\u00f3 en las labores, que pidi\u00f3 no ser identificado porque no estaba autorizado a hablar con los medios, dijo que cuando las llamas llegaron a Penco y Lirqu\u00e9n, \u201cla visibilidad era extremadamente mala, y no pod\u00edamos volar all\u00ed porque realmente no ve\u00edamos nada\u201d. El piloto tem\u00eda que la aeronave pudiera chocar contra un cable, una torre o incluso otra aeronave, lo que hac\u00eda imposible volar con seguridad.<\/p>\n<p>CNN contact\u00f3 a los Departamentos de Bomberos de Penco y Concepci\u00f3n, as\u00ed como a la Corporaci\u00f3n Nacional Forestal, que gestiona equipos de bomberos profesionales, pero no obtuvo respuesta.<\/p>\n<p>Los incendios forestales arden a temperaturas m\u00e1s altas y las llamas alcanzan mayor altura que antes, lo que los hace m\u00e1s dif\u00edciles de combatir, incluso desde el aire, dijo Mar\u00eda Meza, ingeniera forestal de la Unidad Nacional para la Gesti\u00f3n del Riesgo de Desastres de Colombia. \u201cNo es que estemos viendo m\u00e1s incendios en todo el mundo, sino que los que ocurren son cada vez m\u00e1s intensos\u201d, afirm\u00f3.<\/p>\n<p>\u201cA veces creemos que basta con enviar un avi\u00f3n para resolverlo, pero estas aeronaves deben operar bajo condiciones de seguridad espec\u00edficas, y estos incendios ahora son tan intensos que ni siquiera se puede acercar uno a ellos\u201d, dijo a CNN.<\/p>\n<p>Los suburbios de Concepci\u00f3n m\u00e1s afectados por el incendio son zonas con regulaciones de construcci\u00f3n laxas y presencia de viviendas informales y en arriendo, dijo \u00c1lvaro Hofflinger, experto en Vulnerabilidad Social de la Universidad Estatal de Arizona que creci\u00f3 en Chile. Estas comunidades son m\u00e1s vulnerables a incendios catastr\u00f3ficos y desastres naturales porque las edificaciones est\u00e1n muy juntas y las franjas de separaci\u00f3n para frenar la propagaci\u00f3n del fuego son menos y m\u00e1s peque\u00f1as, explic\u00f3 Hofflinger.<\/p>\n<p>La mayor\u00eda de los incendios forestales en el mundo ocurren en zonas conocidas como la \u201cinterfaz urbano-forestal\u201d: \u00e1reas de transici\u00f3n entre desarrollos urbanos densos y zonas silvestres. En Chile, ciudades como Penco y Lirqu\u00e9n han crecido significativamente en las \u00faltimas d\u00e9cadas, expandi\u00e9ndose hacia afuera, con sus bordes ahora a pocos metros de las \u00e1reas boscosas que los incendios arrasaron.<\/p>\n<p>Expertos como Hofflinger cuestionan si las normas de construcci\u00f3n locales son suficientes o se aplican con el rigor necesario para prevenir riesgos de incendio. Por ejemplo, los c\u00f3digos no regulan la distancia entre viviendas ni la inflamabilidad de ciertos materiales.<\/p>\n<p>Datos del Centro Aeroespacial Alem\u00e1n, que analiza el desarrollo global, cruzados con im\u00e1genes de ICEYE y Vantor, muestran que las edificaciones en las periferias de las ciudades afectadas por los incendios de este a\u00f1o surgieron en su mayor\u00eda en las d\u00e9cadas de 2000 y 2010.<\/p>\n<p>La casa de Karen Quijada, sobreviviente del sector Las Ara\u00f1ejas de Concepci\u00f3n, fue construida hace dos d\u00e9cadas en el borde de la ciudad y colindaba con un bosque denso. Cuando lleg\u00f3 el incendio, ella y su familia, en su mayor\u00eda conductores de camiones que trabajan en la industria forestal, apenas lograron escapar. \u201cLlevamos 23 a\u00f1os viviendo aqu\u00ed y todo est\u00e1 quemado. No qued\u00f3 nada\u201d, dijo a CNN.<\/p>\n<p>Las colinas que rodean Concepci\u00f3n, Penco y Lirqu\u00e9n se ven de un verde intenso desde el aire, cubiertas de \u00e1rboles, y en la densidad de estos bosques se esconde un riesgo silencioso.<\/p>\n<p>En los \u00faltimos 50 a\u00f1os, plantaciones forestales industriales han proliferado en la regi\u00f3n, con predominio de pinos y eucaliptos no nativos, especialmente inflamables. En 1979, m\u00e1s de 67.000 hect\u00e1reas de terreno en Chile estaban cubiertas por pinos y eucaliptos, utilizados como material de construcci\u00f3n o pulpa de madera. Tras el inicio de subsidios gubernamentales para expandir la industria, esa cifra creci\u00f3 hasta hoy a casi los 3 millones de hect\u00e1reas, seg\u00fan Hofflinger.<\/p>\n<p>\u201cExiste un importante mercado de exportaci\u00f3n para la madera de estas plantaciones\u201d, dijo Alexandra Paige Fischer, profesora asociada en la Universidad de Michigan. \u201cEl problema es que ahora las plantaciones se est\u00e1n secando y volviendo altamente inflamables. En cierto modo, Chile est\u00e1 creando su propio riesgo al cultivar estas especies de \u00e1rboles inflamables\u201d.<\/p>\n<p>Aproximadamente el 40 % del territorio del Biob\u00edo costero, la regi\u00f3n donde se encuentran Concepci\u00f3n, Penco y Lirqu\u00e9n, est\u00e1 cubierto actualmente por pinos o eucaliptos, <a href=\"https:\/\/journals.plos.org\/plosone\/article?id=10.1371\/journal.pone.0230193#sec004\">seg\u00fan investigadores.<\/a><\/p>\n<p>El 22 de abril de 2025, Alejandro Casagrande, presidente de CORMA, la asociaci\u00f3n de la industria forestal en Concepci\u00f3n que representa a m\u00e1s de 160 empresas, envi\u00f3 una carta a autoridades locales y nacionales alertando sobre el aumento de matorrales inflamables, residuos org\u00e1nicos y otros subproductos generados por la industria maderera.<\/p>\n<p>Casagrande inst\u00f3 a las autoridades a flexibilizar las restricciones sobre las quemas controladas, que se realizan deliberadamente para eliminar vegetaci\u00f3n excesiva y reducir el riesgo de incendios, seg\u00fan la carta revisada por CNN. La legislaci\u00f3n chilena limita estas quemas al invierno, cuando las lluvias las hacen m\u00e1s manejables, pero Casagrande argument\u00f3 que estas pr\u00e1cticas preventivas deber\u00edan realizarse durante todo el a\u00f1o.<\/p>\n<p>El representante local del Gobierno nacional, Eduardo Pacheco, elev\u00f3 la solicitud de Casagrande y escribi\u00f3 al Ministerio del Interior, el 19 de mayo, para pedir una excepci\u00f3n que permitiera realizar quemas preventivas, inform\u00f3 BioB\u00edoChile. Seg\u00fan el medio de investigaci\u00f3n local Reporea.cl, el ministerio no respondi\u00f3 a la solicitud.<\/p>\n<p>CNN se comunic\u00f3 con el Ministerio del Interior para obtener comentarios.<\/p>\n<p>En 2023, la Corporaci\u00f3n Nacional Forestal (CONAF) encontr\u00f3 que hasta el 60 % de los incendios en Biob\u00edo fueron intencionales, lo que significa que, adem\u00e1s de los factores ambientales, en ocasiones son las personas quienes encienden la chispa.<\/p>\n<p>CONAF a\u00fan investiga las causas de los incendios de este a\u00f1o, pero al menos una persona fue detenida bajo sospecha de incendio provocado y permanece bajo arresto domiciliario a la espera de juicio.<\/p>\n<p>Tras los incendios de enero, varias partes se\u00f1alaron posibles responsabilidades: el Ministerio del Interior dijo que los agricultores que queman residuos pueden causar incendios si no se manejan adecuadamente; organizaciones de agricultores responsabilizaron al Gobierno por falta de planificaci\u00f3n; mientras tanto, grupos activistas en Penco y Concepci\u00f3n pidieron investigar a Aclara, una empresa minera canadiense que busca una licencia para operar una mina de tierras raras en la zona afectada.<\/p>\n<p>El director ejecutivo de Aclara, Ram\u00f3n Bar\u00faa, dijo a CNN que la empresa no tuvo ninguna participaci\u00f3n en los incendios.<\/p>\n<p>El inicio intencional de incendios es un problema persistente mucho m\u00e1s all\u00e1 de Chile. En Estados Unidos, se registraron m\u00e1s de 554.000 delitos de incendio intencionado entre 2015 y 2024.<\/p>\n<p>La temporada de incendios forestales de Chile en 2025 ejemplifica c\u00f3mo las instituciones gubernamentales a todos los niveles, as\u00ed como empresas y grupos de expertos, no lograron comprender ni hacer lo suficiente para reducir los riesgos que plantean incendios cada vez m\u00e1s intensos.<\/p>\n<p>Las lecciones van mucho m\u00e1s all\u00e1 del pa\u00eds. Miles de comunidades en todo el mundo enfrentan desaf\u00edos similares, especialmente aquellas que viven en zonas donde las ciudades y los bosques se encuentran.<\/p>\n<p>Solo en Estados Unidos, 45 millones de viviendas est\u00e1n ubicadas en estas \u00e1reas, seg\u00fan la empresa de datos <a href=\"https:\/\/www.cotality.com\/insights\/articles\/top-15-us-metros-wildfire-risk\">Cotality<\/a>, y 180.000 de ellas se encuentran en el \u00e1rea metropolitana de Los \u00c1ngeles, donde los incendios causaron estragos el a\u00f1o pasado.<\/p>\n<p>La legislaci\u00f3n puede ayudar en esta nueva era del fuego, dijo Meza, la ingeniera forestal. En 2024, Brasil introdujo leyes espec\u00edficas para abordar los riesgos de incendios forestales, incluidas disposiciones para flexibilizar las restricciones sobre las quemas controladas, coordinar planes de gesti\u00f3n del fuego entre instituciones y aumentar la financiaci\u00f3n para combatir incendios. Gracias en parte a esta ley, el \u00e1rea arrasada por incendios se redujo en un 65 % en Brasil, el a\u00f1o pasado, seg\u00fan el Ministerio de Medio Ambiente.<\/p>\n<p>Chile ha elaborado una legislaci\u00f3n similar, actualmente en discusi\u00f3n en el Congreso, para imponer normas de construcci\u00f3n m\u00e1s estrictas y permitir quemas controladas que ayuden a gestionar los riesgos de incendio.<\/p>\n<p>En Concepci\u00f3n, la tarea de reconstrucci\u00f3n ya ha comenzado. Para quienes lo vivieron, la pregunta no es si los incendios volver\u00e1n, sino cu\u00e1ndo, y c\u00f3mo pueden prepararse cuando lleguen las llamas.<\/p>\n<p>\u201cEsto va a volver a ocurrir, estoy seguro\u201d, dijo Rebolledo. \u201cEn dos a\u00f1os, o en cinco, otro gran incendio llegar\u00e1 a la ciudad\u201d.<\/p>\n<p>The-CNN-Wire<br \/>&trade; &amp; &copy; 2026 Cable News Network, Inc., a Warner Bros. Discovery Company. All rights reserved.<\/p>\n","protected":false},"excerpt":{"rendered":"<p>Bastaron 20 minutos para que d\u00e9cadas de recuerdos familiares se convirtieran en humo y cenizas. Claudia Matamala, de 34 a\u00f1os, rompi\u00f3 en llanto al relatar c\u00f3mo las llamas envolvieron la casa de sus padres en la localidad portuaria de Lirqu\u00e9n, en el centro de Chile, donde se hab\u00eda refugiado despu\u00e9s de que su propia vivienda [&hellip;]<\/p>\n","protected":false},"author":0,"featured_media":0,"comment_status":"open","ping_status":"open","sticky":false,"template":"","format":"standard","meta":{"_jetpack_memberships_contains_paid_content":false,"footnotes":""},"categories":[10],"tags":[],"class_list":["post-1473519","post","type-post","status-publish","format-standard","hentry","category-noticias-nacionales","market-global"],"yoast_head":"<!-- This site is optimized with the Yoast SEO plugin v24.4 - https:\/\/yoast.com\/wordpress\/plugins\/seo\/ -->\n<title>El mundo entr\u00f3 en una nueva era de incendios y este caso mostr\u00f3 lo dif\u00edciles que son de combatir - Noticias<\/title>\n<meta name=\"robots\" content=\"index, follow, max-snippet:-1, max-image-preview:large, max-video-preview:-1\" \/>\n<link rel=\"canonical\" href=\"https:\/\/noticiasya.com\/2026\/04\/26\/incendios-forestales-chile-nueva-era-trax\/\" \/>\n<meta property=\"og:locale\" content=\"es_ES\" \/>\n<meta property=\"og:type\" content=\"article\" \/>\n<meta property=\"og:title\" content=\"El mundo entr\u00f3 en una nueva era de incendios y este caso mostr\u00f3 lo dif\u00edciles que son de combatir - Noticias\" \/>\n<meta property=\"og:description\" content=\"Bastaron 20 minutos para que d\u00e9cadas de recuerdos familiares se convirtieran en humo y cenizas. Claudia Matamala, de 34 a\u00f1os, rompi\u00f3 en llanto al relatar c\u00f3mo las llamas envolvieron la casa de sus padres en la localidad portuaria de Lirqu\u00e9n, en el centro de Chile, donde se hab\u00eda refugiado despu\u00e9s de que su propia vivienda [&hellip;]\" \/>\n<meta property=\"og:url\" content=\"https:\/\/noticiasya.com\/2026\/04\/26\/incendios-forestales-chile-nueva-era-trax\/\" \/>\n<meta property=\"og:site_name\" content=\"Noticias\" \/>\n<meta property=\"article:published_time\" content=\"2026-04-26T17:03:38+00:00\" \/>\n<meta name=\"twitter:card\" content=\"summary_large_image\" \/>\n<meta name=\"twitter:label1\" content=\"Est. reading time\" \/>\n\t<meta name=\"twitter:data1\" content=\"11 minutos\" \/>\n<script type=\"application\/ld+json\" class=\"yoast-schema-graph\">{\"@context\":\"https:\/\/schema.org\",\"@graph\":[{\"@type\":\"Article\",\"@id\":\"https:\/\/noticiasya.com\/2026\/04\/26\/incendios-forestales-chile-nueva-era-trax\/#article\",\"isPartOf\":{\"@id\":\"https:\/\/noticiasya.com\/2026\/04\/26\/incendios-forestales-chile-nueva-era-trax\/\"},\"author\":{\"name\":\"\",\"@id\":\"\"},\"headline\":\"El mundo entr\u00f3 en una nueva era de incendios y este caso mostr\u00f3 lo dif\u00edciles que son de combatir\",\"datePublished\":\"2026-04-26T17:03:38+00:00\",\"mainEntityOfPage\":{\"@id\":\"https:\/\/noticiasya.com\/2026\/04\/26\/incendios-forestales-chile-nueva-era-trax\/\"},\"wordCount\":2173,\"commentCount\":0,\"publisher\":{\"@id\":\"https:\/\/noticiasya.com\/#organization\"},\"articleSection\":[\"Noticias Nacionales\"],\"inLanguage\":\"es\",\"potentialAction\":[{\"@type\":\"CommentAction\",\"name\":\"Comment\",\"target\":[\"https:\/\/noticiasya.com\/2026\/04\/26\/incendios-forestales-chile-nueva-era-trax\/#respond\"]}]},{\"@type\":\"WebPage\",\"@id\":\"https:\/\/noticiasya.com\/2026\/04\/26\/incendios-forestales-chile-nueva-era-trax\/\",\"url\":\"https:\/\/noticiasya.com\/2026\/04\/26\/incendios-forestales-chile-nueva-era-trax\/\",\"name\":\"El mundo entr\u00f3 en una nueva era de incendios y este caso mostr\u00f3 lo dif\u00edciles que son de combatir - Noticias\",\"isPartOf\":{\"@id\":\"https:\/\/noticiasya.com\/#website\"},\"datePublished\":\"2026-04-26T17:03:38+00:00\",\"breadcrumb\":{\"@id\":\"https:\/\/noticiasya.com\/2026\/04\/26\/incendios-forestales-chile-nueva-era-trax\/#breadcrumb\"},\"inLanguage\":\"es\",\"potentialAction\":[{\"@type\":\"ReadAction\",\"target\":[\"https:\/\/noticiasya.com\/2026\/04\/26\/incendios-forestales-chile-nueva-era-trax\/\"]}]},{\"@type\":\"BreadcrumbList\",\"@id\":\"https:\/\/noticiasya.com\/2026\/04\/26\/incendios-forestales-chile-nueva-era-trax\/#breadcrumb\",\"itemListElement\":[{\"@type\":\"ListItem\",\"position\":1,\"name\":\"Home\",\"item\":\"https:\/\/noticiasya.com\/\"},{\"@type\":\"ListItem\",\"position\":2,\"name\":\"El mundo entr\u00f3 en una nueva era de incendios y este caso mostr\u00f3 lo dif\u00edciles que son de combatir\"}]},{\"@type\":\"WebSite\",\"@id\":\"https:\/\/noticiasya.com\/#website\",\"url\":\"https:\/\/noticiasya.com\/\",\"name\":\"Noticias\",\"description\":\"Lo que importa\",\"publisher\":{\"@id\":\"https:\/\/noticiasya.com\/#organization\"},\"potentialAction\":[{\"@type\":\"SearchAction\",\"target\":{\"@type\":\"EntryPoint\",\"urlTemplate\":\"https:\/\/noticiasya.com\/?s={search_term_string}\"},\"query-input\":{\"@type\":\"PropertyValueSpecification\",\"valueRequired\":true,\"valueName\":\"search_term_string\"}}],\"inLanguage\":\"es\"},{\"@type\":\"Organization\",\"@id\":\"https:\/\/noticiasya.com\/#organization\",\"name\":\"Noticias\",\"url\":\"https:\/\/noticiasya.com\/\",\"logo\":{\"@type\":\"ImageObject\",\"inLanguage\":\"es\",\"@id\":\"https:\/\/noticiasya.com\/#\/schema\/logo\/image\/\",\"url\":\"https:\/\/noticiasya.com\/wp-content\/uploads\/sites\/22\/2023\/12\/logo-nacional.png\",\"contentUrl\":\"https:\/\/noticiasya.com\/wp-content\/uploads\/sites\/22\/2023\/12\/logo-nacional.png\",\"width\":1801,\"height\":691,\"caption\":\"Noticias\"},\"image\":{\"@id\":\"https:\/\/noticiasya.com\/#\/schema\/logo\/image\/\"}}]}<\/script>\n<!-- \/ Yoast SEO plugin. -->","yoast_head_json":{"title":"El mundo entr\u00f3 en una nueva era de incendios y este caso mostr\u00f3 lo dif\u00edciles que son de combatir - Noticias","robots":{"index":"index","follow":"follow","max-snippet":"max-snippet:-1","max-image-preview":"max-image-preview:large","max-video-preview":"max-video-preview:-1"},"canonical":"https:\/\/noticiasya.com\/2026\/04\/26\/incendios-forestales-chile-nueva-era-trax\/","og_locale":"es_ES","og_type":"article","og_title":"El mundo entr\u00f3 en una nueva era de incendios y este caso mostr\u00f3 lo dif\u00edciles que son de combatir - Noticias","og_description":"Bastaron 20 minutos para que d\u00e9cadas de recuerdos familiares se convirtieran en humo y cenizas. Claudia Matamala, de 34 a\u00f1os, rompi\u00f3 en llanto al relatar c\u00f3mo las llamas envolvieron la casa de sus padres en la localidad portuaria de Lirqu\u00e9n, en el centro de Chile, donde se hab\u00eda refugiado despu\u00e9s de que su propia vivienda [&hellip;]","og_url":"https:\/\/noticiasya.com\/2026\/04\/26\/incendios-forestales-chile-nueva-era-trax\/","og_site_name":"Noticias","article_published_time":"2026-04-26T17:03:38+00:00","twitter_card":"summary_large_image","twitter_misc":{"Est. reading time":"11 minutos"},"schema":{"@context":"https:\/\/schema.org","@graph":[{"@type":"Article","@id":"https:\/\/noticiasya.com\/2026\/04\/26\/incendios-forestales-chile-nueva-era-trax\/#article","isPartOf":{"@id":"https:\/\/noticiasya.com\/2026\/04\/26\/incendios-forestales-chile-nueva-era-trax\/"},"author":{"name":"","@id":""},"headline":"El mundo entr\u00f3 en una nueva era de incendios y este caso mostr\u00f3 lo dif\u00edciles que son de combatir","datePublished":"2026-04-26T17:03:38+00:00","mainEntityOfPage":{"@id":"https:\/\/noticiasya.com\/2026\/04\/26\/incendios-forestales-chile-nueva-era-trax\/"},"wordCount":2173,"commentCount":0,"publisher":{"@id":"https:\/\/noticiasya.com\/#organization"},"articleSection":["Noticias Nacionales"],"inLanguage":"es","potentialAction":[{"@type":"CommentAction","name":"Comment","target":["https:\/\/noticiasya.com\/2026\/04\/26\/incendios-forestales-chile-nueva-era-trax\/#respond"]}]},{"@type":"WebPage","@id":"https:\/\/noticiasya.com\/2026\/04\/26\/incendios-forestales-chile-nueva-era-trax\/","url":"https:\/\/noticiasya.com\/2026\/04\/26\/incendios-forestales-chile-nueva-era-trax\/","name":"El mundo entr\u00f3 en una nueva era de incendios y este caso mostr\u00f3 lo dif\u00edciles que son de combatir - Noticias","isPartOf":{"@id":"https:\/\/noticiasya.com\/#website"},"datePublished":"2026-04-26T17:03:38+00:00","breadcrumb":{"@id":"https:\/\/noticiasya.com\/2026\/04\/26\/incendios-forestales-chile-nueva-era-trax\/#breadcrumb"},"inLanguage":"es","potentialAction":[{"@type":"ReadAction","target":["https:\/\/noticiasya.com\/2026\/04\/26\/incendios-forestales-chile-nueva-era-trax\/"]}]},{"@type":"BreadcrumbList","@id":"https:\/\/noticiasya.com\/2026\/04\/26\/incendios-forestales-chile-nueva-era-trax\/#breadcrumb","itemListElement":[{"@type":"ListItem","position":1,"name":"Home","item":"https:\/\/noticiasya.com\/"},{"@type":"ListItem","position":2,"name":"El mundo entr\u00f3 en una nueva era de incendios y este caso mostr\u00f3 lo dif\u00edciles que son de combatir"}]},{"@type":"WebSite","@id":"https:\/\/noticiasya.com\/#website","url":"https:\/\/noticiasya.com\/","name":"Noticias","description":"Lo que importa","publisher":{"@id":"https:\/\/noticiasya.com\/#organization"},"potentialAction":[{"@type":"SearchAction","target":{"@type":"EntryPoint","urlTemplate":"https:\/\/noticiasya.com\/?s={search_term_string}"},"query-input":{"@type":"PropertyValueSpecification","valueRequired":true,"valueName":"search_term_string"}}],"inLanguage":"es"},{"@type":"Organization","@id":"https:\/\/noticiasya.com\/#organization","name":"Noticias","url":"https:\/\/noticiasya.com\/","logo":{"@type":"ImageObject","inLanguage":"es","@id":"https:\/\/noticiasya.com\/#\/schema\/logo\/image\/","url":"https:\/\/noticiasya.com\/wp-content\/uploads\/sites\/22\/2023\/12\/logo-nacional.png","contentUrl":"https:\/\/noticiasya.com\/wp-content\/uploads\/sites\/22\/2023\/12\/logo-nacional.png","width":1801,"height":691,"caption":"Noticias"},"image":{"@id":"https:\/\/noticiasya.com\/#\/schema\/logo\/image\/"}}]}},"parsely":{"version":"1.1.0","canonical_url":"https:\/\/noticiasya.com\/san-diego\/2026\/04\/26\/incendios-forestales-chile-nueva-era-trax\/","smart_links":{"inbound":0,"outbound":0},"traffic_boost_suggestions_count":0,"meta":{"@context":"https:\/\/schema.org","@type":"NewsArticle","headline":"El mundo entr\u00f3 en una nueva era de incendios y este caso mostr\u00f3 lo dif\u00edciles que son de combatir","url":"http:\/\/noticiasya.com\/san-diego\/2026\/04\/26\/incendios-forestales-chile-nueva-era-trax\/","mainEntityOfPage":{"@type":"WebPage","@id":"http:\/\/noticiasya.com\/san-diego\/2026\/04\/26\/incendios-forestales-chile-nueva-era-trax\/"},"thumbnailUrl":"","image":{"@type":"ImageObject","url":""},"articleSection":"Noticias Nacionales","author":[],"creator":[],"publisher":{"@type":"Organization","name":"Noticias","logo":""},"keywords":[],"dateCreated":"2026-04-26T17:03:38Z","datePublished":"2026-04-26T17:03:38Z","dateModified":"2026-04-26T17:03:38Z"},"rendered":"<script type=\"application\/ld+json\" class=\"wp-parsely-metadata\">{\"@context\":\"https:\\\/\\\/schema.org\",\"@type\":\"NewsArticle\",\"headline\":\"El mundo entr\\u00f3 en una nueva era de incendios y este caso mostr\\u00f3 lo dif\\u00edciles que son de combatir\",\"url\":\"http:\\\/\\\/noticiasya.com\\\/san-diego\\\/2026\\\/04\\\/26\\\/incendios-forestales-chile-nueva-era-trax\\\/\",\"mainEntityOfPage\":{\"@type\":\"WebPage\",\"@id\":\"http:\\\/\\\/noticiasya.com\\\/san-diego\\\/2026\\\/04\\\/26\\\/incendios-forestales-chile-nueva-era-trax\\\/\"},\"thumbnailUrl\":\"\",\"image\":{\"@type\":\"ImageObject\",\"url\":\"\"},\"articleSection\":\"Noticias Nacionales\",\"author\":[],\"creator\":[],\"publisher\":{\"@type\":\"Organization\",\"name\":\"Noticias\",\"logo\":\"\"},\"keywords\":[],\"dateCreated\":\"2026-04-26T17:03:38Z\",\"datePublished\":\"2026-04-26T17:03:38Z\",\"dateModified\":\"2026-04-26T17:03:38Z\"}<\/script>","tracker_url":"https:\/\/cdn.parsely.com\/keys\/noticiasya.com\/p.js"},"jetpack_featured_media_url":"","jetpack-related-posts":[{"id":1457384,"url":"https:\/\/noticiasya.com\/san-diego\/2025\/01\/09\/historias-heroismo-incendios-los-angeles-trax\/","url_meta":{"origin":1473519,"position":0},"title":"Historias de hero\u00edsmo en el infierno de Los \u00c1ngeles","author":"","date":"enero 9, 2025","format":false,"excerpt":"Un humo acre cubr\u00eda el cielo de Altadena, California, mientras Gail observaba c\u00f3mo las llamas del voraz incendio Eaton se tragaban la casa de su vecino.Cada brasa arrastrada por potentes r\u00e1fagas de viento podr\u00eda ser la chispa que prendiera fuego a la casa en la que vive desde hace una\u2026","rel":"","context":"In &quot;Noticias Nacionales&quot;","block_context":{"text":"Noticias Nacionales","link":"https:\/\/noticiasya.com\/san-diego\/categoria\/noticias-nacionales"},"img":{"alt_text":"","src":"","width":0,"height":0},"classes":[]},{"id":1451470,"url":"https:\/\/noticiasya.com\/san-diego\/2024\/07\/28\/incendio-parque-california-mas-grande-que-el-de-phoenix-mientras-canada-incendio-esta-abrasando-parques-nacionales-mas-grandes-trax\/","url_meta":{"origin":1473519,"position":1},"title":"El incendio de un parque en California es ahora m\u00e1s grande que el de Phoenix, mientras que en Canad\u00e1 un incendio est\u00e1 abrasando uno de los parques nacionales m\u00e1s grandes","author":"","date":"julio 28, 2024","format":false,"excerpt":"(CNN) -- El mayor incendio forestal del a\u00f1o en California ha quemado un \u00e1rea m\u00e1s grande que la ciudad de Phoenix, ha destruido decenas de edificios y oblig\u00f3 a miles de residentes a huir de sus hogares mientras los incendios forestales causan estragos en el oeste de Estados Unidos. Mientras\u2026","rel":"","context":"In &quot;Noticias Nacionales&quot;","block_context":{"text":"Noticias Nacionales","link":"https:\/\/noticiasya.com\/san-diego\/categoria\/noticias-nacionales"},"img":{"alt_text":"","src":"","width":0,"height":0},"classes":[]},{"id":1455663,"url":"https:\/\/noticiasya.com\/san-diego\/2024\/11\/08\/californianos-huida-hogares-incendios-forestales-trax\/","url_meta":{"origin":1473519,"position":2},"title":"\u201cApenas logramos salir\u201d: californianos huyen desesperadamente de sus hogares en medio de incendios forestales descontrolados","author":"","date":"noviembre 8, 2024","format":false,"excerpt":"(CNN) -- Terrie Morin, de 60 a\u00f1os, y su esposo Dave estaban en la barber\u00eda cuando escucharon sobre un incendio forestal que avanzaba hacia su hogar en Camarillo, el mi\u00e9rcoles por la ma\u00f1ana.La pareja ten\u00eda dos invitados en casa, pero como trabajaban hasta tarde, Morin sospechaba que se hab\u00edan quedado\u2026","rel":"","context":"In &quot;Noticias Nacionales&quot;","block_context":{"text":"Noticias Nacionales","link":"https:\/\/noticiasya.com\/san-diego\/categoria\/noticias-nacionales"},"img":{"alt_text":"","src":"","width":0,"height":0},"classes":[]},{"id":1457336,"url":"https:\/\/noticiasya.com\/san-diego\/2025\/01\/08\/incendio-forestal-sur-california-trax\/","url_meta":{"origin":1473519,"position":3},"title":"El equipo de CNN describe c\u00f3mo huy\u00f3 de un incendio forestal en el sur de California mientras las llamas rodeaban su veh\u00edculo","author":"","date":"enero 8, 2025","format":false,"excerpt":"La corresponsal nacional de CNN, Natasha Chen, y su equipo estaban finalizando un largo d\u00eda de informes sobre los devastadores incendios forestales que arrasaban el \u00e1rea de Los \u00c1ngeles este martes, mientras el sol se pon\u00eda sobre el paisaje quemado.Pero lo que comenz\u00f3 como una tarea de rutina r\u00e1pidamente se\u2026","rel":"","context":"In &quot;Noticias Nacionales&quot;","block_context":{"text":"Noticias Nacionales","link":"https:\/\/noticiasya.com\/san-diego\/categoria\/noticias-nacionales"},"img":{"alt_text":"","src":"","width":0,"height":0},"classes":[]},{"id":1457617,"url":"https:\/\/noticiasya.com\/san-diego\/2025\/01\/18\/incendios-california-fatiga-evacuados-trax\/","url_meta":{"origin":1473519,"position":4},"title":"La &#171;fatiga de la evacuaci\u00f3n&#187; afecta a habitantes del sur de California que a\u00fan no vuelven a sus hogares tras los incendios","author":"","date":"enero 18, 2025","format":false,"excerpt":"Pedro Rojas, residente en Pasadena, no es ajeno a las cat\u00e1strofes naturales y guarda en su coche una bolsa de seguridad con art\u00edculos esenciales como una chaqueta, guantes y zapatillas deportivas por si tiene que huir de un momento a otro.Rojas no esper\u00f3 a la orden de evacuaci\u00f3n. \u00c9l y\u2026","rel":"","context":"In &quot;Noticias Nacionales&quot;","block_context":{"text":"Noticias Nacionales","link":"https:\/\/noticiasya.com\/san-diego\/categoria\/noticias-nacionales"},"img":{"alt_text":"","src":"","width":0,"height":0},"classes":[]},{"id":1451460,"url":"https:\/\/noticiasya.com\/san-diego\/2024\/07\/27\/incendio-park-california-grandes-historia-trax\/","url_meta":{"origin":1473519,"position":5},"title":"El incendio de Park, en California, ya est\u00e1 entre los 13 m\u00e1s grandes de la historia del estado al arrasar 96.700 hect\u00e1reas","author":"","date":"julio 27, 2024","format":false,"excerpt":"(CNN) -- El tiempo caluroso y seco est\u00e1 avivando la actividad de los incendios forestales en el oeste de Estados Unidos y Canad\u00e1, con fuegos que da\u00f1an viviendas, causan heridos y obligan a evacuaciones. El mayor incendio forestal activo de EE.UU. ha calcinado m\u00e1s de 113.000 hect\u00e1reas en el este\u2026","rel":"","context":"In &quot;Noticias Nacionales&quot;","block_context":{"text":"Noticias Nacionales","link":"https:\/\/noticiasya.com\/san-diego\/categoria\/noticias-nacionales"},"img":{"alt_text":"","src":"","width":0,"height":0},"classes":[]}],"jetpack_sharing_enabled":true,"_links":{"self":[{"href":"https:\/\/noticiasya.com\/san-diego\/wp-json\/wp\/v2\/posts\/1473519","targetHints":{"allow":["GET"]}}],"collection":[{"href":"https:\/\/noticiasya.com\/san-diego\/wp-json\/wp\/v2\/posts"}],"about":[{"href":"https:\/\/noticiasya.com\/san-diego\/wp-json\/wp\/v2\/types\/post"}],"replies":[{"embeddable":true,"href":"https:\/\/noticiasya.com\/san-diego\/wp-json\/wp\/v2\/comments?post=1473519"}],"version-history":[{"count":0,"href":"https:\/\/noticiasya.com\/san-diego\/wp-json\/wp\/v2\/posts\/1473519\/revisions"}],"wp:attachment":[{"href":"https:\/\/noticiasya.com\/san-diego\/wp-json\/wp\/v2\/media?parent=1473519"}],"wp:term":[{"taxonomy":"category","embeddable":true,"href":"https:\/\/noticiasya.com\/san-diego\/wp-json\/wp\/v2\/categories?post=1473519"},{"taxonomy":"post_tag","embeddable":true,"href":"https:\/\/noticiasya.com\/san-diego\/wp-json\/wp\/v2\/tags?post=1473519"}],"curies":[{"name":"wp","href":"https:\/\/api.w.org\/{rel}","templated":true}]}}