{"id":1473520,"date":"2026-04-26T15:03:53","date_gmt":"2026-04-26T22:03:53","guid":{"rendered":"https:\/\/noticiasya.com\/2026\/04\/26\/aumenta-recompensa-alias-marlon-farc-cauca-orix\/"},"modified":"2026-04-26T15:03:53","modified_gmt":"2026-04-26T22:03:53","slug":"aumenta-recompensa-alias-marlon-farc-cauca-orix","status":"publish","type":"post","link":"https:\/\/noticiasya.com\/san-diego\/2026\/04\/26\/aumenta-recompensa-alias-marlon-farc-cauca-orix\/","title":{"rendered":"Aumenta a m\u00e1s de US$ 1,4 millones la recompensa por cabecilla de disidencias de las FARC tras ataque con explosivos"},"content":{"rendered":"<p>El Gobierno del presidente Gustavo Petro <a href=\"https:\/\/www.presidencia.gov.co\/prensa\/Paginas\/Gobierno-refuerza-seguridad-en-el-Valle-recompensas-de-hasta-5000-millones-260425.aspx\">anunci\u00f3 <\/a>que aument\u00f3 hasta 5.000 millones de pesos (alrededor de US$ 1,4 millones) la recompensa por informaci\u00f3n que permita ubicar a Iv\u00e1n Jacob Idrobo Arrendondo, alias Marlon, identificado por las autoridades como cabecilla de las disidencias de las Fuerzas Armadas Revolucionarias de Colombia (FARC), tras el ataque con explosivos en el Cauca que dej\u00f3 al menos 19 muertos.<\/p>\n<p>\u201cNo nos doblegamos, nos empe\u00f1amos en capturar a los responsables y en hacer todo lo necesario para que esto no vuelva a ocurrir\u201d, <a href=\"https:\/\/x.com\/mindefensa\/status\/2048477824005374053\">dijo el ministro de Defensa,<\/a> Pedro Arnulfo S\u00e1nchez, desde el sector de El T\u00fanel en el departamento del Cauca, al suroeste de Colombia, un d\u00eda despu\u00e9s del ataque que gener\u00f3 conmoci\u00f3n en el pa\u00eds.<\/p>\n<p>Las Fuerzas Militares atribuyen el atentado a la estructura alias Marlon se\u00f1alada como parte del Estado Mayor Central, una disidencia de las FARC bajo el mando de alias Iv\u00e1n Mordisco, uno de los <a href=\"https:\/\/cnnespanol.cnn.com\/2025\/04\/16\/colombia\/ivan-mordisco-jefes-disidencias-farc-orix\">hombres m\u00e1s buscados del pa\u00eds<\/a> que ha sido declarado objetivo militar de alto valor.<\/p>\n<p>Tambi\u00e9n se ofrecieron hasta 500 millones de pesos (alrededor de US$ 140.000) por alias \u201cMax Max\u201d y 200 millones (US$ 56.000) por alias \u201cYogui\u201d, identificados por las autoridades como presuntos integrantes del mismo grupo armado.<\/p>\n<p>Adem\u00e1s, se estableci\u00f3 una recompensa de hasta 200 millones de pesos (US$ 56.000) para ciudadanos que entreguen informaci\u00f3n que permita evitar nuevos atentados.<\/p>\n<p>El ataque ocurri\u00f3 este s\u00e1bado en el sector de El T\u00fanel, sobre la v\u00eda Panamericana, <a href=\"https:\/\/cnnespanol.cnn.com\/2026\/04\/25\/colombia\/ataque-explosivos-al-menos-7-muertos-26-atentados-orix\">donde fue activado un artefacto explosivo contra varios veh\u00edculos. <\/a>Seg\u00fan las autoridades locales, al menos 19 personas han muerto y 48 resultaron heridas, entre ellas menores de edad.<\/p>\n<p>Adem\u00e1s, las autoridades han reportado una escalada de violencia en el suroeste del pa\u00eds, donde en los \u00faltimos dos d\u00edas se han registrado varios ataques adicionales en los departamentos del Cauca y Valle del Cauca, por los que responsabiliz\u00f3 a las \u201cestructuras criminales\u201d de las disidencias de las FARC, \u201cbajo el mando de alias \u2018Iv\u00e1n Mordisco\u2019\u201d.<\/p>\n<p>\u201cDurante estos dos d\u00edas en el departamento de Cauca y Valle del Cauca se han presentado 26 acciones terroristas que han afectado a nuestra poblaci\u00f3n civil\u201d, <a href=\"https:\/\/cnnespanol.cnn.com\/2026\/04\/25\/colombia\/ataque-explosivos-al-menos-7-muertos-26-atentados-orix\">dijo el <\/a>comandante general de las Fuerzas Militares colombianas, Hugo Alejandro L\u00f3pez Barreto.<\/p>\n<p>El ministerio de Defensa asegur\u00f3 que reforzar\u00e1 las operaciones en el Cauca y anunci\u00f3 medidas para proteger a la poblaci\u00f3n. Las autoridades anunciaron el despliegue de m\u00e1s de 13 pelotones de caballer\u00eda blindados, 12 de infanter\u00eda y capacidades policiales.<\/p>\n<p>\u201cDesplegaremos todas nuestras capacidades para capturar a los responsables de los ataques terroristas, proteger a la poblaci\u00f3n civil y anticipar nuevos hechos de violencia\u201d, <a href=\"https:\/\/x.com\/mindefensa\/status\/2048477824005374053\">afirm\u00f3 S\u00e1nchez.<\/a><\/p>\n<p>El presidente de Colombia, Gustavo Petro, pidi\u00f3 \u201cla m\u00e1xima persecuci\u00f3n mundial contra este grupo narcoterrorista\u201d y asegur\u00f3 que los responsables han sido identificados por los organismos de inteligencia.<\/p>\n<p>La Gobernaci\u00f3n del Cauca decret\u00f3 tres d\u00edas de duelo y calific\u00f3 lo ocurrido como un \u201cataque indiscriminado contra la poblaci\u00f3n civil\u201d, en medio de una serie de hechos violentos recientes en la regi\u00f3n.<\/p>\n<p>El ataque se produce horas despu\u00e9s de la <a href=\"https:\/\/cnnespanol.cnn.com\/2026\/04\/24\/venezuela\/gustavo-petro-visita-delcy-rodriguez-crimen-organizado-frontera-orix\">visita de Petro a Venezuela<\/a> junto a la c\u00fapula militar de Colombia, donde anunci\u00f3 con la presidenta encargada Delcy Rodr\u00edguez que acordaron combatir a los grupos criminales en la frontera entre ambos pa\u00edses, una de las m\u00e1s extensas de la regi\u00f3n, con m\u00e1s de 2.219 kil\u00f3metros.<\/p>\n<p>The-CNN-Wire<br \/>&trade; &amp; &copy; 2026 Cable News Network, Inc., a Warner Bros. Discovery Company. All rights reserved.<\/p>\n","protected":false},"excerpt":{"rendered":"<p>El Gobierno del presidente Gustavo Petro anunci\u00f3 que aument\u00f3 hasta 5.000 millones de pesos (alrededor de US$ 1,4 millones) la recompensa por informaci\u00f3n que permita ubicar a Iv\u00e1n Jacob Idrobo Arrendondo, alias Marlon, identificado por las autoridades como cabecilla de las disidencias de las Fuerzas Armadas Revolucionarias de Colombia (FARC), tras el ataque con explosivos [&hellip;]<\/p>\n","protected":false},"author":0,"featured_media":0,"comment_status":"open","ping_status":"open","sticky":false,"template":"","format":"standard","meta":{"_jetpack_memberships_contains_paid_content":false,"footnotes":""},"categories":[10],"tags":[],"class_list":["post-1473520","post","type-post","status-publish","format-standard","hentry","category-noticias-nacionales","market-global"],"yoast_head":"<!-- This site is optimized with the Yoast SEO plugin v24.4 - https:\/\/yoast.com\/wordpress\/plugins\/seo\/ -->\n<title>Aumenta a m\u00e1s de US$ 1,4 millones la recompensa por cabecilla de disidencias de las FARC tras ataque con explosivos - Noticias<\/title>\n<meta name=\"robots\" content=\"index, follow, max-snippet:-1, max-image-preview:large, max-video-preview:-1\" \/>\n<link rel=\"canonical\" href=\"https:\/\/noticiasya.com\/2026\/04\/26\/aumenta-recompensa-alias-marlon-farc-cauca-orix\/\" \/>\n<meta property=\"og:locale\" content=\"es_ES\" \/>\n<meta property=\"og:type\" content=\"article\" \/>\n<meta property=\"og:title\" content=\"Aumenta a m\u00e1s de US$ 1,4 millones la recompensa por cabecilla de disidencias de las FARC tras ataque con explosivos - Noticias\" \/>\n<meta property=\"og:description\" content=\"El Gobierno del presidente Gustavo Petro anunci\u00f3 que aument\u00f3 hasta 5.000 millones de pesos (alrededor de US$ 1,4 millones) la recompensa por informaci\u00f3n que permita ubicar a Iv\u00e1n Jacob Idrobo Arrendondo, alias Marlon, identificado por las autoridades como cabecilla de las disidencias de las Fuerzas Armadas Revolucionarias de Colombia (FARC), tras el ataque con explosivos [&hellip;]\" \/>\n<meta property=\"og:url\" content=\"https:\/\/noticiasya.com\/2026\/04\/26\/aumenta-recompensa-alias-marlon-farc-cauca-orix\/\" \/>\n<meta property=\"og:site_name\" content=\"Noticias\" \/>\n<meta property=\"article:published_time\" content=\"2026-04-26T22:03:53+00:00\" \/>\n<meta name=\"twitter:card\" content=\"summary_large_image\" \/>\n<meta name=\"twitter:label1\" content=\"Est. reading time\" \/>\n\t<meta name=\"twitter:data1\" content=\"3 minutos\" \/>\n<script type=\"application\/ld+json\" class=\"yoast-schema-graph\">{\"@context\":\"https:\/\/schema.org\",\"@graph\":[{\"@type\":\"Article\",\"@id\":\"https:\/\/noticiasya.com\/2026\/04\/26\/aumenta-recompensa-alias-marlon-farc-cauca-orix\/#article\",\"isPartOf\":{\"@id\":\"https:\/\/noticiasya.com\/2026\/04\/26\/aumenta-recompensa-alias-marlon-farc-cauca-orix\/\"},\"author\":{\"name\":\"\",\"@id\":\"\"},\"headline\":\"Aumenta a m\u00e1s de US$ 1,4 millones la recompensa por cabecilla de disidencias de las FARC tras ataque con explosivos\",\"datePublished\":\"2026-04-26T22:03:53+00:00\",\"mainEntityOfPage\":{\"@id\":\"https:\/\/noticiasya.com\/2026\/04\/26\/aumenta-recompensa-alias-marlon-farc-cauca-orix\/\"},\"wordCount\":613,\"commentCount\":0,\"publisher\":{\"@id\":\"https:\/\/noticiasya.com\/#organization\"},\"articleSection\":[\"Noticias Nacionales\"],\"inLanguage\":\"es\",\"potentialAction\":[{\"@type\":\"CommentAction\",\"name\":\"Comment\",\"target\":[\"https:\/\/noticiasya.com\/2026\/04\/26\/aumenta-recompensa-alias-marlon-farc-cauca-orix\/#respond\"]}]},{\"@type\":\"WebPage\",\"@id\":\"https:\/\/noticiasya.com\/2026\/04\/26\/aumenta-recompensa-alias-marlon-farc-cauca-orix\/\",\"url\":\"https:\/\/noticiasya.com\/2026\/04\/26\/aumenta-recompensa-alias-marlon-farc-cauca-orix\/\",\"name\":\"Aumenta a m\u00e1s de US$ 1,4 millones la recompensa por cabecilla de disidencias de las FARC tras ataque con explosivos - Noticias\",\"isPartOf\":{\"@id\":\"https:\/\/noticiasya.com\/#website\"},\"datePublished\":\"2026-04-26T22:03:53+00:00\",\"breadcrumb\":{\"@id\":\"https:\/\/noticiasya.com\/2026\/04\/26\/aumenta-recompensa-alias-marlon-farc-cauca-orix\/#breadcrumb\"},\"inLanguage\":\"es\",\"potentialAction\":[{\"@type\":\"ReadAction\",\"target\":[\"https:\/\/noticiasya.com\/2026\/04\/26\/aumenta-recompensa-alias-marlon-farc-cauca-orix\/\"]}]},{\"@type\":\"BreadcrumbList\",\"@id\":\"https:\/\/noticiasya.com\/2026\/04\/26\/aumenta-recompensa-alias-marlon-farc-cauca-orix\/#breadcrumb\",\"itemListElement\":[{\"@type\":\"ListItem\",\"position\":1,\"name\":\"Home\",\"item\":\"https:\/\/noticiasya.com\/\"},{\"@type\":\"ListItem\",\"position\":2,\"name\":\"Aumenta a m\u00e1s de US$ 1,4 millones la recompensa por cabecilla de disidencias de las FARC tras ataque con explosivos\"}]},{\"@type\":\"WebSite\",\"@id\":\"https:\/\/noticiasya.com\/#website\",\"url\":\"https:\/\/noticiasya.com\/\",\"name\":\"Noticias\",\"description\":\"Lo que importa\",\"publisher\":{\"@id\":\"https:\/\/noticiasya.com\/#organization\"},\"potentialAction\":[{\"@type\":\"SearchAction\",\"target\":{\"@type\":\"EntryPoint\",\"urlTemplate\":\"https:\/\/noticiasya.com\/?s={search_term_string}\"},\"query-input\":{\"@type\":\"PropertyValueSpecification\",\"valueRequired\":true,\"valueName\":\"search_term_string\"}}],\"inLanguage\":\"es\"},{\"@type\":\"Organization\",\"@id\":\"https:\/\/noticiasya.com\/#organization\",\"name\":\"Noticias\",\"url\":\"https:\/\/noticiasya.com\/\",\"logo\":{\"@type\":\"ImageObject\",\"inLanguage\":\"es\",\"@id\":\"https:\/\/noticiasya.com\/#\/schema\/logo\/image\/\",\"url\":\"https:\/\/noticiasya.com\/wp-content\/uploads\/sites\/22\/2023\/12\/logo-nacional.png\",\"contentUrl\":\"https:\/\/noticiasya.com\/wp-content\/uploads\/sites\/22\/2023\/12\/logo-nacional.png\",\"width\":1801,\"height\":691,\"caption\":\"Noticias\"},\"image\":{\"@id\":\"https:\/\/noticiasya.com\/#\/schema\/logo\/image\/\"}}]}<\/script>\n<!-- \/ Yoast SEO plugin. -->","yoast_head_json":{"title":"Aumenta a m\u00e1s de US$ 1,4 millones la recompensa por cabecilla de disidencias de las FARC tras ataque con explosivos - Noticias","robots":{"index":"index","follow":"follow","max-snippet":"max-snippet:-1","max-image-preview":"max-image-preview:large","max-video-preview":"max-video-preview:-1"},"canonical":"https:\/\/noticiasya.com\/2026\/04\/26\/aumenta-recompensa-alias-marlon-farc-cauca-orix\/","og_locale":"es_ES","og_type":"article","og_title":"Aumenta a m\u00e1s de US$ 1,4 millones la recompensa por cabecilla de disidencias de las FARC tras ataque con explosivos - Noticias","og_description":"El Gobierno del presidente Gustavo Petro anunci\u00f3 que aument\u00f3 hasta 5.000 millones de pesos (alrededor de US$ 1,4 millones) la recompensa por informaci\u00f3n que permita ubicar a Iv\u00e1n Jacob Idrobo Arrendondo, alias Marlon, identificado por las autoridades como cabecilla de las disidencias de las Fuerzas Armadas Revolucionarias de Colombia (FARC), tras el ataque con explosivos [&hellip;]","og_url":"https:\/\/noticiasya.com\/2026\/04\/26\/aumenta-recompensa-alias-marlon-farc-cauca-orix\/","og_site_name":"Noticias","article_published_time":"2026-04-26T22:03:53+00:00","twitter_card":"summary_large_image","twitter_misc":{"Est. reading time":"3 minutos"},"schema":{"@context":"https:\/\/schema.org","@graph":[{"@type":"Article","@id":"https:\/\/noticiasya.com\/2026\/04\/26\/aumenta-recompensa-alias-marlon-farc-cauca-orix\/#article","isPartOf":{"@id":"https:\/\/noticiasya.com\/2026\/04\/26\/aumenta-recompensa-alias-marlon-farc-cauca-orix\/"},"author":{"name":"","@id":""},"headline":"Aumenta a m\u00e1s de US$ 1,4 millones la recompensa por cabecilla de disidencias de las FARC tras ataque con explosivos","datePublished":"2026-04-26T22:03:53+00:00","mainEntityOfPage":{"@id":"https:\/\/noticiasya.com\/2026\/04\/26\/aumenta-recompensa-alias-marlon-farc-cauca-orix\/"},"wordCount":613,"commentCount":0,"publisher":{"@id":"https:\/\/noticiasya.com\/#organization"},"articleSection":["Noticias Nacionales"],"inLanguage":"es","potentialAction":[{"@type":"CommentAction","name":"Comment","target":["https:\/\/noticiasya.com\/2026\/04\/26\/aumenta-recompensa-alias-marlon-farc-cauca-orix\/#respond"]}]},{"@type":"WebPage","@id":"https:\/\/noticiasya.com\/2026\/04\/26\/aumenta-recompensa-alias-marlon-farc-cauca-orix\/","url":"https:\/\/noticiasya.com\/2026\/04\/26\/aumenta-recompensa-alias-marlon-farc-cauca-orix\/","name":"Aumenta a m\u00e1s de US$ 1,4 millones la recompensa por cabecilla de disidencias de las FARC tras ataque con explosivos - Noticias","isPartOf":{"@id":"https:\/\/noticiasya.com\/#website"},"datePublished":"2026-04-26T22:03:53+00:00","breadcrumb":{"@id":"https:\/\/noticiasya.com\/2026\/04\/26\/aumenta-recompensa-alias-marlon-farc-cauca-orix\/#breadcrumb"},"inLanguage":"es","potentialAction":[{"@type":"ReadAction","target":["https:\/\/noticiasya.com\/2026\/04\/26\/aumenta-recompensa-alias-marlon-farc-cauca-orix\/"]}]},{"@type":"BreadcrumbList","@id":"https:\/\/noticiasya.com\/2026\/04\/26\/aumenta-recompensa-alias-marlon-farc-cauca-orix\/#breadcrumb","itemListElement":[{"@type":"ListItem","position":1,"name":"Home","item":"https:\/\/noticiasya.com\/"},{"@type":"ListItem","position":2,"name":"Aumenta a m\u00e1s de US$ 1,4 millones la recompensa por cabecilla de disidencias de las FARC tras ataque con explosivos"}]},{"@type":"WebSite","@id":"https:\/\/noticiasya.com\/#website","url":"https:\/\/noticiasya.com\/","name":"Noticias","description":"Lo que importa","publisher":{"@id":"https:\/\/noticiasya.com\/#organization"},"potentialAction":[{"@type":"SearchAction","target":{"@type":"EntryPoint","urlTemplate":"https:\/\/noticiasya.com\/?s={search_term_string}"},"query-input":{"@type":"PropertyValueSpecification","valueRequired":true,"valueName":"search_term_string"}}],"inLanguage":"es"},{"@type":"Organization","@id":"https:\/\/noticiasya.com\/#organization","name":"Noticias","url":"https:\/\/noticiasya.com\/","logo":{"@type":"ImageObject","inLanguage":"es","@id":"https:\/\/noticiasya.com\/#\/schema\/logo\/image\/","url":"https:\/\/noticiasya.com\/wp-content\/uploads\/sites\/22\/2023\/12\/logo-nacional.png","contentUrl":"https:\/\/noticiasya.com\/wp-content\/uploads\/sites\/22\/2023\/12\/logo-nacional.png","width":1801,"height":691,"caption":"Noticias"},"image":{"@id":"https:\/\/noticiasya.com\/#\/schema\/logo\/image\/"}}]}},"parsely":{"version":"1.1.0","canonical_url":"https:\/\/noticiasya.com\/san-diego\/2026\/04\/26\/aumenta-recompensa-alias-marlon-farc-cauca-orix\/","smart_links":{"inbound":0,"outbound":0},"traffic_boost_suggestions_count":0,"meta":{"@context":"https:\/\/schema.org","@type":"NewsArticle","headline":"Aumenta a m\u00e1s de US$ 1,4 millones la recompensa por cabecilla de disidencias de las FARC tras ataque con explosivos","url":"http:\/\/noticiasya.com\/san-diego\/2026\/04\/26\/aumenta-recompensa-alias-marlon-farc-cauca-orix\/","mainEntityOfPage":{"@type":"WebPage","@id":"http:\/\/noticiasya.com\/san-diego\/2026\/04\/26\/aumenta-recompensa-alias-marlon-farc-cauca-orix\/"},"thumbnailUrl":"","image":{"@type":"ImageObject","url":""},"articleSection":"Noticias Nacionales","author":[],"creator":[],"publisher":{"@type":"Organization","name":"Noticias","logo":""},"keywords":[],"dateCreated":"2026-04-26T22:03:53Z","datePublished":"2026-04-26T22:03:53Z","dateModified":"2026-04-26T22:03:53Z"},"rendered":"<script type=\"application\/ld+json\" class=\"wp-parsely-metadata\">{\"@context\":\"https:\\\/\\\/schema.org\",\"@type\":\"NewsArticle\",\"headline\":\"Aumenta a m\\u00e1s de US$ 1,4 millones la recompensa por cabecilla de disidencias de las FARC tras ataque con explosivos\",\"url\":\"http:\\\/\\\/noticiasya.com\\\/san-diego\\\/2026\\\/04\\\/26\\\/aumenta-recompensa-alias-marlon-farc-cauca-orix\\\/\",\"mainEntityOfPage\":{\"@type\":\"WebPage\",\"@id\":\"http:\\\/\\\/noticiasya.com\\\/san-diego\\\/2026\\\/04\\\/26\\\/aumenta-recompensa-alias-marlon-farc-cauca-orix\\\/\"},\"thumbnailUrl\":\"\",\"image\":{\"@type\":\"ImageObject\",\"url\":\"\"},\"articleSection\":\"Noticias Nacionales\",\"author\":[],\"creator\":[],\"publisher\":{\"@type\":\"Organization\",\"name\":\"Noticias\",\"logo\":\"\"},\"keywords\":[],\"dateCreated\":\"2026-04-26T22:03:53Z\",\"datePublished\":\"2026-04-26T22:03:53Z\",\"dateModified\":\"2026-04-26T22:03:53Z\"}<\/script>","tracker_url":"https:\/\/cdn.parsely.com\/keys\/noticiasya.com\/p.js"},"jetpack_featured_media_url":"","jetpack-related-posts":[{"id":1459830,"url":"https:\/\/noticiasya.com\/san-diego\/2025\/03\/12\/militares-mueren-cauca-ataque-farc-orix\/","url_meta":{"origin":1473520,"position":0},"title":"Al menos cinco militares colombianos mueren en el Cauca tras ataque con explosivos atribuido a disidencias de las FARC","author":"","date":"marzo 12, 2025","format":false,"excerpt":"Al menos cinco militares murieron y otros tres resultaron heridos de gravedad tras ser atacados este martes con explosivos en el departamento del Cauca, en el suroeste de Colombia, inform\u00f3 este mi\u00e9rcoles el Ej\u00e9rcito de ese pa\u00eds a trav\u00e9s de un comunicado en el que atribuy\u00f3 el hecho a las\u2026","rel":"","context":"In &quot;Noticias Nacionales&quot;","block_context":{"text":"Noticias Nacionales","link":"https:\/\/noticiasya.com\/san-diego\/categoria\/noticias-nacionales"},"img":{"alt_text":"","src":"","width":0,"height":0},"classes":[]},{"id":1460475,"url":"https:\/\/noticiasya.com\/san-diego\/2025\/03\/26\/ataque-explosivos-motocicleta-cauca-colombia-orix\/","url_meta":{"origin":1473520,"position":1},"title":"Un ataque con explosivos en una motocicleta deja 11 heridos en el Cauca, Colombia","author":"","date":"marzo 26, 2025","format":false,"excerpt":"Un ataque con explosivos instalados en una motocicleta dej\u00f3 heridas a 11 personas en el departamento del Cauca, en el suroccidente de Colombia, inform\u00f3 este mi\u00e9rcoles la Polic\u00eda Nacional del pa\u00eds sudamericano.De los 11 heridos, 10 son civiles y el otro es un polic\u00eda, dijo la instituci\u00f3n en un reporte\u2026","rel":"","context":"In &quot;Noticias Nacionales&quot;","block_context":{"text":"Noticias Nacionales","link":"https:\/\/noticiasya.com\/san-diego\/categoria\/noticias-nacionales"},"img":{"alt_text":"","src":"","width":0,"height":0},"classes":[]},{"id":1473532,"url":"https:\/\/noticiasya.com\/san-diego\/2026\/04\/27\/atentado-cauca-disidencias-que-paso-orix\/","url_meta":{"origin":1473520,"position":2},"title":"C\u00f3mo fue el peor atentado en Colombia en a\u00f1os: un cr\u00e1ter, varios muertos, disidencias e impacto pol\u00edtico","author":"","date":"abril 27, 2026","format":false,"excerpt":"El atentado del s\u00e1bado en Colombia, el peor ataque desde la firma de un acuerdo de paz con las FARC hace casi una d\u00e9cada, dej\u00f3 al menos 20 muertos, todos civiles, en una zona muy golpeada por la violencia armada en el pa\u00eds, cuando falta poco m\u00e1s de un mes\u2026","rel":"","context":"In &quot;Noticias Nacionales&quot;","block_context":{"text":"Noticias Nacionales","link":"https:\/\/noticiasya.com\/san-diego\/categoria\/noticias-nacionales"},"img":{"alt_text":"","src":"","width":0,"height":0},"classes":[]},{"id":1473505,"url":"https:\/\/noticiasya.com\/san-diego\/2026\/04\/25\/ataque-explosivos-al-menos-7-muertos-26-atentados-orix\/","url_meta":{"origin":1473520,"position":3},"title":"Ataque con explosivos en Colombia deja al menos 7 muertos y 17 heridos; ya son 26 atentados en 2 d\u00edas, dicen autoridades","author":"","date":"abril 25, 2026","format":false,"excerpt":"Al menos 7 personas murieron y 17 resultaron heridas de gravedad este s\u00e1bado por un ataque con artefacto explosivo contra veh\u00edculos en la v\u00eda Panamericana en el Cauca, en el suroeste de Colombia, informaron autoridades del pa\u00eds. Las Fuerzas Militares de Colombia atribuyen el accionar violento a las disidencias de\u2026","rel":"","context":"In &quot;Noticias Nacionales&quot;","block_context":{"text":"Noticias Nacionales","link":"https:\/\/noticiasya.com\/san-diego\/categoria\/noticias-nacionales"},"img":{"alt_text":"","src":"","width":0,"height":0},"classes":[]},{"id":1451391,"url":"https:\/\/noticiasya.com\/san-diego\/2024\/07\/24\/nino-muere-ataque-drones-disidencias-farc-cauca-colombia-orix\/","url_meta":{"origin":1473520,"position":4},"title":"Un ni\u00f1o muere tras un ataque con drones de las disidencias de las FARC en el Cauca","author":"","date":"julio 24, 2024","format":false,"excerpt":"(CNN Espa\u00f1ol) -- Un ni\u00f1o de 10 a\u00f1os muri\u00f3 este martes tras un ataque con granadas lanzadas por drones de las disidencias de las Fuerzas Armadas Revolucionarias de Colombia (FARC) en la alcald\u00eda municipal de Argelia, inform\u00f3 este mi\u00e9rcoles el general Federico Mej\u00eda, comandante del Comando Espec\u00edfico del Cauca.En un\u2026","rel":"","context":"In &quot;Noticias Nacionales&quot;","block_context":{"text":"Noticias Nacionales","link":"https:\/\/noticiasya.com\/san-diego\/categoria\/noticias-nacionales"},"img":{"alt_text":"","src":"","width":0,"height":0},"classes":[]},{"id":1461336,"url":"https:\/\/noticiasya.com\/san-diego\/2025\/04\/17\/ataque-explosivosmotocicleta-2-muertos-25-heridos-orix\/","url_meta":{"origin":1473520,"position":5},"title":"Un ataque con explosivos en una motocicleta deja al menos dos muertos y 25 heridos en el sur de Colombia","author":"","date":"abril 17, 2025","format":false,"excerpt":"Un ataque con explosivos instalados en una motocicleta caus\u00f3 este jueves la muerte de al menos dos personas y dej\u00f3 heridas a otras 25 en el municipio de La Plata, departamento de Huila \u2015sur del pa\u00eds\u2015, dijo a CNN el \u00e1rea de prensa de la Polic\u00eda Nacional de Colombia.La Polic\u00eda\u2026","rel":"","context":"In &quot;Noticias Nacionales&quot;","block_context":{"text":"Noticias Nacionales","link":"https:\/\/noticiasya.com\/san-diego\/categoria\/noticias-nacionales"},"img":{"alt_text":"","src":"","width":0,"height":0},"classes":[]}],"jetpack_sharing_enabled":true,"_links":{"self":[{"href":"https:\/\/noticiasya.com\/san-diego\/wp-json\/wp\/v2\/posts\/1473520","targetHints":{"allow":["GET"]}}],"collection":[{"href":"https:\/\/noticiasya.com\/san-diego\/wp-json\/wp\/v2\/posts"}],"about":[{"href":"https:\/\/noticiasya.com\/san-diego\/wp-json\/wp\/v2\/types\/post"}],"replies":[{"embeddable":true,"href":"https:\/\/noticiasya.com\/san-diego\/wp-json\/wp\/v2\/comments?post=1473520"}],"version-history":[{"count":0,"href":"https:\/\/noticiasya.com\/san-diego\/wp-json\/wp\/v2\/posts\/1473520\/revisions"}],"wp:attachment":[{"href":"https:\/\/noticiasya.com\/san-diego\/wp-json\/wp\/v2\/media?parent=1473520"}],"wp:term":[{"taxonomy":"category","embeddable":true,"href":"https:\/\/noticiasya.com\/san-diego\/wp-json\/wp\/v2\/categories?post=1473520"},{"taxonomy":"post_tag","embeddable":true,"href":"https:\/\/noticiasya.com\/san-diego\/wp-json\/wp\/v2\/tags?post=1473520"}],"curies":[{"name":"wp","href":"https:\/\/api.w.org\/{rel}","templated":true}]}}