{"id":1473530,"date":"2026-04-27T07:03:46","date_gmt":"2026-04-27T14:03:46","guid":{"rendered":"https:\/\/noticiasya.com\/2026\/04\/27\/melania-trump-experiencia-traumatica-publico-trax\/"},"modified":"2026-04-27T07:03:46","modified_gmt":"2026-04-27T14:03:46","slug":"melania-trump-experiencia-traumatica-publico-trax","status":"publish","type":"post","link":"https:\/\/noticiasya.com\/san-diego\/2026\/04\/27\/melania-trump-experiencia-traumatica-publico-trax\/","title":{"rendered":"Melania Trump suele ser extremadamente reservada, pero tuvo que afrontar una &#171;experiencia traum\u00e1tica&#187; en el escenario p\u00fablico"},"content":{"rendered":"<p>\u201cUn ruido desagradable\u201d.<\/p>\n<p>Seg\u00fan su marido, esa fue la primera reacci\u00f3n de la primera dama Melania Trump al o\u00edr disparos afuera del sal\u00f3n de baile donde ella y el presidente Donald Trump estaban sentados en el escenario para la Cena de Corresponsales de la Casa Blanca del s\u00e1bado.<\/p>\n<p>Se enderez\u00f3, con la mirada al frente, mientras los agentes del orden p\u00fablico se apresuraban hacia el estrado, luego se agach\u00f3 debajo de la mesa antes de ser escoltada hacia afuera de la sala, a un lugar seguro con el presidente y su personal.<\/p>\n<p>Esta fue la primera vez que Melania Trump, quien ha protegido celosamente su privacidad e independencia durante su segundo mandato, estuvo junto a su esposo cuando el Servicio Secreto lo evacu\u00f3 de forma precipitada. Ella afirm\u00f3 haberse enterado de los intentos de asesinato contra su esposo de 2024, en Butler, Pensilvania, y en un campo de golf de West Palm Beach, Florida, mientras ve\u00eda la televisi\u00f3n estando en una ciudad diferente a la de su esposo.<\/p>\n<p>\u201cYa he pasado por esto un par de veces, y ella no, al menos no a este nivel. Lo manej\u00f3 de maravilla\u201d, dijo Donald Trump a \u201c60 Minutes\u201d, de CBS News, este domingo.<\/p>\n<p>En v\u00edsperas de su cumplea\u00f1os n\u00famero 56, la primera dama, que desde hace tiempo se preocupa por la seguridad, reconoci\u00f3 el peligro al que podr\u00eda enfrentarse, y su habitual estoicismo dio paso a una expresi\u00f3n de sorpresa y angustia.<\/p>\n<p>El presidente, que hab\u00eda dicho a los periodistas que hab\u00eda sido \u201cuna experiencia bastante traum\u00e1tica\u201d para su esposa, fue consultado este domingo sobre si ella hab\u00eda tenido miedo.<\/p>\n<p>\u201cNo quiero decirlo, y a la gente no le gusta que se diga, pero tuvo miedo, sin duda, \u00bfqui\u00e9n no lo estar\u00eda en una situaci\u00f3n as\u00ed?\u201d, declar\u00f3 a CBS.<\/p>\n<p>Trump a\u00f1adi\u00f3 que vio un video de la escena y un primer plano de la reacci\u00f3n de la primera dama.<\/p>\n<p>\u201cParec\u00eda muy afectada por lo que acababa de suceder. \u00bfPor qu\u00e9 no lo estar\u00eda?\u201d, dijo.<\/p>\n<p>Melania Trump llevaba 18 minutos en el sal\u00f3n cuando se oy\u00f3 ese \u201cruido desagradable\u201d. Sentada entre su marido y la secretaria de Prensa de la Casa Blanca, Karoline Leavitt, quien est\u00e1 esperando su segundo hijo, hab\u00eda estado viendo al mentalista Oz Pearlman, el artista de la noche, adivinar el nombre del nuevo beb\u00e9 de Leavitt.<\/p>\n<p>Mientras Pearlman, inclinado entre los Trump, mostraba tarjetas con sus nombres en su truco de magia, Melania Trump de repente pareci\u00f3 horrorizada, con la boca abierta, d\u00e1ndose cuenta, aparentemente antes que los que la rodeaban, de que algo no andaba bien.<\/p>\n<p>\u201cEstaba actuando justo en ese momento para el presidente, la secretaria de Prensa y la primera dama. Es como un momento crucial del truco, justo antes de la revelaci\u00f3n, algo as\u00ed como \u2018\u00a1guau!\u2019. Y o\u00edmos un alboroto\u201d, record\u00f3 Pearlman este domingo en el programa \u201cState of the Union\u201d, de CNN, con Dana Bash.<\/p>\n<p>Aproximadamente dos horas despu\u00e9s, la primera dama, visiblemente conmocionada, apareci\u00f3 p\u00fablicamente por primera vez en la sala de prensa de la Casa Blanca, acompa\u00f1ando al presidente en sus declaraciones a los periodistas.<\/p>\n<p>Tras el tiroteo de Butler, ella hab\u00eda emitido un comunicado de dos p\u00e1ginas en el que hac\u00eda un llamado a la unidad, el amor y la bondad por encima de la pol\u00edtica. El s\u00e1bado, la primera dama dej\u00f3 que el presidente hablara.<\/p>\n<p>Seg\u00fan una fuente cercana, su equipo se encuentra bien y agradecido a las fuerzas del orden por su r\u00e1pida actuaci\u00f3n el s\u00e1bado por la noche, que fue la primera vez que su marido asisti\u00f3 a la cena anual como presidente y la primera vez que ella va como primera dama.<\/p>\n<p>Pero la seguridad ha sido una de las principales preocupaciones de Melania Trump desde aquel incidente con Butler, algo que se subraya en uno de los momentos m\u00e1s dram\u00e1ticos de su documental hom\u00f3nimo, \u201cMelania\u201d.<\/p>\n<p>\u201c\u00bfC\u00f3mo se garantiza la seguridad en esta zona?\u201d, pregunt\u00f3 durante una reuni\u00f3n informativa sobre el desfile de toma de posesi\u00f3n.<\/p>\n<p>\u201c\u00bfEs seguro? Porque si salimos, creo que la gente ya sabr\u00e1 a d\u00f3nde ir\u00edamos. As\u00ed que me pregunto: \u00bfc\u00f3mo puede ser seguro, especialmente con lo que ha pasado el a\u00f1o pasado?\u201d.<\/p>\n<p>Y agreg\u00f3: \u201cTengo mis preocupaciones, sinceramente\u201d.<\/p>\n<p>Esta semana, la primera dama volver\u00e1 a ser protagonista, ya que los Trump recibir\u00e1n al rey Carlos III y a la reina Camila, en la Casa Blanca, para una visita de Estado oficial, cuyos planes se mantienen a pesar de los acontecimientos de este fin de semana.<\/p>\n<p>The-CNN-Wire<br \/>&trade; &amp; &copy; 2026 Cable News Network, Inc., a Warner Bros. Discovery Company. All rights reserved.<\/p>\n","protected":false},"excerpt":{"rendered":"<p>\u201cUn ruido desagradable\u201d. Seg\u00fan su marido, esa fue la primera reacci\u00f3n de la primera dama Melania Trump al o\u00edr disparos afuera del sal\u00f3n de baile donde ella y el presidente Donald Trump estaban sentados en el escenario para la Cena de Corresponsales de la Casa Blanca del s\u00e1bado. Se enderez\u00f3, con la mirada al frente, [&hellip;]<\/p>\n","protected":false},"author":0,"featured_media":0,"comment_status":"open","ping_status":"open","sticky":false,"template":"","format":"standard","meta":{"_jetpack_memberships_contains_paid_content":false,"footnotes":""},"categories":[10],"tags":[],"class_list":["post-1473530","post","type-post","status-publish","format-standard","hentry","category-noticias-nacionales","market-global"],"yoast_head":"<!-- This site is optimized with the Yoast SEO plugin v24.4 - https:\/\/yoast.com\/wordpress\/plugins\/seo\/ -->\n<title>Melania Trump suele ser extremadamente reservada, pero tuvo que afrontar una &quot;experiencia traum\u00e1tica&quot; en el escenario p\u00fablico - Noticias<\/title>\n<meta name=\"robots\" content=\"index, follow, max-snippet:-1, max-image-preview:large, max-video-preview:-1\" \/>\n<link rel=\"canonical\" href=\"https:\/\/noticiasya.com\/2026\/04\/27\/melania-trump-experiencia-traumatica-publico-trax\/\" \/>\n<meta property=\"og:locale\" content=\"es_ES\" \/>\n<meta property=\"og:type\" content=\"article\" \/>\n<meta property=\"og:title\" content=\"Melania Trump suele ser extremadamente reservada, pero tuvo que afrontar una &quot;experiencia traum\u00e1tica&quot; en el escenario p\u00fablico - Noticias\" \/>\n<meta property=\"og:description\" content=\"\u201cUn ruido desagradable\u201d. Seg\u00fan su marido, esa fue la primera reacci\u00f3n de la primera dama Melania Trump al o\u00edr disparos afuera del sal\u00f3n de baile donde ella y el presidente Donald Trump estaban sentados en el escenario para la Cena de Corresponsales de la Casa Blanca del s\u00e1bado. Se enderez\u00f3, con la mirada al frente, [&hellip;]\" \/>\n<meta property=\"og:url\" content=\"https:\/\/noticiasya.com\/2026\/04\/27\/melania-trump-experiencia-traumatica-publico-trax\/\" \/>\n<meta property=\"og:site_name\" content=\"Noticias\" \/>\n<meta property=\"article:published_time\" content=\"2026-04-27T14:03:46+00:00\" \/>\n<meta name=\"twitter:card\" content=\"summary_large_image\" \/>\n<meta name=\"twitter:label1\" content=\"Est. reading time\" \/>\n\t<meta name=\"twitter:data1\" content=\"4 minutos\" \/>\n<script type=\"application\/ld+json\" class=\"yoast-schema-graph\">{\"@context\":\"https:\/\/schema.org\",\"@graph\":[{\"@type\":\"Article\",\"@id\":\"https:\/\/noticiasya.com\/2026\/04\/27\/melania-trump-experiencia-traumatica-publico-trax\/#article\",\"isPartOf\":{\"@id\":\"https:\/\/noticiasya.com\/2026\/04\/27\/melania-trump-experiencia-traumatica-publico-trax\/\"},\"author\":{\"name\":\"\",\"@id\":\"\"},\"headline\":\"Melania Trump suele ser extremadamente reservada, pero tuvo que afrontar una &#171;experiencia traum\u00e1tica&#187; en el escenario p\u00fablico\",\"datePublished\":\"2026-04-27T14:03:46+00:00\",\"mainEntityOfPage\":{\"@id\":\"https:\/\/noticiasya.com\/2026\/04\/27\/melania-trump-experiencia-traumatica-publico-trax\/\"},\"wordCount\":826,\"commentCount\":0,\"publisher\":{\"@id\":\"https:\/\/noticiasya.com\/#organization\"},\"articleSection\":[\"Noticias Nacionales\"],\"inLanguage\":\"es\",\"potentialAction\":[{\"@type\":\"CommentAction\",\"name\":\"Comment\",\"target\":[\"https:\/\/noticiasya.com\/2026\/04\/27\/melania-trump-experiencia-traumatica-publico-trax\/#respond\"]}]},{\"@type\":\"WebPage\",\"@id\":\"https:\/\/noticiasya.com\/2026\/04\/27\/melania-trump-experiencia-traumatica-publico-trax\/\",\"url\":\"https:\/\/noticiasya.com\/2026\/04\/27\/melania-trump-experiencia-traumatica-publico-trax\/\",\"name\":\"Melania Trump suele ser extremadamente reservada, pero tuvo que afrontar una \\\"experiencia traum\u00e1tica\\\" en el escenario p\u00fablico - Noticias\",\"isPartOf\":{\"@id\":\"https:\/\/noticiasya.com\/#website\"},\"datePublished\":\"2026-04-27T14:03:46+00:00\",\"breadcrumb\":{\"@id\":\"https:\/\/noticiasya.com\/2026\/04\/27\/melania-trump-experiencia-traumatica-publico-trax\/#breadcrumb\"},\"inLanguage\":\"es\",\"potentialAction\":[{\"@type\":\"ReadAction\",\"target\":[\"https:\/\/noticiasya.com\/2026\/04\/27\/melania-trump-experiencia-traumatica-publico-trax\/\"]}]},{\"@type\":\"BreadcrumbList\",\"@id\":\"https:\/\/noticiasya.com\/2026\/04\/27\/melania-trump-experiencia-traumatica-publico-trax\/#breadcrumb\",\"itemListElement\":[{\"@type\":\"ListItem\",\"position\":1,\"name\":\"Home\",\"item\":\"https:\/\/noticiasya.com\/\"},{\"@type\":\"ListItem\",\"position\":2,\"name\":\"Melania Trump suele ser extremadamente reservada, pero tuvo que afrontar una &#171;experiencia traum\u00e1tica&#187; en el escenario p\u00fablico\"}]},{\"@type\":\"WebSite\",\"@id\":\"https:\/\/noticiasya.com\/#website\",\"url\":\"https:\/\/noticiasya.com\/\",\"name\":\"Noticias\",\"description\":\"Lo que importa\",\"publisher\":{\"@id\":\"https:\/\/noticiasya.com\/#organization\"},\"potentialAction\":[{\"@type\":\"SearchAction\",\"target\":{\"@type\":\"EntryPoint\",\"urlTemplate\":\"https:\/\/noticiasya.com\/?s={search_term_string}\"},\"query-input\":{\"@type\":\"PropertyValueSpecification\",\"valueRequired\":true,\"valueName\":\"search_term_string\"}}],\"inLanguage\":\"es\"},{\"@type\":\"Organization\",\"@id\":\"https:\/\/noticiasya.com\/#organization\",\"name\":\"Noticias\",\"url\":\"https:\/\/noticiasya.com\/\",\"logo\":{\"@type\":\"ImageObject\",\"inLanguage\":\"es\",\"@id\":\"https:\/\/noticiasya.com\/#\/schema\/logo\/image\/\",\"url\":\"https:\/\/noticiasya.com\/wp-content\/uploads\/sites\/22\/2023\/12\/logo-nacional.png\",\"contentUrl\":\"https:\/\/noticiasya.com\/wp-content\/uploads\/sites\/22\/2023\/12\/logo-nacional.png\",\"width\":1801,\"height\":691,\"caption\":\"Noticias\"},\"image\":{\"@id\":\"https:\/\/noticiasya.com\/#\/schema\/logo\/image\/\"}}]}<\/script>\n<!-- \/ Yoast SEO plugin. -->","yoast_head_json":{"title":"Melania Trump suele ser extremadamente reservada, pero tuvo que afrontar una \"experiencia traum\u00e1tica\" en el escenario p\u00fablico - Noticias","robots":{"index":"index","follow":"follow","max-snippet":"max-snippet:-1","max-image-preview":"max-image-preview:large","max-video-preview":"max-video-preview:-1"},"canonical":"https:\/\/noticiasya.com\/2026\/04\/27\/melania-trump-experiencia-traumatica-publico-trax\/","og_locale":"es_ES","og_type":"article","og_title":"Melania Trump suele ser extremadamente reservada, pero tuvo que afrontar una \"experiencia traum\u00e1tica\" en el escenario p\u00fablico - Noticias","og_description":"\u201cUn ruido desagradable\u201d. Seg\u00fan su marido, esa fue la primera reacci\u00f3n de la primera dama Melania Trump al o\u00edr disparos afuera del sal\u00f3n de baile donde ella y el presidente Donald Trump estaban sentados en el escenario para la Cena de Corresponsales de la Casa Blanca del s\u00e1bado. Se enderez\u00f3, con la mirada al frente, [&hellip;]","og_url":"https:\/\/noticiasya.com\/2026\/04\/27\/melania-trump-experiencia-traumatica-publico-trax\/","og_site_name":"Noticias","article_published_time":"2026-04-27T14:03:46+00:00","twitter_card":"summary_large_image","twitter_misc":{"Est. reading time":"4 minutos"},"schema":{"@context":"https:\/\/schema.org","@graph":[{"@type":"Article","@id":"https:\/\/noticiasya.com\/2026\/04\/27\/melania-trump-experiencia-traumatica-publico-trax\/#article","isPartOf":{"@id":"https:\/\/noticiasya.com\/2026\/04\/27\/melania-trump-experiencia-traumatica-publico-trax\/"},"author":{"name":"","@id":""},"headline":"Melania Trump suele ser extremadamente reservada, pero tuvo que afrontar una &#171;experiencia traum\u00e1tica&#187; en el escenario p\u00fablico","datePublished":"2026-04-27T14:03:46+00:00","mainEntityOfPage":{"@id":"https:\/\/noticiasya.com\/2026\/04\/27\/melania-trump-experiencia-traumatica-publico-trax\/"},"wordCount":826,"commentCount":0,"publisher":{"@id":"https:\/\/noticiasya.com\/#organization"},"articleSection":["Noticias Nacionales"],"inLanguage":"es","potentialAction":[{"@type":"CommentAction","name":"Comment","target":["https:\/\/noticiasya.com\/2026\/04\/27\/melania-trump-experiencia-traumatica-publico-trax\/#respond"]}]},{"@type":"WebPage","@id":"https:\/\/noticiasya.com\/2026\/04\/27\/melania-trump-experiencia-traumatica-publico-trax\/","url":"https:\/\/noticiasya.com\/2026\/04\/27\/melania-trump-experiencia-traumatica-publico-trax\/","name":"Melania Trump suele ser extremadamente reservada, pero tuvo que afrontar una \"experiencia traum\u00e1tica\" en el escenario p\u00fablico - Noticias","isPartOf":{"@id":"https:\/\/noticiasya.com\/#website"},"datePublished":"2026-04-27T14:03:46+00:00","breadcrumb":{"@id":"https:\/\/noticiasya.com\/2026\/04\/27\/melania-trump-experiencia-traumatica-publico-trax\/#breadcrumb"},"inLanguage":"es","potentialAction":[{"@type":"ReadAction","target":["https:\/\/noticiasya.com\/2026\/04\/27\/melania-trump-experiencia-traumatica-publico-trax\/"]}]},{"@type":"BreadcrumbList","@id":"https:\/\/noticiasya.com\/2026\/04\/27\/melania-trump-experiencia-traumatica-publico-trax\/#breadcrumb","itemListElement":[{"@type":"ListItem","position":1,"name":"Home","item":"https:\/\/noticiasya.com\/"},{"@type":"ListItem","position":2,"name":"Melania Trump suele ser extremadamente reservada, pero tuvo que afrontar una &#171;experiencia traum\u00e1tica&#187; en el escenario p\u00fablico"}]},{"@type":"WebSite","@id":"https:\/\/noticiasya.com\/#website","url":"https:\/\/noticiasya.com\/","name":"Noticias","description":"Lo que importa","publisher":{"@id":"https:\/\/noticiasya.com\/#organization"},"potentialAction":[{"@type":"SearchAction","target":{"@type":"EntryPoint","urlTemplate":"https:\/\/noticiasya.com\/?s={search_term_string}"},"query-input":{"@type":"PropertyValueSpecification","valueRequired":true,"valueName":"search_term_string"}}],"inLanguage":"es"},{"@type":"Organization","@id":"https:\/\/noticiasya.com\/#organization","name":"Noticias","url":"https:\/\/noticiasya.com\/","logo":{"@type":"ImageObject","inLanguage":"es","@id":"https:\/\/noticiasya.com\/#\/schema\/logo\/image\/","url":"https:\/\/noticiasya.com\/wp-content\/uploads\/sites\/22\/2023\/12\/logo-nacional.png","contentUrl":"https:\/\/noticiasya.com\/wp-content\/uploads\/sites\/22\/2023\/12\/logo-nacional.png","width":1801,"height":691,"caption":"Noticias"},"image":{"@id":"https:\/\/noticiasya.com\/#\/schema\/logo\/image\/"}}]}},"parsely":{"version":"1.1.0","canonical_url":"https:\/\/noticiasya.com\/san-diego\/2026\/04\/27\/melania-trump-experiencia-traumatica-publico-trax\/","smart_links":{"inbound":0,"outbound":0},"traffic_boost_suggestions_count":0,"meta":{"@context":"https:\/\/schema.org","@type":"NewsArticle","headline":"Melania Trump suele ser extremadamente reservada, pero tuvo que afrontar una &#171;experiencia traum\u00e1tica&#187; en el escenario p\u00fablico","url":"http:\/\/noticiasya.com\/san-diego\/2026\/04\/27\/melania-trump-experiencia-traumatica-publico-trax\/","mainEntityOfPage":{"@type":"WebPage","@id":"http:\/\/noticiasya.com\/san-diego\/2026\/04\/27\/melania-trump-experiencia-traumatica-publico-trax\/"},"thumbnailUrl":"","image":{"@type":"ImageObject","url":""},"articleSection":"Noticias Nacionales","author":[],"creator":[],"publisher":{"@type":"Organization","name":"Noticias","logo":""},"keywords":[],"dateCreated":"2026-04-27T14:03:46Z","datePublished":"2026-04-27T14:03:46Z","dateModified":"2026-04-27T14:03:46Z"},"rendered":"<script type=\"application\/ld+json\" class=\"wp-parsely-metadata\">{\"@context\":\"https:\\\/\\\/schema.org\",\"@type\":\"NewsArticle\",\"headline\":\"Melania Trump suele ser extremadamente reservada, pero tuvo que afrontar una &#171;experiencia traum\\u00e1tica&#187; en el escenario p\\u00fablico\",\"url\":\"http:\\\/\\\/noticiasya.com\\\/san-diego\\\/2026\\\/04\\\/27\\\/melania-trump-experiencia-traumatica-publico-trax\\\/\",\"mainEntityOfPage\":{\"@type\":\"WebPage\",\"@id\":\"http:\\\/\\\/noticiasya.com\\\/san-diego\\\/2026\\\/04\\\/27\\\/melania-trump-experiencia-traumatica-publico-trax\\\/\"},\"thumbnailUrl\":\"\",\"image\":{\"@type\":\"ImageObject\",\"url\":\"\"},\"articleSection\":\"Noticias Nacionales\",\"author\":[],\"creator\":[],\"publisher\":{\"@type\":\"Organization\",\"name\":\"Noticias\",\"logo\":\"\"},\"keywords\":[],\"dateCreated\":\"2026-04-27T14:03:46Z\",\"datePublished\":\"2026-04-27T14:03:46Z\",\"dateModified\":\"2026-04-27T14:03:46Z\"}<\/script>","tracker_url":"https:\/\/cdn.parsely.com\/keys\/noticiasya.com\/p.js"},"jetpack_featured_media_url":"","jetpack-related-posts":[{"id":1473537,"url":"https:\/\/noticiasya.com\/san-diego\/2026\/04\/27\/melania-trump-kimmel-abc-trax\/","url_meta":{"origin":1473530,"position":0},"title":"Melania Trump sugiri\u00f3 que Kimmel deber\u00eda perder su trabajo por broma sobre &#171;viuda en espera&#187;","author":"","date":"abril 27, 2026","format":false,"excerpt":"La primera dama Melania Trump sugiri\u00f3 este lunes que el presentador Jimmy Kimmel deber\u00eda perder su trabajo por bromas que hizo durante un sketch simulado de la Cena de Corresponsales de la Casa Blanca en su programa la semana pasada.El mon\u00f3logo de Kimmel \u2014emitido el jueves en \u201cJimmy Kimmel Live!\u201d,\u2026","rel":"","context":"In &quot;Noticias Nacionales&quot;","block_context":{"text":"Noticias Nacionales","link":"https:\/\/noticiasya.com\/san-diego\/categoria\/noticias-nacionales"},"img":{"alt_text":"","src":"","width":0,"height":0},"classes":[]},{"id":1459095,"url":"https:\/\/noticiasya.com\/san-diego\/2025\/02\/23\/melania-trump-vuelve-washington-trax\/","url_meta":{"origin":1473530,"position":1},"title":"Melania Trump vuelve a Washington tras cuatro semanas de ausencia","author":"","date":"febrero 23, 2025","format":false,"excerpt":"Tras cuatro semanas de ausencia de Washington, la primera dama Melania Trump regres\u00f3 el s\u00e1bado a la Casa Blanca para una cena y recepci\u00f3n anual con los gobernadores del pa\u00eds.\u201cTrabaj\u00f3 muy duro para asegurarse de que todo estuviera hermoso. Y ella es muy buena en eso\u201d, dijo el presidente Donald\u2026","rel":"","context":"In &quot;Noticias Nacionales&quot;","block_context":{"text":"Noticias Nacionales","link":"https:\/\/noticiasya.com\/san-diego\/categoria\/noticias-nacionales"},"img":{"alt_text":"","src":"","width":0,"height":0},"classes":[]},{"id":1457748,"url":"https:\/\/noticiasya.com\/san-diego\/2025\/01\/22\/melania-trump-planes-trax\/","url_meta":{"origin":1473530,"position":2},"title":"Melania Trump est\u00e1 llena de planes para el segundo mandato","author":"","date":"enero 22, 2025","format":false,"excerpt":"La primera dama Melania Trump regresa al ala este de la Casa Blanca reforzada por las lecciones de cuatro a\u00f1os en un puesto no electo que, seg\u00fan ha reconocido en privado, fue un torbellino de responsabilidades de las que en gran medida no era consciente.Esta vez, dice, ser\u00e1 diferente.El presidente\u2026","rel":"","context":"In &quot;Noticias Nacionales&quot;","block_context":{"text":"Noticias Nacionales","link":"https:\/\/noticiasya.com\/san-diego\/categoria\/noticias-nacionales"},"img":{"alt_text":"","src":"","width":0,"height":0},"classes":[]},{"id":1471602,"url":"https:\/\/noticiasya.com\/san-diego\/2026\/02\/24\/melania-trump-invitados-discurso-estado-union-trax\/","url_meta":{"origin":1473530,"position":3},"title":"Melania y Donald Trump rompen la tradici\u00f3n al llevar invitados por separado al discurso del Estado de la Uni\u00f3n","author":"","date":"febrero 24, 2026","format":false,"excerpt":"La primera dama Melania Trump llevar\u00e1 invitados al discurso del Estado de la Uni\u00f3n (SOTU, por sus siglas en ingl\u00e9s) en representaci\u00f3n de sus plataformas sobre el sistema de acogida y la inteligencia artificial responsable, mientras que el presidente Donald Trump ha invitado a su propio grupo de asistentes que\u2026","rel":"","context":"In &quot;Noticias Nacionales&quot;","block_context":{"text":"Noticias Nacionales","link":"https:\/\/noticiasya.com\/san-diego\/categoria\/noticias-nacionales"},"img":{"alt_text":"","src":"","width":0,"height":0},"classes":[]},{"id":1469362,"url":"https:\/\/noticiasya.com\/san-diego\/2025\/12\/17\/documental-melania-trump-regreso-casa-blanca-trax\/","url_meta":{"origin":1473530,"position":4},"title":"&#171;Aqu\u00ed vamos otra vez&#187;: el documental sobre Melania Trump ofrece una mirada de su regreso a la Casa Blanca","author":"","date":"diciembre 17, 2025","format":false,"excerpt":"Un nuevo el adelanto oficial del documental hom\u00f3nimo de Melania Trump plantea m\u00e1s preguntas que respuestas sobre la relaci\u00f3n entre el presidente Donald Trump y la primera dama.\u201cHola, se\u00f1or presidente. Felicidades\u201d, dice Melania Trump con alegr\u00eda, de espaldas a la c\u00e1mara, mientras observa el horizonte de Manhattan desde una habitaci\u00f3n\u2026","rel":"","context":"In &quot;Noticias Nacionales&quot;","block_context":{"text":"Noticias Nacionales","link":"https:\/\/noticiasya.com\/san-diego\/categoria\/noticias-nacionales"},"img":{"alt_text":"","src":"","width":0,"height":0},"classes":[]},{"id":1457674,"url":"https:\/\/noticiasya.com\/san-diego\/2025\/01\/20\/sombrero-melania-trump-looks-investidura-trax\/","url_meta":{"origin":1473530,"position":5},"title":"El sombrero estilo canotier de Melania Trump y otros looks clave de la investidura","author":"","date":"enero 20, 2025","format":false,"excerpt":"Con los ojos casi totalmente ocultos por el borde de su sombrero estilo canotier de lana, Melania Trump estuvo detr\u00e1s del presidente electo Donald Trump en el escenario de la Rotonda del Capitolio de Estados Unidos mientras \u00e9l prestaba juramento al cargo.El sombrero de Melania Trump, hecho por el dise\u00f1ador\u2026","rel":"","context":"In &quot;Noticias Nacionales&quot;","block_context":{"text":"Noticias Nacionales","link":"https:\/\/noticiasya.com\/san-diego\/categoria\/noticias-nacionales"},"img":{"alt_text":"","src":"","width":0,"height":0},"classes":[]}],"jetpack_sharing_enabled":true,"_links":{"self":[{"href":"https:\/\/noticiasya.com\/san-diego\/wp-json\/wp\/v2\/posts\/1473530","targetHints":{"allow":["GET"]}}],"collection":[{"href":"https:\/\/noticiasya.com\/san-diego\/wp-json\/wp\/v2\/posts"}],"about":[{"href":"https:\/\/noticiasya.com\/san-diego\/wp-json\/wp\/v2\/types\/post"}],"replies":[{"embeddable":true,"href":"https:\/\/noticiasya.com\/san-diego\/wp-json\/wp\/v2\/comments?post=1473530"}],"version-history":[{"count":0,"href":"https:\/\/noticiasya.com\/san-diego\/wp-json\/wp\/v2\/posts\/1473530\/revisions"}],"wp:attachment":[{"href":"https:\/\/noticiasya.com\/san-diego\/wp-json\/wp\/v2\/media?parent=1473530"}],"wp:term":[{"taxonomy":"category","embeddable":true,"href":"https:\/\/noticiasya.com\/san-diego\/wp-json\/wp\/v2\/categories?post=1473530"},{"taxonomy":"post_tag","embeddable":true,"href":"https:\/\/noticiasya.com\/san-diego\/wp-json\/wp\/v2\/tags?post=1473530"}],"curies":[{"name":"wp","href":"https:\/\/api.w.org\/{rel}","templated":true}]}}